{"id":6354,"date":"2012-03-13T18:56:08","date_gmt":"2012-03-13T17:56:08","guid":{"rendered":"http:\/\/evertonfc.cz\/?p=6354"},"modified":"2019-02-17T18:58:13","modified_gmt":"2019-02-17T17:58:13","slug":"liverpool-everton-30","status":"publish","type":"post","link":"https:\/\/evertonfc.cz\/index.php\/2012\/03\/13\/liverpool-everton-30\/","title":{"rendered":"Liverpool &#8211; Everton 3:0"},"content":{"rendered":"<h4 id=\"NewsPostDetailSummary\">A\u010dkoliv David Moyes slav\u00ed v\u00fdro\u010d\u00ed, dnes na Anfieldu d\u00e1rky rozd\u00e1val. Dom\u00e1c\u00edmu Liverpoolu v\u011bnoval v\u00edt\u011bzstv\u00ed, kdy\u017e up\u0159ednostnil v\u00edkendov\u00fd FA Cup p\u0159ed Merseyside derby.<\/h4>\n<div id=\"NewsPostDetailContent\">\n<p>Everton hr\u00e1l posledn\u00ed t\u00fddny ve form\u011b, skotsk\u00fd mana\u017eer v\u0161ak oproti sobotn\u00ed utk\u00e1n\u00ed s Tottenhamem provedl hned \u0161est zm\u011bn v z\u00e1kladn\u00ed sestav\u011b. Heitingu, Nevilla, Osmana, Drentheho, Cahilla a Jelavi\u0107e nahradili Jagielka (s kapit\u00e1nskou p\u00e1skou), Hibbert, Rodwell, Pienaar,\u00a0Stracqualursi a Anichebe. Zd\u00e1lo by se tedy, \u017ee Toffees nastoup\u00ed v rozestaven\u00ed se dv\u011bma \u00fato\u010dn\u00edky, Anichebe se ov\u0161em postavil na kraj z\u00e1lohy a do role podhrota se posunul Pienaar. P\u0159i nep\u0159\u00edzniv\u00e9m stavu se sice Nigerijec p\u0159ed polo\u010dasovou p\u0159est\u00e1vkou posunul do \u00fatoku, aby vytvo\u0159il \u00fato\u010dnou dvojku se Stracqou, jen\u017ee i tak se d\u00e1 za jeho nejz\u00e1\u0159iv\u011bj\u0161\u00ed moment ze z\u00e1pasu ozna\u010dit &#8222;zaplut\u00ed&#8220; mezi reklamn\u00ed panely z prvn\u00ed p\u016fle.<\/p>\n<p>Moyes opravdu zklamal, tedy alespo\u0148 m\u011b, proto\u017ee i kdy\u017e p\u0159ed utk\u00e1n\u00edm vyhla\u0161oval snahu o v\u00fdhru, derby prost\u011b bez argument\u016f vypustil na \u00fakor sobotn\u00edho FA Cupu se Sunderlandem. Sledovat nahecovan\u00e9ho Tima Cahilla s ru\u010dn\u00edkem EFC kolem krku po cel\u00fd \u010das na lavi\u010dce n\u00e1hradn\u00edk\u016f zamrz\u00ed asi v\u0161echny Evertonians. Kv\u016fli nabit\u00e9mu programu se daly mo\u017en\u00e1 \u010dekat zm\u011bny, ale nap\u0159\u00edklad zm\u011bnit sehranou stoperskou dvojice Heitinga-Distin mi p\u0159\u00edli\u0161 rozumn\u00e9 nep\u0159ijde.<\/p>\n<p>Jsem zv\u011bdav, kdy dostane Everton dal\u0161\u00ed \u0161anci uhr\u00e1t p\u0159\u00edzniv\u00fd v\u00fdsledek na Anfieldu jako dnes. Reds sice zv\u00edt\u011bzili rozd\u00edlem t\u0159\u00ed branky, bohu\u017eel v\u0161ak nikterak v\u00fdborn\u00fd v\u00fdkon nep\u0159edvedli. Liverpool se dal porazit.<\/p>\n<p><strong>Branky:<\/strong> 34., 51. a 90+3. Steven Gerrard<br \/>\n<strong>\u017dK:<\/strong> 90+2. Jos\u00e9 Enrique &#8211; 56. Steven Pienaar, 78. Leighton Baines, 84. Royston Drenthe, 90+1. Tony Hibbert<br \/>\n<strong>Liverpool FC:<\/strong> Pepe Reina, Jamie Carragher, Martin \u0160krtel, Jos\u00e9 Enrique, Martin Kelly, Stewart Downing, Steven Gerrard, Jay Spearing, Jordan Henderson (73. Dirk Kuyt), Luis Suarez, Andrew Carroll<br \/>\n<strong>Everton FC:<\/strong> Tim Howard, Phil Jagielka, Leighton Baines, Sylvain Distin, Tony Hibbert, Steven Pienaar, Seamus Coleman (62. Royston Drenthe), Marouane Fellaini, Jack Rodwell, Victor Anichebe (61. Nikica Jelavi\u0107), Denis Stracqualursi (62. Leon Osman)<br \/>\n<strong>Rozhod\u010d\u00ed:<\/strong> Philip Dowd<br \/>\n<strong>Div\u00e1ci: <\/strong>44 921<\/p>\n<\/div>\n","protected":false},"excerpt":{"rendered":"<p>A\u010dkoliv David Moyes slav\u00ed v\u00fdro\u010d\u00ed, dnes na Anfieldu d\u00e1rky rozd\u00e1val. Dom\u00e1c\u00edmu Liverpoolu v\u011bnoval v\u00edt\u011bzstv\u00ed, kdy\u017e up\u0159ednostnil v\u00edkendov\u00fd FA Cup p\u0159ed&hellip;<\/p>\n","protected":false},"author":6,"featured_media":1315,"comment_status":"open","ping_status":"closed","sticky":false,"template":"","format":"standard","meta":{"_eb_attr":"","_monsterinsights_skip_tracking":false,"_monsterinsights_sitenote_active":false,"_monsterinsights_sitenote_note":"","_monsterinsights_sitenote_category":0,"footnotes":""},"categories":[4],"tags":[],"yoast_head":"<!-- This site is optimized with the Yoast SEO plugin v23.4 - https:\/\/yoast.com\/wordpress\/plugins\/seo\/ -->\n<title>Liverpool - Everton 3:0 - Official Czech &amp; Slovak Everton Supporters&#039; Club<\/title>\n<meta name=\"robots\" content=\"index, follow, max-snippet:-1, max-image-preview:large, max-video-preview:-1\" \/>\n<link rel=\"canonical\" href=\"https:\/\/evertonfc.cz\/index.php\/2012\/03\/13\/liverpool-everton-30\/\" \/>\n<meta property=\"og:locale\" content=\"cs_CZ\" \/>\n<meta property=\"og:type\" content=\"article\" \/>\n<meta property=\"og:title\" content=\"Liverpool - Everton 3:0 - Official Czech &amp; Slovak Everton Supporters&#039; Club\" \/>\n<meta property=\"og:description\" content=\"A\u010dkoliv David Moyes slav\u00ed v\u00fdro\u010d\u00ed, dnes na Anfieldu d\u00e1rky rozd\u00e1val. Dom\u00e1c\u00edmu Liverpoolu v\u011bnoval v\u00edt\u011bzstv\u00ed, kdy\u017e up\u0159ednostnil v\u00edkendov\u00fd FA Cup p\u0159ed&hellip;\" \/>\n<meta property=\"og:url\" content=\"https:\/\/evertonfc.cz\/index.php\/2012\/03\/13\/liverpool-everton-30\/\" \/>\n<meta property=\"og:site_name\" content=\"Official Czech &amp; Slovak Everton Supporters&#039; Club\" \/>\n<meta property=\"article:publisher\" content=\"https:\/\/www.facebook.com\/everton.fans.cz.sk\" \/>\n<meta property=\"article:published_time\" content=\"2012-03-13T17:56:08+00:00\" \/>\n<meta property=\"article:modified_time\" content=\"2019-02-17T17:58:13+00:00\" \/>\n<meta property=\"og:image\" content=\"https:\/\/evertonfc.cz\/wp-content\/uploads\/2019\/01\/report.jpg\" \/>\n\t<meta property=\"og:image:width\" content=\"720\" \/>\n\t<meta property=\"og:image:height\" content=\"405\" \/>\n\t<meta property=\"og:image:type\" content=\"image\/jpeg\" \/>\n<meta name=\"author\" content=\"Ri\u010di\" \/>\n<meta name=\"twitter:card\" content=\"summary_large_image\" \/>\n<meta name=\"twitter:creator\" content=\"@rbrejsa\" \/>\n<meta name=\"twitter:label1\" content=\"Napsal(a)\" \/>\n\t<meta name=\"twitter:data1\" content=\"Ri\u010di\" \/>\n\t<meta name=\"twitter:label2\" content=\"Odhadovan\u00e1 doba \u010dten\u00ed\" \/>\n\t<meta name=\"twitter:data2\" content=\"2 minuty\" \/>\n<script type=\"application\/ld+json\" class=\"yoast-schema-graph\">{\"@context\":\"https:\/\/schema.org\",\"@graph\":[{\"@type\":\"Article\",\"@id\":\"https:\/\/evertonfc.cz\/index.php\/2012\/03\/13\/liverpool-everton-30\/#article\",\"isPartOf\":{\"@id\":\"https:\/\/evertonfc.cz\/index.php\/2012\/03\/13\/liverpool-everton-30\/\"},\"author\":{\"name\":\"Ri\u010di\",\"@id\":\"https:\/\/evertonfc.cz\/#\/schema\/person\/f7a5daedb2ffee98480bc70e191aaef1\"},\"headline\":\"Liverpool &#8211; Everton 3:0\",\"datePublished\":\"2012-03-13T17:56:08+00:00\",\"dateModified\":\"2019-02-17T17:58:13+00:00\",\"mainEntityOfPage\":{\"@id\":\"https:\/\/evertonfc.cz\/index.php\/2012\/03\/13\/liverpool-everton-30\/\"},\"wordCount\":376,\"commentCount\":0,\"publisher\":{\"@id\":\"https:\/\/evertonfc.cz\/#organization\"},\"image\":{\"@id\":\"https:\/\/evertonfc.cz\/index.php\/2012\/03\/13\/liverpool-everton-30\/#primaryimage\"},\"thumbnailUrl\":\"https:\/\/evertonfc.cz\/wp-content\/uploads\/2019\/01\/report.jpg\",\"articleSection\":[\"Z\u00e1pasy\"],\"inLanguage\":\"cs\",\"potentialAction\":[{\"@type\":\"CommentAction\",\"name\":\"Comment\",\"target\":[\"https:\/\/evertonfc.cz\/index.php\/2012\/03\/13\/liverpool-everton-30\/#respond\"]}]},{\"@type\":\"WebPage\",\"@id\":\"https:\/\/evertonfc.cz\/index.php\/2012\/03\/13\/liverpool-everton-30\/\",\"url\":\"https:\/\/evertonfc.cz\/index.php\/2012\/03\/13\/liverpool-everton-30\/\",\"name\":\"Liverpool - Everton 3:0 - Official Czech &amp; Slovak Everton Supporters&#039; Club\",\"isPartOf\":{\"@id\":\"https:\/\/evertonfc.cz\/#website\"},\"primaryImageOfPage\":{\"@id\":\"https:\/\/evertonfc.cz\/index.php\/2012\/03\/13\/liverpool-everton-30\/#primaryimage\"},\"image\":{\"@id\":\"https:\/\/evertonfc.cz\/index.php\/2012\/03\/13\/liverpool-everton-30\/#primaryimage\"},\"thumbnailUrl\":\"https:\/\/evertonfc.cz\/wp-content\/uploads\/2019\/01\/report.jpg\",\"datePublished\":\"2012-03-13T17:56:08+00:00\",\"dateModified\":\"2019-02-17T17:58:13+00:00\",\"breadcrumb\":{\"@id\":\"https:\/\/evertonfc.cz\/index.php\/2012\/03\/13\/liverpool-everton-30\/#breadcrumb\"},\"inLanguage\":\"cs\",\"potentialAction\":[{\"@type\":\"ReadAction\",\"target\":[\"https:\/\/evertonfc.cz\/index.php\/2012\/03\/13\/liverpool-everton-30\/\"]}]},{\"@type\":\"ImageObject\",\"inLanguage\":\"cs\",\"@id\":\"https:\/\/evertonfc.cz\/index.php\/2012\/03\/13\/liverpool-everton-30\/#primaryimage\",\"url\":\"https:\/\/evertonfc.cz\/wp-content\/uploads\/2019\/01\/report.jpg\",\"contentUrl\":\"https:\/\/evertonfc.cz\/wp-content\/uploads\/2019\/01\/report.jpg\",\"width\":720,\"height\":405},{\"@type\":\"BreadcrumbList\",\"@id\":\"https:\/\/evertonfc.cz\/index.php\/2012\/03\/13\/liverpool-everton-30\/#breadcrumb\",\"itemListElement\":[{\"@type\":\"ListItem\",\"position\":1,\"name\":\"Home\",\"item\":\"https:\/\/evertonfc.cz\/\"},{\"@type\":\"ListItem\",\"position\":2,\"name\":\"Liverpool &#8211; Everton 3:0\"}]},{\"@type\":\"WebSite\",\"@id\":\"https:\/\/evertonfc.cz\/#website\",\"url\":\"https:\/\/evertonfc.cz\/\",\"name\":\"Official Czech &amp; Slovak Everton Supporters&#039; Club\",\"description\":\"\",\"publisher\":{\"@id\":\"https:\/\/evertonfc.cz\/#organization\"},\"potentialAction\":[{\"@type\":\"SearchAction\",\"target\":{\"@type\":\"EntryPoint\",\"urlTemplate\":\"https:\/\/evertonfc.cz\/?s={search_term_string}\"},\"query-input\":{\"@type\":\"PropertyValueSpecification\",\"valueRequired\":true,\"valueName\":\"search_term_string\"}}],\"inLanguage\":\"cs\"},{\"@type\":\"Organization\",\"@id\":\"https:\/\/evertonfc.cz\/#organization\",\"name\":\"Official Czech & Slovak Everton Supporters' Club\",\"url\":\"https:\/\/evertonfc.cz\/\",\"logo\":{\"@type\":\"ImageObject\",\"inLanguage\":\"cs\",\"@id\":\"https:\/\/evertonfc.cz\/#\/schema\/logo\/image\/\",\"url\":\"https:\/\/evertonfc.cz\/wp-content\/uploads\/2019\/05\/logo.png\",\"contentUrl\":\"https:\/\/evertonfc.cz\/wp-content\/uploads\/2019\/05\/logo.png\",\"width\":112,\"height\":112,\"caption\":\"Official Czech & Slovak Everton Supporters' Club\"},\"image\":{\"@id\":\"https:\/\/evertonfc.cz\/#\/schema\/logo\/image\/\"},\"sameAs\":[\"https:\/\/www.facebook.com\/everton.fans.cz.sk\"]},{\"@type\":\"Person\",\"@id\":\"https:\/\/evertonfc.cz\/#\/schema\/person\/f7a5daedb2ffee98480bc70e191aaef1\",\"name\":\"Ri\u010di\",\"sameAs\":[\"https:\/\/x.com\/rbrejsa\"],\"url\":\"https:\/\/evertonfc.cz\/index.php\/author\/rici\/\"}]}<\/script>\n<!-- \/ Yoast SEO plugin. -->","yoast_head_json":{"title":"Liverpool - Everton 3:0 - Official Czech &amp; Slovak Everton Supporters&#039; Club","robots":{"index":"index","follow":"follow","max-snippet":"max-snippet:-1","max-image-preview":"max-image-preview:large","max-video-preview":"max-video-preview:-1"},"canonical":"https:\/\/evertonfc.cz\/index.php\/2012\/03\/13\/liverpool-everton-30\/","og_locale":"cs_CZ","og_type":"article","og_title":"Liverpool - Everton 3:0 - Official Czech &amp; Slovak Everton Supporters&#039; Club","og_description":"A\u010dkoliv David Moyes slav\u00ed v\u00fdro\u010d\u00ed, dnes na Anfieldu d\u00e1rky rozd\u00e1val. Dom\u00e1c\u00edmu Liverpoolu v\u011bnoval v\u00edt\u011bzstv\u00ed, kdy\u017e up\u0159ednostnil v\u00edkendov\u00fd FA Cup p\u0159ed&hellip;","og_url":"https:\/\/evertonfc.cz\/index.php\/2012\/03\/13\/liverpool-everton-30\/","og_site_name":"Official Czech &amp; Slovak Everton Supporters&#039; Club","article_publisher":"https:\/\/www.facebook.com\/everton.fans.cz.sk","article_published_time":"2012-03-13T17:56:08+00:00","article_modified_time":"2019-02-17T17:58:13+00:00","og_image":[{"width":720,"height":405,"url":"https:\/\/evertonfc.cz\/wp-content\/uploads\/2019\/01\/report.jpg","type":"image\/jpeg"}],"author":"Ri\u010di","twitter_card":"summary_large_image","twitter_creator":"@rbrejsa","twitter_misc":{"Napsal(a)":"Ri\u010di","Odhadovan\u00e1 doba \u010dten\u00ed":"2 minuty"},"schema":{"@context":"https:\/\/schema.org","@graph":[{"@type":"Article","@id":"https:\/\/evertonfc.cz\/index.php\/2012\/03\/13\/liverpool-everton-30\/#article","isPartOf":{"@id":"https:\/\/evertonfc.cz\/index.php\/2012\/03\/13\/liverpool-everton-30\/"},"author":{"name":"Ri\u010di","@id":"https:\/\/evertonfc.cz\/#\/schema\/person\/f7a5daedb2ffee98480bc70e191aaef1"},"headline":"Liverpool &#8211; Everton 3:0","datePublished":"2012-03-13T17:56:08+00:00","dateModified":"2019-02-17T17:58:13+00:00","mainEntityOfPage":{"@id":"https:\/\/evertonfc.cz\/index.php\/2012\/03\/13\/liverpool-everton-30\/"},"wordCount":376,"commentCount":0,"publisher":{"@id":"https:\/\/evertonfc.cz\/#organization"},"image":{"@id":"https:\/\/evertonfc.cz\/index.php\/2012\/03\/13\/liverpool-everton-30\/#primaryimage"},"thumbnailUrl":"https:\/\/evertonfc.cz\/wp-content\/uploads\/2019\/01\/report.jpg","articleSection":["Z\u00e1pasy"],"inLanguage":"cs","potentialAction":[{"@type":"CommentAction","name":"Comment","target":["https:\/\/evertonfc.cz\/index.php\/2012\/03\/13\/liverpool-everton-30\/#respond"]}]},{"@type":"WebPage","@id":"https:\/\/evertonfc.cz\/index.php\/2012\/03\/13\/liverpool-everton-30\/","url":"https:\/\/evertonfc.cz\/index.php\/2012\/03\/13\/liverpool-everton-30\/","name":"Liverpool - Everton 3:0 - Official Czech &amp; Slovak Everton Supporters&#039; Club","isPartOf":{"@id":"https:\/\/evertonfc.cz\/#website"},"primaryImageOfPage":{"@id":"https:\/\/evertonfc.cz\/index.php\/2012\/03\/13\/liverpool-everton-30\/#primaryimage"},"image":{"@id":"https:\/\/evertonfc.cz\/index.php\/2012\/03\/13\/liverpool-everton-30\/#primaryimage"},"thumbnailUrl":"https:\/\/evertonfc.cz\/wp-content\/uploads\/2019\/01\/report.jpg","datePublished":"2012-03-13T17:56:08+00:00","dateModified":"2019-02-17T17:58:13+00:00","breadcrumb":{"@id":"https:\/\/evertonfc.cz\/index.php\/2012\/03\/13\/liverpool-everton-30\/#breadcrumb"},"inLanguage":"cs","potentialAction":[{"@type":"ReadAction","target":["https:\/\/evertonfc.cz\/index.php\/2012\/03\/13\/liverpool-everton-30\/"]}]},{"@type":"ImageObject","inLanguage":"cs","@id":"https:\/\/evertonfc.cz\/index.php\/2012\/03\/13\/liverpool-everton-30\/#primaryimage","url":"https:\/\/evertonfc.cz\/wp-content\/uploads\/2019\/01\/report.jpg","contentUrl":"https:\/\/evertonfc.cz\/wp-content\/uploads\/2019\/01\/report.jpg","width":720,"height":405},{"@type":"BreadcrumbList","@id":"https:\/\/evertonfc.cz\/index.php\/2012\/03\/13\/liverpool-everton-30\/#breadcrumb","itemListElement":[{"@type":"ListItem","position":1,"name":"Home","item":"https:\/\/evertonfc.cz\/"},{"@type":"ListItem","position":2,"name":"Liverpool &#8211; Everton 3:0"}]},{"@type":"WebSite","@id":"https:\/\/evertonfc.cz\/#website","url":"https:\/\/evertonfc.cz\/","name":"Official Czech &amp; Slovak Everton Supporters&#039; Club","description":"","publisher":{"@id":"https:\/\/evertonfc.cz\/#organization"},"potentialAction":[{"@type":"SearchAction","target":{"@type":"EntryPoint","urlTemplate":"https:\/\/evertonfc.cz\/?s={search_term_string}"},"query-input":{"@type":"PropertyValueSpecification","valueRequired":true,"valueName":"search_term_string"}}],"inLanguage":"cs"},{"@type":"Organization","@id":"https:\/\/evertonfc.cz\/#organization","name":"Official Czech & Slovak Everton Supporters' Club","url":"https:\/\/evertonfc.cz\/","logo":{"@type":"ImageObject","inLanguage":"cs","@id":"https:\/\/evertonfc.cz\/#\/schema\/logo\/image\/","url":"https:\/\/evertonfc.cz\/wp-content\/uploads\/2019\/05\/logo.png","contentUrl":"https:\/\/evertonfc.cz\/wp-content\/uploads\/2019\/05\/logo.png","width":112,"height":112,"caption":"Official Czech & Slovak Everton Supporters' Club"},"image":{"@id":"https:\/\/evertonfc.cz\/#\/schema\/logo\/image\/"},"sameAs":["https:\/\/www.facebook.com\/everton.fans.cz.sk"]},{"@type":"Person","@id":"https:\/\/evertonfc.cz\/#\/schema\/person\/f7a5daedb2ffee98480bc70e191aaef1","name":"Ri\u010di","sameAs":["https:\/\/x.com\/rbrejsa"],"url":"https:\/\/evertonfc.cz\/index.php\/author\/rici\/"}]}},"_links":{"self":[{"href":"https:\/\/evertonfc.cz\/index.php\/wp-json\/wp\/v2\/posts\/6354"}],"collection":[{"href":"https:\/\/evertonfc.cz\/index.php\/wp-json\/wp\/v2\/posts"}],"about":[{"href":"https:\/\/evertonfc.cz\/index.php\/wp-json\/wp\/v2\/types\/post"}],"author":[{"embeddable":true,"href":"https:\/\/evertonfc.cz\/index.php\/wp-json\/wp\/v2\/users\/6"}],"replies":[{"embeddable":true,"href":"https:\/\/evertonfc.cz\/index.php\/wp-json\/wp\/v2\/comments?post=6354"}],"version-history":[{"count":1,"href":"https:\/\/evertonfc.cz\/index.php\/wp-json\/wp\/v2\/posts\/6354\/revisions"}],"predecessor-version":[{"id":6356,"href":"https:\/\/evertonfc.cz\/index.php\/wp-json\/wp\/v2\/posts\/6354\/revisions\/6356"}],"wp:featuredmedia":[{"embeddable":true,"href":"https:\/\/evertonfc.cz\/index.php\/wp-json\/wp\/v2\/media\/1315"}],"wp:attachment":[{"href":"https:\/\/evertonfc.cz\/index.php\/wp-json\/wp\/v2\/media?parent=6354"}],"wp:term":[{"taxonomy":"category","embeddable":true,"href":"https:\/\/evertonfc.cz\/index.php\/wp-json\/wp\/v2\/categories?post=6354"},{"taxonomy":"post_tag","embeddable":true,"href":"https:\/\/evertonfc.cz\/index.php\/wp-json\/wp\/v2\/tags?post=6354"}],"curies":[{"name":"wp","href":"https:\/\/api.w.org\/{rel}","templated":true}]}}