{"id":673,"date":"2010-12-26T23:11:22","date_gmt":"2010-12-26T22:11:22","guid":{"rendered":"http:\/\/evertonfc.cz\/?p=673"},"modified":"2019-02-09T22:19:20","modified_gmt":"2019-02-09T21:19:20","slug":"lisci-comeback","status":"publish","type":"post","link":"https:\/\/evertonfc.cz\/index.php\/2010\/12\/26\/lisci-comeback\/","title":{"rendered":"Li\u0161\u010d\u00ed comeback"},"content":{"rendered":"<h4><strong>Na vlastn\u00ed k\u016f\u017ei se fanou\u0161ci pravideln\u011b p\u0159esv\u011bd\u010duj\u00ed, \u017ee fotbal um\u00ed po\u0159\u00e1dn\u011b bolet. Everton je v serv\u00edrov\u00e1n\u00ed nep\u0159\u00edjemn\u00fdch p\u0159ekvapen\u00ed p\u0159eborn\u00edkem a platilo to i p\u0159ed dlouh\u00fdmi dek\u00e1dami.<\/strong><\/h4>\n<p>Everton &#8211; Leicester City 3-4<br \/>\nPromarn\u011bn\u00fd t\u0159\u00edg\u00f3lov\u00fd n\u00e1skok<br \/>\nFirst Division, 18. z\u00e1\u0159\u00ed 1926<\/p>\n<p>Sezona 1926\/27 byla z pohledu Evertonu jednou z t\u011bch v\u016fbec nejmizern\u011bj\u0161\u00edch. Blues obsadili dvac\u00e1tou p\u0159\u00ed\u010dku &#8211; posledn\u00ed, kter\u00e1 zaru\u010dovala z\u00e1chranu a v\u016fbec nejhor\u0161\u00ed dosavadn\u00ed ligov\u00e9 um\u00edst\u011bn\u00ed. Nad\u011bjn\u00fd \u00fato\u010dn\u00edk jm\u00e9nem William Ralph Dean chyb\u011bl ve t\u0159in\u00e1cti \u00favodn\u00edch z\u00e1pasech, nebo\u0165 se zotavoval z v\u00e1\u017en\u00e9 motocyklov\u00e9 boura\u010dky, kter\u00e1 jej m\u00e1lem st\u00e1la \u017eivot. Z on\u011bch t\u0159in\u00e1cti utk\u00e1n\u00ed Everton vyhr\u00e1l jedinkr\u00e1t &#8211; proti Liverpoolu. Dixieho n\u00e1vrat v\u0161ak t\u00fdmu vydatn\u011b pomohl. S\u00e1m nast\u0159\u00edlel 21 g\u00f3l\u016f v 27 z\u00e1pasech, a tak se sestup nakonec nekonal. I p\u0159esto, \u017ee Toffees v sezon\u011b inkasovali z\u00e1ra\u017eej\u00edc\u00edch 90 g\u00f3l\u016f.<\/p>\n<p>Jedn\u00edm ze z\u00e1pas\u016f, charakterizuj\u00edc\u00ed b\u00eddn\u00fd start, bylo z\u00e1\u0159ijov\u00e9 dom\u00e1c\u00ed kl\u00e1n\u00ed proti Leicesteru City, kdy Toffees st\u00e1le \u010dekali na prvn\u00ed dom\u00e1c\u00ed g\u00f3l sezony. Dean z\u016fst\u00e1val na listin\u011b marod\u016f a jeho n\u00e1hradou byl David Bain, b\u011b\u017en\u00fdm povol\u00e1n\u00edm st\u0159edn\u00ed obr\u00e1nce, jeho\u017e bilance 32 z\u00e1pas\u016f a \u017e\u00e1dn\u00e9ho vst\u0159elen\u00e9ho g\u00f3lu nenasv\u011bd\u010dovala, \u017ee by m\u011blo j\u00edt o spolehlivou alternativu. Foxes se na druhou stranu chlubili sehranou ofenzivou. Nechyb\u011bl Arthur Chandler, \u00fato\u010dn\u00edk jen\u017e za Leicester nas\u00e1zel 259 ligov\u00fdch g\u00f3l\u016f. V\u0161ech nav\u00edc kupodivu dos\u00e1hl ze hry; jeho jedinou penaltu zlikvidoval brank\u00e1\u0159 Chelsea Howard Barker na Stamford Bridge v\u00a0 roce 1924. A n\u00e1hoda tomu tak cht\u011bla, aby byl Baker brank\u00e1\u0159em Evertonu v na\u0161em z\u00e1pase.<\/p>\n<p>B\u011b\u017eela teprve p\u00e1t\u00e1 minuta, kdy\u017e se na prav\u00e9 stran\u011b utrhnul Irvine a kr\u00e1sn\u00fdm m\u00ed\u010dem na\u0161el Baina, kter\u00fd znenad\u00e1n\u00ed otev\u0159el sv\u016fj evertonsk\u00fd g\u00f3lov\u00fd \u00fa\u010det. Rychl\u00e1 branka pomohla t\u00fdmov\u00e9mu sebev\u011bdom\u00ed, a tak nebylo o p\u00e1novi h\u0159i\u0161t\u011b pochyb. Brank\u00e1\u0159 Li\u0161ek, Ken Campbell m\u011bl ale tak\u00e9 sv\u016fj den, jak se zd\u00e1lo, kdy\u017e ob\u0159\u00edm skokem vyrazil Irvinovu st\u0159elu. Po 33 minut\u00e1ch u\u017e ov\u0161em Everton g\u00f3lmana nachytal. Podcenil Troup\u016fv centr od rohov\u00e9ho praporku a jen sledoval jak Irvine hlavi\u010dkuje do s\u00edt\u011b. Po n\u011bkolika dal\u0161\u00edch solidn\u00edch \u0161anc\u00edch, se u\u017e sk\u00f3re m\u011bnilo pot\u0159et\u00ed, kdy\u017e zkraje v\u00e1pna usp\u011bl znovu Irvine. Do \u0161aten se tak \u0161lo za stavu 3-0 pro dom\u00e1c\u00ed. Kdo by si tehdy vsadil na v\u00edt\u011bzstv\u00ed Leicesteru, stal by se boh\u00e1\u010dem.<\/p>\n<p>Po p\u0159est\u00e1vce Blues zakr\u00e1tko zjistili, pro\u010d City p\u0159edv\u00e1d\u011blo tak marn\u00fd v\u00fdkon. Do tv\u00e1\u0159\u00ed jim foukal siln\u00fd protiv\u00edtr a nad hlavami z\u00e1\u0159ilo osl\u0148uj\u00edc\u00ed slun\u00ed\u010dko. V\u00fdsledkem tak bylo dokonal\u00e9 obr\u00e1cen\u00ed karet. V 52. minut\u011b si na centr Billyho Bella po\u010dkal Chandler a z voleje usm\u011brnil m\u00ed\u010d za Barkerova z\u00e1da. Jen o dv\u011b minuty pozd\u011bji u\u017e byli Foxes plnohodnotn\u011b zp\u011bt ve h\u0159e, kdy\u017e Chandler vyu\u017eil nedorozum\u011bn\u00ed dom\u00e1c\u00ed obrany v pokutov\u00e9m \u00fazem\u00ed a sn\u00ed\u017eil na rozd\u00edl g\u00f3lu. Everton pokra\u010doval ve vyu\u017e\u00edv\u00e1n\u00ed brejk\u016f, ale na Campbella u\u017e nevyzr\u00e1l &#8211; d\u011blovky Baina i Troupa pohotov\u011b vyrazil.<\/p>\n<p>Taktovku dr\u017eel st\u00e1le Leicester, zejm\u00e9na drze se pak prezentoval k\u0159\u00eddeln\u00edk Ernie Hine, jen\u017e t\u0159ikr\u00e1t v kr\u00e1tk\u00e9m \u010dasov\u00e9m sledu nebezpe\u010dn\u011b le\u010d bez\u00fasp\u011b\u0161n\u011b vystra\u0161il Barkera. Svoje um\u011bn\u00ed u\u017e v\u0161ak dok\u00e1zal prodat o \u0161est minut pozd\u011bji, kdy jeho technick\u00e1 st\u0159ela zapadla k ty\u010di. Dom\u00e1c\u00ed publikum jen zaryt\u011b p\u0159\u00edhl\u00ed\u017eelo. O minutu pozd\u011bji p\u0159itom bylo sv\u011bdky u\u017e dokonal\u00e9ho kolapsu. John Duncan vst\u0159elil v\u00edt\u011bzn\u00fd g\u00f3l Leicesteru. Kdy\u017e se zd\u00e1lo, \u017ee h\u016f\u0159 u\u017e na tom Everton b\u00fdt nem\u016f\u017ee, p\u0159i\u0161el dal\u0161\u00ed \u0161ok. Za dv\u011b minuty sud\u00ed p\u00edsknul ve prosp\u011bch Evertonu penaltu, k m\u00ed\u010di se postavil Alec Troup, a svoji jedinou jeden\u00e1ctku za Everton, nap\u00e1lil vysoko nad b\u0159evno mezi div\u00e1ky. Nen\u00ed divu, \u017ee Evertonians odch\u00e1zeli dom\u016f jako opa\u0159en\u00ed.Pohrdnout t\u0159\u00edg\u00f3lov\u00fdm veden\u00edm se nevid\u00ed ka\u017ed\u00fd den.<\/p>\n<h4><strong>Dodatek<\/strong><\/h4>\n<p>P\u0159edv\u00e1no\u010dn\u00ed obdob\u00ed stejn\u00e9 sezony bylo na comebacky podobn\u00e9ho chrakteru v\u016fbec bohat\u00e9. Z \u0159\u00edjnov\u00e9ho dom\u00e1c\u00edho veden\u00ed nad Newcastlem 1-0, se nakonec stala prohra 1-3. Naprosto stejn\u00fd sc\u00e9n\u00e1\u0159 n\u00e1sledoval i o t\u00fdden pozd\u011bji v Leedsu a v listopadu Toffees promarnili veden\u00ed 2-0 aby s Derby prohr\u00e1li 2-3. O t\u0159i t\u00fddny pozd\u011bji pak Everton zahodil veden\u00ed 3-1 na Villa Parku a prohr\u00e1l 5-3.<\/p>\n<h4><strong>Dv\u011b prohry 5-4 &#8211; s Li\u0161kami a ve stejn\u00e9 sezon\u011b<\/strong><\/h4>\n<p>Poprv\u00e9 se z nejvy\u0161\u0161\u00ed soute\u017ee Everton porou\u010del na konci sezony 1929\/30. Dva z\u00e1pasy, kter\u00e9 p\u0159isp\u011bly k jejich nezdaru byly oba dev\u00edtig\u00f3lov\u00e9 thrillery proti toto\u017en\u00e9mu soupe\u0159i, kter\u00fd v roce 1926 smazal t\u0159\u00edg\u00f3lov\u00fd deficit. V prvn\u00edm z\u00e1pase hran\u00e9m 30. listopadu 1929 na Goodisonu vedli Toffees u\u017e 2-0, jen\u017ee do polo\u010dasu bylo v\u0161e \u00fapln\u011b jinak &#8211; o p\u0159est\u00e1vce vedli Foxes o t\u0159i g\u00f3ly. Blues sice zabojovali a po hodin\u011b hry sn\u00ed\u017eili na 5-4, ale vyrovn\u00e1vac\u00ed g\u00f3l u\u017e Leicester nep\u0159ipustil.<\/p>\n<p>V dubnu na star\u00e9 Filbert Street se naskytl podobn\u00fd sc\u00e9n\u00e1\u0159. Everton prohr\u00e1val 3-1, ale patn\u00e1cti minut p\u0159ed koncem z\u00e1pasu vedl 4-3. Jen\u017ee Foxes z\u00e1sluhou Chandlera srovnali a kdy\u017e zb\u00fdvaly do konce t\u0159i minuty, vst\u0159elil v\u00edt\u011bzn\u00fd g\u00f3l Len Barry.<\/p>\n<h4><strong>Nejv\u011bt\u0161\u00ed comeback klubov\u00e9 historie<\/strong><\/h4>\n<p>Vztahuje se k lednu 1995. V z\u00e1pase FA Youth Cupu na Goodison Parku se po p\u016flhodin\u011b odehr\u00e1val horor. Pap\u00edrov\u011b daleko slab\u0161\u00ed Blackpool vedl u\u017e 4-0. P\u0159ed p\u0159est\u00e1vkou nicm\u00e9n\u011b sn\u00ed\u017eil Graham Allen a dal\u0161\u00ed nad\u011bji z penalty vyk\u0159esal Matt Woods. Jako dal\u0161\u00ed se nicm\u00e9n\u011b trefili Tangerines, a to kdy\u017e sch\u00e1zelo dvacet minut do konce. Blackpool\u0161t\u00ed mlad\u00edci v\u0161ak zakr\u00e1tko p\u0159edvedli nev\u00eddan\u00fd kolaps a b\u011bhem t\u0159\u00ed minut tak bylo srovn\u00e1no na 5-5, kdy\u017e se trefili Weathers, Townsend a znovu Allen. V 87. minut\u011b se pak Blues do\u010dkali obratu, kdy\u017e Allen zkompletoval sv\u016fj hattrick a vydatn\u011b napomohl nejv\u011bt\u0161\u00edmu zmrtv\u00fdchvst\u00e1n\u00ed v d\u011bjin\u00e1ch Evertonu.<\/p>\n","protected":false},"excerpt":{"rendered":"<p>Na vlastn\u00ed k\u016f\u017ei se fanou\u0161ci pravideln\u011b p\u0159esv\u011bd\u010duj\u00ed, \u017ee fotbal um\u00ed po\u0159\u00e1dn\u011b bolet. Everton je v serv\u00edrov\u00e1n\u00ed nep\u0159\u00edjemn\u00fdch p\u0159ekvapen\u00ed p\u0159eborn\u00edkem a&hellip;<\/p>\n","protected":false},"author":7,"featured_media":631,"comment_status":"open","ping_status":"closed","sticky":false,"template":"","format":"standard","meta":{"_eb_attr":"","_monsterinsights_skip_tracking":false,"_monsterinsights_sitenote_active":false,"_monsterinsights_sitenote_note":"","_monsterinsights_sitenote_category":0,"footnotes":""},"categories":[10],"tags":[],"yoast_head":"<!-- This site is optimized with the Yoast SEO plugin v23.4 - https:\/\/yoast.com\/wordpress\/plugins\/seo\/ -->\n<title>Li\u0161\u010d\u00ed comeback - Official Czech &amp; Slovak Everton Supporters&#039; Club<\/title>\n<meta name=\"robots\" content=\"index, follow, max-snippet:-1, max-image-preview:large, max-video-preview:-1\" \/>\n<link rel=\"canonical\" href=\"https:\/\/evertonfc.cz\/index.php\/2010\/12\/26\/lisci-comeback\/\" \/>\n<meta property=\"og:locale\" content=\"cs_CZ\" \/>\n<meta property=\"og:type\" content=\"article\" \/>\n<meta property=\"og:title\" content=\"Li\u0161\u010d\u00ed comeback - Official Czech &amp; Slovak Everton Supporters&#039; Club\" \/>\n<meta property=\"og:description\" content=\"Na vlastn\u00ed k\u016f\u017ei se fanou\u0161ci pravideln\u011b p\u0159esv\u011bd\u010duj\u00ed, \u017ee fotbal um\u00ed po\u0159\u00e1dn\u011b bolet. Everton je v serv\u00edrov\u00e1n\u00ed nep\u0159\u00edjemn\u00fdch p\u0159ekvapen\u00ed p\u0159eborn\u00edkem a&hellip;\" \/>\n<meta property=\"og:url\" content=\"https:\/\/evertonfc.cz\/index.php\/2010\/12\/26\/lisci-comeback\/\" \/>\n<meta property=\"og:site_name\" content=\"Official Czech &amp; Slovak Everton Supporters&#039; Club\" \/>\n<meta property=\"article:publisher\" content=\"https:\/\/www.facebook.com\/everton.fans.cz.sk\" \/>\n<meta property=\"article:published_time\" content=\"2010-12-26T22:11:22+00:00\" \/>\n<meta property=\"article:modified_time\" content=\"2019-02-09T21:19:20+00:00\" \/>\n<meta property=\"og:image\" content=\"https:\/\/evertonfc.cz\/wp-content\/uploads\/2019\/01\/strange_but_blue.jpg\" \/>\n\t<meta property=\"og:image:width\" content=\"720\" \/>\n\t<meta property=\"og:image:height\" content=\"405\" \/>\n\t<meta property=\"og:image:type\" content=\"image\/jpeg\" \/>\n<meta name=\"author\" content=\"Me\u0148a\" \/>\n<meta name=\"twitter:card\" content=\"summary_large_image\" \/>\n<meta name=\"twitter:label1\" content=\"Napsal(a)\" \/>\n\t<meta name=\"twitter:data1\" content=\"Me\u0148a\" \/>\n\t<meta name=\"twitter:label2\" content=\"Odhadovan\u00e1 doba \u010dten\u00ed\" \/>\n\t<meta name=\"twitter:data2\" content=\"6 minut\" \/>\n<script type=\"application\/ld+json\" class=\"yoast-schema-graph\">{\"@context\":\"https:\/\/schema.org\",\"@graph\":[{\"@type\":\"Article\",\"@id\":\"https:\/\/evertonfc.cz\/index.php\/2010\/12\/26\/lisci-comeback\/#article\",\"isPartOf\":{\"@id\":\"https:\/\/evertonfc.cz\/index.php\/2010\/12\/26\/lisci-comeback\/\"},\"author\":{\"name\":\"Me\u0148a\",\"@id\":\"https:\/\/evertonfc.cz\/#\/schema\/person\/cd6328a75577de2add7793fd4b0930c3\"},\"headline\":\"Li\u0161\u010d\u00ed comeback\",\"datePublished\":\"2010-12-26T22:11:22+00:00\",\"dateModified\":\"2019-02-09T21:19:20+00:00\",\"mainEntityOfPage\":{\"@id\":\"https:\/\/evertonfc.cz\/index.php\/2010\/12\/26\/lisci-comeback\/\"},\"wordCount\":1139,\"commentCount\":0,\"publisher\":{\"@id\":\"https:\/\/evertonfc.cz\/#organization\"},\"image\":{\"@id\":\"https:\/\/evertonfc.cz\/index.php\/2010\/12\/26\/lisci-comeback\/#primaryimage\"},\"thumbnailUrl\":\"https:\/\/evertonfc.cz\/wp-content\/uploads\/2019\/01\/strange_but_blue.jpg\",\"articleSection\":[\"Strange but Blue\"],\"inLanguage\":\"cs\",\"potentialAction\":[{\"@type\":\"CommentAction\",\"name\":\"Comment\",\"target\":[\"https:\/\/evertonfc.cz\/index.php\/2010\/12\/26\/lisci-comeback\/#respond\"]}]},{\"@type\":\"WebPage\",\"@id\":\"https:\/\/evertonfc.cz\/index.php\/2010\/12\/26\/lisci-comeback\/\",\"url\":\"https:\/\/evertonfc.cz\/index.php\/2010\/12\/26\/lisci-comeback\/\",\"name\":\"Li\u0161\u010d\u00ed comeback - Official Czech &amp; Slovak Everton Supporters&#039; Club\",\"isPartOf\":{\"@id\":\"https:\/\/evertonfc.cz\/#website\"},\"primaryImageOfPage\":{\"@id\":\"https:\/\/evertonfc.cz\/index.php\/2010\/12\/26\/lisci-comeback\/#primaryimage\"},\"image\":{\"@id\":\"https:\/\/evertonfc.cz\/index.php\/2010\/12\/26\/lisci-comeback\/#primaryimage\"},\"thumbnailUrl\":\"https:\/\/evertonfc.cz\/wp-content\/uploads\/2019\/01\/strange_but_blue.jpg\",\"datePublished\":\"2010-12-26T22:11:22+00:00\",\"dateModified\":\"2019-02-09T21:19:20+00:00\",\"breadcrumb\":{\"@id\":\"https:\/\/evertonfc.cz\/index.php\/2010\/12\/26\/lisci-comeback\/#breadcrumb\"},\"inLanguage\":\"cs\",\"potentialAction\":[{\"@type\":\"ReadAction\",\"target\":[\"https:\/\/evertonfc.cz\/index.php\/2010\/12\/26\/lisci-comeback\/\"]}]},{\"@type\":\"ImageObject\",\"inLanguage\":\"cs\",\"@id\":\"https:\/\/evertonfc.cz\/index.php\/2010\/12\/26\/lisci-comeback\/#primaryimage\",\"url\":\"https:\/\/evertonfc.cz\/wp-content\/uploads\/2019\/01\/strange_but_blue.jpg\",\"contentUrl\":\"https:\/\/evertonfc.cz\/wp-content\/uploads\/2019\/01\/strange_but_blue.jpg\",\"width\":720,\"height\":405},{\"@type\":\"BreadcrumbList\",\"@id\":\"https:\/\/evertonfc.cz\/index.php\/2010\/12\/26\/lisci-comeback\/#breadcrumb\",\"itemListElement\":[{\"@type\":\"ListItem\",\"position\":1,\"name\":\"Home\",\"item\":\"https:\/\/evertonfc.cz\/\"},{\"@type\":\"ListItem\",\"position\":2,\"name\":\"Li\u0161\u010d\u00ed comeback\"}]},{\"@type\":\"WebSite\",\"@id\":\"https:\/\/evertonfc.cz\/#website\",\"url\":\"https:\/\/evertonfc.cz\/\",\"name\":\"Official Czech &amp; Slovak Everton Supporters&#039; Club\",\"description\":\"\",\"publisher\":{\"@id\":\"https:\/\/evertonfc.cz\/#organization\"},\"potentialAction\":[{\"@type\":\"SearchAction\",\"target\":{\"@type\":\"EntryPoint\",\"urlTemplate\":\"https:\/\/evertonfc.cz\/?s={search_term_string}\"},\"query-input\":{\"@type\":\"PropertyValueSpecification\",\"valueRequired\":true,\"valueName\":\"search_term_string\"}}],\"inLanguage\":\"cs\"},{\"@type\":\"Organization\",\"@id\":\"https:\/\/evertonfc.cz\/#organization\",\"name\":\"Official Czech & Slovak Everton Supporters' Club\",\"url\":\"https:\/\/evertonfc.cz\/\",\"logo\":{\"@type\":\"ImageObject\",\"inLanguage\":\"cs\",\"@id\":\"https:\/\/evertonfc.cz\/#\/schema\/logo\/image\/\",\"url\":\"https:\/\/evertonfc.cz\/wp-content\/uploads\/2019\/05\/logo.png\",\"contentUrl\":\"https:\/\/evertonfc.cz\/wp-content\/uploads\/2019\/05\/logo.png\",\"width\":112,\"height\":112,\"caption\":\"Official Czech & Slovak Everton Supporters' Club\"},\"image\":{\"@id\":\"https:\/\/evertonfc.cz\/#\/schema\/logo\/image\/\"},\"sameAs\":[\"https:\/\/www.facebook.com\/everton.fans.cz.sk\"]},{\"@type\":\"Person\",\"@id\":\"https:\/\/evertonfc.cz\/#\/schema\/person\/cd6328a75577de2add7793fd4b0930c3\",\"name\":\"Me\u0148a\",\"url\":\"https:\/\/evertonfc.cz\/index.php\/author\/mena\/\"}]}<\/script>\n<!-- \/ Yoast SEO plugin. -->","yoast_head_json":{"title":"Li\u0161\u010d\u00ed comeback - Official Czech &amp; Slovak Everton Supporters&#039; Club","robots":{"index":"index","follow":"follow","max-snippet":"max-snippet:-1","max-image-preview":"max-image-preview:large","max-video-preview":"max-video-preview:-1"},"canonical":"https:\/\/evertonfc.cz\/index.php\/2010\/12\/26\/lisci-comeback\/","og_locale":"cs_CZ","og_type":"article","og_title":"Li\u0161\u010d\u00ed comeback - Official Czech &amp; Slovak Everton Supporters&#039; Club","og_description":"Na vlastn\u00ed k\u016f\u017ei se fanou\u0161ci pravideln\u011b p\u0159esv\u011bd\u010duj\u00ed, \u017ee fotbal um\u00ed po\u0159\u00e1dn\u011b bolet. Everton je v serv\u00edrov\u00e1n\u00ed nep\u0159\u00edjemn\u00fdch p\u0159ekvapen\u00ed p\u0159eborn\u00edkem a&hellip;","og_url":"https:\/\/evertonfc.cz\/index.php\/2010\/12\/26\/lisci-comeback\/","og_site_name":"Official Czech &amp; Slovak Everton Supporters&#039; Club","article_publisher":"https:\/\/www.facebook.com\/everton.fans.cz.sk","article_published_time":"2010-12-26T22:11:22+00:00","article_modified_time":"2019-02-09T21:19:20+00:00","og_image":[{"width":720,"height":405,"url":"https:\/\/evertonfc.cz\/wp-content\/uploads\/2019\/01\/strange_but_blue.jpg","type":"image\/jpeg"}],"author":"Me\u0148a","twitter_card":"summary_large_image","twitter_misc":{"Napsal(a)":"Me\u0148a","Odhadovan\u00e1 doba \u010dten\u00ed":"6 minut"},"schema":{"@context":"https:\/\/schema.org","@graph":[{"@type":"Article","@id":"https:\/\/evertonfc.cz\/index.php\/2010\/12\/26\/lisci-comeback\/#article","isPartOf":{"@id":"https:\/\/evertonfc.cz\/index.php\/2010\/12\/26\/lisci-comeback\/"},"author":{"name":"Me\u0148a","@id":"https:\/\/evertonfc.cz\/#\/schema\/person\/cd6328a75577de2add7793fd4b0930c3"},"headline":"Li\u0161\u010d\u00ed comeback","datePublished":"2010-12-26T22:11:22+00:00","dateModified":"2019-02-09T21:19:20+00:00","mainEntityOfPage":{"@id":"https:\/\/evertonfc.cz\/index.php\/2010\/12\/26\/lisci-comeback\/"},"wordCount":1139,"commentCount":0,"publisher":{"@id":"https:\/\/evertonfc.cz\/#organization"},"image":{"@id":"https:\/\/evertonfc.cz\/index.php\/2010\/12\/26\/lisci-comeback\/#primaryimage"},"thumbnailUrl":"https:\/\/evertonfc.cz\/wp-content\/uploads\/2019\/01\/strange_but_blue.jpg","articleSection":["Strange but Blue"],"inLanguage":"cs","potentialAction":[{"@type":"CommentAction","name":"Comment","target":["https:\/\/evertonfc.cz\/index.php\/2010\/12\/26\/lisci-comeback\/#respond"]}]},{"@type":"WebPage","@id":"https:\/\/evertonfc.cz\/index.php\/2010\/12\/26\/lisci-comeback\/","url":"https:\/\/evertonfc.cz\/index.php\/2010\/12\/26\/lisci-comeback\/","name":"Li\u0161\u010d\u00ed comeback - Official Czech &amp; Slovak Everton Supporters&#039; Club","isPartOf":{"@id":"https:\/\/evertonfc.cz\/#website"},"primaryImageOfPage":{"@id":"https:\/\/evertonfc.cz\/index.php\/2010\/12\/26\/lisci-comeback\/#primaryimage"},"image":{"@id":"https:\/\/evertonfc.cz\/index.php\/2010\/12\/26\/lisci-comeback\/#primaryimage"},"thumbnailUrl":"https:\/\/evertonfc.cz\/wp-content\/uploads\/2019\/01\/strange_but_blue.jpg","datePublished":"2010-12-26T22:11:22+00:00","dateModified":"2019-02-09T21:19:20+00:00","breadcrumb":{"@id":"https:\/\/evertonfc.cz\/index.php\/2010\/12\/26\/lisci-comeback\/#breadcrumb"},"inLanguage":"cs","potentialAction":[{"@type":"ReadAction","target":["https:\/\/evertonfc.cz\/index.php\/2010\/12\/26\/lisci-comeback\/"]}]},{"@type":"ImageObject","inLanguage":"cs","@id":"https:\/\/evertonfc.cz\/index.php\/2010\/12\/26\/lisci-comeback\/#primaryimage","url":"https:\/\/evertonfc.cz\/wp-content\/uploads\/2019\/01\/strange_but_blue.jpg","contentUrl":"https:\/\/evertonfc.cz\/wp-content\/uploads\/2019\/01\/strange_but_blue.jpg","width":720,"height":405},{"@type":"BreadcrumbList","@id":"https:\/\/evertonfc.cz\/index.php\/2010\/12\/26\/lisci-comeback\/#breadcrumb","itemListElement":[{"@type":"ListItem","position":1,"name":"Home","item":"https:\/\/evertonfc.cz\/"},{"@type":"ListItem","position":2,"name":"Li\u0161\u010d\u00ed comeback"}]},{"@type":"WebSite","@id":"https:\/\/evertonfc.cz\/#website","url":"https:\/\/evertonfc.cz\/","name":"Official Czech &amp; Slovak Everton Supporters&#039; Club","description":"","publisher":{"@id":"https:\/\/evertonfc.cz\/#organization"},"potentialAction":[{"@type":"SearchAction","target":{"@type":"EntryPoint","urlTemplate":"https:\/\/evertonfc.cz\/?s={search_term_string}"},"query-input":{"@type":"PropertyValueSpecification","valueRequired":true,"valueName":"search_term_string"}}],"inLanguage":"cs"},{"@type":"Organization","@id":"https:\/\/evertonfc.cz\/#organization","name":"Official Czech & Slovak Everton Supporters' Club","url":"https:\/\/evertonfc.cz\/","logo":{"@type":"ImageObject","inLanguage":"cs","@id":"https:\/\/evertonfc.cz\/#\/schema\/logo\/image\/","url":"https:\/\/evertonfc.cz\/wp-content\/uploads\/2019\/05\/logo.png","contentUrl":"https:\/\/evertonfc.cz\/wp-content\/uploads\/2019\/05\/logo.png","width":112,"height":112,"caption":"Official Czech & Slovak Everton Supporters' Club"},"image":{"@id":"https:\/\/evertonfc.cz\/#\/schema\/logo\/image\/"},"sameAs":["https:\/\/www.facebook.com\/everton.fans.cz.sk"]},{"@type":"Person","@id":"https:\/\/evertonfc.cz\/#\/schema\/person\/cd6328a75577de2add7793fd4b0930c3","name":"Me\u0148a","url":"https:\/\/evertonfc.cz\/index.php\/author\/mena\/"}]}},"_links":{"self":[{"href":"https:\/\/evertonfc.cz\/index.php\/wp-json\/wp\/v2\/posts\/673"}],"collection":[{"href":"https:\/\/evertonfc.cz\/index.php\/wp-json\/wp\/v2\/posts"}],"about":[{"href":"https:\/\/evertonfc.cz\/index.php\/wp-json\/wp\/v2\/types\/post"}],"author":[{"embeddable":true,"href":"https:\/\/evertonfc.cz\/index.php\/wp-json\/wp\/v2\/users\/7"}],"replies":[{"embeddable":true,"href":"https:\/\/evertonfc.cz\/index.php\/wp-json\/wp\/v2\/comments?post=673"}],"version-history":[{"count":2,"href":"https:\/\/evertonfc.cz\/index.php\/wp-json\/wp\/v2\/posts\/673\/revisions"}],"predecessor-version":[{"id":2742,"href":"https:\/\/evertonfc.cz\/index.php\/wp-json\/wp\/v2\/posts\/673\/revisions\/2742"}],"wp:featuredmedia":[{"embeddable":true,"href":"https:\/\/evertonfc.cz\/index.php\/wp-json\/wp\/v2\/media\/631"}],"wp:attachment":[{"href":"https:\/\/evertonfc.cz\/index.php\/wp-json\/wp\/v2\/media?parent=673"}],"wp:term":[{"taxonomy":"category","embeddable":true,"href":"https:\/\/evertonfc.cz\/index.php\/wp-json\/wp\/v2\/categories?post=673"},{"taxonomy":"post_tag","embeddable":true,"href":"https:\/\/evertonfc.cz\/index.php\/wp-json\/wp\/v2\/tags?post=673"}],"curies":[{"name":"wp","href":"https:\/\/api.w.org\/{rel}","templated":true}]}}