{"id":6800,"date":"2019-03-11T16:00:35","date_gmt":"2019-03-11T15:00:35","guid":{"rendered":"http:\/\/evertonfc.cz\/?p=6800"},"modified":"2020-04-28T16:00:29","modified_gmt":"2020-04-28T14:00:29","slug":"vitajte-vas-novy-domov","status":"publish","type":"post","link":"https:\/\/evertonfc.cz\/index.php\/2019\/03\/11\/vitajte-vas-novy-domov\/","title":{"rendered":"Vitajte! V\u00e1\u0161 nov\u00fd domov&#8230;"},"content":{"rendered":"<h4>\u201eOtvorte sa zmen\u00e1m, ale nestr\u00e1cajte svoje vlastn\u00e9 hodnoty.\u201c Presne tohto cit\u00e1tu sme po deviatich rokoch pri tvoren\u00ed novej web str\u00e1nky dr\u017eali.<\/h4>\n<p>Ak sa dobre pam\u00e4t\u00e1te, v\u00a0druhej polovici marca minul\u00e9ho roka sme v\u00e1s informovali, \u017ee sa chyst\u00e1me nie\u010do zmeni\u0165 s\u00a0na\u0161ou zastaranou a stagnuj\u00facou platformou. Po takmer dek\u00e1de jednozna\u010dne dosl\u00fa\u017eila, ba aj ist\u00fd \u010das presluhovala. To si mus\u00edme prizna\u0165. N\u00e1\u0161 predch\u00e1dzaj\u00faci CMS syst\u00e9m nebol najmlad\u0161\u00ed a\u00a0ako sa uk\u00e1zalo, \u010dasom mohol od\u00eds\u0165 \u00faplne a\u00a0s\u00a0t\u00fdm sme sa nechceli zmieri\u0165. Roky pr\u00e1ce by boli nen\u00e1vratne pre\u010d.<\/p>\n<p>Prv\u00e9 smel\u00e9 pl\u00e1ny spo\u010d\u00edvali v\u00a0nasaden\u00ed vysok\u00e9ho tempa, dobrovo\u013en\u00fdch pr\u00edspevkov a\u00a0ochotn\u00edckej spolupr\u00e1ce. Len\u017ee ako sa uk\u00e1zalo, svet v\u00fdvoja digit\u00e1lneho priestoru nie je tak\u00fd jednoduch\u00fd, ako sme si mysleli. Chce to \u010das a\u00a0aj invest\u00edcie, ktor\u00e9 na na\u0161e pomery s\u00fa ur\u010dite limitovan\u00e9. S\u00a0t\u00fdm \u010dasom to je mo\u017eno e\u0161te hor\u0161ie.<\/p>\n<p>Zos\u00faladi\u0165 dobr\u00fa v\u00f4\u013eu, vo\u013en\u00fd \u010das a\u00a0ve\u013ea pr\u00e1ce? Veru, uplietli sme si na seba bi\u010d. Entuziazmus r\u00fdchlo vyprchal, prvotn\u00e9 pl\u00e1ny padli a\u00a0museli sme si prejs\u0165 obdob\u00edm, kedy tento projekt st\u00e1l na bode mrazu. S\u00a0nevedom\u00edm, \u010di ho e\u0161te niekedy o\u017eiv\u00edme. Nemohli sme sa spolieha\u0165 na finan\u010dn\u00fa pomoc od v\u00e1s a\u00a0\u00faprimne, nestoj\u00ed n\u00e1m za to investova\u0165 naozaj ve\u013ek\u00fd obnos pe\u0148az\u00ed do nie\u010doho, \u010do doteraz fungovalo zadarmo. Ke\u010f sme sa chceli obr\u00e1ti\u0165 na profesion\u00e1lov, p\u00e1lky pon\u00fak zatv\u00e1rali dvere v\u0161etk\u00fdm mo\u017enostiam.<\/p>\n<h4>Prechod na WordPress<\/h4>\n<p>Ocitli sme sa v\u00a0slepej uli\u010dke a\u00a0zdanliv\u00fd \u00fanik predstavovala rada pusti\u0165 sa do toho svojpomocne. Po chv\u00ed\u013eke v\u00e1hania nad vlastn\u00fdmi schopnos\u0165ami sme pustili do pr\u00e1ce. Treba kon\u0161tatova\u0165, \u017ee zvolenie WordPressu n\u00e1m v\u00fdrazne u\u013eah\u010dilo \u017eivot bez program\u00e1torsk\u00e9ho nadania. Pr\u00e1ce za\u010dali koncom novembra a naj\u0165a\u017e\u0161iu, respekt\u00edve najzd\u013ahavej\u0161iu \u010das\u0165 \u2013 manu\u00e1lne migrovanie arch\u00edvu star\u00e9ho webu \u2013 sa n\u00e1m podarilo sfinalizova\u0165 po\u010das febru\u00e1ra, kedy u\u017e bola str\u00e1nka v\u00a0podstate vystavan\u00e1 a\u00a0dola\u010fovali sme detaily.<\/p>\n<p>Av\u0161ak museli sme prist\u00fapi\u0165 aj na nejak\u00e9 tie kompromisy. Asi najz\u00e1va\u017enej\u0161\u00edm bola nemo\u017enos\u0165 prenesenia takmer desa\u0165ro\u010dnej diskusie, v\u00a0podobe v\u0161etk\u00fdch va\u0161ich koment\u00e1rov. Bohu\u017eia\u013e, je to da\u0148, ktor\u00fa sme museli zaplati\u0165. Takisto kv\u00f4li n\u00e1ro\u010dnosti a\u00a0zd\u013ahavosti sme v\u00e4\u010d\u0161inu \u010dl\u00e1nkov kop\u00edrovali bez obr\u00e1zkov\u00e9ho obsahu. St\u00e1le ho v\u0161ak pri nov\u00fdch \u010dl\u00e1nkoch budeme produkova\u0165.<\/p>\n<p>Pri dizajne sme stavili na jednoduchos\u0165 a\u00a0preh\u013eadnos\u0165, ktor\u00e1 zdobila n\u00e1\u0161 predch\u00e1dzaj\u00faci web. \u010co sa t\u00fdka fontu, takisto sme prihliadali na zrakovo postihnut\u00fdch. V\u00a0horizont\u00e1lnom menu n\u00e1jdete u\u017eito\u010dn\u00e9 \u010dlenenie kateg\u00f3rii v\u0161etk\u00fdch \u010dl\u00e1nkov pod Spravodajstvom, aktu\u00e1lne rozpisy a\u00a0\u0161tatistiky pod Sez\u00f3nou. Ostatn\u00e9 polo\u017eky s\u00fa v\u00e1m ur\u010dite zn\u00e1me zo star\u00e9ho rozhrania. Priestor pre prv\u00fd a\u00a0ve\u013ek\u00fd \u010dl\u00e1nok, ved\u013ea ktor\u00e9ho je situovan\u00fd zoznam najnov\u0161\u00edch koment\u00e1rov, bude v\u017edy obsahova\u0165 aktu\u00e1lnu t\u00e9mu na diskusiu. \u010ci u\u017e to bude rozhovor, blog alebo prestupov\u00e9 okno.<\/p>\n<h4>Na va\u0161ich n\u00e1zoroch z\u00e1le\u017e\u00ed<\/h4>\n<p>Budeme ve\u013emi radi, ak si nov\u00fa str\u00e1nku preklik\u00e1te a d\u00e1te n\u00e1m sp\u00e4tn\u00fa v\u00e4zbu (pozit\u00edvnu\/negat\u00edvnu\/technick\u00e9 chyby) pod tento \u010dl\u00e1nok vo forme koment\u00e1rov. Pr\u00edpadne, ak by ste chceli trochu inovova\u0165 obsah, pora\u010fte n\u00e1m, \u010do v\u00e1m ch\u00fdba. Viac \u010dl\u00e1nkov o hist\u00f3rii, legend\u00e1ch? Viac rozhovorov? Je to na v\u00e1s. Syst\u00e9m registrovania je jednoduch\u00fd, netreba v\u00e1ha\u0165. Ak v\u00e1m nie\u010do nebude fungova\u0165, nap\u00ed\u0161te n\u00e1m na <a href=\"mailto:czskevertonians@gmail.com\">czskevertonians@gmail.com<\/a>. Budeme sa sna\u017ei\u0165 \u010do najlep\u0161ie pom\u00f4c\u0165 a\u00a0vyhovie\u0165.<\/p>\n<p>Na z\u00e1ver, \u010do by najd\u00f4le\u017eitej\u0161ia \u010das\u0165, patr\u00ed po\u010fakovanie z\u00fa\u010dastnen\u00fdm, ktor\u00ed podporili vznik nov\u00e9ho domova pre na\u0161u futbalov\u00fa v\u00e1\u0161e\u0148. V\u00a0prvom rade to je spoluzakladate\u013e str\u00e1nky, Ri\u010di. Po\u010fakovanie za trpezlivos\u0165 a\u00a0trv\u00e1cnu neochvejnos\u0165. \u010ealej \u010fakujem kamar\u00e1tovi Dami\u00e1novi, ktor\u00fd poskytol svoj hosting a vedomosti po\u010das v\u00fdstavby, a tie\u017e\u00a0vykonal migr\u00e1ciu na na\u0161u dom\u00e9nu. Na\u00a0GDPR si posvietil godison a nesmiem tie\u017e zabudn\u00fa\u0165 na pomoc pri ru\u010dnom s\u0165ahovan\u00ed na\u0161ich 1628 p\u00edsomnost\u00ed. V\u00a0tej mne a\u00a0Ri\u010dimu pomohla Cattyblue. Ruku k\u00a0dielu pridal aj rival z\u00a0t\u00e1bora Gunners, Boris. Futbal jednoducho sp\u00e1ja&#8230;<\/p>\n<p>\u010eakujeme a\u00a0ospravedl\u0148ujeme sa za me\u0161kanie!<\/p>\n<p style=\"text-align: right;\"><strong>Redaktori EvertonFC.cz<\/strong><\/p>\n<h3 style=\"text-align: center;\"><span style=\"color: #0000ff;\"><strong>Up The Toffees!!!<\/strong><\/span><\/h3>\n","protected":false},"excerpt":{"rendered":"<p>\u201eOtvorte sa zmen\u00e1m, ale nestr\u00e1cajte svoje vlastn\u00e9 hodnoty.\u201c Presne tohto cit\u00e1tu sme po deviatich rokoch pri tvoren\u00ed novej web str\u00e1nky dr\u017eali.<\/p>\n","protected":false},"author":1,"featured_media":6861,"comment_status":"open","ping_status":"closed","sticky":false,"template":"","format":"standard","meta":{"_eb_attr":"","_monsterinsights_skip_tracking":false,"_monsterinsights_sitenote_active":false,"_monsterinsights_sitenote_note":"","_monsterinsights_sitenote_category":0,"footnotes":""},"categories":[85],"tags":[],"yoast_head":"<!-- This site is optimized with the Yoast SEO plugin v23.4 - https:\/\/yoast.com\/wordpress\/plugins\/seo\/ -->\n<title>Vitajte! V\u00e1\u0161 nov\u00fd domov... - Official Czech &amp; Slovak Everton Supporters&#039; Club<\/title>\n<meta name=\"robots\" content=\"index, follow, max-snippet:-1, max-image-preview:large, max-video-preview:-1\" \/>\n<link rel=\"canonical\" href=\"https:\/\/evertonfc.cz\/index.php\/2019\/03\/11\/vitajte-vas-novy-domov\/\" \/>\n<meta property=\"og:locale\" content=\"cs_CZ\" \/>\n<meta property=\"og:type\" content=\"article\" \/>\n<meta property=\"og:title\" content=\"Vitajte! V\u00e1\u0161 nov\u00fd domov... - Official Czech &amp; Slovak Everton Supporters&#039; Club\" \/>\n<meta property=\"og:description\" content=\"\u201eOtvorte sa zmen\u00e1m, ale nestr\u00e1cajte svoje vlastn\u00e9 hodnoty.\u201c Presne tohto cit\u00e1tu sme po deviatich rokoch pri tvoren\u00ed novej web str\u00e1nky dr\u017eali.\" \/>\n<meta property=\"og:url\" content=\"https:\/\/evertonfc.cz\/index.php\/2019\/03\/11\/vitajte-vas-novy-domov\/\" \/>\n<meta property=\"og:site_name\" content=\"Official Czech &amp; Slovak Everton Supporters&#039; Club\" \/>\n<meta property=\"article:publisher\" content=\"https:\/\/www.facebook.com\/everton.fans.cz.sk\" \/>\n<meta property=\"article:published_time\" content=\"2019-03-11T15:00:35+00:00\" \/>\n<meta property=\"article:modified_time\" content=\"2020-04-28T14:00:29+00:00\" \/>\n<meta property=\"og:image\" content=\"https:\/\/evertonfc.cz\/wp-content\/uploads\/2019\/02\/rupto.jpg\" \/>\n\t<meta property=\"og:image:width\" content=\"720\" \/>\n\t<meta property=\"og:image:height\" content=\"405\" \/>\n\t<meta property=\"og:image:type\" content=\"image\/jpeg\" \/>\n<meta name=\"author\" content=\"BlueBlooded\" \/>\n<meta name=\"twitter:card\" content=\"summary_large_image\" \/>\n<meta name=\"twitter:label1\" content=\"Napsal(a)\" \/>\n\t<meta name=\"twitter:data1\" content=\"BlueBlooded\" \/>\n\t<meta name=\"twitter:label2\" content=\"Odhadovan\u00e1 doba \u010dten\u00ed\" \/>\n\t<meta name=\"twitter:data2\" content=\"4 minuty\" \/>\n<script type=\"application\/ld+json\" class=\"yoast-schema-graph\">{\"@context\":\"https:\/\/schema.org\",\"@graph\":[{\"@type\":\"Article\",\"@id\":\"https:\/\/evertonfc.cz\/index.php\/2019\/03\/11\/vitajte-vas-novy-domov\/#article\",\"isPartOf\":{\"@id\":\"https:\/\/evertonfc.cz\/index.php\/2019\/03\/11\/vitajte-vas-novy-domov\/\"},\"author\":{\"name\":\"BlueBlooded\",\"@id\":\"https:\/\/evertonfc.cz\/#\/schema\/person\/d4493b8cbea51532597fbc4685698916\"},\"headline\":\"Vitajte! V\u00e1\u0161 nov\u00fd domov&#8230;\",\"datePublished\":\"2019-03-11T15:00:35+00:00\",\"dateModified\":\"2020-04-28T14:00:29+00:00\",\"mainEntityOfPage\":{\"@id\":\"https:\/\/evertonfc.cz\/index.php\/2019\/03\/11\/vitajte-vas-novy-domov\/\"},\"wordCount\":811,\"commentCount\":7,\"publisher\":{\"@id\":\"https:\/\/evertonfc.cz\/#organization\"},\"image\":{\"@id\":\"https:\/\/evertonfc.cz\/index.php\/2019\/03\/11\/vitajte-vas-novy-domov\/#primaryimage\"},\"thumbnailUrl\":\"https:\/\/evertonfc.cz\/wp-content\/uploads\/2019\/02\/rupto.jpg\",\"articleSection\":[\"Supporters' Club\"],\"inLanguage\":\"cs\",\"potentialAction\":[{\"@type\":\"CommentAction\",\"name\":\"Comment\",\"target\":[\"https:\/\/evertonfc.cz\/index.php\/2019\/03\/11\/vitajte-vas-novy-domov\/#respond\"]}]},{\"@type\":\"WebPage\",\"@id\":\"https:\/\/evertonfc.cz\/index.php\/2019\/03\/11\/vitajte-vas-novy-domov\/\",\"url\":\"https:\/\/evertonfc.cz\/index.php\/2019\/03\/11\/vitajte-vas-novy-domov\/\",\"name\":\"Vitajte! V\u00e1\u0161 nov\u00fd domov... - Official Czech &amp; Slovak Everton Supporters&#039; Club\",\"isPartOf\":{\"@id\":\"https:\/\/evertonfc.cz\/#website\"},\"primaryImageOfPage\":{\"@id\":\"https:\/\/evertonfc.cz\/index.php\/2019\/03\/11\/vitajte-vas-novy-domov\/#primaryimage\"},\"image\":{\"@id\":\"https:\/\/evertonfc.cz\/index.php\/2019\/03\/11\/vitajte-vas-novy-domov\/#primaryimage\"},\"thumbnailUrl\":\"https:\/\/evertonfc.cz\/wp-content\/uploads\/2019\/02\/rupto.jpg\",\"datePublished\":\"2019-03-11T15:00:35+00:00\",\"dateModified\":\"2020-04-28T14:00:29+00:00\",\"breadcrumb\":{\"@id\":\"https:\/\/evertonfc.cz\/index.php\/2019\/03\/11\/vitajte-vas-novy-domov\/#breadcrumb\"},\"inLanguage\":\"cs\",\"potentialAction\":[{\"@type\":\"ReadAction\",\"target\":[\"https:\/\/evertonfc.cz\/index.php\/2019\/03\/11\/vitajte-vas-novy-domov\/\"]}]},{\"@type\":\"ImageObject\",\"inLanguage\":\"cs\",\"@id\":\"https:\/\/evertonfc.cz\/index.php\/2019\/03\/11\/vitajte-vas-novy-domov\/#primaryimage\",\"url\":\"https:\/\/evertonfc.cz\/wp-content\/uploads\/2019\/02\/rupto.jpg\",\"contentUrl\":\"https:\/\/evertonfc.cz\/wp-content\/uploads\/2019\/02\/rupto.jpg\",\"width\":720,\"height\":405},{\"@type\":\"BreadcrumbList\",\"@id\":\"https:\/\/evertonfc.cz\/index.php\/2019\/03\/11\/vitajte-vas-novy-domov\/#breadcrumb\",\"itemListElement\":[{\"@type\":\"ListItem\",\"position\":1,\"name\":\"Home\",\"item\":\"https:\/\/evertonfc.cz\/\"},{\"@type\":\"ListItem\",\"position\":2,\"name\":\"Vitajte! V\u00e1\u0161 nov\u00fd domov&#8230;\"}]},{\"@type\":\"WebSite\",\"@id\":\"https:\/\/evertonfc.cz\/#website\",\"url\":\"https:\/\/evertonfc.cz\/\",\"name\":\"Official Czech &amp; Slovak Everton Supporters&#039; Club\",\"description\":\"\",\"publisher\":{\"@id\":\"https:\/\/evertonfc.cz\/#organization\"},\"potentialAction\":[{\"@type\":\"SearchAction\",\"target\":{\"@type\":\"EntryPoint\",\"urlTemplate\":\"https:\/\/evertonfc.cz\/?s={search_term_string}\"},\"query-input\":{\"@type\":\"PropertyValueSpecification\",\"valueRequired\":true,\"valueName\":\"search_term_string\"}}],\"inLanguage\":\"cs\"},{\"@type\":\"Organization\",\"@id\":\"https:\/\/evertonfc.cz\/#organization\",\"name\":\"Official Czech & Slovak Everton Supporters' Club\",\"url\":\"https:\/\/evertonfc.cz\/\",\"logo\":{\"@type\":\"ImageObject\",\"inLanguage\":\"cs\",\"@id\":\"https:\/\/evertonfc.cz\/#\/schema\/logo\/image\/\",\"url\":\"https:\/\/evertonfc.cz\/wp-content\/uploads\/2019\/05\/logo.png\",\"contentUrl\":\"https:\/\/evertonfc.cz\/wp-content\/uploads\/2019\/05\/logo.png\",\"width\":112,\"height\":112,\"caption\":\"Official Czech & Slovak Everton Supporters' Club\"},\"image\":{\"@id\":\"https:\/\/evertonfc.cz\/#\/schema\/logo\/image\/\"},\"sameAs\":[\"https:\/\/www.facebook.com\/everton.fans.cz.sk\"]},{\"@type\":\"Person\",\"@id\":\"https:\/\/evertonfc.cz\/#\/schema\/person\/d4493b8cbea51532597fbc4685698916\",\"name\":\"BlueBlooded\",\"url\":\"https:\/\/evertonfc.cz\/index.php\/author\/admin\/\"}]}<\/script>\n<!-- \/ Yoast SEO plugin. -->","yoast_head_json":{"title":"Vitajte! V\u00e1\u0161 nov\u00fd domov... - Official Czech &amp; Slovak Everton Supporters&#039; Club","robots":{"index":"index","follow":"follow","max-snippet":"max-snippet:-1","max-image-preview":"max-image-preview:large","max-video-preview":"max-video-preview:-1"},"canonical":"https:\/\/evertonfc.cz\/index.php\/2019\/03\/11\/vitajte-vas-novy-domov\/","og_locale":"cs_CZ","og_type":"article","og_title":"Vitajte! V\u00e1\u0161 nov\u00fd domov... - Official Czech &amp; Slovak Everton Supporters&#039; Club","og_description":"\u201eOtvorte sa zmen\u00e1m, ale nestr\u00e1cajte svoje vlastn\u00e9 hodnoty.\u201c Presne tohto cit\u00e1tu sme po deviatich rokoch pri tvoren\u00ed novej web str\u00e1nky dr\u017eali.","og_url":"https:\/\/evertonfc.cz\/index.php\/2019\/03\/11\/vitajte-vas-novy-domov\/","og_site_name":"Official Czech &amp; Slovak Everton Supporters&#039; Club","article_publisher":"https:\/\/www.facebook.com\/everton.fans.cz.sk","article_published_time":"2019-03-11T15:00:35+00:00","article_modified_time":"2020-04-28T14:00:29+00:00","og_image":[{"width":720,"height":405,"url":"https:\/\/evertonfc.cz\/wp-content\/uploads\/2019\/02\/rupto.jpg","type":"image\/jpeg"}],"author":"BlueBlooded","twitter_card":"summary_large_image","twitter_misc":{"Napsal(a)":"BlueBlooded","Odhadovan\u00e1 doba \u010dten\u00ed":"4 minuty"},"schema":{"@context":"https:\/\/schema.org","@graph":[{"@type":"Article","@id":"https:\/\/evertonfc.cz\/index.php\/2019\/03\/11\/vitajte-vas-novy-domov\/#article","isPartOf":{"@id":"https:\/\/evertonfc.cz\/index.php\/2019\/03\/11\/vitajte-vas-novy-domov\/"},"author":{"name":"BlueBlooded","@id":"https:\/\/evertonfc.cz\/#\/schema\/person\/d4493b8cbea51532597fbc4685698916"},"headline":"Vitajte! V\u00e1\u0161 nov\u00fd domov&#8230;","datePublished":"2019-03-11T15:00:35+00:00","dateModified":"2020-04-28T14:00:29+00:00","mainEntityOfPage":{"@id":"https:\/\/evertonfc.cz\/index.php\/2019\/03\/11\/vitajte-vas-novy-domov\/"},"wordCount":811,"commentCount":7,"publisher":{"@id":"https:\/\/evertonfc.cz\/#organization"},"image":{"@id":"https:\/\/evertonfc.cz\/index.php\/2019\/03\/11\/vitajte-vas-novy-domov\/#primaryimage"},"thumbnailUrl":"https:\/\/evertonfc.cz\/wp-content\/uploads\/2019\/02\/rupto.jpg","articleSection":["Supporters' Club"],"inLanguage":"cs","potentialAction":[{"@type":"CommentAction","name":"Comment","target":["https:\/\/evertonfc.cz\/index.php\/2019\/03\/11\/vitajte-vas-novy-domov\/#respond"]}]},{"@type":"WebPage","@id":"https:\/\/evertonfc.cz\/index.php\/2019\/03\/11\/vitajte-vas-novy-domov\/","url":"https:\/\/evertonfc.cz\/index.php\/2019\/03\/11\/vitajte-vas-novy-domov\/","name":"Vitajte! V\u00e1\u0161 nov\u00fd domov... - Official Czech &amp; Slovak Everton Supporters&#039; Club","isPartOf":{"@id":"https:\/\/evertonfc.cz\/#website"},"primaryImageOfPage":{"@id":"https:\/\/evertonfc.cz\/index.php\/2019\/03\/11\/vitajte-vas-novy-domov\/#primaryimage"},"image":{"@id":"https:\/\/evertonfc.cz\/index.php\/2019\/03\/11\/vitajte-vas-novy-domov\/#primaryimage"},"thumbnailUrl":"https:\/\/evertonfc.cz\/wp-content\/uploads\/2019\/02\/rupto.jpg","datePublished":"2019-03-11T15:00:35+00:00","dateModified":"2020-04-28T14:00:29+00:00","breadcrumb":{"@id":"https:\/\/evertonfc.cz\/index.php\/2019\/03\/11\/vitajte-vas-novy-domov\/#breadcrumb"},"inLanguage":"cs","potentialAction":[{"@type":"ReadAction","target":["https:\/\/evertonfc.cz\/index.php\/2019\/03\/11\/vitajte-vas-novy-domov\/"]}]},{"@type":"ImageObject","inLanguage":"cs","@id":"https:\/\/evertonfc.cz\/index.php\/2019\/03\/11\/vitajte-vas-novy-domov\/#primaryimage","url":"https:\/\/evertonfc.cz\/wp-content\/uploads\/2019\/02\/rupto.jpg","contentUrl":"https:\/\/evertonfc.cz\/wp-content\/uploads\/2019\/02\/rupto.jpg","width":720,"height":405},{"@type":"BreadcrumbList","@id":"https:\/\/evertonfc.cz\/index.php\/2019\/03\/11\/vitajte-vas-novy-domov\/#breadcrumb","itemListElement":[{"@type":"ListItem","position":1,"name":"Home","item":"https:\/\/evertonfc.cz\/"},{"@type":"ListItem","position":2,"name":"Vitajte! V\u00e1\u0161 nov\u00fd domov&#8230;"}]},{"@type":"WebSite","@id":"https:\/\/evertonfc.cz\/#website","url":"https:\/\/evertonfc.cz\/","name":"Official Czech &amp; Slovak Everton Supporters&#039; Club","description":"","publisher":{"@id":"https:\/\/evertonfc.cz\/#organization"},"potentialAction":[{"@type":"SearchAction","target":{"@type":"EntryPoint","urlTemplate":"https:\/\/evertonfc.cz\/?s={search_term_string}"},"query-input":{"@type":"PropertyValueSpecification","valueRequired":true,"valueName":"search_term_string"}}],"inLanguage":"cs"},{"@type":"Organization","@id":"https:\/\/evertonfc.cz\/#organization","name":"Official Czech & Slovak Everton Supporters' Club","url":"https:\/\/evertonfc.cz\/","logo":{"@type":"ImageObject","inLanguage":"cs","@id":"https:\/\/evertonfc.cz\/#\/schema\/logo\/image\/","url":"https:\/\/evertonfc.cz\/wp-content\/uploads\/2019\/05\/logo.png","contentUrl":"https:\/\/evertonfc.cz\/wp-content\/uploads\/2019\/05\/logo.png","width":112,"height":112,"caption":"Official Czech & Slovak Everton Supporters' Club"},"image":{"@id":"https:\/\/evertonfc.cz\/#\/schema\/logo\/image\/"},"sameAs":["https:\/\/www.facebook.com\/everton.fans.cz.sk"]},{"@type":"Person","@id":"https:\/\/evertonfc.cz\/#\/schema\/person\/d4493b8cbea51532597fbc4685698916","name":"BlueBlooded","url":"https:\/\/evertonfc.cz\/index.php\/author\/admin\/"}]}},"_links":{"self":[{"href":"https:\/\/evertonfc.cz\/index.php\/wp-json\/wp\/v2\/posts\/6800"}],"collection":[{"href":"https:\/\/evertonfc.cz\/index.php\/wp-json\/wp\/v2\/posts"}],"about":[{"href":"https:\/\/evertonfc.cz\/index.php\/wp-json\/wp\/v2\/types\/post"}],"author":[{"embeddable":true,"href":"https:\/\/evertonfc.cz\/index.php\/wp-json\/wp\/v2\/users\/1"}],"replies":[{"embeddable":true,"href":"https:\/\/evertonfc.cz\/index.php\/wp-json\/wp\/v2\/comments?post=6800"}],"version-history":[{"count":8,"href":"https:\/\/evertonfc.cz\/index.php\/wp-json\/wp\/v2\/posts\/6800\/revisions"}],"predecessor-version":[{"id":10941,"href":"https:\/\/evertonfc.cz\/index.php\/wp-json\/wp\/v2\/posts\/6800\/revisions\/10941"}],"wp:featuredmedia":[{"embeddable":true,"href":"https:\/\/evertonfc.cz\/index.php\/wp-json\/wp\/v2\/media\/6861"}],"wp:attachment":[{"href":"https:\/\/evertonfc.cz\/index.php\/wp-json\/wp\/v2\/media?parent=6800"}],"wp:term":[{"taxonomy":"category","embeddable":true,"href":"https:\/\/evertonfc.cz\/index.php\/wp-json\/wp\/v2\/categories?post=6800"},{"taxonomy":"post_tag","embeddable":true,"href":"https:\/\/evertonfc.cz\/index.php\/wp-json\/wp\/v2\/tags?post=6800"}],"curies":[{"name":"wp","href":"https:\/\/api.w.org\/{rel}","templated":true}]}}