{"id":6819,"date":"2019-02-25T21:19:58","date_gmt":"2019-02-25T20:19:58","guid":{"rendered":"http:\/\/evertonfc.cz\/?p=6819"},"modified":"2019-02-27T14:15:09","modified_gmt":"2019-02-27T13:15:09","slug":"everton-urovnal-spor-s-watfordem-ohledne-silvy","status":"publish","type":"post","link":"https:\/\/evertonfc.cz\/index.php\/2019\/02\/25\/everton-urovnal-spor-s-watfordem-ohledne-silvy\/","title":{"rendered":"Everton urovnal spor s Watfordem ohledn\u011b Silvy"},"content":{"rendered":"<h4>Everton a Watford se podle ofici\u00e1ln\u00edho prohl\u00e1\u0161en\u00ed zve\u0159ejn\u011bn\u00e9ho ob\u011bma kluby dohodly na \u201csm\u00edrn\u00e9m \u0159e\u0161en\u00ed\u201c sporu ohledn\u011b \u00fadajn\u00e9ho nedovolen\u00e9ho pokusu Toffees anga\u017eovat mana\u017eera Marca Silvu.<\/h4>\n<p>Veden\u00ed Hornets na ja\u0159e 2018 podalo form\u00e1ln\u00ed st\u00ed\u017enost k Premier League v\u016f\u010di Evertonu. Podle n\u00e1zoru hertfordshirsk\u00e9ho klubu se Merseysiders m\u011bli v listopadu 2017 po vyhazovu mana\u017eera Ronalda Koemana sna\u017eit zl\u00e1kat Silvu do sv\u00fdch \u0159ad za pomoc\u00ed neleg\u00e1ln\u00edch praktik.<\/p>\n<p>Toffees tehdy, jak informovala britsk\u00e1 m\u00e9dia, nab\u00edzeli Watfordu za Silvu od\u0161kodn\u00e9 a\u017e ve v\u00fd\u0161i 15 milion\u016f liber. Klub z Vicarage Road byl ale v zam\u00edtav\u00e9m postoji neoblomn\u00fd a sv\u00e9ho mana\u017eera neuvolnil.<\/p>\n<p>Silva za n\u011bkolik dal\u0161\u00edch t\u00fddn\u016f v lednu 2018 ale\u00a0Watford p\u0159eci jenom opustil, kdy\u017e byl propu\u0161t\u011bn kv\u016fli zhor\u0161en\u00fdm v\u00fdsledk\u016fm. Hornets z\u00e1rove\u0148 v prohl\u00e1\u0161en\u00ed na klubov\u00e9m webu nep\u0159\u00edmo obvinili Everton, \u017ee sv\u00fdm z\u00e1jmem o Silvu naru\u0161il jeho koncentraci, co\u017e zap\u0159\u00ed\u010dinilo pokles formy cel\u00e9ho t\u00fdmu.<\/p>\n<p>Everton nakonec Koemana nahradil zku\u0161en\u00fdm Samem Allardycem, jeho\u017e v\u0161ak na konci sez\u00f3ny propustil, a na op\u011btovn\u00e9 uvoln\u011bn\u00e9 m\u00edsto dosadil pr\u00e1v\u011b Portugalce Silvu.<\/p>\n<p>Pokud by Premier League uznala praktiky Evertonu p\u0159i anga\u017eov\u00e1n\u00ed Silvy za neleg\u00e1ln\u00ed, hrozila by Toffees vysok\u00e1 pokuta, nebo v\u00a0nejhor\u0161\u00edm p\u0159\u00edpad\u011b spolu s\u00a0finan\u010dn\u00ed sankc\u00ed i ode\u010det bod\u016f.<\/p>\n<p>Po m\u011bs\u00edc\u00edch bez\u00fasp\u011b\u0161n\u00fdch jedn\u00e1n\u00edch ale nakonec kluby dosp\u011bly k vy\u0159e\u0161en\u00ed sporu mezi sebou, a tak Premier League nemus\u00ed vyn\u00e1\u0161et rozsudek. A\u010dkoliv ofici\u00e1ln\u011b nebyly odhaleny podrobnosti onoho \u201csm\u00edrn\u00e9ho \u0159e\u0161en\u00ed\u201c, britsk\u00fdmi m\u00e9dii se nej\u010dast\u011bji sklo\u0148uje \u010d\u00e1stka ve v\u00fd\u0161i 4 milion\u016f liber, kterou Everton zaplat\u00ed Watfordu. Kluby pouze uvedly, \u017ee \u201cji\u017e hodlaj\u00ed zapomenout na celou situaci a posunout se d\u00e1le\u201c.<\/p>\n","protected":false},"excerpt":{"rendered":"<p>Everton a Watford se podle ofici\u00e1ln\u00edho prohl\u00e1\u0161en\u00ed zve\u0159ejn\u011bn\u00e9ho ob\u011bma kluby dohodly na \u201csm\u00edrn\u00e9m \u0159e\u0161en\u00ed\u201c sporu ohledn\u011b \u00fadajn\u00e9ho nedovolen\u00e9ho pokusu Toffees anga\u017eovat mana\u017eera Marca Silvu.<\/p>\n","protected":false},"author":6,"featured_media":6818,"comment_status":"open","ping_status":"closed","sticky":false,"template":"","format":"standard","meta":{"_eb_attr":"","_monsterinsights_skip_tracking":false,"_monsterinsights_sitenote_active":false,"_monsterinsights_sitenote_note":"","_monsterinsights_sitenote_category":0,"footnotes":""},"categories":[42],"tags":[],"yoast_head":"<!-- This site is optimized with the Yoast SEO plugin v23.4 - https:\/\/yoast.com\/wordpress\/plugins\/seo\/ -->\n<title>Everton urovnal spor s Watfordem ohledn\u011b Silvy - Official Czech &amp; Slovak Everton Supporters&#039; Club<\/title>\n<meta name=\"robots\" content=\"index, follow, max-snippet:-1, max-image-preview:large, max-video-preview:-1\" \/>\n<link rel=\"canonical\" href=\"https:\/\/evertonfc.cz\/index.php\/2019\/02\/25\/everton-urovnal-spor-s-watfordem-ohledne-silvy\/\" \/>\n<meta property=\"og:locale\" content=\"cs_CZ\" \/>\n<meta property=\"og:type\" content=\"article\" \/>\n<meta property=\"og:title\" content=\"Everton urovnal spor s Watfordem ohledn\u011b Silvy - Official Czech &amp; Slovak Everton Supporters&#039; Club\" \/>\n<meta property=\"og:description\" content=\"Everton a Watford se podle ofici\u00e1ln\u00edho prohl\u00e1\u0161en\u00ed zve\u0159ejn\u011bn\u00e9ho ob\u011bma kluby dohodly na \u201csm\u00edrn\u00e9m \u0159e\u0161en\u00ed\u201c sporu ohledn\u011b \u00fadajn\u00e9ho nedovolen\u00e9ho pokusu Toffees anga\u017eovat mana\u017eera Marca Silvu.\" \/>\n<meta property=\"og:url\" content=\"https:\/\/evertonfc.cz\/index.php\/2019\/02\/25\/everton-urovnal-spor-s-watfordem-ohledne-silvy\/\" \/>\n<meta property=\"og:site_name\" content=\"Official Czech &amp; Slovak Everton Supporters&#039; Club\" \/>\n<meta property=\"article:publisher\" content=\"https:\/\/www.facebook.com\/everton.fans.cz.sk\" \/>\n<meta property=\"article:published_time\" content=\"2019-02-25T20:19:58+00:00\" \/>\n<meta property=\"article:modified_time\" content=\"2019-02-27T13:15:09+00:00\" \/>\n<meta property=\"og:image\" content=\"https:\/\/evertonfc.cz\/wp-content\/uploads\/2019\/02\/silva_25_2_2019.jpg\" \/>\n\t<meta property=\"og:image:width\" content=\"720\" \/>\n\t<meta property=\"og:image:height\" content=\"405\" \/>\n\t<meta property=\"og:image:type\" content=\"image\/jpeg\" \/>\n<meta name=\"author\" content=\"Ri\u010di\" \/>\n<meta name=\"twitter:card\" content=\"summary_large_image\" \/>\n<meta name=\"twitter:creator\" content=\"@rbrejsa\" \/>\n<meta name=\"twitter:label1\" content=\"Napsal(a)\" \/>\n\t<meta name=\"twitter:data1\" content=\"Ri\u010di\" \/>\n\t<meta name=\"twitter:label2\" content=\"Odhadovan\u00e1 doba \u010dten\u00ed\" \/>\n\t<meta name=\"twitter:data2\" content=\"2 minuty\" \/>\n<script type=\"application\/ld+json\" class=\"yoast-schema-graph\">{\"@context\":\"https:\/\/schema.org\",\"@graph\":[{\"@type\":\"Article\",\"@id\":\"https:\/\/evertonfc.cz\/index.php\/2019\/02\/25\/everton-urovnal-spor-s-watfordem-ohledne-silvy\/#article\",\"isPartOf\":{\"@id\":\"https:\/\/evertonfc.cz\/index.php\/2019\/02\/25\/everton-urovnal-spor-s-watfordem-ohledne-silvy\/\"},\"author\":{\"name\":\"Ri\u010di\",\"@id\":\"https:\/\/evertonfc.cz\/#\/schema\/person\/f7a5daedb2ffee98480bc70e191aaef1\"},\"headline\":\"Everton urovnal spor s Watfordem ohledn\u011b Silvy\",\"datePublished\":\"2019-02-25T20:19:58+00:00\",\"dateModified\":\"2019-02-27T13:15:09+00:00\",\"mainEntityOfPage\":{\"@id\":\"https:\/\/evertonfc.cz\/index.php\/2019\/02\/25\/everton-urovnal-spor-s-watfordem-ohledne-silvy\/\"},\"wordCount\":341,\"commentCount\":0,\"publisher\":{\"@id\":\"https:\/\/evertonfc.cz\/#organization\"},\"image\":{\"@id\":\"https:\/\/evertonfc.cz\/index.php\/2019\/02\/25\/everton-urovnal-spor-s-watfordem-ohledne-silvy\/#primaryimage\"},\"thumbnailUrl\":\"https:\/\/evertonfc.cz\/wp-content\/uploads\/2019\/02\/silva_25_2_2019.jpg\",\"articleSection\":[\"Aktuality\"],\"inLanguage\":\"cs\",\"potentialAction\":[{\"@type\":\"CommentAction\",\"name\":\"Comment\",\"target\":[\"https:\/\/evertonfc.cz\/index.php\/2019\/02\/25\/everton-urovnal-spor-s-watfordem-ohledne-silvy\/#respond\"]}]},{\"@type\":\"WebPage\",\"@id\":\"https:\/\/evertonfc.cz\/index.php\/2019\/02\/25\/everton-urovnal-spor-s-watfordem-ohledne-silvy\/\",\"url\":\"https:\/\/evertonfc.cz\/index.php\/2019\/02\/25\/everton-urovnal-spor-s-watfordem-ohledne-silvy\/\",\"name\":\"Everton urovnal spor s Watfordem ohledn\u011b Silvy - Official Czech &amp; Slovak Everton Supporters&#039; Club\",\"isPartOf\":{\"@id\":\"https:\/\/evertonfc.cz\/#website\"},\"primaryImageOfPage\":{\"@id\":\"https:\/\/evertonfc.cz\/index.php\/2019\/02\/25\/everton-urovnal-spor-s-watfordem-ohledne-silvy\/#primaryimage\"},\"image\":{\"@id\":\"https:\/\/evertonfc.cz\/index.php\/2019\/02\/25\/everton-urovnal-spor-s-watfordem-ohledne-silvy\/#primaryimage\"},\"thumbnailUrl\":\"https:\/\/evertonfc.cz\/wp-content\/uploads\/2019\/02\/silva_25_2_2019.jpg\",\"datePublished\":\"2019-02-25T20:19:58+00:00\",\"dateModified\":\"2019-02-27T13:15:09+00:00\",\"breadcrumb\":{\"@id\":\"https:\/\/evertonfc.cz\/index.php\/2019\/02\/25\/everton-urovnal-spor-s-watfordem-ohledne-silvy\/#breadcrumb\"},\"inLanguage\":\"cs\",\"potentialAction\":[{\"@type\":\"ReadAction\",\"target\":[\"https:\/\/evertonfc.cz\/index.php\/2019\/02\/25\/everton-urovnal-spor-s-watfordem-ohledne-silvy\/\"]}]},{\"@type\":\"ImageObject\",\"inLanguage\":\"cs\",\"@id\":\"https:\/\/evertonfc.cz\/index.php\/2019\/02\/25\/everton-urovnal-spor-s-watfordem-ohledne-silvy\/#primaryimage\",\"url\":\"https:\/\/evertonfc.cz\/wp-content\/uploads\/2019\/02\/silva_25_2_2019.jpg\",\"contentUrl\":\"https:\/\/evertonfc.cz\/wp-content\/uploads\/2019\/02\/silva_25_2_2019.jpg\",\"width\":720,\"height\":405},{\"@type\":\"BreadcrumbList\",\"@id\":\"https:\/\/evertonfc.cz\/index.php\/2019\/02\/25\/everton-urovnal-spor-s-watfordem-ohledne-silvy\/#breadcrumb\",\"itemListElement\":[{\"@type\":\"ListItem\",\"position\":1,\"name\":\"Home\",\"item\":\"https:\/\/evertonfc.cz\/\"},{\"@type\":\"ListItem\",\"position\":2,\"name\":\"Everton urovnal spor s Watfordem ohledn\u011b Silvy\"}]},{\"@type\":\"WebSite\",\"@id\":\"https:\/\/evertonfc.cz\/#website\",\"url\":\"https:\/\/evertonfc.cz\/\",\"name\":\"Official Czech &amp; Slovak Everton Supporters&#039; Club\",\"description\":\"\",\"publisher\":{\"@id\":\"https:\/\/evertonfc.cz\/#organization\"},\"potentialAction\":[{\"@type\":\"SearchAction\",\"target\":{\"@type\":\"EntryPoint\",\"urlTemplate\":\"https:\/\/evertonfc.cz\/?s={search_term_string}\"},\"query-input\":{\"@type\":\"PropertyValueSpecification\",\"valueRequired\":true,\"valueName\":\"search_term_string\"}}],\"inLanguage\":\"cs\"},{\"@type\":\"Organization\",\"@id\":\"https:\/\/evertonfc.cz\/#organization\",\"name\":\"Official Czech & Slovak Everton Supporters' Club\",\"url\":\"https:\/\/evertonfc.cz\/\",\"logo\":{\"@type\":\"ImageObject\",\"inLanguage\":\"cs\",\"@id\":\"https:\/\/evertonfc.cz\/#\/schema\/logo\/image\/\",\"url\":\"https:\/\/evertonfc.cz\/wp-content\/uploads\/2019\/05\/logo.png\",\"contentUrl\":\"https:\/\/evertonfc.cz\/wp-content\/uploads\/2019\/05\/logo.png\",\"width\":112,\"height\":112,\"caption\":\"Official Czech & Slovak Everton Supporters' Club\"},\"image\":{\"@id\":\"https:\/\/evertonfc.cz\/#\/schema\/logo\/image\/\"},\"sameAs\":[\"https:\/\/www.facebook.com\/everton.fans.cz.sk\"]},{\"@type\":\"Person\",\"@id\":\"https:\/\/evertonfc.cz\/#\/schema\/person\/f7a5daedb2ffee98480bc70e191aaef1\",\"name\":\"Ri\u010di\",\"sameAs\":[\"https:\/\/x.com\/rbrejsa\"],\"url\":\"https:\/\/evertonfc.cz\/index.php\/author\/rici\/\"}]}<\/script>\n<!-- \/ Yoast SEO plugin. -->","yoast_head_json":{"title":"Everton urovnal spor s Watfordem ohledn\u011b Silvy - Official Czech &amp; Slovak Everton Supporters&#039; Club","robots":{"index":"index","follow":"follow","max-snippet":"max-snippet:-1","max-image-preview":"max-image-preview:large","max-video-preview":"max-video-preview:-1"},"canonical":"https:\/\/evertonfc.cz\/index.php\/2019\/02\/25\/everton-urovnal-spor-s-watfordem-ohledne-silvy\/","og_locale":"cs_CZ","og_type":"article","og_title":"Everton urovnal spor s Watfordem ohledn\u011b Silvy - Official Czech &amp; Slovak Everton Supporters&#039; Club","og_description":"Everton a Watford se podle ofici\u00e1ln\u00edho prohl\u00e1\u0161en\u00ed zve\u0159ejn\u011bn\u00e9ho ob\u011bma kluby dohodly na \u201csm\u00edrn\u00e9m \u0159e\u0161en\u00ed\u201c sporu ohledn\u011b \u00fadajn\u00e9ho nedovolen\u00e9ho pokusu Toffees anga\u017eovat mana\u017eera Marca Silvu.","og_url":"https:\/\/evertonfc.cz\/index.php\/2019\/02\/25\/everton-urovnal-spor-s-watfordem-ohledne-silvy\/","og_site_name":"Official Czech &amp; Slovak Everton Supporters&#039; Club","article_publisher":"https:\/\/www.facebook.com\/everton.fans.cz.sk","article_published_time":"2019-02-25T20:19:58+00:00","article_modified_time":"2019-02-27T13:15:09+00:00","og_image":[{"width":720,"height":405,"url":"https:\/\/evertonfc.cz\/wp-content\/uploads\/2019\/02\/silva_25_2_2019.jpg","type":"image\/jpeg"}],"author":"Ri\u010di","twitter_card":"summary_large_image","twitter_creator":"@rbrejsa","twitter_misc":{"Napsal(a)":"Ri\u010di","Odhadovan\u00e1 doba \u010dten\u00ed":"2 minuty"},"schema":{"@context":"https:\/\/schema.org","@graph":[{"@type":"Article","@id":"https:\/\/evertonfc.cz\/index.php\/2019\/02\/25\/everton-urovnal-spor-s-watfordem-ohledne-silvy\/#article","isPartOf":{"@id":"https:\/\/evertonfc.cz\/index.php\/2019\/02\/25\/everton-urovnal-spor-s-watfordem-ohledne-silvy\/"},"author":{"name":"Ri\u010di","@id":"https:\/\/evertonfc.cz\/#\/schema\/person\/f7a5daedb2ffee98480bc70e191aaef1"},"headline":"Everton urovnal spor s Watfordem ohledn\u011b Silvy","datePublished":"2019-02-25T20:19:58+00:00","dateModified":"2019-02-27T13:15:09+00:00","mainEntityOfPage":{"@id":"https:\/\/evertonfc.cz\/index.php\/2019\/02\/25\/everton-urovnal-spor-s-watfordem-ohledne-silvy\/"},"wordCount":341,"commentCount":0,"publisher":{"@id":"https:\/\/evertonfc.cz\/#organization"},"image":{"@id":"https:\/\/evertonfc.cz\/index.php\/2019\/02\/25\/everton-urovnal-spor-s-watfordem-ohledne-silvy\/#primaryimage"},"thumbnailUrl":"https:\/\/evertonfc.cz\/wp-content\/uploads\/2019\/02\/silva_25_2_2019.jpg","articleSection":["Aktuality"],"inLanguage":"cs","potentialAction":[{"@type":"CommentAction","name":"Comment","target":["https:\/\/evertonfc.cz\/index.php\/2019\/02\/25\/everton-urovnal-spor-s-watfordem-ohledne-silvy\/#respond"]}]},{"@type":"WebPage","@id":"https:\/\/evertonfc.cz\/index.php\/2019\/02\/25\/everton-urovnal-spor-s-watfordem-ohledne-silvy\/","url":"https:\/\/evertonfc.cz\/index.php\/2019\/02\/25\/everton-urovnal-spor-s-watfordem-ohledne-silvy\/","name":"Everton urovnal spor s Watfordem ohledn\u011b Silvy - Official Czech &amp; Slovak Everton Supporters&#039; Club","isPartOf":{"@id":"https:\/\/evertonfc.cz\/#website"},"primaryImageOfPage":{"@id":"https:\/\/evertonfc.cz\/index.php\/2019\/02\/25\/everton-urovnal-spor-s-watfordem-ohledne-silvy\/#primaryimage"},"image":{"@id":"https:\/\/evertonfc.cz\/index.php\/2019\/02\/25\/everton-urovnal-spor-s-watfordem-ohledne-silvy\/#primaryimage"},"thumbnailUrl":"https:\/\/evertonfc.cz\/wp-content\/uploads\/2019\/02\/silva_25_2_2019.jpg","datePublished":"2019-02-25T20:19:58+00:00","dateModified":"2019-02-27T13:15:09+00:00","breadcrumb":{"@id":"https:\/\/evertonfc.cz\/index.php\/2019\/02\/25\/everton-urovnal-spor-s-watfordem-ohledne-silvy\/#breadcrumb"},"inLanguage":"cs","potentialAction":[{"@type":"ReadAction","target":["https:\/\/evertonfc.cz\/index.php\/2019\/02\/25\/everton-urovnal-spor-s-watfordem-ohledne-silvy\/"]}]},{"@type":"ImageObject","inLanguage":"cs","@id":"https:\/\/evertonfc.cz\/index.php\/2019\/02\/25\/everton-urovnal-spor-s-watfordem-ohledne-silvy\/#primaryimage","url":"https:\/\/evertonfc.cz\/wp-content\/uploads\/2019\/02\/silva_25_2_2019.jpg","contentUrl":"https:\/\/evertonfc.cz\/wp-content\/uploads\/2019\/02\/silva_25_2_2019.jpg","width":720,"height":405},{"@type":"BreadcrumbList","@id":"https:\/\/evertonfc.cz\/index.php\/2019\/02\/25\/everton-urovnal-spor-s-watfordem-ohledne-silvy\/#breadcrumb","itemListElement":[{"@type":"ListItem","position":1,"name":"Home","item":"https:\/\/evertonfc.cz\/"},{"@type":"ListItem","position":2,"name":"Everton urovnal spor s Watfordem ohledn\u011b Silvy"}]},{"@type":"WebSite","@id":"https:\/\/evertonfc.cz\/#website","url":"https:\/\/evertonfc.cz\/","name":"Official Czech &amp; Slovak Everton Supporters&#039; Club","description":"","publisher":{"@id":"https:\/\/evertonfc.cz\/#organization"},"potentialAction":[{"@type":"SearchAction","target":{"@type":"EntryPoint","urlTemplate":"https:\/\/evertonfc.cz\/?s={search_term_string}"},"query-input":{"@type":"PropertyValueSpecification","valueRequired":true,"valueName":"search_term_string"}}],"inLanguage":"cs"},{"@type":"Organization","@id":"https:\/\/evertonfc.cz\/#organization","name":"Official Czech & Slovak Everton Supporters' Club","url":"https:\/\/evertonfc.cz\/","logo":{"@type":"ImageObject","inLanguage":"cs","@id":"https:\/\/evertonfc.cz\/#\/schema\/logo\/image\/","url":"https:\/\/evertonfc.cz\/wp-content\/uploads\/2019\/05\/logo.png","contentUrl":"https:\/\/evertonfc.cz\/wp-content\/uploads\/2019\/05\/logo.png","width":112,"height":112,"caption":"Official Czech & Slovak Everton Supporters' Club"},"image":{"@id":"https:\/\/evertonfc.cz\/#\/schema\/logo\/image\/"},"sameAs":["https:\/\/www.facebook.com\/everton.fans.cz.sk"]},{"@type":"Person","@id":"https:\/\/evertonfc.cz\/#\/schema\/person\/f7a5daedb2ffee98480bc70e191aaef1","name":"Ri\u010di","sameAs":["https:\/\/x.com\/rbrejsa"],"url":"https:\/\/evertonfc.cz\/index.php\/author\/rici\/"}]}},"_links":{"self":[{"href":"https:\/\/evertonfc.cz\/index.php\/wp-json\/wp\/v2\/posts\/6819"}],"collection":[{"href":"https:\/\/evertonfc.cz\/index.php\/wp-json\/wp\/v2\/posts"}],"about":[{"href":"https:\/\/evertonfc.cz\/index.php\/wp-json\/wp\/v2\/types\/post"}],"author":[{"embeddable":true,"href":"https:\/\/evertonfc.cz\/index.php\/wp-json\/wp\/v2\/users\/6"}],"replies":[{"embeddable":true,"href":"https:\/\/evertonfc.cz\/index.php\/wp-json\/wp\/v2\/comments?post=6819"}],"version-history":[{"count":14,"href":"https:\/\/evertonfc.cz\/index.php\/wp-json\/wp\/v2\/posts\/6819\/revisions"}],"predecessor-version":[{"id":6841,"href":"https:\/\/evertonfc.cz\/index.php\/wp-json\/wp\/v2\/posts\/6819\/revisions\/6841"}],"wp:featuredmedia":[{"embeddable":true,"href":"https:\/\/evertonfc.cz\/index.php\/wp-json\/wp\/v2\/media\/6818"}],"wp:attachment":[{"href":"https:\/\/evertonfc.cz\/index.php\/wp-json\/wp\/v2\/media?parent=6819"}],"wp:term":[{"taxonomy":"category","embeddable":true,"href":"https:\/\/evertonfc.cz\/index.php\/wp-json\/wp\/v2\/categories?post=6819"},{"taxonomy":"post_tag","embeddable":true,"href":"https:\/\/evertonfc.cz\/index.php\/wp-json\/wp\/v2\/tags?post=6819"}],"curies":[{"name":"wp","href":"https:\/\/api.w.org\/{rel}","templated":true}]}}