{"id":6837,"date":"2019-02-26T07:01:50","date_gmt":"2019-02-26T06:01:50","guid":{"rendered":"http:\/\/evertonfc.cz\/?p=6837"},"modified":"2019-02-27T07:02:49","modified_gmt":"2019-02-27T06:02:49","slug":"preview-cardiff-city-everton-2","status":"publish","type":"post","link":"https:\/\/evertonfc.cz\/index.php\/2019\/02\/26\/preview-cardiff-city-everton-2\/","title":{"rendered":"Preview: Cardiff City &#8211; Everton"},"content":{"rendered":"<h4>\u00danorov\u00e1 zah\u00e1lka je u konce, vlo\u017een\u00e9 kolo pos\u00edl\u00e1 Karamelky do hlavn\u00edho m\u011bsta Walesu.<\/h4>\n<p>Body pot\u0159ebuj\u00ed oba t\u00fdmy. Cardiff je po tragick\u00e9 smrti Saly st\u00e1le na prvn\u00ed nesestupov\u00e9 pozici, ale taky si l\u00ed\u017ee r\u00e1ny po dom\u00e1c\u00ed nakl\u00e1da\u010dce 1:5 od Watfordu, p\u0159i\u010dem\u017e hat-trickem p\u0159isp\u011bl n\u00e1m v\u0161em dob\u0159e zn\u00e1m\u00fd Deulofeu. Bluebirds tak\u00e9 p\u0159i\u0161li s pros\u00edkem v lednu k Evertonu &#8211; a usp\u011bli. Byl jim do konce sez\u00f3ny zap\u016fj\u010den\u00fd Niass\u00e9, o kter\u00e9m je v\u0161eobecn\u011b zn\u00e1mo, \u017ee ho ne\u010dek\u00e1 budoucnost u \u0159eky Mersey. V dne\u0161n\u00edm utk\u00e1n\u00ed ale jako hostuj\u00edc\u00ed hr\u00e1\u010d nastoupit nem\u016f\u017ee, nejsp\u00ed\u0161 ho nahrad\u00ed D\u00e1n Zohore.<\/p>\n<p>Evertonu bude chyb\u011bt zran\u011bn\u00fd Mina a jednoz\u00e1pasov\u00fd trest za vylou\u010den\u00ed si odpyk\u00e1v\u00e1 dal\u0161\u00ed stoper Zouma. Mocinky moc se tedy hod\u00ed uzdraven\u00ed Jagielky, m\u011bl by se ve st\u0159edu obrany postavit vedle Keana. I Baines je ji\u017e zdrav\u00fd, ale nejsp\u00ed\u0161 nastoup\u00ed vlevo Digne. Vpravo se o\u010dek\u00e1v\u00e1 nasazen\u00ed Kennyho. S\u00e1m jsem zv\u011bdav na \u00fato\u010dnou \u010d\u00e1st sestavy, zvolil bych na hrot Tosuna, doleva dal Richarlisona a doprava Lookmana.<\/p>\n<p><strong>Co:\u00a0<\/strong>Cardiff City FC \u2013 Everton FC, 28. kolo Premier League<br \/>\n<strong>Kdy:\u00a0<\/strong>26. 2. 2019 od 20:45 SE\u010c<br \/>\n<strong>Kde:<\/strong>\u00a0Cardiff City Stadium, Cardiff<br \/>\n<strong>Rozhod\u010d\u00ed:<\/strong>\u00a0Kevin Friend<\/p>\n","protected":false},"excerpt":{"rendered":"<p>\u00danorov\u00e1 zah\u00e1lka je u konce, vlo\u017een\u00e9 kolo pos\u00edl\u00e1 Karamelky do hlavn\u00edho m\u011bsta Walesu.<\/p>\n","protected":false},"author":12,"featured_media":6835,"comment_status":"open","ping_status":"closed","sticky":false,"template":"","format":"standard","meta":{"_eb_attr":"","_monsterinsights_skip_tracking":false,"_monsterinsights_sitenote_active":false,"_monsterinsights_sitenote_note":"","_monsterinsights_sitenote_category":0,"footnotes":""},"categories":[4],"tags":[],"yoast_head":"<!-- This site is optimized with the Yoast SEO plugin v23.4 - https:\/\/yoast.com\/wordpress\/plugins\/seo\/ -->\n<title>Preview: Cardiff City - Everton - Official Czech &amp; Slovak Everton Supporters&#039; Club<\/title>\n<meta name=\"robots\" content=\"index, follow, max-snippet:-1, max-image-preview:large, max-video-preview:-1\" \/>\n<link rel=\"canonical\" href=\"https:\/\/evertonfc.cz\/index.php\/2019\/02\/26\/preview-cardiff-city-everton-2\/\" \/>\n<meta property=\"og:locale\" content=\"cs_CZ\" \/>\n<meta property=\"og:type\" content=\"article\" \/>\n<meta property=\"og:title\" content=\"Preview: Cardiff City - Everton - Official Czech &amp; Slovak Everton Supporters&#039; Club\" \/>\n<meta property=\"og:description\" content=\"\u00danorov\u00e1 zah\u00e1lka je u konce, vlo\u017een\u00e9 kolo pos\u00edl\u00e1 Karamelky do hlavn\u00edho m\u011bsta Walesu.\" \/>\n<meta property=\"og:url\" content=\"https:\/\/evertonfc.cz\/index.php\/2019\/02\/26\/preview-cardiff-city-everton-2\/\" \/>\n<meta property=\"og:site_name\" content=\"Official Czech &amp; Slovak Everton Supporters&#039; Club\" \/>\n<meta property=\"article:publisher\" content=\"https:\/\/www.facebook.com\/everton.fans.cz.sk\" \/>\n<meta property=\"article:published_time\" content=\"2019-02-26T06:01:50+00:00\" \/>\n<meta property=\"article:modified_time\" content=\"2019-02-27T06:02:49+00:00\" \/>\n<meta property=\"og:image\" content=\"https:\/\/evertonfc.cz\/wp-content\/uploads\/2019\/02\/cardiff_26_2_2019.jpg\" \/>\n\t<meta property=\"og:image:width\" content=\"720\" \/>\n\t<meta property=\"og:image:height\" content=\"405\" \/>\n\t<meta property=\"og:image:type\" content=\"image\/jpeg\" \/>\n<meta name=\"author\" content=\"Javor\" \/>\n<meta name=\"twitter:card\" content=\"summary_large_image\" \/>\n<meta name=\"twitter:creator\" content=\"@LoudinJan\" \/>\n<meta name=\"twitter:label1\" content=\"Napsal(a)\" \/>\n\t<meta name=\"twitter:data1\" content=\"Javor\" \/>\n\t<meta name=\"twitter:label2\" content=\"Odhadovan\u00e1 doba \u010dten\u00ed\" \/>\n\t<meta name=\"twitter:data2\" content=\"1 minuta\" \/>\n<script type=\"application\/ld+json\" class=\"yoast-schema-graph\">{\"@context\":\"https:\/\/schema.org\",\"@graph\":[{\"@type\":\"Article\",\"@id\":\"https:\/\/evertonfc.cz\/index.php\/2019\/02\/26\/preview-cardiff-city-everton-2\/#article\",\"isPartOf\":{\"@id\":\"https:\/\/evertonfc.cz\/index.php\/2019\/02\/26\/preview-cardiff-city-everton-2\/\"},\"author\":{\"name\":\"Javor\",\"@id\":\"https:\/\/evertonfc.cz\/#\/schema\/person\/b30daf6a5852f4811f8207a17ec1bf78\"},\"headline\":\"Preview: Cardiff City &#8211; Everton\",\"datePublished\":\"2019-02-26T06:01:50+00:00\",\"dateModified\":\"2019-02-27T06:02:49+00:00\",\"mainEntityOfPage\":{\"@id\":\"https:\/\/evertonfc.cz\/index.php\/2019\/02\/26\/preview-cardiff-city-everton-2\/\"},\"wordCount\":230,\"commentCount\":0,\"publisher\":{\"@id\":\"https:\/\/evertonfc.cz\/#organization\"},\"image\":{\"@id\":\"https:\/\/evertonfc.cz\/index.php\/2019\/02\/26\/preview-cardiff-city-everton-2\/#primaryimage\"},\"thumbnailUrl\":\"https:\/\/evertonfc.cz\/wp-content\/uploads\/2019\/02\/cardiff_26_2_2019.jpg\",\"articleSection\":[\"Z\u00e1pasy\"],\"inLanguage\":\"cs\",\"potentialAction\":[{\"@type\":\"CommentAction\",\"name\":\"Comment\",\"target\":[\"https:\/\/evertonfc.cz\/index.php\/2019\/02\/26\/preview-cardiff-city-everton-2\/#respond\"]}]},{\"@type\":\"WebPage\",\"@id\":\"https:\/\/evertonfc.cz\/index.php\/2019\/02\/26\/preview-cardiff-city-everton-2\/\",\"url\":\"https:\/\/evertonfc.cz\/index.php\/2019\/02\/26\/preview-cardiff-city-everton-2\/\",\"name\":\"Preview: Cardiff City - Everton - Official Czech &amp; Slovak Everton Supporters&#039; Club\",\"isPartOf\":{\"@id\":\"https:\/\/evertonfc.cz\/#website\"},\"primaryImageOfPage\":{\"@id\":\"https:\/\/evertonfc.cz\/index.php\/2019\/02\/26\/preview-cardiff-city-everton-2\/#primaryimage\"},\"image\":{\"@id\":\"https:\/\/evertonfc.cz\/index.php\/2019\/02\/26\/preview-cardiff-city-everton-2\/#primaryimage\"},\"thumbnailUrl\":\"https:\/\/evertonfc.cz\/wp-content\/uploads\/2019\/02\/cardiff_26_2_2019.jpg\",\"datePublished\":\"2019-02-26T06:01:50+00:00\",\"dateModified\":\"2019-02-27T06:02:49+00:00\",\"breadcrumb\":{\"@id\":\"https:\/\/evertonfc.cz\/index.php\/2019\/02\/26\/preview-cardiff-city-everton-2\/#breadcrumb\"},\"inLanguage\":\"cs\",\"potentialAction\":[{\"@type\":\"ReadAction\",\"target\":[\"https:\/\/evertonfc.cz\/index.php\/2019\/02\/26\/preview-cardiff-city-everton-2\/\"]}]},{\"@type\":\"ImageObject\",\"inLanguage\":\"cs\",\"@id\":\"https:\/\/evertonfc.cz\/index.php\/2019\/02\/26\/preview-cardiff-city-everton-2\/#primaryimage\",\"url\":\"https:\/\/evertonfc.cz\/wp-content\/uploads\/2019\/02\/cardiff_26_2_2019.jpg\",\"contentUrl\":\"https:\/\/evertonfc.cz\/wp-content\/uploads\/2019\/02\/cardiff_26_2_2019.jpg\",\"width\":720,\"height\":405},{\"@type\":\"BreadcrumbList\",\"@id\":\"https:\/\/evertonfc.cz\/index.php\/2019\/02\/26\/preview-cardiff-city-everton-2\/#breadcrumb\",\"itemListElement\":[{\"@type\":\"ListItem\",\"position\":1,\"name\":\"Home\",\"item\":\"https:\/\/evertonfc.cz\/\"},{\"@type\":\"ListItem\",\"position\":2,\"name\":\"Preview: Cardiff City &#8211; Everton\"}]},{\"@type\":\"WebSite\",\"@id\":\"https:\/\/evertonfc.cz\/#website\",\"url\":\"https:\/\/evertonfc.cz\/\",\"name\":\"Official Czech &amp; Slovak Everton Supporters&#039; Club\",\"description\":\"\",\"publisher\":{\"@id\":\"https:\/\/evertonfc.cz\/#organization\"},\"potentialAction\":[{\"@type\":\"SearchAction\",\"target\":{\"@type\":\"EntryPoint\",\"urlTemplate\":\"https:\/\/evertonfc.cz\/?s={search_term_string}\"},\"query-input\":{\"@type\":\"PropertyValueSpecification\",\"valueRequired\":true,\"valueName\":\"search_term_string\"}}],\"inLanguage\":\"cs\"},{\"@type\":\"Organization\",\"@id\":\"https:\/\/evertonfc.cz\/#organization\",\"name\":\"Official Czech & Slovak Everton Supporters' Club\",\"url\":\"https:\/\/evertonfc.cz\/\",\"logo\":{\"@type\":\"ImageObject\",\"inLanguage\":\"cs\",\"@id\":\"https:\/\/evertonfc.cz\/#\/schema\/logo\/image\/\",\"url\":\"https:\/\/evertonfc.cz\/wp-content\/uploads\/2019\/05\/logo.png\",\"contentUrl\":\"https:\/\/evertonfc.cz\/wp-content\/uploads\/2019\/05\/logo.png\",\"width\":112,\"height\":112,\"caption\":\"Official Czech & Slovak Everton Supporters' Club\"},\"image\":{\"@id\":\"https:\/\/evertonfc.cz\/#\/schema\/logo\/image\/\"},\"sameAs\":[\"https:\/\/www.facebook.com\/everton.fans.cz.sk\"]},{\"@type\":\"Person\",\"@id\":\"https:\/\/evertonfc.cz\/#\/schema\/person\/b30daf6a5852f4811f8207a17ec1bf78\",\"name\":\"Javor\",\"sameAs\":[\"https:\/\/x.com\/LoudinJan\"],\"url\":\"https:\/\/evertonfc.cz\/index.php\/author\/javor\/\"}]}<\/script>\n<!-- \/ Yoast SEO plugin. -->","yoast_head_json":{"title":"Preview: Cardiff City - Everton - Official Czech &amp; Slovak Everton Supporters&#039; Club","robots":{"index":"index","follow":"follow","max-snippet":"max-snippet:-1","max-image-preview":"max-image-preview:large","max-video-preview":"max-video-preview:-1"},"canonical":"https:\/\/evertonfc.cz\/index.php\/2019\/02\/26\/preview-cardiff-city-everton-2\/","og_locale":"cs_CZ","og_type":"article","og_title":"Preview: Cardiff City - Everton - Official Czech &amp; Slovak Everton Supporters&#039; Club","og_description":"\u00danorov\u00e1 zah\u00e1lka je u konce, vlo\u017een\u00e9 kolo pos\u00edl\u00e1 Karamelky do hlavn\u00edho m\u011bsta Walesu.","og_url":"https:\/\/evertonfc.cz\/index.php\/2019\/02\/26\/preview-cardiff-city-everton-2\/","og_site_name":"Official Czech &amp; Slovak Everton Supporters&#039; Club","article_publisher":"https:\/\/www.facebook.com\/everton.fans.cz.sk","article_published_time":"2019-02-26T06:01:50+00:00","article_modified_time":"2019-02-27T06:02:49+00:00","og_image":[{"width":720,"height":405,"url":"https:\/\/evertonfc.cz\/wp-content\/uploads\/2019\/02\/cardiff_26_2_2019.jpg","type":"image\/jpeg"}],"author":"Javor","twitter_card":"summary_large_image","twitter_creator":"@LoudinJan","twitter_misc":{"Napsal(a)":"Javor","Odhadovan\u00e1 doba \u010dten\u00ed":"1 minuta"},"schema":{"@context":"https:\/\/schema.org","@graph":[{"@type":"Article","@id":"https:\/\/evertonfc.cz\/index.php\/2019\/02\/26\/preview-cardiff-city-everton-2\/#article","isPartOf":{"@id":"https:\/\/evertonfc.cz\/index.php\/2019\/02\/26\/preview-cardiff-city-everton-2\/"},"author":{"name":"Javor","@id":"https:\/\/evertonfc.cz\/#\/schema\/person\/b30daf6a5852f4811f8207a17ec1bf78"},"headline":"Preview: Cardiff City &#8211; Everton","datePublished":"2019-02-26T06:01:50+00:00","dateModified":"2019-02-27T06:02:49+00:00","mainEntityOfPage":{"@id":"https:\/\/evertonfc.cz\/index.php\/2019\/02\/26\/preview-cardiff-city-everton-2\/"},"wordCount":230,"commentCount":0,"publisher":{"@id":"https:\/\/evertonfc.cz\/#organization"},"image":{"@id":"https:\/\/evertonfc.cz\/index.php\/2019\/02\/26\/preview-cardiff-city-everton-2\/#primaryimage"},"thumbnailUrl":"https:\/\/evertonfc.cz\/wp-content\/uploads\/2019\/02\/cardiff_26_2_2019.jpg","articleSection":["Z\u00e1pasy"],"inLanguage":"cs","potentialAction":[{"@type":"CommentAction","name":"Comment","target":["https:\/\/evertonfc.cz\/index.php\/2019\/02\/26\/preview-cardiff-city-everton-2\/#respond"]}]},{"@type":"WebPage","@id":"https:\/\/evertonfc.cz\/index.php\/2019\/02\/26\/preview-cardiff-city-everton-2\/","url":"https:\/\/evertonfc.cz\/index.php\/2019\/02\/26\/preview-cardiff-city-everton-2\/","name":"Preview: Cardiff City - Everton - Official Czech &amp; Slovak Everton Supporters&#039; Club","isPartOf":{"@id":"https:\/\/evertonfc.cz\/#website"},"primaryImageOfPage":{"@id":"https:\/\/evertonfc.cz\/index.php\/2019\/02\/26\/preview-cardiff-city-everton-2\/#primaryimage"},"image":{"@id":"https:\/\/evertonfc.cz\/index.php\/2019\/02\/26\/preview-cardiff-city-everton-2\/#primaryimage"},"thumbnailUrl":"https:\/\/evertonfc.cz\/wp-content\/uploads\/2019\/02\/cardiff_26_2_2019.jpg","datePublished":"2019-02-26T06:01:50+00:00","dateModified":"2019-02-27T06:02:49+00:00","breadcrumb":{"@id":"https:\/\/evertonfc.cz\/index.php\/2019\/02\/26\/preview-cardiff-city-everton-2\/#breadcrumb"},"inLanguage":"cs","potentialAction":[{"@type":"ReadAction","target":["https:\/\/evertonfc.cz\/index.php\/2019\/02\/26\/preview-cardiff-city-everton-2\/"]}]},{"@type":"ImageObject","inLanguage":"cs","@id":"https:\/\/evertonfc.cz\/index.php\/2019\/02\/26\/preview-cardiff-city-everton-2\/#primaryimage","url":"https:\/\/evertonfc.cz\/wp-content\/uploads\/2019\/02\/cardiff_26_2_2019.jpg","contentUrl":"https:\/\/evertonfc.cz\/wp-content\/uploads\/2019\/02\/cardiff_26_2_2019.jpg","width":720,"height":405},{"@type":"BreadcrumbList","@id":"https:\/\/evertonfc.cz\/index.php\/2019\/02\/26\/preview-cardiff-city-everton-2\/#breadcrumb","itemListElement":[{"@type":"ListItem","position":1,"name":"Home","item":"https:\/\/evertonfc.cz\/"},{"@type":"ListItem","position":2,"name":"Preview: Cardiff City &#8211; Everton"}]},{"@type":"WebSite","@id":"https:\/\/evertonfc.cz\/#website","url":"https:\/\/evertonfc.cz\/","name":"Official Czech &amp; Slovak Everton Supporters&#039; Club","description":"","publisher":{"@id":"https:\/\/evertonfc.cz\/#organization"},"potentialAction":[{"@type":"SearchAction","target":{"@type":"EntryPoint","urlTemplate":"https:\/\/evertonfc.cz\/?s={search_term_string}"},"query-input":{"@type":"PropertyValueSpecification","valueRequired":true,"valueName":"search_term_string"}}],"inLanguage":"cs"},{"@type":"Organization","@id":"https:\/\/evertonfc.cz\/#organization","name":"Official Czech & Slovak Everton Supporters' Club","url":"https:\/\/evertonfc.cz\/","logo":{"@type":"ImageObject","inLanguage":"cs","@id":"https:\/\/evertonfc.cz\/#\/schema\/logo\/image\/","url":"https:\/\/evertonfc.cz\/wp-content\/uploads\/2019\/05\/logo.png","contentUrl":"https:\/\/evertonfc.cz\/wp-content\/uploads\/2019\/05\/logo.png","width":112,"height":112,"caption":"Official Czech & Slovak Everton Supporters' Club"},"image":{"@id":"https:\/\/evertonfc.cz\/#\/schema\/logo\/image\/"},"sameAs":["https:\/\/www.facebook.com\/everton.fans.cz.sk"]},{"@type":"Person","@id":"https:\/\/evertonfc.cz\/#\/schema\/person\/b30daf6a5852f4811f8207a17ec1bf78","name":"Javor","sameAs":["https:\/\/x.com\/LoudinJan"],"url":"https:\/\/evertonfc.cz\/index.php\/author\/javor\/"}]}},"_links":{"self":[{"href":"https:\/\/evertonfc.cz\/index.php\/wp-json\/wp\/v2\/posts\/6837"}],"collection":[{"href":"https:\/\/evertonfc.cz\/index.php\/wp-json\/wp\/v2\/posts"}],"about":[{"href":"https:\/\/evertonfc.cz\/index.php\/wp-json\/wp\/v2\/types\/post"}],"author":[{"embeddable":true,"href":"https:\/\/evertonfc.cz\/index.php\/wp-json\/wp\/v2\/users\/12"}],"replies":[{"embeddable":true,"href":"https:\/\/evertonfc.cz\/index.php\/wp-json\/wp\/v2\/comments?post=6837"}],"version-history":[{"count":1,"href":"https:\/\/evertonfc.cz\/index.php\/wp-json\/wp\/v2\/posts\/6837\/revisions"}],"predecessor-version":[{"id":6838,"href":"https:\/\/evertonfc.cz\/index.php\/wp-json\/wp\/v2\/posts\/6837\/revisions\/6838"}],"wp:featuredmedia":[{"embeddable":true,"href":"https:\/\/evertonfc.cz\/index.php\/wp-json\/wp\/v2\/media\/6835"}],"wp:attachment":[{"href":"https:\/\/evertonfc.cz\/index.php\/wp-json\/wp\/v2\/media?parent=6837"}],"wp:term":[{"taxonomy":"category","embeddable":true,"href":"https:\/\/evertonfc.cz\/index.php\/wp-json\/wp\/v2\/categories?post=6837"},{"taxonomy":"post_tag","embeddable":true,"href":"https:\/\/evertonfc.cz\/index.php\/wp-json\/wp\/v2\/tags?post=6837"}],"curies":[{"name":"wp","href":"https:\/\/api.w.org\/{rel}","templated":true}]}}