{"id":6845,"date":"2019-02-27T09:59:28","date_gmt":"2019-02-27T08:59:28","guid":{"rendered":"http:\/\/evertonfc.cz\/?p=6845"},"modified":"2019-02-27T09:59:28","modified_gmt":"2019-02-27T08:59:28","slug":"cardiff-city-everton-03","status":"publish","type":"post","link":"https:\/\/evertonfc.cz\/index.php\/2019\/02\/27\/cardiff-city-everton-03\/","title":{"rendered":"Cardiff City &#8211; Everton 0:3"},"content":{"rendered":"<h4>Z\u00e1pasy na h\u0159i\u0161t\u00edch sestupem ohro\u017een\u00fdch t\u00fdm\u016f by n\u00e1m \u0161ly. A po\u010d\u00ednaje ned\u011bl\u00ed uvid\u00edme, jak to bude v utk\u00e1n\u00edch proti \u0161pi\u010dce ligy.<\/h4>\n<p>Silva dvakr\u00e1t m\u00edrn\u011b p\u0159ekvapil z\u00e1kladn\u00ed sestavou, nasazen\u00ed Colemana a Schneiderlina se ne\u010dekalo. Pod DCL nastoupila obvykl\u00e1 trojice, z\u0159ejm\u011b ji n\u00e1\u0161 mana\u017eer pova\u017euje za nejsiln\u011bj\u0161\u00ed. Kapit\u00e1nskou p\u00e1sku na svou ruku o\u010dek\u00e1van\u011b navl\u00e9kl Jagielka.<\/p>\n<p>Host\u00e9, tentokr\u00e1t cel\u00ed v b\u00edl\u00e9m, mohli ji\u017e ve druh\u00e9 minut\u011b prohr\u00e1vat. P\u0159ihr\u00e1vku Zohoreho do vylo\u017een\u00e9 \u0161ance na\u0161t\u011bst\u00ed zma\u0159il Digne sv\u00fdm odkopem. Platonick\u00fd tlak dom\u00e1c\u00edch pokra\u010doval, zm\u00ednit mus\u00edm r\u00e1nu Mendeze-Lainga. Ten trval prvn\u00ed desetiminutovku, pak se Everton za\u010dal osm\u011blovat. Walcott a Sigurdsson ale sv\u00fdmi st\u0159elami soupe\u0159ova brank\u00e1\u0159e k z\u00e1kroku nedonutili. Dal\u0161\u00ed slu\u0161nou \u0161anci m\u011bl Zohore, ale ani on za\u0159\u00edzen\u00ed netrefil. Lze \u0159\u00edci, \u017ee Cardiff m\u011bl v\u00edce ze hry, ale polo\u010das vyhr\u00e1l Everton. Colemanovu p\u0159ihr\u00e1vku zprava uklidil z prvn\u00ed ke vzd\u00e1len\u011bj\u0161\u00ed ty\u010di cca z penalty Sigurdsson &#8211;\u00a0<strong>0:1!\u00a0<\/strong>Prvn\u00ed st\u0159ela mezi t\u0159i ty\u010de v cel\u00e9m z\u00e1pase tak skon\u010dila brankou.<\/p>\n<p>\u00davodn\u00ed aktivita Cardiffu ve druh\u00e9 p\u016fli vy\u00fastila ve \u017elutou kartu pro Digneho. Zohore byl aktivn\u00ed, ale Pickford k z\u00e1kroku donucen nebyl, Evertonu tentokr\u00e1t obrana fungovala. A tak host\u00e9 p\u0159idali druhou branku. Po s\u00f3lov\u00e9 akci zleva vyst\u0159elil Bernad (kter\u00fd n\u011bkolik p\u0159edt\u00edm vyst\u0159\u00eddal Richarlisona) a jeho st\u0159elu vyrazil brank\u00e1\u0159 Etheridge k Sigurdssonovi. Ten trochu v \u00fahlu n\u00e1ro\u010dn\u00fd kop zvl\u00e1dl a poslal merunu do lev\u00e9 \u0161ibenice &#8211;\u00a0<strong>0:2!\u00a0<\/strong>A i nyn\u00ed n\u00e1sledovala nep\u0159ekvapiv\u011b desetiminutovka tlaku dom\u00e1c\u00edch &#8211; a tak\u00e9 nep\u0159ekvapiv\u011b bez vst\u0159elen\u00e9 branky. Everton to zvl\u00e1dl, zblokovanou st\u0159elu si p\u0159ipsal Lookman, kter\u00fd vyst\u0159\u00eddal Walcotta. Nakonec byla vst\u0159elena i t\u0159et\u00ed branka. Gana pot\u00e1hl m\u00ed\u010d st\u0159edem a p\u0159ihr\u00e1l p\u011bkn\u011b DCL, kter\u00fd st\u0159elou z prvn\u00ed k ty\u010di p\u0159ekonal brank\u00e1\u0159e, jemu\u017e nepomohlo ani st\u00e1n\u00ed kousek za mal\u00fdm v\u00e1pnem &#8211;\u00a0<strong>0:3!<\/strong><\/p>\n<p>Everton tak vyhr\u00e1l z\u00e1pas, ve kter\u00e9m soupe\u0159 netrefil branku. Na v\u00fdkon se dalo d\u00edvat. Je to pro ned\u011bln\u00ed Merseyside derby dobr\u00e9 znamen\u00ed?<\/p>\n<p><strong>Branky:<\/strong>\u00a041. a 67. Sigurdsson, 90+3. Calvert-Lewin<\/p>\n<p><strong>Karty:<\/strong>\u00a07. Bacuna, 14. Morrison, 81. Josh Murphy \u2013 50. Digne<\/p>\n<p><strong>Cardiff City FC:<\/strong>\u00a0Etheridge \u2013 Ecuele Manga, Morrison, Bamba, J. Bennett \u2013 Mendez-Laing (69. Paterson), Bacuna, Gunnarsson, Hoilett (68. Josh Murphy) \u2013 Reid \u2013 Zohore (81. Ward)<\/p>\n<p><strong>Everton FC:<\/strong>\u00a0Pickford \u2013 Coleman, Keane, Jagielka, Digne \u2013 Schneiderlin, Gana \u2013 Walcott (82. Lookman), Sigurdsson (88. A. Gomes), Richarlison (61. Bernard) \u2013 Calvert-Lewin<\/p>\n<p><strong>Rozhod\u010d\u00ed:\u00a0<\/strong>Kevin Friend<\/p>\n<p><strong>Div\u00e1ci:\u00a0<\/strong>31 849<\/p>\n","protected":false},"excerpt":{"rendered":"<p>Z\u00e1pasy na h\u0159i\u0161t\u00edch sestupem ohro\u017een\u00fdch t\u00fdm\u016f by n\u00e1m \u0161ly. A po\u010d\u00ednaje ned\u011bl\u00ed uvid\u00edme, jak to bude v utk\u00e1n\u00edch proti \u0161pi\u010dce ligy.<\/p>\n","protected":false},"author":12,"featured_media":6836,"comment_status":"open","ping_status":"closed","sticky":false,"template":"","format":"standard","meta":{"_eb_attr":"","_monsterinsights_skip_tracking":false,"_monsterinsights_sitenote_active":false,"_monsterinsights_sitenote_note":"","_monsterinsights_sitenote_category":0,"footnotes":""},"categories":[4],"tags":[],"yoast_head":"<!-- This site is optimized with the Yoast SEO plugin v23.4 - https:\/\/yoast.com\/wordpress\/plugins\/seo\/ -->\n<title>Cardiff City - Everton 0:3 - Official Czech &amp; Slovak Everton Supporters&#039; Club<\/title>\n<meta name=\"robots\" content=\"index, follow, max-snippet:-1, max-image-preview:large, max-video-preview:-1\" \/>\n<link rel=\"canonical\" href=\"https:\/\/evertonfc.cz\/index.php\/2019\/02\/27\/cardiff-city-everton-03\/\" \/>\n<meta property=\"og:locale\" content=\"cs_CZ\" \/>\n<meta property=\"og:type\" content=\"article\" \/>\n<meta property=\"og:title\" content=\"Cardiff City - Everton 0:3 - Official Czech &amp; Slovak Everton Supporters&#039; Club\" \/>\n<meta property=\"og:description\" content=\"Z\u00e1pasy na h\u0159i\u0161t\u00edch sestupem ohro\u017een\u00fdch t\u00fdm\u016f by n\u00e1m \u0161ly. A po\u010d\u00ednaje ned\u011bl\u00ed uvid\u00edme, jak to bude v utk\u00e1n\u00edch proti \u0161pi\u010dce ligy.\" \/>\n<meta property=\"og:url\" content=\"https:\/\/evertonfc.cz\/index.php\/2019\/02\/27\/cardiff-city-everton-03\/\" \/>\n<meta property=\"og:site_name\" content=\"Official Czech &amp; Slovak Everton Supporters&#039; Club\" \/>\n<meta property=\"article:publisher\" content=\"https:\/\/www.facebook.com\/everton.fans.cz.sk\" \/>\n<meta property=\"article:published_time\" content=\"2019-02-27T08:59:28+00:00\" \/>\n<meta property=\"og:image\" content=\"https:\/\/evertonfc.cz\/wp-content\/uploads\/2019\/02\/siggurdsson_27_2_2019.jpg\" \/>\n\t<meta property=\"og:image:width\" content=\"720\" \/>\n\t<meta property=\"og:image:height\" content=\"405\" \/>\n\t<meta property=\"og:image:type\" content=\"image\/jpeg\" \/>\n<meta name=\"author\" content=\"Javor\" \/>\n<meta name=\"twitter:card\" content=\"summary_large_image\" \/>\n<meta name=\"twitter:creator\" content=\"@LoudinJan\" \/>\n<meta name=\"twitter:label1\" content=\"Napsal(a)\" \/>\n\t<meta name=\"twitter:data1\" content=\"Javor\" \/>\n\t<meta name=\"twitter:label2\" content=\"Odhadovan\u00e1 doba \u010dten\u00ed\" \/>\n\t<meta name=\"twitter:data2\" content=\"2 minuty\" \/>\n<script type=\"application\/ld+json\" class=\"yoast-schema-graph\">{\"@context\":\"https:\/\/schema.org\",\"@graph\":[{\"@type\":\"Article\",\"@id\":\"https:\/\/evertonfc.cz\/index.php\/2019\/02\/27\/cardiff-city-everton-03\/#article\",\"isPartOf\":{\"@id\":\"https:\/\/evertonfc.cz\/index.php\/2019\/02\/27\/cardiff-city-everton-03\/\"},\"author\":{\"name\":\"Javor\",\"@id\":\"https:\/\/evertonfc.cz\/#\/schema\/person\/b30daf6a5852f4811f8207a17ec1bf78\"},\"headline\":\"Cardiff City &#8211; Everton 0:3\",\"datePublished\":\"2019-02-27T08:59:28+00:00\",\"dateModified\":\"2019-02-27T08:59:28+00:00\",\"mainEntityOfPage\":{\"@id\":\"https:\/\/evertonfc.cz\/index.php\/2019\/02\/27\/cardiff-city-everton-03\/\"},\"wordCount\":463,\"commentCount\":0,\"publisher\":{\"@id\":\"https:\/\/evertonfc.cz\/#organization\"},\"image\":{\"@id\":\"https:\/\/evertonfc.cz\/index.php\/2019\/02\/27\/cardiff-city-everton-03\/#primaryimage\"},\"thumbnailUrl\":\"https:\/\/evertonfc.cz\/wp-content\/uploads\/2019\/02\/siggurdsson_27_2_2019.jpg\",\"articleSection\":[\"Z\u00e1pasy\"],\"inLanguage\":\"cs\",\"potentialAction\":[{\"@type\":\"CommentAction\",\"name\":\"Comment\",\"target\":[\"https:\/\/evertonfc.cz\/index.php\/2019\/02\/27\/cardiff-city-everton-03\/#respond\"]}]},{\"@type\":\"WebPage\",\"@id\":\"https:\/\/evertonfc.cz\/index.php\/2019\/02\/27\/cardiff-city-everton-03\/\",\"url\":\"https:\/\/evertonfc.cz\/index.php\/2019\/02\/27\/cardiff-city-everton-03\/\",\"name\":\"Cardiff City - Everton 0:3 - Official Czech &amp; Slovak Everton Supporters&#039; Club\",\"isPartOf\":{\"@id\":\"https:\/\/evertonfc.cz\/#website\"},\"primaryImageOfPage\":{\"@id\":\"https:\/\/evertonfc.cz\/index.php\/2019\/02\/27\/cardiff-city-everton-03\/#primaryimage\"},\"image\":{\"@id\":\"https:\/\/evertonfc.cz\/index.php\/2019\/02\/27\/cardiff-city-everton-03\/#primaryimage\"},\"thumbnailUrl\":\"https:\/\/evertonfc.cz\/wp-content\/uploads\/2019\/02\/siggurdsson_27_2_2019.jpg\",\"datePublished\":\"2019-02-27T08:59:28+00:00\",\"dateModified\":\"2019-02-27T08:59:28+00:00\",\"breadcrumb\":{\"@id\":\"https:\/\/evertonfc.cz\/index.php\/2019\/02\/27\/cardiff-city-everton-03\/#breadcrumb\"},\"inLanguage\":\"cs\",\"potentialAction\":[{\"@type\":\"ReadAction\",\"target\":[\"https:\/\/evertonfc.cz\/index.php\/2019\/02\/27\/cardiff-city-everton-03\/\"]}]},{\"@type\":\"ImageObject\",\"inLanguage\":\"cs\",\"@id\":\"https:\/\/evertonfc.cz\/index.php\/2019\/02\/27\/cardiff-city-everton-03\/#primaryimage\",\"url\":\"https:\/\/evertonfc.cz\/wp-content\/uploads\/2019\/02\/siggurdsson_27_2_2019.jpg\",\"contentUrl\":\"https:\/\/evertonfc.cz\/wp-content\/uploads\/2019\/02\/siggurdsson_27_2_2019.jpg\",\"width\":720,\"height\":405},{\"@type\":\"BreadcrumbList\",\"@id\":\"https:\/\/evertonfc.cz\/index.php\/2019\/02\/27\/cardiff-city-everton-03\/#breadcrumb\",\"itemListElement\":[{\"@type\":\"ListItem\",\"position\":1,\"name\":\"Home\",\"item\":\"https:\/\/evertonfc.cz\/\"},{\"@type\":\"ListItem\",\"position\":2,\"name\":\"Cardiff City &#8211; Everton 0:3\"}]},{\"@type\":\"WebSite\",\"@id\":\"https:\/\/evertonfc.cz\/#website\",\"url\":\"https:\/\/evertonfc.cz\/\",\"name\":\"Official Czech &amp; Slovak Everton Supporters&#039; Club\",\"description\":\"\",\"publisher\":{\"@id\":\"https:\/\/evertonfc.cz\/#organization\"},\"potentialAction\":[{\"@type\":\"SearchAction\",\"target\":{\"@type\":\"EntryPoint\",\"urlTemplate\":\"https:\/\/evertonfc.cz\/?s={search_term_string}\"},\"query-input\":{\"@type\":\"PropertyValueSpecification\",\"valueRequired\":true,\"valueName\":\"search_term_string\"}}],\"inLanguage\":\"cs\"},{\"@type\":\"Organization\",\"@id\":\"https:\/\/evertonfc.cz\/#organization\",\"name\":\"Official Czech & Slovak Everton Supporters' Club\",\"url\":\"https:\/\/evertonfc.cz\/\",\"logo\":{\"@type\":\"ImageObject\",\"inLanguage\":\"cs\",\"@id\":\"https:\/\/evertonfc.cz\/#\/schema\/logo\/image\/\",\"url\":\"https:\/\/evertonfc.cz\/wp-content\/uploads\/2019\/05\/logo.png\",\"contentUrl\":\"https:\/\/evertonfc.cz\/wp-content\/uploads\/2019\/05\/logo.png\",\"width\":112,\"height\":112,\"caption\":\"Official Czech & Slovak Everton Supporters' Club\"},\"image\":{\"@id\":\"https:\/\/evertonfc.cz\/#\/schema\/logo\/image\/\"},\"sameAs\":[\"https:\/\/www.facebook.com\/everton.fans.cz.sk\"]},{\"@type\":\"Person\",\"@id\":\"https:\/\/evertonfc.cz\/#\/schema\/person\/b30daf6a5852f4811f8207a17ec1bf78\",\"name\":\"Javor\",\"sameAs\":[\"https:\/\/x.com\/LoudinJan\"],\"url\":\"https:\/\/evertonfc.cz\/index.php\/author\/javor\/\"}]}<\/script>\n<!-- \/ Yoast SEO plugin. -->","yoast_head_json":{"title":"Cardiff City - Everton 0:3 - Official Czech &amp; Slovak Everton Supporters&#039; Club","robots":{"index":"index","follow":"follow","max-snippet":"max-snippet:-1","max-image-preview":"max-image-preview:large","max-video-preview":"max-video-preview:-1"},"canonical":"https:\/\/evertonfc.cz\/index.php\/2019\/02\/27\/cardiff-city-everton-03\/","og_locale":"cs_CZ","og_type":"article","og_title":"Cardiff City - Everton 0:3 - Official Czech &amp; Slovak Everton Supporters&#039; Club","og_description":"Z\u00e1pasy na h\u0159i\u0161t\u00edch sestupem ohro\u017een\u00fdch t\u00fdm\u016f by n\u00e1m \u0161ly. A po\u010d\u00ednaje ned\u011bl\u00ed uvid\u00edme, jak to bude v utk\u00e1n\u00edch proti \u0161pi\u010dce ligy.","og_url":"https:\/\/evertonfc.cz\/index.php\/2019\/02\/27\/cardiff-city-everton-03\/","og_site_name":"Official Czech &amp; Slovak Everton Supporters&#039; Club","article_publisher":"https:\/\/www.facebook.com\/everton.fans.cz.sk","article_published_time":"2019-02-27T08:59:28+00:00","og_image":[{"width":720,"height":405,"url":"https:\/\/evertonfc.cz\/wp-content\/uploads\/2019\/02\/siggurdsson_27_2_2019.jpg","type":"image\/jpeg"}],"author":"Javor","twitter_card":"summary_large_image","twitter_creator":"@LoudinJan","twitter_misc":{"Napsal(a)":"Javor","Odhadovan\u00e1 doba \u010dten\u00ed":"2 minuty"},"schema":{"@context":"https:\/\/schema.org","@graph":[{"@type":"Article","@id":"https:\/\/evertonfc.cz\/index.php\/2019\/02\/27\/cardiff-city-everton-03\/#article","isPartOf":{"@id":"https:\/\/evertonfc.cz\/index.php\/2019\/02\/27\/cardiff-city-everton-03\/"},"author":{"name":"Javor","@id":"https:\/\/evertonfc.cz\/#\/schema\/person\/b30daf6a5852f4811f8207a17ec1bf78"},"headline":"Cardiff City &#8211; Everton 0:3","datePublished":"2019-02-27T08:59:28+00:00","dateModified":"2019-02-27T08:59:28+00:00","mainEntityOfPage":{"@id":"https:\/\/evertonfc.cz\/index.php\/2019\/02\/27\/cardiff-city-everton-03\/"},"wordCount":463,"commentCount":0,"publisher":{"@id":"https:\/\/evertonfc.cz\/#organization"},"image":{"@id":"https:\/\/evertonfc.cz\/index.php\/2019\/02\/27\/cardiff-city-everton-03\/#primaryimage"},"thumbnailUrl":"https:\/\/evertonfc.cz\/wp-content\/uploads\/2019\/02\/siggurdsson_27_2_2019.jpg","articleSection":["Z\u00e1pasy"],"inLanguage":"cs","potentialAction":[{"@type":"CommentAction","name":"Comment","target":["https:\/\/evertonfc.cz\/index.php\/2019\/02\/27\/cardiff-city-everton-03\/#respond"]}]},{"@type":"WebPage","@id":"https:\/\/evertonfc.cz\/index.php\/2019\/02\/27\/cardiff-city-everton-03\/","url":"https:\/\/evertonfc.cz\/index.php\/2019\/02\/27\/cardiff-city-everton-03\/","name":"Cardiff City - Everton 0:3 - Official Czech &amp; Slovak Everton Supporters&#039; Club","isPartOf":{"@id":"https:\/\/evertonfc.cz\/#website"},"primaryImageOfPage":{"@id":"https:\/\/evertonfc.cz\/index.php\/2019\/02\/27\/cardiff-city-everton-03\/#primaryimage"},"image":{"@id":"https:\/\/evertonfc.cz\/index.php\/2019\/02\/27\/cardiff-city-everton-03\/#primaryimage"},"thumbnailUrl":"https:\/\/evertonfc.cz\/wp-content\/uploads\/2019\/02\/siggurdsson_27_2_2019.jpg","datePublished":"2019-02-27T08:59:28+00:00","dateModified":"2019-02-27T08:59:28+00:00","breadcrumb":{"@id":"https:\/\/evertonfc.cz\/index.php\/2019\/02\/27\/cardiff-city-everton-03\/#breadcrumb"},"inLanguage":"cs","potentialAction":[{"@type":"ReadAction","target":["https:\/\/evertonfc.cz\/index.php\/2019\/02\/27\/cardiff-city-everton-03\/"]}]},{"@type":"ImageObject","inLanguage":"cs","@id":"https:\/\/evertonfc.cz\/index.php\/2019\/02\/27\/cardiff-city-everton-03\/#primaryimage","url":"https:\/\/evertonfc.cz\/wp-content\/uploads\/2019\/02\/siggurdsson_27_2_2019.jpg","contentUrl":"https:\/\/evertonfc.cz\/wp-content\/uploads\/2019\/02\/siggurdsson_27_2_2019.jpg","width":720,"height":405},{"@type":"BreadcrumbList","@id":"https:\/\/evertonfc.cz\/index.php\/2019\/02\/27\/cardiff-city-everton-03\/#breadcrumb","itemListElement":[{"@type":"ListItem","position":1,"name":"Home","item":"https:\/\/evertonfc.cz\/"},{"@type":"ListItem","position":2,"name":"Cardiff City &#8211; Everton 0:3"}]},{"@type":"WebSite","@id":"https:\/\/evertonfc.cz\/#website","url":"https:\/\/evertonfc.cz\/","name":"Official Czech &amp; Slovak Everton Supporters&#039; Club","description":"","publisher":{"@id":"https:\/\/evertonfc.cz\/#organization"},"potentialAction":[{"@type":"SearchAction","target":{"@type":"EntryPoint","urlTemplate":"https:\/\/evertonfc.cz\/?s={search_term_string}"},"query-input":{"@type":"PropertyValueSpecification","valueRequired":true,"valueName":"search_term_string"}}],"inLanguage":"cs"},{"@type":"Organization","@id":"https:\/\/evertonfc.cz\/#organization","name":"Official Czech & Slovak Everton Supporters' Club","url":"https:\/\/evertonfc.cz\/","logo":{"@type":"ImageObject","inLanguage":"cs","@id":"https:\/\/evertonfc.cz\/#\/schema\/logo\/image\/","url":"https:\/\/evertonfc.cz\/wp-content\/uploads\/2019\/05\/logo.png","contentUrl":"https:\/\/evertonfc.cz\/wp-content\/uploads\/2019\/05\/logo.png","width":112,"height":112,"caption":"Official Czech & Slovak Everton Supporters' Club"},"image":{"@id":"https:\/\/evertonfc.cz\/#\/schema\/logo\/image\/"},"sameAs":["https:\/\/www.facebook.com\/everton.fans.cz.sk"]},{"@type":"Person","@id":"https:\/\/evertonfc.cz\/#\/schema\/person\/b30daf6a5852f4811f8207a17ec1bf78","name":"Javor","sameAs":["https:\/\/x.com\/LoudinJan"],"url":"https:\/\/evertonfc.cz\/index.php\/author\/javor\/"}]}},"_links":{"self":[{"href":"https:\/\/evertonfc.cz\/index.php\/wp-json\/wp\/v2\/posts\/6845"}],"collection":[{"href":"https:\/\/evertonfc.cz\/index.php\/wp-json\/wp\/v2\/posts"}],"about":[{"href":"https:\/\/evertonfc.cz\/index.php\/wp-json\/wp\/v2\/types\/post"}],"author":[{"embeddable":true,"href":"https:\/\/evertonfc.cz\/index.php\/wp-json\/wp\/v2\/users\/12"}],"replies":[{"embeddable":true,"href":"https:\/\/evertonfc.cz\/index.php\/wp-json\/wp\/v2\/comments?post=6845"}],"version-history":[{"count":1,"href":"https:\/\/evertonfc.cz\/index.php\/wp-json\/wp\/v2\/posts\/6845\/revisions"}],"predecessor-version":[{"id":6846,"href":"https:\/\/evertonfc.cz\/index.php\/wp-json\/wp\/v2\/posts\/6845\/revisions\/6846"}],"wp:featuredmedia":[{"embeddable":true,"href":"https:\/\/evertonfc.cz\/index.php\/wp-json\/wp\/v2\/media\/6836"}],"wp:attachment":[{"href":"https:\/\/evertonfc.cz\/index.php\/wp-json\/wp\/v2\/media?parent=6845"}],"wp:term":[{"taxonomy":"category","embeddable":true,"href":"https:\/\/evertonfc.cz\/index.php\/wp-json\/wp\/v2\/categories?post=6845"},{"taxonomy":"post_tag","embeddable":true,"href":"https:\/\/evertonfc.cz\/index.php\/wp-json\/wp\/v2\/tags?post=6845"}],"curies":[{"name":"wp","href":"https:\/\/api.w.org\/{rel}","templated":true}]}}