{"id":687,"date":"2010-10-13T01:32:26","date_gmt":"2010-10-12T23:32:26","guid":{"rendered":"http:\/\/evertonfc.cz\/?p=687"},"modified":"2019-01-02T23:24:04","modified_gmt":"2019-01-02T22:24:04","slug":"kde-je-ten-zatraceny-mic","status":"publish","type":"post","link":"https:\/\/evertonfc.cz\/index.php\/2010\/10\/13\/kde-je-ten-zatraceny-mic\/","title":{"rendered":"Kde je ten zatracen\u00fd m\u00ed\u010d?!"},"content":{"rendered":"<h4><strong>Vzru\u0161uj\u00edc\u00ed pod\u00edvan\u00e1 na h\u0159i\u0161ti a nem\u00e9n\u011b podivuhodn\u00e9 chvilky i po skon\u010den\u00ed utk\u00e1n\u00ed. Poh\u00e1rov\u00e9 fin\u00e1le roku 1897 zkr\u00e1tka nemohlo nikoho nudit.<\/strong><\/h4>\n<p>Aston Villa &#8211; Everton 3:2, fin\u00e1le FA Cupu, 10. dubna 1897<\/p>\n<p>Zapome\u0148te na pozoruhodn\u00fd obrat v roce 1966, nebo ne\u010dekan\u00fd triumf p\u0159ed patn\u00e1cti lety. Nejv\u00edce emoc\u00ed a vzru\u0161uj\u00edc\u00ed kvalitn\u00ed pod\u00edvan\u00e9 v pod\u00e1n\u00ed Evertonu ve fin\u00e1le Anglick\u00e9ho poh\u00e1ru, nab\u00eddlo vyvrcholen\u00ed poh\u00e1rov\u00e9ho ro\u010dn\u00edku 1897, a to i p\u0159esto, \u017ee Blues slavnou trofej tehdy nez\u00edskali. Mod\u0159\u00ed nastoupili proti Aston Ville, \u00fa\u0159aduj\u00edc\u00edm ligov\u00fdm \u0161ampion\u016fm, zat\u00edmco Everton cht\u011bl do sv\u00e9ho kabinetu v\u016fbec poprv\u00e9 za\u0159adit cen\u011bn\u00fd poh\u00e1r. Kvalitn\u00ed kopanou ale d\u011bn\u00ed ve fin\u00e1lov\u00fd den nekon\u010dilo, v\u011bci se toti\u017e d\u011bly i po zazn\u011bn\u00ed z\u00e1v\u011bre\u010dn\u00e9ho hvizdu.<\/p>\n<p>O bl\u00ed\u017e\u00edc\u00edm se fin\u00e1le se mluvilo dlouho p\u0159edem. Dnes je dokonce ozna\u010dov\u00e1no za v\u016fbec nejlep\u0161\u00ed poh\u00e1rov\u00e9 fin\u00e1le p\u0159ed p\u0159esunem do Wembley v roce 1923. Velk\u00e1 o\u010dek\u00e1v\u00e1n\u00ed nemohly k nevoli nasazen\u00fdch policist\u016f potla\u010dit ani davy fanou\u0161k\u016f, kte\u0159\u00ed spont\u00e1n\u011b vb\u00edhali na h\u0159i\u0161t\u011b, a to u\u017e o polo\u010dase. Fin\u00e1le se nav\u00edc konalo b\u011bhem pades\u00e1t\u00e9ho v\u00fdro\u010d\u00ed vl\u00e1dy kr\u00e1lovny Victorie, a tak se anglick\u00e1 m\u00e9dia p\u0159edb\u00edhala s honosn\u00fdmi chvalozp\u011bvy. <em>\u201ePoh\u00e1rov\u00e9 fin\u00e1le bylo v ka\u017ed\u00e9m slova smyslu rekordn\u00ed. Obrovsk\u00e9 publikum a \u00farove\u0148 hry, jakou nikdo p\u0159edt\u00edm je\u0161t\u011b nespat\u0159il,&#8220;<\/em> ne\u0161et\u0159il list Athletic News nad\u0161en\u00edm.<\/p>\n<p>Aston Villa i Everton byly k tomu v\u0161emu vn\u00edm\u00e1ny jako nejsiln\u011bj\u0161\u00ed celky tehdej\u0161\u00edho fotbalu, jak p\u0159ed utk\u00e1n\u00edm potvrzoval i den\u00edk Liverpool Echo.<em> \u201eLeto\u0161n\u00ed fin\u00e1le je obohaceno o v\u00fdjime\u010dnou atraktivnost, nebo\u0165 se st\u0159et\u00e1vaj\u00ed dva, zcela pr\u00e1vem ozna\u010dovan\u00e9, nejlep\u0161\u00ed kluby v zemi.&#8220;<\/em> Noviny jist\u011b nemluvily do v\u011btru, v\u017edy\u0165 Villans m\u011bli zakr\u00e1tko z\u00edskat ji\u017e t\u0159et\u00ed ligov\u00fd titul ve \u010dty\u0159ech sezon\u00e1ch. Everton naproti tomu zrovna okupoval st\u0159ed tabulky, chlubit se ov\u0161em mohl nesm\u00edrn\u011b talentovan\u00fdm t\u00fdmem. V \u00fatoku nastupovali produktivn\u00ed Scot, John Bell, Alf Milward a Edgar Chadwick, zat\u00edmco br\u00e1nu v zadn\u00ed linii hl\u00eddali tvr\u010f\u00e1ci Johny Holt nebo Richard Boyle. I\u00a0 toho d\u016fvodu je proto \u0161estiz\u00e1pasov\u00e1 s\u00e9rie proher p\u0159ed fin\u00e1lov\u00fdm z\u00e1pasem m\u00edrn\u011b \u0159e\u010deno matouc\u00ed.<\/p>\n<p>Blues do fin\u00e1le p\u0159e\u0161li p\u0159es Burton Wanderers, Bury, Blackburn a je\u0161t\u011b p\u0159ed rekordn\u00ed t\u0159icetitis\u00edcovou n\u00e1v\u0161t\u011bvou, kter\u00e1 si na\u0161la cestu na stadion Stoke City, Victoria Ground, zdolal Derby County. Nejsv\u011btlej\u0161\u00edm okam\u017eikem poh\u00e1rov\u00e9 j\u00edzdy Villans naopak bylo semifin\u00e1lov\u00e9 v\u00edt\u011bzstv\u00ed 3-0 nad Liverpoolem. Toffees nav\u00edc p\u0159ed z\u00e1pasem ji\u017e zisk jedn\u00e9 trofeje slavili, kdy\u017e ve fin\u00e1le Lancashire Cupu porazili Manchester City. Tak\u0159ka bezprost\u0159edn\u011b pot\u00e9 ale ji\u017e n\u00e1sledoval odjezd sm\u011br Lond\u00fdn &#8211; Crystal Palace, c\u00edl fin\u00e1le FA Cupu.<\/p>\n<p>Do m\u00edsta kon\u00e1n\u00ed Everton dorazil a\u017e v p\u0159edve\u010der z\u00e1pasu. Svoje soupe\u0159e si tak mohl prohl\u00e9dnout a\u017e u sobotn\u00ed sn\u00eddan\u011b, proto\u017ee Aston Villa si n\u00e1hodn\u011b rezervovala ubytov\u00e1n\u00ed ve stejn\u00e9m hotelu.<\/p>\n<p>Stadion jiholond\u00fdnsk\u00e9ho Crystal Palace praskal ve \u0161vech. Kl\u00e1n\u00ed tit\u00e1n\u016f budilo obrovsk\u00fd z\u00e1jem, a tak ani policist\u00e9 nemohli zabr\u00e1nit velk\u00e9 tla\u010denici a \u00faniku n\u011bkolika fand\u016f skrz kord\u00f3n.<em> \u201eI stromy, kter\u00e9 obklopuj\u00ed okraj h\u0159i\u0161t\u011b byly zapln\u011bny nad\u0161en\u00fdmi div\u00e1ky,&#8220;<\/em> psal Liverpool Echo. Birmingham Daily Post zase zvolil znateln\u011b dramati\u010dt\u011bj\u0161\u00ed t\u00f3n. <em>\u201eNejv\u011bt\u0161\u00ed shluk fanou\u0161k\u016f, kter\u00fd si kdy na\u0161el cestu na z\u00e1pas a\u0165 u\u017e u n\u00e1s, nebo v kter\u00e9koli jin\u00e9 zemi.&#8220;<\/em> A koncem 19. stolet\u00ed se vskutku jednalo o rekord dokonce sv\u011btov\u00fdch parametr\u016f. Pokladna ofici\u00e1ln\u011b nahl\u00e1sila 65,891 div\u00e1k\u016f, a\u010dkoliv obecenstvo \u010d\u00edtalo nejsp\u00ed\u0161e je\u0161t\u011b v\u00edc, pokud zapo\u010d\u00edt\u00e1me dv\u011b tis\u00edcovky novin\u00e1\u0159\u016f a pis\u00e1lk\u016f v\u0161eho druhu. Pro srovn\u00e1n\u00ed &#8211; k z\u00e1pasu Anglie proti Skotsku o t\u00fdden d\u0159\u00edve, p\u0159i\u0161lo 37,000 lid\u00ed.<\/p>\n<p>Aston Ville p\u0159inesla vzpruhu zejm\u00e9na zpr\u00e1va o zdravotn\u00edm stavu internacion\u00e1la Jimmyho Crabteera, jeho\u017e test p\u0159ed z\u00e1pasem dopadl \u00fasp\u011b\u0161n\u011b. Ve\u0159ejnost tak mohla celek z Midlands favorizovat zase o n\u011bco v\u00edc. Deset minut p\u0159ed v\u00fdkopem na h\u0159i\u0161t\u011b za ohlu\u0161uj\u00edc\u00edho bur\u00e1cen\u00ed div\u00e1k\u016f napochodoval Everton, a o t\u0159i minuty pozd\u011bji byla podobn\u00fdm aplausem odm\u011bn\u011bna i Aston Villa. Po nezbytn\u00fdch oficialit\u00e1ch sud\u00ed prvn\u011b vdechl do p\u00ed\u0161\u0165alky a drama mohlo za\u010d\u00edt. Oba t\u00fdmy m\u011bly od \u00favodn\u00edch vte\u0159in jasno &#8211; pra\u017e\u00e1dn\u00fd strach ze soupe\u0159e, ale j\u00edzda nahoru dol\u016f. Zvl\u00e1\u0161t\u011b prvn\u00ed polo\u010das je pova\u017eov\u00e1n za mo\u017en\u00e1 nejatraktivn\u011bj\u0161\u00edch 45 minut v historii fin\u00e1lov\u00fdch z\u00e1pas\u016f FA Cupu.<\/p>\n<p><em>\u201eHra byla rychl\u00e1 a \u0161\u00edlen\u00e1. Oba t\u00fdmy d\u011blaly naprost\u00e9 maximum, aby z\u00edskaly n\u00e1skok,&#8220;<\/em> tvrdil Liverpool Echo. Villans p\u016fsobila pot\u00ed\u017ee zejm\u00e9na aktivita krajn\u00edho beka Petera Meehana, zat\u00edmco na druh\u00e9 stran\u011b se sna\u017eil prosadit John Campbell, kter\u00fd napodruh\u00e9 g\u00f3lov\u011b ji\u017e usp\u011bl. Jen\u017ee veden\u00ed Villans p\u0159etrvalo jen p\u011bt minut, o srovn\u00e1vac\u00ed trefu se v 21. minut\u011b postaral John Bell. Toffees tak p\u0159evzali ot\u011b\u017ee z\u00e1pasu a trvalo pouh\u00fdch dal\u0161\u00edch p\u011bt minut, ne\u017e sk\u00f3re oto\u010dili. Ne\u0161\u0165astn\u00edkem se stal zad\u00e1k Villans Spencer, a\u010dkoliv ofici\u00e1ln\u011b je st\u0159elcem branky Richard Boyle. Neskute\u010dn\u00e9 drama ale m\u011blo je\u0161t\u011b p\u0159ed p\u0159est\u00e1vkou vyvrcholit. Krat\u0161\u00edho z\u00e1varu dok\u00e1zala Villa, respektive Frank Wheldon vyu\u017e\u00edt a srovnat na 2-2. Ani to ov\u0161em nebylo v\u0161echno. Dv\u011b minuty p\u0159ed polo\u010dasem p\u0159esn\u011b hlavi\u010dkoval Crabtree. Publikum tak doslova \u0161\u00edlelo a tak bylo i b\u011bhem p\u0159est\u00e1vky na hrac\u00ed plo\u0161e o aktivitu postar\u00e1no.<\/p>\n<p>Druh\u00fd polo\u010das se odehr\u00e1l v toto\u017en\u00e9m duchu, a\u010dkoliv tempo hry d\u00edky pochopiteln\u00e9 nar\u016fstaj\u00edc\u00ed \u00fanav\u011b hr\u00e1\u010d\u016f zpomalovalo. Everton ale srdnat\u011b bojoval a chv\u00edlemi Villans nev\u011bd\u011bli, kde jim hlava stoj\u00ed. Nejv\u011bt\u0161\u00ed vylo\u017eenku m\u011bl na sv\u011bdom\u00ed Bob Stewart, jen\u017ee jeho pokus jenom rozezvonil b\u0159evno. Villans spol\u00e9hali na brejky, a ty, jak by se od ligov\u00fdch \u0161ampion\u016f o\u010dek\u00e1valo, kvalitu nepostr\u00e1daly. James Cowan ov\u0161em dvakr\u00e1t svoji \u0161anci zahodil. V zahazov\u00e1n\u00ed \u0161anc\u00ed nicm\u00e9n\u011b pokra\u010doval i Everton; neusp\u011bl Bell, Hartley ani Milward.\u00a0 Liverpool Echo tak z\u00e1v\u011bre\u010dnou p\u011btiminutovku vystihl zcela p\u0159esn\u011b: <em>\u201eNap\u011bt\u00ed bylo t\u00e9m\u011b\u0159 bolestiv\u00e9 a \u00fato\u010dn\u00edci Evertonu, zoufaj\u00edc\u00ed ze sv\u00e9 sm\u016fly, uk\u00e1zali velkou formu. Jejich soupe\u0159i jim byli vyrovnan\u00fdm protivn\u00edkem, nebo\u0165 ust\u00e1li neutuchaj\u00edc\u00ed kanon\u00e1du.&#8220;<\/em><\/p>\n<p>K velk\u00e9 \u00falev\u011b Aston Villy tak zanedlouho rozhod\u010d\u00ed p\u00edsknul naposled, a za n\u011bkolik okam\u017eik\u016f si ji\u017e birmingham\u0161t\u00ed p\u0159eb\u00edrali FA Cup z rukou Lorda Rosenberryho. Villa se tehdy stala teprve prvn\u00edm celkem, kter\u00fd v sezon\u011b zkompletoval double, p\u0159i\u010dem\u017e na ten dal\u0161\u00ed musela Anglie \u010dekat n\u00e1sleduj\u00edc\u00edch 64 let. Everton se mohl ut\u011b\u0161ovat alespo\u0148 t\u00edm, \u017ee m\u011bl neuv\u011b\u0159itelnou sm\u016flu. Jeho fantastick\u00fd v\u00fdkon byl hoden v\u00edt\u011bzstv\u00ed, pokud by proti n\u011bmu nastoupil kdokoliv jin\u00fd, ne\u017e Aston Villa, kter\u00e1 nakonec triumfovala v lize s komfortn\u00edm n\u00e1skokem 11 bod\u016f.<em> \u201eV takov\u00e9to form\u011b by porazili jak\u00fdkoliv t\u00fdm krom Aston Villy,<\/em>&#8220; zn\u011bla slova \u00fat\u011bchy na adresu Blues od listu Athletic News. Toffees nav\u00edc byli v\u016fbec prvn\u00edm t\u00fdmem, kter\u00fd nevyhr\u00e1l fin\u00e1le p\u0159esto\u017ee dal dv\u011b branky, a na podobn\u00fd p\u0159\u00edpad se \u010dekalo dal\u0161\u00edch 38 let.<\/p>\n<p><strong>Vyvrcholen\u00ed<\/strong><\/p>\n<p>Pakli\u017ee na okam\u017eik zabloud\u00edme do statistik, zjist\u00edme, \u017ee Fred Geary pat\u0159\u00ed mezi nejproduktivn\u011bj\u0161\u00ed st\u0159elce v historii klubu. Jeho 86 tref v 98 z\u00e1pasech potvrzuje jeho g\u00f3lov\u00fd \u010dich, kter\u00fd velkou m\u011brou napomohl i zisku prvn\u00edho titulu v sezon\u011b 1890\/91. Po kr\u00e1tk\u00e9m anga\u017em\u00e1 u rivala na Anfield Road s fotbalem skoncoval a otev\u0159el si hospodu na Westmister Road, kterou provozoval osmadvacet let, a\u017e do sv\u00e9 smrti v roce 1955. Co m\u00e1 ale vlastn\u011b Fred Geary spole\u010dn\u00e9ho s fin\u00e1le roku 1897? Celkem dost, nebo\u0165 pr\u00e1v\u011b on zajistil odpov\u011b\u010f na pades\u00e1tilet\u00e9 tajemstv\u00ed zahaluj\u00edc\u00ed m\u00ed\u010d z onoho dramatick\u00e9ho z\u00e1pasu.<\/p>\n<p>Kdy\u017e byl fotbal z\u00e1le\u017eitost star\u00e1 nanejv\u00fd\u0161 jen p\u00e1r des\u00edtek let, pom\u011brn\u011b \u010dasto se mno\u017eily spory o tom, kdo by si m\u011bl m\u00ed\u010d ponechat po skon\u010den\u00ed z\u00e1pasu, p\u0159i\u010dem\u017e pov\u011bt\u0161inou si balon nechal hr\u00e1\u010d, kter\u00fd mu byl po zazn\u011bn\u00ed z\u00e1v\u011bre\u010dn\u00e9ho hvizdu nejbl\u00ed\u017ee. V\u00fdjimkou tak nebyly ani rva\u010dky mezi hr\u00e1\u010di, do kter\u00fdch se p\u0159\u00edle\u017eitostn\u011b p\u0159im\u00edchali i sud\u00ed. (Pravidla byla zm\u011bn\u011bna po fin\u00e1le FA Cupu mezi Evertonem a Manchesterem City roku 1933, kdy se sud\u00ed a hr\u00e1\u010d Toffees, Albert Geldard, kter\u00fd dr\u017eel m\u00ed\u010d, b\u011bhem opou\u0161t\u011bn\u00ed h\u0159i\u0161t\u011b pustili do sebe. Pot\u00e9 sm\u011bl m\u00ed\u010d sm\u011b\u0159ovat pouze do rukou rozhod\u010d\u00edho, kter\u00fd jej n\u00e1sledn\u011b p\u0159edal kapit\u00e1novi v\u00edt\u011bzn\u00e9ho t\u00fdmu).<\/p>\n<p>Kr\u00e1tce p\u0159ed svou smrt\u00ed v roce 1949, William Cuff, chairman Evertonu, detailn\u011b popsal poz\u00e1pasov\u00e9 sc\u00e9ny, je\u017e se v Crystal Palace v roce 1897 odehr\u00e1ly. <em>\u201eCel\u00fd t\u00fdm Aston Villy ve\u0161el po z\u00e1pase do \u0161atny Evertonu a do\u017eadoval se vr\u00e1cen\u00ed m\u00ed\u010de. Vid\u011bli, jak hr\u00e1\u010d Evertonu m\u00ed\u010d vzal a sp\u011bchal s n\u00edm do \u0161aten. Hr\u00e1\u010di Evertonu ale prohl\u00e1sili, \u017ee nev\u011bd\u00ed, kde balon je.&#8220;<\/em><\/p>\n<p>Jakmile se atmosf\u00e9ra trochu zklidnila, podle Cuffov\u00fdch slov hr\u00e1\u010di Villans prohledali ka\u017edi\u010dkou \u010d\u00e1st \u0161atny, dokonce byli tak neslu\u0161n\u00ed, a pro\u0161\u00e1trali i kapsy oble\u010den\u00ed sv\u00fdch fin\u00e1lov\u00fdch soupe\u0159\u016f. Bez \u00fasp\u011bchu. M\u00ed\u010d se ale v \u0161atn\u011b stejn\u011b nach\u00e1zel, jak Cuff odhalil.<\/p>\n<p>Jejich hled\u00e1n\u00ed bylo zbyte\u010dn\u00e9. Hr\u00e1\u010d Evertonu si brzy uv\u011bdomil jak obt\u00ed\u017en\u00e9 bude m\u00ed\u010d dob\u0159e uschovat, a tak pohotov\u011b vyt\u00e1hnul kapesn\u00ed n\u016f\u017e (jak se do \u0161atny mohl n\u016f\u017e dostat Cuff nikdy nevysv\u011btlil) a balon rozp\u00e1ral. Pot\u00e9 py\u0161n\u011b chodil okolo, mezi hr\u00e1\u010di Aston Villy, a posm\u011b\u0161n\u011b jim \u0159\u00edkal: <em>\u201eMy ten m\u00ed\u010d najdeme, a pak si ho m\u016f\u017eete vz\u00edt.&#8220;<\/em><\/p>\n<p>Kde ale m\u00ed\u010d vlastn\u011b byl?<em> \u201eObl\u00e9kl si ho pod sv\u016fj dres &#8211; jako chr\u00e1ni\u010d hrudn\u00edku!&#8220;<\/em> vysv\u011btlil Cuff. Jm\u00e9no rozparova\u010de balonu sice Cuff \u0159\u00edci nemohl, jeho identita ale byla stejn\u011b odhalena o t\u0159i roky pozd\u011bji novin\u00e1\u0159em Ernestem Edwardsem. \u0160lo o Abe Hartleyho, \u00fato\u010dn\u00edka Blues, kter\u00fd v z\u00e1pase nastoupil. Hartley zem\u0159el p\u0159i nehod\u011b v southamptonsk\u00fdch doc\u00edch v z\u00e1\u0159\u00ed 1909, a mo\u017en\u00e1 jako znamen\u00ed osudu Everton toho dne prohr\u00e1l zrovna s Aston Villou 3-1. Je\u0161t\u011b p\u0159ed svou smrt\u00ed nicm\u00e9n\u011b m\u00ed\u010d p\u0159edal, ji\u017e v renovovan\u00e9m stavu, jeho p\u0159\u00edteli Fredu Gearymu, n\u011bkdej\u0161\u00edmu \u00fato\u010dn\u00edkovi Evertonu. Jak dlouho Geary m\u011bl m\u00ed\u010d u sebe se nev\u00ed, ov\u0161em v jeho sedmdes\u00e1ti letech mo\u017en\u00e1 z od\u010din\u011bn\u00ed star\u00e9 \u0161kodolib\u016fstky sv\u00e9ho kamar\u00e1da, s sebou balon vzal na Anfield Road, kde zrovna v prosinci 1946 hr\u00e1la Aston Villa a m\u00ed\u010d nakonec vr\u00e1til jeho pr\u00e1voplatn\u00fdm majitel\u016fm.<\/p>\n<p>B\u011bhem p\u0159edem zaran\u017eovan\u00e9ho setk\u00e1n\u00ed jej konkr\u00e9tn\u011b p\u0159edal Normanu Smithovi, \u0159editeli Aston Villy. P\u0159\u00edtomen byl i chairman Liverpoolu a jeho \u010dinovn\u00edci, ale pro\u010d se nedostavil nikdo z Evertonu, z\u016fst\u00e1v\u00e1 z\u00e1hadou. V ka\u017ed\u00e9m p\u0159\u00edpad\u011b si ale m\u00ed\u010d musel p\u0159i onom z\u00e1kroku protrp\u011bt sv\u00e9. Jak Cuff dodal, s p\u016fvodn\u00edm sportovn\u00edm n\u00e1\u010din\u00edm toho ji\u017e moc spole\u010dn\u00e9ho nem\u011bl.<\/p>\n<p><strong>A jak to nakonec s m\u00ed\u010dem dopadlo?<\/strong><\/p>\n<p>To je dal\u0161\u00ed p\u0159\u00edb\u011bh &#8211; nikdo to nev\u00ed. V\u00ed se jen to, \u017ee se po n\u011bm v Aston Ville n\u011bkolikr\u00e1t sh\u00e1n\u011blo, ale na stopu mu nep\u0159i\u0161li dokonce ani historikov\u00e9. H\u00e1danka tak z\u016fst\u00e1v\u00e1 nedo\u0159e\u0161ena.<\/p>\n","protected":false},"excerpt":{"rendered":"<p>Vzru\u0161uj\u00edc\u00ed pod\u00edvan\u00e1 na h\u0159i\u0161ti a nem\u00e9n\u011b podivuhodn\u00e9 chvilky i po skon\u010den\u00ed utk\u00e1n\u00ed. Poh\u00e1rov\u00e9 fin\u00e1le roku 1897 zkr\u00e1tka nemohlo nikoho nudit.&hellip;<\/p>\n","protected":false},"author":7,"featured_media":631,"comment_status":"open","ping_status":"closed","sticky":false,"template":"","format":"standard","meta":{"_eb_attr":"","_monsterinsights_skip_tracking":false,"_monsterinsights_sitenote_active":false,"_monsterinsights_sitenote_note":"","_monsterinsights_sitenote_category":0,"footnotes":""},"categories":[10],"tags":[],"yoast_head":"<!-- This site is optimized with the Yoast SEO plugin v23.4 - https:\/\/yoast.com\/wordpress\/plugins\/seo\/ -->\n<title>Kde je ten zatracen\u00fd m\u00ed\u010d?! - Official Czech &amp; Slovak Everton Supporters&#039; Club<\/title>\n<meta name=\"robots\" content=\"index, follow, max-snippet:-1, max-image-preview:large, max-video-preview:-1\" \/>\n<link rel=\"canonical\" href=\"https:\/\/evertonfc.cz\/index.php\/2010\/10\/13\/kde-je-ten-zatraceny-mic\/\" \/>\n<meta property=\"og:locale\" content=\"cs_CZ\" \/>\n<meta property=\"og:type\" content=\"article\" \/>\n<meta property=\"og:title\" content=\"Kde je ten zatracen\u00fd m\u00ed\u010d?! - Official Czech &amp; Slovak Everton Supporters&#039; Club\" \/>\n<meta property=\"og:description\" content=\"Vzru\u0161uj\u00edc\u00ed pod\u00edvan\u00e1 na h\u0159i\u0161ti a nem\u00e9n\u011b podivuhodn\u00e9 chvilky i po skon\u010den\u00ed utk\u00e1n\u00ed. Poh\u00e1rov\u00e9 fin\u00e1le roku 1897 zkr\u00e1tka nemohlo nikoho nudit.&hellip;\" \/>\n<meta property=\"og:url\" content=\"https:\/\/evertonfc.cz\/index.php\/2010\/10\/13\/kde-je-ten-zatraceny-mic\/\" \/>\n<meta property=\"og:site_name\" content=\"Official Czech &amp; Slovak Everton Supporters&#039; Club\" \/>\n<meta property=\"article:publisher\" content=\"https:\/\/www.facebook.com\/everton.fans.cz.sk\" \/>\n<meta property=\"article:published_time\" content=\"2010-10-12T23:32:26+00:00\" \/>\n<meta property=\"article:modified_time\" content=\"2019-01-02T22:24:04+00:00\" \/>\n<meta property=\"og:image\" content=\"https:\/\/evertonfc.cz\/wp-content\/uploads\/2019\/01\/strange_but_blue.jpg\" \/>\n\t<meta property=\"og:image:width\" content=\"720\" \/>\n\t<meta property=\"og:image:height\" content=\"405\" \/>\n\t<meta property=\"og:image:type\" content=\"image\/jpeg\" \/>\n<meta name=\"author\" content=\"Me\u0148a\" \/>\n<meta name=\"twitter:card\" content=\"summary_large_image\" \/>\n<meta name=\"twitter:label1\" content=\"Napsal(a)\" \/>\n\t<meta name=\"twitter:data1\" content=\"Me\u0148a\" \/>\n\t<meta name=\"twitter:label2\" content=\"Odhadovan\u00e1 doba \u010dten\u00ed\" \/>\n\t<meta name=\"twitter:data2\" content=\"11 minut\" \/>\n<script type=\"application\/ld+json\" class=\"yoast-schema-graph\">{\"@context\":\"https:\/\/schema.org\",\"@graph\":[{\"@type\":\"Article\",\"@id\":\"https:\/\/evertonfc.cz\/index.php\/2010\/10\/13\/kde-je-ten-zatraceny-mic\/#article\",\"isPartOf\":{\"@id\":\"https:\/\/evertonfc.cz\/index.php\/2010\/10\/13\/kde-je-ten-zatraceny-mic\/\"},\"author\":{\"name\":\"Me\u0148a\",\"@id\":\"https:\/\/evertonfc.cz\/#\/schema\/person\/cd6328a75577de2add7793fd4b0930c3\"},\"headline\":\"Kde je ten zatracen\u00fd m\u00ed\u010d?!\",\"datePublished\":\"2010-10-12T23:32:26+00:00\",\"dateModified\":\"2019-01-02T22:24:04+00:00\",\"mainEntityOfPage\":{\"@id\":\"https:\/\/evertonfc.cz\/index.php\/2010\/10\/13\/kde-je-ten-zatraceny-mic\/\"},\"wordCount\":2136,\"commentCount\":0,\"publisher\":{\"@id\":\"https:\/\/evertonfc.cz\/#organization\"},\"image\":{\"@id\":\"https:\/\/evertonfc.cz\/index.php\/2010\/10\/13\/kde-je-ten-zatraceny-mic\/#primaryimage\"},\"thumbnailUrl\":\"https:\/\/evertonfc.cz\/wp-content\/uploads\/2019\/01\/strange_but_blue.jpg\",\"articleSection\":[\"Strange but Blue\"],\"inLanguage\":\"cs\",\"potentialAction\":[{\"@type\":\"CommentAction\",\"name\":\"Comment\",\"target\":[\"https:\/\/evertonfc.cz\/index.php\/2010\/10\/13\/kde-je-ten-zatraceny-mic\/#respond\"]}]},{\"@type\":\"WebPage\",\"@id\":\"https:\/\/evertonfc.cz\/index.php\/2010\/10\/13\/kde-je-ten-zatraceny-mic\/\",\"url\":\"https:\/\/evertonfc.cz\/index.php\/2010\/10\/13\/kde-je-ten-zatraceny-mic\/\",\"name\":\"Kde je ten zatracen\u00fd m\u00ed\u010d?! - Official Czech &amp; Slovak Everton Supporters&#039; Club\",\"isPartOf\":{\"@id\":\"https:\/\/evertonfc.cz\/#website\"},\"primaryImageOfPage\":{\"@id\":\"https:\/\/evertonfc.cz\/index.php\/2010\/10\/13\/kde-je-ten-zatraceny-mic\/#primaryimage\"},\"image\":{\"@id\":\"https:\/\/evertonfc.cz\/index.php\/2010\/10\/13\/kde-je-ten-zatraceny-mic\/#primaryimage\"},\"thumbnailUrl\":\"https:\/\/evertonfc.cz\/wp-content\/uploads\/2019\/01\/strange_but_blue.jpg\",\"datePublished\":\"2010-10-12T23:32:26+00:00\",\"dateModified\":\"2019-01-02T22:24:04+00:00\",\"breadcrumb\":{\"@id\":\"https:\/\/evertonfc.cz\/index.php\/2010\/10\/13\/kde-je-ten-zatraceny-mic\/#breadcrumb\"},\"inLanguage\":\"cs\",\"potentialAction\":[{\"@type\":\"ReadAction\",\"target\":[\"https:\/\/evertonfc.cz\/index.php\/2010\/10\/13\/kde-je-ten-zatraceny-mic\/\"]}]},{\"@type\":\"ImageObject\",\"inLanguage\":\"cs\",\"@id\":\"https:\/\/evertonfc.cz\/index.php\/2010\/10\/13\/kde-je-ten-zatraceny-mic\/#primaryimage\",\"url\":\"https:\/\/evertonfc.cz\/wp-content\/uploads\/2019\/01\/strange_but_blue.jpg\",\"contentUrl\":\"https:\/\/evertonfc.cz\/wp-content\/uploads\/2019\/01\/strange_but_blue.jpg\",\"width\":720,\"height\":405},{\"@type\":\"BreadcrumbList\",\"@id\":\"https:\/\/evertonfc.cz\/index.php\/2010\/10\/13\/kde-je-ten-zatraceny-mic\/#breadcrumb\",\"itemListElement\":[{\"@type\":\"ListItem\",\"position\":1,\"name\":\"Home\",\"item\":\"https:\/\/evertonfc.cz\/\"},{\"@type\":\"ListItem\",\"position\":2,\"name\":\"Kde je ten zatracen\u00fd m\u00ed\u010d?!\"}]},{\"@type\":\"WebSite\",\"@id\":\"https:\/\/evertonfc.cz\/#website\",\"url\":\"https:\/\/evertonfc.cz\/\",\"name\":\"Official Czech &amp; Slovak Everton Supporters&#039; Club\",\"description\":\"\",\"publisher\":{\"@id\":\"https:\/\/evertonfc.cz\/#organization\"},\"potentialAction\":[{\"@type\":\"SearchAction\",\"target\":{\"@type\":\"EntryPoint\",\"urlTemplate\":\"https:\/\/evertonfc.cz\/?s={search_term_string}\"},\"query-input\":{\"@type\":\"PropertyValueSpecification\",\"valueRequired\":true,\"valueName\":\"search_term_string\"}}],\"inLanguage\":\"cs\"},{\"@type\":\"Organization\",\"@id\":\"https:\/\/evertonfc.cz\/#organization\",\"name\":\"Official Czech & Slovak Everton Supporters' Club\",\"url\":\"https:\/\/evertonfc.cz\/\",\"logo\":{\"@type\":\"ImageObject\",\"inLanguage\":\"cs\",\"@id\":\"https:\/\/evertonfc.cz\/#\/schema\/logo\/image\/\",\"url\":\"https:\/\/evertonfc.cz\/wp-content\/uploads\/2019\/05\/logo.png\",\"contentUrl\":\"https:\/\/evertonfc.cz\/wp-content\/uploads\/2019\/05\/logo.png\",\"width\":112,\"height\":112,\"caption\":\"Official Czech & Slovak Everton Supporters' Club\"},\"image\":{\"@id\":\"https:\/\/evertonfc.cz\/#\/schema\/logo\/image\/\"},\"sameAs\":[\"https:\/\/www.facebook.com\/everton.fans.cz.sk\"]},{\"@type\":\"Person\",\"@id\":\"https:\/\/evertonfc.cz\/#\/schema\/person\/cd6328a75577de2add7793fd4b0930c3\",\"name\":\"Me\u0148a\",\"url\":\"https:\/\/evertonfc.cz\/index.php\/author\/mena\/\"}]}<\/script>\n<!-- \/ Yoast SEO plugin. -->","yoast_head_json":{"title":"Kde je ten zatracen\u00fd m\u00ed\u010d?! - Official Czech &amp; Slovak Everton Supporters&#039; Club","robots":{"index":"index","follow":"follow","max-snippet":"max-snippet:-1","max-image-preview":"max-image-preview:large","max-video-preview":"max-video-preview:-1"},"canonical":"https:\/\/evertonfc.cz\/index.php\/2010\/10\/13\/kde-je-ten-zatraceny-mic\/","og_locale":"cs_CZ","og_type":"article","og_title":"Kde je ten zatracen\u00fd m\u00ed\u010d?! - Official Czech &amp; Slovak Everton Supporters&#039; Club","og_description":"Vzru\u0161uj\u00edc\u00ed pod\u00edvan\u00e1 na h\u0159i\u0161ti a nem\u00e9n\u011b podivuhodn\u00e9 chvilky i po skon\u010den\u00ed utk\u00e1n\u00ed. Poh\u00e1rov\u00e9 fin\u00e1le roku 1897 zkr\u00e1tka nemohlo nikoho nudit.&hellip;","og_url":"https:\/\/evertonfc.cz\/index.php\/2010\/10\/13\/kde-je-ten-zatraceny-mic\/","og_site_name":"Official Czech &amp; Slovak Everton Supporters&#039; Club","article_publisher":"https:\/\/www.facebook.com\/everton.fans.cz.sk","article_published_time":"2010-10-12T23:32:26+00:00","article_modified_time":"2019-01-02T22:24:04+00:00","og_image":[{"width":720,"height":405,"url":"https:\/\/evertonfc.cz\/wp-content\/uploads\/2019\/01\/strange_but_blue.jpg","type":"image\/jpeg"}],"author":"Me\u0148a","twitter_card":"summary_large_image","twitter_misc":{"Napsal(a)":"Me\u0148a","Odhadovan\u00e1 doba \u010dten\u00ed":"11 minut"},"schema":{"@context":"https:\/\/schema.org","@graph":[{"@type":"Article","@id":"https:\/\/evertonfc.cz\/index.php\/2010\/10\/13\/kde-je-ten-zatraceny-mic\/#article","isPartOf":{"@id":"https:\/\/evertonfc.cz\/index.php\/2010\/10\/13\/kde-je-ten-zatraceny-mic\/"},"author":{"name":"Me\u0148a","@id":"https:\/\/evertonfc.cz\/#\/schema\/person\/cd6328a75577de2add7793fd4b0930c3"},"headline":"Kde je ten zatracen\u00fd m\u00ed\u010d?!","datePublished":"2010-10-12T23:32:26+00:00","dateModified":"2019-01-02T22:24:04+00:00","mainEntityOfPage":{"@id":"https:\/\/evertonfc.cz\/index.php\/2010\/10\/13\/kde-je-ten-zatraceny-mic\/"},"wordCount":2136,"commentCount":0,"publisher":{"@id":"https:\/\/evertonfc.cz\/#organization"},"image":{"@id":"https:\/\/evertonfc.cz\/index.php\/2010\/10\/13\/kde-je-ten-zatraceny-mic\/#primaryimage"},"thumbnailUrl":"https:\/\/evertonfc.cz\/wp-content\/uploads\/2019\/01\/strange_but_blue.jpg","articleSection":["Strange but Blue"],"inLanguage":"cs","potentialAction":[{"@type":"CommentAction","name":"Comment","target":["https:\/\/evertonfc.cz\/index.php\/2010\/10\/13\/kde-je-ten-zatraceny-mic\/#respond"]}]},{"@type":"WebPage","@id":"https:\/\/evertonfc.cz\/index.php\/2010\/10\/13\/kde-je-ten-zatraceny-mic\/","url":"https:\/\/evertonfc.cz\/index.php\/2010\/10\/13\/kde-je-ten-zatraceny-mic\/","name":"Kde je ten zatracen\u00fd m\u00ed\u010d?! - Official Czech &amp; Slovak Everton Supporters&#039; Club","isPartOf":{"@id":"https:\/\/evertonfc.cz\/#website"},"primaryImageOfPage":{"@id":"https:\/\/evertonfc.cz\/index.php\/2010\/10\/13\/kde-je-ten-zatraceny-mic\/#primaryimage"},"image":{"@id":"https:\/\/evertonfc.cz\/index.php\/2010\/10\/13\/kde-je-ten-zatraceny-mic\/#primaryimage"},"thumbnailUrl":"https:\/\/evertonfc.cz\/wp-content\/uploads\/2019\/01\/strange_but_blue.jpg","datePublished":"2010-10-12T23:32:26+00:00","dateModified":"2019-01-02T22:24:04+00:00","breadcrumb":{"@id":"https:\/\/evertonfc.cz\/index.php\/2010\/10\/13\/kde-je-ten-zatraceny-mic\/#breadcrumb"},"inLanguage":"cs","potentialAction":[{"@type":"ReadAction","target":["https:\/\/evertonfc.cz\/index.php\/2010\/10\/13\/kde-je-ten-zatraceny-mic\/"]}]},{"@type":"ImageObject","inLanguage":"cs","@id":"https:\/\/evertonfc.cz\/index.php\/2010\/10\/13\/kde-je-ten-zatraceny-mic\/#primaryimage","url":"https:\/\/evertonfc.cz\/wp-content\/uploads\/2019\/01\/strange_but_blue.jpg","contentUrl":"https:\/\/evertonfc.cz\/wp-content\/uploads\/2019\/01\/strange_but_blue.jpg","width":720,"height":405},{"@type":"BreadcrumbList","@id":"https:\/\/evertonfc.cz\/index.php\/2010\/10\/13\/kde-je-ten-zatraceny-mic\/#breadcrumb","itemListElement":[{"@type":"ListItem","position":1,"name":"Home","item":"https:\/\/evertonfc.cz\/"},{"@type":"ListItem","position":2,"name":"Kde je ten zatracen\u00fd m\u00ed\u010d?!"}]},{"@type":"WebSite","@id":"https:\/\/evertonfc.cz\/#website","url":"https:\/\/evertonfc.cz\/","name":"Official Czech &amp; Slovak Everton Supporters&#039; Club","description":"","publisher":{"@id":"https:\/\/evertonfc.cz\/#organization"},"potentialAction":[{"@type":"SearchAction","target":{"@type":"EntryPoint","urlTemplate":"https:\/\/evertonfc.cz\/?s={search_term_string}"},"query-input":{"@type":"PropertyValueSpecification","valueRequired":true,"valueName":"search_term_string"}}],"inLanguage":"cs"},{"@type":"Organization","@id":"https:\/\/evertonfc.cz\/#organization","name":"Official Czech & Slovak Everton Supporters' Club","url":"https:\/\/evertonfc.cz\/","logo":{"@type":"ImageObject","inLanguage":"cs","@id":"https:\/\/evertonfc.cz\/#\/schema\/logo\/image\/","url":"https:\/\/evertonfc.cz\/wp-content\/uploads\/2019\/05\/logo.png","contentUrl":"https:\/\/evertonfc.cz\/wp-content\/uploads\/2019\/05\/logo.png","width":112,"height":112,"caption":"Official Czech & Slovak Everton Supporters' Club"},"image":{"@id":"https:\/\/evertonfc.cz\/#\/schema\/logo\/image\/"},"sameAs":["https:\/\/www.facebook.com\/everton.fans.cz.sk"]},{"@type":"Person","@id":"https:\/\/evertonfc.cz\/#\/schema\/person\/cd6328a75577de2add7793fd4b0930c3","name":"Me\u0148a","url":"https:\/\/evertonfc.cz\/index.php\/author\/mena\/"}]}},"_links":{"self":[{"href":"https:\/\/evertonfc.cz\/index.php\/wp-json\/wp\/v2\/posts\/687"}],"collection":[{"href":"https:\/\/evertonfc.cz\/index.php\/wp-json\/wp\/v2\/posts"}],"about":[{"href":"https:\/\/evertonfc.cz\/index.php\/wp-json\/wp\/v2\/types\/post"}],"author":[{"embeddable":true,"href":"https:\/\/evertonfc.cz\/index.php\/wp-json\/wp\/v2\/users\/7"}],"replies":[{"embeddable":true,"href":"https:\/\/evertonfc.cz\/index.php\/wp-json\/wp\/v2\/comments?post=687"}],"version-history":[{"count":1,"href":"https:\/\/evertonfc.cz\/index.php\/wp-json\/wp\/v2\/posts\/687\/revisions"}],"predecessor-version":[{"id":689,"href":"https:\/\/evertonfc.cz\/index.php\/wp-json\/wp\/v2\/posts\/687\/revisions\/689"}],"wp:featuredmedia":[{"embeddable":true,"href":"https:\/\/evertonfc.cz\/index.php\/wp-json\/wp\/v2\/media\/631"}],"wp:attachment":[{"href":"https:\/\/evertonfc.cz\/index.php\/wp-json\/wp\/v2\/media?parent=687"}],"wp:term":[{"taxonomy":"category","embeddable":true,"href":"https:\/\/evertonfc.cz\/index.php\/wp-json\/wp\/v2\/categories?post=687"},{"taxonomy":"post_tag","embeddable":true,"href":"https:\/\/evertonfc.cz\/index.php\/wp-json\/wp\/v2\/tags?post=687"}],"curies":[{"name":"wp","href":"https:\/\/api.w.org\/{rel}","templated":true}]}}