{"id":690,"date":"2010-10-25T22:57:21","date_gmt":"2010-10-25T20:57:21","guid":{"rendered":"http:\/\/evertonfc.cz\/?p=690"},"modified":"2019-01-02T23:24:25","modified_gmt":"2019-01-02T22:24:25","slug":"larry-fatty","status":"publish","type":"post","link":"https:\/\/evertonfc.cz\/index.php\/2010\/10\/25\/larry-fatty\/","title":{"rendered":"Larry &#038; Fatty"},"content":{"rendered":"<h4><strong>\u00damysln\u00e1 zran\u011bn\u00ed k fotbalu n\u011bjakou tu dobu pat\u0159\u00ed. Tedy, ne \u017ee by n\u00e1\u0161 dne\u0161n\u00ed hrdina cht\u011bl protihr\u00e1\u010di c\u00edlen\u011b ubl\u00ed\u017eit, jen se s oponenty zkr\u00e1tka nikdy moc nemazal.<\/strong><\/h4>\n<p>Everton &#8211; Sheffield United, First Division, 30. \u0159\u00edjna 1897<\/p>\n<p>William &#8222;Fatty&#8220; Foulke\u00a0b\u00fdval fotbalovou legendou. V tehdej\u0161\u00ed dob\u011b \u0161lo mo\u017en\u00e1 o nejkontroverzn\u011bj\u0161\u00edho fotbalistu nejen na ostrovech. Nebylo divu, v\u017edy\u0165 obr o v\u00e1ze 150 kilogram\u016f a v\u00fd\u0161ce bez sedmi centimetr\u016f dva metry, budil rozruch v\u0161ude, kam jeho noha vkro\u010dila. Narozen byl jako Foulk, b\u011bhem hr\u00e1\u010dsk\u00e9 kari\u00e9ry p\u0159e\u0161el k p\u0159\u00edjmen\u00ed Foulke, a o dal\u0161\u00ed p\u00edsmenko se jeho druh\u00e9 jm\u00e9no roz\u0161\u00ed\u0159ilo po jeho \u00famrt\u00ed na z\u00e1pal plic v roce 1916. (Stejn\u011b jako jm\u00e9no se postupem \u010dasu zv\u011bt\u0161ovalo a zv\u011bt\u0161ovalo i jeho t\u011blo, a ke konci devaten\u00e1ct\u00e9ho stolet\u00ed se m\u011blo za to, \u017ee jeho v\u00e1ha \u010dinila a\u017e 165 kilogram\u016f.<\/p>\n<p>Pravdou je, \u017ee Foulke, jeho\u017e povol\u00e1n\u00edm bylo st\u0159e\u017een\u00ed br\u00e1ny, si ze sv\u00e9 nadv\u00e1hy hlavu nel\u00e1mal. Kdy\u017e mu byla jist\u00fdm novin\u00e1\u0159em polo\u017eena ot\u00e1zka sm\u011b\u0159uj\u00edc\u00ed k bu\u010den\u00ed, kter\u00e9 se na jeho adresu mnohdy oz\u00fdvalo, jen odsekl: <em>\u201eNestar\u00e1m se jak mi \u0159\u00edkaj\u00ed, nebo jak se chovaj\u00ed, pokud m\u011b k m\u00e9mu ob\u011bdu nevolaj\u00ed pozd\u011b.&#8220;<\/em> Jeho l\u00e1ska k j\u00eddlu byla skute\u010dn\u011b podivuhodn\u00e1. Jednou \u00fadajn\u011b dorazil k t\u00fdmov\u00e9 ve\u010de\u0159i d\u0159\u00edve, a ne\u017e spoluhr\u00e1\u010di v\u016fbec stihli p\u0159ij\u00edt, v\u0161ech jeden\u00e1ct tal\u00ed\u0159\u016f zelo pr\u00e1zdnotou. Kdysi pak chytil dv\u011b penalty st\u0159elci Burtonu Albion, a ten se pozd\u011bji nechal sly\u0161et: <em>\u201eA kam jsem m\u011bl m\u00ed\u0159it? Nebylo tam \u017e\u00e1dn\u00e9 voln\u00e9 m\u00edsto!&#8220;<\/em><\/p>\n<p>A\u010d jeho v\u00e1ha \u010dasto doslova zasti\u0148ovala jeho fantastick\u00e9 brank\u00e1\u0159sk\u00e9 schopnosti, m\u011bl krom z\u00e1liby v j\u00eddle tak\u00e9 jeden nav\u00fdsost neslu\u0161n\u00fd zlozvyk. Z\u00e1pas proti Sheffield United v roce 1897 tak odkryl ob\u011b strany tohoto fotbalov\u00e9ho tlou\u0161t\u00edka.<\/p>\n<p>United p\u0159ijeli na Goodison jako\u017eto vedouc\u00ed celek tabulky, p\u0159i\u010dem\u017e Everton byl jen v\u00a0t\u011bsn\u00e9m z\u00e1v\u011bsu.\u00a0 Ke stadionu se hr\u00e1\u010di dopravovali v\u00a0n\u011bkolika ko\u010d\u00e1rech, p\u0159i po\u010dtu jednoho ko\u010d\u00e1ru pro \u010dty\u0159i hr\u00e1\u010de. Foulke musel m\u00edt jeden jen pro sebe. Publikum \u010d\u00edtalo po\u010detn\u00fdch 20,000 div\u00e1k\u016f a po v\u0159el\u00e9m uv\u00edt\u00e1n\u00ed dom\u00e1c\u00edch i host\u016f nade\u0161el \u010das v\u00fdkopu.<\/p>\n<p>Everton p\u0159e\u010dkal \u00favodn\u00ed n\u00e1por yorkshirsk\u00e9ho t\u00fdmu, a ji\u017e po \u010dty\u0159ech minut\u00e1ch byl odm\u011bn\u011bn, kdy\u017e Larry Bell prudkou ranou prop\u00e1lil Foulkea. Blues cht\u011bli veden\u00ed zdvojn\u00e1sobit, a tak m\u011bl Foulke o pr\u00e1ci postar\u00e1no. Jenom\u017ee zni\u010dehonic srovnal po chyb\u011b Meehana Cunningham a nakr\u00e1tko oto\u010dil z\u00e1pas ve prosp\u011bch Sheffieldu Almond, kdy\u017e vystihnul mizernou p\u0159ihr\u00e1vku Johnnyho Holta. P\u0159ed p\u0159est\u00e1vkou se nav\u00edc je\u0161t\u011b p\u0159esnou volej\u00ed bl\u00fdsknul Priest.<\/p>\n<p>V\u00a0druh\u00e9m polo\u010dase Everton vsadil v\u0161e na jednu kartu a za ka\u017edou cenu se hnal kup\u0159edu. Foulke se tedy m\u011bl co ot\u00e1\u010det, co\u017e v\u00a0z\u00e1pasov\u00e9m shrnut\u00ed potvrdil i Daily Post. <em>\u201ePokud m\u011bl n\u011bkdy brank\u00e1\u0159 lv\u00ed pod\u00edl na v\u00fdsledku z\u00e1pasu, pak to v\u00a0sobotu byl Foulke.\u201c<\/em> Obr se bl\u00fdsknul zejm\u00e9na z\u00e1krokem proti hlavi\u010dce Johna Camerona, kter\u00e1 jej trefila do obli\u010deje a brilantn\u00edm skokem proti st\u0159ele Dickieho Boylea. Ve\u0161ker\u00e1 snaha Toffees tak byla marn\u00e1, a co v\u00edc, United p\u0159idali \u010dtvrtou trefu, kdy\u017e k\u0159\u00eddeln\u00edk Bennett prodribroval p\u0159es p\u016flku h\u0159i\u0161t\u011b a z\u00a0deseti metr\u016f pak p\u0159ekonal McFarlanea v\u00a0br\u00e1n\u011b dom\u00e1c\u00edch.\u00a0 Koncem z\u00e1pasu se ale sch\u00fdlilo k\u00a0incidentu, kter\u00fd vytvo\u0159il tu\u010dn\u00e9 novinov\u00e9 titulky.<\/p>\n<p>Foulke m\u00edval politov\u00e1n\u00edhodn\u00fd kon\u00ed\u010dek, kdy vyu\u017e\u00edval svoj\u00ed v\u00e1hy k\u00a0potrest\u00e1n\u00ed t\u011bch, o kter\u00fdch se domn\u00edval, \u017ee se proti n\u011bmu n\u011bjak\u00fdm zp\u016fsobem provinili. Pakli\u017ee m\u011bla ob\u011b\u0165 \u0161t\u011bst\u00ed, Foulke ne\u0161\u0165astn\u00edka \u201epouze\u201c zvednul a n\u011bkolikr\u00e1t z n\u011bho, dr\u017e\u00edc ho v\u00a0ruk\u00e1ch, ud\u011blal vrtuli. K\u00a0ostatn\u00edm ale tak milosrdn\u00fd nebyl. Jedn\u00edm ze smola\u0159\u016f tak byl i \u00fato\u010dn\u00edk Evertonu, Larry Bell. Sc\u00e9nu na konci z\u00e1pasu popsalo hned n\u011bkolik den\u00edk\u016f, mezi nimi i Liverpool Echo. \u201eFoulke spadl na Bella, kter\u00fd tak p\u0159i\u0161el ke zran\u011bn\u00ed, a musel b\u00fdt odnesen ze h\u0159i\u0161t\u011b.\u201c Mercury zase napsal: <em>\u201eBylo ne\u0161\u0165astn\u00e9, \u017ee Foulke zkazil sv\u016fj skv\u011bl\u00fd v\u00fdkon vyu\u017eit\u00edm sv\u00e9 v\u00e1hy, co\u017e vedlo k\u00a0Belllovu opu\u0161t\u011bn\u00ed h\u0159i\u0161t\u011b.\u201c<\/em><\/p>\n<p><strong>Rozuzlen\u00ed<\/strong><\/p>\n<p>Co se vlastn\u011b tehdy stalo? Rozzu\u0159en\u00fd Foulke se \u00famysln\u011b rozhodnul sed\u011bt na Bellovi a\u017e do z\u00e1v\u011bre\u010dn\u00e9ho hvizdu. Celou z\u00e1le\u017eitost prokoukl a\u017e v\u00a0roce 1920 Liverpool Echo. Podle n\u011bj se Bell po vst\u0159elen\u00ed sv\u00e9ho g\u00f3lu Foulkeovi posm\u00edval a dr\u00e1\u017edil ho. Mohutn\u00fd brank\u00e1\u0159 si pak po\u010dkal na okam\u017eik odplaty a sv\u00fdmi 150 kily zavalil Bellovo t\u011blo, ze kter\u00e9ho si ud\u011blal provizorn\u00ed k\u0159eslo. Bella t\u00edm ale v\u00e1\u017en\u011b zranil, n\u00e1sleduj\u00edc\u00ed dva t\u00fddny dokonce nebyl schopen se pohybovat bez ciz\u00ed pomoci, \u010di zdravotn\u00edch pom\u016fcek. Stejn\u00fd po\u010din Foulke pozd\u011bji zkou\u0161el zinscenovat i na jist\u00e9ho hr\u00e1\u010de Liverpoolu.<\/p>\n<p><strong>Souboj v\u00a0t\u011b\u017ek\u00e9 v\u00e1ze<\/strong><\/p>\n<p>Nejv\u011bt\u0161\u00ed podobiznou Billa Foulkea v\u00a0evertonsk\u00e9m pod\u00e1n\u00ed byl Jack Hillman. V\u00e1\u017eil 105 kilogram\u016f, a kdy\u017e se oba brank\u00e1\u0159i setkali v\u00a0z\u00e1pase Evertonu proti Sheffieldu United v\u00a0roce 1895, jejich kombinovan\u00e1 v\u00e1ha p\u0159esahovala t\u011b\u017ekoton\u00e1\u017en\u00edch 250 kilogram\u016f, co\u017e je jen o p\u00e1r kilo v\u00edce, ne\u017e \u010dinila v\u016fbec nejt\u011b\u017e\u0161\u00ed zaznamenan\u00e1 kombinovan\u00e1 v\u00e1ha bojovn\u00edk\u016f o titul mistra sv\u011bta v\u00a0t\u011b\u017ek\u00e9 v\u00e1ze.<\/p>\n<p>Po odchodu z\u00a0Evertonu se Hillman nechvaln\u011b proslavil i v\u00a0jin\u00e9 kategorii. V\u00a0roce 1900 se stal prvn\u00edm hr\u00e1\u010dem, kter\u00fd byl obvin\u011bn z\u00a0ovliv\u0148ov\u00e1n\u00ed z\u00e1pasu. B\u011bhem p\u016fsoben\u00ed v Burnley nab\u00eddl fotbalist\u016fm Nottinghamu Forest sumu pen\u011bz (2 libry na za\u010d\u00e1tku, 5 liber v\u00a0polo\u010dase) za to, aby vypustili z\u00e1pas v\u00a0kl\u00ed\u010dov\u00e9m z\u00e1chran\u00e1\u0159sk\u00e9m souboji Clarets. Hr\u00e1\u010di Forest v\u0161ak odm\u00edtli, Burnley prohr\u00e1lo 0-4 a sestoupilo. Hillmanova ne\u010dist\u00e1 snaha vyplavala na povrch a zanedlouho na\u0161el brank\u00e1\u0159 ve schr\u00e1nce soudn\u00ed obs\u00edlku. V\u011bzen\u00ed se sice vyhnul, ale ro\u010dn\u00ed z\u00e1kaz \u010dinnosti jej u\u017e neminul.<\/p>\n","protected":false},"excerpt":{"rendered":"<p>\u00damysln\u00e1 zran\u011bn\u00ed k fotbalu n\u011bjakou tu dobu pat\u0159\u00ed. Tedy, ne \u017ee by n\u00e1\u0161 dne\u0161n\u00ed hrdina cht\u011bl protihr\u00e1\u010di c\u00edlen\u011b ubl\u00ed\u017eit, jen&hellip;<\/p>\n","protected":false},"author":7,"featured_media":631,"comment_status":"open","ping_status":"closed","sticky":false,"template":"","format":"standard","meta":{"_eb_attr":"","_monsterinsights_skip_tracking":false,"_monsterinsights_sitenote_active":false,"_monsterinsights_sitenote_note":"","_monsterinsights_sitenote_category":0,"footnotes":""},"categories":[10],"tags":[],"yoast_head":"<!-- This site is optimized with the Yoast SEO plugin v23.4 - https:\/\/yoast.com\/wordpress\/plugins\/seo\/ -->\n<title>Larry &amp; Fatty - Official Czech &amp; Slovak Everton Supporters&#039; Club<\/title>\n<meta name=\"robots\" content=\"index, follow, max-snippet:-1, max-image-preview:large, max-video-preview:-1\" \/>\n<link rel=\"canonical\" href=\"https:\/\/evertonfc.cz\/index.php\/2010\/10\/25\/larry-fatty\/\" \/>\n<meta property=\"og:locale\" content=\"cs_CZ\" \/>\n<meta property=\"og:type\" content=\"article\" \/>\n<meta property=\"og:title\" content=\"Larry &amp; Fatty - Official Czech &amp; Slovak Everton Supporters&#039; Club\" \/>\n<meta property=\"og:description\" content=\"\u00damysln\u00e1 zran\u011bn\u00ed k fotbalu n\u011bjakou tu dobu pat\u0159\u00ed. Tedy, ne \u017ee by n\u00e1\u0161 dne\u0161n\u00ed hrdina cht\u011bl protihr\u00e1\u010di c\u00edlen\u011b ubl\u00ed\u017eit, jen&hellip;\" \/>\n<meta property=\"og:url\" content=\"https:\/\/evertonfc.cz\/index.php\/2010\/10\/25\/larry-fatty\/\" \/>\n<meta property=\"og:site_name\" content=\"Official Czech &amp; Slovak Everton Supporters&#039; Club\" \/>\n<meta property=\"article:publisher\" content=\"https:\/\/www.facebook.com\/everton.fans.cz.sk\" \/>\n<meta property=\"article:published_time\" content=\"2010-10-25T20:57:21+00:00\" \/>\n<meta property=\"article:modified_time\" content=\"2019-01-02T22:24:25+00:00\" \/>\n<meta property=\"og:image\" content=\"https:\/\/evertonfc.cz\/wp-content\/uploads\/2019\/01\/strange_but_blue.jpg\" \/>\n\t<meta property=\"og:image:width\" content=\"720\" \/>\n\t<meta property=\"og:image:height\" content=\"405\" \/>\n\t<meta property=\"og:image:type\" content=\"image\/jpeg\" \/>\n<meta name=\"author\" content=\"Me\u0148a\" \/>\n<meta name=\"twitter:card\" content=\"summary_large_image\" \/>\n<meta name=\"twitter:label1\" content=\"Napsal(a)\" \/>\n\t<meta name=\"twitter:data1\" content=\"Me\u0148a\" \/>\n\t<meta name=\"twitter:label2\" content=\"Odhadovan\u00e1 doba \u010dten\u00ed\" \/>\n\t<meta name=\"twitter:data2\" content=\"6 minut\" \/>\n<script type=\"application\/ld+json\" class=\"yoast-schema-graph\">{\"@context\":\"https:\/\/schema.org\",\"@graph\":[{\"@type\":\"Article\",\"@id\":\"https:\/\/evertonfc.cz\/index.php\/2010\/10\/25\/larry-fatty\/#article\",\"isPartOf\":{\"@id\":\"https:\/\/evertonfc.cz\/index.php\/2010\/10\/25\/larry-fatty\/\"},\"author\":{\"name\":\"Me\u0148a\",\"@id\":\"https:\/\/evertonfc.cz\/#\/schema\/person\/cd6328a75577de2add7793fd4b0930c3\"},\"headline\":\"Larry &#038; Fatty\",\"datePublished\":\"2010-10-25T20:57:21+00:00\",\"dateModified\":\"2019-01-02T22:24:25+00:00\",\"mainEntityOfPage\":{\"@id\":\"https:\/\/evertonfc.cz\/index.php\/2010\/10\/25\/larry-fatty\/\"},\"wordCount\":1133,\"commentCount\":0,\"publisher\":{\"@id\":\"https:\/\/evertonfc.cz\/#organization\"},\"image\":{\"@id\":\"https:\/\/evertonfc.cz\/index.php\/2010\/10\/25\/larry-fatty\/#primaryimage\"},\"thumbnailUrl\":\"https:\/\/evertonfc.cz\/wp-content\/uploads\/2019\/01\/strange_but_blue.jpg\",\"articleSection\":[\"Strange but Blue\"],\"inLanguage\":\"cs\",\"potentialAction\":[{\"@type\":\"CommentAction\",\"name\":\"Comment\",\"target\":[\"https:\/\/evertonfc.cz\/index.php\/2010\/10\/25\/larry-fatty\/#respond\"]}]},{\"@type\":\"WebPage\",\"@id\":\"https:\/\/evertonfc.cz\/index.php\/2010\/10\/25\/larry-fatty\/\",\"url\":\"https:\/\/evertonfc.cz\/index.php\/2010\/10\/25\/larry-fatty\/\",\"name\":\"Larry & Fatty - Official Czech &amp; Slovak Everton Supporters&#039; Club\",\"isPartOf\":{\"@id\":\"https:\/\/evertonfc.cz\/#website\"},\"primaryImageOfPage\":{\"@id\":\"https:\/\/evertonfc.cz\/index.php\/2010\/10\/25\/larry-fatty\/#primaryimage\"},\"image\":{\"@id\":\"https:\/\/evertonfc.cz\/index.php\/2010\/10\/25\/larry-fatty\/#primaryimage\"},\"thumbnailUrl\":\"https:\/\/evertonfc.cz\/wp-content\/uploads\/2019\/01\/strange_but_blue.jpg\",\"datePublished\":\"2010-10-25T20:57:21+00:00\",\"dateModified\":\"2019-01-02T22:24:25+00:00\",\"breadcrumb\":{\"@id\":\"https:\/\/evertonfc.cz\/index.php\/2010\/10\/25\/larry-fatty\/#breadcrumb\"},\"inLanguage\":\"cs\",\"potentialAction\":[{\"@type\":\"ReadAction\",\"target\":[\"https:\/\/evertonfc.cz\/index.php\/2010\/10\/25\/larry-fatty\/\"]}]},{\"@type\":\"ImageObject\",\"inLanguage\":\"cs\",\"@id\":\"https:\/\/evertonfc.cz\/index.php\/2010\/10\/25\/larry-fatty\/#primaryimage\",\"url\":\"https:\/\/evertonfc.cz\/wp-content\/uploads\/2019\/01\/strange_but_blue.jpg\",\"contentUrl\":\"https:\/\/evertonfc.cz\/wp-content\/uploads\/2019\/01\/strange_but_blue.jpg\",\"width\":720,\"height\":405},{\"@type\":\"BreadcrumbList\",\"@id\":\"https:\/\/evertonfc.cz\/index.php\/2010\/10\/25\/larry-fatty\/#breadcrumb\",\"itemListElement\":[{\"@type\":\"ListItem\",\"position\":1,\"name\":\"Home\",\"item\":\"https:\/\/evertonfc.cz\/\"},{\"@type\":\"ListItem\",\"position\":2,\"name\":\"Larry &#038; Fatty\"}]},{\"@type\":\"WebSite\",\"@id\":\"https:\/\/evertonfc.cz\/#website\",\"url\":\"https:\/\/evertonfc.cz\/\",\"name\":\"Official Czech &amp; Slovak Everton Supporters&#039; Club\",\"description\":\"\",\"publisher\":{\"@id\":\"https:\/\/evertonfc.cz\/#organization\"},\"potentialAction\":[{\"@type\":\"SearchAction\",\"target\":{\"@type\":\"EntryPoint\",\"urlTemplate\":\"https:\/\/evertonfc.cz\/?s={search_term_string}\"},\"query-input\":{\"@type\":\"PropertyValueSpecification\",\"valueRequired\":true,\"valueName\":\"search_term_string\"}}],\"inLanguage\":\"cs\"},{\"@type\":\"Organization\",\"@id\":\"https:\/\/evertonfc.cz\/#organization\",\"name\":\"Official Czech & Slovak Everton Supporters' Club\",\"url\":\"https:\/\/evertonfc.cz\/\",\"logo\":{\"@type\":\"ImageObject\",\"inLanguage\":\"cs\",\"@id\":\"https:\/\/evertonfc.cz\/#\/schema\/logo\/image\/\",\"url\":\"https:\/\/evertonfc.cz\/wp-content\/uploads\/2019\/05\/logo.png\",\"contentUrl\":\"https:\/\/evertonfc.cz\/wp-content\/uploads\/2019\/05\/logo.png\",\"width\":112,\"height\":112,\"caption\":\"Official Czech & Slovak Everton Supporters' Club\"},\"image\":{\"@id\":\"https:\/\/evertonfc.cz\/#\/schema\/logo\/image\/\"},\"sameAs\":[\"https:\/\/www.facebook.com\/everton.fans.cz.sk\"]},{\"@type\":\"Person\",\"@id\":\"https:\/\/evertonfc.cz\/#\/schema\/person\/cd6328a75577de2add7793fd4b0930c3\",\"name\":\"Me\u0148a\",\"url\":\"https:\/\/evertonfc.cz\/index.php\/author\/mena\/\"}]}<\/script>\n<!-- \/ Yoast SEO plugin. -->","yoast_head_json":{"title":"Larry & Fatty - Official Czech &amp; Slovak Everton Supporters&#039; Club","robots":{"index":"index","follow":"follow","max-snippet":"max-snippet:-1","max-image-preview":"max-image-preview:large","max-video-preview":"max-video-preview:-1"},"canonical":"https:\/\/evertonfc.cz\/index.php\/2010\/10\/25\/larry-fatty\/","og_locale":"cs_CZ","og_type":"article","og_title":"Larry & Fatty - Official Czech &amp; Slovak Everton Supporters&#039; Club","og_description":"\u00damysln\u00e1 zran\u011bn\u00ed k fotbalu n\u011bjakou tu dobu pat\u0159\u00ed. Tedy, ne \u017ee by n\u00e1\u0161 dne\u0161n\u00ed hrdina cht\u011bl protihr\u00e1\u010di c\u00edlen\u011b ubl\u00ed\u017eit, jen&hellip;","og_url":"https:\/\/evertonfc.cz\/index.php\/2010\/10\/25\/larry-fatty\/","og_site_name":"Official Czech &amp; Slovak Everton Supporters&#039; Club","article_publisher":"https:\/\/www.facebook.com\/everton.fans.cz.sk","article_published_time":"2010-10-25T20:57:21+00:00","article_modified_time":"2019-01-02T22:24:25+00:00","og_image":[{"width":720,"height":405,"url":"https:\/\/evertonfc.cz\/wp-content\/uploads\/2019\/01\/strange_but_blue.jpg","type":"image\/jpeg"}],"author":"Me\u0148a","twitter_card":"summary_large_image","twitter_misc":{"Napsal(a)":"Me\u0148a","Odhadovan\u00e1 doba \u010dten\u00ed":"6 minut"},"schema":{"@context":"https:\/\/schema.org","@graph":[{"@type":"Article","@id":"https:\/\/evertonfc.cz\/index.php\/2010\/10\/25\/larry-fatty\/#article","isPartOf":{"@id":"https:\/\/evertonfc.cz\/index.php\/2010\/10\/25\/larry-fatty\/"},"author":{"name":"Me\u0148a","@id":"https:\/\/evertonfc.cz\/#\/schema\/person\/cd6328a75577de2add7793fd4b0930c3"},"headline":"Larry &#038; Fatty","datePublished":"2010-10-25T20:57:21+00:00","dateModified":"2019-01-02T22:24:25+00:00","mainEntityOfPage":{"@id":"https:\/\/evertonfc.cz\/index.php\/2010\/10\/25\/larry-fatty\/"},"wordCount":1133,"commentCount":0,"publisher":{"@id":"https:\/\/evertonfc.cz\/#organization"},"image":{"@id":"https:\/\/evertonfc.cz\/index.php\/2010\/10\/25\/larry-fatty\/#primaryimage"},"thumbnailUrl":"https:\/\/evertonfc.cz\/wp-content\/uploads\/2019\/01\/strange_but_blue.jpg","articleSection":["Strange but Blue"],"inLanguage":"cs","potentialAction":[{"@type":"CommentAction","name":"Comment","target":["https:\/\/evertonfc.cz\/index.php\/2010\/10\/25\/larry-fatty\/#respond"]}]},{"@type":"WebPage","@id":"https:\/\/evertonfc.cz\/index.php\/2010\/10\/25\/larry-fatty\/","url":"https:\/\/evertonfc.cz\/index.php\/2010\/10\/25\/larry-fatty\/","name":"Larry & Fatty - Official Czech &amp; Slovak Everton Supporters&#039; Club","isPartOf":{"@id":"https:\/\/evertonfc.cz\/#website"},"primaryImageOfPage":{"@id":"https:\/\/evertonfc.cz\/index.php\/2010\/10\/25\/larry-fatty\/#primaryimage"},"image":{"@id":"https:\/\/evertonfc.cz\/index.php\/2010\/10\/25\/larry-fatty\/#primaryimage"},"thumbnailUrl":"https:\/\/evertonfc.cz\/wp-content\/uploads\/2019\/01\/strange_but_blue.jpg","datePublished":"2010-10-25T20:57:21+00:00","dateModified":"2019-01-02T22:24:25+00:00","breadcrumb":{"@id":"https:\/\/evertonfc.cz\/index.php\/2010\/10\/25\/larry-fatty\/#breadcrumb"},"inLanguage":"cs","potentialAction":[{"@type":"ReadAction","target":["https:\/\/evertonfc.cz\/index.php\/2010\/10\/25\/larry-fatty\/"]}]},{"@type":"ImageObject","inLanguage":"cs","@id":"https:\/\/evertonfc.cz\/index.php\/2010\/10\/25\/larry-fatty\/#primaryimage","url":"https:\/\/evertonfc.cz\/wp-content\/uploads\/2019\/01\/strange_but_blue.jpg","contentUrl":"https:\/\/evertonfc.cz\/wp-content\/uploads\/2019\/01\/strange_but_blue.jpg","width":720,"height":405},{"@type":"BreadcrumbList","@id":"https:\/\/evertonfc.cz\/index.php\/2010\/10\/25\/larry-fatty\/#breadcrumb","itemListElement":[{"@type":"ListItem","position":1,"name":"Home","item":"https:\/\/evertonfc.cz\/"},{"@type":"ListItem","position":2,"name":"Larry &#038; Fatty"}]},{"@type":"WebSite","@id":"https:\/\/evertonfc.cz\/#website","url":"https:\/\/evertonfc.cz\/","name":"Official Czech &amp; Slovak Everton Supporters&#039; Club","description":"","publisher":{"@id":"https:\/\/evertonfc.cz\/#organization"},"potentialAction":[{"@type":"SearchAction","target":{"@type":"EntryPoint","urlTemplate":"https:\/\/evertonfc.cz\/?s={search_term_string}"},"query-input":{"@type":"PropertyValueSpecification","valueRequired":true,"valueName":"search_term_string"}}],"inLanguage":"cs"},{"@type":"Organization","@id":"https:\/\/evertonfc.cz\/#organization","name":"Official Czech & Slovak Everton Supporters' Club","url":"https:\/\/evertonfc.cz\/","logo":{"@type":"ImageObject","inLanguage":"cs","@id":"https:\/\/evertonfc.cz\/#\/schema\/logo\/image\/","url":"https:\/\/evertonfc.cz\/wp-content\/uploads\/2019\/05\/logo.png","contentUrl":"https:\/\/evertonfc.cz\/wp-content\/uploads\/2019\/05\/logo.png","width":112,"height":112,"caption":"Official Czech & Slovak Everton Supporters' Club"},"image":{"@id":"https:\/\/evertonfc.cz\/#\/schema\/logo\/image\/"},"sameAs":["https:\/\/www.facebook.com\/everton.fans.cz.sk"]},{"@type":"Person","@id":"https:\/\/evertonfc.cz\/#\/schema\/person\/cd6328a75577de2add7793fd4b0930c3","name":"Me\u0148a","url":"https:\/\/evertonfc.cz\/index.php\/author\/mena\/"}]}},"_links":{"self":[{"href":"https:\/\/evertonfc.cz\/index.php\/wp-json\/wp\/v2\/posts\/690"}],"collection":[{"href":"https:\/\/evertonfc.cz\/index.php\/wp-json\/wp\/v2\/posts"}],"about":[{"href":"https:\/\/evertonfc.cz\/index.php\/wp-json\/wp\/v2\/types\/post"}],"author":[{"embeddable":true,"href":"https:\/\/evertonfc.cz\/index.php\/wp-json\/wp\/v2\/users\/7"}],"replies":[{"embeddable":true,"href":"https:\/\/evertonfc.cz\/index.php\/wp-json\/wp\/v2\/comments?post=690"}],"version-history":[{"count":1,"href":"https:\/\/evertonfc.cz\/index.php\/wp-json\/wp\/v2\/posts\/690\/revisions"}],"predecessor-version":[{"id":691,"href":"https:\/\/evertonfc.cz\/index.php\/wp-json\/wp\/v2\/posts\/690\/revisions\/691"}],"wp:featuredmedia":[{"embeddable":true,"href":"https:\/\/evertonfc.cz\/index.php\/wp-json\/wp\/v2\/media\/631"}],"wp:attachment":[{"href":"https:\/\/evertonfc.cz\/index.php\/wp-json\/wp\/v2\/media?parent=690"}],"wp:term":[{"taxonomy":"category","embeddable":true,"href":"https:\/\/evertonfc.cz\/index.php\/wp-json\/wp\/v2\/categories?post=690"},{"taxonomy":"post_tag","embeddable":true,"href":"https:\/\/evertonfc.cz\/index.php\/wp-json\/wp\/v2\/tags?post=690"}],"curies":[{"name":"wp","href":"https:\/\/api.w.org\/{rel}","templated":true}]}}