{"id":6912,"date":"2019-03-12T18:13:38","date_gmt":"2019-03-12T17:13:38","guid":{"rendered":"http:\/\/evertonfc.cz\/?p=6912"},"modified":"2019-03-12T09:25:28","modified_gmt":"2019-03-12T08:25:28","slug":"budouci-hvezda-everton-si-zavazal-gordona","status":"publish","type":"post","link":"https:\/\/evertonfc.cz\/index.php\/2019\/03\/12\/budouci-hvezda-everton-si-zavazal-gordona\/","title":{"rendered":"Budouc\u00ed hv\u011bzda? Everton si zav\u00e1zal Gordona"},"content":{"rendered":"<h4><span lang=\"CS\">Roz\u0161\u00ed\u0159it chv\u00e1lyhodn\u00fd v\u00fd\u010det odchovanc\u016f Evertonu, kte\u0159\u00ed se prosadili v\u00a0prvn\u00edm t\u00fdmu, m\u00e1 nakro\u010deno \u010derstv\u011b 18let\u00fd Anthony Gordon, jen\u017e v minul\u00e9m t\u00fddnu podepsal prvn\u00ed profesion\u00e1ln\u00ed smlouvu.<\/span><\/h4>\n<p><span lang=\"CS\">Technicky zdatn\u00fd k\u0159\u00eddeln\u00edk, jemu\u017e ned\u011bl\u00e1 probl\u00e9m hr\u00e1t na obou stran\u00e1ch h\u0159i\u0161t\u011b, je pova\u017eov\u00e1n za aktu\u00e1ln\u011b nejv\u011bt\u0161\u00ed talent akademie Evertonu. Ne nadarmo kolem n\u011bho na podzim krou\u017eily n\u011bmeck\u00e9ho velkokluby Bayern Mnichov a Borussia Dortmund nebo rovn\u011b\u017e anglick\u00fd Arsenal.<\/span><\/p>\n<p><span lang=\"CS\">Mana\u017eer prvn\u00edho t\u00fdmu Marca Silva tehdy v reakci na Gordon\u016fv mo\u017en\u00fd odchod\u00a0 zaujal okam\u017eit\u00fd odm\u00edtav\u00fd postoj, kdy\u017e prohl\u00e1sil: <i>\u201eJedn\u00e1 se o velmi nad\u011bjn\u00e9ho hocha, o hr\u00e1\u010de, jeho\u017e chceme bezpochyby udr\u017eet. Na\u0161\u00edm c\u00edlem je nepou\u0161t\u011bt na\u0161e nejlep\u0161\u00ed hr\u00e1\u010de, a to plat\u00ed jak pro prvn\u00ed t\u00fdm, tak pro ml\u00e1de\u017enick\u00e9 v\u00fdb\u011bry.<\/i><\/span><\/p>\n<p><i><span lang=\"CS\">Jestli\u017ee se chceme zlep\u0161ovat a dos\u00e1hnout v budoucnu velk\u00e9 v\u011bci, mus\u00edme udr\u017eet na\u0161e nejlep\u0161\u00ed hr\u00e1\u010de. Piln\u011b pracujeme s na\u0161imi mlad\u00fdmi fotbalisty, aby se zlep\u0161ovali.\u201c<\/span><\/i><\/p>\n<p><span lang=\"CS\">Silvov\u00fdch slov klub dost\u00e1l na za\u010d\u00e1tku b\u0159ezna, Gordon jen p\u00e1r dn\u00ed po dovr\u0161en\u00ed 18 let podepsal sv\u016fj prvn\u00ed profesion\u00e1ln\u00ed kontrakt, jeho\u017e d\u00e9lka trv\u00e1n\u00ed je neobvykle dlouh\u00e1 \u2013 a\u017e \u010dty\u0159i roky.<\/span><\/p>\n<p><span lang=\"CS\">Samotn\u00e9ho hr\u00e1\u010de uzav\u0159en\u00ed kontraktu zna\u010dn\u011b povzbudilo:\u00a0<i>\u201eJsem velmi \u0161\u0165astn\u00fd, \u017ee jsem podepsal smlouvu do roku 2023. R\u00e1d bych pod\u011bkoval Evertonu za d\u016fv\u011bru vlo\u017eenou do m\u011b. T\u011b\u0161\u00edm se na budoucnost.\u201c<\/i><\/span><\/p>\n<p><span lang=\"CS\">D\u016fle\u017eit\u00fd krok v kari\u00e9\u0159e Gordona v\u0159ele p\u0159iv\u00edtal tak\u00e9 b\u00fdval\u00fd tren\u00e9ra akademie Toffees a klubov\u00e1 legenda z 80. let Kevin Sheedy, kter\u00fd se \u0159ad\u00ed k obdivovatel\u016fm rod\u00e1ka z Liverpoolu.<\/span><\/p>\n<p><img loading=\"lazy\" decoding=\"async\" class=\"size-full wp-image-6895 aligncenter\" src=\"http:\/\/evertonfc.cz\/wp-content\/uploads\/2019\/03\/gordon_sheedy.png\" alt=\"\" width=\"660\" height=\"238\" srcset=\"https:\/\/evertonfc.cz\/wp-content\/uploads\/2019\/03\/gordon_sheedy.png 660w, https:\/\/evertonfc.cz\/wp-content\/uploads\/2019\/03\/gordon_sheedy-300x108.png 300w\" sizes=\"(max-width: 660px) 100vw, 660px\" \/><\/p>\n<p><span lang=\"CS\">Ml\u00e1de\u017enick\u00fd reprezentant Anglie u\u017e m\u00e1 za sebou rovn\u011b\u017e debut v A-t\u00fdmu Evertonu. B\u011bhem lo\u0148sk\u00e9 sez\u00f3ny si <a href=\"https:\/\/www.youtube.com\/watch?v=bpKltHUomfg\" target=\"_blank\" rel=\"noopener noreferrer\">na z\u00e1klad\u011b v\u00fdborn\u00fdch v\u00fdkon\u016f ve v\u00fdb\u011bru do 18 let<\/a> vyslou\u017eil start na posledn\u00ed minuty v z\u00e1pase z\u00e1kladn\u00ed skupiny Evropsk\u00e9 ligy na p\u016fd\u011b kypersk\u00e9ho Apollonu Limassol. Do dosp\u011bl\u00e9ho fotbalu tak nakro\u010dil ve v\u011bku 16 let a 286 dn\u00ed, \u010d\u00edm\u017e se z\u00e1rove\u0148 stal prvn\u00edm hr\u00e1\u010dem Evertonu, kter\u00fd nastoupil za seniorsk\u00e9 mu\u017estvo a narodil se v 21. stolet\u00ed.<\/span><\/p>\n<p><span lang=\"CS\">V leto\u0161n\u00ed sez\u00f3n\u011b Gordon pov\u00fd\u0161il do v\u00fdb\u011bru do 23 let, za n\u011bho\u017e doposud odehr\u00e1l 10 ligov\u00fdch utk\u00e1n\u00ed (z toho \u010dty\u0159ikr\u00e1t v z\u00e1kladn\u00ed sestav\u011b) z celkov\u00fdch 15. G\u00f3lov\u011b se prosadil jednou a tak\u00e9 zaznamenal jednu asistenci. Tu si p\u0159ipsal p\u0159ed t\u00fddnem ve venkovn\u00edm Merseyside derby <a href=\"https:\/\/youtu.be\/zMsULilLmyA?t=195\" target=\"_blank\" rel=\"noopener noreferrer\">p\u0159ihr\u00e1vkou na druh\u00fd g\u00f3l<\/a> p\u0159i v\u00fdh\u0159e 2:0.\u00a0<\/span><\/p>\n<p>Gordon plat\u00ed za obrovsk\u00fd p\u0159\u00edslib do budoucnosti, jak je ale vid\u011bt z jeho leto\u0161n\u00ed statistiky, p\u0159echod mezi jednotliv\u00fdmi ml\u00e1de\u017enick\u00fdmi kategoriemi (a je\u0161t\u011b v\u00edce pot\u00e9 do dosp\u011bl\u00e9ho fotbalu) je pro hr\u00e1\u010de obrovsk\u00fdm skokem a t\u0159eba m\u00edt na pam\u011bti, \u017ee talentovan\u00ed mlad\u00edci pot\u0159ebuj\u00ed \u010das na sv\u016fj rozvoj. N\u00e1lepka budouc\u00ed hv\u011bzdy automaticky nezaru\u010duje napodoben\u00ed snov\u00e9ho p\u0159\u00edb\u011bhu Waynea Rooneyho a st\u0159\u00edlen\u00ed branek v Premier League od 17 let.<\/p>\n","protected":false},"excerpt":{"rendered":"<p>Roz\u0161\u00ed\u0159it chv\u00e1lyhodn\u00fd v\u00fd\u010det odchovanc\u016f Evertonu, kte\u0159\u00ed se prosadili v\u00a0prvn\u00edm t\u00fdmu, m\u00e1 nakro\u010deno \u010derstv\u011b 18let\u00fd Anthony Gordon, jen\u017e v minul\u00e9m t\u00fddnu podepsal prvn\u00ed profesion\u00e1ln\u00ed smlouvu.<\/p>\n","protected":false},"author":6,"featured_media":6894,"comment_status":"open","ping_status":"closed","sticky":false,"template":"","format":"standard","meta":{"_eb_attr":"","_monsterinsights_skip_tracking":false,"_monsterinsights_sitenote_active":false,"_monsterinsights_sitenote_note":"","_monsterinsights_sitenote_category":0,"footnotes":""},"categories":[42],"tags":[],"yoast_head":"<!-- This site is optimized with the Yoast SEO plugin v23.4 - https:\/\/yoast.com\/wordpress\/plugins\/seo\/ -->\n<title>Budouc\u00ed hv\u011bzda? Everton si zav\u00e1zal Gordona - Official Czech &amp; Slovak Everton Supporters&#039; Club<\/title>\n<meta name=\"robots\" content=\"index, follow, max-snippet:-1, max-image-preview:large, max-video-preview:-1\" \/>\n<link rel=\"canonical\" href=\"https:\/\/evertonfc.cz\/index.php\/2019\/03\/12\/budouci-hvezda-everton-si-zavazal-gordona\/\" \/>\n<meta property=\"og:locale\" content=\"cs_CZ\" \/>\n<meta property=\"og:type\" content=\"article\" \/>\n<meta property=\"og:title\" content=\"Budouc\u00ed hv\u011bzda? Everton si zav\u00e1zal Gordona - Official Czech &amp; Slovak Everton Supporters&#039; Club\" \/>\n<meta property=\"og:description\" content=\"Roz\u0161\u00ed\u0159it chv\u00e1lyhodn\u00fd v\u00fd\u010det odchovanc\u016f Evertonu, kte\u0159\u00ed se prosadili v\u00a0prvn\u00edm t\u00fdmu, m\u00e1 nakro\u010deno \u010derstv\u011b 18let\u00fd Anthony Gordon, jen\u017e v minul\u00e9m t\u00fddnu podepsal prvn\u00ed profesion\u00e1ln\u00ed smlouvu.\" \/>\n<meta property=\"og:url\" content=\"https:\/\/evertonfc.cz\/index.php\/2019\/03\/12\/budouci-hvezda-everton-si-zavazal-gordona\/\" \/>\n<meta property=\"og:site_name\" content=\"Official Czech &amp; Slovak Everton Supporters&#039; Club\" \/>\n<meta property=\"article:publisher\" content=\"https:\/\/www.facebook.com\/everton.fans.cz.sk\" \/>\n<meta property=\"article:published_time\" content=\"2019-03-12T17:13:38+00:00\" \/>\n<meta property=\"article:modified_time\" content=\"2019-03-12T08:25:28+00:00\" \/>\n<meta property=\"og:image\" content=\"https:\/\/evertonfc.cz\/wp-content\/uploads\/2019\/03\/gordon_11_3_2019.jpg\" \/>\n\t<meta property=\"og:image:width\" content=\"720\" \/>\n\t<meta property=\"og:image:height\" content=\"405\" \/>\n\t<meta property=\"og:image:type\" content=\"image\/jpeg\" \/>\n<meta name=\"author\" content=\"Ri\u010di\" \/>\n<meta name=\"twitter:card\" content=\"summary_large_image\" \/>\n<meta name=\"twitter:creator\" content=\"@rbrejsa\" \/>\n<meta name=\"twitter:label1\" content=\"Napsal(a)\" \/>\n\t<meta name=\"twitter:data1\" content=\"Ri\u010di\" \/>\n\t<meta name=\"twitter:label2\" content=\"Odhadovan\u00e1 doba \u010dten\u00ed\" \/>\n\t<meta name=\"twitter:data2\" content=\"3 minuty\" \/>\n<script type=\"application\/ld+json\" class=\"yoast-schema-graph\">{\"@context\":\"https:\/\/schema.org\",\"@graph\":[{\"@type\":\"Article\",\"@id\":\"https:\/\/evertonfc.cz\/index.php\/2019\/03\/12\/budouci-hvezda-everton-si-zavazal-gordona\/#article\",\"isPartOf\":{\"@id\":\"https:\/\/evertonfc.cz\/index.php\/2019\/03\/12\/budouci-hvezda-everton-si-zavazal-gordona\/\"},\"author\":{\"name\":\"Ri\u010di\",\"@id\":\"https:\/\/evertonfc.cz\/#\/schema\/person\/f7a5daedb2ffee98480bc70e191aaef1\"},\"headline\":\"Budouc\u00ed hv\u011bzda? Everton si zav\u00e1zal Gordona\",\"datePublished\":\"2019-03-12T17:13:38+00:00\",\"dateModified\":\"2019-03-12T08:25:28+00:00\",\"mainEntityOfPage\":{\"@id\":\"https:\/\/evertonfc.cz\/index.php\/2019\/03\/12\/budouci-hvezda-everton-si-zavazal-gordona\/\"},\"wordCount\":568,\"commentCount\":4,\"publisher\":{\"@id\":\"https:\/\/evertonfc.cz\/#organization\"},\"image\":{\"@id\":\"https:\/\/evertonfc.cz\/index.php\/2019\/03\/12\/budouci-hvezda-everton-si-zavazal-gordona\/#primaryimage\"},\"thumbnailUrl\":\"https:\/\/evertonfc.cz\/wp-content\/uploads\/2019\/03\/gordon_11_3_2019.jpg\",\"articleSection\":[\"Aktuality\"],\"inLanguage\":\"cs\",\"potentialAction\":[{\"@type\":\"CommentAction\",\"name\":\"Comment\",\"target\":[\"https:\/\/evertonfc.cz\/index.php\/2019\/03\/12\/budouci-hvezda-everton-si-zavazal-gordona\/#respond\"]}]},{\"@type\":\"WebPage\",\"@id\":\"https:\/\/evertonfc.cz\/index.php\/2019\/03\/12\/budouci-hvezda-everton-si-zavazal-gordona\/\",\"url\":\"https:\/\/evertonfc.cz\/index.php\/2019\/03\/12\/budouci-hvezda-everton-si-zavazal-gordona\/\",\"name\":\"Budouc\u00ed hv\u011bzda? Everton si zav\u00e1zal Gordona - Official Czech &amp; Slovak Everton Supporters&#039; Club\",\"isPartOf\":{\"@id\":\"https:\/\/evertonfc.cz\/#website\"},\"primaryImageOfPage\":{\"@id\":\"https:\/\/evertonfc.cz\/index.php\/2019\/03\/12\/budouci-hvezda-everton-si-zavazal-gordona\/#primaryimage\"},\"image\":{\"@id\":\"https:\/\/evertonfc.cz\/index.php\/2019\/03\/12\/budouci-hvezda-everton-si-zavazal-gordona\/#primaryimage\"},\"thumbnailUrl\":\"https:\/\/evertonfc.cz\/wp-content\/uploads\/2019\/03\/gordon_11_3_2019.jpg\",\"datePublished\":\"2019-03-12T17:13:38+00:00\",\"dateModified\":\"2019-03-12T08:25:28+00:00\",\"breadcrumb\":{\"@id\":\"https:\/\/evertonfc.cz\/index.php\/2019\/03\/12\/budouci-hvezda-everton-si-zavazal-gordona\/#breadcrumb\"},\"inLanguage\":\"cs\",\"potentialAction\":[{\"@type\":\"ReadAction\",\"target\":[\"https:\/\/evertonfc.cz\/index.php\/2019\/03\/12\/budouci-hvezda-everton-si-zavazal-gordona\/\"]}]},{\"@type\":\"ImageObject\",\"inLanguage\":\"cs\",\"@id\":\"https:\/\/evertonfc.cz\/index.php\/2019\/03\/12\/budouci-hvezda-everton-si-zavazal-gordona\/#primaryimage\",\"url\":\"https:\/\/evertonfc.cz\/wp-content\/uploads\/2019\/03\/gordon_11_3_2019.jpg\",\"contentUrl\":\"https:\/\/evertonfc.cz\/wp-content\/uploads\/2019\/03\/gordon_11_3_2019.jpg\",\"width\":720,\"height\":405},{\"@type\":\"BreadcrumbList\",\"@id\":\"https:\/\/evertonfc.cz\/index.php\/2019\/03\/12\/budouci-hvezda-everton-si-zavazal-gordona\/#breadcrumb\",\"itemListElement\":[{\"@type\":\"ListItem\",\"position\":1,\"name\":\"Home\",\"item\":\"https:\/\/evertonfc.cz\/\"},{\"@type\":\"ListItem\",\"position\":2,\"name\":\"Budouc\u00ed hv\u011bzda? Everton si zav\u00e1zal Gordona\"}]},{\"@type\":\"WebSite\",\"@id\":\"https:\/\/evertonfc.cz\/#website\",\"url\":\"https:\/\/evertonfc.cz\/\",\"name\":\"Official Czech &amp; Slovak Everton Supporters&#039; Club\",\"description\":\"\",\"publisher\":{\"@id\":\"https:\/\/evertonfc.cz\/#organization\"},\"potentialAction\":[{\"@type\":\"SearchAction\",\"target\":{\"@type\":\"EntryPoint\",\"urlTemplate\":\"https:\/\/evertonfc.cz\/?s={search_term_string}\"},\"query-input\":{\"@type\":\"PropertyValueSpecification\",\"valueRequired\":true,\"valueName\":\"search_term_string\"}}],\"inLanguage\":\"cs\"},{\"@type\":\"Organization\",\"@id\":\"https:\/\/evertonfc.cz\/#organization\",\"name\":\"Official Czech & Slovak Everton Supporters' Club\",\"url\":\"https:\/\/evertonfc.cz\/\",\"logo\":{\"@type\":\"ImageObject\",\"inLanguage\":\"cs\",\"@id\":\"https:\/\/evertonfc.cz\/#\/schema\/logo\/image\/\",\"url\":\"https:\/\/evertonfc.cz\/wp-content\/uploads\/2019\/05\/logo.png\",\"contentUrl\":\"https:\/\/evertonfc.cz\/wp-content\/uploads\/2019\/05\/logo.png\",\"width\":112,\"height\":112,\"caption\":\"Official Czech & Slovak Everton Supporters' Club\"},\"image\":{\"@id\":\"https:\/\/evertonfc.cz\/#\/schema\/logo\/image\/\"},\"sameAs\":[\"https:\/\/www.facebook.com\/everton.fans.cz.sk\"]},{\"@type\":\"Person\",\"@id\":\"https:\/\/evertonfc.cz\/#\/schema\/person\/f7a5daedb2ffee98480bc70e191aaef1\",\"name\":\"Ri\u010di\",\"sameAs\":[\"https:\/\/x.com\/rbrejsa\"],\"url\":\"https:\/\/evertonfc.cz\/index.php\/author\/rici\/\"}]}<\/script>\n<!-- \/ Yoast SEO plugin. -->","yoast_head_json":{"title":"Budouc\u00ed hv\u011bzda? Everton si zav\u00e1zal Gordona - Official Czech &amp; Slovak Everton Supporters&#039; Club","robots":{"index":"index","follow":"follow","max-snippet":"max-snippet:-1","max-image-preview":"max-image-preview:large","max-video-preview":"max-video-preview:-1"},"canonical":"https:\/\/evertonfc.cz\/index.php\/2019\/03\/12\/budouci-hvezda-everton-si-zavazal-gordona\/","og_locale":"cs_CZ","og_type":"article","og_title":"Budouc\u00ed hv\u011bzda? Everton si zav\u00e1zal Gordona - Official Czech &amp; Slovak Everton Supporters&#039; Club","og_description":"Roz\u0161\u00ed\u0159it chv\u00e1lyhodn\u00fd v\u00fd\u010det odchovanc\u016f Evertonu, kte\u0159\u00ed se prosadili v\u00a0prvn\u00edm t\u00fdmu, m\u00e1 nakro\u010deno \u010derstv\u011b 18let\u00fd Anthony Gordon, jen\u017e v minul\u00e9m t\u00fddnu podepsal prvn\u00ed profesion\u00e1ln\u00ed smlouvu.","og_url":"https:\/\/evertonfc.cz\/index.php\/2019\/03\/12\/budouci-hvezda-everton-si-zavazal-gordona\/","og_site_name":"Official Czech &amp; Slovak Everton Supporters&#039; Club","article_publisher":"https:\/\/www.facebook.com\/everton.fans.cz.sk","article_published_time":"2019-03-12T17:13:38+00:00","article_modified_time":"2019-03-12T08:25:28+00:00","og_image":[{"width":720,"height":405,"url":"https:\/\/evertonfc.cz\/wp-content\/uploads\/2019\/03\/gordon_11_3_2019.jpg","type":"image\/jpeg"}],"author":"Ri\u010di","twitter_card":"summary_large_image","twitter_creator":"@rbrejsa","twitter_misc":{"Napsal(a)":"Ri\u010di","Odhadovan\u00e1 doba \u010dten\u00ed":"3 minuty"},"schema":{"@context":"https:\/\/schema.org","@graph":[{"@type":"Article","@id":"https:\/\/evertonfc.cz\/index.php\/2019\/03\/12\/budouci-hvezda-everton-si-zavazal-gordona\/#article","isPartOf":{"@id":"https:\/\/evertonfc.cz\/index.php\/2019\/03\/12\/budouci-hvezda-everton-si-zavazal-gordona\/"},"author":{"name":"Ri\u010di","@id":"https:\/\/evertonfc.cz\/#\/schema\/person\/f7a5daedb2ffee98480bc70e191aaef1"},"headline":"Budouc\u00ed hv\u011bzda? Everton si zav\u00e1zal Gordona","datePublished":"2019-03-12T17:13:38+00:00","dateModified":"2019-03-12T08:25:28+00:00","mainEntityOfPage":{"@id":"https:\/\/evertonfc.cz\/index.php\/2019\/03\/12\/budouci-hvezda-everton-si-zavazal-gordona\/"},"wordCount":568,"commentCount":4,"publisher":{"@id":"https:\/\/evertonfc.cz\/#organization"},"image":{"@id":"https:\/\/evertonfc.cz\/index.php\/2019\/03\/12\/budouci-hvezda-everton-si-zavazal-gordona\/#primaryimage"},"thumbnailUrl":"https:\/\/evertonfc.cz\/wp-content\/uploads\/2019\/03\/gordon_11_3_2019.jpg","articleSection":["Aktuality"],"inLanguage":"cs","potentialAction":[{"@type":"CommentAction","name":"Comment","target":["https:\/\/evertonfc.cz\/index.php\/2019\/03\/12\/budouci-hvezda-everton-si-zavazal-gordona\/#respond"]}]},{"@type":"WebPage","@id":"https:\/\/evertonfc.cz\/index.php\/2019\/03\/12\/budouci-hvezda-everton-si-zavazal-gordona\/","url":"https:\/\/evertonfc.cz\/index.php\/2019\/03\/12\/budouci-hvezda-everton-si-zavazal-gordona\/","name":"Budouc\u00ed hv\u011bzda? Everton si zav\u00e1zal Gordona - Official Czech &amp; Slovak Everton Supporters&#039; Club","isPartOf":{"@id":"https:\/\/evertonfc.cz\/#website"},"primaryImageOfPage":{"@id":"https:\/\/evertonfc.cz\/index.php\/2019\/03\/12\/budouci-hvezda-everton-si-zavazal-gordona\/#primaryimage"},"image":{"@id":"https:\/\/evertonfc.cz\/index.php\/2019\/03\/12\/budouci-hvezda-everton-si-zavazal-gordona\/#primaryimage"},"thumbnailUrl":"https:\/\/evertonfc.cz\/wp-content\/uploads\/2019\/03\/gordon_11_3_2019.jpg","datePublished":"2019-03-12T17:13:38+00:00","dateModified":"2019-03-12T08:25:28+00:00","breadcrumb":{"@id":"https:\/\/evertonfc.cz\/index.php\/2019\/03\/12\/budouci-hvezda-everton-si-zavazal-gordona\/#breadcrumb"},"inLanguage":"cs","potentialAction":[{"@type":"ReadAction","target":["https:\/\/evertonfc.cz\/index.php\/2019\/03\/12\/budouci-hvezda-everton-si-zavazal-gordona\/"]}]},{"@type":"ImageObject","inLanguage":"cs","@id":"https:\/\/evertonfc.cz\/index.php\/2019\/03\/12\/budouci-hvezda-everton-si-zavazal-gordona\/#primaryimage","url":"https:\/\/evertonfc.cz\/wp-content\/uploads\/2019\/03\/gordon_11_3_2019.jpg","contentUrl":"https:\/\/evertonfc.cz\/wp-content\/uploads\/2019\/03\/gordon_11_3_2019.jpg","width":720,"height":405},{"@type":"BreadcrumbList","@id":"https:\/\/evertonfc.cz\/index.php\/2019\/03\/12\/budouci-hvezda-everton-si-zavazal-gordona\/#breadcrumb","itemListElement":[{"@type":"ListItem","position":1,"name":"Home","item":"https:\/\/evertonfc.cz\/"},{"@type":"ListItem","position":2,"name":"Budouc\u00ed hv\u011bzda? Everton si zav\u00e1zal Gordona"}]},{"@type":"WebSite","@id":"https:\/\/evertonfc.cz\/#website","url":"https:\/\/evertonfc.cz\/","name":"Official Czech &amp; Slovak Everton Supporters&#039; Club","description":"","publisher":{"@id":"https:\/\/evertonfc.cz\/#organization"},"potentialAction":[{"@type":"SearchAction","target":{"@type":"EntryPoint","urlTemplate":"https:\/\/evertonfc.cz\/?s={search_term_string}"},"query-input":{"@type":"PropertyValueSpecification","valueRequired":true,"valueName":"search_term_string"}}],"inLanguage":"cs"},{"@type":"Organization","@id":"https:\/\/evertonfc.cz\/#organization","name":"Official Czech & Slovak Everton Supporters' Club","url":"https:\/\/evertonfc.cz\/","logo":{"@type":"ImageObject","inLanguage":"cs","@id":"https:\/\/evertonfc.cz\/#\/schema\/logo\/image\/","url":"https:\/\/evertonfc.cz\/wp-content\/uploads\/2019\/05\/logo.png","contentUrl":"https:\/\/evertonfc.cz\/wp-content\/uploads\/2019\/05\/logo.png","width":112,"height":112,"caption":"Official Czech & Slovak Everton Supporters' Club"},"image":{"@id":"https:\/\/evertonfc.cz\/#\/schema\/logo\/image\/"},"sameAs":["https:\/\/www.facebook.com\/everton.fans.cz.sk"]},{"@type":"Person","@id":"https:\/\/evertonfc.cz\/#\/schema\/person\/f7a5daedb2ffee98480bc70e191aaef1","name":"Ri\u010di","sameAs":["https:\/\/x.com\/rbrejsa"],"url":"https:\/\/evertonfc.cz\/index.php\/author\/rici\/"}]}},"_links":{"self":[{"href":"https:\/\/evertonfc.cz\/index.php\/wp-json\/wp\/v2\/posts\/6912"}],"collection":[{"href":"https:\/\/evertonfc.cz\/index.php\/wp-json\/wp\/v2\/posts"}],"about":[{"href":"https:\/\/evertonfc.cz\/index.php\/wp-json\/wp\/v2\/types\/post"}],"author":[{"embeddable":true,"href":"https:\/\/evertonfc.cz\/index.php\/wp-json\/wp\/v2\/users\/6"}],"replies":[{"embeddable":true,"href":"https:\/\/evertonfc.cz\/index.php\/wp-json\/wp\/v2\/comments?post=6912"}],"version-history":[{"count":2,"href":"https:\/\/evertonfc.cz\/index.php\/wp-json\/wp\/v2\/posts\/6912\/revisions"}],"predecessor-version":[{"id":6959,"href":"https:\/\/evertonfc.cz\/index.php\/wp-json\/wp\/v2\/posts\/6912\/revisions\/6959"}],"wp:featuredmedia":[{"embeddable":true,"href":"https:\/\/evertonfc.cz\/index.php\/wp-json\/wp\/v2\/media\/6894"}],"wp:attachment":[{"href":"https:\/\/evertonfc.cz\/index.php\/wp-json\/wp\/v2\/media?parent=6912"}],"wp:term":[{"taxonomy":"category","embeddable":true,"href":"https:\/\/evertonfc.cz\/index.php\/wp-json\/wp\/v2\/categories?post=6912"},{"taxonomy":"post_tag","embeddable":true,"href":"https:\/\/evertonfc.cz\/index.php\/wp-json\/wp\/v2\/tags?post=6912"}],"curies":[{"name":"wp","href":"https:\/\/api.w.org\/{rel}","templated":true}]}}