{"id":697,"date":"2010-11-17T23:03:20","date_gmt":"2010-11-17T22:03:20","guid":{"rendered":"http:\/\/evertonfc.cz\/?p=697"},"modified":"2019-02-09T22:17:35","modified_gmt":"2019-02-09T21:17:35","slug":"prsi-goly","status":"publish","type":"post","link":"https:\/\/evertonfc.cz\/index.php\/2010\/11\/17\/prsi-goly\/","title":{"rendered":"Pr\u0161\u00ed g\u00f3ly!"},"content":{"rendered":"<h4><strong>Fotbalov\u00fd z\u00e1pas mnohdy b\u00fdv\u00e1 z\u00e1le\u017eitost\u00ed dvou zcela rozd\u00edln\u00fdch polo\u010das\u016f. P\u0159esn\u011b p\u0159ed sto lety v\u0161ak Everton dovedl onen jev k dokonalosti.<\/strong><\/h4>\n<p>Everton &#8211; Blackburn Rovers 6-1<br \/>\nFirst Division, 19. listopadu 1910<br \/>\nZ 0-0 na 5-1 b\u011bhem 13 minut<\/p>\n<p>Posledn\u00ed l\u00e9ta p\u0159ed vypuknut\u00edm prvn\u00edho sv\u011btov\u00e9ho v\u00e1le\u010dn\u00e9ho konfliktu b\u00fdvaj\u00ed z mnoha pohled\u016f p\u0159ehl\u00ed\u017een\u00fdm zlat\u00fdm v\u011bkem, kdy se v Evertonu se\u0161la dal\u0161\u00ed z generac\u00ed produktivn\u00edch \u00fato\u010dn\u00edk\u016f. Od mohutn\u00fdch hromotluk\u016f typu Alexe Younga p\u0159e\u0161li Toffees k eleganci, kter\u00e1 byla vlastn\u00ed nap\u0159\u00edklad Bobbymu Parkerovi, hv\u011bzd\u011b pozd\u011bj\u0161\u00ed mistrovsk\u00e9 sezony 1914\/15. Parkerovy statistiky dokonce \u0159\u00edkaj\u00ed, \u017ee tehdej\u0161\u00ed t\u00fdm byl na jeho brank\u00e1ch z\u00e1visl\u00fd natolik, \u017ee p\u0159ed jeho g\u00f3lov\u00fdm pr\u016fm\u011brem by se museli sklonit v\u0161ichni ostatn\u00ed slavn\u00ed forvardi klubov\u00e9 historie. V\u010detn\u011b Dixieho Deana.<\/p>\n<p>Ro\u010dn\u00edk 1910\/11 byl ov\u0161em z trochu jin\u00e9ho soudku. Mu\u017estvo sice nepostr\u00e1dalo kvalitu, tr\u00e1pil jej ov\u0161em pov\u011bdom\u00fd probl\u00e9m &#8211; v nejpot\u0159ebn\u011bj\u0161\u00edch okam\u017eic\u00edch st\u0159\u00edlet d\u016fle\u017eit\u00e9 g\u00f3ly. V listopadu 1910, kdy na Goodison Park p\u0159ijel Blackburn, se tak b\u011b\u017en\u011b produktivn\u00ed \u00fato\u010dn\u00e1 linie, pot\u00fdkala s \u017ealostnou \u00fasp\u011b\u0161nost\u00ed. V \u00favodn\u00edch dvan\u00e1cti z\u00e1pasech sezony nast\u0159\u00edlela pouh\u00fdch dvan\u00e1ct branek. \u0160patn\u00e9mu \u00fatoku tak odpov\u00eddaly i v\u00fdsledky &#8211; \u0161est v\u00fdher a p\u011bt proher. Nav\u00edc \u0161lo o posledn\u00ed sezonu rozen\u00e9ho st\u0159elce Younga v Evertonu. Zm\u00edn\u011bn\u00fd Bobby Parker jej m\u011bl nahradit o dva roky pozd\u011bji.<\/p>\n<p>V z\u00e1kladn\u00ed sestav\u011b poprv\u00e9 nastoupil Jim Meunier, kter\u00fd p\u0159\u00ed\u010dinou zran\u011bn\u00ed Boba Balmera obsadil post lev\u00e9ho obr\u00e1nce. V sestav\u011b Rovers se pak objevil Jimmy Ashcroft, b\u00fdval\u00fd brank\u00e1\u0159 Arsenalu, kter\u00fd si zachytal v proslul\u00e9m z\u00e1pase, o kter\u00e9m se \u0159e\u010d to\u010dila v p\u0159edchoz\u00ed kapitole.<\/p>\n<p>Dom\u00e1c\u00ed se do Rovers pustili p\u011bkn\u011b zhurta. Po n\u011bkolika pohledn\u00fdch akc\u00edch poprv\u00e9 zahrozil Bob Young (s Alexem jej nepojil \u017e\u00e1dn\u00fd p\u0159\u00edbuzensk\u00fd vztah), kdy\u017e jeho hlavi\u010dku Ashcroft vyrazil. Je\u0161t\u011b p\u0159ed polo\u010dasem Toffees tlak stup\u0148ovali, k zakon\u010den\u00ed se dostal Harry Makepeace a Alex Young. Krom p\u00e1r \u0161anc\u00ed ov\u0161em prvn\u00ed polo\u010das mnoho vzru\u0161uj\u00edc\u00ed pod\u00edvan\u00e9 nenab\u00eddl, tak jak fandov\u00e9 o\u010dek\u00e1vali. D\u011bn\u00ed ve druh\u00e9 p\u016fli proto poskytlo ochoz\u016fm Goodison Parku ohromnou satisfakci.<\/p>\n<p><em>\u201eV\u011bt\u0161\u00ed kontrast s ob\u011bma polo\u010dasy si ani nelze p\u0159edstavit. G\u00f3l za g\u00f3lem padal s pravidelnost\u00ed, kterou jsem p\u0159edt\u00edm v \u017eivot\u011b nevid\u011bl,&#8220;<\/em> \u017easl report\u00e9r Athletic News. Ji\u017e po t\u0159ech minut\u00e1ch druh\u00e9ho d\u011bjstv\u00ed za\u010dala u prav\u00e9 lajny prvn\u00ed g\u00f3lov\u00e1 akce. Nep\u0159esn\u00fd centr sice prolet\u011bl pokutov\u00fdm \u00fazem\u00edm a\u017e na druhou stranu h\u0159i\u0161t\u011b, tam v\u0161ak balonu ji\u017e spr\u00e1vnou razanci poskytl George Barlow a Alex Young se posl\u00e9ze hlavou nem\u00fdlil. Radost v ochozech m\u011bla ov\u0161em kr\u00e1tk\u00e9ho trv\u00e1n\u00ed, nebo\u0165 v 50. minut\u011b prop\u00e1lil Scotta \u00fato\u010dn\u00edk Blackburnu, Billy Garbutt.<\/p>\n<p>A pr\u00e1v\u011b v onom momentu za\u010dali akt\u00e9\u0159i z\u00e1pasu \u0159\u00e1dit jako utr\u017een\u00ed z \u0159et\u011bzu. Tedy ti dom\u00e1c\u00ed. \u010cty\u0159i minuty po vyrovn\u00e1vac\u00ed brance si z obranc\u016f Rovers Alex Young ud\u011blal nest\u00edhaj\u00edc\u00ed statisty a sv\u016fj pr\u016fnik zakon\u010dil p\u0159esnou d\u011blovkou z 25 yard\u016f. Dv\u011b minuty nato se o slovo p\u0159ihl\u00e1sil George Beare, kdy\u017e vyu\u017eil dal\u0161\u00ed ned\u016fslednosti host\u016f a Tommy Suttie, se po jeho st\u0159ele natahoval marn\u011b. Rozhozen\u00ed Rovers se nav\u00edc nesta\u010dili ani po\u0159\u00e1dn\u011b vzpamatovat z n\u00e1hl\u00e9 nad\u00edlky, a o minutu pozd\u011bji tahali m\u00ed\u010d ze sv\u00e9 s\u00edt\u011b po\u010dtvrt\u00e9. Tentokr\u00e1t se trefil irsk\u00fd internacion\u00e1l Bill Lacey. Z\u00e1v\u011bre\u010dn\u00fd bleskov\u00fd g\u00f3l pak p\u0159i\u0161el po t\u0159ech minut\u00e1ch a jeho st\u0159elecem byl znovu Beare. Goodison pr\u00e1v\u011b vid\u011bl \u0161est g\u00f3l\u016f v rozmez\u00ed t\u0159in\u00e1cti minut! <em>\u201eEverton prob\u00edhal obranou Blackburnu jako v\u00e1le\u010dn\u00e1 kavalerie skrz rebeluj\u00edc\u00ed sedl\u00e1ky,&#8220;<\/em> l\u00ed\u010dil barvit\u011b Athletic News.<\/p>\n<p>Posledn\u00ed \u0161est\u00fd g\u00f3l na sebe nechal \u010dekat pln\u00fdch deset minut, kdy Alex Young dokonal sv\u016fj hattrick. Posledn\u00ed dvacetiminutovka z\u00e1pasu byla ve znamen\u00ed klidu po odezn\u011bn\u00ed bou\u0159e. Everton si pohodln\u011b hl\u00eddal nadvl\u00e1du, zat\u00edmco Rovers byli r\u00e1di, \u017ee jejich \u0161estig\u00f3lov\u00e1 \u00fajma, u\u017e nedos\u00e1hne v\u011bt\u0161\u00edch rozm\u011br\u016f v podob\u011b dal\u0161\u00edho g\u00f3lu. Po skon\u010den\u00ed utk\u00e1n\u00ed odch\u00e1zeli dom\u00e1c\u00ed do \u0161aten za bou\u0159liv\u00e9ho aplausu publika, kter\u00e9 se pr\u00e1v\u011b stalo sv\u011bdky jedn\u00e9 z nejv\u011bt\u0161\u00edch g\u00f3lov\u00fdch nad\u00edlek v historii klubu.<\/p>\n<h4><strong>Dodatek<\/strong><\/h4>\n<p>Posledn\u00ed, co si Blackburn po \u0161estig\u00f3lov\u00e9m v\u00fdprasku p\u0159\u00e1l, byl dal\u0161\u00ed z\u00e1pas proti Evertonu. Jenom\u017ee pr\u00e1v\u011b tohle podstoupit museli &#8211; hned o dva dny pozd\u011bji! Tentokr\u00e1t \u0161lo o utk\u00e1n\u00ed Lanchashire Cupu na Ewood Parku a karta se dokonale obr\u00e1tila. 6-1 vyhr\u00e1li Rovers a jejich v\u00edt\u011bzstv\u00ed tak trochu ironicky zahrnuje i t\u0159i g\u00f3ly v p\u011btiminutov\u00e9m sledu.<\/p>\n<h4><strong>McIntyre vel\u00ed bou\u0159i<\/strong><\/h4>\n<p>Dvan\u00e1ct let po na\u0161em z\u00e1pase, se ob\u011bt\u00ed g\u00f3lov\u00e9 vich\u0159ice stal Everton. Odnesl nejpusto\u0161iv\u011bj\u0161\u00ed g\u00f3lov\u00e9 \u0159\u00e1d\u011bn\u00ed konkr\u00e9tn\u00edho hr\u00e1\u010de v historii anglick\u00e9 kopan\u00e9, p\u0159i\u010dem\u017e soupe\u0159em mu byl znovu Blackburn. Na Ewood Parku se Blues v z\u00e1\u0159\u00ed 1922 sice z\u00e1sluhou penalty George Harrisona ujali veden\u00ed, nicm\u00e9n\u011b vyrovn\u00e1vac\u00ed g\u00f3l Rovers p\u0159edznamenal bl\u00ed\u017e\u00edc\u00ed se katastrofu. V rozmez\u00ed 55. a 59. minuty se ud\u00e1lo n\u00e1sleduj\u00edc\u00ed:<\/p>\n<p><strong>55. minuta:<\/strong>\u00a0John McIntyre vyu\u017e\u00edv\u00e1 Hodkinsonova centru a pos\u00edl\u00e1 Rovers do veden\u00ed 2-1.<br \/>\n<strong>57. minuta:<\/strong>\u00a0McIntyre p\u00e1l\u00ed p\u0159esn\u011b pod\u00e9l Toma Ferna.<br \/>\n<strong>58. minuta:<\/strong>\u00a0V mele p\u0159ed br\u00e1nou se nejl\u00e9pe orientuje McIntyre a kompletuje sv\u016fj hattrick.<br \/>\n<strong>59. minuta:<\/strong>\u00a0McIntyre p\u0159ekon\u00e1v\u00e1 zmaten\u00e9ho Ferna a Rovers vedou 5-1.<\/p>\n<p>\u00dato\u010dn\u00edk Blackburnu tak vs\u00edtil \u010dty\u0159i g\u00f3ly b\u011bhem p\u011bti minut. Dodnes jde o nejrychleji zaznamenan\u00fd kvartet g\u00f3l\u016f jednoho hr\u00e1\u010de v d\u011bjin\u00e1ch anglick\u00e9ho fotbalu. Rovers tedy vyhr\u00e1li 5-1, nav\u00edc ve stejn\u00fd den Liverpool slavil na Anfieldu p\u011bt branek v rozmez\u00ed 15 minut.<\/p>\n<p>Ob\u011btn\u00edmi ber\u00e1nky je\u0161t\u011b rychlej\u0161\u00ed kanon\u00e1dy se Blues stali 16. b\u0159ezna 1974 na Turf Moor v Burnley, kde Everton inkasoval t\u0159ikr\u00e1t b\u011bhem 125 sekund. O g\u00f3ly se postaral Colin Waldron (76. minuta, 20. sekunda), Geoff Nulty (77. minuta, 10. sekunda) a posledn\u00ed trefu z\u00e1pasu, je\u017e Toffees prohr\u00e1li 3-1, obstaral Leighton James po 78 minut\u00e1ch a 25 sekund\u00e1ch.<\/p>\n","protected":false},"excerpt":{"rendered":"<p>Fotbalov\u00fd z\u00e1pas mnohdy b\u00fdv\u00e1 z\u00e1le\u017eitost\u00ed dvou zcela rozd\u00edln\u00fdch polo\u010das\u016f. P\u0159esn\u011b p\u0159ed sto lety v\u0161ak Everton dovedl onen jev k dokonalosti.&hellip;<\/p>\n","protected":false},"author":7,"featured_media":631,"comment_status":"open","ping_status":"closed","sticky":false,"template":"","format":"standard","meta":{"_eb_attr":"","_monsterinsights_skip_tracking":false,"_monsterinsights_sitenote_active":false,"_monsterinsights_sitenote_note":"","_monsterinsights_sitenote_category":0,"footnotes":""},"categories":[10],"tags":[],"yoast_head":"<!-- This site is optimized with the Yoast SEO plugin v23.4 - https:\/\/yoast.com\/wordpress\/plugins\/seo\/ -->\n<title>Pr\u0161\u00ed g\u00f3ly! - Official Czech &amp; Slovak Everton Supporters&#039; Club<\/title>\n<meta name=\"robots\" content=\"index, follow, max-snippet:-1, max-image-preview:large, max-video-preview:-1\" \/>\n<link rel=\"canonical\" href=\"https:\/\/evertonfc.cz\/index.php\/2010\/11\/17\/prsi-goly\/\" \/>\n<meta property=\"og:locale\" content=\"cs_CZ\" \/>\n<meta property=\"og:type\" content=\"article\" \/>\n<meta property=\"og:title\" content=\"Pr\u0161\u00ed g\u00f3ly! - Official Czech &amp; Slovak Everton Supporters&#039; Club\" \/>\n<meta property=\"og:description\" content=\"Fotbalov\u00fd z\u00e1pas mnohdy b\u00fdv\u00e1 z\u00e1le\u017eitost\u00ed dvou zcela rozd\u00edln\u00fdch polo\u010das\u016f. P\u0159esn\u011b p\u0159ed sto lety v\u0161ak Everton dovedl onen jev k dokonalosti.&hellip;\" \/>\n<meta property=\"og:url\" content=\"https:\/\/evertonfc.cz\/index.php\/2010\/11\/17\/prsi-goly\/\" \/>\n<meta property=\"og:site_name\" content=\"Official Czech &amp; Slovak Everton Supporters&#039; Club\" \/>\n<meta property=\"article:publisher\" content=\"https:\/\/www.facebook.com\/everton.fans.cz.sk\" \/>\n<meta property=\"article:published_time\" content=\"2010-11-17T22:03:20+00:00\" \/>\n<meta property=\"article:modified_time\" content=\"2019-02-09T21:17:35+00:00\" \/>\n<meta property=\"og:image\" content=\"https:\/\/evertonfc.cz\/wp-content\/uploads\/2019\/01\/strange_but_blue.jpg\" \/>\n\t<meta property=\"og:image:width\" content=\"720\" \/>\n\t<meta property=\"og:image:height\" content=\"405\" \/>\n\t<meta property=\"og:image:type\" content=\"image\/jpeg\" \/>\n<meta name=\"author\" content=\"Me\u0148a\" \/>\n<meta name=\"twitter:card\" content=\"summary_large_image\" \/>\n<meta name=\"twitter:label1\" content=\"Napsal(a)\" \/>\n\t<meta name=\"twitter:data1\" content=\"Me\u0148a\" \/>\n\t<meta name=\"twitter:label2\" content=\"Odhadovan\u00e1 doba \u010dten\u00ed\" \/>\n\t<meta name=\"twitter:data2\" content=\"6 minut\" \/>\n<script type=\"application\/ld+json\" class=\"yoast-schema-graph\">{\"@context\":\"https:\/\/schema.org\",\"@graph\":[{\"@type\":\"Article\",\"@id\":\"https:\/\/evertonfc.cz\/index.php\/2010\/11\/17\/prsi-goly\/#article\",\"isPartOf\":{\"@id\":\"https:\/\/evertonfc.cz\/index.php\/2010\/11\/17\/prsi-goly\/\"},\"author\":{\"name\":\"Me\u0148a\",\"@id\":\"https:\/\/evertonfc.cz\/#\/schema\/person\/cd6328a75577de2add7793fd4b0930c3\"},\"headline\":\"Pr\u0161\u00ed g\u00f3ly!\",\"datePublished\":\"2010-11-17T22:03:20+00:00\",\"dateModified\":\"2019-02-09T21:17:35+00:00\",\"mainEntityOfPage\":{\"@id\":\"https:\/\/evertonfc.cz\/index.php\/2010\/11\/17\/prsi-goly\/\"},\"wordCount\":1146,\"commentCount\":0,\"publisher\":{\"@id\":\"https:\/\/evertonfc.cz\/#organization\"},\"image\":{\"@id\":\"https:\/\/evertonfc.cz\/index.php\/2010\/11\/17\/prsi-goly\/#primaryimage\"},\"thumbnailUrl\":\"https:\/\/evertonfc.cz\/wp-content\/uploads\/2019\/01\/strange_but_blue.jpg\",\"articleSection\":[\"Strange but Blue\"],\"inLanguage\":\"cs\",\"potentialAction\":[{\"@type\":\"CommentAction\",\"name\":\"Comment\",\"target\":[\"https:\/\/evertonfc.cz\/index.php\/2010\/11\/17\/prsi-goly\/#respond\"]}]},{\"@type\":\"WebPage\",\"@id\":\"https:\/\/evertonfc.cz\/index.php\/2010\/11\/17\/prsi-goly\/\",\"url\":\"https:\/\/evertonfc.cz\/index.php\/2010\/11\/17\/prsi-goly\/\",\"name\":\"Pr\u0161\u00ed g\u00f3ly! - Official Czech &amp; Slovak Everton Supporters&#039; Club\",\"isPartOf\":{\"@id\":\"https:\/\/evertonfc.cz\/#website\"},\"primaryImageOfPage\":{\"@id\":\"https:\/\/evertonfc.cz\/index.php\/2010\/11\/17\/prsi-goly\/#primaryimage\"},\"image\":{\"@id\":\"https:\/\/evertonfc.cz\/index.php\/2010\/11\/17\/prsi-goly\/#primaryimage\"},\"thumbnailUrl\":\"https:\/\/evertonfc.cz\/wp-content\/uploads\/2019\/01\/strange_but_blue.jpg\",\"datePublished\":\"2010-11-17T22:03:20+00:00\",\"dateModified\":\"2019-02-09T21:17:35+00:00\",\"breadcrumb\":{\"@id\":\"https:\/\/evertonfc.cz\/index.php\/2010\/11\/17\/prsi-goly\/#breadcrumb\"},\"inLanguage\":\"cs\",\"potentialAction\":[{\"@type\":\"ReadAction\",\"target\":[\"https:\/\/evertonfc.cz\/index.php\/2010\/11\/17\/prsi-goly\/\"]}]},{\"@type\":\"ImageObject\",\"inLanguage\":\"cs\",\"@id\":\"https:\/\/evertonfc.cz\/index.php\/2010\/11\/17\/prsi-goly\/#primaryimage\",\"url\":\"https:\/\/evertonfc.cz\/wp-content\/uploads\/2019\/01\/strange_but_blue.jpg\",\"contentUrl\":\"https:\/\/evertonfc.cz\/wp-content\/uploads\/2019\/01\/strange_but_blue.jpg\",\"width\":720,\"height\":405},{\"@type\":\"BreadcrumbList\",\"@id\":\"https:\/\/evertonfc.cz\/index.php\/2010\/11\/17\/prsi-goly\/#breadcrumb\",\"itemListElement\":[{\"@type\":\"ListItem\",\"position\":1,\"name\":\"Home\",\"item\":\"https:\/\/evertonfc.cz\/\"},{\"@type\":\"ListItem\",\"position\":2,\"name\":\"Pr\u0161\u00ed g\u00f3ly!\"}]},{\"@type\":\"WebSite\",\"@id\":\"https:\/\/evertonfc.cz\/#website\",\"url\":\"https:\/\/evertonfc.cz\/\",\"name\":\"Official Czech &amp; Slovak Everton Supporters&#039; Club\",\"description\":\"\",\"publisher\":{\"@id\":\"https:\/\/evertonfc.cz\/#organization\"},\"potentialAction\":[{\"@type\":\"SearchAction\",\"target\":{\"@type\":\"EntryPoint\",\"urlTemplate\":\"https:\/\/evertonfc.cz\/?s={search_term_string}\"},\"query-input\":{\"@type\":\"PropertyValueSpecification\",\"valueRequired\":true,\"valueName\":\"search_term_string\"}}],\"inLanguage\":\"cs\"},{\"@type\":\"Organization\",\"@id\":\"https:\/\/evertonfc.cz\/#organization\",\"name\":\"Official Czech & Slovak Everton Supporters' Club\",\"url\":\"https:\/\/evertonfc.cz\/\",\"logo\":{\"@type\":\"ImageObject\",\"inLanguage\":\"cs\",\"@id\":\"https:\/\/evertonfc.cz\/#\/schema\/logo\/image\/\",\"url\":\"https:\/\/evertonfc.cz\/wp-content\/uploads\/2019\/05\/logo.png\",\"contentUrl\":\"https:\/\/evertonfc.cz\/wp-content\/uploads\/2019\/05\/logo.png\",\"width\":112,\"height\":112,\"caption\":\"Official Czech & Slovak Everton Supporters' Club\"},\"image\":{\"@id\":\"https:\/\/evertonfc.cz\/#\/schema\/logo\/image\/\"},\"sameAs\":[\"https:\/\/www.facebook.com\/everton.fans.cz.sk\"]},{\"@type\":\"Person\",\"@id\":\"https:\/\/evertonfc.cz\/#\/schema\/person\/cd6328a75577de2add7793fd4b0930c3\",\"name\":\"Me\u0148a\",\"url\":\"https:\/\/evertonfc.cz\/index.php\/author\/mena\/\"}]}<\/script>\n<!-- \/ Yoast SEO plugin. -->","yoast_head_json":{"title":"Pr\u0161\u00ed g\u00f3ly! - Official Czech &amp; Slovak Everton Supporters&#039; Club","robots":{"index":"index","follow":"follow","max-snippet":"max-snippet:-1","max-image-preview":"max-image-preview:large","max-video-preview":"max-video-preview:-1"},"canonical":"https:\/\/evertonfc.cz\/index.php\/2010\/11\/17\/prsi-goly\/","og_locale":"cs_CZ","og_type":"article","og_title":"Pr\u0161\u00ed g\u00f3ly! - Official Czech &amp; Slovak Everton Supporters&#039; Club","og_description":"Fotbalov\u00fd z\u00e1pas mnohdy b\u00fdv\u00e1 z\u00e1le\u017eitost\u00ed dvou zcela rozd\u00edln\u00fdch polo\u010das\u016f. P\u0159esn\u011b p\u0159ed sto lety v\u0161ak Everton dovedl onen jev k dokonalosti.&hellip;","og_url":"https:\/\/evertonfc.cz\/index.php\/2010\/11\/17\/prsi-goly\/","og_site_name":"Official Czech &amp; Slovak Everton Supporters&#039; Club","article_publisher":"https:\/\/www.facebook.com\/everton.fans.cz.sk","article_published_time":"2010-11-17T22:03:20+00:00","article_modified_time":"2019-02-09T21:17:35+00:00","og_image":[{"width":720,"height":405,"url":"https:\/\/evertonfc.cz\/wp-content\/uploads\/2019\/01\/strange_but_blue.jpg","type":"image\/jpeg"}],"author":"Me\u0148a","twitter_card":"summary_large_image","twitter_misc":{"Napsal(a)":"Me\u0148a","Odhadovan\u00e1 doba \u010dten\u00ed":"6 minut"},"schema":{"@context":"https:\/\/schema.org","@graph":[{"@type":"Article","@id":"https:\/\/evertonfc.cz\/index.php\/2010\/11\/17\/prsi-goly\/#article","isPartOf":{"@id":"https:\/\/evertonfc.cz\/index.php\/2010\/11\/17\/prsi-goly\/"},"author":{"name":"Me\u0148a","@id":"https:\/\/evertonfc.cz\/#\/schema\/person\/cd6328a75577de2add7793fd4b0930c3"},"headline":"Pr\u0161\u00ed g\u00f3ly!","datePublished":"2010-11-17T22:03:20+00:00","dateModified":"2019-02-09T21:17:35+00:00","mainEntityOfPage":{"@id":"https:\/\/evertonfc.cz\/index.php\/2010\/11\/17\/prsi-goly\/"},"wordCount":1146,"commentCount":0,"publisher":{"@id":"https:\/\/evertonfc.cz\/#organization"},"image":{"@id":"https:\/\/evertonfc.cz\/index.php\/2010\/11\/17\/prsi-goly\/#primaryimage"},"thumbnailUrl":"https:\/\/evertonfc.cz\/wp-content\/uploads\/2019\/01\/strange_but_blue.jpg","articleSection":["Strange but Blue"],"inLanguage":"cs","potentialAction":[{"@type":"CommentAction","name":"Comment","target":["https:\/\/evertonfc.cz\/index.php\/2010\/11\/17\/prsi-goly\/#respond"]}]},{"@type":"WebPage","@id":"https:\/\/evertonfc.cz\/index.php\/2010\/11\/17\/prsi-goly\/","url":"https:\/\/evertonfc.cz\/index.php\/2010\/11\/17\/prsi-goly\/","name":"Pr\u0161\u00ed g\u00f3ly! - Official Czech &amp; Slovak Everton Supporters&#039; Club","isPartOf":{"@id":"https:\/\/evertonfc.cz\/#website"},"primaryImageOfPage":{"@id":"https:\/\/evertonfc.cz\/index.php\/2010\/11\/17\/prsi-goly\/#primaryimage"},"image":{"@id":"https:\/\/evertonfc.cz\/index.php\/2010\/11\/17\/prsi-goly\/#primaryimage"},"thumbnailUrl":"https:\/\/evertonfc.cz\/wp-content\/uploads\/2019\/01\/strange_but_blue.jpg","datePublished":"2010-11-17T22:03:20+00:00","dateModified":"2019-02-09T21:17:35+00:00","breadcrumb":{"@id":"https:\/\/evertonfc.cz\/index.php\/2010\/11\/17\/prsi-goly\/#breadcrumb"},"inLanguage":"cs","potentialAction":[{"@type":"ReadAction","target":["https:\/\/evertonfc.cz\/index.php\/2010\/11\/17\/prsi-goly\/"]}]},{"@type":"ImageObject","inLanguage":"cs","@id":"https:\/\/evertonfc.cz\/index.php\/2010\/11\/17\/prsi-goly\/#primaryimage","url":"https:\/\/evertonfc.cz\/wp-content\/uploads\/2019\/01\/strange_but_blue.jpg","contentUrl":"https:\/\/evertonfc.cz\/wp-content\/uploads\/2019\/01\/strange_but_blue.jpg","width":720,"height":405},{"@type":"BreadcrumbList","@id":"https:\/\/evertonfc.cz\/index.php\/2010\/11\/17\/prsi-goly\/#breadcrumb","itemListElement":[{"@type":"ListItem","position":1,"name":"Home","item":"https:\/\/evertonfc.cz\/"},{"@type":"ListItem","position":2,"name":"Pr\u0161\u00ed g\u00f3ly!"}]},{"@type":"WebSite","@id":"https:\/\/evertonfc.cz\/#website","url":"https:\/\/evertonfc.cz\/","name":"Official Czech &amp; Slovak Everton Supporters&#039; Club","description":"","publisher":{"@id":"https:\/\/evertonfc.cz\/#organization"},"potentialAction":[{"@type":"SearchAction","target":{"@type":"EntryPoint","urlTemplate":"https:\/\/evertonfc.cz\/?s={search_term_string}"},"query-input":{"@type":"PropertyValueSpecification","valueRequired":true,"valueName":"search_term_string"}}],"inLanguage":"cs"},{"@type":"Organization","@id":"https:\/\/evertonfc.cz\/#organization","name":"Official Czech & Slovak Everton Supporters' Club","url":"https:\/\/evertonfc.cz\/","logo":{"@type":"ImageObject","inLanguage":"cs","@id":"https:\/\/evertonfc.cz\/#\/schema\/logo\/image\/","url":"https:\/\/evertonfc.cz\/wp-content\/uploads\/2019\/05\/logo.png","contentUrl":"https:\/\/evertonfc.cz\/wp-content\/uploads\/2019\/05\/logo.png","width":112,"height":112,"caption":"Official Czech & Slovak Everton Supporters' Club"},"image":{"@id":"https:\/\/evertonfc.cz\/#\/schema\/logo\/image\/"},"sameAs":["https:\/\/www.facebook.com\/everton.fans.cz.sk"]},{"@type":"Person","@id":"https:\/\/evertonfc.cz\/#\/schema\/person\/cd6328a75577de2add7793fd4b0930c3","name":"Me\u0148a","url":"https:\/\/evertonfc.cz\/index.php\/author\/mena\/"}]}},"_links":{"self":[{"href":"https:\/\/evertonfc.cz\/index.php\/wp-json\/wp\/v2\/posts\/697"}],"collection":[{"href":"https:\/\/evertonfc.cz\/index.php\/wp-json\/wp\/v2\/posts"}],"about":[{"href":"https:\/\/evertonfc.cz\/index.php\/wp-json\/wp\/v2\/types\/post"}],"author":[{"embeddable":true,"href":"https:\/\/evertonfc.cz\/index.php\/wp-json\/wp\/v2\/users\/7"}],"replies":[{"embeddable":true,"href":"https:\/\/evertonfc.cz\/index.php\/wp-json\/wp\/v2\/comments?post=697"}],"version-history":[{"count":3,"href":"https:\/\/evertonfc.cz\/index.php\/wp-json\/wp\/v2\/posts\/697\/revisions"}],"predecessor-version":[{"id":2738,"href":"https:\/\/evertonfc.cz\/index.php\/wp-json\/wp\/v2\/posts\/697\/revisions\/2738"}],"wp:featuredmedia":[{"embeddable":true,"href":"https:\/\/evertonfc.cz\/index.php\/wp-json\/wp\/v2\/media\/631"}],"wp:attachment":[{"href":"https:\/\/evertonfc.cz\/index.php\/wp-json\/wp\/v2\/media?parent=697"}],"wp:term":[{"taxonomy":"category","embeddable":true,"href":"https:\/\/evertonfc.cz\/index.php\/wp-json\/wp\/v2\/categories?post=697"},{"taxonomy":"post_tag","embeddable":true,"href":"https:\/\/evertonfc.cz\/index.php\/wp-json\/wp\/v2\/tags?post=697"}],"curies":[{"name":"wp","href":"https:\/\/api.w.org\/{rel}","templated":true}]}}