{"id":7014,"date":"2019-03-14T14:08:31","date_gmt":"2019-03-14T13:08:31","guid":{"rendered":"https:\/\/evertonfc.cz\/?p=7014"},"modified":"2020-04-28T15:58:46","modified_gmt":"2020-04-28T13:58:46","slug":"ohlasy-z-finch-farm-dcl-kenny-keane","status":"publish","type":"post","link":"https:\/\/evertonfc.cz\/index.php\/2019\/03\/14\/ohlasy-z-finch-farm-dcl-kenny-keane\/","title":{"rendered":"Ohlasy z Finch Farm &#8211; DCL, Kenny &#038; Keane"},"content":{"rendered":"<h4>V tejto rubrike v\u00e1m prin\u00e1\u0161ame men\u0161\u00ed s\u00fahrn reakci\u00ed hr\u00e1\u010dov, mana\u017e\u00e9rov a jednoducho ka\u017ed\u00e9ho, kto mal \u010do v tomto t\u00fd\u017edni poveda\u0165 \u2013 tentoraz Calvert-Lewin, Kenny a Keane.<\/h4>\n<p>Mlad\u00fd a\u00a0n\u00e1dejn\u00fd Dominic, spolu s\u00a0Kennym, Daviesom, Lookmanom a\u00a0Dowellom, bol tento t\u00fd\u017ede\u0148 nominovan\u00fd do reprezent\u00e1cie Anglicka do 21 rokov. Svoju v\u00fdkonnos\u0165 si dr\u017e\u00ed aj napriek ne\u0161\u0165astn\u00fdm v\u00fdsledkom a\u00a0ako hovor\u00ed, jeho g\u00f3ly ho v\u00f4bec pri tom neute\u0161uj\u00fa.<\/p>\n<h4>Calvert-Lewin:<\/h4>\n<p><em><strong>\u201e<\/strong>Je to extr\u00e9mne sklamanie. V\u00a0prvom pol\u010dase sme na tom boli ve\u013emi pohodlne, ale nedr\u017eali sme sa po prest\u00e1vke n\u00e1\u0161ho pl\u00e1nu. Vedeli sme, \u017ee na n\u00e1s vybehn\u00fa, tak\u017ee neudr\u017ea\u0165 to do konca bolo trpk\u00e9. Boli sme na koni a\u00a0potom sme prestali robi\u0165 veci, ktor\u00e9 n\u00e1m zabezpe\u010dili dvojg\u00f3lov\u00fd n\u00e1skok. A\u00a0ke\u010f sk\u00f3rovali, momentum hry sa zmenilo a\u00a0to nem\u00f4\u017eeme dovoli\u0165. Mali sme si \u00eds\u0165 za tret\u00edm g\u00f3lom. Po pol\u010dasovom v\u00fdkone to aj vyzeralo, \u017ee by sme mohli.<strong>\u201c<\/strong><\/em><\/p>\n<p><em><strong>\u201e<\/strong>Viem, \u017ee to bolo \u0165a\u017ek\u00e9 pre cestuj\u00facich fan\u00fa\u0161ikov, ktor\u00ed sa na to museli pozera\u0165. Rozhodne c\u00edtim, \u017ee som hral v\u00a0posledn\u00fdch z\u00e1pasoch dobre a\u00a0sk\u00f3roval som. Ale to je \u00faplne jedno, ke\u010f\u017ee sme nebrali ani jeden bod. V\u00fdsledok je to, na \u010dom z\u00e1le\u017e\u00ed, a\u00a0i\u00a0ke\u010f je pekn\u00e9 streli\u0165 g\u00f3l, nevyhrali sme. V\u0161etci sa mus\u00edme pozrie\u0165 na to, ako sme hrali a\u00a0zisti\u0165, kde sa to pokazilo. Napravi\u0165 to m\u00f4\u017eeme u\u017e v\u00a0\u010fal\u0161om z\u00e1pase.<strong>\u201c<\/strong><\/em><\/p>\n<p>Jonjoe Kenny mus\u00ed ma\u0165 zmie\u0161an\u00e9 pocity zo svojho v\u00fdkonu. Aj ke\u010f neodohral najlep\u0161\u00ed z\u00e1pas z\u00a0h\u013eadiska defenz\u00edvy, st\u00e1le bol schopn\u00fd si prip\u00edsa\u0165 najviac vypichnut\u00ed l\u00f4pt (5) spomedzi v\u0161etk\u00fdch hr\u00e1\u010dov na ihrisku. \u010co sa odkopov t\u00fdka, len Michael Keane ich m\u00e1 na konte viac.<\/p>\n<h4>Kenny:<\/h4>\n<p><em><strong>\u201e<\/strong>Pri veden\u00ed 2:0 v\u00a0prvom pol\u010dase sme boli, mysl\u00edm, brilantn\u00ed. Ve\u013emi n\u00e1m to i\u0161lo. Ale v\u00a0druhej polovici sme nerobili to ist\u00e9. St\u00e1le sme mali \u0161ance a\u00a0ak by sme sk\u00f3rovali prv\u00ed zo \u0161atne na 3:0, bolo by po z\u00e1pase. Ale to sa nestalo, nechali sme ich hra\u0165 a\u00a02:0 je v\u017edy \u0165a\u017ek\u00e9 sk\u00f3re na udr\u017eanie. Dali prv\u00fd g\u00f3l a\u00a0div\u00e1ci st\u00e1li za nimi. Nebr\u00e1nili sme dobre ani potom a\u00a0potrestali n\u00e1s za to. S\u00edce m\u00e1me ve\u013ea kvality v\u00a0t\u00edme, ale mus\u00edme \u00eds\u0165 a\u00a0vyhr\u00e1va\u0165 z\u00e1pasy ako tento.<strong>\u201c<\/strong><\/em><\/p>\n<p>Zo seniorskej reprezent\u00e1cie Troch Levov dostal pozv\u00e1nku len Jordan Pickford a\u00a0Micheal Keane. Druh\u00fd menovan\u00fd tvrd\u00ed, \u017ee Everton mus\u00ed zopakova\u0165 podobne intenz\u00edvny v\u00fdkon ako v\u00a0derby proti Liverpoolu, ak chce proti Chelsea z\u00edska\u0165 v\u0161etky body.<\/p>\n<h4>Keane:<\/h4>\n<p><em><strong>\u201e<\/strong>S Newcastleom sme c\u00edtili, \u017ee sme hodinu dominovali, nesp\u00f4sobovali n\u00e1m \u017eiadne probl\u00e9my a hrali sme v\u00e1\u017ene dobr\u00fd futbal. M\u00e1m pocit, \u017ee sme oto\u010dili str\u00e1nku v posledn\u00fdch troch dueloch. Boli sme skvel\u00ed proti Cardiffu, tie\u017e proti Liverpoolu. A aj s Newcastleom sme hrali vynikaj\u00faco, okrem posledn\u00fdch dvadsa\u0165 min\u00fat. Mus\u00edte sa pozera\u0165 na pozit\u00edva po ka\u017edom z\u00e1pase a pou\u010di\u0165 sa z ch\u00fdb, ktor\u00e9 ste spravili. Pozera\u0165 sa smerom dopredu a\u00a0v\u017edy sa sna\u017ei\u0165 zlep\u0161i\u0165.<strong>\u201c<\/strong><\/em><\/p>\n<p><em><strong>\u201e<\/strong>V prvom z\u00e1pase na Stamford Bridge sme hrali ve\u013emi dobre a\u00a0boli sme defenz\u00edvne siln\u00ed. S\u00fa dobr\u00e9 mu\u017estvo s\u00a0ve\u013ea hr\u00e1\u010dmi na top \u00farovni, tak\u017ee mus\u00edme by\u0165 pripraven\u00ed rovnako ako na Liverpool. D\u00fafam, \u017ee sa n\u00e1m podar\u00ed streli\u0165 p\u00e1r g\u00f3lov a\u00a0vyhra\u0165 ten z\u00e1pas.<strong>\u201c<\/strong><\/em><\/p>\n<p><em><strong>\u201e<\/strong>Ak ma vyber\u00fa do zostavy, c\u00edtim sa pohodlne hra\u0165 s k\u00fdmko\u013evek ved\u013ea m\u0148a. Chalani ako Jags alebo Yerry trpezlivo \u010dakaj\u00fa na svoje \u0161ance a minim\u00e1lne jeden z nich ju pravdepodobne v nede\u013eu dostane. Hral som u\u017e zo v\u0161etk\u00fdmi a ka\u017ed\u00fd je trochu in\u00fd typ. \u010ci\u017ee trv\u00e1 nejak\u00fd \u010das, k\u00fdm si zvyknete na seba. A ja si mysl\u00edm, \u017ee sme si zvykli u\u017e v\u0161etci.<strong>\u201c<\/strong><\/em><\/p>\n<p><em><strong>\u201e<\/strong>Na tomto poslednom derby bola najlep\u0161ia atmosf\u00e9ra, ak\u00fa som za\u017eil v\u00a0Goodison Parku odkedy hr\u00e1m za Everton. Naozaj n\u00e1m pom\u00e1ha, ke\u010f n\u00e1s fan\u00fa\u0161ikovia takto podporuj\u00fa. A\u00a0vieme, \u017ee na to mus\u00edme hra\u0165 naozaj dobre. Sprav\u00edme preto v\u0161etko, sme naozaj hladn\u00ed po v\u00fdhre. Mus\u00edme u\u017e doma porazi\u0165 niektor\u00fd z\u00a0najlep\u0161\u00edch t\u00edmov a\u00a0chceme, aby tomu bolo tak u\u017e t\u00fato nede\u013eu.<strong>\u201c<\/strong><\/em><\/p>\n<p style=\"text-align: right;\">(p\u00f4vodn\u00fd rozhovor: evertonfc.com)<\/p>\n","protected":false},"excerpt":{"rendered":"<p>V tejto rubrike v\u00e1m prin\u00e1\u0161ame men\u0161\u00ed s\u00fahrn reakci\u00ed hr\u00e1\u010dov, mana\u017e\u00e9rov a jednoducho ka\u017ed\u00e9ho, kto mal \u010do v tomto t\u00fd\u017edni poveda\u0165 \u2013 tentoraz Calvert-Lewin, Kenny a Keane.<\/p>\n","protected":false},"author":1,"featured_media":6892,"comment_status":"open","ping_status":"closed","sticky":false,"template":"","format":"standard","meta":{"_eb_attr":"","_monsterinsights_skip_tracking":false,"_monsterinsights_sitenote_active":false,"_monsterinsights_sitenote_note":"","_monsterinsights_sitenote_category":0,"footnotes":""},"categories":[1],"tags":[],"yoast_head":"<!-- This site is optimized with the Yoast SEO plugin v23.4 - https:\/\/yoast.com\/wordpress\/plugins\/seo\/ -->\n<title>Ohlasy z Finch Farm - DCL, Kenny &amp; Keane - Official Czech &amp; Slovak Everton Supporters&#039; Club<\/title>\n<meta name=\"robots\" content=\"index, follow, max-snippet:-1, max-image-preview:large, max-video-preview:-1\" \/>\n<link rel=\"canonical\" href=\"https:\/\/evertonfc.cz\/index.php\/2019\/03\/14\/ohlasy-z-finch-farm-dcl-kenny-keane\/\" \/>\n<meta property=\"og:locale\" content=\"cs_CZ\" \/>\n<meta property=\"og:type\" content=\"article\" \/>\n<meta property=\"og:title\" content=\"Ohlasy z Finch Farm - DCL, Kenny &amp; Keane - Official Czech &amp; Slovak Everton Supporters&#039; Club\" \/>\n<meta property=\"og:description\" content=\"V tejto rubrike v\u00e1m prin\u00e1\u0161ame men\u0161\u00ed s\u00fahrn reakci\u00ed hr\u00e1\u010dov, mana\u017e\u00e9rov a jednoducho ka\u017ed\u00e9ho, kto mal \u010do v tomto t\u00fd\u017edni poveda\u0165 \u2013 tentoraz Calvert-Lewin, Kenny a Keane.\" \/>\n<meta property=\"og:url\" content=\"https:\/\/evertonfc.cz\/index.php\/2019\/03\/14\/ohlasy-z-finch-farm-dcl-kenny-keane\/\" \/>\n<meta property=\"og:site_name\" content=\"Official Czech &amp; Slovak Everton Supporters&#039; Club\" \/>\n<meta property=\"article:publisher\" content=\"https:\/\/www.facebook.com\/everton.fans.cz.sk\" \/>\n<meta property=\"article:published_time\" content=\"2019-03-14T13:08:31+00:00\" \/>\n<meta property=\"article:modified_time\" content=\"2020-04-28T13:58:46+00:00\" \/>\n<meta property=\"og:image\" content=\"https:\/\/evertonfc.cz\/wp-content\/uploads\/2019\/03\/Finch-Farm.jpg\" \/>\n\t<meta property=\"og:image:width\" content=\"720\" \/>\n\t<meta property=\"og:image:height\" content=\"405\" \/>\n\t<meta property=\"og:image:type\" content=\"image\/jpeg\" \/>\n<meta name=\"author\" content=\"BlueBlooded\" \/>\n<meta name=\"twitter:card\" content=\"summary_large_image\" \/>\n<meta name=\"twitter:label1\" content=\"Napsal(a)\" \/>\n\t<meta name=\"twitter:data1\" content=\"BlueBlooded\" \/>\n\t<meta name=\"twitter:label2\" content=\"Odhadovan\u00e1 doba \u010dten\u00ed\" \/>\n\t<meta name=\"twitter:data2\" content=\"4 minuty\" \/>\n<script type=\"application\/ld+json\" class=\"yoast-schema-graph\">{\"@context\":\"https:\/\/schema.org\",\"@graph\":[{\"@type\":\"Article\",\"@id\":\"https:\/\/evertonfc.cz\/index.php\/2019\/03\/14\/ohlasy-z-finch-farm-dcl-kenny-keane\/#article\",\"isPartOf\":{\"@id\":\"https:\/\/evertonfc.cz\/index.php\/2019\/03\/14\/ohlasy-z-finch-farm-dcl-kenny-keane\/\"},\"author\":{\"name\":\"BlueBlooded\",\"@id\":\"https:\/\/evertonfc.cz\/#\/schema\/person\/d4493b8cbea51532597fbc4685698916\"},\"headline\":\"Ohlasy z Finch Farm &#8211; DCL, Kenny &#038; Keane\",\"datePublished\":\"2019-03-14T13:08:31+00:00\",\"dateModified\":\"2020-04-28T13:58:46+00:00\",\"mainEntityOfPage\":{\"@id\":\"https:\/\/evertonfc.cz\/index.php\/2019\/03\/14\/ohlasy-z-finch-farm-dcl-kenny-keane\/\"},\"wordCount\":791,\"commentCount\":5,\"publisher\":{\"@id\":\"https:\/\/evertonfc.cz\/#organization\"},\"image\":{\"@id\":\"https:\/\/evertonfc.cz\/index.php\/2019\/03\/14\/ohlasy-z-finch-farm-dcl-kenny-keane\/#primaryimage\"},\"thumbnailUrl\":\"https:\/\/evertonfc.cz\/wp-content\/uploads\/2019\/03\/Finch-Farm.jpg\",\"articleSection\":[\"Rozhovory\"],\"inLanguage\":\"cs\",\"potentialAction\":[{\"@type\":\"CommentAction\",\"name\":\"Comment\",\"target\":[\"https:\/\/evertonfc.cz\/index.php\/2019\/03\/14\/ohlasy-z-finch-farm-dcl-kenny-keane\/#respond\"]}]},{\"@type\":\"WebPage\",\"@id\":\"https:\/\/evertonfc.cz\/index.php\/2019\/03\/14\/ohlasy-z-finch-farm-dcl-kenny-keane\/\",\"url\":\"https:\/\/evertonfc.cz\/index.php\/2019\/03\/14\/ohlasy-z-finch-farm-dcl-kenny-keane\/\",\"name\":\"Ohlasy z Finch Farm - DCL, Kenny & Keane - Official Czech &amp; Slovak Everton Supporters&#039; Club\",\"isPartOf\":{\"@id\":\"https:\/\/evertonfc.cz\/#website\"},\"primaryImageOfPage\":{\"@id\":\"https:\/\/evertonfc.cz\/index.php\/2019\/03\/14\/ohlasy-z-finch-farm-dcl-kenny-keane\/#primaryimage\"},\"image\":{\"@id\":\"https:\/\/evertonfc.cz\/index.php\/2019\/03\/14\/ohlasy-z-finch-farm-dcl-kenny-keane\/#primaryimage\"},\"thumbnailUrl\":\"https:\/\/evertonfc.cz\/wp-content\/uploads\/2019\/03\/Finch-Farm.jpg\",\"datePublished\":\"2019-03-14T13:08:31+00:00\",\"dateModified\":\"2020-04-28T13:58:46+00:00\",\"breadcrumb\":{\"@id\":\"https:\/\/evertonfc.cz\/index.php\/2019\/03\/14\/ohlasy-z-finch-farm-dcl-kenny-keane\/#breadcrumb\"},\"inLanguage\":\"cs\",\"potentialAction\":[{\"@type\":\"ReadAction\",\"target\":[\"https:\/\/evertonfc.cz\/index.php\/2019\/03\/14\/ohlasy-z-finch-farm-dcl-kenny-keane\/\"]}]},{\"@type\":\"ImageObject\",\"inLanguage\":\"cs\",\"@id\":\"https:\/\/evertonfc.cz\/index.php\/2019\/03\/14\/ohlasy-z-finch-farm-dcl-kenny-keane\/#primaryimage\",\"url\":\"https:\/\/evertonfc.cz\/wp-content\/uploads\/2019\/03\/Finch-Farm.jpg\",\"contentUrl\":\"https:\/\/evertonfc.cz\/wp-content\/uploads\/2019\/03\/Finch-Farm.jpg\",\"width\":720,\"height\":405},{\"@type\":\"BreadcrumbList\",\"@id\":\"https:\/\/evertonfc.cz\/index.php\/2019\/03\/14\/ohlasy-z-finch-farm-dcl-kenny-keane\/#breadcrumb\",\"itemListElement\":[{\"@type\":\"ListItem\",\"position\":1,\"name\":\"Home\",\"item\":\"https:\/\/evertonfc.cz\/\"},{\"@type\":\"ListItem\",\"position\":2,\"name\":\"Ohlasy z Finch Farm &#8211; DCL, Kenny &#038; Keane\"}]},{\"@type\":\"WebSite\",\"@id\":\"https:\/\/evertonfc.cz\/#website\",\"url\":\"https:\/\/evertonfc.cz\/\",\"name\":\"Official Czech &amp; Slovak Everton Supporters&#039; Club\",\"description\":\"\",\"publisher\":{\"@id\":\"https:\/\/evertonfc.cz\/#organization\"},\"potentialAction\":[{\"@type\":\"SearchAction\",\"target\":{\"@type\":\"EntryPoint\",\"urlTemplate\":\"https:\/\/evertonfc.cz\/?s={search_term_string}\"},\"query-input\":{\"@type\":\"PropertyValueSpecification\",\"valueRequired\":true,\"valueName\":\"search_term_string\"}}],\"inLanguage\":\"cs\"},{\"@type\":\"Organization\",\"@id\":\"https:\/\/evertonfc.cz\/#organization\",\"name\":\"Official Czech & Slovak Everton Supporters' Club\",\"url\":\"https:\/\/evertonfc.cz\/\",\"logo\":{\"@type\":\"ImageObject\",\"inLanguage\":\"cs\",\"@id\":\"https:\/\/evertonfc.cz\/#\/schema\/logo\/image\/\",\"url\":\"https:\/\/evertonfc.cz\/wp-content\/uploads\/2019\/05\/logo.png\",\"contentUrl\":\"https:\/\/evertonfc.cz\/wp-content\/uploads\/2019\/05\/logo.png\",\"width\":112,\"height\":112,\"caption\":\"Official Czech & Slovak Everton Supporters' Club\"},\"image\":{\"@id\":\"https:\/\/evertonfc.cz\/#\/schema\/logo\/image\/\"},\"sameAs\":[\"https:\/\/www.facebook.com\/everton.fans.cz.sk\"]},{\"@type\":\"Person\",\"@id\":\"https:\/\/evertonfc.cz\/#\/schema\/person\/d4493b8cbea51532597fbc4685698916\",\"name\":\"BlueBlooded\",\"url\":\"https:\/\/evertonfc.cz\/index.php\/author\/admin\/\"}]}<\/script>\n<!-- \/ Yoast SEO plugin. -->","yoast_head_json":{"title":"Ohlasy z Finch Farm - DCL, Kenny & Keane - Official Czech &amp; Slovak Everton Supporters&#039; Club","robots":{"index":"index","follow":"follow","max-snippet":"max-snippet:-1","max-image-preview":"max-image-preview:large","max-video-preview":"max-video-preview:-1"},"canonical":"https:\/\/evertonfc.cz\/index.php\/2019\/03\/14\/ohlasy-z-finch-farm-dcl-kenny-keane\/","og_locale":"cs_CZ","og_type":"article","og_title":"Ohlasy z Finch Farm - DCL, Kenny & Keane - Official Czech &amp; Slovak Everton Supporters&#039; Club","og_description":"V tejto rubrike v\u00e1m prin\u00e1\u0161ame men\u0161\u00ed s\u00fahrn reakci\u00ed hr\u00e1\u010dov, mana\u017e\u00e9rov a jednoducho ka\u017ed\u00e9ho, kto mal \u010do v tomto t\u00fd\u017edni poveda\u0165 \u2013 tentoraz Calvert-Lewin, Kenny a Keane.","og_url":"https:\/\/evertonfc.cz\/index.php\/2019\/03\/14\/ohlasy-z-finch-farm-dcl-kenny-keane\/","og_site_name":"Official Czech &amp; Slovak Everton Supporters&#039; Club","article_publisher":"https:\/\/www.facebook.com\/everton.fans.cz.sk","article_published_time":"2019-03-14T13:08:31+00:00","article_modified_time":"2020-04-28T13:58:46+00:00","og_image":[{"width":720,"height":405,"url":"https:\/\/evertonfc.cz\/wp-content\/uploads\/2019\/03\/Finch-Farm.jpg","type":"image\/jpeg"}],"author":"BlueBlooded","twitter_card":"summary_large_image","twitter_misc":{"Napsal(a)":"BlueBlooded","Odhadovan\u00e1 doba \u010dten\u00ed":"4 minuty"},"schema":{"@context":"https:\/\/schema.org","@graph":[{"@type":"Article","@id":"https:\/\/evertonfc.cz\/index.php\/2019\/03\/14\/ohlasy-z-finch-farm-dcl-kenny-keane\/#article","isPartOf":{"@id":"https:\/\/evertonfc.cz\/index.php\/2019\/03\/14\/ohlasy-z-finch-farm-dcl-kenny-keane\/"},"author":{"name":"BlueBlooded","@id":"https:\/\/evertonfc.cz\/#\/schema\/person\/d4493b8cbea51532597fbc4685698916"},"headline":"Ohlasy z Finch Farm &#8211; DCL, Kenny &#038; Keane","datePublished":"2019-03-14T13:08:31+00:00","dateModified":"2020-04-28T13:58:46+00:00","mainEntityOfPage":{"@id":"https:\/\/evertonfc.cz\/index.php\/2019\/03\/14\/ohlasy-z-finch-farm-dcl-kenny-keane\/"},"wordCount":791,"commentCount":5,"publisher":{"@id":"https:\/\/evertonfc.cz\/#organization"},"image":{"@id":"https:\/\/evertonfc.cz\/index.php\/2019\/03\/14\/ohlasy-z-finch-farm-dcl-kenny-keane\/#primaryimage"},"thumbnailUrl":"https:\/\/evertonfc.cz\/wp-content\/uploads\/2019\/03\/Finch-Farm.jpg","articleSection":["Rozhovory"],"inLanguage":"cs","potentialAction":[{"@type":"CommentAction","name":"Comment","target":["https:\/\/evertonfc.cz\/index.php\/2019\/03\/14\/ohlasy-z-finch-farm-dcl-kenny-keane\/#respond"]}]},{"@type":"WebPage","@id":"https:\/\/evertonfc.cz\/index.php\/2019\/03\/14\/ohlasy-z-finch-farm-dcl-kenny-keane\/","url":"https:\/\/evertonfc.cz\/index.php\/2019\/03\/14\/ohlasy-z-finch-farm-dcl-kenny-keane\/","name":"Ohlasy z Finch Farm - DCL, Kenny & Keane - Official Czech &amp; Slovak Everton Supporters&#039; Club","isPartOf":{"@id":"https:\/\/evertonfc.cz\/#website"},"primaryImageOfPage":{"@id":"https:\/\/evertonfc.cz\/index.php\/2019\/03\/14\/ohlasy-z-finch-farm-dcl-kenny-keane\/#primaryimage"},"image":{"@id":"https:\/\/evertonfc.cz\/index.php\/2019\/03\/14\/ohlasy-z-finch-farm-dcl-kenny-keane\/#primaryimage"},"thumbnailUrl":"https:\/\/evertonfc.cz\/wp-content\/uploads\/2019\/03\/Finch-Farm.jpg","datePublished":"2019-03-14T13:08:31+00:00","dateModified":"2020-04-28T13:58:46+00:00","breadcrumb":{"@id":"https:\/\/evertonfc.cz\/index.php\/2019\/03\/14\/ohlasy-z-finch-farm-dcl-kenny-keane\/#breadcrumb"},"inLanguage":"cs","potentialAction":[{"@type":"ReadAction","target":["https:\/\/evertonfc.cz\/index.php\/2019\/03\/14\/ohlasy-z-finch-farm-dcl-kenny-keane\/"]}]},{"@type":"ImageObject","inLanguage":"cs","@id":"https:\/\/evertonfc.cz\/index.php\/2019\/03\/14\/ohlasy-z-finch-farm-dcl-kenny-keane\/#primaryimage","url":"https:\/\/evertonfc.cz\/wp-content\/uploads\/2019\/03\/Finch-Farm.jpg","contentUrl":"https:\/\/evertonfc.cz\/wp-content\/uploads\/2019\/03\/Finch-Farm.jpg","width":720,"height":405},{"@type":"BreadcrumbList","@id":"https:\/\/evertonfc.cz\/index.php\/2019\/03\/14\/ohlasy-z-finch-farm-dcl-kenny-keane\/#breadcrumb","itemListElement":[{"@type":"ListItem","position":1,"name":"Home","item":"https:\/\/evertonfc.cz\/"},{"@type":"ListItem","position":2,"name":"Ohlasy z Finch Farm &#8211; DCL, Kenny &#038; Keane"}]},{"@type":"WebSite","@id":"https:\/\/evertonfc.cz\/#website","url":"https:\/\/evertonfc.cz\/","name":"Official Czech &amp; Slovak Everton Supporters&#039; Club","description":"","publisher":{"@id":"https:\/\/evertonfc.cz\/#organization"},"potentialAction":[{"@type":"SearchAction","target":{"@type":"EntryPoint","urlTemplate":"https:\/\/evertonfc.cz\/?s={search_term_string}"},"query-input":{"@type":"PropertyValueSpecification","valueRequired":true,"valueName":"search_term_string"}}],"inLanguage":"cs"},{"@type":"Organization","@id":"https:\/\/evertonfc.cz\/#organization","name":"Official Czech & Slovak Everton Supporters' Club","url":"https:\/\/evertonfc.cz\/","logo":{"@type":"ImageObject","inLanguage":"cs","@id":"https:\/\/evertonfc.cz\/#\/schema\/logo\/image\/","url":"https:\/\/evertonfc.cz\/wp-content\/uploads\/2019\/05\/logo.png","contentUrl":"https:\/\/evertonfc.cz\/wp-content\/uploads\/2019\/05\/logo.png","width":112,"height":112,"caption":"Official Czech & Slovak Everton Supporters' Club"},"image":{"@id":"https:\/\/evertonfc.cz\/#\/schema\/logo\/image\/"},"sameAs":["https:\/\/www.facebook.com\/everton.fans.cz.sk"]},{"@type":"Person","@id":"https:\/\/evertonfc.cz\/#\/schema\/person\/d4493b8cbea51532597fbc4685698916","name":"BlueBlooded","url":"https:\/\/evertonfc.cz\/index.php\/author\/admin\/"}]}},"_links":{"self":[{"href":"https:\/\/evertonfc.cz\/index.php\/wp-json\/wp\/v2\/posts\/7014"}],"collection":[{"href":"https:\/\/evertonfc.cz\/index.php\/wp-json\/wp\/v2\/posts"}],"about":[{"href":"https:\/\/evertonfc.cz\/index.php\/wp-json\/wp\/v2\/types\/post"}],"author":[{"embeddable":true,"href":"https:\/\/evertonfc.cz\/index.php\/wp-json\/wp\/v2\/users\/1"}],"replies":[{"embeddable":true,"href":"https:\/\/evertonfc.cz\/index.php\/wp-json\/wp\/v2\/comments?post=7014"}],"version-history":[{"count":9,"href":"https:\/\/evertonfc.cz\/index.php\/wp-json\/wp\/v2\/posts\/7014\/revisions"}],"predecessor-version":[{"id":10940,"href":"https:\/\/evertonfc.cz\/index.php\/wp-json\/wp\/v2\/posts\/7014\/revisions\/10940"}],"wp:featuredmedia":[{"embeddable":true,"href":"https:\/\/evertonfc.cz\/index.php\/wp-json\/wp\/v2\/media\/6892"}],"wp:attachment":[{"href":"https:\/\/evertonfc.cz\/index.php\/wp-json\/wp\/v2\/media?parent=7014"}],"wp:term":[{"taxonomy":"category","embeddable":true,"href":"https:\/\/evertonfc.cz\/index.php\/wp-json\/wp\/v2\/categories?post=7014"},{"taxonomy":"post_tag","embeddable":true,"href":"https:\/\/evertonfc.cz\/index.php\/wp-json\/wp\/v2\/tags?post=7014"}],"curies":[{"name":"wp","href":"https:\/\/api.w.org\/{rel}","templated":true}]}}