{"id":706,"date":"2010-12-17T17:18:06","date_gmt":"2010-12-17T16:18:06","guid":{"rendered":"http:\/\/evertonfc.cz\/?p=706"},"modified":"2019-02-09T22:21:00","modified_gmt":"2019-02-09T21:21:00","slug":"zapas-stoleti","status":"publish","type":"post","link":"https:\/\/evertonfc.cz\/index.php\/2010\/12\/17\/zapas-stoleti\/","title":{"rendered":"Z\u00e1pas stolet\u00ed"},"content":{"rendered":"<h4><strong>Ob\u010das se st\u00e1v\u00e1, \u017ee a\u0165 se sna\u017e\u00edte sebev\u00edc, g\u00f3l v\u00e1m tam prost\u011b nespadne. V\u011b\u0159te, \u017ee s neduhem sou\u010dasn\u00e9ho t\u00fdmu, se Everton pot\u00fdkal i v minulosti, a je\u0161t\u011b v rozs\u00e1hlej\u0161\u00edm m\u011b\u0159\u00edtku.<\/strong><\/h4>\n<p>Fulham &#8211; Everton 1-0<br \/>\nOdveta 3. kola FA Cupu, 14. ledna 1926<\/p>\n<p>Dvac\u00e1t\u00e1 l\u00e9ta Evertonu nep\u0159inesla v r\u00e1mci Anglick\u00e9ho poh\u00e1ru zrovna opojn\u00e1 l\u00e9ta, tedy v celkov\u00e9m srovn\u00e1n\u00ed, nebo\u0165 Toffees a FA Cup historicky tvo\u0159\u00ed \u00fasp\u011b\u0161nou dvojici. Krom \u010dtvrtfin\u00e1le v roce 1921, Everton ve t\u0159et\u00ed dek\u00e1d\u011b dvac\u00e1t\u00e9ho stolet\u00ed d\u00e1le nedo\u0161el, a to si je\u0161t\u011b musel vytrp\u011bt t\u0159eba dom\u00e1c\u00ed por\u00e1\u017eku 0-6 od Crystal Palace (dodnes nejhor\u0161\u00ed klubov\u00e1 prohra v FA Cupu), nebo zostuzen\u00ed na h\u0159i\u0161ti Brightonu (5-2).<\/p>\n<p>Por\u00e1\u017eka na Craven Cottage, o kter\u00e9 bude \u0159e\u010d, tak do vzoru ne\u00fasp\u011b\u0161nosti dokonale zapad\u00e1. Nenechte se ov\u0161em zm\u00e1st v\u00fdsledkem. V z\u00e1padn\u00edm Lond\u00fdn\u011b se tehdy odehr\u00e1l jeden z nejjednostrann\u011bj\u0161\u00edch z\u00e1pas\u016f v historii Evertonu. Klidn\u011b bychom jej mohli za\u0159adit k absolutn\u00edmu hern\u00edmu p\u0159ejet\u00ed Grimsby Town na Goodisonu v roce 1984 (prohra 0-1), \u010di rem\u00edze 1-1 s Panathanaikosem v tehdej\u0161\u00edm European Cupu, t\u0159in\u00e1ct let p\u0159ed zm\u00edn\u011bnou \u0161\u00edlenou prohrou.<\/p>\n<p>Prvn\u00ed z\u00e1pas hran\u00fd na Goodison Parku byl historicky v\u016fbec prvn\u00edm st\u0159etnut\u00edm proti Cottagers. V z\u00e1pase, na kter\u00fd si na\u0161lo cestu 46000 div\u00e1k\u016f, se bl\u00fdskl zejm\u00e9na mlad\u00fd brank\u00e1\u0159 Fulhamu Ernie Beecham a tak\u00e9 budouc\u00ed legenda Dixie Dean, kter\u00fd tehdy vst\u0159elil prvn\u00ed ze sv\u00fdch celkov\u00fdch 28 g\u00f3l\u016f v FA Cupu. Odveta se po v\u00fdsledku 1-1 tedy p\u0159esunula na Craven Cottage. Utk\u00e1n\u00ed od za\u010d\u00e1tku doprov\u00e1zelo hust\u00e9 sn\u011b\u017een\u00ed, a tak se muselo p\u0159ej\u00edt na svoji dobu k unik\u00e1tn\u00edmu opat\u0159en\u00ed &#8211; po cel\u00fdch devades\u00e1t minut musel person\u00e1l stadionu ne\u00fanavn\u011b odkl\u00edzet sn\u00edh z postrann\u00edch \u010dar. V\u00edt\u011bz utk\u00e1n\u00ed pak m\u011bl b\u00fdt v dal\u0161\u00edm kole odm\u011bn\u011bn dom\u00e1c\u00edm kl\u00e1n\u00edm proti Liverpoolu, a tak nen\u00ed divu, \u017ee motivace byla p\u0159edev\u0161\u00edm na stran\u011b Blues.<\/p>\n<p>A projevila se prakticky okam\u017eit\u011b. V\u016fbec nic nenapov\u00eddalo tomu, \u017ee v lize Everton doprov\u00e1z\u00ed \u0161patn\u00e1 forma. Druholigov\u00fd Fulham jen bezmocn\u011b p\u0159ihl\u00ed\u017eel rychlosti, s jakou se host\u00e9 tla\u010dili k br\u00e1n\u011b. Tlak Evertonu byl drtiv\u00fd, obrann\u00e1 trojice ve slo\u017een\u00ed Bain, Virr a Peacock byla tak vysunut\u00e1, \u017ee k pokutov\u00e9mu \u00fazem\u00ed Cottagers, to m\u011bla doslova jen p\u00e1r krok\u016f. Po dvaceti minut\u00e1ch Beechama p\u0159ekonal Sam Chedgzoy, jen\u017ee jeho siln\u00e1 st\u0159ela zazvonila o ty\u010d. Po odkopnut\u00ed Deanovy st\u0159ely z brankov\u00e9 \u010d\u00e1ry se Dixie zjevil v dal\u0161\u00ed g\u00f3lovce, kdy\u017e jeho st\u0159\u00edlen\u00fd centr mladi\u010dk\u00fd g\u00f3lman vyrazil kone\u010dky prst\u016f na roh. Je\u0161t\u011b p\u0159ed p\u0159est\u00e1vkou se pak m\u00ed\u010di brankov\u00e1 konstrukce p\u0159ipletla do cesty podruh\u00e9 &#8211; ne\u0161\u0165astn\u00edkem byl znovu Dixie.<\/p>\n<p>Ne\u017e se ov\u0161em ode\u0161lo do \u0161aten, nastal \u0161ok. Everton si s\u00e1m pod sebou pod\u0159ezal v\u011btev &#8211; David Bain ve v\u00e1pn\u011b prom\u00e1chnul m\u00ed\u010d, a kdy\u017e u\u017e na balon nesta\u010dil dos\u00e1hnout ani brank\u00e1\u0159 Harry Hardy, \u00fato\u010dn\u00edk Fulhamu Bert White jej dopravil do pr\u00e1zdn\u00e9 s\u00edt\u011b. \u0160lo o jedinou \u00fato\u010dnou akci Fulhamu, kter\u00e1 b\u011bhem 180 minut skute\u010dn\u011b st\u00e1la za zm\u00ednku.<\/p>\n<p>Stejn\u00e1 p\u00edsni\u010dka hr\u00e1la i ve druh\u00e9m polo\u010dase. Everton\u0161t\u00ed obl\u00e9hali defenzivu Cottagers, ale \u010d\u00edm v\u00edce se sna\u017eil, t\u00edm v\u011bt\u0161\u00ed pech se lepil na jejich kopa\u010dky. \u0160tastn\u00e9 rukavice si o p\u0159est\u00e1vce ale nevym\u011bnil Beecham. Jak napsal ve sv\u00e9 report\u00e1\u017ei Daily Mail, brank\u00e1\u0159 Fulhamu &#8222;byl zde, tam a v\u0161ude.&#8220; Fotbalov\u00fd p\u00e1nb\u00ed\u010dek nav\u00edc jeho t\u00fdmu pomohl i dal\u0161\u00edmi dv\u011bma momenty, kdy Toffees od g\u00f3lu odd\u011blila ty\u010d &#8211; za hlavu se chytal John O\u00b4Donnell i smola\u0159 z\u00e1pasu Dixie Dean, kter\u00e9mu nav\u00edc bek Cottagers Dyer o chv\u00edli pozd\u011bji vykopl g\u00f3l z brankov\u00e9 \u010d\u00e1ry.<\/p>\n<p>Posledn\u00ed p\u0159\u00edle\u017eitost Blues p\u0159i\u0161la v z\u00e1v\u011bre\u010dn\u00fdch minut\u00e1ch, kdy ze st\u0159edn\u00ed vzd\u00e1lenosti vyp\u00e1lil Troup, kter\u00fd ov\u0161em jen bezmocn\u011b sledoval, jak Beecham neuv\u011b\u0159iteln\u00fdm skokem vyr\u00e1\u017e\u00ed dob\u0159e um\u00edst\u011bnou st\u0159elu k ty\u010di. Zanedlouho se ozval z\u00e1v\u011bre\u010dn\u00fd hvizd. Blues ud\u011blali v\u0161echno, ale jejich ranec sm\u016fly byl vrchovat\u00fd a\u017e po okraj. Beechama na druh\u00e9 stran\u011b fanou\u0161ci Fulhamu po skon\u010den\u00ed z\u00e1pasu nosili na ramenou. Ernest Edwards, pis\u00e1lek o n\u011bm\u017e byla \u0159e\u010d v minul\u00e9 kapitole, ne\u0161et\u0159il superlativy: <em>\u201eTohle byl z\u00e1pas stolet\u00ed a \u017e\u00e1dn\u00fd takov\u00fd se neobjev\u00ed minim\u00e1ln\u011b po dal\u0161\u00edch sto let.&#8220;<\/em><\/p>\n<h4><strong>Dodatek<\/strong><\/h4>\n<p>Pokud to m\u016f\u017ee b\u00fdt pro p\u0159\u00edznivce Evertonu \u00fat\u011bchou, v dal\u0161\u00edm kole Fulham porazil Liverpool 3-1. Na\u0161e utk\u00e1n\u00ed nicm\u00e9n\u011b pevn\u011b etablovalo Fulham jako osudov\u00e9ho soupe\u0159e Evertonu, tedy v r\u00e1mci FA Cupu. O 22 let pozd\u011bji se oba t\u00fdmy potkaly v p\u00e1t\u00e9m kole na Craven Cottage, p\u0159i\u010dem\u017e Fulham st\u00e1le hr\u00e1val v Division Two. Zrodila se rem\u00edza 1-1 a na Goodison Parku v odvet\u011b Cottagers \u0161okovali, kdy\u017e odj\u00ed\u017ed\u011bli s v\u00fdhrou 1-0, a to je\u0161t\u011b neprom\u011bnili penaltu. P\u00e1t\u00e9 kolo roku 1975 nebylo jin\u00e9, p\u0159itom prohra 1-2 nemusela b\u00fdt kone\u010dn\u00fdm v\u00fdsledkem, pokud by sud\u00ed Clive Thomas uznal Micku Lyonsovi regul\u00e9rn\u00ed trefu. Odveta \u010dtvrt\u00e9ho kola v roce 2004 pak p\u0159edv\u00eddateln\u011b t\u00e9\u017e skon\u010dila ve prosp\u011bch lond\u00fdnsk\u00fdch.<\/p>\n<h4><strong>Dal\u0161\u00ed konec poh\u00e1rov\u00fdch nad\u011bj\u00ed<\/strong><\/h4>\n<p>O dvan\u00e1ct m\u011bs\u00edc\u016f pozd\u011bji p\u0159i\u0161lo dal\u0161\u00ed zdrcen\u00ed, tentokr\u00e1t byl ale jeho p\u016fvodce nav\u00fdsost ne\u010dekan\u00fd &#8211; hrac\u00ed m\u00ed\u010d. \u010ctvrt\u00e9 kolo FA Cupu proti Hullu do\u0161lo a\u017e do t\u0159et\u00ed odvety hran\u00e9 na Villa Paku. Koncem z\u00e1pasu byl stavu 2-2, ov\u0161em je\u0161t\u011b sta\u010dil padnout kuri\u00f3zn\u00ed g\u00f3l. Roh Hullu byl odehr\u00e1n k Georgi Martinovi (jeho\u017e p\u016fsobiv\u00e9 v\u00fdkony mu zanedlouho vyslou\u017eily transfer na Goodison Park), a ten z voleje nap\u00e1lil balon. Po nabr\u00e1n\u00ed sm\u011bru k brance v\u0161ak m\u00ed\u010d prasknul a doplachtil do s\u00edt\u011b. Rozhod\u010d\u00ed kontroverzn\u011b g\u00f3l uznal, a\u010dkoliv v pravidlech st\u00e1lo, \u017ee pokud m\u00ed\u010d praskne, tak nen\u00ed ve h\u0159e a hra mus\u00ed b\u00fdt p\u0159eru\u0161ena. I p\u0159es protesty ale g\u00f3l platil a Toffees z poh\u00e1ru vypadli za neb\u00fdval\u00fdch okolnost\u00ed.<\/p>\n<h4><strong>24 roh\u016f a p\u0159ece prohra<\/strong><\/h4>\n<p>Rekorn\u00ed po\u010det rohov\u00fdch kop\u016f v z\u00e1pase Evertonu je 27. Tolik jich Blues nashrom\u00e1\u017edil p\u0159i v\u00fdh\u0159e 6-2 nad islandsk\u00fdm Keflav\u00edkem v Evropsk\u00e9m poh\u00e1ru roku 1970. V \u00fanoru 1954 se Toffees, tehdy hraj\u00edc\u00ed Division Two, s FA Cupem rozlou\u010dili na Hillsborough. Everton Wednesday jednozna\u010dn\u011b p\u0159ehr\u00e1l, jen\u017ee za stavu 1-1 si nechal v posledn\u00edch deseti minut\u00e1ch vst\u0159elit dva g\u00f3ly. List The Evening Express tehdy nov\u011b publikoval tzv. &#8222;Football Accountant&#8220; &#8211; statistickou anal\u00fdzu dan\u00e9ho utk\u00e1n\u00ed. Data z\u00e1pasu proti Owls mluv\u00ed n\u00e1sledovn\u011b:<\/p>\n<p>Everton &#8211; Sheffield Wednesday<\/p>\n<table border=\"1\">\n<tbody>\n<tr style=\"height: 17px;\">\n<td style=\"height: 17px;\">G\u00f3ly<\/td>\n<td style=\"text-align: center; height: 17px;\">1<\/td>\n<td style=\"text-align: center; height: 17px;\">3<\/td>\n<\/tr>\n<tr style=\"height: 13.4792px;\">\n<td style=\"height: 13.4792px;\">Minuty na soupe\u0159ov\u011b p\u016fli<\/td>\n<td style=\"text-align: center; height: 13.4792px;\">32<\/td>\n<td style=\"text-align: center; height: 13.4792px;\">24<\/td>\n<\/tr>\n<tr style=\"height: 17px;\">\n<td style=\"height: 17px;\">Rohov\u00e9 kopy<\/td>\n<td style=\"text-align: center; height: 17px;\">24<\/td>\n<td style=\"text-align: center; height: 17px;\">7<\/td>\n<\/tr>\n<tr style=\"height: 17px;\">\n<td style=\"height: 17px;\">Odkopy od br\u00e1ny<\/td>\n<td style=\"text-align: center; height: 17px;\">10<\/td>\n<td style=\"text-align: center; height: 17px;\">23<\/td>\n<\/tr>\n<tr style=\"height: 17px;\">\n<td style=\"height: 17px;\">Voln\u00e9 kopy<\/td>\n<td style=\"text-align: center; height: 17px;\">15<\/td>\n<td style=\"text-align: center; height: 17px;\">8<\/td>\n<\/tr>\n<tr style=\"height: 17px;\">\n<td style=\"height: 17px;\">Ofsajdy<\/td>\n<td style=\"text-align: center; height: 17px;\">2<\/td>\n<td style=\"text-align: center; height: 17px;\">5<\/td>\n<\/tr>\n<tr style=\"height: 17px;\">\n<td style=\"height: 17px;\">St\u0159ely na br\u00e1nu<\/td>\n<td style=\"text-align: center; height: 17px;\">8<\/td>\n<td style=\"text-align: center; height: 17px;\">9<\/td>\n<\/tr>\n<\/tbody>\n<\/table>\n<p>Blues m\u011bli v\u011bt\u0161inu \u00fazemn\u00ed p\u0159evahy a kopali 24 roh\u016f. I po\u010det kop\u016f od br\u00e1ny napov\u00edd\u00e1, kolik procent hry se odehr\u00e1lo v soupe\u0159ov\u011b v\u00e1pn\u011b &#8211; a stejn\u011b Everton prohr\u00e1l. Deja-vu pak Toffees za\u017eili v listopadu 1995 b\u011bhem ligov\u00e9ho z\u00e1pasu proti Wednesday. Mod\u0159\u00ed kopali 25 roh\u016f, ale duel skon\u010dil za stavu 2-2.<\/p>\n","protected":false},"excerpt":{"rendered":"<p>Ob\u010das se st\u00e1v\u00e1, \u017ee a\u0165 se sna\u017e\u00edte sebev\u00edc, g\u00f3l v\u00e1m tam prost\u011b nespadne. V\u011b\u0159te, \u017ee s neduhem sou\u010dasn\u00e9ho t\u00fdmu, se&hellip;<\/p>\n","protected":false},"author":7,"featured_media":631,"comment_status":"open","ping_status":"closed","sticky":false,"template":"","format":"standard","meta":{"_eb_attr":"","_monsterinsights_skip_tracking":false,"_monsterinsights_sitenote_active":false,"_monsterinsights_sitenote_note":"","_monsterinsights_sitenote_category":0,"footnotes":""},"categories":[10],"tags":[],"yoast_head":"<!-- This site is optimized with the Yoast SEO plugin v23.4 - https:\/\/yoast.com\/wordpress\/plugins\/seo\/ -->\n<title>Z\u00e1pas stolet\u00ed - Official Czech &amp; Slovak Everton Supporters&#039; Club<\/title>\n<meta name=\"robots\" content=\"index, follow, max-snippet:-1, max-image-preview:large, max-video-preview:-1\" \/>\n<link rel=\"canonical\" href=\"https:\/\/evertonfc.cz\/index.php\/2010\/12\/17\/zapas-stoleti\/\" \/>\n<meta property=\"og:locale\" content=\"cs_CZ\" \/>\n<meta property=\"og:type\" content=\"article\" \/>\n<meta property=\"og:title\" content=\"Z\u00e1pas stolet\u00ed - Official Czech &amp; Slovak Everton Supporters&#039; Club\" \/>\n<meta property=\"og:description\" content=\"Ob\u010das se st\u00e1v\u00e1, \u017ee a\u0165 se sna\u017e\u00edte sebev\u00edc, g\u00f3l v\u00e1m tam prost\u011b nespadne. V\u011b\u0159te, \u017ee s neduhem sou\u010dasn\u00e9ho t\u00fdmu, se&hellip;\" \/>\n<meta property=\"og:url\" content=\"https:\/\/evertonfc.cz\/index.php\/2010\/12\/17\/zapas-stoleti\/\" \/>\n<meta property=\"og:site_name\" content=\"Official Czech &amp; Slovak Everton Supporters&#039; Club\" \/>\n<meta property=\"article:publisher\" content=\"https:\/\/www.facebook.com\/everton.fans.cz.sk\" \/>\n<meta property=\"article:published_time\" content=\"2010-12-17T16:18:06+00:00\" \/>\n<meta property=\"article:modified_time\" content=\"2019-02-09T21:21:00+00:00\" \/>\n<meta property=\"og:image\" content=\"https:\/\/evertonfc.cz\/wp-content\/uploads\/2019\/01\/strange_but_blue.jpg\" \/>\n\t<meta property=\"og:image:width\" content=\"720\" \/>\n\t<meta property=\"og:image:height\" content=\"405\" \/>\n\t<meta property=\"og:image:type\" content=\"image\/jpeg\" \/>\n<meta name=\"author\" content=\"Me\u0148a\" \/>\n<meta name=\"twitter:card\" content=\"summary_large_image\" \/>\n<meta name=\"twitter:label1\" content=\"Napsal(a)\" \/>\n\t<meta name=\"twitter:data1\" content=\"Me\u0148a\" \/>\n\t<meta name=\"twitter:label2\" content=\"Odhadovan\u00e1 doba \u010dten\u00ed\" \/>\n\t<meta name=\"twitter:data2\" content=\"7 minut\" \/>\n<script type=\"application\/ld+json\" class=\"yoast-schema-graph\">{\"@context\":\"https:\/\/schema.org\",\"@graph\":[{\"@type\":\"Article\",\"@id\":\"https:\/\/evertonfc.cz\/index.php\/2010\/12\/17\/zapas-stoleti\/#article\",\"isPartOf\":{\"@id\":\"https:\/\/evertonfc.cz\/index.php\/2010\/12\/17\/zapas-stoleti\/\"},\"author\":{\"name\":\"Me\u0148a\",\"@id\":\"https:\/\/evertonfc.cz\/#\/schema\/person\/cd6328a75577de2add7793fd4b0930c3\"},\"headline\":\"Z\u00e1pas stolet\u00ed\",\"datePublished\":\"2010-12-17T16:18:06+00:00\",\"dateModified\":\"2019-02-09T21:21:00+00:00\",\"mainEntityOfPage\":{\"@id\":\"https:\/\/evertonfc.cz\/index.php\/2010\/12\/17\/zapas-stoleti\/\"},\"wordCount\":1338,\"commentCount\":0,\"publisher\":{\"@id\":\"https:\/\/evertonfc.cz\/#organization\"},\"image\":{\"@id\":\"https:\/\/evertonfc.cz\/index.php\/2010\/12\/17\/zapas-stoleti\/#primaryimage\"},\"thumbnailUrl\":\"https:\/\/evertonfc.cz\/wp-content\/uploads\/2019\/01\/strange_but_blue.jpg\",\"articleSection\":[\"Strange but Blue\"],\"inLanguage\":\"cs\",\"potentialAction\":[{\"@type\":\"CommentAction\",\"name\":\"Comment\",\"target\":[\"https:\/\/evertonfc.cz\/index.php\/2010\/12\/17\/zapas-stoleti\/#respond\"]}]},{\"@type\":\"WebPage\",\"@id\":\"https:\/\/evertonfc.cz\/index.php\/2010\/12\/17\/zapas-stoleti\/\",\"url\":\"https:\/\/evertonfc.cz\/index.php\/2010\/12\/17\/zapas-stoleti\/\",\"name\":\"Z\u00e1pas stolet\u00ed - Official Czech &amp; Slovak Everton Supporters&#039; Club\",\"isPartOf\":{\"@id\":\"https:\/\/evertonfc.cz\/#website\"},\"primaryImageOfPage\":{\"@id\":\"https:\/\/evertonfc.cz\/index.php\/2010\/12\/17\/zapas-stoleti\/#primaryimage\"},\"image\":{\"@id\":\"https:\/\/evertonfc.cz\/index.php\/2010\/12\/17\/zapas-stoleti\/#primaryimage\"},\"thumbnailUrl\":\"https:\/\/evertonfc.cz\/wp-content\/uploads\/2019\/01\/strange_but_blue.jpg\",\"datePublished\":\"2010-12-17T16:18:06+00:00\",\"dateModified\":\"2019-02-09T21:21:00+00:00\",\"breadcrumb\":{\"@id\":\"https:\/\/evertonfc.cz\/index.php\/2010\/12\/17\/zapas-stoleti\/#breadcrumb\"},\"inLanguage\":\"cs\",\"potentialAction\":[{\"@type\":\"ReadAction\",\"target\":[\"https:\/\/evertonfc.cz\/index.php\/2010\/12\/17\/zapas-stoleti\/\"]}]},{\"@type\":\"ImageObject\",\"inLanguage\":\"cs\",\"@id\":\"https:\/\/evertonfc.cz\/index.php\/2010\/12\/17\/zapas-stoleti\/#primaryimage\",\"url\":\"https:\/\/evertonfc.cz\/wp-content\/uploads\/2019\/01\/strange_but_blue.jpg\",\"contentUrl\":\"https:\/\/evertonfc.cz\/wp-content\/uploads\/2019\/01\/strange_but_blue.jpg\",\"width\":720,\"height\":405},{\"@type\":\"BreadcrumbList\",\"@id\":\"https:\/\/evertonfc.cz\/index.php\/2010\/12\/17\/zapas-stoleti\/#breadcrumb\",\"itemListElement\":[{\"@type\":\"ListItem\",\"position\":1,\"name\":\"Home\",\"item\":\"https:\/\/evertonfc.cz\/\"},{\"@type\":\"ListItem\",\"position\":2,\"name\":\"Z\u00e1pas stolet\u00ed\"}]},{\"@type\":\"WebSite\",\"@id\":\"https:\/\/evertonfc.cz\/#website\",\"url\":\"https:\/\/evertonfc.cz\/\",\"name\":\"Official Czech &amp; Slovak Everton Supporters&#039; Club\",\"description\":\"\",\"publisher\":{\"@id\":\"https:\/\/evertonfc.cz\/#organization\"},\"potentialAction\":[{\"@type\":\"SearchAction\",\"target\":{\"@type\":\"EntryPoint\",\"urlTemplate\":\"https:\/\/evertonfc.cz\/?s={search_term_string}\"},\"query-input\":{\"@type\":\"PropertyValueSpecification\",\"valueRequired\":true,\"valueName\":\"search_term_string\"}}],\"inLanguage\":\"cs\"},{\"@type\":\"Organization\",\"@id\":\"https:\/\/evertonfc.cz\/#organization\",\"name\":\"Official Czech & Slovak Everton Supporters' Club\",\"url\":\"https:\/\/evertonfc.cz\/\",\"logo\":{\"@type\":\"ImageObject\",\"inLanguage\":\"cs\",\"@id\":\"https:\/\/evertonfc.cz\/#\/schema\/logo\/image\/\",\"url\":\"https:\/\/evertonfc.cz\/wp-content\/uploads\/2019\/05\/logo.png\",\"contentUrl\":\"https:\/\/evertonfc.cz\/wp-content\/uploads\/2019\/05\/logo.png\",\"width\":112,\"height\":112,\"caption\":\"Official Czech & Slovak Everton Supporters' Club\"},\"image\":{\"@id\":\"https:\/\/evertonfc.cz\/#\/schema\/logo\/image\/\"},\"sameAs\":[\"https:\/\/www.facebook.com\/everton.fans.cz.sk\"]},{\"@type\":\"Person\",\"@id\":\"https:\/\/evertonfc.cz\/#\/schema\/person\/cd6328a75577de2add7793fd4b0930c3\",\"name\":\"Me\u0148a\",\"url\":\"https:\/\/evertonfc.cz\/index.php\/author\/mena\/\"}]}<\/script>\n<!-- \/ Yoast SEO plugin. -->","yoast_head_json":{"title":"Z\u00e1pas stolet\u00ed - Official Czech &amp; Slovak Everton Supporters&#039; Club","robots":{"index":"index","follow":"follow","max-snippet":"max-snippet:-1","max-image-preview":"max-image-preview:large","max-video-preview":"max-video-preview:-1"},"canonical":"https:\/\/evertonfc.cz\/index.php\/2010\/12\/17\/zapas-stoleti\/","og_locale":"cs_CZ","og_type":"article","og_title":"Z\u00e1pas stolet\u00ed - Official Czech &amp; Slovak Everton Supporters&#039; Club","og_description":"Ob\u010das se st\u00e1v\u00e1, \u017ee a\u0165 se sna\u017e\u00edte sebev\u00edc, g\u00f3l v\u00e1m tam prost\u011b nespadne. V\u011b\u0159te, \u017ee s neduhem sou\u010dasn\u00e9ho t\u00fdmu, se&hellip;","og_url":"https:\/\/evertonfc.cz\/index.php\/2010\/12\/17\/zapas-stoleti\/","og_site_name":"Official Czech &amp; Slovak Everton Supporters&#039; Club","article_publisher":"https:\/\/www.facebook.com\/everton.fans.cz.sk","article_published_time":"2010-12-17T16:18:06+00:00","article_modified_time":"2019-02-09T21:21:00+00:00","og_image":[{"width":720,"height":405,"url":"https:\/\/evertonfc.cz\/wp-content\/uploads\/2019\/01\/strange_but_blue.jpg","type":"image\/jpeg"}],"author":"Me\u0148a","twitter_card":"summary_large_image","twitter_misc":{"Napsal(a)":"Me\u0148a","Odhadovan\u00e1 doba \u010dten\u00ed":"7 minut"},"schema":{"@context":"https:\/\/schema.org","@graph":[{"@type":"Article","@id":"https:\/\/evertonfc.cz\/index.php\/2010\/12\/17\/zapas-stoleti\/#article","isPartOf":{"@id":"https:\/\/evertonfc.cz\/index.php\/2010\/12\/17\/zapas-stoleti\/"},"author":{"name":"Me\u0148a","@id":"https:\/\/evertonfc.cz\/#\/schema\/person\/cd6328a75577de2add7793fd4b0930c3"},"headline":"Z\u00e1pas stolet\u00ed","datePublished":"2010-12-17T16:18:06+00:00","dateModified":"2019-02-09T21:21:00+00:00","mainEntityOfPage":{"@id":"https:\/\/evertonfc.cz\/index.php\/2010\/12\/17\/zapas-stoleti\/"},"wordCount":1338,"commentCount":0,"publisher":{"@id":"https:\/\/evertonfc.cz\/#organization"},"image":{"@id":"https:\/\/evertonfc.cz\/index.php\/2010\/12\/17\/zapas-stoleti\/#primaryimage"},"thumbnailUrl":"https:\/\/evertonfc.cz\/wp-content\/uploads\/2019\/01\/strange_but_blue.jpg","articleSection":["Strange but Blue"],"inLanguage":"cs","potentialAction":[{"@type":"CommentAction","name":"Comment","target":["https:\/\/evertonfc.cz\/index.php\/2010\/12\/17\/zapas-stoleti\/#respond"]}]},{"@type":"WebPage","@id":"https:\/\/evertonfc.cz\/index.php\/2010\/12\/17\/zapas-stoleti\/","url":"https:\/\/evertonfc.cz\/index.php\/2010\/12\/17\/zapas-stoleti\/","name":"Z\u00e1pas stolet\u00ed - Official Czech &amp; Slovak Everton Supporters&#039; Club","isPartOf":{"@id":"https:\/\/evertonfc.cz\/#website"},"primaryImageOfPage":{"@id":"https:\/\/evertonfc.cz\/index.php\/2010\/12\/17\/zapas-stoleti\/#primaryimage"},"image":{"@id":"https:\/\/evertonfc.cz\/index.php\/2010\/12\/17\/zapas-stoleti\/#primaryimage"},"thumbnailUrl":"https:\/\/evertonfc.cz\/wp-content\/uploads\/2019\/01\/strange_but_blue.jpg","datePublished":"2010-12-17T16:18:06+00:00","dateModified":"2019-02-09T21:21:00+00:00","breadcrumb":{"@id":"https:\/\/evertonfc.cz\/index.php\/2010\/12\/17\/zapas-stoleti\/#breadcrumb"},"inLanguage":"cs","potentialAction":[{"@type":"ReadAction","target":["https:\/\/evertonfc.cz\/index.php\/2010\/12\/17\/zapas-stoleti\/"]}]},{"@type":"ImageObject","inLanguage":"cs","@id":"https:\/\/evertonfc.cz\/index.php\/2010\/12\/17\/zapas-stoleti\/#primaryimage","url":"https:\/\/evertonfc.cz\/wp-content\/uploads\/2019\/01\/strange_but_blue.jpg","contentUrl":"https:\/\/evertonfc.cz\/wp-content\/uploads\/2019\/01\/strange_but_blue.jpg","width":720,"height":405},{"@type":"BreadcrumbList","@id":"https:\/\/evertonfc.cz\/index.php\/2010\/12\/17\/zapas-stoleti\/#breadcrumb","itemListElement":[{"@type":"ListItem","position":1,"name":"Home","item":"https:\/\/evertonfc.cz\/"},{"@type":"ListItem","position":2,"name":"Z\u00e1pas stolet\u00ed"}]},{"@type":"WebSite","@id":"https:\/\/evertonfc.cz\/#website","url":"https:\/\/evertonfc.cz\/","name":"Official Czech &amp; Slovak Everton Supporters&#039; Club","description":"","publisher":{"@id":"https:\/\/evertonfc.cz\/#organization"},"potentialAction":[{"@type":"SearchAction","target":{"@type":"EntryPoint","urlTemplate":"https:\/\/evertonfc.cz\/?s={search_term_string}"},"query-input":{"@type":"PropertyValueSpecification","valueRequired":true,"valueName":"search_term_string"}}],"inLanguage":"cs"},{"@type":"Organization","@id":"https:\/\/evertonfc.cz\/#organization","name":"Official Czech & Slovak Everton Supporters' Club","url":"https:\/\/evertonfc.cz\/","logo":{"@type":"ImageObject","inLanguage":"cs","@id":"https:\/\/evertonfc.cz\/#\/schema\/logo\/image\/","url":"https:\/\/evertonfc.cz\/wp-content\/uploads\/2019\/05\/logo.png","contentUrl":"https:\/\/evertonfc.cz\/wp-content\/uploads\/2019\/05\/logo.png","width":112,"height":112,"caption":"Official Czech & Slovak Everton Supporters' Club"},"image":{"@id":"https:\/\/evertonfc.cz\/#\/schema\/logo\/image\/"},"sameAs":["https:\/\/www.facebook.com\/everton.fans.cz.sk"]},{"@type":"Person","@id":"https:\/\/evertonfc.cz\/#\/schema\/person\/cd6328a75577de2add7793fd4b0930c3","name":"Me\u0148a","url":"https:\/\/evertonfc.cz\/index.php\/author\/mena\/"}]}},"_links":{"self":[{"href":"https:\/\/evertonfc.cz\/index.php\/wp-json\/wp\/v2\/posts\/706"}],"collection":[{"href":"https:\/\/evertonfc.cz\/index.php\/wp-json\/wp\/v2\/posts"}],"about":[{"href":"https:\/\/evertonfc.cz\/index.php\/wp-json\/wp\/v2\/types\/post"}],"author":[{"embeddable":true,"href":"https:\/\/evertonfc.cz\/index.php\/wp-json\/wp\/v2\/users\/7"}],"replies":[{"embeddable":true,"href":"https:\/\/evertonfc.cz\/index.php\/wp-json\/wp\/v2\/comments?post=706"}],"version-history":[{"count":3,"href":"https:\/\/evertonfc.cz\/index.php\/wp-json\/wp\/v2\/posts\/706\/revisions"}],"predecessor-version":[{"id":2745,"href":"https:\/\/evertonfc.cz\/index.php\/wp-json\/wp\/v2\/posts\/706\/revisions\/2745"}],"wp:featuredmedia":[{"embeddable":true,"href":"https:\/\/evertonfc.cz\/index.php\/wp-json\/wp\/v2\/media\/631"}],"wp:attachment":[{"href":"https:\/\/evertonfc.cz\/index.php\/wp-json\/wp\/v2\/media?parent=706"}],"wp:term":[{"taxonomy":"category","embeddable":true,"href":"https:\/\/evertonfc.cz\/index.php\/wp-json\/wp\/v2\/categories?post=706"},{"taxonomy":"post_tag","embeddable":true,"href":"https:\/\/evertonfc.cz\/index.php\/wp-json\/wp\/v2\/tags?post=706"}],"curies":[{"name":"wp","href":"https:\/\/api.w.org\/{rel}","templated":true}]}}