{"id":7061,"date":"2019-03-17T10:45:36","date_gmt":"2019-03-17T09:45:36","guid":{"rendered":"https:\/\/evertonfc.cz\/?p=7061"},"modified":"2019-03-17T17:00:05","modified_gmt":"2019-03-17T16:00:05","slug":"preview-everton-chelsea-10","status":"publish","type":"post","link":"https:\/\/evertonfc.cz\/index.php\/2019\/03\/17\/preview-everton-chelsea-10\/","title":{"rendered":"Preview: Everton \u2013 Chelsea"},"content":{"rendered":"<h4>S\u00faboj rovnak\u00fdch mana\u017e\u00e9rskych inici\u00e1lou v\u00a0Goodison Parku ukon\u010d\u00ed nede\u013en\u00fd program 31. kola najvy\u0161\u0161ej anglickej futbalovej s\u00fa\u0165a\u017ee. Ktor\u00fd M.S. bude \u00faspe\u0161nej\u0161\u00ed?<\/h4>\n<p>Karamelky sa vr\u00e1tili domov a\u00a0n\u00e1lada op\u00e4\u0165 jazd\u00ed v star\u00fdch ko\u013eajach. Hrdzav\u00fdch a\u00a0p\u00edskaj\u00facich. Ak sa p\u00fdtate pre\u010do, je to ve\u013emi jednoduch\u00e9. Toti\u017eto, ak strat\u00edte dvojg\u00f3lov\u00e9 vedenie vlastnou pasivitou a\u00a0zlyh\u00e1vate na rovnak\u00fdch chyb\u00e1ch, ako po cel\u00fa sez\u00f3nu, rozhodne v\u00e1s to nepozdvihne. Hlavne ke\u010f ste kone\u010dne na takej \u201evlnke\u201c pozit\u00edvnych v\u00fdsledkov a ver\u00edte v\u00a0jej \u00faspe\u0161n\u00e9 pokra\u010dovanie. Nepredv\u00eddate\u013enos\u0165 v\u0161ak zdob\u00ed futbal zo v\u0161etk\u00fdch \u0161portov najviac.<\/p>\n<p>Prv\u00fd pol\u010das na St James\u00b4 Park musel fanatick\u00fdch masochistov v sektore host\u00ed tak navnadi\u0165, \u017ee si nechcem ani predstavi\u0165, ako ve\u013ek\u00e9 muselo by\u0165 sklamanie na konci toho druh\u00e9ho. Je \u0165a\u017ek\u00e9 vidie\u0165 funguj\u00faci celok, hraj\u00faci vzru\u0161uj\u00faci futbal, len dovtedy, k\u00fdm sa nerozpadne v pr\u00e1zdne instantn\u00e9ho zabudnutia n\u00e1chyln\u00e9ho psychologick\u00e9ho efektu. A to by \u010dlovek povedal, \u017ee blokom v hlave sa ned\u00e1 nakazi\u0165&#8230;<\/p>\n<p>Za posledn\u00fd t\u00fd\u017ede\u0148 je toho dos\u0165, o\u00a0\u010dom m\u00f4\u017eem referova\u0165. Marco Silva mal v\u00a0piatok neobvykle dlh\u00fa tla\u010dov\u00fa konferenciu a\u00a0veru nebol sk\u00fapy na slovo. V\u00a0prvom rade bol spovedan\u00fd oh\u013eadom mo\u017en\u00e9ho trestu, ktor\u00e9mu \u010del\u00ed za neprimeran\u00e9 spr\u00e1vanie sa k\u00a0rozhodcom po z\u00e1pase s\u00a0Magpies. Niet sa \u010do \u010dudova\u0165, p\u00e4\u0165 hr\u00e1\u010dov v\u00a0ofsajde vie spravi\u0165 nervy dozaista ka\u017ed\u00e9mu. N\u00e1\u0161 mana\u017e\u00e9r ale v\u0161etk\u00fdch uistil o\u00a0nepou\u017eit\u00ed \u017eiadnych vulgarizmov, \u010di in\u00fdch slovn\u00fdch prejavov, ktor\u00e9 by mohli dehonestova\u0165 postavenie dan\u00fdch p\u00e1nov.<\/p>\n<p>Novinky v\u00a0mu\u017estve predstavuj\u00fa n\u00e1vraty Colemana s\u00a0Bainesom, ktor\u00ed s\u00fa pripraven\u00ed hra\u0165. Jagielka m\u00e1 v\u0161ak st\u00e1le men\u0161\u00ed ne\u0161pecifikovan\u00fd probl\u00e9m, \u010do nie je dobr\u00e1 spr\u00e1va pre konkurencieschopnos\u0165 stop\u00e9rskych postov. Tie posledne takpovediac vybuchli a\u00a0o\u00a0miesto v\u00a0najp\u00e1l\u010divej\u0161ej oblasti n\u00e1\u0161ho k\u00e1dru by som sa mohol prihl\u00e1si\u0165 asi u\u017e aj ja. Pod pa\u013ebou ve\u013ekej kritiky sa ocitol aj Pickford. Portugalsk\u00fd lodivod s\u00edce odmietol zvali\u0165 zodpovednos\u0165 \u010disto na neho, ale nezabudol ani prejavi\u0165 d\u00f4veru menovite Stekelenburgovi aj Virginiovi. Od Jordana by v\u0161ak do bud\u00facna r\u00e1d o\u010dak\u00e1val zapracovanie na emo\u010dnej rovnov\u00e1he.<\/p>\n<p>Ke\u010f som spom\u00ednal t\u00fdch stredn\u00fdch obrancov, re\u010d bola aj Minovi. Multi-mili\u00f3nov\u00e1 akviz\u00edcia z\u00a0Barcelony sa v\u00f4bec nevie udom\u00e1cni\u0165 v\u00a0z\u00e1kladnej zostave a tomu absol\u00fatne nepom\u00e1haj\u00fa ani jeho drobn\u00e9 zranenia, ktor\u00e9 ho efekt\u00edvne dr\u017eia mimo doh\u013ead selekcie tr\u00e9nera v\u00a0jeho prvej sez\u00f3ne na ostrovoch. Len\u017ee nikto nie je \u00faplne bez viny. Pod\u00e1va\u0165 konzistentn\u00e9 v\u00fdkony v\u00a0tr\u00e9ningovom procese je z\u00e1klad \u00faspechu. To sa zatia\u013e vysok\u00e9mu Kolumbij\u010danovi nedar\u00ed.<\/p>\n<p><img loading=\"lazy\" decoding=\"async\" class=\"size-full wp-image-7063 aligncenter\" src=\"https:\/\/evertonfc.cz\/wp-content\/uploads\/2019\/03\/mina-training.jpg\" alt=\"\" width=\"640\" height=\"383\" srcset=\"https:\/\/evertonfc.cz\/wp-content\/uploads\/2019\/03\/mina-training.jpg 640w, https:\/\/evertonfc.cz\/wp-content\/uploads\/2019\/03\/mina-training-300x180.jpg 300w\" sizes=\"(max-width: 640px) 100vw, 640px\" \/><\/p>\n<p>E\u0161te jeden odstavec venujem to\u013eko diskutovanej atmosf\u00e9re Starej D\u00e1my. Pridan\u00fa sir\u00e9nu k\u00a0Z-Cars si, zd\u00e1 sa, v\u0161etci pochva\u013euj\u00fa. T\u00e1to verzia Tonyho Bellewa zna\u010dne prispela k\u00a0rozp\u00fataniu najv\u00e1\u0161nivej\u0161ieho prejavu n\u00e1\u0161ho \u0161tadi\u00f3na za posledn\u00e9 roky a\u00a0v\u0161etci, vr\u00e1tane hr\u00e1\u010dov a\u00a0person\u00e1lu, tomu prikladaj\u00fa ve\u013ek\u00fd v\u00fdznam. Moja ot\u00e1zka ale znie, m\u00f4\u017eu sa hr\u00e1\u010di a\u00a0mana\u017e\u00e9r t\u00edmu, predv\u00e1dzaj\u00faci podpriemern\u00e9 v\u00fdkony, do\u017eadova\u0165 opakovania tak\u00e9hoto skvostu, ak\u00fdm je bur\u00e1caj\u00faci \u0161tadi\u00f3n, na pravidelnej b\u00e1ze, ak si nesplnia najprv vlastn\u00e9 \u00falohy na ihrisku?<\/p>\n<h4><strong><em>One Dimensional Patience<\/em><\/strong><\/h4>\n<p>Everton nie je jedin\u00fd, kto sk\u00fa\u0161a vlastn\u00fa trpezlivos\u0165 pri h\u013eadan\u00ed novej cesty ako uspie\u0165. Hoci \u00faspech v\u00a0tejto rovine predklad\u00e1m ako relat\u00edvny vzh\u013eadom na rozdielnos\u0165 cie\u013eov Chelsea a\u00a0n\u00e1s, podobnos\u0165 tam jednozna\u010dne je. Lond\u00fdnska strana toti\u017e za\u010dala robi\u0165 veci zle. Respekt\u00edve, prestala sa prisp\u00f4sobova\u0165 meniacemu sa prostrediu, v\u00a0ktorom kone\u010dne za\u010d\u00edna vl\u00e1dnu\u0165 aspo\u0148 ak\u00e1 tak\u00e1 spravodlivos\u0165 o\u00a0zaru\u010den\u00ed kladn\u00e9ho v\u00fdsledku futbalov\u00e9ho \u00fasilia klubov. Neskoro, nie dostato\u010dne, ale aspo\u0148.<\/p>\n<p>V\u00a0\u0161t\u00e1diu, kedy u\u017e nie ste viac schopn\u00fd pretla\u010di\u0165 sa za pomoci bankoviek, ak\u00fa cestu zvol\u00edte? Mrhali by ste prostriedkami na nakupovanie hr\u00e1\u010dov, o\u00a0ktor\u00fdch va\u0161i nominanti v hor\u00facom\u00a0kresle imagin\u00e1rnej moci nemaj\u00fa z\u00e1ujem? Vyberali by ste ich bez akejko\u013evek dlhodobej\u0161ej strat\u00e9gie, sta\u010d\u00ed \u017ee vykazuj\u00fa enormn\u00fd talent a bezpe\u010dn\u00fa\u00a0odkupn\u00fa hodnotu? Ja nie, ale Chelsea to aspo\u0148 z\u00a0m\u00f4jho poh\u013eadu rob\u00ed.<\/p>\n<p>E\u0161te\u017ee sa bral oh\u013ead na fan\u00fa\u0161ikov a\u00a0ich z\u00e1bavu, ke\u010f sa vyberal nov\u00fd kou\u010d na Stamford Bridge. Roky z\u00edzania na jednostrann\u00fd \u0161t\u00fdl proti\u00fatokov Mourinha a\u00a0nesk\u00f4r Conteho za\u010dal by\u0165 ur\u010dite probl\u00e9mom a\u00a0tak sa zvolila cesta z\u00e1bavnej\u0161ieho futbalu, Sarriballu. Kompliment m\u00e9di\u00ed 60 ro\u010dn\u00e9ho roden\u00e9ho Neapol\u010dana sa ale nerodil \u013eahko. Dlh\u0161iu dobu trvalo, k\u00fdm sa b\u00fdval\u00fd amat\u00e9rsky stredn\u00fd obranca rozhodol skoncova\u0165 s\u00a0rozpolten\u00fdm \u017eivotom scestovan\u00e9ho bank\u00e1ra doobeda a\u00a0tr\u00e9nera na zelen\u00fdch tr\u00e1vnikoch v\u00a0poobedn\u00fdch hodin\u00e1ch.<\/p>\n<p>Aj ke\u010f vystriedal takmer to\u013eko klubov, ko\u013eko m\u00e1 prstov na tele, nikdy nevyhral so \u017eiadnym titul, \u010di in\u00fa trofej. Pozornos\u0165 Chelsea aj sveta no predsa up\u00fatal. A\u00a0to vtedy, ke\u010f zaplnil miesto po Rafovi Ben\u00edtezovi, odi\u0161l\u00e9mu do Realu Madrid na ne\u00faspe\u0161n\u00e9 skusy. Bola to pomerne \u0165a\u017ek\u00e1 \u00faloha. Sarri to v\u0161ak aj napriek jedinej ro\u010dnej sk\u00fasenosti s\u00a0prvou ligou zvl\u00e1dol na v\u00fdborn\u00fa. V\u00a0troch sez\u00f3nach skon\u010dil najprv druh\u00fd, potom tret\u00ed s\u00a0e\u0161te v\u00e4\u010d\u0161\u00edm po\u010dtom bodov a\u00a0op\u00e4\u0165 druh\u00fd, kedy nesta\u010dilo na titul ani\u00a0rekordn\u00fdch 91 bodov v\u00a0Serie A\u00a0pre Partenopei. Na porovnanie, rovnak\u00fd po\u010det bodov sta\u010dil Juventusu na v\u00fdhru Scudetta predt\u00fdm dve sez\u00f3ny po sebe.<\/p>\n<p>Prostorek\u00fd Talian, ktor\u00e9ho t\u00e1to vlastnos\u0165 \u010dasto dost\u00e1va do probl\u00e9mov, sa zaka\u017ed\u00fdm sna\u017e\u00ed svoj\u00edm mu\u017estv\u00e1m vtisn\u00fa\u0165 vlastn\u00fd rukopis hry, zalo\u017een\u00fd na ve\u013emi plynulom dr\u017ean\u00ed lopty, ktor\u00fd sa ju zaka\u017ed\u00fdm sna\u017e\u00ed z\u00edska\u0165 a\u00a0udr\u017ea\u0165 na s\u00faperovej polovici a\u00a0dost\u00e1va\u0165 ju do nebezpe\u010dn\u00fdch priestorov za pomoci vertik\u00e1lnych prihr\u00e1vok. Dosahuje sa toho za pomoci vysokej obrannej l\u00ednie a\u00a0tvorcu hry, zasaden\u00e9ho hlb\u0161ie v\u00a0poli. Vysok\u00e9mu pressingu sekunduje syst\u00e9m ofsajdovej pasce a\u00a0z\u00f3nov\u00e9ho br\u00e1nenia. To v\u0161etko vo form\u00e1cii 4-3-3.<\/p>\n<p>V\u00a0Chelsea sa mu tento \u0161t\u00fdl podarilo implementova\u0165 najm\u00e4 za pomoci Jorginha, ktor\u00e9ho si priviedol z\u00a0Neapola, ako spom\u00ednan\u00e9ho tvorcu hry. Kante sa presunul na vysunutej\u0161iu poz\u00edciu, kde s\u00fa pri pressingu jeho schopnosti nar\u00fa\u0161a\u0165 \u010dinnos\u0165 a\u00a0rozohr\u00e1vku s\u00fapera skvele situovan\u00e9. A\u00a0hoci t\u00fdm lond\u00fdnsky t\u00edm nech\u00e1va prechod stredom z\u00e1lohy zna\u010dne otvoren\u00fd, syst\u00e9m neust\u00e1lej kontroly lopty na polovici s\u00fapera sa sna\u017e\u00ed t\u00fato zranite\u013enos\u0165 eliminova\u0165 do \u010do najmen\u0161ej mo\u017enej miery.<\/p>\n<p><img loading=\"lazy\" decoding=\"async\" class=\"size-full wp-image-7064 aligncenter\" src=\"https:\/\/evertonfc.cz\/wp-content\/uploads\/2019\/03\/MS.jpg\" alt=\"\" width=\"640\" height=\"359\" srcset=\"https:\/\/evertonfc.cz\/wp-content\/uploads\/2019\/03\/MS.jpg 640w, https:\/\/evertonfc.cz\/wp-content\/uploads\/2019\/03\/MS-300x168.jpg 300w\" sizes=\"(max-width: 640px) 100vw, 640px\" \/><\/p>\n<p>Na\u00a0za\u010diatku sez\u00f3ny sa zdalo, \u017ee tento stroj bude nezastavite\u013en\u00fd a\u00a0bude ni\u010di\u0165 s\u00fapera za s\u00faperom. Chelsea dominovala v\u00a0\u0161tatistik\u00e1ch dr\u017eania lopty, \u00faspe\u0161n\u00fdch prihr\u00e1vok, prihr\u00e1vok v\u00a0poslednej tretine ihriska a\u00a0\u010dasu str\u00e1ven\u00e9ho v\u00a0nej. Div\u00e1ci sa mohli vy\u017e\u00edva\u0165 vo ve\u013ekom po\u010dte \u0161anc\u00ed a\u00a0z\u00a0toho plyn\u00facich striel a\u00a0g\u00f3lov, \u010do im zaru\u010dilo neporazite\u013enos\u0165 v\u00a0prv\u00fdch dvan\u00e1stich kol\u00e1ch. Le\u017e, s\u00faper tie\u017e nesp\u00ed a\u00a0v\u0161imol si body na ktor\u00e9 treba zatla\u010di\u0165. Po \u010dase sa objavila sterilita, nemoh\u00facnos\u0165 prekona\u0165 statick\u00e9 obrany svojou pomalou hrou a\u00a0konzistencia v\u00fdkonov za\u010dala klesa\u0165.<\/p>\n<p>Ter\u010dom kritiky sa stal v\u00fdber hr\u00e1\u010dov, taktick\u00e1 neprisp\u00f4sobilos\u0165, individualizmus, forma na ihrisk\u00e1ch s\u00faperov a\u00a0v\u00fdsledky proti t\u00edmom z\u00a0popredia tabu\u013eky. Pre Sarriho je toti\u017e rot\u00e1cia cudzie slovo. Len ve\u013emi zriedka obmie\u0148a svoj t\u00edm, ak ho pr\u00e1ve netr\u00e1pia zranenia. A\u00a0to je kame\u0148 \u00farazu, o\u00a0ktor\u00fd zakopol u\u017e pod Vezuvom. Ak jeho preferovan\u00fdm hr\u00e1\u010dom d\u00f4jde \u0161\u0165ava, ostatn\u00ed ich nedok\u00e1\u017eu okam\u017eite zast\u00fapi\u0165, preto\u017ee v\u00e4\u010d\u0161ina presedela ve\u013ek\u00fa \u010das\u0165 sez\u00f3ny.<\/p>\n<p>Ke\u010f je va\u0161a tvrdohlavos\u0165, nazveme to filozofia, najv\u00e4\u010d\u0161\u00ed nepriate\u013e, stane sa z\u00a0v\u00e1s man\u0161aft, ktor\u00fd jeden z\u00e1pas prehr\u00e1 \u0161tvorg\u00f3lov\u00fdm rozdielom a\u00a0druh\u00fd p\u00e4\u0165g\u00f3lov\u00fdm vyhr\u00e1. Iba\u017ee fan\u00fa\u0161ikovia maj\u00fa len jedny nervy. A\u00a0po vyraden\u00ed z\u00a0FA Cupu Manchesterom United im asi pretiekli, ke\u010f sa ozvali chor\u00e1ly o\u00a0nevyhnutnom vyhadzove. Bl\u00e1znovstvo sa toti\u017e len \u0165a\u017eko toleruje. Bezv\u00fdznamn\u00e9 a\u00a0ni\u010d nerie\u0161iace striedania v\u017edy zanietenej postavy, p\u00ed\u0161ucej si pozn\u00e1mky, preto vyznievaj\u00fa ako vtip.<\/p>\n<p>Dokedy sa teda d\u00e1 tolerova\u0165 g\u00e9nius bez geni\u00e1lnych v\u00fdsledkov? Striedanie mana\u017e\u00e9rov so z\u00e1rukou kvality a\u00a0v\u00fdsledkov nebude fungova\u0165 donekone\u010dna ak sa s\u00a0nimi neza\u010dne patri\u010dne spolupracova\u0165. Najm\u00e4 teraz, v\u00a0obdob\u00ed, kedy si in\u0161tit\u00facie nev\u00e1haj\u00fa na v\u00e1s posvieti\u0165 a\u00a0u\u0161tedri\u0165 v\u00e1m krut\u00fa ranu. Z\u00e1kaz prestupov je citliv\u00e1 komplik\u00e1cia, via\u017e\u00faca na seba v\u0161emo\u017en\u00fd sled udalost\u00ed. Preto sa zbrklos\u0165 neodpor\u00fa\u010da. Treba za\u010da\u0165 by\u0165 pre \u00faspech op\u00e4\u0165 trpezliv\u00fd.<\/p>\n<h3 style=\"text-align: center;\"><span style=\"color: #0000ff;\"><strong><em>Up The Toffees !<\/em><\/strong><\/span><\/h3>\n<p><strong>\u010co:<\/strong>\u00a0Everton FC \u2013 Chelsea FC, 31. kolo Premier League<strong><br \/>\nKedy:<\/strong>\u00a017.3. 2019 od 17:30 SE\u010c<strong><br \/>\nKde:<\/strong>\u00a0Goodison Park &#8211; Goodison Rd, Liverpool L4 4EL (kapacita: 39\u00a0572)<strong><br \/>\nRozhodca:<\/strong>\u00a0A. Taylor<strong> Asistenti:\u00a0<\/strong>G. Beswick, A. Nunn <strong>\u0160tvrt\u00fd rozhodca:\u00a0<\/strong>M. Atkinson<\/p>\n","protected":false},"excerpt":{"rendered":"<p>S\u00faboj rovnak\u00fdch mana\u017e\u00e9rskych inici\u00e1lou v Goodison Parku ukon\u010d\u00ed nede\u013en\u00fd program 31. kola najvy\u0161\u0161ej anglickej futbalovej s\u00fa\u0165a\u017ee. Ktor\u00fd M.S. bude \u00faspe\u0161nej\u0161\u00ed?<\/p>\n","protected":false},"author":1,"featured_media":7062,"comment_status":"open","ping_status":"closed","sticky":false,"template":"","format":"standard","meta":{"_eb_attr":"","_monsterinsights_skip_tracking":false,"_monsterinsights_sitenote_active":false,"_monsterinsights_sitenote_note":"","_monsterinsights_sitenote_category":0,"footnotes":""},"categories":[4],"tags":[],"yoast_head":"<!-- This site is optimized with the Yoast SEO plugin v23.4 - https:\/\/yoast.com\/wordpress\/plugins\/seo\/ -->\n<title>Preview: Everton \u2013 Chelsea - Official Czech &amp; Slovak Everton Supporters&#039; Club<\/title>\n<meta name=\"robots\" content=\"index, follow, max-snippet:-1, max-image-preview:large, max-video-preview:-1\" \/>\n<link rel=\"canonical\" href=\"https:\/\/evertonfc.cz\/index.php\/2019\/03\/17\/preview-everton-chelsea-10\/\" \/>\n<meta property=\"og:locale\" content=\"cs_CZ\" \/>\n<meta property=\"og:type\" content=\"article\" \/>\n<meta property=\"og:title\" content=\"Preview: Everton \u2013 Chelsea - Official Czech &amp; Slovak Everton Supporters&#039; Club\" \/>\n<meta property=\"og:description\" content=\"S\u00faboj rovnak\u00fdch mana\u017e\u00e9rskych inici\u00e1lou v Goodison Parku ukon\u010d\u00ed nede\u013en\u00fd program 31. kola najvy\u0161\u0161ej anglickej futbalovej s\u00fa\u0165a\u017ee. Ktor\u00fd M.S. bude \u00faspe\u0161nej\u0161\u00ed?\" \/>\n<meta property=\"og:url\" content=\"https:\/\/evertonfc.cz\/index.php\/2019\/03\/17\/preview-everton-chelsea-10\/\" \/>\n<meta property=\"og:site_name\" content=\"Official Czech &amp; Slovak Everton Supporters&#039; Club\" \/>\n<meta property=\"article:publisher\" content=\"https:\/\/www.facebook.com\/everton.fans.cz.sk\" \/>\n<meta property=\"article:published_time\" content=\"2019-03-17T09:45:36+00:00\" \/>\n<meta property=\"article:modified_time\" content=\"2019-03-17T16:00:05+00:00\" \/>\n<meta property=\"og:image\" content=\"https:\/\/evertonfc.cz\/wp-content\/uploads\/2019\/03\/sarri.jpeg\" \/>\n\t<meta property=\"og:image:width\" content=\"720\" \/>\n\t<meta property=\"og:image:height\" content=\"405\" \/>\n\t<meta property=\"og:image:type\" content=\"image\/jpeg\" \/>\n<meta name=\"author\" content=\"BlueBlooded\" \/>\n<meta name=\"twitter:card\" content=\"summary_large_image\" \/>\n<meta name=\"twitter:label1\" content=\"Napsal(a)\" \/>\n\t<meta name=\"twitter:data1\" content=\"BlueBlooded\" \/>\n\t<meta name=\"twitter:label2\" content=\"Odhadovan\u00e1 doba \u010dten\u00ed\" \/>\n\t<meta name=\"twitter:data2\" content=\"8 minut\" \/>\n<script type=\"application\/ld+json\" class=\"yoast-schema-graph\">{\"@context\":\"https:\/\/schema.org\",\"@graph\":[{\"@type\":\"Article\",\"@id\":\"https:\/\/evertonfc.cz\/index.php\/2019\/03\/17\/preview-everton-chelsea-10\/#article\",\"isPartOf\":{\"@id\":\"https:\/\/evertonfc.cz\/index.php\/2019\/03\/17\/preview-everton-chelsea-10\/\"},\"author\":{\"name\":\"BlueBlooded\",\"@id\":\"https:\/\/evertonfc.cz\/#\/schema\/person\/d4493b8cbea51532597fbc4685698916\"},\"headline\":\"Preview: Everton \u2013 Chelsea\",\"datePublished\":\"2019-03-17T09:45:36+00:00\",\"dateModified\":\"2019-03-17T16:00:05+00:00\",\"mainEntityOfPage\":{\"@id\":\"https:\/\/evertonfc.cz\/index.php\/2019\/03\/17\/preview-everton-chelsea-10\/\"},\"wordCount\":1625,\"commentCount\":4,\"publisher\":{\"@id\":\"https:\/\/evertonfc.cz\/#organization\"},\"image\":{\"@id\":\"https:\/\/evertonfc.cz\/index.php\/2019\/03\/17\/preview-everton-chelsea-10\/#primaryimage\"},\"thumbnailUrl\":\"https:\/\/evertonfc.cz\/wp-content\/uploads\/2019\/03\/sarri.jpeg\",\"articleSection\":[\"Z\u00e1pasy\"],\"inLanguage\":\"cs\",\"potentialAction\":[{\"@type\":\"CommentAction\",\"name\":\"Comment\",\"target\":[\"https:\/\/evertonfc.cz\/index.php\/2019\/03\/17\/preview-everton-chelsea-10\/#respond\"]}]},{\"@type\":\"WebPage\",\"@id\":\"https:\/\/evertonfc.cz\/index.php\/2019\/03\/17\/preview-everton-chelsea-10\/\",\"url\":\"https:\/\/evertonfc.cz\/index.php\/2019\/03\/17\/preview-everton-chelsea-10\/\",\"name\":\"Preview: Everton \u2013 Chelsea - Official Czech &amp; Slovak Everton Supporters&#039; Club\",\"isPartOf\":{\"@id\":\"https:\/\/evertonfc.cz\/#website\"},\"primaryImageOfPage\":{\"@id\":\"https:\/\/evertonfc.cz\/index.php\/2019\/03\/17\/preview-everton-chelsea-10\/#primaryimage\"},\"image\":{\"@id\":\"https:\/\/evertonfc.cz\/index.php\/2019\/03\/17\/preview-everton-chelsea-10\/#primaryimage\"},\"thumbnailUrl\":\"https:\/\/evertonfc.cz\/wp-content\/uploads\/2019\/03\/sarri.jpeg\",\"datePublished\":\"2019-03-17T09:45:36+00:00\",\"dateModified\":\"2019-03-17T16:00:05+00:00\",\"breadcrumb\":{\"@id\":\"https:\/\/evertonfc.cz\/index.php\/2019\/03\/17\/preview-everton-chelsea-10\/#breadcrumb\"},\"inLanguage\":\"cs\",\"potentialAction\":[{\"@type\":\"ReadAction\",\"target\":[\"https:\/\/evertonfc.cz\/index.php\/2019\/03\/17\/preview-everton-chelsea-10\/\"]}]},{\"@type\":\"ImageObject\",\"inLanguage\":\"cs\",\"@id\":\"https:\/\/evertonfc.cz\/index.php\/2019\/03\/17\/preview-everton-chelsea-10\/#primaryimage\",\"url\":\"https:\/\/evertonfc.cz\/wp-content\/uploads\/2019\/03\/sarri.jpeg\",\"contentUrl\":\"https:\/\/evertonfc.cz\/wp-content\/uploads\/2019\/03\/sarri.jpeg\",\"width\":720,\"height\":405},{\"@type\":\"BreadcrumbList\",\"@id\":\"https:\/\/evertonfc.cz\/index.php\/2019\/03\/17\/preview-everton-chelsea-10\/#breadcrumb\",\"itemListElement\":[{\"@type\":\"ListItem\",\"position\":1,\"name\":\"Home\",\"item\":\"https:\/\/evertonfc.cz\/\"},{\"@type\":\"ListItem\",\"position\":2,\"name\":\"Preview: Everton \u2013 Chelsea\"}]},{\"@type\":\"WebSite\",\"@id\":\"https:\/\/evertonfc.cz\/#website\",\"url\":\"https:\/\/evertonfc.cz\/\",\"name\":\"Official Czech &amp; Slovak Everton Supporters&#039; Club\",\"description\":\"\",\"publisher\":{\"@id\":\"https:\/\/evertonfc.cz\/#organization\"},\"potentialAction\":[{\"@type\":\"SearchAction\",\"target\":{\"@type\":\"EntryPoint\",\"urlTemplate\":\"https:\/\/evertonfc.cz\/?s={search_term_string}\"},\"query-input\":{\"@type\":\"PropertyValueSpecification\",\"valueRequired\":true,\"valueName\":\"search_term_string\"}}],\"inLanguage\":\"cs\"},{\"@type\":\"Organization\",\"@id\":\"https:\/\/evertonfc.cz\/#organization\",\"name\":\"Official Czech & Slovak Everton Supporters' Club\",\"url\":\"https:\/\/evertonfc.cz\/\",\"logo\":{\"@type\":\"ImageObject\",\"inLanguage\":\"cs\",\"@id\":\"https:\/\/evertonfc.cz\/#\/schema\/logo\/image\/\",\"url\":\"https:\/\/evertonfc.cz\/wp-content\/uploads\/2019\/05\/logo.png\",\"contentUrl\":\"https:\/\/evertonfc.cz\/wp-content\/uploads\/2019\/05\/logo.png\",\"width\":112,\"height\":112,\"caption\":\"Official Czech & Slovak Everton Supporters' Club\"},\"image\":{\"@id\":\"https:\/\/evertonfc.cz\/#\/schema\/logo\/image\/\"},\"sameAs\":[\"https:\/\/www.facebook.com\/everton.fans.cz.sk\"]},{\"@type\":\"Person\",\"@id\":\"https:\/\/evertonfc.cz\/#\/schema\/person\/d4493b8cbea51532597fbc4685698916\",\"name\":\"BlueBlooded\",\"url\":\"https:\/\/evertonfc.cz\/index.php\/author\/admin\/\"}]}<\/script>\n<!-- \/ Yoast SEO plugin. -->","yoast_head_json":{"title":"Preview: Everton \u2013 Chelsea - Official Czech &amp; Slovak Everton Supporters&#039; Club","robots":{"index":"index","follow":"follow","max-snippet":"max-snippet:-1","max-image-preview":"max-image-preview:large","max-video-preview":"max-video-preview:-1"},"canonical":"https:\/\/evertonfc.cz\/index.php\/2019\/03\/17\/preview-everton-chelsea-10\/","og_locale":"cs_CZ","og_type":"article","og_title":"Preview: Everton \u2013 Chelsea - Official Czech &amp; Slovak Everton Supporters&#039; Club","og_description":"S\u00faboj rovnak\u00fdch mana\u017e\u00e9rskych inici\u00e1lou v Goodison Parku ukon\u010d\u00ed nede\u013en\u00fd program 31. kola najvy\u0161\u0161ej anglickej futbalovej s\u00fa\u0165a\u017ee. Ktor\u00fd M.S. bude \u00faspe\u0161nej\u0161\u00ed?","og_url":"https:\/\/evertonfc.cz\/index.php\/2019\/03\/17\/preview-everton-chelsea-10\/","og_site_name":"Official Czech &amp; Slovak Everton Supporters&#039; Club","article_publisher":"https:\/\/www.facebook.com\/everton.fans.cz.sk","article_published_time":"2019-03-17T09:45:36+00:00","article_modified_time":"2019-03-17T16:00:05+00:00","og_image":[{"width":720,"height":405,"url":"https:\/\/evertonfc.cz\/wp-content\/uploads\/2019\/03\/sarri.jpeg","type":"image\/jpeg"}],"author":"BlueBlooded","twitter_card":"summary_large_image","twitter_misc":{"Napsal(a)":"BlueBlooded","Odhadovan\u00e1 doba \u010dten\u00ed":"8 minut"},"schema":{"@context":"https:\/\/schema.org","@graph":[{"@type":"Article","@id":"https:\/\/evertonfc.cz\/index.php\/2019\/03\/17\/preview-everton-chelsea-10\/#article","isPartOf":{"@id":"https:\/\/evertonfc.cz\/index.php\/2019\/03\/17\/preview-everton-chelsea-10\/"},"author":{"name":"BlueBlooded","@id":"https:\/\/evertonfc.cz\/#\/schema\/person\/d4493b8cbea51532597fbc4685698916"},"headline":"Preview: Everton \u2013 Chelsea","datePublished":"2019-03-17T09:45:36+00:00","dateModified":"2019-03-17T16:00:05+00:00","mainEntityOfPage":{"@id":"https:\/\/evertonfc.cz\/index.php\/2019\/03\/17\/preview-everton-chelsea-10\/"},"wordCount":1625,"commentCount":4,"publisher":{"@id":"https:\/\/evertonfc.cz\/#organization"},"image":{"@id":"https:\/\/evertonfc.cz\/index.php\/2019\/03\/17\/preview-everton-chelsea-10\/#primaryimage"},"thumbnailUrl":"https:\/\/evertonfc.cz\/wp-content\/uploads\/2019\/03\/sarri.jpeg","articleSection":["Z\u00e1pasy"],"inLanguage":"cs","potentialAction":[{"@type":"CommentAction","name":"Comment","target":["https:\/\/evertonfc.cz\/index.php\/2019\/03\/17\/preview-everton-chelsea-10\/#respond"]}]},{"@type":"WebPage","@id":"https:\/\/evertonfc.cz\/index.php\/2019\/03\/17\/preview-everton-chelsea-10\/","url":"https:\/\/evertonfc.cz\/index.php\/2019\/03\/17\/preview-everton-chelsea-10\/","name":"Preview: Everton \u2013 Chelsea - Official Czech &amp; Slovak Everton Supporters&#039; Club","isPartOf":{"@id":"https:\/\/evertonfc.cz\/#website"},"primaryImageOfPage":{"@id":"https:\/\/evertonfc.cz\/index.php\/2019\/03\/17\/preview-everton-chelsea-10\/#primaryimage"},"image":{"@id":"https:\/\/evertonfc.cz\/index.php\/2019\/03\/17\/preview-everton-chelsea-10\/#primaryimage"},"thumbnailUrl":"https:\/\/evertonfc.cz\/wp-content\/uploads\/2019\/03\/sarri.jpeg","datePublished":"2019-03-17T09:45:36+00:00","dateModified":"2019-03-17T16:00:05+00:00","breadcrumb":{"@id":"https:\/\/evertonfc.cz\/index.php\/2019\/03\/17\/preview-everton-chelsea-10\/#breadcrumb"},"inLanguage":"cs","potentialAction":[{"@type":"ReadAction","target":["https:\/\/evertonfc.cz\/index.php\/2019\/03\/17\/preview-everton-chelsea-10\/"]}]},{"@type":"ImageObject","inLanguage":"cs","@id":"https:\/\/evertonfc.cz\/index.php\/2019\/03\/17\/preview-everton-chelsea-10\/#primaryimage","url":"https:\/\/evertonfc.cz\/wp-content\/uploads\/2019\/03\/sarri.jpeg","contentUrl":"https:\/\/evertonfc.cz\/wp-content\/uploads\/2019\/03\/sarri.jpeg","width":720,"height":405},{"@type":"BreadcrumbList","@id":"https:\/\/evertonfc.cz\/index.php\/2019\/03\/17\/preview-everton-chelsea-10\/#breadcrumb","itemListElement":[{"@type":"ListItem","position":1,"name":"Home","item":"https:\/\/evertonfc.cz\/"},{"@type":"ListItem","position":2,"name":"Preview: Everton \u2013 Chelsea"}]},{"@type":"WebSite","@id":"https:\/\/evertonfc.cz\/#website","url":"https:\/\/evertonfc.cz\/","name":"Official Czech &amp; Slovak Everton Supporters&#039; Club","description":"","publisher":{"@id":"https:\/\/evertonfc.cz\/#organization"},"potentialAction":[{"@type":"SearchAction","target":{"@type":"EntryPoint","urlTemplate":"https:\/\/evertonfc.cz\/?s={search_term_string}"},"query-input":{"@type":"PropertyValueSpecification","valueRequired":true,"valueName":"search_term_string"}}],"inLanguage":"cs"},{"@type":"Organization","@id":"https:\/\/evertonfc.cz\/#organization","name":"Official Czech & Slovak Everton Supporters' Club","url":"https:\/\/evertonfc.cz\/","logo":{"@type":"ImageObject","inLanguage":"cs","@id":"https:\/\/evertonfc.cz\/#\/schema\/logo\/image\/","url":"https:\/\/evertonfc.cz\/wp-content\/uploads\/2019\/05\/logo.png","contentUrl":"https:\/\/evertonfc.cz\/wp-content\/uploads\/2019\/05\/logo.png","width":112,"height":112,"caption":"Official Czech & Slovak Everton Supporters' Club"},"image":{"@id":"https:\/\/evertonfc.cz\/#\/schema\/logo\/image\/"},"sameAs":["https:\/\/www.facebook.com\/everton.fans.cz.sk"]},{"@type":"Person","@id":"https:\/\/evertonfc.cz\/#\/schema\/person\/d4493b8cbea51532597fbc4685698916","name":"BlueBlooded","url":"https:\/\/evertonfc.cz\/index.php\/author\/admin\/"}]}},"_links":{"self":[{"href":"https:\/\/evertonfc.cz\/index.php\/wp-json\/wp\/v2\/posts\/7061"}],"collection":[{"href":"https:\/\/evertonfc.cz\/index.php\/wp-json\/wp\/v2\/posts"}],"about":[{"href":"https:\/\/evertonfc.cz\/index.php\/wp-json\/wp\/v2\/types\/post"}],"author":[{"embeddable":true,"href":"https:\/\/evertonfc.cz\/index.php\/wp-json\/wp\/v2\/users\/1"}],"replies":[{"embeddable":true,"href":"https:\/\/evertonfc.cz\/index.php\/wp-json\/wp\/v2\/comments?post=7061"}],"version-history":[{"count":3,"href":"https:\/\/evertonfc.cz\/index.php\/wp-json\/wp\/v2\/posts\/7061\/revisions"}],"predecessor-version":[{"id":7068,"href":"https:\/\/evertonfc.cz\/index.php\/wp-json\/wp\/v2\/posts\/7061\/revisions\/7068"}],"wp:featuredmedia":[{"embeddable":true,"href":"https:\/\/evertonfc.cz\/index.php\/wp-json\/wp\/v2\/media\/7062"}],"wp:attachment":[{"href":"https:\/\/evertonfc.cz\/index.php\/wp-json\/wp\/v2\/media?parent=7061"}],"wp:term":[{"taxonomy":"category","embeddable":true,"href":"https:\/\/evertonfc.cz\/index.php\/wp-json\/wp\/v2\/categories?post=7061"},{"taxonomy":"post_tag","embeddable":true,"href":"https:\/\/evertonfc.cz\/index.php\/wp-json\/wp\/v2\/tags?post=7061"}],"curies":[{"name":"wp","href":"https:\/\/api.w.org\/{rel}","templated":true}]}}