{"id":7135,"date":"2019-03-24T18:27:49","date_gmt":"2019-03-24T17:27:49","guid":{"rendered":"https:\/\/evertonfc.cz\/?p=7135"},"modified":"2021-03-12T16:16:15","modified_gmt":"2021-03-12T15:16:15","slug":"evropska-vystoupeni-i-dil","status":"publish","type":"post","link":"https:\/\/evertonfc.cz\/index.php\/2019\/03\/24\/evropska-vystoupeni-i-dil\/","title":{"rendered":"Evropsk\u00e1 vystoupen\u00ed &#8211; I. d\u00edl"},"content":{"rendered":"<h4>\u010cl\u00e1nek z historie na pokra\u010dov\u00e1n\u00ed v\u00e1m p\u0159in\u00e1\u0161\u00ed souhrn vystoupen\u00ed Toffees v kontinent\u00e1ln\u00edch poh\u00e1rov\u00fdch sout\u011b\u017e\u00edch, kter\u00e1 zapo\u010dala v \u0161edes\u00e1t\u00fdch letech minul\u00e9ho stolet\u00ed.<\/h4>\n<p>Prvn\u00ed ro\u010dn\u00edk, kdy hr\u00e1l Everton evropsk\u00e9 poh\u00e1ry, byla sez\u00f3na 1962-1963, proto\u017ee v p\u0159edchoz\u00ed sez\u00f3n\u011b skon\u010dil v lize \u010dtvrt\u00fd. V prvn\u00edm kole Poh\u00e1ru veletr\u017en\u00edch m\u011bst (pozd\u011bj\u0161\u00ed Poh\u00e1r UEFA) mu los p\u0159id\u011blil skotsk\u00fd t\u00fdm Dunfermline Athletic. Toffees za\u010d\u00ednali doma a vyhr\u00e1li brankou Dennise Stevense ze 12. minuty 1:0. O t\u00fdden pozd\u011bji ale po proh\u0159e 0:2 vypadli, kdy\u017e druhou branku inkasovali v 87. minut\u011b (v n\u00e1sleduj\u00edc\u00edm kole je ve t\u0159et\u00edm utk\u00e1n\u00ed vy\u0159adila Valencia).<\/p>\n<p>Nicm\u00e9n\u011b v sez\u00f3n\u011b se v lize zada\u0159ilo a Toffees vyhr\u00e1li titul. (<em>\u201eCongratulations to you and your colleagues that played it out directly, and to the other gentlemen that helped indirectly to win the Championship by working out policy of the club and tactics. Best wishes for next season.&#8220;<\/em> Telegram poslan\u00fd Alexi Youngovi panem \u0160eplav\u00fdm (Seplav\u00fdm?) z pra\u017esk\u00e9 \u017ditn\u00e9 ulice.)<\/p>\n<p>Jen\u017ee los Poh\u00e1ru mistr\u016f evropsk\u00fdch zem\u00ed (PMEZ) byl tentokr\u00e1t krut\u00fd, proto\u017ee na Goodison Park p\u0159ijel u\u017e v p\u0159edkole italsk\u00fd mistr. A \u017ee m\u011bl Inter Mil\u00e1n pod veden\u00edm Helenia Herrery n\u011bjak\u00fd k\u00e1dr! Mazzola, Burgnich, Facchetti, Jair. Div\u00e1ci na Goodison Parku branku nevid\u011bli (branka Roye Vernona ze 78. minuty neplatila kv\u016fli ofsajdu &#8211; momentka na tituln\u00edm obr\u00e1zku), a tak se muselo rozhodnout na San Siru. Jedinou branku z\u00e1pasu vs\u00edtil pr\u00e1v\u011b Jair. Toto utk\u00e1n\u00ed je zaj\u00edmav\u00e9 t\u00edm, \u017ee v n\u011bm debutoval Colin Harvey. Everton zas tak smutnit nemusel, proto\u017ee Inter vyhr\u00e1l celou sout\u011b\u017e.<\/p>\n<p>Everton i nad\u00e1le pat\u0159il k anglick\u00e9 \u0161pi\u010dce, a tak si v dal\u0161\u00ed sez\u00f3n\u011b zahr\u00e1l Poh\u00e1r veletr\u017en\u00edch m\u011bst. V lize skon\u010dil t\u0159et\u00ed a tentokr\u00e1t po\u0159e\u0161il los, jestli mi jako rozum\u00ed\u0161. Valerengen Oslo dostal v prvn\u00edm z\u00e1pase prvn\u00edho kola doma popul\u00e1rn\u00edho b\u016fra, a\u010d je\u0161t\u011b v 70. minut\u011b vedl 2:1. Nicm\u00e9n\u011b g\u00f3lov\u011b poveden\u00e1 dvacetiminutovka rozhodla z\u00e1pas i postup. Utk\u00e1n\u00ed na Goodison Parku m\u011blo podobn\u00e9 sk\u00f3re a stejn\u00e9ho v\u00edt\u011bze, po v\u00fdh\u0159e 4:2 \u0161el Everton do druh\u00e9ho kola.<\/p>\n<p>I nad\u00e1le \u0161t\u011bst\u00ed p\u0159i losu p\u0159\u00e1lo, skotsk\u00fd Kilmarnock rozhodn\u011b byl p\u0159ijateln\u00fdm soupe\u0159em. Dom\u00e1c\u00ed v\u00fdhra 4:1 podpo\u0159en\u00e1 premi\u00e9rov\u00fdm g\u00f3lem Colina Harveyho v evropsk\u00fdch poh\u00e1rech zajistila postup do kola t\u0159et\u00edho. A tentokr\u00e1t u\u017e \u0161t\u011bst\u00ed p\u0159i losu n\u011bjak do\u0161lo. P\u0159esto se z \u010derven\u00e9 \u010d\u00e1sti Manchesteru poda\u0159ilo p\u0159iv\u00e9zt nad\u011bjnou rem\u00edzu 1:1. Jen\u017ee t\u00fdm kolem Bobbyho Charltona, Denise Lawa a George Besta odvetu zvl\u00e1dl a po v\u00edt\u011bzstv\u00ed 2:1 postoupil do \u010dtvrtfin\u00e1le. Nakonec je ve t\u0159et\u00edm utk\u00e1n\u00ed v semifin\u00e1le vy\u0159adil pozd\u011bj\u0161\u00ed v\u00edt\u011bz Ferencv\u00e1ros.<\/p>\n<p>Stejnou sout\u011b\u017e si Everton zahr\u00e1l i o rok pozd\u011bji, proto\u017ee v lize skon\u010dil \u010dtvrt\u00fd. Jelo se poprv\u00e9 do Norimberku. P\u0159ivezen\u00e1 rem\u00edza 1:1 povzbudila nad\u011bji na postup do kola druh\u00e9ho, a\u010d hr\u00e1\u010di n\u011bmeck\u00e9ho t\u00fdmu to p\u011bkn\u011b brousili, co\u017e d\u00e1val otev\u0159en\u011b najevo mana\u017eer Catterick po utk\u00e1n\u00ed. Tomu se nel\u00edbil p\u0159edev\u0161\u00edm z\u00e1krok Wenauera na Morisseyho. Postup se po nejt\u011bsn\u011bj\u0161\u00ed v\u00fdh\u0159e doma povedl.<\/p>\n<p>Ve druh\u00e9m kole se let\u011blo do Budape\u0161ti. \u00dajpe\u0161\u0165 FC se s Evertonem nep\u00e1ral a dom\u00e1c\u00ed v\u00fdhrou 3:0 rozhodl o postupu ji\u017e po prvn\u00edm z\u00e1pase. Goodison Park sice vid\u011bl v\u00edt\u011bzstv\u00ed 2:1, ale t\u00edm pro Everton evropsk\u00e9 poh\u00e1ry v t\u00e9hle sez\u00f3n\u011b skon\u010dily. Ma\u010fa\u0159i do\u0161li do \u010dtvrtfin\u00e1le, kde je vy\u0159adil Leeds.<\/p>\n<p>V sez\u00f3n\u011b 1966-67 si Everton zahr\u00e1l poprv\u00e9 i Poh\u00e1r v\u00edt\u011bz\u016f poh\u00e1r\u016f (PVP). Jeho oto\u010dka ve fin\u00e1le Anglick\u00e9ho poh\u00e1ru proti Sheffieldu Wednesday je v pam\u011bti ka\u017ed\u00e9ho Evertoniana. Osud poslal Karamelky na sever D\u00e1nska, konkr\u00e9tn\u011b do Aalborgu. Bezbrankov\u00e1 rem\u00edza nenadchla, le\u010d zachovala \u0161anci na postup. V odvet\u011b vs\u00edtil postupov\u00fd g\u00f3l na kone\u010dn\u00fdch 2:1 Alan Ball, p\u0159edsez\u00f3nn\u00ed to posila z Blackpoolu.<\/p>\n<p>Soupe\u0159 pro druh\u00e9 kolo se tentokr\u00e1t rekrutoval ze \u0160pan\u011blska. T\u00fdm Zaragozy tr\u00e9noval Ferdinand Dau\u010d\u00edk, kter\u00fd ve \u0160pan\u011blsku docela ud\u011blal tren\u00e9rskou kari\u00e9ru (mj. \u010dty\u0159i roky FC Barcelona). P\u0159ipravil sv\u00e9 chlapce dob\u0159e, doma zvl\u00e1dli vyhr\u00e1t 2:0 a pro utk\u00e1n\u00ed na Goodison Parku si p\u0159ipravili zdr\u017eovac\u00ed taktiku. Jedin\u00e1 branka, kterou vs\u00edtil Sandy Brown, jim na postup sta\u010dila. <em>\u201eP\u0159ijeli jsme sem sp\u00ed\u0161 eliminovat Everton ne\u017e hr\u00e1t skv\u011bl\u00fd fotbal,\u201c\u00a0<\/em>prohl\u00e1sil Dau\u010d\u00edk po utk\u00e1n\u00ed. Zaragoza vypadla ve \u010dtvrtfin\u00e1le s Glasgow Rangers.<\/p>\n<p>Ve druh\u00e9m d\u00edlu se pod\u00edv\u00e1me na 70. a 80. l\u00e9ta v\u010detn\u011b z\u00e1pas\u016f proti Dukle a Interu Bratislava&#8230;<\/p>\n<h4><span style=\"text-decoration: underline;\">Seznam z\u00e1pas\u016f Evertonu v sout\u011b\u017e\u00edch UEFA v 60. letech:<\/span><\/h4>\n<table class=\"sortable plainrowheaders wikitable jquery-tablesorter\" style=\"width: 100%; height: 400px;\" width=\"65%\">\n<thead>\n<tr style=\"height: 40px;\">\n<th class=\"headerSort\" style=\"width: 8.66667%; height: 40px; text-align: left;\" tabindex=\"0\" title=\"Sort ascending\" role=\"columnheader button\">Sez\u00f3na<\/th>\n<th class=\"headerSort\" style=\"width: 22.8%; height: 40px; text-align: left;\" tabindex=\"0\" title=\"Sort ascending\" role=\"columnheader button\">Sout\u011b\u017e<\/th>\n<th class=\"headerSort\" style=\"width: 8.26667%; height: 40px; text-align: left;\" tabindex=\"0\" title=\"Sort ascending\" role=\"columnheader button\">Kolo<\/th>\n<th class=\"headerSort\" style=\"width: 18.4%; height: 40px; text-align: left;\" tabindex=\"0\" title=\"Sort ascending\" role=\"columnheader button\">Soupe\u0159<\/th>\n<th class=\"headerSort\" style=\"width: 6.66667%; height: 40px;\" tabindex=\"0\" title=\"Sort ascending\" role=\"columnheader button\">Doma<\/th>\n<th class=\"headerSort\" style=\"width: 6.26667%; height: 40px;\" tabindex=\"0\" title=\"Sort ascending\" role=\"columnheader button\">Venku<\/th>\n<th class=\"headerSort\" style=\"width: 10.6667%; height: 40px;\" tabindex=\"0\" title=\"Sort ascending\" role=\"columnheader button\">Celk. sk\u00f3re<\/th>\n<\/tr>\n<\/thead>\n<tbody>\n<tr style=\"height: 40px;\">\n<td style=\"width: 8.66667%; height: 40px;\">1962\/63<\/td>\n<td style=\"width: 22.8%; height: 40px;\">Inter-Cities Fairs Cup<\/td>\n<td style=\"width: 8.26667%; height: 40px;\">1.kolo<\/td>\n<td style=\"width: 18.4%; height: 40px;\">Dunfermline Athletic<\/td>\n<td style=\"width: 6.66667%; text-align: center; height: 40px;\">1:0<\/td>\n<td style=\"width: 6.26667%; text-align: center; height: 40px;\">0:2<\/td>\n<td style=\"width: 10.6667%; text-align: center; height: 40px;\"><b>1:2<\/b><\/td>\n<\/tr>\n<tr style=\"height: 40px;\">\n<td style=\"width: 8.66667%; height: 40px;\">1963\/64<\/td>\n<td style=\"width: 22.8%; height: 40px;\">European Cup<\/td>\n<td style=\"width: 8.26667%; height: 40px;\">predkolo<\/td>\n<td style=\"width: 18.4%; height: 40px;\">Inter Mil\u00e1n<\/td>\n<td style=\"width: 6.66667%; text-align: center; height: 40px;\">0:0<\/td>\n<td style=\"width: 6.26667%; text-align: center; height: 40px;\">0:1<\/td>\n<td style=\"width: 10.6667%; text-align: center; height: 40px;\"><b>0:1<\/b><\/td>\n<\/tr>\n<tr style=\"height: 40px;\">\n<td style=\"width: 8.66667%; height: 40px;\">1964\/65<\/td>\n<td style=\"width: 22.8%; height: 40px;\">Inter-Cities Fairs Cup<\/td>\n<td style=\"width: 8.26667%; height: 40px;\">1.kolo<\/td>\n<td style=\"width: 18.4%; height: 40px;\">V\u00e5lerenga I.F.<\/td>\n<td style=\"width: 6.66667%; text-align: center; height: 40px;\">5:2<\/td>\n<td style=\"width: 6.26667%; text-align: center; height: 40px;\">4:2<\/td>\n<td style=\"width: 10.6667%; text-align: center; height: 40px;\"><b>9:4<\/b><\/td>\n<\/tr>\n<tr style=\"height: 40px;\">\n<td style=\"width: 8.66667%; height: 40px;\">1964\/65<\/td>\n<td style=\"width: 22.8%; height: 40px;\">Inter-Cities Fairs Cup<\/td>\n<td style=\"width: 8.26667%; height: 40px;\">2.kolo<\/td>\n<td style=\"width: 18.4%; height: 40px;\">Kilmarnock<\/td>\n<td style=\"width: 6.66667%; text-align: center; height: 40px;\">4:1<\/td>\n<td style=\"width: 6.26667%; text-align: center; height: 40px;\">2:0<\/td>\n<td style=\"width: 10.6667%; text-align: center; height: 40px;\"><b>6:1<\/b><\/td>\n<\/tr>\n<tr style=\"height: 40px;\">\n<td style=\"width: 8.66667%; height: 40px;\">1964\/65<\/td>\n<td style=\"width: 22.8%; height: 40px;\">Inter-Cities Fairs Cup<\/td>\n<td style=\"width: 8.26667%; height: 40px;\">3.kolo<\/td>\n<td style=\"width: 18.4%; height: 40px;\">Manchester United<\/td>\n<td style=\"width: 6.66667%; text-align: center; height: 40px;\">1:2<\/td>\n<td style=\"width: 6.26667%; text-align: center; height: 40px;\">1:1<\/td>\n<td style=\"width: 10.6667%; text-align: center; height: 40px;\"><b>2:3<\/b><\/td>\n<\/tr>\n<tr style=\"height: 40px;\">\n<td style=\"width: 8.66667%; height: 40px;\">1965\/66<\/td>\n<td style=\"width: 22.8%; height: 40px;\">Inter-Cities Fairs Cup<\/td>\n<td style=\"width: 8.26667%; height: 40px;\">1.kolo<\/td>\n<td style=\"width: 18.4%; height: 40px;\">1. FC Norimberk<\/td>\n<td style=\"width: 6.66667%; text-align: center; height: 40px;\">1:0<\/td>\n<td style=\"width: 6.26667%; text-align: center; height: 40px;\">1:1<\/td>\n<td style=\"width: 10.6667%; text-align: center; height: 40px;\"><b>2:1<\/b><\/td>\n<\/tr>\n<tr style=\"height: 40px;\">\n<td style=\"width: 8.66667%; height: 40px;\">1965\/66<\/td>\n<td style=\"width: 22.8%; height: 40px;\">Inter-Cities Fairs Cup<\/td>\n<td style=\"width: 8.26667%; height: 40px;\">2.kolo<\/td>\n<td style=\"width: 18.4%; height: 40px;\">\u00a0\u00dajpest<\/td>\n<td style=\"width: 6.66667%; text-align: center; height: 40px;\">2:1<\/td>\n<td style=\"width: 6.26667%; text-align: center; height: 40px;\">0:3<\/td>\n<td style=\"width: 10.6667%; text-align: center; height: 40px;\"><b>2:4<\/b><\/td>\n<\/tr>\n<tr style=\"height: 40px;\">\n<td style=\"width: 8.66667%; height: 40px;\">1966\/67<\/td>\n<td style=\"width: 22.8%; height: 40px;\">European Cup Winners&#8216; Cup<\/td>\n<td style=\"width: 8.26667%; height: 40px;\">1.kolo<\/td>\n<td style=\"width: 18.4%; height: 40px;\">Aalborg BK<\/td>\n<td style=\"width: 6.66667%; text-align: center; height: 40px;\">2:1<\/td>\n<td style=\"width: 6.26667%; text-align: center; height: 40px;\">0:0<\/td>\n<td style=\"width: 10.6667%; text-align: center; height: 40px;\"><b>2:1<\/b><\/td>\n<\/tr>\n<tr style=\"height: 40px;\">\n<td style=\"width: 8.66667%; height: 40px;\">1966\/67<\/td>\n<td style=\"width: 22.8%; height: 40px;\">European Cup Winners&#8216; Cup<\/td>\n<td style=\"width: 8.26667%; height: 40px;\">2.kolo<\/td>\n<td style=\"width: 18.4%; height: 40px;\"><span class=\"flagicon\">Real Zaragoza<\/span><\/td>\n<td style=\"width: 6.66667%; text-align: center; height: 40px;\">1:0<\/td>\n<td style=\"width: 6.26667%; text-align: center; height: 40px;\">0:2<\/td>\n<td style=\"width: 10.6667%; text-align: center; height: 40px;\"><b>1:2<\/b><\/td>\n<\/tr>\n<\/tbody>\n<\/table>\n","protected":false},"excerpt":{"rendered":"<p>\u010cl\u00e1nek z historie na pokra\u010dov\u00e1n\u00ed v\u00e1m p\u0159in\u00e1\u0161\u00ed souhrn vystoupen\u00ed Toffees v kontinent\u00e1ln\u00edch poh\u00e1rov\u00fdch sout\u011b\u017e\u00edch, kter\u00e1 zapo\u010dala v \u0161edes\u00e1t\u00fdch letech minul\u00e9ho stolet\u00ed.<\/p>\n","protected":false},"author":12,"featured_media":7274,"comment_status":"open","ping_status":"closed","sticky":false,"template":"","format":"standard","meta":{"_eb_attr":"","_monsterinsights_skip_tracking":false,"_monsterinsights_sitenote_active":false,"_monsterinsights_sitenote_note":"","_monsterinsights_sitenote_category":0,"footnotes":""},"categories":[86],"tags":[],"yoast_head":"<!-- This site is optimized with the Yoast SEO plugin v23.4 - https:\/\/yoast.com\/wordpress\/plugins\/seo\/ -->\n<title>Evropsk\u00e1 vystoupen\u00ed - I. d\u00edl - Official Czech &amp; Slovak Everton Supporters&#039; Club<\/title>\n<meta name=\"description\" content=\"Jak si vedl Everton, kdy\u017e se kvalifikoval do evropsk\u00fdch poh\u00e1r\u016f?\" \/>\n<meta name=\"robots\" content=\"index, follow, max-snippet:-1, max-image-preview:large, max-video-preview:-1\" \/>\n<link rel=\"canonical\" href=\"https:\/\/evertonfc.cz\/index.php\/2019\/03\/24\/evropska-vystoupeni-i-dil\/\" \/>\n<meta property=\"og:locale\" content=\"cs_CZ\" \/>\n<meta property=\"og:type\" content=\"article\" \/>\n<meta property=\"og:title\" content=\"Evropsk\u00e1 vystoupen\u00ed - I. d\u00edl - Official Czech &amp; Slovak Everton Supporters&#039; Club\" \/>\n<meta property=\"og:description\" content=\"Jak si vedl Everton, kdy\u017e se kvalifikoval do evropsk\u00fdch poh\u00e1r\u016f?\" \/>\n<meta property=\"og:url\" content=\"https:\/\/evertonfc.cz\/index.php\/2019\/03\/24\/evropska-vystoupeni-i-dil\/\" \/>\n<meta property=\"og:site_name\" content=\"Official Czech &amp; Slovak Everton Supporters&#039; Club\" \/>\n<meta property=\"article:publisher\" content=\"https:\/\/www.facebook.com\/everton.fans.cz.sk\" \/>\n<meta property=\"article:published_time\" content=\"2019-03-24T17:27:49+00:00\" \/>\n<meta property=\"article:modified_time\" content=\"2021-03-12T15:16:15+00:00\" \/>\n<meta property=\"og:image\" content=\"https:\/\/evertonfc.cz\/wp-content\/uploads\/2019\/03\/inter_m_3_2019.jpg\" \/>\n\t<meta property=\"og:image:width\" content=\"720\" \/>\n\t<meta property=\"og:image:height\" content=\"405\" \/>\n\t<meta property=\"og:image:type\" content=\"image\/jpeg\" \/>\n<meta name=\"author\" content=\"Javor\" \/>\n<meta name=\"twitter:card\" content=\"summary_large_image\" \/>\n<meta name=\"twitter:creator\" content=\"@LoudinJan\" \/>\n<meta name=\"twitter:label1\" content=\"Napsal(a)\" \/>\n\t<meta name=\"twitter:data1\" content=\"Javor\" \/>\n\t<meta name=\"twitter:label2\" content=\"Odhadovan\u00e1 doba \u010dten\u00ed\" \/>\n\t<meta name=\"twitter:data2\" content=\"4 minuty\" \/>\n<script type=\"application\/ld+json\" class=\"yoast-schema-graph\">{\"@context\":\"https:\/\/schema.org\",\"@graph\":[{\"@type\":\"Article\",\"@id\":\"https:\/\/evertonfc.cz\/index.php\/2019\/03\/24\/evropska-vystoupeni-i-dil\/#article\",\"isPartOf\":{\"@id\":\"https:\/\/evertonfc.cz\/index.php\/2019\/03\/24\/evropska-vystoupeni-i-dil\/\"},\"author\":{\"name\":\"Javor\",\"@id\":\"https:\/\/evertonfc.cz\/#\/schema\/person\/b30daf6a5852f4811f8207a17ec1bf78\"},\"headline\":\"Evropsk\u00e1 vystoupen\u00ed &#8211; I. d\u00edl\",\"datePublished\":\"2019-03-24T17:27:49+00:00\",\"dateModified\":\"2021-03-12T15:16:15+00:00\",\"mainEntityOfPage\":{\"@id\":\"https:\/\/evertonfc.cz\/index.php\/2019\/03\/24\/evropska-vystoupeni-i-dil\/\"},\"wordCount\":966,\"commentCount\":2,\"publisher\":{\"@id\":\"https:\/\/evertonfc.cz\/#organization\"},\"image\":{\"@id\":\"https:\/\/evertonfc.cz\/index.php\/2019\/03\/24\/evropska-vystoupeni-i-dil\/#primaryimage\"},\"thumbnailUrl\":\"https:\/\/evertonfc.cz\/wp-content\/uploads\/2019\/03\/inter_m_3_2019.jpg\",\"articleSection\":[\"Evropsk\u00e1 vystoupen\u00ed\"],\"inLanguage\":\"cs\",\"potentialAction\":[{\"@type\":\"CommentAction\",\"name\":\"Comment\",\"target\":[\"https:\/\/evertonfc.cz\/index.php\/2019\/03\/24\/evropska-vystoupeni-i-dil\/#respond\"]}]},{\"@type\":\"WebPage\",\"@id\":\"https:\/\/evertonfc.cz\/index.php\/2019\/03\/24\/evropska-vystoupeni-i-dil\/\",\"url\":\"https:\/\/evertonfc.cz\/index.php\/2019\/03\/24\/evropska-vystoupeni-i-dil\/\",\"name\":\"Evropsk\u00e1 vystoupen\u00ed - I. d\u00edl - Official Czech &amp; Slovak Everton Supporters&#039; Club\",\"isPartOf\":{\"@id\":\"https:\/\/evertonfc.cz\/#website\"},\"primaryImageOfPage\":{\"@id\":\"https:\/\/evertonfc.cz\/index.php\/2019\/03\/24\/evropska-vystoupeni-i-dil\/#primaryimage\"},\"image\":{\"@id\":\"https:\/\/evertonfc.cz\/index.php\/2019\/03\/24\/evropska-vystoupeni-i-dil\/#primaryimage\"},\"thumbnailUrl\":\"https:\/\/evertonfc.cz\/wp-content\/uploads\/2019\/03\/inter_m_3_2019.jpg\",\"datePublished\":\"2019-03-24T17:27:49+00:00\",\"dateModified\":\"2021-03-12T15:16:15+00:00\",\"description\":\"Jak si vedl Everton, kdy\u017e se kvalifikoval do evropsk\u00fdch poh\u00e1r\u016f?\",\"breadcrumb\":{\"@id\":\"https:\/\/evertonfc.cz\/index.php\/2019\/03\/24\/evropska-vystoupeni-i-dil\/#breadcrumb\"},\"inLanguage\":\"cs\",\"potentialAction\":[{\"@type\":\"ReadAction\",\"target\":[\"https:\/\/evertonfc.cz\/index.php\/2019\/03\/24\/evropska-vystoupeni-i-dil\/\"]}]},{\"@type\":\"ImageObject\",\"inLanguage\":\"cs\",\"@id\":\"https:\/\/evertonfc.cz\/index.php\/2019\/03\/24\/evropska-vystoupeni-i-dil\/#primaryimage\",\"url\":\"https:\/\/evertonfc.cz\/wp-content\/uploads\/2019\/03\/inter_m_3_2019.jpg\",\"contentUrl\":\"https:\/\/evertonfc.cz\/wp-content\/uploads\/2019\/03\/inter_m_3_2019.jpg\",\"width\":720,\"height\":405},{\"@type\":\"BreadcrumbList\",\"@id\":\"https:\/\/evertonfc.cz\/index.php\/2019\/03\/24\/evropska-vystoupeni-i-dil\/#breadcrumb\",\"itemListElement\":[{\"@type\":\"ListItem\",\"position\":1,\"name\":\"Home\",\"item\":\"https:\/\/evertonfc.cz\/\"},{\"@type\":\"ListItem\",\"position\":2,\"name\":\"Evropsk\u00e1 vystoupen\u00ed &#8211; I. d\u00edl\"}]},{\"@type\":\"WebSite\",\"@id\":\"https:\/\/evertonfc.cz\/#website\",\"url\":\"https:\/\/evertonfc.cz\/\",\"name\":\"Official Czech &amp; Slovak Everton Supporters&#039; Club\",\"description\":\"\",\"publisher\":{\"@id\":\"https:\/\/evertonfc.cz\/#organization\"},\"potentialAction\":[{\"@type\":\"SearchAction\",\"target\":{\"@type\":\"EntryPoint\",\"urlTemplate\":\"https:\/\/evertonfc.cz\/?s={search_term_string}\"},\"query-input\":{\"@type\":\"PropertyValueSpecification\",\"valueRequired\":true,\"valueName\":\"search_term_string\"}}],\"inLanguage\":\"cs\"},{\"@type\":\"Organization\",\"@id\":\"https:\/\/evertonfc.cz\/#organization\",\"name\":\"Official Czech & Slovak Everton Supporters' Club\",\"url\":\"https:\/\/evertonfc.cz\/\",\"logo\":{\"@type\":\"ImageObject\",\"inLanguage\":\"cs\",\"@id\":\"https:\/\/evertonfc.cz\/#\/schema\/logo\/image\/\",\"url\":\"https:\/\/evertonfc.cz\/wp-content\/uploads\/2019\/05\/logo.png\",\"contentUrl\":\"https:\/\/evertonfc.cz\/wp-content\/uploads\/2019\/05\/logo.png\",\"width\":112,\"height\":112,\"caption\":\"Official Czech & Slovak Everton Supporters' Club\"},\"image\":{\"@id\":\"https:\/\/evertonfc.cz\/#\/schema\/logo\/image\/\"},\"sameAs\":[\"https:\/\/www.facebook.com\/everton.fans.cz.sk\"]},{\"@type\":\"Person\",\"@id\":\"https:\/\/evertonfc.cz\/#\/schema\/person\/b30daf6a5852f4811f8207a17ec1bf78\",\"name\":\"Javor\",\"sameAs\":[\"https:\/\/x.com\/LoudinJan\"],\"url\":\"https:\/\/evertonfc.cz\/index.php\/author\/javor\/\"}]}<\/script>\n<!-- \/ Yoast SEO plugin. -->","yoast_head_json":{"title":"Evropsk\u00e1 vystoupen\u00ed - I. d\u00edl - Official Czech &amp; Slovak Everton Supporters&#039; Club","description":"Jak si vedl Everton, kdy\u017e se kvalifikoval do evropsk\u00fdch poh\u00e1r\u016f?","robots":{"index":"index","follow":"follow","max-snippet":"max-snippet:-1","max-image-preview":"max-image-preview:large","max-video-preview":"max-video-preview:-1"},"canonical":"https:\/\/evertonfc.cz\/index.php\/2019\/03\/24\/evropska-vystoupeni-i-dil\/","og_locale":"cs_CZ","og_type":"article","og_title":"Evropsk\u00e1 vystoupen\u00ed - I. d\u00edl - Official Czech &amp; Slovak Everton Supporters&#039; Club","og_description":"Jak si vedl Everton, kdy\u017e se kvalifikoval do evropsk\u00fdch poh\u00e1r\u016f?","og_url":"https:\/\/evertonfc.cz\/index.php\/2019\/03\/24\/evropska-vystoupeni-i-dil\/","og_site_name":"Official Czech &amp; Slovak Everton Supporters&#039; Club","article_publisher":"https:\/\/www.facebook.com\/everton.fans.cz.sk","article_published_time":"2019-03-24T17:27:49+00:00","article_modified_time":"2021-03-12T15:16:15+00:00","og_image":[{"width":720,"height":405,"url":"https:\/\/evertonfc.cz\/wp-content\/uploads\/2019\/03\/inter_m_3_2019.jpg","type":"image\/jpeg"}],"author":"Javor","twitter_card":"summary_large_image","twitter_creator":"@LoudinJan","twitter_misc":{"Napsal(a)":"Javor","Odhadovan\u00e1 doba \u010dten\u00ed":"4 minuty"},"schema":{"@context":"https:\/\/schema.org","@graph":[{"@type":"Article","@id":"https:\/\/evertonfc.cz\/index.php\/2019\/03\/24\/evropska-vystoupeni-i-dil\/#article","isPartOf":{"@id":"https:\/\/evertonfc.cz\/index.php\/2019\/03\/24\/evropska-vystoupeni-i-dil\/"},"author":{"name":"Javor","@id":"https:\/\/evertonfc.cz\/#\/schema\/person\/b30daf6a5852f4811f8207a17ec1bf78"},"headline":"Evropsk\u00e1 vystoupen\u00ed &#8211; I. d\u00edl","datePublished":"2019-03-24T17:27:49+00:00","dateModified":"2021-03-12T15:16:15+00:00","mainEntityOfPage":{"@id":"https:\/\/evertonfc.cz\/index.php\/2019\/03\/24\/evropska-vystoupeni-i-dil\/"},"wordCount":966,"commentCount":2,"publisher":{"@id":"https:\/\/evertonfc.cz\/#organization"},"image":{"@id":"https:\/\/evertonfc.cz\/index.php\/2019\/03\/24\/evropska-vystoupeni-i-dil\/#primaryimage"},"thumbnailUrl":"https:\/\/evertonfc.cz\/wp-content\/uploads\/2019\/03\/inter_m_3_2019.jpg","articleSection":["Evropsk\u00e1 vystoupen\u00ed"],"inLanguage":"cs","potentialAction":[{"@type":"CommentAction","name":"Comment","target":["https:\/\/evertonfc.cz\/index.php\/2019\/03\/24\/evropska-vystoupeni-i-dil\/#respond"]}]},{"@type":"WebPage","@id":"https:\/\/evertonfc.cz\/index.php\/2019\/03\/24\/evropska-vystoupeni-i-dil\/","url":"https:\/\/evertonfc.cz\/index.php\/2019\/03\/24\/evropska-vystoupeni-i-dil\/","name":"Evropsk\u00e1 vystoupen\u00ed - I. d\u00edl - Official Czech &amp; Slovak Everton Supporters&#039; Club","isPartOf":{"@id":"https:\/\/evertonfc.cz\/#website"},"primaryImageOfPage":{"@id":"https:\/\/evertonfc.cz\/index.php\/2019\/03\/24\/evropska-vystoupeni-i-dil\/#primaryimage"},"image":{"@id":"https:\/\/evertonfc.cz\/index.php\/2019\/03\/24\/evropska-vystoupeni-i-dil\/#primaryimage"},"thumbnailUrl":"https:\/\/evertonfc.cz\/wp-content\/uploads\/2019\/03\/inter_m_3_2019.jpg","datePublished":"2019-03-24T17:27:49+00:00","dateModified":"2021-03-12T15:16:15+00:00","description":"Jak si vedl Everton, kdy\u017e se kvalifikoval do evropsk\u00fdch poh\u00e1r\u016f?","breadcrumb":{"@id":"https:\/\/evertonfc.cz\/index.php\/2019\/03\/24\/evropska-vystoupeni-i-dil\/#breadcrumb"},"inLanguage":"cs","potentialAction":[{"@type":"ReadAction","target":["https:\/\/evertonfc.cz\/index.php\/2019\/03\/24\/evropska-vystoupeni-i-dil\/"]}]},{"@type":"ImageObject","inLanguage":"cs","@id":"https:\/\/evertonfc.cz\/index.php\/2019\/03\/24\/evropska-vystoupeni-i-dil\/#primaryimage","url":"https:\/\/evertonfc.cz\/wp-content\/uploads\/2019\/03\/inter_m_3_2019.jpg","contentUrl":"https:\/\/evertonfc.cz\/wp-content\/uploads\/2019\/03\/inter_m_3_2019.jpg","width":720,"height":405},{"@type":"BreadcrumbList","@id":"https:\/\/evertonfc.cz\/index.php\/2019\/03\/24\/evropska-vystoupeni-i-dil\/#breadcrumb","itemListElement":[{"@type":"ListItem","position":1,"name":"Home","item":"https:\/\/evertonfc.cz\/"},{"@type":"ListItem","position":2,"name":"Evropsk\u00e1 vystoupen\u00ed &#8211; I. d\u00edl"}]},{"@type":"WebSite","@id":"https:\/\/evertonfc.cz\/#website","url":"https:\/\/evertonfc.cz\/","name":"Official Czech &amp; Slovak Everton Supporters&#039; Club","description":"","publisher":{"@id":"https:\/\/evertonfc.cz\/#organization"},"potentialAction":[{"@type":"SearchAction","target":{"@type":"EntryPoint","urlTemplate":"https:\/\/evertonfc.cz\/?s={search_term_string}"},"query-input":{"@type":"PropertyValueSpecification","valueRequired":true,"valueName":"search_term_string"}}],"inLanguage":"cs"},{"@type":"Organization","@id":"https:\/\/evertonfc.cz\/#organization","name":"Official Czech & Slovak Everton Supporters' Club","url":"https:\/\/evertonfc.cz\/","logo":{"@type":"ImageObject","inLanguage":"cs","@id":"https:\/\/evertonfc.cz\/#\/schema\/logo\/image\/","url":"https:\/\/evertonfc.cz\/wp-content\/uploads\/2019\/05\/logo.png","contentUrl":"https:\/\/evertonfc.cz\/wp-content\/uploads\/2019\/05\/logo.png","width":112,"height":112,"caption":"Official Czech & Slovak Everton Supporters' Club"},"image":{"@id":"https:\/\/evertonfc.cz\/#\/schema\/logo\/image\/"},"sameAs":["https:\/\/www.facebook.com\/everton.fans.cz.sk"]},{"@type":"Person","@id":"https:\/\/evertonfc.cz\/#\/schema\/person\/b30daf6a5852f4811f8207a17ec1bf78","name":"Javor","sameAs":["https:\/\/x.com\/LoudinJan"],"url":"https:\/\/evertonfc.cz\/index.php\/author\/javor\/"}]}},"_links":{"self":[{"href":"https:\/\/evertonfc.cz\/index.php\/wp-json\/wp\/v2\/posts\/7135"}],"collection":[{"href":"https:\/\/evertonfc.cz\/index.php\/wp-json\/wp\/v2\/posts"}],"about":[{"href":"https:\/\/evertonfc.cz\/index.php\/wp-json\/wp\/v2\/types\/post"}],"author":[{"embeddable":true,"href":"https:\/\/evertonfc.cz\/index.php\/wp-json\/wp\/v2\/users\/12"}],"replies":[{"embeddable":true,"href":"https:\/\/evertonfc.cz\/index.php\/wp-json\/wp\/v2\/comments?post=7135"}],"version-history":[{"count":21,"href":"https:\/\/evertonfc.cz\/index.php\/wp-json\/wp\/v2\/posts\/7135\/revisions"}],"predecessor-version":[{"id":14615,"href":"https:\/\/evertonfc.cz\/index.php\/wp-json\/wp\/v2\/posts\/7135\/revisions\/14615"}],"wp:featuredmedia":[{"embeddable":true,"href":"https:\/\/evertonfc.cz\/index.php\/wp-json\/wp\/v2\/media\/7274"}],"wp:attachment":[{"href":"https:\/\/evertonfc.cz\/index.php\/wp-json\/wp\/v2\/media?parent=7135"}],"wp:term":[{"taxonomy":"category","embeddable":true,"href":"https:\/\/evertonfc.cz\/index.php\/wp-json\/wp\/v2\/categories?post=7135"},{"taxonomy":"post_tag","embeddable":true,"href":"https:\/\/evertonfc.cz\/index.php\/wp-json\/wp\/v2\/tags?post=7135"}],"curies":[{"name":"wp","href":"https:\/\/api.w.org\/{rel}","templated":true}]}}