{"id":7216,"date":"2019-03-26T21:43:38","date_gmt":"2019-03-26T20:43:38","guid":{"rendered":"https:\/\/evertonfc.cz\/?p=7216"},"modified":"2019-03-28T16:34:26","modified_gmt":"2019-03-28T15:34:26","slug":"sigurdsson-nepravem-zpochybnovany-tahoun","status":"publish","type":"post","link":"https:\/\/evertonfc.cz\/index.php\/2019\/03\/26\/sigurdsson-nepravem-zpochybnovany-tahoun\/","title":{"rendered":"Sigurdsson &#8211; nepr\u00e1vem zpochyb\u0148ovan\u00fd tahoun"},"content":{"rendered":"<h4>T\u00fdden star\u00e1 v\u00fdhra 2:0 s lond\u00fdnskou Chelsea tak trochu reflektovala leto\u0161n\u00ed sez\u00f3nu Evertonu. Znepokojuj\u00edc\u00ed prvn\u00ed polo\u010das, v n\u011bm\u017e soupe\u0159 dominoval, vyst\u0159\u00eddala velice vyda\u0159en\u00e1 druh\u00e1 \u010d\u00e1st z\u00e1pasu, co\u017e vyvol\u00e1v\u00e1 logickou ot\u00e1zku: <em style=\"font-family: inherit; letter-spacing: -0.02em;\">\u201ePro\u010d Toffees nehraj\u00ed podobn\u011b dob\u0159e cel\u00fd \u010das?\u201c<\/em><\/h4>\n<p>P\u0159edlohou tohoto \u010dl\u00e1nku se stala anal\u00fdza novin\u00e1\u0159e Toma Clarka z tradi\u010dn\u00edho britsk\u00e9ho den\u00edku The Times. Clarke se ve sv\u00e9m pravideln\u00e9m sloupku tentokr\u00e1t zam\u011b\u0159il na vliv Gylfiho Sigurdssona na hru Evertonu, kter\u00fd v leto\u0161n\u00ed sez\u00f3n\u011b zaost\u00e1v\u00e1 za o\u010dek\u00e1v\u00e1n\u00edm a sedm kol p\u0159ed koncem ro\u010dn\u00edku se nach\u00e1z\u00ed a\u017e na 11. p\u0159\u00ed\u010dce tabulky.<\/p>\n<h4><strong>St\u0159ely a standardky \u2013 a co d\u00e1le?<\/strong><\/h4>\n<p>Marco Silva, jen\u017e ve funkci mana\u017eera Evertonu p\u016fsob\u00ed u\u017e t\u00e9m\u011b\u0159 deset m\u011bs\u00edc\u016f, i p\u0159es neust\u00e1l\u00e9 hled\u00e1n\u00ed optim\u00e1ln\u00edho slo\u017een\u00ed \u00fatoku pravideln\u011b vyb\u00edr\u00e1 jedno jm\u00e9no. Gylfi Sigurdsson p\u0159edstavuje po brank\u00e1\u0159i Pickfordovi druh\u00e9ho nejvyt\u011b\u017eovan\u011bj\u0161\u00edho hr\u00e1\u010de Evertonu v aktu\u00e1ln\u00edm ligov\u00e9m ro\u010dn\u00edku.<\/p>\n<p><img loading=\"lazy\" decoding=\"async\" class=\"size-full wp-image-7104 aligncenter\" src=\"https:\/\/evertonfc.cz\/wp-content\/uploads\/2019\/03\/gylfi_clanek.png\" alt=\"\" width=\"640\" height=\"426\" srcset=\"https:\/\/evertonfc.cz\/wp-content\/uploads\/2019\/03\/gylfi_clanek.png 640w, https:\/\/evertonfc.cz\/wp-content\/uploads\/2019\/03\/gylfi_clanek-300x200.png 300w\" sizes=\"(max-width: 640px) 100vw, 640px\" \/><\/p>\n<p>Vysok\u00fd po\u010det Sigurdssonov\u00fdch start\u016f v z\u00e1kladn\u00ed sestav\u011b a odehran\u00fdch minut je ve zna\u010dn\u00e9m kontrastu s neust\u00e1lou rotac\u00ed ostatn\u00edch \u00fato\u010dn\u00fdch hr\u00e1\u010d\u016f. Na t\u0159ech pozic\u00edch se pravideln\u011b st\u0159\u00eddaj\u00ed Bernard, Dominic Calvert-Lewin, Ademola Lookman, Cenk Tosun a Theo Walcott. St\u00e1lej\u0161\u00edmu m\u00edstu v \u00favodn\u00ed jeden\u00e1ctce se krom\u011b Sigurdssona t\u011b\u0161\u00ed u\u017e pouze Richarlison, jeho\u017e statistiky ale sni\u017euje t\u0159\u00edz\u00e1pasov\u00e1 stopka za vylou\u010den\u00ed z \u00favodu sez\u00f3ny.<\/p>\n<p>Na hrotu \u00fatoku bojuj\u00ed o pozici prvn\u00edho \u00fato\u010dn\u00edka Calvert Lewin a Tosun, p\u0159i\u010dem\u017e se zd\u00e1, \u017ee \u00fasp\u011b\u0161n\u011bj\u0161\u00ed bude prvn\u011b jmenovan\u00fd, a na k\u0159\u00eddlech v\u011bt\u0161inou zab\u00edr\u00e1 prvn\u00ed m\u00edsto pr\u00e1v\u011b Richarlison a o druh\u00e9 se rozhoduje mezi Bernardem, Lookmanem a Walcottem. Obsazen\u00ed jednoho postu je ale v drtiv\u00e9 v\u011bt\u0161in\u011b p\u0159\u00edpad\u016f p\u0159edem dan\u00e9 \u2013 pozici \u010d\u00edsla 10 m\u00e1 rezervovanou Gylfi Sigurdsson.<\/p>\n<p>Zku\u0161en\u00fd z\u00e1lo\u017en\u00edk p\u0159estoupil do Evertonu v l\u00e9t\u011b 2017 ze Swansea City za rekordn\u00ed sumu v historii Evertonu, ta se p\u0159i napln\u011bn\u00ed bonusov\u00fdch klauzul\u00ed m\u016f\u017ee nav\u00fd\u0161it o p\u011bt milion\u016f a\u017e na 45 milion\u016f liber. Toffees ale b\u011bhem stejn\u00e9ho p\u0159estupov\u00e9ho obdob\u00ed paradoxn\u011b anga\u017eovali dal\u0161\u00ed dva hr\u00e1\u010de, kte\u0159\u00ed se rovn\u011b\u017e c\u00edt\u00ed nejkomfortn\u011bji na podhrotov\u00e9 pozici a kte\u0159\u00ed klub st\u00e1li zna\u010dn\u00e9 pen\u00edze. Z Manchesteru United se vr\u00e1til na Goodison Park Wayne Rooney a z Ajaxu dorazil Davy Klaassen.<\/p>\n<p>Experiment se t\u0159emi tv\u016frci hry v jedn\u00e9 jeden\u00e1ctce ov\u0161em nevy\u0161el a v Evertonu po roce z\u016fstal jenom Sigurdsson.<\/p>\n<p>Pro\u010d se tedy Sigurdsson stal tak d\u016fle\u017eit\u00fdm hr\u00e1\u010dem?<\/p>\n<p>V leto\u0161n\u00ed sez\u00f3n\u011b se s Richarlisonem d\u011bl\u00ed o prim\u00e1t nejlep\u0161\u00ed st\u0159elce t\u00fdmu s 12 ligov\u00fdmi brankami, a nepo\u010d\u00edtaj\u00ed-li se pokutov\u00e9 kopy (Islan\u010fan neprom\u011bnil t\u0159i penalty z posledn\u00edch p\u011bti zahr\u00e1van\u00fdch, p\u0159edt\u00edm ale sk\u00f3roval z b\u00edl\u00e9ho punt\u00edku \u0161estkr\u00e1t v \u0159ad\u011b), 29let\u00fd rod\u00e1k z Reykjav\u00edku je bezesporu velmi dobr\u00fdm zakon\u010dovatelem.<\/p>\n<p>Jak ukazuje tabulka n\u00ed\u017ee, mezi v\u0161emi z\u00e1lo\u017en\u00edky leto\u0161n\u00ed ligov\u00e9 sez\u00f3ny zauj\u00edm\u00e1 druh\u00e9 m\u00edsto v po\u010dtu celkov\u00fdch st\u0159el i st\u0159el na br\u00e1nu.<\/p>\n<p><img loading=\"lazy\" decoding=\"async\" class=\"size-full wp-image-7107 aligncenter\" src=\"https:\/\/evertonfc.cz\/wp-content\/uploads\/2019\/03\/gylfi_clanek2_3_2019.png\" alt=\"\" width=\"640\" height=\"426\" srcset=\"https:\/\/evertonfc.cz\/wp-content\/uploads\/2019\/03\/gylfi_clanek2_3_2019.png 640w, https:\/\/evertonfc.cz\/wp-content\/uploads\/2019\/03\/gylfi_clanek2_3_2019-300x200.png 300w\" sizes=\"(max-width: 640px) 100vw, 640px\" \/><\/p>\n<p>Sigurdsson rovn\u011b\u017e vynik\u00e1 v dovednosti vytv\u00e1\u0159en\u00ed \u0161anc\u00ed. V prob\u00edhaj\u00edc\u00edm ligov\u00e9m ro\u010dn\u00edku jich pro sv\u00e9 spoluhr\u00e1\u010de p\u0159ipravil 53, v Evertonu ho v t\u00e9to statistice por\u00e1\u017e\u00ed pouze lev\u00fd obr\u00e1nce Lucas Digne s 55 vytvo\u0159en\u00fdmi \u0161ancemi.<\/p>\n<p>V konkurenci v\u0161ech z\u00e1lo\u017en\u00edk\u016f Premier League je potom Sigurdsson na \u0161est\u00e9 p\u0159\u00ed\u010dce, p\u0159i\u010dem\u017e hned 26 \u0161anc\u00ed p\u0159ipravil kopy ze standardn\u00edch situac\u00ed.<\/p>\n<p><img loading=\"lazy\" decoding=\"async\" class=\"size-full wp-image-7111 aligncenter\" src=\"https:\/\/evertonfc.cz\/wp-content\/uploads\/2019\/03\/gylfi_clanek3_3_2019.png\" alt=\"\" width=\"640\" height=\"426\" srcset=\"https:\/\/evertonfc.cz\/wp-content\/uploads\/2019\/03\/gylfi_clanek3_3_2019.png 640w, https:\/\/evertonfc.cz\/wp-content\/uploads\/2019\/03\/gylfi_clanek3_3_2019-300x200.png 300w\" sizes=\"(max-width: 640px) 100vw, 640px\" \/><\/p>\n<p>P\u0159i zkoum\u00e1n\u00ed dal\u0161\u00edch statistik d\u016fle\u017eit\u00fdch pro ofenzivn\u00ed hr\u00e1\u010de, jako jsou asistence, dotyky s m\u00ed\u010dem a presink (respektive z\u00edsk\u00e1v\u00e1n\u00ed m\u00ed\u010d\u016f) nicm\u00e9n\u011b Sigurdssona najdeme mimo 20 nejlep\u0161\u00edch ligov\u00fdch z\u00e1lo\u017en\u00edk\u016f.<\/p>\n<p>Rychl\u00e9 zhodnocen\u00ed Sigurdsonovy hry by tak mohlo zn\u00edt takto: fotbalista s v\u00fdbornou st\u0159elou ze st\u0159edn\u00ed a del\u0161\u00ed vzd\u00e1lenosti, s efektivn\u00edm zahr\u00e1v\u00e1n\u00edm standardn\u00edch situac\u00ed i roh\u016f a s nadpr\u016fm\u011brn\u00fdm v\u00fdb\u011brem m\u00edsta.<\/p>\n<p>Je v\u0161ak neuv\u00e1\u017een\u00e9 posuzovat hr\u00e1\u010de v\u00fdlu\u010dn\u011b na z\u00e1klad\u011b statistick\u00fdch \u00fadaj\u016f a bez dal\u0161\u00edho kontextu. Coby d\u016fkaz poslou\u017e\u00ed Sigurdssonovo p\u0159edstaven\u00ed <a href=\"https:\/\/evertonfc.cz\/index.php\/2019\/03\/17\/everton-chelsea-2-0-17-3-2019\/\" target=\"_blank\" rel=\"noopener noreferrer\">ve zm\u00edn\u011bn\u00e9m v\u00edt\u011bzn\u00e9m utk\u00e1n\u00ed s Chelsea<\/a> ze sam\u00e9ho \u00favodu \u010dl\u00e1nku.<\/p>\n<h4>Co n\u00e1m statistiky ne\u0159eknou<\/h4>\n<p>N\u00e1sleduj\u00edc\u00ed obr\u00e1zek zachycuje nejv\u011bt\u0161\u00ed \u0161anci Toffees z utr\u00e1pen\u00e9ho prvn\u00edho polo\u010dasu.<\/p>\n<p><img loading=\"lazy\" decoding=\"async\" class=\"size-full wp-image-7112 aligncenter\" src=\"https:\/\/evertonfc.cz\/wp-content\/uploads\/2019\/03\/gylfi_clanek4_3_2019.png\" alt=\"\" width=\"640\" height=\"381\" srcset=\"https:\/\/evertonfc.cz\/wp-content\/uploads\/2019\/03\/gylfi_clanek4_3_2019.png 640w, https:\/\/evertonfc.cz\/wp-content\/uploads\/2019\/03\/gylfi_clanek4_3_2019-300x179.png 300w\" sizes=\"(max-width: 640px) 100vw, 640px\" \/><\/p>\n<p>Siggurdson, dost\u00e1vaj\u00edce sv\u00e9 pov\u011bsti, ide\u00e1ln\u011b zahran\u00fdm trestn\u00fdm kopem vyb\u00eddl ke sk\u00f3rov\u00e1n\u00ed Calverta-Lewina, kter\u00fd nakonec hlavi\u010dkoval nad br\u00e1nu. D\u016fle\u017eit\u00fd moment se ale odehr\u00e1l u\u017e p\u0159ed samotnou standardn\u00ed situac\u00ed, jak ukazuje obr\u00e1zek n\u00ed\u017ee.<\/p>\n<p><img loading=\"lazy\" decoding=\"async\" class=\"size-full wp-image-7113 aligncenter\" src=\"https:\/\/evertonfc.cz\/wp-content\/uploads\/2019\/03\/gylfi_clanek5_3_2019.png\" alt=\"\" width=\"640\" height=\"426\" srcset=\"https:\/\/evertonfc.cz\/wp-content\/uploads\/2019\/03\/gylfi_clanek5_3_2019.png 640w, https:\/\/evertonfc.cz\/wp-content\/uploads\/2019\/03\/gylfi_clanek5_3_2019-300x200.png 300w\" sizes=\"(max-width: 640px) 100vw, 640px\" \/><\/p>\n<p>Ross Barkley nedok\u00e1zal utlumit sk\u00e1kaj\u00edc\u00ed balon a po nepoveden\u00e9m dotyku mu odsko\u010dil do vzduchu. Sigurdsson rychle zareagoval a v okam\u017eiku sekundy se rozhodl pro chytr\u00e9 \u0159e\u0161en\u00ed. Nesna\u017eil se zpracovat m\u00ed\u010d, n\u00fdbr\u017e ho nezi\u0161tn\u011b posunul k Richarlisonovi, kter\u00fd vyu\u017eil sv\u00e9ho zrychlen\u00ed na prvn\u00edch metrech, z \u010deho\u017e pramenil faul Marcose Alonsa a v\u00fd\u0161e na\u010drtnut\u00fd trestn\u00fd kop.<\/p>\n<p>Ve druh\u00e9m polo\u010dase byl Sigurdsson v\u00edce zapojen do utk\u00e1n\u00ed a v\u00fdkon Evertonu se r\u00e1zem zlep\u0161il. Evertonsk\u00e9 \u010d\u00edslo 10 hr\u00e1lo d\u016fle\u017eitou roli u\u017e p\u0159i \u00favodn\u00ed brance ve 49. minut\u011b.<\/p>\n<p>Nejefektivn\u011bj\u0161\u00ed cesta ke zdol\u00e1n\u00ed tohtoro\u010dn\u00ed Chelsea vede p\u0159es dominanci nad Jorginhem, st\u0159edobodem cel\u00e9ho hern\u00edho syst\u00e9mu Lond\u00fd\u0148an\u016f. A to Sigurdssonovi poda\u0159ilo. Poprv\u00e9 nachytal Itala v nedbalk\u00e1ch p\u0159i br\u00e1n\u011bn\u00ed, kdy\u017e se od n\u011bho odpoutal a p\u0159ihr\u00e1vkou do voln\u00e9ho prostoru vyzval ke sprintu Seamuse Colemana.<\/p>\n<p><img loading=\"lazy\" decoding=\"async\" class=\"size-full wp-image-7114 aligncenter\" src=\"https:\/\/evertonfc.cz\/wp-content\/uploads\/2019\/03\/gylfi_clanek6_3_2019.png\" alt=\"\" width=\"640\" height=\"426\" srcset=\"https:\/\/evertonfc.cz\/wp-content\/uploads\/2019\/03\/gylfi_clanek6_3_2019.png 640w, https:\/\/evertonfc.cz\/wp-content\/uploads\/2019\/03\/gylfi_clanek6_3_2019-300x200.png 300w\" sizes=\"(max-width: 640px) 100vw, 640px\" \/><\/p>\n<p>Jorginho nedostoupil Sigurdssona, kter\u00fd poskytnut\u00e9ho \u010dasu a m\u00edsta a vyb\u00eddl Colemana k sprintersk\u00e9mu souboji s Alonsem. V n\u011bm prav\u00fd obr\u00e1nce Toffees triumfoval a v dal\u0161\u00edm postup na br\u00e1nu ho zastavil a\u017e stoper Luiz. I tak ale Everton dostal p\u0159\u00edle\u017eitost rohov\u00e9ho kopu, z n\u011bho\u017e po Sigurdssonov\u011b centru brank\u00e1\u0159 Kepa vyrazil hlavi\u010dku Calverta-Lewina pouze p\u0159ed sebe a ve skrum\u00e1\u017ei se nejhbit\u011bji zorientoval Richarlison, jen\u017e otev\u0159el sk\u00f3re duelu.<\/p>\n<p>Sigurdssonova dal\u0161\u00ed \u00fasp\u011b\u0161n\u00e1 akce na sebe nenechala dlouho. Calvert-Lewin odt\u00e1hl stopera R\u00fcdigera a\u017e k postrann\u00ed lajn\u011b, a tak vznikla mezera ve st\u0159edu obrany Chelsea. Defenziv\u011b host\u016f nav\u00edc nepomohl ani Jorginho, op\u011bt nebr\u00e1nil Sigurdssona dostate\u010dn\u011b t\u011bsn\u011b.<\/p>\n<p><img loading=\"lazy\" decoding=\"async\" class=\"size-full wp-image-7115 aligncenter\" src=\"https:\/\/evertonfc.cz\/wp-content\/uploads\/2019\/03\/gylfi_clanek7_3_2019.png\" alt=\"\" width=\"640\" height=\"426\" srcset=\"https:\/\/evertonfc.cz\/wp-content\/uploads\/2019\/03\/gylfi_clanek7_3_2019.png 640w, https:\/\/evertonfc.cz\/wp-content\/uploads\/2019\/03\/gylfi_clanek7_3_2019-300x200.png 300w\" sizes=\"(max-width: 640px) 100vw, 640px\" \/><\/p>\n<p>Dob\u00edhaj\u00edc\u00ed Jorginho se svou chybu sna\u017eil napravit skluzem, Sigurdsson v\u0161ak tento z\u00e1m\u011br vystihl, t\u011blem si dob\u0159e pokryl m\u00ed\u010d a oto\u010dkou se Jorginha zbavil.<\/p>\n<p><img loading=\"lazy\" decoding=\"async\" class=\"size-full wp-image-7116 aligncenter\" src=\"https:\/\/evertonfc.cz\/wp-content\/uploads\/2019\/03\/gylfi_clanek8_3_2019.png\" alt=\"\" width=\"640\" height=\"426\" srcset=\"https:\/\/evertonfc.cz\/wp-content\/uploads\/2019\/03\/gylfi_clanek8_3_2019.png 640w, https:\/\/evertonfc.cz\/wp-content\/uploads\/2019\/03\/gylfi_clanek8_3_2019-300x200.png 300w\" sizes=\"(max-width: 640px) 100vw, 640px\" \/><\/p>\n<p>Sigurdsson se posl\u00e9ze okam\u017eite rozeb\u011bhl s m\u00ed\u010dem na noze vst\u0159\u00edc nezkoordinovan\u00e9 obran\u011b Chelsea a p\u0159ihr\u00e1vkou doleva oslovil Calverta-Lewina, aby s\u00e1m pokra\u010doval v b\u011bhu do v\u00e1pna v o\u010dek\u00e1v\u00e1n\u00ed na centr.<\/p>\n<p><img loading=\"lazy\" decoding=\"async\" class=\"size-full wp-image-7117 aligncenter\" src=\"https:\/\/evertonfc.cz\/wp-content\/uploads\/2019\/03\/gylfi_clanek9_3_2019.png\" alt=\"\" width=\"640\" height=\"426\" srcset=\"https:\/\/evertonfc.cz\/wp-content\/uploads\/2019\/03\/gylfi_clanek9_3_2019.png 640w, https:\/\/evertonfc.cz\/wp-content\/uploads\/2019\/03\/gylfi_clanek9_3_2019-300x200.png 300w\" sizes=\"(max-width: 640px) 100vw, 640px\" \/><\/p>\n<p>Centr Calverta-Lewina byl sice odvr\u00e1cen, cel\u00e1 akce m\u011bla ale poslou\u017eit jako varov\u00e1n\u00ed pro Jorginha a celou Chelsea, \u017ee Sigurdsson za\u010d\u00edn\u00e1 dirigovat hru a mus\u00ed b\u00fdt br\u00e1n\u011bn zodpov\u011bdn\u011bji, \u010di dokonce a\u017e zdvojov\u00e1n.<\/p>\n<p>Jen\u017ee host\u00e9 varov\u00e1n\u00ed ignorovali a Sigurdsson\u016fv v\u00fdkon nar\u016fstal s p\u0159ib\u00fdvaj\u00edc\u00edmi minutami. Po p\u0159ijet\u00ed autov\u00e9ho vhazov\u00e1n\u00ed Colemana si dokonce dovolil technickou finesu.<\/p>\n<p><img loading=\"lazy\" decoding=\"async\" class=\"size-full wp-image-7118 aligncenter\" src=\"https:\/\/evertonfc.cz\/wp-content\/uploads\/2019\/03\/gylfi_clanek10_3_2019.png\" alt=\"\" width=\"640\" height=\"426\" srcset=\"https:\/\/evertonfc.cz\/wp-content\/uploads\/2019\/03\/gylfi_clanek10_3_2019.png 640w, https:\/\/evertonfc.cz\/wp-content\/uploads\/2019\/03\/gylfi_clanek10_3_2019-300x200.png 300w\" sizes=\"(max-width: 640px) 100vw, 640px\" \/><\/p>\n<p>Jorginho op\u011bt nedostoupil Sigurdssona, kter\u00fd pati\u010dkou posunul m\u00ed\u010d na vhodn\u011b nab\u00edhaj\u00edc\u00edho Colemana, jen\u017e byl zastaven na hranici pokutov\u00e9ho \u00fazem\u00ed. Uvoln\u011bn\u00e9ho m\u00ed\u010de se ale zmocnil Richarlison a vybojoval penaltu. K pokutov\u00e9mu kopu se postavil Sigurdsson a z dor\u00e1\u017eky pe\u010detil v\u00fdhru Evertonu.<\/p>\n<p>Posledn\u00ed obr\u00e1zek zachycuje Sigurdssona na po\u010d\u00e1tku dal\u0161\u00ed \u0161ance Toffees.<\/p>\n<p><img loading=\"lazy\" decoding=\"async\" class=\"size-full wp-image-7120 aligncenter\" src=\"https:\/\/evertonfc.cz\/wp-content\/uploads\/2019\/03\/gylfi_clanek12_3_2019.png\" alt=\"\" width=\"640\" height=\"426\" srcset=\"https:\/\/evertonfc.cz\/wp-content\/uploads\/2019\/03\/gylfi_clanek12_3_2019.png 640w, https:\/\/evertonfc.cz\/wp-content\/uploads\/2019\/03\/gylfi_clanek12_3_2019-300x200.png 300w\" sizes=\"(max-width: 640px) 100vw, 640px\" \/><\/p>\n<p>Po p\u0159evzet\u00ed p\u0159ihr\u00e1vky od Calverta-Lewina \u201c\u010deskou uli\u010dkou\u201c vypracoval ide\u00e1ln\u00ed p\u0159\u00edle\u017eitost ke sk\u00f3rov\u00e1n\u00ed pro Walcotta, jeho\u017e st\u0159ela byla chycena.<\/p>\n<h4>Spr\u00e1vn\u011b vyu\u017e\u00edvan\u00fd Sigurdsson kl\u00ed\u010dem k \u00fasp\u011bchu<\/h4>\n<p>V\u00fd\u0161e zachycen\u00e9 fragmenty dokazuj\u00ed, \u017ee Sigurdsson je mozkem ofenzivn\u00edch akc\u00ed Evertonu. Svou silou v osobn\u00edch souboj\u00edch, technickou zdatnost\u00ed a citem pro p\u0159ihr\u00e1vku vytv\u00e1\u0159\u00ed \u0161ance pro sv\u00e9 spoluhr\u00e1\u010dem nejen ze standardn\u00edch situac\u00ed, n\u00fdbr\u017e tak\u00e9 z plynouc\u00ed hry. Na obou brank\u00e1ch se pod\u00edlel lv\u00edm pod\u00edlem, ani\u017e by p\u0159itom roz\u0161\u00ed\u0159il sv\u00e9 statistiky vytvo\u0159en\u00fdch \u0161anc\u00ed.<\/p>\n<p>\u017deb\u0159\u00ed\u010dku hr\u00e1\u010d\u016f s nejv\u00edce vytvo\u0159en\u00fdmi \u0161ancemi v Premier League od srpna 2016 v\u00e9vod\u00ed p\u011btice Christian Eriksen (257), Kevin De Bruyne (230), Mesut \u00d6zil (218), David Silva (202) a Sigurdsson (171).<\/p>\n<p>Tento \u00fadaj neznamen\u00e1, \u017ee Sigurdsson je stejn\u011b dobr\u00fd fotbalista jako Eriksen nebo De Bruyne. Potvrzuje ale jeho schopnosti.<\/p>\n<p>Sigurdsson\u016fv ak\u010dn\u00ed r\u00e1dius nen\u00ed mo\u017en\u00e1 tak obrovsk\u00fd, jak by si mana\u017eer Silva p\u0159edstavoval od sv\u00e9ho ide\u00e1ln\u00edho tv\u016frce hry. Sigurdsson nen\u00ed ani hr\u00e1\u010dem, kter\u00fd s\u00e1m dok\u00e1\u017ee obej\u00edt n\u011bkolikr\u00e1t soupe\u0159\u016f a zkompletovat perfektn\u00ed individu\u00e1ln\u00ed akci. Na druhou stranu p\u0159i aktivn\u00ed h\u0159e sv\u00fdch spoluhr\u00e1\u010d\u016f, kdy nab\u00edhaj\u00ed do voln\u00fdch prostor\u016f, a tud\u00ed\u017e rozev\u00edraj\u00ed obranu protivn\u00edka, dok\u00e1\u017ee b\u00fdt kl\u00ed\u010dov\u00fdm mu\u017eem, kter\u00fd nasm\u011b\u0159uje sv\u00e9 mu\u017estvo k v\u00edt\u011bzstv\u00ed i proti siln\u00e9mu oponentovi, jako je lond\u00fdnsk\u00e1 Chelsea.<\/p>\n<p>Odpov\u011b\u010f na ot\u00e1zku z \u00favodu \u010dl\u00e1nku, pro\u010d Toffees konstant\u011b nep\u0159edv\u00e1d\u00ed dobr\u00e9 v\u00fdkony, m\u016f\u017ee tak b\u00fdt a\u017e p\u0159ekvapiv\u011b prost\u00e1: jestli\u017ee Everton disponuje ve sv\u00e9m st\u0159edu hr\u00e1\u010dem jako je Gylfi Sigurdsson, jen\u017e se moment\u00e1ln\u011b nach\u00e1z\u00ed na vrcholu sv\u00e9 kari\u00e9ry a m\u00e1 dostate\u010dn\u00e9 kvality, a\u0165 u\u017e s\u00e1m rozhodovat z\u00e1pasy vst\u0159elen\u00fdmi brankami, \u010di opakovan\u011b vytv\u00e1\u0159et g\u00f3lov\u00e9 \u0161ance pro spoluhr\u00e1\u010de, Everton se nesm\u00ed b\u00e1t hr\u00e1t aktivn\u00ed fotbal. Se Sigurdssonem v t\u00fdmu jsou Toffees siln\u011bj\u0161\u00ed v ofenziv\u011b ne\u017e v defenziv\u011b. Nemluv\u011b o potenci\u00e1lu, kter\u00fd skr\u00fdvaj\u00ed \u00fato\u010dn\u00ed hr\u00e1\u010di (Richarlison, Bernard, Calvert-Lewin, Lookman).<\/p>\n","protected":false},"excerpt":{"rendered":"<p>T\u00fdden star\u00e1 v\u00fdhra 2:0 s lond\u00fdnskou Chelsea tak trochu reflektovala leto\u0161n\u00ed sez\u00f3nu Evertonu. Znepokojuj\u00edc\u00ed prvn\u00ed polo\u010das, v n\u011bm\u017e soupe\u0159 dominoval,&hellip;<\/p>\n","protected":false},"author":6,"featured_media":7103,"comment_status":"open","ping_status":"closed","sticky":false,"template":"","format":"standard","meta":{"_eb_attr":"","_monsterinsights_skip_tracking":false,"_monsterinsights_sitenote_active":false,"_monsterinsights_sitenote_note":"","_monsterinsights_sitenote_category":0,"footnotes":""},"categories":[39],"tags":[],"yoast_head":"<!-- This site is optimized with the Yoast SEO plugin v23.4 - https:\/\/yoast.com\/wordpress\/plugins\/seo\/ -->\n<title>Sigurdsson - nepr\u00e1vem zpochyb\u0148ovan\u00fd tahoun - Official Czech &amp; Slovak Everton Supporters&#039; Club<\/title>\n<meta name=\"robots\" content=\"index, follow, max-snippet:-1, max-image-preview:large, max-video-preview:-1\" \/>\n<link rel=\"canonical\" href=\"https:\/\/evertonfc.cz\/index.php\/2019\/03\/26\/sigurdsson-nepravem-zpochybnovany-tahoun\/\" \/>\n<meta property=\"og:locale\" content=\"cs_CZ\" \/>\n<meta property=\"og:type\" content=\"article\" \/>\n<meta property=\"og:title\" content=\"Sigurdsson - nepr\u00e1vem zpochyb\u0148ovan\u00fd tahoun - Official Czech &amp; Slovak Everton Supporters&#039; Club\" \/>\n<meta property=\"og:description\" content=\"T\u00fdden star\u00e1 v\u00fdhra 2:0 s lond\u00fdnskou Chelsea tak trochu reflektovala leto\u0161n\u00ed sez\u00f3nu Evertonu. Znepokojuj\u00edc\u00ed prvn\u00ed polo\u010das, v n\u011bm\u017e soupe\u0159 dominoval,&hellip;\" \/>\n<meta property=\"og:url\" content=\"https:\/\/evertonfc.cz\/index.php\/2019\/03\/26\/sigurdsson-nepravem-zpochybnovany-tahoun\/\" \/>\n<meta property=\"og:site_name\" content=\"Official Czech &amp; Slovak Everton Supporters&#039; Club\" \/>\n<meta property=\"article:publisher\" content=\"https:\/\/www.facebook.com\/everton.fans.cz.sk\" \/>\n<meta property=\"article:published_time\" content=\"2019-03-26T20:43:38+00:00\" \/>\n<meta property=\"article:modified_time\" content=\"2019-03-28T15:34:26+00:00\" \/>\n<meta property=\"og:image\" content=\"https:\/\/evertonfc.cz\/wp-content\/uploads\/2019\/03\/sigurdsson_3_2019.jpg\" \/>\n\t<meta property=\"og:image:width\" content=\"720\" \/>\n\t<meta property=\"og:image:height\" content=\"405\" \/>\n\t<meta property=\"og:image:type\" content=\"image\/jpeg\" \/>\n<meta name=\"author\" content=\"Ri\u010di\" \/>\n<meta name=\"twitter:card\" content=\"summary_large_image\" \/>\n<meta name=\"twitter:creator\" content=\"@rbrejsa\" \/>\n<meta name=\"twitter:label1\" content=\"Napsal(a)\" \/>\n\t<meta name=\"twitter:data1\" content=\"Ri\u010di\" \/>\n\t<meta name=\"twitter:label2\" content=\"Odhadovan\u00e1 doba \u010dten\u00ed\" \/>\n\t<meta name=\"twitter:data2\" content=\"9 minut\" \/>\n<script type=\"application\/ld+json\" class=\"yoast-schema-graph\">{\"@context\":\"https:\/\/schema.org\",\"@graph\":[{\"@type\":\"Article\",\"@id\":\"https:\/\/evertonfc.cz\/index.php\/2019\/03\/26\/sigurdsson-nepravem-zpochybnovany-tahoun\/#article\",\"isPartOf\":{\"@id\":\"https:\/\/evertonfc.cz\/index.php\/2019\/03\/26\/sigurdsson-nepravem-zpochybnovany-tahoun\/\"},\"author\":{\"name\":\"Ri\u010di\",\"@id\":\"https:\/\/evertonfc.cz\/#\/schema\/person\/f7a5daedb2ffee98480bc70e191aaef1\"},\"headline\":\"Sigurdsson &#8211; nepr\u00e1vem zpochyb\u0148ovan\u00fd tahoun\",\"datePublished\":\"2019-03-26T20:43:38+00:00\",\"dateModified\":\"2019-03-28T15:34:26+00:00\",\"mainEntityOfPage\":{\"@id\":\"https:\/\/evertonfc.cz\/index.php\/2019\/03\/26\/sigurdsson-nepravem-zpochybnovany-tahoun\/\"},\"wordCount\":1757,\"commentCount\":5,\"publisher\":{\"@id\":\"https:\/\/evertonfc.cz\/#organization\"},\"image\":{\"@id\":\"https:\/\/evertonfc.cz\/index.php\/2019\/03\/26\/sigurdsson-nepravem-zpochybnovany-tahoun\/#primaryimage\"},\"thumbnailUrl\":\"https:\/\/evertonfc.cz\/wp-content\/uploads\/2019\/03\/sigurdsson_3_2019.jpg\",\"articleSection\":[\"Blog\"],\"inLanguage\":\"cs\",\"potentialAction\":[{\"@type\":\"CommentAction\",\"name\":\"Comment\",\"target\":[\"https:\/\/evertonfc.cz\/index.php\/2019\/03\/26\/sigurdsson-nepravem-zpochybnovany-tahoun\/#respond\"]}]},{\"@type\":\"WebPage\",\"@id\":\"https:\/\/evertonfc.cz\/index.php\/2019\/03\/26\/sigurdsson-nepravem-zpochybnovany-tahoun\/\",\"url\":\"https:\/\/evertonfc.cz\/index.php\/2019\/03\/26\/sigurdsson-nepravem-zpochybnovany-tahoun\/\",\"name\":\"Sigurdsson - nepr\u00e1vem zpochyb\u0148ovan\u00fd tahoun - Official Czech &amp; Slovak Everton Supporters&#039; Club\",\"isPartOf\":{\"@id\":\"https:\/\/evertonfc.cz\/#website\"},\"primaryImageOfPage\":{\"@id\":\"https:\/\/evertonfc.cz\/index.php\/2019\/03\/26\/sigurdsson-nepravem-zpochybnovany-tahoun\/#primaryimage\"},\"image\":{\"@id\":\"https:\/\/evertonfc.cz\/index.php\/2019\/03\/26\/sigurdsson-nepravem-zpochybnovany-tahoun\/#primaryimage\"},\"thumbnailUrl\":\"https:\/\/evertonfc.cz\/wp-content\/uploads\/2019\/03\/sigurdsson_3_2019.jpg\",\"datePublished\":\"2019-03-26T20:43:38+00:00\",\"dateModified\":\"2019-03-28T15:34:26+00:00\",\"breadcrumb\":{\"@id\":\"https:\/\/evertonfc.cz\/index.php\/2019\/03\/26\/sigurdsson-nepravem-zpochybnovany-tahoun\/#breadcrumb\"},\"inLanguage\":\"cs\",\"potentialAction\":[{\"@type\":\"ReadAction\",\"target\":[\"https:\/\/evertonfc.cz\/index.php\/2019\/03\/26\/sigurdsson-nepravem-zpochybnovany-tahoun\/\"]}]},{\"@type\":\"ImageObject\",\"inLanguage\":\"cs\",\"@id\":\"https:\/\/evertonfc.cz\/index.php\/2019\/03\/26\/sigurdsson-nepravem-zpochybnovany-tahoun\/#primaryimage\",\"url\":\"https:\/\/evertonfc.cz\/wp-content\/uploads\/2019\/03\/sigurdsson_3_2019.jpg\",\"contentUrl\":\"https:\/\/evertonfc.cz\/wp-content\/uploads\/2019\/03\/sigurdsson_3_2019.jpg\",\"width\":720,\"height\":405},{\"@type\":\"BreadcrumbList\",\"@id\":\"https:\/\/evertonfc.cz\/index.php\/2019\/03\/26\/sigurdsson-nepravem-zpochybnovany-tahoun\/#breadcrumb\",\"itemListElement\":[{\"@type\":\"ListItem\",\"position\":1,\"name\":\"Home\",\"item\":\"https:\/\/evertonfc.cz\/\"},{\"@type\":\"ListItem\",\"position\":2,\"name\":\"Sigurdsson &#8211; nepr\u00e1vem zpochyb\u0148ovan\u00fd tahoun\"}]},{\"@type\":\"WebSite\",\"@id\":\"https:\/\/evertonfc.cz\/#website\",\"url\":\"https:\/\/evertonfc.cz\/\",\"name\":\"Official Czech &amp; Slovak Everton Supporters&#039; Club\",\"description\":\"\",\"publisher\":{\"@id\":\"https:\/\/evertonfc.cz\/#organization\"},\"potentialAction\":[{\"@type\":\"SearchAction\",\"target\":{\"@type\":\"EntryPoint\",\"urlTemplate\":\"https:\/\/evertonfc.cz\/?s={search_term_string}\"},\"query-input\":{\"@type\":\"PropertyValueSpecification\",\"valueRequired\":true,\"valueName\":\"search_term_string\"}}],\"inLanguage\":\"cs\"},{\"@type\":\"Organization\",\"@id\":\"https:\/\/evertonfc.cz\/#organization\",\"name\":\"Official Czech & Slovak Everton Supporters' Club\",\"url\":\"https:\/\/evertonfc.cz\/\",\"logo\":{\"@type\":\"ImageObject\",\"inLanguage\":\"cs\",\"@id\":\"https:\/\/evertonfc.cz\/#\/schema\/logo\/image\/\",\"url\":\"https:\/\/evertonfc.cz\/wp-content\/uploads\/2019\/05\/logo.png\",\"contentUrl\":\"https:\/\/evertonfc.cz\/wp-content\/uploads\/2019\/05\/logo.png\",\"width\":112,\"height\":112,\"caption\":\"Official Czech & Slovak Everton Supporters' Club\"},\"image\":{\"@id\":\"https:\/\/evertonfc.cz\/#\/schema\/logo\/image\/\"},\"sameAs\":[\"https:\/\/www.facebook.com\/everton.fans.cz.sk\"]},{\"@type\":\"Person\",\"@id\":\"https:\/\/evertonfc.cz\/#\/schema\/person\/f7a5daedb2ffee98480bc70e191aaef1\",\"name\":\"Ri\u010di\",\"sameAs\":[\"https:\/\/x.com\/rbrejsa\"],\"url\":\"https:\/\/evertonfc.cz\/index.php\/author\/rici\/\"}]}<\/script>\n<!-- \/ Yoast SEO plugin. -->","yoast_head_json":{"title":"Sigurdsson - nepr\u00e1vem zpochyb\u0148ovan\u00fd tahoun - Official Czech &amp; Slovak Everton Supporters&#039; Club","robots":{"index":"index","follow":"follow","max-snippet":"max-snippet:-1","max-image-preview":"max-image-preview:large","max-video-preview":"max-video-preview:-1"},"canonical":"https:\/\/evertonfc.cz\/index.php\/2019\/03\/26\/sigurdsson-nepravem-zpochybnovany-tahoun\/","og_locale":"cs_CZ","og_type":"article","og_title":"Sigurdsson - nepr\u00e1vem zpochyb\u0148ovan\u00fd tahoun - Official Czech &amp; Slovak Everton Supporters&#039; Club","og_description":"T\u00fdden star\u00e1 v\u00fdhra 2:0 s lond\u00fdnskou Chelsea tak trochu reflektovala leto\u0161n\u00ed sez\u00f3nu Evertonu. Znepokojuj\u00edc\u00ed prvn\u00ed polo\u010das, v n\u011bm\u017e soupe\u0159 dominoval,&hellip;","og_url":"https:\/\/evertonfc.cz\/index.php\/2019\/03\/26\/sigurdsson-nepravem-zpochybnovany-tahoun\/","og_site_name":"Official Czech &amp; Slovak Everton Supporters&#039; Club","article_publisher":"https:\/\/www.facebook.com\/everton.fans.cz.sk","article_published_time":"2019-03-26T20:43:38+00:00","article_modified_time":"2019-03-28T15:34:26+00:00","og_image":[{"width":720,"height":405,"url":"https:\/\/evertonfc.cz\/wp-content\/uploads\/2019\/03\/sigurdsson_3_2019.jpg","type":"image\/jpeg"}],"author":"Ri\u010di","twitter_card":"summary_large_image","twitter_creator":"@rbrejsa","twitter_misc":{"Napsal(a)":"Ri\u010di","Odhadovan\u00e1 doba \u010dten\u00ed":"9 minut"},"schema":{"@context":"https:\/\/schema.org","@graph":[{"@type":"Article","@id":"https:\/\/evertonfc.cz\/index.php\/2019\/03\/26\/sigurdsson-nepravem-zpochybnovany-tahoun\/#article","isPartOf":{"@id":"https:\/\/evertonfc.cz\/index.php\/2019\/03\/26\/sigurdsson-nepravem-zpochybnovany-tahoun\/"},"author":{"name":"Ri\u010di","@id":"https:\/\/evertonfc.cz\/#\/schema\/person\/f7a5daedb2ffee98480bc70e191aaef1"},"headline":"Sigurdsson &#8211; nepr\u00e1vem zpochyb\u0148ovan\u00fd tahoun","datePublished":"2019-03-26T20:43:38+00:00","dateModified":"2019-03-28T15:34:26+00:00","mainEntityOfPage":{"@id":"https:\/\/evertonfc.cz\/index.php\/2019\/03\/26\/sigurdsson-nepravem-zpochybnovany-tahoun\/"},"wordCount":1757,"commentCount":5,"publisher":{"@id":"https:\/\/evertonfc.cz\/#organization"},"image":{"@id":"https:\/\/evertonfc.cz\/index.php\/2019\/03\/26\/sigurdsson-nepravem-zpochybnovany-tahoun\/#primaryimage"},"thumbnailUrl":"https:\/\/evertonfc.cz\/wp-content\/uploads\/2019\/03\/sigurdsson_3_2019.jpg","articleSection":["Blog"],"inLanguage":"cs","potentialAction":[{"@type":"CommentAction","name":"Comment","target":["https:\/\/evertonfc.cz\/index.php\/2019\/03\/26\/sigurdsson-nepravem-zpochybnovany-tahoun\/#respond"]}]},{"@type":"WebPage","@id":"https:\/\/evertonfc.cz\/index.php\/2019\/03\/26\/sigurdsson-nepravem-zpochybnovany-tahoun\/","url":"https:\/\/evertonfc.cz\/index.php\/2019\/03\/26\/sigurdsson-nepravem-zpochybnovany-tahoun\/","name":"Sigurdsson - nepr\u00e1vem zpochyb\u0148ovan\u00fd tahoun - Official Czech &amp; Slovak Everton Supporters&#039; Club","isPartOf":{"@id":"https:\/\/evertonfc.cz\/#website"},"primaryImageOfPage":{"@id":"https:\/\/evertonfc.cz\/index.php\/2019\/03\/26\/sigurdsson-nepravem-zpochybnovany-tahoun\/#primaryimage"},"image":{"@id":"https:\/\/evertonfc.cz\/index.php\/2019\/03\/26\/sigurdsson-nepravem-zpochybnovany-tahoun\/#primaryimage"},"thumbnailUrl":"https:\/\/evertonfc.cz\/wp-content\/uploads\/2019\/03\/sigurdsson_3_2019.jpg","datePublished":"2019-03-26T20:43:38+00:00","dateModified":"2019-03-28T15:34:26+00:00","breadcrumb":{"@id":"https:\/\/evertonfc.cz\/index.php\/2019\/03\/26\/sigurdsson-nepravem-zpochybnovany-tahoun\/#breadcrumb"},"inLanguage":"cs","potentialAction":[{"@type":"ReadAction","target":["https:\/\/evertonfc.cz\/index.php\/2019\/03\/26\/sigurdsson-nepravem-zpochybnovany-tahoun\/"]}]},{"@type":"ImageObject","inLanguage":"cs","@id":"https:\/\/evertonfc.cz\/index.php\/2019\/03\/26\/sigurdsson-nepravem-zpochybnovany-tahoun\/#primaryimage","url":"https:\/\/evertonfc.cz\/wp-content\/uploads\/2019\/03\/sigurdsson_3_2019.jpg","contentUrl":"https:\/\/evertonfc.cz\/wp-content\/uploads\/2019\/03\/sigurdsson_3_2019.jpg","width":720,"height":405},{"@type":"BreadcrumbList","@id":"https:\/\/evertonfc.cz\/index.php\/2019\/03\/26\/sigurdsson-nepravem-zpochybnovany-tahoun\/#breadcrumb","itemListElement":[{"@type":"ListItem","position":1,"name":"Home","item":"https:\/\/evertonfc.cz\/"},{"@type":"ListItem","position":2,"name":"Sigurdsson &#8211; nepr\u00e1vem zpochyb\u0148ovan\u00fd tahoun"}]},{"@type":"WebSite","@id":"https:\/\/evertonfc.cz\/#website","url":"https:\/\/evertonfc.cz\/","name":"Official Czech &amp; Slovak Everton Supporters&#039; Club","description":"","publisher":{"@id":"https:\/\/evertonfc.cz\/#organization"},"potentialAction":[{"@type":"SearchAction","target":{"@type":"EntryPoint","urlTemplate":"https:\/\/evertonfc.cz\/?s={search_term_string}"},"query-input":{"@type":"PropertyValueSpecification","valueRequired":true,"valueName":"search_term_string"}}],"inLanguage":"cs"},{"@type":"Organization","@id":"https:\/\/evertonfc.cz\/#organization","name":"Official Czech & Slovak Everton Supporters' Club","url":"https:\/\/evertonfc.cz\/","logo":{"@type":"ImageObject","inLanguage":"cs","@id":"https:\/\/evertonfc.cz\/#\/schema\/logo\/image\/","url":"https:\/\/evertonfc.cz\/wp-content\/uploads\/2019\/05\/logo.png","contentUrl":"https:\/\/evertonfc.cz\/wp-content\/uploads\/2019\/05\/logo.png","width":112,"height":112,"caption":"Official Czech & Slovak Everton Supporters' Club"},"image":{"@id":"https:\/\/evertonfc.cz\/#\/schema\/logo\/image\/"},"sameAs":["https:\/\/www.facebook.com\/everton.fans.cz.sk"]},{"@type":"Person","@id":"https:\/\/evertonfc.cz\/#\/schema\/person\/f7a5daedb2ffee98480bc70e191aaef1","name":"Ri\u010di","sameAs":["https:\/\/x.com\/rbrejsa"],"url":"https:\/\/evertonfc.cz\/index.php\/author\/rici\/"}]}},"_links":{"self":[{"href":"https:\/\/evertonfc.cz\/index.php\/wp-json\/wp\/v2\/posts\/7216"}],"collection":[{"href":"https:\/\/evertonfc.cz\/index.php\/wp-json\/wp\/v2\/posts"}],"about":[{"href":"https:\/\/evertonfc.cz\/index.php\/wp-json\/wp\/v2\/types\/post"}],"author":[{"embeddable":true,"href":"https:\/\/evertonfc.cz\/index.php\/wp-json\/wp\/v2\/users\/6"}],"replies":[{"embeddable":true,"href":"https:\/\/evertonfc.cz\/index.php\/wp-json\/wp\/v2\/comments?post=7216"}],"version-history":[{"count":15,"href":"https:\/\/evertonfc.cz\/index.php\/wp-json\/wp\/v2\/posts\/7216\/revisions"}],"predecessor-version":[{"id":7238,"href":"https:\/\/evertonfc.cz\/index.php\/wp-json\/wp\/v2\/posts\/7216\/revisions\/7238"}],"wp:featuredmedia":[{"embeddable":true,"href":"https:\/\/evertonfc.cz\/index.php\/wp-json\/wp\/v2\/media\/7103"}],"wp:attachment":[{"href":"https:\/\/evertonfc.cz\/index.php\/wp-json\/wp\/v2\/media?parent=7216"}],"wp:term":[{"taxonomy":"category","embeddable":true,"href":"https:\/\/evertonfc.cz\/index.php\/wp-json\/wp\/v2\/categories?post=7216"},{"taxonomy":"post_tag","embeddable":true,"href":"https:\/\/evertonfc.cz\/index.php\/wp-json\/wp\/v2\/tags?post=7216"}],"curies":[{"name":"wp","href":"https:\/\/api.w.org\/{rel}","templated":true}]}}