{"id":7244,"date":"2019-03-29T10:57:40","date_gmt":"2019-03-29T09:57:40","guid":{"rendered":"https:\/\/evertonfc.cz\/?p=7244"},"modified":"2021-05-08T20:21:52","modified_gmt":"2021-05-08T18:21:52","slug":"preview-west-ham-united-everton-29-3-2019","status":"publish","type":"post","link":"https:\/\/evertonfc.cz\/index.php\/2019\/03\/29\/preview-west-ham-united-everton-29-3-2019\/","title":{"rendered":"Preview: West Ham United &#8211; Everton"},"content":{"rendered":"<h4>C\u00edlem Toffees ve 32. kole nem\u016f\u017ee b\u00fdt nic jin\u00e9ho ne\u017e vyhoupnout se do prvn\u00ed poloviny tabulky, a tak p\u0159esko\u010dit sv\u00e9ho sobotn\u00edho hostitele, West Ham United nach\u00e1zej\u00edc\u00ed se na dev\u00e1t\u00e9m m\u00edst\u011b.<\/h4>\n<p>Everton p\u0159ed dvout\u00fddenn\u00ed reprezenta\u010dn\u00ed p\u0159est\u00e1vkou zaknihoval d\u016fle\u017eitou dom\u00e1c\u00ed v\u00fdhru s Chelsea v pom\u011bru 2:0. N\u00e1vrat do klubov\u00e9ho koloto\u010de po mezist\u00e1tn\u00edch z\u00e1pasech ale b\u00fdv\u00e1 \u010dasto velmi o\u0161emetn\u00fd, natr\u00e9novan\u00e9 taktick\u00e9 pokyny nenaskakuj\u00ed jako automatismy, proto \u010dasto nen\u00ed nouze o p\u0159ekvapiv\u00e9 v\u00fdsledky.<\/p>\n<p>Co by v\u0161ak bylo p\u0159ekvapiv\u00fdm v\u00fdsledkem v duelu dvou t\u00fdm\u016f s nevyrovnan\u00fdmi v\u00fdkony?<\/p>\n<p>West Ham a Everton jsou kluby v mnoh\u00e9m podobn\u00e9, tedy aspo\u0148 v posledn\u00ed dob\u011b. Jejich majitel\u00e9 nemaj\u00ed probl\u00e9m vynalo\u017eit zna\u010dn\u00e9 pen\u00edze na posily, k\u00fd\u017een\u00fd pr\u016flom mezi anglickou \u0161pi\u010dku se ale opakovan\u011b odkl\u00e1d\u00e1 z d\u016fvodu nenapln\u011bn\u00fdch ambic\u00ed.<\/p>\n<p>Hammers p\u0159ed sez\u00f3nou stejn\u011b jako Toffees dosadili nov\u00e9ho \u0161\u00e9fa lavi\u010dky, a p\u0159esto\u017ee na rozd\u00edl od Bluenoses zvolili zku\u0161enost, rovn\u011b\u017e s\u00e1hli po mana\u017eerovi vyzn\u00e1vaj\u00edc\u00edm ofenzivn\u00ed styl fotbalu. Manuel Pellegrini je i v 65 letech st\u00e1le motivovan\u00fd po \u00fasp\u011bchu, proto se z dvoulet\u00e9ho anga\u017em\u00e1 v \u010c\u00edn\u011b vr\u00e1til do Premier League, kterou v minulosti opanoval s Manchesterem City.<\/p>\n<p>Argentinec po hroziv\u00e9m za\u010d\u00e1tku ro\u010dn\u00edku, kdy v nov\u00e9m p\u016fsobi\u0161ti prohr\u00e1l prvn\u00ed \u010dty\u0159i ligov\u00e1 kola (\u010dernou s\u00e9rii pochopiteln\u011b ukon\u010dil <a href=\"https:\/\/evertonfc.cz\/index.php\/2018\/09\/16\/everton-west-ham-united-13\/\" target=\"_blank\" rel=\"noopener noreferrer\">v\u00fdhrou v p\u00e1t\u00e9m kole na Goodison Parku<\/a>), dok\u00e1zal hr\u00e1\u010d\u016fm v\u0161t\u00edpit svou filozofii, \u010deho\u017e ovocem se staly zlep\u0161en\u00e9 v\u00fdsledky. Ty aktu\u00e1ln\u011b sta\u010d\u00ed na dev\u00e1t\u00e9 m\u00edsto s 42 body, a hlavn\u011b na m\u00edsto s dohledem na sedmou p\u0159\u00ed\u010dku, na n\u00ed\u017e sed\u00ed Wolverhampton s dv\u011bma nasb\u00edran\u00fdmi body v\u00edce a tak\u00e9 z\u00e1pasem k dobru. Ono sedm\u00e9 m\u00edsto m\u016f\u017ee za ur\u010dit\u00fdch konstelac\u00ed znamenat kvalifikaci do evropsk\u00fdch poh\u00e1r\u016f.<\/p>\n<p>To by ale West Ham musel zapracovat na nevyrovnan\u00fdch v\u00fdkonech. Na dom\u00e1c\u00edm h\u0159i\u0161ti sice neprohr\u00e1l od V\u00e1noc a dobrou s\u00e9rii vy\u0161perkoval triumfem nad Arsenalem nebo rem\u00edzou s\u00a0Liverpoolem, jen\u017ee jen v\u00a0nov\u00e9m roce ode\u0161el pora\u017een z\u00a0venkovn\u00edch v\u00fdjezd\u016f v\u00a0Bournemouthu, Wolverhamptonu i Cardiffu.<\/p>\n<p>Irons maj\u00ed celkem po\u010detnou marodku. Z dlouhodob\u00fdch zran\u011bn\u00edch se st\u00e1le uzdravuj\u00ed Wilshere, Yarmolenko, Sanch\u00e9z a Reid. Chyb\u011bt mohou i Nasri a Caroll laboruj\u00edc\u00ed s men\u0161\u00edmi zdravotn\u00edmi \u0161r\u00e1my. Naopak v z\u00e1kladn\u00ed sestav\u011b se dozajista objev\u00ed nov\u00e1 vych\u00e1zej\u00edc\u00ed anglick\u00e1 hv\u011bzda, defenzivn\u00edch z\u00e1lo\u017en\u00edk Declan Rice a pravd\u011bpodobn\u011b rovn\u011b\u017e Javier Hern\u00e1ndez, jen\u017e dv\u011bma g\u00f3ly v posledn\u00edm kole s Huddersfieldem v\u00fdraznou m\u011brou p\u0159isp\u011bl k obratu a v\u00edt\u011bzstv\u00ed 4:3. Mexi\u010dan by m\u011bl b\u00fdt up\u0159ednostn\u011bn na hrotu p\u0159ed Markem Arnautovi\u0107em.<\/p>\n<p>Evertonu se p\u0159i pln\u011bn\u00ed reprezenta\u010dn\u00edch povinnost\u00ed zranil stoper Yerry Mina, kter\u00fd si obnovil svalov\u00e9 zran\u011bn\u00ed a zme\u0161k\u00e1 podstatnou \u010d\u00e1st zbytku sez\u00f3ny. Marco Silva si povzdechl nad dal\u0161\u00edmi zdravotn\u00edmi probl\u00e9my sv\u00e9 letn\u00ed posily z Barcelony a nep\u0159\u00edmo zkritizoval veden\u00ed kolumbijsk\u00e9 reprezentace, kter\u00e9 i p\u0159es doporu\u010den\u00ed Evertonu nasadilo \u010derstv\u011b uzdraven\u00e9ho Minu v obou p\u0159\u00e1telsk\u00fdch z\u00e1pasech.<\/p>\n<p>Minovo m\u00edsto v\u00a0z\u00e1kladn\u00ed sestav\u011b zaujme Kurt Zouma. Jin\u00e9 zm\u011bny v\u00a0\u00favodn\u00ed jeden\u00e1ctce se neo\u010dek\u00e1vaj\u00ed, lev\u00fd obr\u00e1nce Digne se nejsp\u00ed\u0161e stihne vyl\u00e9\u010dit z\u00a0men\u0161\u00edho zran\u011bn\u00ed t\u0159\u00edsel, je\u017e utrp\u011bl b\u011bhem reprezenta\u010dn\u00ed p\u0159est\u00e1vky.<\/p>\n<p>Z\u00e1kladn\u00ed sestava Evertonu se tak p\u0159edpokl\u00e1d\u00e1 v\u00a0n\u00e1sleduj\u00edc\u00edm slo\u017een\u00ed: Pickford &#8211; Coleman, Keane, Zouma, Digne &#8211; Gueye, Gomes &#8211; Sigurdsson, Bernard, Richarlison &#8211; Calvert-Lewin.<\/p>\n<p>Na lavi\u010dce n\u00e1hradn\u00edk\u016f bude na svou \u0161anci \u010dekat Cenk Tosun. Tureck\u00fd \u00fato\u010dn\u00edk se v kvalifika\u010dn\u00edm duelu s Moldavskem bl\u00fdskl dv\u011bma vst\u0159elen\u00fdmi g\u00f3ly, co\u017e mana\u017eera Silvu notn\u011b pot\u011b\u0161ilo.<\/p>\n<p>Toffees maj\u00ed sedm kol do konce ligy, aby vylep\u0161ili sou\u010dasnou nelichotivou 11. p\u0159\u00ed\u010dku. Jen pro p\u0159ipomenut\u00ed: v\u00a0minul\u00e9m ro\u010dn\u00edku skon\u010dili na osm\u00e9m m\u00edst\u011b.<\/p>\n<p><strong>Co:<\/strong> West Ham United FC \u2013 Everton FC, 32. kolo Premier League<br \/>\n<strong>Kdy:<\/strong> 30. 3. 2019 od 18:30<br \/>\n<strong>Kde:<\/strong> London Stadium \u2013 Queen Elizabeth Olympic Park, Lond\u00fdn (kapacita 60 000)<br \/>\n<strong>Rozhod\u010d\u00ed:<\/strong> Paul Tierney<\/p>\n","protected":false},"excerpt":{"rendered":"<p>C\u00edlem Toffees ve 32. kole nem\u016f\u017ee b\u00fdt nic jin\u00e9ho ne\u017e vyhoupnout se do prvn\u00ed poloviny tabulky, a tak p\u0159esko\u010dit sv\u00e9ho sobotn\u00edho hostitele, West Ham United nach\u00e1zej\u00edc\u00ed se na dev\u00e1t\u00e9m m\u00edst\u011b.<\/p>\n","protected":false},"author":6,"featured_media":15260,"comment_status":"open","ping_status":"closed","sticky":false,"template":"","format":"standard","meta":{"_eb_attr":"","_monsterinsights_skip_tracking":false,"_monsterinsights_sitenote_active":false,"_monsterinsights_sitenote_note":"","_monsterinsights_sitenote_category":0,"footnotes":""},"categories":[4],"tags":[],"yoast_head":"<!-- This site is optimized with the Yoast SEO plugin v23.4 - https:\/\/yoast.com\/wordpress\/plugins\/seo\/ -->\n<title>Preview: West Ham United - Everton - Official Czech &amp; Slovak Everton Supporters&#039; Club<\/title>\n<meta name=\"robots\" content=\"index, follow, max-snippet:-1, max-image-preview:large, max-video-preview:-1\" \/>\n<link rel=\"canonical\" href=\"https:\/\/evertonfc.cz\/index.php\/2019\/03\/29\/preview-west-ham-united-everton-29-3-2019\/\" \/>\n<meta property=\"og:locale\" content=\"cs_CZ\" \/>\n<meta property=\"og:type\" content=\"article\" \/>\n<meta property=\"og:title\" content=\"Preview: West Ham United - Everton - Official Czech &amp; Slovak Everton Supporters&#039; Club\" \/>\n<meta property=\"og:description\" content=\"C\u00edlem Toffees ve 32. kole nem\u016f\u017ee b\u00fdt nic jin\u00e9ho ne\u017e vyhoupnout se do prvn\u00ed poloviny tabulky, a tak p\u0159esko\u010dit sv\u00e9ho sobotn\u00edho hostitele, West Ham United nach\u00e1zej\u00edc\u00ed se na dev\u00e1t\u00e9m m\u00edst\u011b.\" \/>\n<meta property=\"og:url\" content=\"https:\/\/evertonfc.cz\/index.php\/2019\/03\/29\/preview-west-ham-united-everton-29-3-2019\/\" \/>\n<meta property=\"og:site_name\" content=\"Official Czech &amp; Slovak Everton Supporters&#039; Club\" \/>\n<meta property=\"article:publisher\" content=\"https:\/\/www.facebook.com\/everton.fans.cz.sk\" \/>\n<meta property=\"article:published_time\" content=\"2019-03-29T09:57:40+00:00\" \/>\n<meta property=\"article:modified_time\" content=\"2021-05-08T18:21:52+00:00\" \/>\n<meta property=\"og:image\" content=\"https:\/\/evertonfc.cz\/wp-content\/uploads\/2021\/05\/West-Ham-United-VS-Everton-London-Stadium.jpg\" \/>\n\t<meta property=\"og:image:width\" content=\"720\" \/>\n\t<meta property=\"og:image:height\" content=\"405\" \/>\n\t<meta property=\"og:image:type\" content=\"image\/jpeg\" \/>\n<meta name=\"author\" content=\"Ri\u010di\" \/>\n<meta name=\"twitter:card\" content=\"summary_large_image\" \/>\n<meta name=\"twitter:creator\" content=\"@rbrejsa\" \/>\n<meta name=\"twitter:label1\" content=\"Napsal(a)\" \/>\n\t<meta name=\"twitter:data1\" content=\"Ri\u010di\" \/>\n\t<meta name=\"twitter:label2\" content=\"Odhadovan\u00e1 doba \u010dten\u00ed\" \/>\n\t<meta name=\"twitter:data2\" content=\"4 minuty\" \/>\n<script type=\"application\/ld+json\" class=\"yoast-schema-graph\">{\"@context\":\"https:\/\/schema.org\",\"@graph\":[{\"@type\":\"Article\",\"@id\":\"https:\/\/evertonfc.cz\/index.php\/2019\/03\/29\/preview-west-ham-united-everton-29-3-2019\/#article\",\"isPartOf\":{\"@id\":\"https:\/\/evertonfc.cz\/index.php\/2019\/03\/29\/preview-west-ham-united-everton-29-3-2019\/\"},\"author\":{\"name\":\"Ri\u010di\",\"@id\":\"https:\/\/evertonfc.cz\/#\/schema\/person\/f7a5daedb2ffee98480bc70e191aaef1\"},\"headline\":\"Preview: West Ham United &#8211; Everton\",\"datePublished\":\"2019-03-29T09:57:40+00:00\",\"dateModified\":\"2021-05-08T18:21:52+00:00\",\"mainEntityOfPage\":{\"@id\":\"https:\/\/evertonfc.cz\/index.php\/2019\/03\/29\/preview-west-ham-united-everton-29-3-2019\/\"},\"wordCount\":778,\"commentCount\":9,\"publisher\":{\"@id\":\"https:\/\/evertonfc.cz\/#organization\"},\"image\":{\"@id\":\"https:\/\/evertonfc.cz\/index.php\/2019\/03\/29\/preview-west-ham-united-everton-29-3-2019\/#primaryimage\"},\"thumbnailUrl\":\"https:\/\/evertonfc.cz\/wp-content\/uploads\/2021\/05\/West-Ham-United-VS-Everton-London-Stadium.jpg\",\"articleSection\":[\"Z\u00e1pasy\"],\"inLanguage\":\"cs\",\"potentialAction\":[{\"@type\":\"CommentAction\",\"name\":\"Comment\",\"target\":[\"https:\/\/evertonfc.cz\/index.php\/2019\/03\/29\/preview-west-ham-united-everton-29-3-2019\/#respond\"]}]},{\"@type\":\"WebPage\",\"@id\":\"https:\/\/evertonfc.cz\/index.php\/2019\/03\/29\/preview-west-ham-united-everton-29-3-2019\/\",\"url\":\"https:\/\/evertonfc.cz\/index.php\/2019\/03\/29\/preview-west-ham-united-everton-29-3-2019\/\",\"name\":\"Preview: West Ham United - Everton - Official Czech &amp; Slovak Everton Supporters&#039; Club\",\"isPartOf\":{\"@id\":\"https:\/\/evertonfc.cz\/#website\"},\"primaryImageOfPage\":{\"@id\":\"https:\/\/evertonfc.cz\/index.php\/2019\/03\/29\/preview-west-ham-united-everton-29-3-2019\/#primaryimage\"},\"image\":{\"@id\":\"https:\/\/evertonfc.cz\/index.php\/2019\/03\/29\/preview-west-ham-united-everton-29-3-2019\/#primaryimage\"},\"thumbnailUrl\":\"https:\/\/evertonfc.cz\/wp-content\/uploads\/2021\/05\/West-Ham-United-VS-Everton-London-Stadium.jpg\",\"datePublished\":\"2019-03-29T09:57:40+00:00\",\"dateModified\":\"2021-05-08T18:21:52+00:00\",\"breadcrumb\":{\"@id\":\"https:\/\/evertonfc.cz\/index.php\/2019\/03\/29\/preview-west-ham-united-everton-29-3-2019\/#breadcrumb\"},\"inLanguage\":\"cs\",\"potentialAction\":[{\"@type\":\"ReadAction\",\"target\":[\"https:\/\/evertonfc.cz\/index.php\/2019\/03\/29\/preview-west-ham-united-everton-29-3-2019\/\"]}]},{\"@type\":\"ImageObject\",\"inLanguage\":\"cs\",\"@id\":\"https:\/\/evertonfc.cz\/index.php\/2019\/03\/29\/preview-west-ham-united-everton-29-3-2019\/#primaryimage\",\"url\":\"https:\/\/evertonfc.cz\/wp-content\/uploads\/2021\/05\/West-Ham-United-VS-Everton-London-Stadium.jpg\",\"contentUrl\":\"https:\/\/evertonfc.cz\/wp-content\/uploads\/2021\/05\/West-Ham-United-VS-Everton-London-Stadium.jpg\",\"width\":720,\"height\":405},{\"@type\":\"BreadcrumbList\",\"@id\":\"https:\/\/evertonfc.cz\/index.php\/2019\/03\/29\/preview-west-ham-united-everton-29-3-2019\/#breadcrumb\",\"itemListElement\":[{\"@type\":\"ListItem\",\"position\":1,\"name\":\"Home\",\"item\":\"https:\/\/evertonfc.cz\/\"},{\"@type\":\"ListItem\",\"position\":2,\"name\":\"Preview: West Ham United &#8211; Everton\"}]},{\"@type\":\"WebSite\",\"@id\":\"https:\/\/evertonfc.cz\/#website\",\"url\":\"https:\/\/evertonfc.cz\/\",\"name\":\"Official Czech &amp; Slovak Everton Supporters&#039; Club\",\"description\":\"\",\"publisher\":{\"@id\":\"https:\/\/evertonfc.cz\/#organization\"},\"potentialAction\":[{\"@type\":\"SearchAction\",\"target\":{\"@type\":\"EntryPoint\",\"urlTemplate\":\"https:\/\/evertonfc.cz\/?s={search_term_string}\"},\"query-input\":{\"@type\":\"PropertyValueSpecification\",\"valueRequired\":true,\"valueName\":\"search_term_string\"}}],\"inLanguage\":\"cs\"},{\"@type\":\"Organization\",\"@id\":\"https:\/\/evertonfc.cz\/#organization\",\"name\":\"Official Czech & Slovak Everton Supporters' Club\",\"url\":\"https:\/\/evertonfc.cz\/\",\"logo\":{\"@type\":\"ImageObject\",\"inLanguage\":\"cs\",\"@id\":\"https:\/\/evertonfc.cz\/#\/schema\/logo\/image\/\",\"url\":\"https:\/\/evertonfc.cz\/wp-content\/uploads\/2019\/05\/logo.png\",\"contentUrl\":\"https:\/\/evertonfc.cz\/wp-content\/uploads\/2019\/05\/logo.png\",\"width\":112,\"height\":112,\"caption\":\"Official Czech & Slovak Everton Supporters' Club\"},\"image\":{\"@id\":\"https:\/\/evertonfc.cz\/#\/schema\/logo\/image\/\"},\"sameAs\":[\"https:\/\/www.facebook.com\/everton.fans.cz.sk\"]},{\"@type\":\"Person\",\"@id\":\"https:\/\/evertonfc.cz\/#\/schema\/person\/f7a5daedb2ffee98480bc70e191aaef1\",\"name\":\"Ri\u010di\",\"sameAs\":[\"https:\/\/x.com\/rbrejsa\"],\"url\":\"https:\/\/evertonfc.cz\/index.php\/author\/rici\/\"}]}<\/script>\n<!-- \/ Yoast SEO plugin. -->","yoast_head_json":{"title":"Preview: West Ham United - Everton - Official Czech &amp; Slovak Everton Supporters&#039; Club","robots":{"index":"index","follow":"follow","max-snippet":"max-snippet:-1","max-image-preview":"max-image-preview:large","max-video-preview":"max-video-preview:-1"},"canonical":"https:\/\/evertonfc.cz\/index.php\/2019\/03\/29\/preview-west-ham-united-everton-29-3-2019\/","og_locale":"cs_CZ","og_type":"article","og_title":"Preview: West Ham United - Everton - Official Czech &amp; Slovak Everton Supporters&#039; Club","og_description":"C\u00edlem Toffees ve 32. kole nem\u016f\u017ee b\u00fdt nic jin\u00e9ho ne\u017e vyhoupnout se do prvn\u00ed poloviny tabulky, a tak p\u0159esko\u010dit sv\u00e9ho sobotn\u00edho hostitele, West Ham United nach\u00e1zej\u00edc\u00ed se na dev\u00e1t\u00e9m m\u00edst\u011b.","og_url":"https:\/\/evertonfc.cz\/index.php\/2019\/03\/29\/preview-west-ham-united-everton-29-3-2019\/","og_site_name":"Official Czech &amp; Slovak Everton Supporters&#039; Club","article_publisher":"https:\/\/www.facebook.com\/everton.fans.cz.sk","article_published_time":"2019-03-29T09:57:40+00:00","article_modified_time":"2021-05-08T18:21:52+00:00","og_image":[{"width":720,"height":405,"url":"https:\/\/evertonfc.cz\/wp-content\/uploads\/2021\/05\/West-Ham-United-VS-Everton-London-Stadium.jpg","type":"image\/jpeg"}],"author":"Ri\u010di","twitter_card":"summary_large_image","twitter_creator":"@rbrejsa","twitter_misc":{"Napsal(a)":"Ri\u010di","Odhadovan\u00e1 doba \u010dten\u00ed":"4 minuty"},"schema":{"@context":"https:\/\/schema.org","@graph":[{"@type":"Article","@id":"https:\/\/evertonfc.cz\/index.php\/2019\/03\/29\/preview-west-ham-united-everton-29-3-2019\/#article","isPartOf":{"@id":"https:\/\/evertonfc.cz\/index.php\/2019\/03\/29\/preview-west-ham-united-everton-29-3-2019\/"},"author":{"name":"Ri\u010di","@id":"https:\/\/evertonfc.cz\/#\/schema\/person\/f7a5daedb2ffee98480bc70e191aaef1"},"headline":"Preview: West Ham United &#8211; Everton","datePublished":"2019-03-29T09:57:40+00:00","dateModified":"2021-05-08T18:21:52+00:00","mainEntityOfPage":{"@id":"https:\/\/evertonfc.cz\/index.php\/2019\/03\/29\/preview-west-ham-united-everton-29-3-2019\/"},"wordCount":778,"commentCount":9,"publisher":{"@id":"https:\/\/evertonfc.cz\/#organization"},"image":{"@id":"https:\/\/evertonfc.cz\/index.php\/2019\/03\/29\/preview-west-ham-united-everton-29-3-2019\/#primaryimage"},"thumbnailUrl":"https:\/\/evertonfc.cz\/wp-content\/uploads\/2021\/05\/West-Ham-United-VS-Everton-London-Stadium.jpg","articleSection":["Z\u00e1pasy"],"inLanguage":"cs","potentialAction":[{"@type":"CommentAction","name":"Comment","target":["https:\/\/evertonfc.cz\/index.php\/2019\/03\/29\/preview-west-ham-united-everton-29-3-2019\/#respond"]}]},{"@type":"WebPage","@id":"https:\/\/evertonfc.cz\/index.php\/2019\/03\/29\/preview-west-ham-united-everton-29-3-2019\/","url":"https:\/\/evertonfc.cz\/index.php\/2019\/03\/29\/preview-west-ham-united-everton-29-3-2019\/","name":"Preview: West Ham United - Everton - Official Czech &amp; Slovak Everton Supporters&#039; Club","isPartOf":{"@id":"https:\/\/evertonfc.cz\/#website"},"primaryImageOfPage":{"@id":"https:\/\/evertonfc.cz\/index.php\/2019\/03\/29\/preview-west-ham-united-everton-29-3-2019\/#primaryimage"},"image":{"@id":"https:\/\/evertonfc.cz\/index.php\/2019\/03\/29\/preview-west-ham-united-everton-29-3-2019\/#primaryimage"},"thumbnailUrl":"https:\/\/evertonfc.cz\/wp-content\/uploads\/2021\/05\/West-Ham-United-VS-Everton-London-Stadium.jpg","datePublished":"2019-03-29T09:57:40+00:00","dateModified":"2021-05-08T18:21:52+00:00","breadcrumb":{"@id":"https:\/\/evertonfc.cz\/index.php\/2019\/03\/29\/preview-west-ham-united-everton-29-3-2019\/#breadcrumb"},"inLanguage":"cs","potentialAction":[{"@type":"ReadAction","target":["https:\/\/evertonfc.cz\/index.php\/2019\/03\/29\/preview-west-ham-united-everton-29-3-2019\/"]}]},{"@type":"ImageObject","inLanguage":"cs","@id":"https:\/\/evertonfc.cz\/index.php\/2019\/03\/29\/preview-west-ham-united-everton-29-3-2019\/#primaryimage","url":"https:\/\/evertonfc.cz\/wp-content\/uploads\/2021\/05\/West-Ham-United-VS-Everton-London-Stadium.jpg","contentUrl":"https:\/\/evertonfc.cz\/wp-content\/uploads\/2021\/05\/West-Ham-United-VS-Everton-London-Stadium.jpg","width":720,"height":405},{"@type":"BreadcrumbList","@id":"https:\/\/evertonfc.cz\/index.php\/2019\/03\/29\/preview-west-ham-united-everton-29-3-2019\/#breadcrumb","itemListElement":[{"@type":"ListItem","position":1,"name":"Home","item":"https:\/\/evertonfc.cz\/"},{"@type":"ListItem","position":2,"name":"Preview: West Ham United &#8211; Everton"}]},{"@type":"WebSite","@id":"https:\/\/evertonfc.cz\/#website","url":"https:\/\/evertonfc.cz\/","name":"Official Czech &amp; Slovak Everton Supporters&#039; Club","description":"","publisher":{"@id":"https:\/\/evertonfc.cz\/#organization"},"potentialAction":[{"@type":"SearchAction","target":{"@type":"EntryPoint","urlTemplate":"https:\/\/evertonfc.cz\/?s={search_term_string}"},"query-input":{"@type":"PropertyValueSpecification","valueRequired":true,"valueName":"search_term_string"}}],"inLanguage":"cs"},{"@type":"Organization","@id":"https:\/\/evertonfc.cz\/#organization","name":"Official Czech & Slovak Everton Supporters' Club","url":"https:\/\/evertonfc.cz\/","logo":{"@type":"ImageObject","inLanguage":"cs","@id":"https:\/\/evertonfc.cz\/#\/schema\/logo\/image\/","url":"https:\/\/evertonfc.cz\/wp-content\/uploads\/2019\/05\/logo.png","contentUrl":"https:\/\/evertonfc.cz\/wp-content\/uploads\/2019\/05\/logo.png","width":112,"height":112,"caption":"Official Czech & Slovak Everton Supporters' Club"},"image":{"@id":"https:\/\/evertonfc.cz\/#\/schema\/logo\/image\/"},"sameAs":["https:\/\/www.facebook.com\/everton.fans.cz.sk"]},{"@type":"Person","@id":"https:\/\/evertonfc.cz\/#\/schema\/person\/f7a5daedb2ffee98480bc70e191aaef1","name":"Ri\u010di","sameAs":["https:\/\/x.com\/rbrejsa"],"url":"https:\/\/evertonfc.cz\/index.php\/author\/rici\/"}]}},"_links":{"self":[{"href":"https:\/\/evertonfc.cz\/index.php\/wp-json\/wp\/v2\/posts\/7244"}],"collection":[{"href":"https:\/\/evertonfc.cz\/index.php\/wp-json\/wp\/v2\/posts"}],"about":[{"href":"https:\/\/evertonfc.cz\/index.php\/wp-json\/wp\/v2\/types\/post"}],"author":[{"embeddable":true,"href":"https:\/\/evertonfc.cz\/index.php\/wp-json\/wp\/v2\/users\/6"}],"replies":[{"embeddable":true,"href":"https:\/\/evertonfc.cz\/index.php\/wp-json\/wp\/v2\/comments?post=7244"}],"version-history":[{"count":13,"href":"https:\/\/evertonfc.cz\/index.php\/wp-json\/wp\/v2\/posts\/7244\/revisions"}],"predecessor-version":[{"id":7261,"href":"https:\/\/evertonfc.cz\/index.php\/wp-json\/wp\/v2\/posts\/7244\/revisions\/7261"}],"wp:featuredmedia":[{"embeddable":true,"href":"https:\/\/evertonfc.cz\/index.php\/wp-json\/wp\/v2\/media\/15260"}],"wp:attachment":[{"href":"https:\/\/evertonfc.cz\/index.php\/wp-json\/wp\/v2\/media?parent=7244"}],"wp:term":[{"taxonomy":"category","embeddable":true,"href":"https:\/\/evertonfc.cz\/index.php\/wp-json\/wp\/v2\/categories?post=7244"},{"taxonomy":"post_tag","embeddable":true,"href":"https:\/\/evertonfc.cz\/index.php\/wp-json\/wp\/v2\/tags?post=7244"}],"curies":[{"name":"wp","href":"https:\/\/api.w.org\/{rel}","templated":true}]}}