{"id":7279,"date":"2019-03-31T16:11:33","date_gmt":"2019-03-31T14:11:33","guid":{"rendered":"https:\/\/evertonfc.cz\/?p=7279"},"modified":"2019-03-31T16:56:30","modified_gmt":"2019-03-31T14:56:30","slug":"west-ham-united-everton-02","status":"publish","type":"post","link":"https:\/\/evertonfc.cz\/index.php\/2019\/03\/31\/west-ham-united-everton-02\/","title":{"rendered":"West Ham United &#8211; Everton 0:2"},"content":{"rendered":"<h4><span class=\"tl8wme\">Presved\u010div\u00fd v\u00fdkon na ihrisku s\u00fapera vlial do \u017e\u00edl e\u0161te v\u00e4\u010d\u0161\u00ed optimizmus na \u00faspe\u0161n\u00e9 zakon\u010denie kampane. V\u00a0tabu\u013eke seberovn\u00e9mu mohli Toffees nas\u00faka\u0165 viac, ne\u017e len dva g\u00f3ly.<\/span><\/h4>\n<p>Mal to by\u0165 vyrovnan\u00fd z\u00e1pas. Duelanti, ve\u010dne nepredv\u00eddate\u013en\u00ed, mie\u0161aj\u00faci karty tich\u00fdch v\u00f4d. Zd\u00e1 sa v\u0161ak, \u017ee k\u00fdm jedn\u00e9mu prest\u00e1vka, sp\u00f4soben\u00e1 reprezenta\u010dn\u00fdmi povinnos\u0165ami, prospela, tomu druh\u00e9mu zrejme ukrojila z\u00a0duchapr\u00edtomnosti.<\/p>\n<p>Ako sme sa k v\u00fdhre dopracovali? Akt\u00edvne ur\u010dovanie charakteru priebehu z\u00e1pasu sa v\u00e1m v\u017edy odv\u010fa\u010d\u00ed. Vysok\u00e9 nap\u00e1danie, vybojov\u00e1vanie druh\u00fdch l\u00f4pt, priamo\u010diaros\u0165 v prechode. Uk\u00e1zal sa Everton, ak\u00fd chceme vidie\u0165. Everton, o ktorom v\u0161etci hovoria, ale videli ho len na tr\u00e9ningu. Z\u00e1hadn\u00fd to p\u00e1n, ten Hyde&#8230;<\/p>\n<p>Silva po dvoch t\u00fd\u017ed\u0148och spravil pochopite\u013ene len jednu zmenu a tou bol n\u00e1vrat Zoumu do zostavy, ke\u010f\u017ee kolumbijsk\u00e1 reprezent\u00e1cia n\u00e1m odstavila Minu. A mo\u017eno aj dobr\u00e1 zhoda n\u00e1hod (\u017eartujem), ke\u010f\u017ee franc\u00fazsky reprezentant, ktor\u00fd proti materskej Chelsea nemohol nast\u00fapi\u0165, sa odv\u010fa\u010dil g\u00f3lom hne\u010f v \u00favode z\u00e1pasu.<\/p>\n<p>V\u00a0piatej min\u00fate zahr\u00e1val rohov\u00fd kop Sigurdsson. Na jeho vysok\u00fd center si nabehol Zouma, a\u00a0slabo br\u00e1nen\u00fd Diopom otvoril sk\u00f3re hlavi\u010dkou, ktor\u00e1 skon\u010dila v\u00a0hornom rohu br\u00e1ny po odraze od zeme. <strong>0:1<\/strong> a\u00a0dobr\u00fd pocit na du\u0161i, ke\u010f aktivita Toffees neust\u00e1vala, ba naberala na intenzite a\u00a0po\u010dte vytvoren\u00fdch pr\u00edle\u017eitost\u00ed.<\/p>\n<p>Ak by som mal opisova\u0165 ka\u017ed\u00fa v\u00e1\u017enej\u0161iu, \u010d\u00edtali by ste to e\u0161te ve\u013emi dlho. Tak\u017ee v\u0161etk\u00fdm vrelo odpor\u00fa\u010dam zostrih z\u00e1pasu. V\u00a0\u0148om by ste si vychutnali aj nasleduj\u00faci g\u00f3l Bernarda. Ten padol po kombin\u00e1cii Colemana s\u00a0Richarlisonom. Prv\u00fd menovan\u00fd naserv\u00edroval mal\u00e9mu Braz\u00edl\u010danovi dor\u00e1\u017eku z\u00a0mal\u00e9ho v\u00e1pna na <strong>0:2<\/strong>.<\/p>\n<p><strong><span style=\"font-weight: normal;\">Tam sa sk\u00f3re stretnutia zastavilo. Treba podotkn\u00fa\u0165, \u017ee na ve\u013ek\u00fa \u00fa\u013eavu Kladiv\u00e1rov, ktor\u00ed boli zrel\u00ed na uter\u00e1k, sn\u00e1\u010f u\u017e ke\u010f vych\u00e1dzali zo \u0161atne a len dvojg\u00f3lov\u00fd rozdiel je pre nich ve\u013emi milosrdn\u00fd. T\u00fdm v\u0161ak nechcem ubera\u0165 na z\u00e1sluh\u00e1ch Karameliek, ale pos\u00fa\u010fte sami, ktor\u00e9 \u010dinitele mali na \u00faspe\u0161n\u00e9 32. kolo v\u00e4\u010d\u0161\u00ed vplyv.<\/span><\/strong><\/p>\n<p><strong>Mu\u017e z\u00e1pasu: <\/strong>Bernard (Sky) Andre Gomes (BBC)<\/p>\n<p><strong>G\u00f3ly:<\/strong> 5\u00b4 Zouma, 33\u00b4 Bernard<\/p>\n<p><strong>\u017dK: <\/strong>42\u00b4 Richarlison, 64\u00b4 Rice<\/p>\n<p><strong>West Ham United FC: <\/strong>Fabianski \u2013 Zabaleta, Diop, Ogbonna, Cresswell \u2013 Snodgrass, Rice, Obiang (46\u00b4Antonio), Lanzini \u2013 Arnautovi\u010d (67\u00b4Diangana), P\u00e9rez (46\u00b4Chicharito)<\/p>\n<p><strong>Everton FC: <\/strong>Pickford \u2013 Coleman, Keane, Zouma, Digne &#8211; Gueye, Gomes, Sigurdsson (85\u00b4Davies) \u2013 Richarlison (90\u00b4Walcott), Calvert-Lewin (88\u00b4Tosun), Bernard<\/p>\n<p><strong>Rozhodca: <\/strong>Paul Tierney<\/p>\n<p><strong>Po\u010det div\u00e1kov: <\/strong>59 988, Olympic Stadium (Lond\u00fdn)<\/p>\n","protected":false},"excerpt":{"rendered":"<p>Presved\u010div\u00fd v\u00fdkon na ihrisku s\u00fapera vlial do \u017e\u00edl e\u0161te v\u00e4\u010d\u0161\u00ed optimizmus na \u00faspe\u0161n\u00e9 zakon\u010denie kampane. V\u00a0tabu\u013eke seberovn\u00e9mu mohli Toffees nas\u00faka\u0165 viac, ne\u017e len dva g\u00f3ly.<\/p>\n","protected":false},"author":1,"featured_media":7278,"comment_status":"open","ping_status":"closed","sticky":false,"template":"","format":"standard","meta":{"_eb_attr":"","_monsterinsights_skip_tracking":false,"_monsterinsights_sitenote_active":false,"_monsterinsights_sitenote_note":"","_monsterinsights_sitenote_category":0,"footnotes":""},"categories":[4],"tags":[],"yoast_head":"<!-- This site is optimized with the Yoast SEO plugin v23.4 - https:\/\/yoast.com\/wordpress\/plugins\/seo\/ -->\n<title>West Ham United - Everton 0:2 - Official Czech &amp; Slovak Everton Supporters&#039; Club<\/title>\n<meta name=\"robots\" content=\"index, follow, max-snippet:-1, max-image-preview:large, max-video-preview:-1\" \/>\n<link rel=\"canonical\" href=\"https:\/\/evertonfc.cz\/index.php\/2019\/03\/31\/west-ham-united-everton-02\/\" \/>\n<meta property=\"og:locale\" content=\"cs_CZ\" \/>\n<meta property=\"og:type\" content=\"article\" \/>\n<meta property=\"og:title\" content=\"West Ham United - Everton 0:2 - Official Czech &amp; Slovak Everton Supporters&#039; Club\" \/>\n<meta property=\"og:description\" content=\"Presved\u010div\u00fd v\u00fdkon na ihrisku s\u00fapera vlial do \u017e\u00edl e\u0161te v\u00e4\u010d\u0161\u00ed optimizmus na \u00faspe\u0161n\u00e9 zakon\u010denie kampane. V\u00a0tabu\u013eke seberovn\u00e9mu mohli Toffees nas\u00faka\u0165 viac, ne\u017e len dva g\u00f3ly.\" \/>\n<meta property=\"og:url\" content=\"https:\/\/evertonfc.cz\/index.php\/2019\/03\/31\/west-ham-united-everton-02\/\" \/>\n<meta property=\"og:site_name\" content=\"Official Czech &amp; Slovak Everton Supporters&#039; Club\" \/>\n<meta property=\"article:publisher\" content=\"https:\/\/www.facebook.com\/everton.fans.cz.sk\" \/>\n<meta property=\"article:published_time\" content=\"2019-03-31T14:11:33+00:00\" \/>\n<meta property=\"article:modified_time\" content=\"2019-03-31T14:56:30+00:00\" \/>\n<meta property=\"og:image\" content=\"https:\/\/evertonfc.cz\/wp-content\/uploads\/2019\/03\/whu32.jpg\" \/>\n\t<meta property=\"og:image:width\" content=\"720\" \/>\n\t<meta property=\"og:image:height\" content=\"405\" \/>\n\t<meta property=\"og:image:type\" content=\"image\/jpeg\" \/>\n<meta name=\"author\" content=\"BlueBlooded\" \/>\n<meta name=\"twitter:card\" content=\"summary_large_image\" \/>\n<meta name=\"twitter:label1\" content=\"Napsal(a)\" \/>\n\t<meta name=\"twitter:data1\" content=\"BlueBlooded\" \/>\n\t<meta name=\"twitter:label2\" content=\"Odhadovan\u00e1 doba \u010dten\u00ed\" \/>\n\t<meta name=\"twitter:data2\" content=\"2 minuty\" \/>\n<script type=\"application\/ld+json\" class=\"yoast-schema-graph\">{\"@context\":\"https:\/\/schema.org\",\"@graph\":[{\"@type\":\"Article\",\"@id\":\"https:\/\/evertonfc.cz\/index.php\/2019\/03\/31\/west-ham-united-everton-02\/#article\",\"isPartOf\":{\"@id\":\"https:\/\/evertonfc.cz\/index.php\/2019\/03\/31\/west-ham-united-everton-02\/\"},\"author\":{\"name\":\"BlueBlooded\",\"@id\":\"https:\/\/evertonfc.cz\/#\/schema\/person\/d4493b8cbea51532597fbc4685698916\"},\"headline\":\"West Ham United &#8211; Everton 0:2\",\"datePublished\":\"2019-03-31T14:11:33+00:00\",\"dateModified\":\"2019-03-31T14:56:30+00:00\",\"mainEntityOfPage\":{\"@id\":\"https:\/\/evertonfc.cz\/index.php\/2019\/03\/31\/west-ham-united-everton-02\/\"},\"wordCount\":464,\"commentCount\":9,\"publisher\":{\"@id\":\"https:\/\/evertonfc.cz\/#organization\"},\"image\":{\"@id\":\"https:\/\/evertonfc.cz\/index.php\/2019\/03\/31\/west-ham-united-everton-02\/#primaryimage\"},\"thumbnailUrl\":\"https:\/\/evertonfc.cz\/wp-content\/uploads\/2019\/03\/whu32.jpg\",\"articleSection\":[\"Z\u00e1pasy\"],\"inLanguage\":\"cs\",\"potentialAction\":[{\"@type\":\"CommentAction\",\"name\":\"Comment\",\"target\":[\"https:\/\/evertonfc.cz\/index.php\/2019\/03\/31\/west-ham-united-everton-02\/#respond\"]}]},{\"@type\":\"WebPage\",\"@id\":\"https:\/\/evertonfc.cz\/index.php\/2019\/03\/31\/west-ham-united-everton-02\/\",\"url\":\"https:\/\/evertonfc.cz\/index.php\/2019\/03\/31\/west-ham-united-everton-02\/\",\"name\":\"West Ham United - Everton 0:2 - Official Czech &amp; Slovak Everton Supporters&#039; Club\",\"isPartOf\":{\"@id\":\"https:\/\/evertonfc.cz\/#website\"},\"primaryImageOfPage\":{\"@id\":\"https:\/\/evertonfc.cz\/index.php\/2019\/03\/31\/west-ham-united-everton-02\/#primaryimage\"},\"image\":{\"@id\":\"https:\/\/evertonfc.cz\/index.php\/2019\/03\/31\/west-ham-united-everton-02\/#primaryimage\"},\"thumbnailUrl\":\"https:\/\/evertonfc.cz\/wp-content\/uploads\/2019\/03\/whu32.jpg\",\"datePublished\":\"2019-03-31T14:11:33+00:00\",\"dateModified\":\"2019-03-31T14:56:30+00:00\",\"breadcrumb\":{\"@id\":\"https:\/\/evertonfc.cz\/index.php\/2019\/03\/31\/west-ham-united-everton-02\/#breadcrumb\"},\"inLanguage\":\"cs\",\"potentialAction\":[{\"@type\":\"ReadAction\",\"target\":[\"https:\/\/evertonfc.cz\/index.php\/2019\/03\/31\/west-ham-united-everton-02\/\"]}]},{\"@type\":\"ImageObject\",\"inLanguage\":\"cs\",\"@id\":\"https:\/\/evertonfc.cz\/index.php\/2019\/03\/31\/west-ham-united-everton-02\/#primaryimage\",\"url\":\"https:\/\/evertonfc.cz\/wp-content\/uploads\/2019\/03\/whu32.jpg\",\"contentUrl\":\"https:\/\/evertonfc.cz\/wp-content\/uploads\/2019\/03\/whu32.jpg\",\"width\":720,\"height\":405},{\"@type\":\"BreadcrumbList\",\"@id\":\"https:\/\/evertonfc.cz\/index.php\/2019\/03\/31\/west-ham-united-everton-02\/#breadcrumb\",\"itemListElement\":[{\"@type\":\"ListItem\",\"position\":1,\"name\":\"Home\",\"item\":\"https:\/\/evertonfc.cz\/\"},{\"@type\":\"ListItem\",\"position\":2,\"name\":\"West Ham United &#8211; Everton 0:2\"}]},{\"@type\":\"WebSite\",\"@id\":\"https:\/\/evertonfc.cz\/#website\",\"url\":\"https:\/\/evertonfc.cz\/\",\"name\":\"Official Czech &amp; Slovak Everton Supporters&#039; Club\",\"description\":\"\",\"publisher\":{\"@id\":\"https:\/\/evertonfc.cz\/#organization\"},\"potentialAction\":[{\"@type\":\"SearchAction\",\"target\":{\"@type\":\"EntryPoint\",\"urlTemplate\":\"https:\/\/evertonfc.cz\/?s={search_term_string}\"},\"query-input\":{\"@type\":\"PropertyValueSpecification\",\"valueRequired\":true,\"valueName\":\"search_term_string\"}}],\"inLanguage\":\"cs\"},{\"@type\":\"Organization\",\"@id\":\"https:\/\/evertonfc.cz\/#organization\",\"name\":\"Official Czech & Slovak Everton Supporters' Club\",\"url\":\"https:\/\/evertonfc.cz\/\",\"logo\":{\"@type\":\"ImageObject\",\"inLanguage\":\"cs\",\"@id\":\"https:\/\/evertonfc.cz\/#\/schema\/logo\/image\/\",\"url\":\"https:\/\/evertonfc.cz\/wp-content\/uploads\/2019\/05\/logo.png\",\"contentUrl\":\"https:\/\/evertonfc.cz\/wp-content\/uploads\/2019\/05\/logo.png\",\"width\":112,\"height\":112,\"caption\":\"Official Czech & Slovak Everton Supporters' Club\"},\"image\":{\"@id\":\"https:\/\/evertonfc.cz\/#\/schema\/logo\/image\/\"},\"sameAs\":[\"https:\/\/www.facebook.com\/everton.fans.cz.sk\"]},{\"@type\":\"Person\",\"@id\":\"https:\/\/evertonfc.cz\/#\/schema\/person\/d4493b8cbea51532597fbc4685698916\",\"name\":\"BlueBlooded\",\"url\":\"https:\/\/evertonfc.cz\/index.php\/author\/admin\/\"}]}<\/script>\n<!-- \/ Yoast SEO plugin. -->","yoast_head_json":{"title":"West Ham United - Everton 0:2 - Official Czech &amp; Slovak Everton Supporters&#039; Club","robots":{"index":"index","follow":"follow","max-snippet":"max-snippet:-1","max-image-preview":"max-image-preview:large","max-video-preview":"max-video-preview:-1"},"canonical":"https:\/\/evertonfc.cz\/index.php\/2019\/03\/31\/west-ham-united-everton-02\/","og_locale":"cs_CZ","og_type":"article","og_title":"West Ham United - Everton 0:2 - Official Czech &amp; Slovak Everton Supporters&#039; Club","og_description":"Presved\u010div\u00fd v\u00fdkon na ihrisku s\u00fapera vlial do \u017e\u00edl e\u0161te v\u00e4\u010d\u0161\u00ed optimizmus na \u00faspe\u0161n\u00e9 zakon\u010denie kampane. V\u00a0tabu\u013eke seberovn\u00e9mu mohli Toffees nas\u00faka\u0165 viac, ne\u017e len dva g\u00f3ly.","og_url":"https:\/\/evertonfc.cz\/index.php\/2019\/03\/31\/west-ham-united-everton-02\/","og_site_name":"Official Czech &amp; Slovak Everton Supporters&#039; Club","article_publisher":"https:\/\/www.facebook.com\/everton.fans.cz.sk","article_published_time":"2019-03-31T14:11:33+00:00","article_modified_time":"2019-03-31T14:56:30+00:00","og_image":[{"width":720,"height":405,"url":"https:\/\/evertonfc.cz\/wp-content\/uploads\/2019\/03\/whu32.jpg","type":"image\/jpeg"}],"author":"BlueBlooded","twitter_card":"summary_large_image","twitter_misc":{"Napsal(a)":"BlueBlooded","Odhadovan\u00e1 doba \u010dten\u00ed":"2 minuty"},"schema":{"@context":"https:\/\/schema.org","@graph":[{"@type":"Article","@id":"https:\/\/evertonfc.cz\/index.php\/2019\/03\/31\/west-ham-united-everton-02\/#article","isPartOf":{"@id":"https:\/\/evertonfc.cz\/index.php\/2019\/03\/31\/west-ham-united-everton-02\/"},"author":{"name":"BlueBlooded","@id":"https:\/\/evertonfc.cz\/#\/schema\/person\/d4493b8cbea51532597fbc4685698916"},"headline":"West Ham United &#8211; Everton 0:2","datePublished":"2019-03-31T14:11:33+00:00","dateModified":"2019-03-31T14:56:30+00:00","mainEntityOfPage":{"@id":"https:\/\/evertonfc.cz\/index.php\/2019\/03\/31\/west-ham-united-everton-02\/"},"wordCount":464,"commentCount":9,"publisher":{"@id":"https:\/\/evertonfc.cz\/#organization"},"image":{"@id":"https:\/\/evertonfc.cz\/index.php\/2019\/03\/31\/west-ham-united-everton-02\/#primaryimage"},"thumbnailUrl":"https:\/\/evertonfc.cz\/wp-content\/uploads\/2019\/03\/whu32.jpg","articleSection":["Z\u00e1pasy"],"inLanguage":"cs","potentialAction":[{"@type":"CommentAction","name":"Comment","target":["https:\/\/evertonfc.cz\/index.php\/2019\/03\/31\/west-ham-united-everton-02\/#respond"]}]},{"@type":"WebPage","@id":"https:\/\/evertonfc.cz\/index.php\/2019\/03\/31\/west-ham-united-everton-02\/","url":"https:\/\/evertonfc.cz\/index.php\/2019\/03\/31\/west-ham-united-everton-02\/","name":"West Ham United - Everton 0:2 - Official Czech &amp; Slovak Everton Supporters&#039; Club","isPartOf":{"@id":"https:\/\/evertonfc.cz\/#website"},"primaryImageOfPage":{"@id":"https:\/\/evertonfc.cz\/index.php\/2019\/03\/31\/west-ham-united-everton-02\/#primaryimage"},"image":{"@id":"https:\/\/evertonfc.cz\/index.php\/2019\/03\/31\/west-ham-united-everton-02\/#primaryimage"},"thumbnailUrl":"https:\/\/evertonfc.cz\/wp-content\/uploads\/2019\/03\/whu32.jpg","datePublished":"2019-03-31T14:11:33+00:00","dateModified":"2019-03-31T14:56:30+00:00","breadcrumb":{"@id":"https:\/\/evertonfc.cz\/index.php\/2019\/03\/31\/west-ham-united-everton-02\/#breadcrumb"},"inLanguage":"cs","potentialAction":[{"@type":"ReadAction","target":["https:\/\/evertonfc.cz\/index.php\/2019\/03\/31\/west-ham-united-everton-02\/"]}]},{"@type":"ImageObject","inLanguage":"cs","@id":"https:\/\/evertonfc.cz\/index.php\/2019\/03\/31\/west-ham-united-everton-02\/#primaryimage","url":"https:\/\/evertonfc.cz\/wp-content\/uploads\/2019\/03\/whu32.jpg","contentUrl":"https:\/\/evertonfc.cz\/wp-content\/uploads\/2019\/03\/whu32.jpg","width":720,"height":405},{"@type":"BreadcrumbList","@id":"https:\/\/evertonfc.cz\/index.php\/2019\/03\/31\/west-ham-united-everton-02\/#breadcrumb","itemListElement":[{"@type":"ListItem","position":1,"name":"Home","item":"https:\/\/evertonfc.cz\/"},{"@type":"ListItem","position":2,"name":"West Ham United &#8211; Everton 0:2"}]},{"@type":"WebSite","@id":"https:\/\/evertonfc.cz\/#website","url":"https:\/\/evertonfc.cz\/","name":"Official Czech &amp; Slovak Everton Supporters&#039; Club","description":"","publisher":{"@id":"https:\/\/evertonfc.cz\/#organization"},"potentialAction":[{"@type":"SearchAction","target":{"@type":"EntryPoint","urlTemplate":"https:\/\/evertonfc.cz\/?s={search_term_string}"},"query-input":{"@type":"PropertyValueSpecification","valueRequired":true,"valueName":"search_term_string"}}],"inLanguage":"cs"},{"@type":"Organization","@id":"https:\/\/evertonfc.cz\/#organization","name":"Official Czech & Slovak Everton Supporters' Club","url":"https:\/\/evertonfc.cz\/","logo":{"@type":"ImageObject","inLanguage":"cs","@id":"https:\/\/evertonfc.cz\/#\/schema\/logo\/image\/","url":"https:\/\/evertonfc.cz\/wp-content\/uploads\/2019\/05\/logo.png","contentUrl":"https:\/\/evertonfc.cz\/wp-content\/uploads\/2019\/05\/logo.png","width":112,"height":112,"caption":"Official Czech & Slovak Everton Supporters' Club"},"image":{"@id":"https:\/\/evertonfc.cz\/#\/schema\/logo\/image\/"},"sameAs":["https:\/\/www.facebook.com\/everton.fans.cz.sk"]},{"@type":"Person","@id":"https:\/\/evertonfc.cz\/#\/schema\/person\/d4493b8cbea51532597fbc4685698916","name":"BlueBlooded","url":"https:\/\/evertonfc.cz\/index.php\/author\/admin\/"}]}},"_links":{"self":[{"href":"https:\/\/evertonfc.cz\/index.php\/wp-json\/wp\/v2\/posts\/7279"}],"collection":[{"href":"https:\/\/evertonfc.cz\/index.php\/wp-json\/wp\/v2\/posts"}],"about":[{"href":"https:\/\/evertonfc.cz\/index.php\/wp-json\/wp\/v2\/types\/post"}],"author":[{"embeddable":true,"href":"https:\/\/evertonfc.cz\/index.php\/wp-json\/wp\/v2\/users\/1"}],"replies":[{"embeddable":true,"href":"https:\/\/evertonfc.cz\/index.php\/wp-json\/wp\/v2\/comments?post=7279"}],"version-history":[{"count":5,"href":"https:\/\/evertonfc.cz\/index.php\/wp-json\/wp\/v2\/posts\/7279\/revisions"}],"predecessor-version":[{"id":7288,"href":"https:\/\/evertonfc.cz\/index.php\/wp-json\/wp\/v2\/posts\/7279\/revisions\/7288"}],"wp:featuredmedia":[{"embeddable":true,"href":"https:\/\/evertonfc.cz\/index.php\/wp-json\/wp\/v2\/media\/7278"}],"wp:attachment":[{"href":"https:\/\/evertonfc.cz\/index.php\/wp-json\/wp\/v2\/media?parent=7279"}],"wp:term":[{"taxonomy":"category","embeddable":true,"href":"https:\/\/evertonfc.cz\/index.php\/wp-json\/wp\/v2\/categories?post=7279"},{"taxonomy":"post_tag","embeddable":true,"href":"https:\/\/evertonfc.cz\/index.php\/wp-json\/wp\/v2\/tags?post=7279"}],"curies":[{"name":"wp","href":"https:\/\/api.w.org\/{rel}","templated":true}]}}