{"id":7303,"date":"2019-04-01T12:37:55","date_gmt":"2019-04-01T10:37:55","guid":{"rendered":"https:\/\/evertonfc.cz\/?p=7303"},"modified":"2020-05-14T12:31:54","modified_gmt":"2020-05-14T10:31:54","slug":"silva-chce-gomese-upece-se-prestup","status":"publish","type":"post","link":"https:\/\/evertonfc.cz\/index.php\/2019\/04\/01\/silva-chce-gomese-upece-se-prestup\/","title":{"rendered":"Silva chce Gomese, upe\u010de se p\u0159estup?"},"content":{"rendered":"<h4>Mana\u017eer Marco Silva se v rozhovoru pro den\u00edk Liverpool Echo zcela jasn\u011b vyj\u00e1d\u0159il o sv\u00e9m p\u0159\u00e1n\u00ed zm\u011bnit hostov\u00e1n\u00ed Andr\u00e9ho Gomese z Barcelony v trval\u00fd p\u0159estup.<\/h4>\n<p>Andr\u00e9 Gomes zam\u00ed\u0159il na Goodison Park v posledn\u00ed den p\u0159estupov\u00e9ho okna minul\u00e9ho l\u00e9ta. Everton dojednal s katal\u00e1nskou Barcelonou ro\u010dn\u00ed hostov\u00e1n\u00ed bez opce na p\u0159estup v hodnot\u011b dvou milion\u016f liber.<\/p>\n<p>25let\u00fd z\u00e1lo\u017en\u00edk sice \u010dekal na debut v nov\u00e9m t\u00fdmu a\u017e do druh\u00e9 poloviny \u0159\u00edjna, kdy kone\u010dn\u011b vyl\u00e9\u010dil svalov\u00e9 zran\u011bn\u00ed, od prvn\u00edho z\u00e1pasu v Evertonu se ale za\u0159adil mezi opory mu\u017estva a ve st\u0159edu pole vytvo\u0159il stabiln\u00ed dvojici s Idrissou Gueyem.<\/p>\n<p>Po sobotn\u00edm utk\u00e1n\u00ed na p\u016fd\u011b West Hamu, kter\u00e9 Toffees vyhr\u00e1li 2:0, Marco Silva nikterak netajil p\u0159\u00e1n\u00ed z\u00edskat sv\u00e9ho krajana na trval\u00fd p\u0159estup: <em>\u201eNask\u00fdt\u00e1 se n\u00e1m velmi, velmi dobr\u00e1 p\u0159\u00edle\u017eitost. Po\u010dkejme si, jak\u00e9 stanovisko zaujme Barcelona, na druhou stranu jsme p\u0159esv\u011bd\u010deni o na\u0161em stanovisku a o stanovisku Andr\u00e9ho. Uvid\u00edme, co se stane.<\/em><\/p>\n<p><em>Faktem je, \u017ee a\u010d se jedn\u00e1 o hr\u00e1\u010de na hostov\u00e1n\u00ed, dokazuje svou velkou kvalitu, a\u0165 u\u017e jako fotbalista, profesion\u00e1l nebo fantastick\u00fd spoluhr\u00e1\u010d ve vztahu ke v\u0161em ostatn\u00edm sv\u00fdm koleg\u016fm. <\/em><em>Po\u010dkejme si, zda se n\u00e1m poda\u0159\u00ed Andr\u00e9ho p\u0159iv\u00e9st nast\u00e1lo.\u201c<\/em><\/p>\n<p>Po z\u00e1pase s\u00a0West Hamem byl Silva zna\u010dn\u011b pot\u011b\u0161en Gomesov\u00fdm komplexn\u00edm v\u00fdkonem: <em>\u201eOdehr\u00e1l velmi dobr\u00e9 utk\u00e1n\u00ed. Gana, Andr\u00e9 a Gylfi odvedli skv\u011blou pr\u00e1ci ve st\u0159edu h\u0159i\u0161t\u011b.<\/em><\/p>\n<p><em>P\u0159estup Andr\u00e9ho by pro n\u00e1s znamenal d\u016fle\u017eit\u00fd krok. V\u0161ichni v klubu jsme s n\u00edm spokojen\u00ed, fanou\u0161ci si u\u017e\u00edvaj\u00ed jeho fotbalov\u00fdch dovednost\u00ed a Andr\u00e9 je u n\u00e1s \u0161\u0165astn\u00fd.<\/em><\/p>\n<p><em>Opakuji, po\u010dkejme si, co se stane, m\u016fj n\u00e1zor ale zn\u00e1te. Je pro n\u00e1s kl\u00ed\u010dov\u00fdm hr\u00e1\u010dem, o jeho osudu ale rozhodnou obchodn\u00ed jedn\u00e1n\u00ed, do kter\u00fdch j\u00e1 nezasahuji.\u201c<\/em><\/p>\n","protected":false},"excerpt":{"rendered":"<p>Mana\u017eer Marco Silva se v rozhovoru pro den\u00edk Liverpool Echo zcela jasn\u011b vyj\u00e1d\u0159il o sv\u00e9m p\u0159\u00e1n\u00ed zm\u011bnit hostov\u00e1n\u00ed Andr\u00e9ho Gomese z Barcelony v trval\u00fd p\u0159estup.<\/p>\n","protected":false},"author":6,"featured_media":7302,"comment_status":"open","ping_status":"closed","sticky":false,"template":"","format":"standard","meta":{"_eb_attr":"","_monsterinsights_skip_tracking":false,"_monsterinsights_sitenote_active":false,"_monsterinsights_sitenote_note":"","_monsterinsights_sitenote_category":0,"footnotes":""},"categories":[42],"tags":[],"yoast_head":"<!-- This site is optimized with the Yoast SEO plugin v23.4 - https:\/\/yoast.com\/wordpress\/plugins\/seo\/ -->\n<title>Silva chce Gomese, upe\u010de se p\u0159estup? - Official Czech &amp; Slovak Everton Supporters&#039; Club<\/title>\n<meta name=\"robots\" content=\"index, follow, max-snippet:-1, max-image-preview:large, max-video-preview:-1\" \/>\n<link rel=\"canonical\" href=\"https:\/\/evertonfc.cz\/index.php\/2019\/04\/01\/silva-chce-gomese-upece-se-prestup\/\" \/>\n<meta property=\"og:locale\" content=\"cs_CZ\" \/>\n<meta property=\"og:type\" content=\"article\" \/>\n<meta property=\"og:title\" content=\"Silva chce Gomese, upe\u010de se p\u0159estup? - Official Czech &amp; Slovak Everton Supporters&#039; Club\" \/>\n<meta property=\"og:description\" content=\"Mana\u017eer Marco Silva se v rozhovoru pro den\u00edk Liverpool Echo zcela jasn\u011b vyj\u00e1d\u0159il o sv\u00e9m p\u0159\u00e1n\u00ed zm\u011bnit hostov\u00e1n\u00ed Andr\u00e9ho Gomese z Barcelony v trval\u00fd p\u0159estup.\" \/>\n<meta property=\"og:url\" content=\"https:\/\/evertonfc.cz\/index.php\/2019\/04\/01\/silva-chce-gomese-upece-se-prestup\/\" \/>\n<meta property=\"og:site_name\" content=\"Official Czech &amp; Slovak Everton Supporters&#039; Club\" \/>\n<meta property=\"article:publisher\" content=\"https:\/\/www.facebook.com\/everton.fans.cz.sk\" \/>\n<meta property=\"article:published_time\" content=\"2019-04-01T10:37:55+00:00\" \/>\n<meta property=\"article:modified_time\" content=\"2020-05-14T10:31:54+00:00\" \/>\n<meta property=\"og:image\" content=\"https:\/\/evertonfc.cz\/wp-content\/uploads\/2019\/04\/gomes_1_4_2019.jpg\" \/>\n\t<meta property=\"og:image:width\" content=\"720\" \/>\n\t<meta property=\"og:image:height\" content=\"405\" \/>\n\t<meta property=\"og:image:type\" content=\"image\/jpeg\" \/>\n<meta name=\"author\" content=\"Ri\u010di\" \/>\n<meta name=\"twitter:card\" content=\"summary_large_image\" \/>\n<meta name=\"twitter:creator\" content=\"@rbrejsa\" \/>\n<meta name=\"twitter:label1\" content=\"Napsal(a)\" \/>\n\t<meta name=\"twitter:data1\" content=\"Ri\u010di\" \/>\n\t<meta name=\"twitter:label2\" content=\"Odhadovan\u00e1 doba \u010dten\u00ed\" \/>\n\t<meta name=\"twitter:data2\" content=\"2 minuty\" \/>\n<script type=\"application\/ld+json\" class=\"yoast-schema-graph\">{\"@context\":\"https:\/\/schema.org\",\"@graph\":[{\"@type\":\"Article\",\"@id\":\"https:\/\/evertonfc.cz\/index.php\/2019\/04\/01\/silva-chce-gomese-upece-se-prestup\/#article\",\"isPartOf\":{\"@id\":\"https:\/\/evertonfc.cz\/index.php\/2019\/04\/01\/silva-chce-gomese-upece-se-prestup\/\"},\"author\":{\"name\":\"Ri\u010di\",\"@id\":\"https:\/\/evertonfc.cz\/#\/schema\/person\/f7a5daedb2ffee98480bc70e191aaef1\"},\"headline\":\"Silva chce Gomese, upe\u010de se p\u0159estup?\",\"datePublished\":\"2019-04-01T10:37:55+00:00\",\"dateModified\":\"2020-05-14T10:31:54+00:00\",\"mainEntityOfPage\":{\"@id\":\"https:\/\/evertonfc.cz\/index.php\/2019\/04\/01\/silva-chce-gomese-upece-se-prestup\/\"},\"wordCount\":368,\"commentCount\":6,\"publisher\":{\"@id\":\"https:\/\/evertonfc.cz\/#organization\"},\"image\":{\"@id\":\"https:\/\/evertonfc.cz\/index.php\/2019\/04\/01\/silva-chce-gomese-upece-se-prestup\/#primaryimage\"},\"thumbnailUrl\":\"https:\/\/evertonfc.cz\/wp-content\/uploads\/2019\/04\/gomes_1_4_2019.jpg\",\"articleSection\":[\"Aktuality\"],\"inLanguage\":\"cs\",\"potentialAction\":[{\"@type\":\"CommentAction\",\"name\":\"Comment\",\"target\":[\"https:\/\/evertonfc.cz\/index.php\/2019\/04\/01\/silva-chce-gomese-upece-se-prestup\/#respond\"]}]},{\"@type\":\"WebPage\",\"@id\":\"https:\/\/evertonfc.cz\/index.php\/2019\/04\/01\/silva-chce-gomese-upece-se-prestup\/\",\"url\":\"https:\/\/evertonfc.cz\/index.php\/2019\/04\/01\/silva-chce-gomese-upece-se-prestup\/\",\"name\":\"Silva chce Gomese, upe\u010de se p\u0159estup? - Official Czech &amp; Slovak Everton Supporters&#039; Club\",\"isPartOf\":{\"@id\":\"https:\/\/evertonfc.cz\/#website\"},\"primaryImageOfPage\":{\"@id\":\"https:\/\/evertonfc.cz\/index.php\/2019\/04\/01\/silva-chce-gomese-upece-se-prestup\/#primaryimage\"},\"image\":{\"@id\":\"https:\/\/evertonfc.cz\/index.php\/2019\/04\/01\/silva-chce-gomese-upece-se-prestup\/#primaryimage\"},\"thumbnailUrl\":\"https:\/\/evertonfc.cz\/wp-content\/uploads\/2019\/04\/gomes_1_4_2019.jpg\",\"datePublished\":\"2019-04-01T10:37:55+00:00\",\"dateModified\":\"2020-05-14T10:31:54+00:00\",\"breadcrumb\":{\"@id\":\"https:\/\/evertonfc.cz\/index.php\/2019\/04\/01\/silva-chce-gomese-upece-se-prestup\/#breadcrumb\"},\"inLanguage\":\"cs\",\"potentialAction\":[{\"@type\":\"ReadAction\",\"target\":[\"https:\/\/evertonfc.cz\/index.php\/2019\/04\/01\/silva-chce-gomese-upece-se-prestup\/\"]}]},{\"@type\":\"ImageObject\",\"inLanguage\":\"cs\",\"@id\":\"https:\/\/evertonfc.cz\/index.php\/2019\/04\/01\/silva-chce-gomese-upece-se-prestup\/#primaryimage\",\"url\":\"https:\/\/evertonfc.cz\/wp-content\/uploads\/2019\/04\/gomes_1_4_2019.jpg\",\"contentUrl\":\"https:\/\/evertonfc.cz\/wp-content\/uploads\/2019\/04\/gomes_1_4_2019.jpg\",\"width\":720,\"height\":405},{\"@type\":\"BreadcrumbList\",\"@id\":\"https:\/\/evertonfc.cz\/index.php\/2019\/04\/01\/silva-chce-gomese-upece-se-prestup\/#breadcrumb\",\"itemListElement\":[{\"@type\":\"ListItem\",\"position\":1,\"name\":\"Home\",\"item\":\"https:\/\/evertonfc.cz\/\"},{\"@type\":\"ListItem\",\"position\":2,\"name\":\"Silva chce Gomese, upe\u010de se p\u0159estup?\"}]},{\"@type\":\"WebSite\",\"@id\":\"https:\/\/evertonfc.cz\/#website\",\"url\":\"https:\/\/evertonfc.cz\/\",\"name\":\"Official Czech &amp; Slovak Everton Supporters&#039; Club\",\"description\":\"\",\"publisher\":{\"@id\":\"https:\/\/evertonfc.cz\/#organization\"},\"potentialAction\":[{\"@type\":\"SearchAction\",\"target\":{\"@type\":\"EntryPoint\",\"urlTemplate\":\"https:\/\/evertonfc.cz\/?s={search_term_string}\"},\"query-input\":{\"@type\":\"PropertyValueSpecification\",\"valueRequired\":true,\"valueName\":\"search_term_string\"}}],\"inLanguage\":\"cs\"},{\"@type\":\"Organization\",\"@id\":\"https:\/\/evertonfc.cz\/#organization\",\"name\":\"Official Czech & Slovak Everton Supporters' Club\",\"url\":\"https:\/\/evertonfc.cz\/\",\"logo\":{\"@type\":\"ImageObject\",\"inLanguage\":\"cs\",\"@id\":\"https:\/\/evertonfc.cz\/#\/schema\/logo\/image\/\",\"url\":\"https:\/\/evertonfc.cz\/wp-content\/uploads\/2019\/05\/logo.png\",\"contentUrl\":\"https:\/\/evertonfc.cz\/wp-content\/uploads\/2019\/05\/logo.png\",\"width\":112,\"height\":112,\"caption\":\"Official Czech & Slovak Everton Supporters' Club\"},\"image\":{\"@id\":\"https:\/\/evertonfc.cz\/#\/schema\/logo\/image\/\"},\"sameAs\":[\"https:\/\/www.facebook.com\/everton.fans.cz.sk\"]},{\"@type\":\"Person\",\"@id\":\"https:\/\/evertonfc.cz\/#\/schema\/person\/f7a5daedb2ffee98480bc70e191aaef1\",\"name\":\"Ri\u010di\",\"sameAs\":[\"https:\/\/x.com\/rbrejsa\"],\"url\":\"https:\/\/evertonfc.cz\/index.php\/author\/rici\/\"}]}<\/script>\n<!-- \/ Yoast SEO plugin. -->","yoast_head_json":{"title":"Silva chce Gomese, upe\u010de se p\u0159estup? - Official Czech &amp; Slovak Everton Supporters&#039; Club","robots":{"index":"index","follow":"follow","max-snippet":"max-snippet:-1","max-image-preview":"max-image-preview:large","max-video-preview":"max-video-preview:-1"},"canonical":"https:\/\/evertonfc.cz\/index.php\/2019\/04\/01\/silva-chce-gomese-upece-se-prestup\/","og_locale":"cs_CZ","og_type":"article","og_title":"Silva chce Gomese, upe\u010de se p\u0159estup? - Official Czech &amp; Slovak Everton Supporters&#039; Club","og_description":"Mana\u017eer Marco Silva se v rozhovoru pro den\u00edk Liverpool Echo zcela jasn\u011b vyj\u00e1d\u0159il o sv\u00e9m p\u0159\u00e1n\u00ed zm\u011bnit hostov\u00e1n\u00ed Andr\u00e9ho Gomese z Barcelony v trval\u00fd p\u0159estup.","og_url":"https:\/\/evertonfc.cz\/index.php\/2019\/04\/01\/silva-chce-gomese-upece-se-prestup\/","og_site_name":"Official Czech &amp; Slovak Everton Supporters&#039; Club","article_publisher":"https:\/\/www.facebook.com\/everton.fans.cz.sk","article_published_time":"2019-04-01T10:37:55+00:00","article_modified_time":"2020-05-14T10:31:54+00:00","og_image":[{"width":720,"height":405,"url":"https:\/\/evertonfc.cz\/wp-content\/uploads\/2019\/04\/gomes_1_4_2019.jpg","type":"image\/jpeg"}],"author":"Ri\u010di","twitter_card":"summary_large_image","twitter_creator":"@rbrejsa","twitter_misc":{"Napsal(a)":"Ri\u010di","Odhadovan\u00e1 doba \u010dten\u00ed":"2 minuty"},"schema":{"@context":"https:\/\/schema.org","@graph":[{"@type":"Article","@id":"https:\/\/evertonfc.cz\/index.php\/2019\/04\/01\/silva-chce-gomese-upece-se-prestup\/#article","isPartOf":{"@id":"https:\/\/evertonfc.cz\/index.php\/2019\/04\/01\/silva-chce-gomese-upece-se-prestup\/"},"author":{"name":"Ri\u010di","@id":"https:\/\/evertonfc.cz\/#\/schema\/person\/f7a5daedb2ffee98480bc70e191aaef1"},"headline":"Silva chce Gomese, upe\u010de se p\u0159estup?","datePublished":"2019-04-01T10:37:55+00:00","dateModified":"2020-05-14T10:31:54+00:00","mainEntityOfPage":{"@id":"https:\/\/evertonfc.cz\/index.php\/2019\/04\/01\/silva-chce-gomese-upece-se-prestup\/"},"wordCount":368,"commentCount":6,"publisher":{"@id":"https:\/\/evertonfc.cz\/#organization"},"image":{"@id":"https:\/\/evertonfc.cz\/index.php\/2019\/04\/01\/silva-chce-gomese-upece-se-prestup\/#primaryimage"},"thumbnailUrl":"https:\/\/evertonfc.cz\/wp-content\/uploads\/2019\/04\/gomes_1_4_2019.jpg","articleSection":["Aktuality"],"inLanguage":"cs","potentialAction":[{"@type":"CommentAction","name":"Comment","target":["https:\/\/evertonfc.cz\/index.php\/2019\/04\/01\/silva-chce-gomese-upece-se-prestup\/#respond"]}]},{"@type":"WebPage","@id":"https:\/\/evertonfc.cz\/index.php\/2019\/04\/01\/silva-chce-gomese-upece-se-prestup\/","url":"https:\/\/evertonfc.cz\/index.php\/2019\/04\/01\/silva-chce-gomese-upece-se-prestup\/","name":"Silva chce Gomese, upe\u010de se p\u0159estup? - Official Czech &amp; Slovak Everton Supporters&#039; Club","isPartOf":{"@id":"https:\/\/evertonfc.cz\/#website"},"primaryImageOfPage":{"@id":"https:\/\/evertonfc.cz\/index.php\/2019\/04\/01\/silva-chce-gomese-upece-se-prestup\/#primaryimage"},"image":{"@id":"https:\/\/evertonfc.cz\/index.php\/2019\/04\/01\/silva-chce-gomese-upece-se-prestup\/#primaryimage"},"thumbnailUrl":"https:\/\/evertonfc.cz\/wp-content\/uploads\/2019\/04\/gomes_1_4_2019.jpg","datePublished":"2019-04-01T10:37:55+00:00","dateModified":"2020-05-14T10:31:54+00:00","breadcrumb":{"@id":"https:\/\/evertonfc.cz\/index.php\/2019\/04\/01\/silva-chce-gomese-upece-se-prestup\/#breadcrumb"},"inLanguage":"cs","potentialAction":[{"@type":"ReadAction","target":["https:\/\/evertonfc.cz\/index.php\/2019\/04\/01\/silva-chce-gomese-upece-se-prestup\/"]}]},{"@type":"ImageObject","inLanguage":"cs","@id":"https:\/\/evertonfc.cz\/index.php\/2019\/04\/01\/silva-chce-gomese-upece-se-prestup\/#primaryimage","url":"https:\/\/evertonfc.cz\/wp-content\/uploads\/2019\/04\/gomes_1_4_2019.jpg","contentUrl":"https:\/\/evertonfc.cz\/wp-content\/uploads\/2019\/04\/gomes_1_4_2019.jpg","width":720,"height":405},{"@type":"BreadcrumbList","@id":"https:\/\/evertonfc.cz\/index.php\/2019\/04\/01\/silva-chce-gomese-upece-se-prestup\/#breadcrumb","itemListElement":[{"@type":"ListItem","position":1,"name":"Home","item":"https:\/\/evertonfc.cz\/"},{"@type":"ListItem","position":2,"name":"Silva chce Gomese, upe\u010de se p\u0159estup?"}]},{"@type":"WebSite","@id":"https:\/\/evertonfc.cz\/#website","url":"https:\/\/evertonfc.cz\/","name":"Official Czech &amp; Slovak Everton Supporters&#039; Club","description":"","publisher":{"@id":"https:\/\/evertonfc.cz\/#organization"},"potentialAction":[{"@type":"SearchAction","target":{"@type":"EntryPoint","urlTemplate":"https:\/\/evertonfc.cz\/?s={search_term_string}"},"query-input":{"@type":"PropertyValueSpecification","valueRequired":true,"valueName":"search_term_string"}}],"inLanguage":"cs"},{"@type":"Organization","@id":"https:\/\/evertonfc.cz\/#organization","name":"Official Czech & Slovak Everton Supporters' Club","url":"https:\/\/evertonfc.cz\/","logo":{"@type":"ImageObject","inLanguage":"cs","@id":"https:\/\/evertonfc.cz\/#\/schema\/logo\/image\/","url":"https:\/\/evertonfc.cz\/wp-content\/uploads\/2019\/05\/logo.png","contentUrl":"https:\/\/evertonfc.cz\/wp-content\/uploads\/2019\/05\/logo.png","width":112,"height":112,"caption":"Official Czech & Slovak Everton Supporters' Club"},"image":{"@id":"https:\/\/evertonfc.cz\/#\/schema\/logo\/image\/"},"sameAs":["https:\/\/www.facebook.com\/everton.fans.cz.sk"]},{"@type":"Person","@id":"https:\/\/evertonfc.cz\/#\/schema\/person\/f7a5daedb2ffee98480bc70e191aaef1","name":"Ri\u010di","sameAs":["https:\/\/x.com\/rbrejsa"],"url":"https:\/\/evertonfc.cz\/index.php\/author\/rici\/"}]}},"_links":{"self":[{"href":"https:\/\/evertonfc.cz\/index.php\/wp-json\/wp\/v2\/posts\/7303"}],"collection":[{"href":"https:\/\/evertonfc.cz\/index.php\/wp-json\/wp\/v2\/posts"}],"about":[{"href":"https:\/\/evertonfc.cz\/index.php\/wp-json\/wp\/v2\/types\/post"}],"author":[{"embeddable":true,"href":"https:\/\/evertonfc.cz\/index.php\/wp-json\/wp\/v2\/users\/6"}],"replies":[{"embeddable":true,"href":"https:\/\/evertonfc.cz\/index.php\/wp-json\/wp\/v2\/comments?post=7303"}],"version-history":[{"count":5,"href":"https:\/\/evertonfc.cz\/index.php\/wp-json\/wp\/v2\/posts\/7303\/revisions"}],"predecessor-version":[{"id":7308,"href":"https:\/\/evertonfc.cz\/index.php\/wp-json\/wp\/v2\/posts\/7303\/revisions\/7308"}],"wp:featuredmedia":[{"embeddable":true,"href":"https:\/\/evertonfc.cz\/index.php\/wp-json\/wp\/v2\/media\/7302"}],"wp:attachment":[{"href":"https:\/\/evertonfc.cz\/index.php\/wp-json\/wp\/v2\/media?parent=7303"}],"wp:term":[{"taxonomy":"category","embeddable":true,"href":"https:\/\/evertonfc.cz\/index.php\/wp-json\/wp\/v2\/categories?post=7303"},{"taxonomy":"post_tag","embeddable":true,"href":"https:\/\/evertonfc.cz\/index.php\/wp-json\/wp\/v2\/tags?post=7303"}],"curies":[{"name":"wp","href":"https:\/\/api.w.org\/{rel}","templated":true}]}}