{"id":7331,"date":"2019-04-05T06:00:44","date_gmt":"2019-04-05T04:00:44","guid":{"rendered":"https:\/\/evertonfc.cz\/?p=7331"},"modified":"2020-04-28T15:56:48","modified_gmt":"2020-04-28T13:56:48","slug":"brandsova-prestupova-politika","status":"publish","type":"post","link":"https:\/\/evertonfc.cz\/index.php\/2019\/04\/05\/brandsova-prestupova-politika\/","title":{"rendered":"Brandsova prestupov\u00e1 politika"},"content":{"rendered":"<h4>Tento t\u00fd\u017ede\u0148 sa konal v Lond\u00fdne Football Innovation Summit a nemohol na \u0148om ch\u00fdba\u0165 ani n\u00e1\u0161 DoF. Prezradil ve\u013ea zauj\u00edmav\u00fdch skuto\u010dnost\u00ed, v tomto \u010dl\u00e1nku konkr\u00e9tne o klubovej n\u00e1borovej strat\u00e9gii.<\/h4>\n<p><em>\u201eNikdy by som nepriviedol hr\u00e1\u010da, ktor\u00e9ho tr\u00e9ner neh\u013ead\u00e1 alebo s\u00a0n\u00edm nechce pracova\u0165. Rovnako tak ani v\u00a0opa\u010dnej situ\u00e1cii. Ak sa Marcovi p\u00e1\u010di hr\u00e1\u010d, ale ja si nemysl\u00edm, \u017ee by zapadol do filozofie klubu alebo nie je spr\u00e1vna vo\u013eba. \u010ci u\u017e kv\u00f4li veku, pr\u00edpadne nie\u010domu in\u00e9mu, jednoducho sa mus\u00edme zhodn\u00fa\u0165 obaja.\u201c<\/em><\/p>\n<p>V\u0161etci m\u00e1me \u010derstvo v pam\u00e4ti nemil\u00e9 vytriezvenie z predch\u00e1dzaj\u00faceho re\u017eimu, (ne)veden\u00e9ho Koemanom a Walshom. \u0160okuj\u00face zistenia o tot\u00e1lnej nekoherentnosti spolupr\u00e1ce t\u00fdchto dvoch p\u00e1nov n\u00e1m dovolili spam\u00e4ta\u0165 sa z opantania monet\u00e1rnej rozhadzova\u010dnosti. T\u00e1 Everton v posledn\u00fdch rokoch nikam nedoviedla.<\/p>\n<p>Preto tieto slov\u00e1, ve\u013emi \u010dasto opakovan\u00e9 a sn\u00faben\u00e9 s doteraj\u0161\u00edmi \u010dinmi, p\u00f4sobia ako balzam na du\u0161u aj rozum. Jednotn\u00e1 a\u00a0jasn\u00e1 cesta, ktor\u00e1 m\u00f4\u017ee \u010dasom prinies\u0165 evidentnej\u0161ie v\u00fdsledky, ako utraten\u00fdch 150 mili\u00f3nov za jedno prestupov\u00e9 okno. Tie teraz p\u00f4sobia viac ako bremeno, ne\u017e prospech.<\/p>\n<h4>Mana\u017e\u00e9r je st\u00e1le d\u00f4le\u017eit\u00fd<\/h4>\n<p><em>\u201eMana\u017e\u00e9ra pou\u017e\u00edvam v\u00a0procese vyjedn\u00e1vania, preto\u017ee je d\u00f4le\u017eit\u00e9, aby s n\u00edm dan\u00fd hr\u00e1\u010d e\u0161te predt\u00fdm hovoril. Napokon, bude s n\u00edm pracova\u0165 ka\u017ed\u00fd de\u0148, tak\u017ee bude musie\u0165 by\u0165 medzi nimi nejak\u00fd vz\u0165ah.\u201c<\/em><\/p>\n<p>U\u017e nieko\u013ekokr\u00e1t sme v\u00a0na\u0161ich \u010dl\u00e1nkoch spom\u00ednali, ak\u00fd je Silva dobr\u00fd v\u00a0presvied\u010dan\u00ed hr\u00e1\u010dov. Bol to on, kto dostal Richarlisona do Watfordu a\u00a0n\u00e1sledne na Goodison Park. Rovnako vplyvn\u00fd sa uk\u00e1zal aj pri Dignem, a\u00a0Bernard s\u00a0Minom taktie\u017e vyzdvihuj\u00fa jeho \u00falohu v\u00a0skompletizovan\u00ed ich prestupov.<\/p>\n<p>Sp\u00f4sob, ak\u00fdm pod\u00e1va a napokon pred\u00e1va klub, jeho a vlastn\u00fa v\u00edziu, je pod\u013ea v\u0161etk\u00e9ho jedine\u010dn\u00fd. O to viac, \u017ee ochota podriadi\u0165 sa syst\u00e9mu nad n\u00edm mu nech\u00fdba. Ako s\u00e1m povedal predned\u00e1vnom, \u201ebiznis\u201c pri prestupe nie je jeho pr\u00e1ca. To maj\u00fa na starosti in\u00ed.<\/p>\n<p><em>\u201eVe\u013ea pr\u00e1ce odv\u00e1dzaj\u00fa skauti. S\u00fa naozaj zapojen\u00ed a\u00a0preto nezn\u00e1\u0161am, ke\u010f spravia ve\u013ea dobrej roboty a\u00a0klub aj tak nakoniec privedie hr\u00e1\u010da, ktor\u00e9ho sme nikdy nevideli, ale mana\u017e\u00e9r ho pozn\u00e1, nebodaj ho priviedol agent. To sa nestane.\u201c<\/em><\/p>\n<p>Za \u010dias Davida Moyesa by toto bolo nere\u00e1lne. Aj kv\u00f4li finan\u010dnej situ\u00e1cii, aj kv\u00f4li syst\u00e9mu, ktor\u00fd fungoval a\u00a0bol zalo\u017een\u00fd pr\u00e1ve na \u0160k\u00f3tovi. Jeho drina pri vyberan\u00ed a\u00a0posudzovan\u00ed hr\u00e1\u010dov, kde z\u00e1le\u017ealo na charaktere a\u00a0ochote odovzda\u0165 v\u017edy v\u0161etko, sa v\u00a0tej dobe vypl\u00e1cala.<\/p>\n<p>Teraz v\u0161ak ide o fungovanie zo zadn\u00fdmi dvierkami. Ak sa zmen\u00ed tr\u00e9ner, nemala by sa zmeni\u0165 aj cel\u00e1 kab\u00edna. H\u013eada\u010di talentov a \u013eudia, ktor\u00ed maj\u00fa na starosti anal\u00fdzy v\u00fdkonov, pripravuj\u00fa zoznam hr\u00e1\u010dov, ktor\u00fd vyhovuje nielen mana\u017e\u00e9rovi, ale aj klubu a jeho filozofii.<\/p>\n<h4>Investovanie do bud\u00facnosti<\/h4>\n<p><em>\u201eHr\u00e1\u010di, ktor\u00fdch sme doviedli minul\u00e9 leto, mali\u00a0 pod 25 rokov. Nechceme investova\u0165 ve\u013ek\u00e9 peniaze do star\u0161\u00edch. Everton tie\u017e mus\u00ed\u00a0 pred\u00e1va\u0165, tak\u017ee je potrebn\u00e9 investova\u0165 do mlad\u0161\u00edch, potenci\u00e1lne v\u00fdnosnej\u0161\u00edch do bud\u00facna. A to bol pr\u00edpad minul\u00e9ho leta. Digne mal 24, Mina 23 a Richarlison 21. P<span lang=\"SK\">ozer\u00e1me sa teda do vekovej kateg\u00f3rie 20-25\/26 rokov.\u201c<\/span><\/em><\/p>\n<p>Ak mal niekto pochybnosti pri k\u00fape Sigurdssona, mal ich opr\u00e1vnene. Megalomansk\u00e1 k\u00fapa vtedy \u010doskoro 28 ro\u010dn\u00e9ho \u0161p\u00edlmachra sa teraz jav\u00ed ako ve\u013emi nepremyslen\u00e1, ke\u010f\u017ee klub vtedy disponoval, respekt\u00edve dok\u00fapil hne\u010f nieko\u013eko z\u00e1lo\u017en\u00edkov na poz\u00edciu \u010d\u00edsla 10.<\/p>\n<p>Ak zv\u00e1\u017eime, \u017ee v\u00a0septembri tohto roku osl\u00e1vi okr\u00fahle 30. narodeniny, neviem si celkom dobre predstavi\u0165 potenci\u00e1lneho z\u00e1ujemcu a jeho odkupn\u00fa hodnotu v\u00a0pr\u00edpade, \u017ee sa n\u00e1m za\u010dne javi\u0165 nadbyto\u010dn\u00fd. Tak\u00e1to situ\u00e1cia by v\u0161ak s\u00a0in\u00fdm hr\u00e1\u010dom v\u00a0bud\u00facnosti nasta\u0165 nemala.<\/p>\n<p><em>\u201eDigne, ako 24 ro\u010dn\u00fd, chcel hr\u00e1va\u0165 pravidelne ka\u017ed\u00fd t\u00fd\u017ede\u0148 a to bolo v Barcelone nemo\u017en\u00e9. \u010ci\u017ee ve\u013emi r\u00e1d pri\u0161iel \u00a0hra\u0165 do Premier League za Everton. Teraz je jeden z najlep\u0161\u00edch \u013eav\u00fdch obrancov v Anglicku. Aj toto je pr\u00edklad, ako budeme postupova\u0165 pri h\u013eadan\u00ed nov\u00fdch hr\u00e1\u010dov.\u201c<\/em><\/p>\n<p>Nie je jednoduch\u00e9 presadi\u0165 sa obrovskej konkurencii klubov ako Barcelona alebo PSG. Aj ke\u010f m\u00e1te dostatok talentu a\u00a0tvrdo mak\u00e1te. Niekedy sa mus\u00edte zmieri\u0165 so situ\u00e1ciou, \u017ee ste len \u010d\u00edslo v\u00a0porad\u00ed. A\u00a0ke\u010f sa s\u00a0t\u00fdm rozhodnete nie\u010do spravi\u0165, pr\u00edde s\u00a0ponukou Everton.<\/p>\n<h4>Druh\u00e9 \u0161ance<\/h4>\n<p>Tak\u00fdto re\u0161tart kari\u00e9ry m\u00f4\u017eu Toffees pon\u00faknu\u0165 viacer\u00fdm a\u00a0ak ste si nev\u0161imli, u\u017e sa tak deje. Rovnak\u00fd pr\u00edbeh zdie\u013ea Gomes s\u00a0Minom, rovnako tak Zouma. Ten reprezentuje \u010fal\u0161iu skupinu, ktor\u00e1 sa nevie vymani\u0165 z neust\u00e1leho\u00a0konkurzu talentov v bohat\u00fdch a\u00a0\u00faspe\u0161n\u00fdch kluboch Top 6.<\/p>\n<p><em>\u201eJe tam ve\u013ea tlaku a ve\u013ea dobr\u00fdch hr\u00e1\u010dov, ktor\u00ed to maj\u00fa \u0165a\u017ek\u00e9, ke\u010f sa sna\u017eia presadi\u0165, povedzme v Manchesteri City. Ross Barkley bol superhviezda v Evertone, ale v Chelsea nie v\u017edy hr\u00e1va, tak\u017ee to n\u00e1m niekedy m\u00f4\u017ee poskytn\u00fa\u0165 v\u00fdhodu. <\/em><em>M\u00f4\u017eeme sa s\u00fastredi\u0165 t\u00fdm p\u00e1dom na ist\u00fa vekov\u00fa skupinu, ktorej m\u00f4\u017eeme uk\u00e1za\u0165 konkr\u00e9tnu cestu, ako sa presadi\u0165. Vtedy je d\u00f4le\u017eit\u00e9 ma\u0165 tr\u00e9nera, schopn\u00e9ho ich rozv\u00edja\u0165 a v tom je Marco naozaj dobr\u00fd.\u201c<\/em><\/p>\n<p>Ke\u010f sa vydal Everton cestou v\u00e4\u010d\u0161\u00edch platov, jedinej mo\u017enej alternat\u00edvy v\u00a0s\u00faboji o\u00a0lep\u0161\u00edch futbalistov, narazil na kame\u0148 neudr\u017eate\u013enosti. Na \u0148om sa potkli u\u017e mnoh\u00ed a\u00a0dopadli podstatne hor\u0161ie. Len\u017ee \u010das hr\u00e1 v\u00a0n\u00e1\u0161 pr\u00edm. Stihli sme si to uvedomi\u0165 a\u00a0spejeme k\u00a0n\u00e1prave.<\/p>\n<p>Kde ostatn\u00ed prezentuj\u00fa eur\u00f3psky futbal a mas\u00edvne v\u00fdplatn\u00e9 p\u00e1sky, my sa sna\u017e\u00edme oslovi\u0165 pon\u00faknut\u00edm \u0161ance. Nie ka\u017ed\u00e9mu sta\u010d\u00ed zohrieva\u0165 lavi\u010dku a zar\u00e1ba\u0165. Mnoho mlad\u00fdch talentov, s ni\u017e\u0161\u00edmi platmi, drieme v akad\u00e9mi\u00e1ch a nevidia cestu do prv\u00e9ho t\u00edmu. Teraz je na n\u00e1s, oslovi\u0165 ich.<\/p>\n<p>Toto leto bude teda k\u013e\u00fa\u010dov\u00e9. E\u0161te podstatnej\u0161ie ako to prv\u00e9. Aj v\u00fdsledkovo, aj ozdravne. Klub mus\u00ed skresa\u0165 horibiln\u00fdch 145 mili\u00f3nov libier, ktor\u00e9 ro\u010dne vypl\u00e1ca mu\u017estvu za priemern\u00e9 v\u00fdsledky. S\u00a0t\u00fdm mus\u00ed by\u0165 koniec a\u00a0Marcel Brands je \u010dlovek, poveren\u00fd touto \u00falohou.<\/p>\n<p style=\"text-align: right;\"><em>(foto zdroj: evertonfc.com)<\/em><\/p>\n","protected":false},"excerpt":{"rendered":"<p>Tento t\u00fd\u017ede\u0148 sa konal v Lond\u00fdne Football Innovation Summit a nemohol na \u0148om ch\u00fdba\u0165 ani n\u00e1\u0161 DoF. Prezradil ve\u013ea zauj\u00edmav\u00fdch skuto\u010dnost\u00ed, v tomto \u010dl\u00e1nku konkr\u00e9tne o klubovej n\u00e1borovej strat\u00e9gii.<\/p>\n","protected":false},"author":1,"featured_media":7334,"comment_status":"open","ping_status":"closed","sticky":false,"template":"","format":"standard","meta":{"_eb_attr":"","_monsterinsights_skip_tracking":false,"_monsterinsights_sitenote_active":false,"_monsterinsights_sitenote_note":"","_monsterinsights_sitenote_category":0,"footnotes":""},"categories":[1],"tags":[],"yoast_head":"<!-- This site is optimized with the Yoast SEO plugin v23.4 - https:\/\/yoast.com\/wordpress\/plugins\/seo\/ -->\n<title>Brandsova prestupov\u00e1 politika - Official Czech &amp; Slovak Everton Supporters&#039; Club<\/title>\n<meta name=\"robots\" content=\"index, follow, max-snippet:-1, max-image-preview:large, max-video-preview:-1\" \/>\n<link rel=\"canonical\" href=\"https:\/\/evertonfc.cz\/index.php\/2019\/04\/05\/brandsova-prestupova-politika\/\" \/>\n<meta property=\"og:locale\" content=\"cs_CZ\" \/>\n<meta property=\"og:type\" content=\"article\" \/>\n<meta property=\"og:title\" content=\"Brandsova prestupov\u00e1 politika - Official Czech &amp; Slovak Everton Supporters&#039; Club\" \/>\n<meta property=\"og:description\" content=\"Tento t\u00fd\u017ede\u0148 sa konal v Lond\u00fdne Football Innovation Summit a nemohol na \u0148om ch\u00fdba\u0165 ani n\u00e1\u0161 DoF. Prezradil ve\u013ea zauj\u00edmav\u00fdch skuto\u010dnost\u00ed, v tomto \u010dl\u00e1nku konkr\u00e9tne o klubovej n\u00e1borovej strat\u00e9gii.\" \/>\n<meta property=\"og:url\" content=\"https:\/\/evertonfc.cz\/index.php\/2019\/04\/05\/brandsova-prestupova-politika\/\" \/>\n<meta property=\"og:site_name\" content=\"Official Czech &amp; Slovak Everton Supporters&#039; Club\" \/>\n<meta property=\"article:publisher\" content=\"https:\/\/www.facebook.com\/everton.fans.cz.sk\" \/>\n<meta property=\"article:published_time\" content=\"2019-04-05T04:00:44+00:00\" \/>\n<meta property=\"article:modified_time\" content=\"2020-04-28T13:56:48+00:00\" \/>\n<meta property=\"og:image\" content=\"https:\/\/evertonfc.cz\/wp-content\/uploads\/2019\/04\/Brands-transfer-politics.jpg\" \/>\n\t<meta property=\"og:image:width\" content=\"720\" \/>\n\t<meta property=\"og:image:height\" content=\"405\" \/>\n\t<meta property=\"og:image:type\" content=\"image\/jpeg\" \/>\n<meta name=\"author\" content=\"BlueBlooded\" \/>\n<meta name=\"twitter:card\" content=\"summary_large_image\" \/>\n<meta name=\"twitter:label1\" content=\"Napsal(a)\" \/>\n\t<meta name=\"twitter:data1\" content=\"BlueBlooded\" \/>\n\t<meta name=\"twitter:label2\" content=\"Odhadovan\u00e1 doba \u010dten\u00ed\" \/>\n\t<meta name=\"twitter:data2\" content=\"6 minut\" \/>\n<script type=\"application\/ld+json\" class=\"yoast-schema-graph\">{\"@context\":\"https:\/\/schema.org\",\"@graph\":[{\"@type\":\"Article\",\"@id\":\"https:\/\/evertonfc.cz\/index.php\/2019\/04\/05\/brandsova-prestupova-politika\/#article\",\"isPartOf\":{\"@id\":\"https:\/\/evertonfc.cz\/index.php\/2019\/04\/05\/brandsova-prestupova-politika\/\"},\"author\":{\"name\":\"BlueBlooded\",\"@id\":\"https:\/\/evertonfc.cz\/#\/schema\/person\/d4493b8cbea51532597fbc4685698916\"},\"headline\":\"Brandsova prestupov\u00e1 politika\",\"datePublished\":\"2019-04-05T04:00:44+00:00\",\"dateModified\":\"2020-04-28T13:56:48+00:00\",\"mainEntityOfPage\":{\"@id\":\"https:\/\/evertonfc.cz\/index.php\/2019\/04\/05\/brandsova-prestupova-politika\/\"},\"wordCount\":1147,\"commentCount\":8,\"publisher\":{\"@id\":\"https:\/\/evertonfc.cz\/#organization\"},\"image\":{\"@id\":\"https:\/\/evertonfc.cz\/index.php\/2019\/04\/05\/brandsova-prestupova-politika\/#primaryimage\"},\"thumbnailUrl\":\"https:\/\/evertonfc.cz\/wp-content\/uploads\/2019\/04\/Brands-transfer-politics.jpg\",\"articleSection\":[\"Rozhovory\"],\"inLanguage\":\"cs\",\"potentialAction\":[{\"@type\":\"CommentAction\",\"name\":\"Comment\",\"target\":[\"https:\/\/evertonfc.cz\/index.php\/2019\/04\/05\/brandsova-prestupova-politika\/#respond\"]}]},{\"@type\":\"WebPage\",\"@id\":\"https:\/\/evertonfc.cz\/index.php\/2019\/04\/05\/brandsova-prestupova-politika\/\",\"url\":\"https:\/\/evertonfc.cz\/index.php\/2019\/04\/05\/brandsova-prestupova-politika\/\",\"name\":\"Brandsova prestupov\u00e1 politika - Official Czech &amp; Slovak Everton Supporters&#039; Club\",\"isPartOf\":{\"@id\":\"https:\/\/evertonfc.cz\/#website\"},\"primaryImageOfPage\":{\"@id\":\"https:\/\/evertonfc.cz\/index.php\/2019\/04\/05\/brandsova-prestupova-politika\/#primaryimage\"},\"image\":{\"@id\":\"https:\/\/evertonfc.cz\/index.php\/2019\/04\/05\/brandsova-prestupova-politika\/#primaryimage\"},\"thumbnailUrl\":\"https:\/\/evertonfc.cz\/wp-content\/uploads\/2019\/04\/Brands-transfer-politics.jpg\",\"datePublished\":\"2019-04-05T04:00:44+00:00\",\"dateModified\":\"2020-04-28T13:56:48+00:00\",\"breadcrumb\":{\"@id\":\"https:\/\/evertonfc.cz\/index.php\/2019\/04\/05\/brandsova-prestupova-politika\/#breadcrumb\"},\"inLanguage\":\"cs\",\"potentialAction\":[{\"@type\":\"ReadAction\",\"target\":[\"https:\/\/evertonfc.cz\/index.php\/2019\/04\/05\/brandsova-prestupova-politika\/\"]}]},{\"@type\":\"ImageObject\",\"inLanguage\":\"cs\",\"@id\":\"https:\/\/evertonfc.cz\/index.php\/2019\/04\/05\/brandsova-prestupova-politika\/#primaryimage\",\"url\":\"https:\/\/evertonfc.cz\/wp-content\/uploads\/2019\/04\/Brands-transfer-politics.jpg\",\"contentUrl\":\"https:\/\/evertonfc.cz\/wp-content\/uploads\/2019\/04\/Brands-transfer-politics.jpg\",\"width\":720,\"height\":405},{\"@type\":\"BreadcrumbList\",\"@id\":\"https:\/\/evertonfc.cz\/index.php\/2019\/04\/05\/brandsova-prestupova-politika\/#breadcrumb\",\"itemListElement\":[{\"@type\":\"ListItem\",\"position\":1,\"name\":\"Home\",\"item\":\"https:\/\/evertonfc.cz\/\"},{\"@type\":\"ListItem\",\"position\":2,\"name\":\"Brandsova prestupov\u00e1 politika\"}]},{\"@type\":\"WebSite\",\"@id\":\"https:\/\/evertonfc.cz\/#website\",\"url\":\"https:\/\/evertonfc.cz\/\",\"name\":\"Official Czech &amp; Slovak Everton Supporters&#039; Club\",\"description\":\"\",\"publisher\":{\"@id\":\"https:\/\/evertonfc.cz\/#organization\"},\"potentialAction\":[{\"@type\":\"SearchAction\",\"target\":{\"@type\":\"EntryPoint\",\"urlTemplate\":\"https:\/\/evertonfc.cz\/?s={search_term_string}\"},\"query-input\":{\"@type\":\"PropertyValueSpecification\",\"valueRequired\":true,\"valueName\":\"search_term_string\"}}],\"inLanguage\":\"cs\"},{\"@type\":\"Organization\",\"@id\":\"https:\/\/evertonfc.cz\/#organization\",\"name\":\"Official Czech & Slovak Everton Supporters' Club\",\"url\":\"https:\/\/evertonfc.cz\/\",\"logo\":{\"@type\":\"ImageObject\",\"inLanguage\":\"cs\",\"@id\":\"https:\/\/evertonfc.cz\/#\/schema\/logo\/image\/\",\"url\":\"https:\/\/evertonfc.cz\/wp-content\/uploads\/2019\/05\/logo.png\",\"contentUrl\":\"https:\/\/evertonfc.cz\/wp-content\/uploads\/2019\/05\/logo.png\",\"width\":112,\"height\":112,\"caption\":\"Official Czech & Slovak Everton Supporters' Club\"},\"image\":{\"@id\":\"https:\/\/evertonfc.cz\/#\/schema\/logo\/image\/\"},\"sameAs\":[\"https:\/\/www.facebook.com\/everton.fans.cz.sk\"]},{\"@type\":\"Person\",\"@id\":\"https:\/\/evertonfc.cz\/#\/schema\/person\/d4493b8cbea51532597fbc4685698916\",\"name\":\"BlueBlooded\",\"url\":\"https:\/\/evertonfc.cz\/index.php\/author\/admin\/\"}]}<\/script>\n<!-- \/ Yoast SEO plugin. -->","yoast_head_json":{"title":"Brandsova prestupov\u00e1 politika - Official Czech &amp; Slovak Everton Supporters&#039; Club","robots":{"index":"index","follow":"follow","max-snippet":"max-snippet:-1","max-image-preview":"max-image-preview:large","max-video-preview":"max-video-preview:-1"},"canonical":"https:\/\/evertonfc.cz\/index.php\/2019\/04\/05\/brandsova-prestupova-politika\/","og_locale":"cs_CZ","og_type":"article","og_title":"Brandsova prestupov\u00e1 politika - Official Czech &amp; Slovak Everton Supporters&#039; Club","og_description":"Tento t\u00fd\u017ede\u0148 sa konal v Lond\u00fdne Football Innovation Summit a nemohol na \u0148om ch\u00fdba\u0165 ani n\u00e1\u0161 DoF. Prezradil ve\u013ea zauj\u00edmav\u00fdch skuto\u010dnost\u00ed, v tomto \u010dl\u00e1nku konkr\u00e9tne o klubovej n\u00e1borovej strat\u00e9gii.","og_url":"https:\/\/evertonfc.cz\/index.php\/2019\/04\/05\/brandsova-prestupova-politika\/","og_site_name":"Official Czech &amp; Slovak Everton Supporters&#039; Club","article_publisher":"https:\/\/www.facebook.com\/everton.fans.cz.sk","article_published_time":"2019-04-05T04:00:44+00:00","article_modified_time":"2020-04-28T13:56:48+00:00","og_image":[{"width":720,"height":405,"url":"https:\/\/evertonfc.cz\/wp-content\/uploads\/2019\/04\/Brands-transfer-politics.jpg","type":"image\/jpeg"}],"author":"BlueBlooded","twitter_card":"summary_large_image","twitter_misc":{"Napsal(a)":"BlueBlooded","Odhadovan\u00e1 doba \u010dten\u00ed":"6 minut"},"schema":{"@context":"https:\/\/schema.org","@graph":[{"@type":"Article","@id":"https:\/\/evertonfc.cz\/index.php\/2019\/04\/05\/brandsova-prestupova-politika\/#article","isPartOf":{"@id":"https:\/\/evertonfc.cz\/index.php\/2019\/04\/05\/brandsova-prestupova-politika\/"},"author":{"name":"BlueBlooded","@id":"https:\/\/evertonfc.cz\/#\/schema\/person\/d4493b8cbea51532597fbc4685698916"},"headline":"Brandsova prestupov\u00e1 politika","datePublished":"2019-04-05T04:00:44+00:00","dateModified":"2020-04-28T13:56:48+00:00","mainEntityOfPage":{"@id":"https:\/\/evertonfc.cz\/index.php\/2019\/04\/05\/brandsova-prestupova-politika\/"},"wordCount":1147,"commentCount":8,"publisher":{"@id":"https:\/\/evertonfc.cz\/#organization"},"image":{"@id":"https:\/\/evertonfc.cz\/index.php\/2019\/04\/05\/brandsova-prestupova-politika\/#primaryimage"},"thumbnailUrl":"https:\/\/evertonfc.cz\/wp-content\/uploads\/2019\/04\/Brands-transfer-politics.jpg","articleSection":["Rozhovory"],"inLanguage":"cs","potentialAction":[{"@type":"CommentAction","name":"Comment","target":["https:\/\/evertonfc.cz\/index.php\/2019\/04\/05\/brandsova-prestupova-politika\/#respond"]}]},{"@type":"WebPage","@id":"https:\/\/evertonfc.cz\/index.php\/2019\/04\/05\/brandsova-prestupova-politika\/","url":"https:\/\/evertonfc.cz\/index.php\/2019\/04\/05\/brandsova-prestupova-politika\/","name":"Brandsova prestupov\u00e1 politika - Official Czech &amp; Slovak Everton Supporters&#039; Club","isPartOf":{"@id":"https:\/\/evertonfc.cz\/#website"},"primaryImageOfPage":{"@id":"https:\/\/evertonfc.cz\/index.php\/2019\/04\/05\/brandsova-prestupova-politika\/#primaryimage"},"image":{"@id":"https:\/\/evertonfc.cz\/index.php\/2019\/04\/05\/brandsova-prestupova-politika\/#primaryimage"},"thumbnailUrl":"https:\/\/evertonfc.cz\/wp-content\/uploads\/2019\/04\/Brands-transfer-politics.jpg","datePublished":"2019-04-05T04:00:44+00:00","dateModified":"2020-04-28T13:56:48+00:00","breadcrumb":{"@id":"https:\/\/evertonfc.cz\/index.php\/2019\/04\/05\/brandsova-prestupova-politika\/#breadcrumb"},"inLanguage":"cs","potentialAction":[{"@type":"ReadAction","target":["https:\/\/evertonfc.cz\/index.php\/2019\/04\/05\/brandsova-prestupova-politika\/"]}]},{"@type":"ImageObject","inLanguage":"cs","@id":"https:\/\/evertonfc.cz\/index.php\/2019\/04\/05\/brandsova-prestupova-politika\/#primaryimage","url":"https:\/\/evertonfc.cz\/wp-content\/uploads\/2019\/04\/Brands-transfer-politics.jpg","contentUrl":"https:\/\/evertonfc.cz\/wp-content\/uploads\/2019\/04\/Brands-transfer-politics.jpg","width":720,"height":405},{"@type":"BreadcrumbList","@id":"https:\/\/evertonfc.cz\/index.php\/2019\/04\/05\/brandsova-prestupova-politika\/#breadcrumb","itemListElement":[{"@type":"ListItem","position":1,"name":"Home","item":"https:\/\/evertonfc.cz\/"},{"@type":"ListItem","position":2,"name":"Brandsova prestupov\u00e1 politika"}]},{"@type":"WebSite","@id":"https:\/\/evertonfc.cz\/#website","url":"https:\/\/evertonfc.cz\/","name":"Official Czech &amp; Slovak Everton Supporters&#039; Club","description":"","publisher":{"@id":"https:\/\/evertonfc.cz\/#organization"},"potentialAction":[{"@type":"SearchAction","target":{"@type":"EntryPoint","urlTemplate":"https:\/\/evertonfc.cz\/?s={search_term_string}"},"query-input":{"@type":"PropertyValueSpecification","valueRequired":true,"valueName":"search_term_string"}}],"inLanguage":"cs"},{"@type":"Organization","@id":"https:\/\/evertonfc.cz\/#organization","name":"Official Czech & Slovak Everton Supporters' Club","url":"https:\/\/evertonfc.cz\/","logo":{"@type":"ImageObject","inLanguage":"cs","@id":"https:\/\/evertonfc.cz\/#\/schema\/logo\/image\/","url":"https:\/\/evertonfc.cz\/wp-content\/uploads\/2019\/05\/logo.png","contentUrl":"https:\/\/evertonfc.cz\/wp-content\/uploads\/2019\/05\/logo.png","width":112,"height":112,"caption":"Official Czech & Slovak Everton Supporters' Club"},"image":{"@id":"https:\/\/evertonfc.cz\/#\/schema\/logo\/image\/"},"sameAs":["https:\/\/www.facebook.com\/everton.fans.cz.sk"]},{"@type":"Person","@id":"https:\/\/evertonfc.cz\/#\/schema\/person\/d4493b8cbea51532597fbc4685698916","name":"BlueBlooded","url":"https:\/\/evertonfc.cz\/index.php\/author\/admin\/"}]}},"_links":{"self":[{"href":"https:\/\/evertonfc.cz\/index.php\/wp-json\/wp\/v2\/posts\/7331"}],"collection":[{"href":"https:\/\/evertonfc.cz\/index.php\/wp-json\/wp\/v2\/posts"}],"about":[{"href":"https:\/\/evertonfc.cz\/index.php\/wp-json\/wp\/v2\/types\/post"}],"author":[{"embeddable":true,"href":"https:\/\/evertonfc.cz\/index.php\/wp-json\/wp\/v2\/users\/1"}],"replies":[{"embeddable":true,"href":"https:\/\/evertonfc.cz\/index.php\/wp-json\/wp\/v2\/comments?post=7331"}],"version-history":[{"count":11,"href":"https:\/\/evertonfc.cz\/index.php\/wp-json\/wp\/v2\/posts\/7331\/revisions"}],"predecessor-version":[{"id":10939,"href":"https:\/\/evertonfc.cz\/index.php\/wp-json\/wp\/v2\/posts\/7331\/revisions\/10939"}],"wp:featuredmedia":[{"embeddable":true,"href":"https:\/\/evertonfc.cz\/index.php\/wp-json\/wp\/v2\/media\/7334"}],"wp:attachment":[{"href":"https:\/\/evertonfc.cz\/index.php\/wp-json\/wp\/v2\/media?parent=7331"}],"wp:term":[{"taxonomy":"category","embeddable":true,"href":"https:\/\/evertonfc.cz\/index.php\/wp-json\/wp\/v2\/categories?post=7331"},{"taxonomy":"post_tag","embeddable":true,"href":"https:\/\/evertonfc.cz\/index.php\/wp-json\/wp\/v2\/tags?post=7331"}],"curies":[{"name":"wp","href":"https:\/\/api.w.org\/{rel}","templated":true}]}}