{"id":7352,"date":"2019-04-06T16:34:58","date_gmt":"2019-04-06T14:34:58","guid":{"rendered":"https:\/\/evertonfc.cz\/?p=7352"},"modified":"2021-02-01T08:34:08","modified_gmt":"2021-02-01T07:34:08","slug":"preview-everton-arsenal-10","status":"publish","type":"post","link":"https:\/\/evertonfc.cz\/index.php\/2019\/04\/06\/preview-everton-arsenal-10\/","title":{"rendered":"Preview: Everton &#8211; Arsenal"},"content":{"rendered":"<h4>Evertonu b\u0159ezen celkem vy\u0161el, tedy s v\u00fdjimkou druh\u00e9 p\u016fle v Newcastlu. Spokojenost\u00a0 by mohla pokra\u010dovat i v dubnu.<\/h4>\n<p>Ji\u017e mnohokr\u00e1t tu bylo \u0159e\u010deno, \u017ee Everton kon\u010d\u00ed sez\u00f3nu dom\u00e1c\u00ed s\u00e9ri\u00ed z\u00e1pas\u016f proti adept\u016fm na evropsk\u00e9 poh\u00e1ry. Tato pentalogie dosp\u00edv\u00e1 z\u00edt\u0159kem do \u010dtvrt\u00e9ho d\u00edlu, kdy n\u00e1m sv\u00e9 um\u011bn\u00ed do Goodison Parku p\u0159ijede uk\u00e1zat dru\u017eina Unaie Emeryho, kter\u00fd p\u0159ed sez\u00f3nou nahradil mana\u017eerskou (nejen klubovou) legendu Ars\u00e9na Wengera (kdy\u017e u\u017e jsme u konce kari\u00e9r &#8211; rukavice pov\u011bs\u00ed na h\u0159eb\u00edk v kv\u011btnu i \u010cech).<\/p>\n<p>A jde o sez\u00f3nu celkem solidn\u00ed, v Evropsk\u00e9 lize je t\u00fdm ve \u010dtvrtfin\u00e1le, kde zm\u011b\u0159\u00ed s\u00edly s italsk\u00fdm klubem SSC Neapol. V lize jsou Kanon\u00fd\u0159i na m\u00edst\u011b \u010dtvrt\u00e9m a ztr\u00e1c\u00ed jeden bod na \u00fahlavn\u00ed rivaly, tedy Tottenham. Forma? Je, velk\u00e1. Z posledn\u00edch p\u011bti z\u00e1pas\u016f maj\u00ed 13 bod\u016f. Neutr\u00e1l by tedy \u0159ekl, \u017ee se je v ned\u011bli v Goodison Parku na co t\u011b\u0161it.<\/p>\n<p>Everton a forma? Ano, je tu zm\u00edn\u011bn\u00e1 prohra v Newcastlu, ale v\u00fdhry nad Cardiffem, Chelsea, West Hamem a bod z derby ukazuj\u00ed, \u017ee po po\u010d\u00e1te\u010dn\u00edch porodn\u00edch bolestech si t\u00fdm sed\u00e1, nav\u00edc by mohl je\u0161t\u011b za\u00fato\u010dit na sedm\u00e9 m\u00edsto, kter\u00e9 asi bude znamenat p\u0159edkolo Evropsk\u00e9 ligy. Silva byl nominov\u00e1n na Mana\u017eera m\u011bs\u00edce, Coleman na Hr\u00e1\u010de m\u011bs\u00edce. Nav\u00edc t\u00fdmu slou\u017e\u00ed zdrav\u00ed, jedin\u00fdm absent\u00e9rem bude stoper Mina, jeho\u017e zran\u011bn\u00ed p\u0159itahova\u010de stehenn\u00edho svalu je v\u00e1\u017en\u011bj\u0161\u00ed. Ale Keane a Zouma si rozum\u00ed, tak\u017ee by stejn\u011b nehr\u00e1l.<\/p>\n<p>Lze d\u016fvodn\u011b o\u010dek\u00e1vat, \u017ee v\u00edt\u011bzn\u00e1 sestava se m\u011bnit nebude, zvl\u00e1\u0161\u0165, kdy\u017e se na t\u0159i posledn\u00ed p\u016fle opravdu dalo d\u00edvat. Pickford m\u011bl b\u011bhem t\u00fddne strkanici p\u0159ed barem v Sunderlandu, kdy\u017e se zast\u00e1val sv\u00e9 snoubenky, na jej\u00ed\u017e konto byly utrouseny ur\u00e1\u017eliv\u00e9 pozn\u00e1mky, tak mu Silva po n\u00e1vratu na Finch Farm mezi \u010dty\u0159ma o\u010dima sd\u011blil, \u017ee takto ne.<\/p>\n<p>Kdo bude chyb\u011bt Arsenalu? Lucas Torreira si odpyk\u00e1 posledn\u00ed \u010d\u00e1st sv\u00e9ho trestu za vylou\u010den\u00ed proti Tottenhamu. Ramsey a Xhaka maj\u00ed probl\u00e9my s lev\u00fdm t\u0159\u00edslem a o jejich startu se rozhodne p\u0159ed utk\u00e1n\u00edm, \u00fa\u010dast stopera Koscielnyho je tak\u00e9 s otazn\u00edkem. Po operaci lev\u00e9ho kolene se zotavuj\u00ed Beller\u00edn a Holding, Welbeck \u0161el pod kudlu s prav\u00fdm kotn\u00edkem. Tihle t\u0159i tedy tak\u00e9 nebudou z\u00edtra hr\u00e1t.<\/p>\n<p>Utk\u00e1n\u00ed vys\u00edl\u00e1 p\u0159\u00edm\u00fdm p\u0159enosem stanice Digi Sport 4, stanice \u010cT Sport vys\u00edl\u00e1 utk\u00e1n\u00ed ze z\u00e1znamu v ned\u011bli od 20:40 a stanice O2 Fotbal v pond\u011bl\u00ed 8. 4. od 21:30.<\/p>\n<p><strong>Co:\u00a0<\/strong>Everton FC &#8211; Arsenal FC, 33. kolo Premier League<br \/>\n<strong>Kdy:\u00a0<\/strong>7. 4. 2019 od 15:05<br \/>\n<strong>Kde:\u00a0<\/strong>Goodison Park, Liverpool<br \/>\n<strong>Rozhod\u010d\u00ed:\u00a0<\/strong>Kevin Friend<\/p>\n","protected":false},"excerpt":{"rendered":"<p>Evertonu b\u0159ezen celkem vy\u0161el, tedy s v\u00fdjimkou druh\u00e9 p\u016fle v Newcastlu. Spokojenost\u00a0 by mohla pokra\u010dovat i v dubnu.<\/p>\n","protected":false},"author":12,"featured_media":13812,"comment_status":"open","ping_status":"closed","sticky":false,"template":"","format":"standard","meta":{"_eb_attr":"","_monsterinsights_skip_tracking":false,"_monsterinsights_sitenote_active":false,"_monsterinsights_sitenote_note":"","_monsterinsights_sitenote_category":0,"footnotes":""},"categories":[4],"tags":[],"yoast_head":"<!-- This site is optimized with the Yoast SEO plugin v23.4 - https:\/\/yoast.com\/wordpress\/plugins\/seo\/ -->\n<title>Preview: Everton - Arsenal - Official Czech &amp; Slovak Everton Supporters&#039; Club<\/title>\n<meta name=\"robots\" content=\"index, follow, max-snippet:-1, max-image-preview:large, max-video-preview:-1\" \/>\n<link rel=\"canonical\" href=\"https:\/\/evertonfc.cz\/index.php\/2019\/04\/06\/preview-everton-arsenal-10\/\" \/>\n<meta property=\"og:locale\" content=\"cs_CZ\" \/>\n<meta property=\"og:type\" content=\"article\" \/>\n<meta property=\"og:title\" content=\"Preview: Everton - Arsenal - Official Czech &amp; Slovak Everton Supporters&#039; Club\" \/>\n<meta property=\"og:description\" content=\"Evertonu b\u0159ezen celkem vy\u0161el, tedy s v\u00fdjimkou druh\u00e9 p\u016fle v Newcastlu. Spokojenost\u00a0 by mohla pokra\u010dovat i v dubnu.\" \/>\n<meta property=\"og:url\" content=\"https:\/\/evertonfc.cz\/index.php\/2019\/04\/06\/preview-everton-arsenal-10\/\" \/>\n<meta property=\"og:site_name\" content=\"Official Czech &amp; Slovak Everton Supporters&#039; Club\" \/>\n<meta property=\"article:publisher\" content=\"https:\/\/www.facebook.com\/everton.fans.cz.sk\" \/>\n<meta property=\"article:published_time\" content=\"2019-04-06T14:34:58+00:00\" \/>\n<meta property=\"article:modified_time\" content=\"2021-02-01T07:34:08+00:00\" \/>\n<meta property=\"og:image\" content=\"https:\/\/evertonfc.cz\/wp-content\/uploads\/2021\/02\/Everton-VS-Arsenal.jpg\" \/>\n\t<meta property=\"og:image:width\" content=\"720\" \/>\n\t<meta property=\"og:image:height\" content=\"405\" \/>\n\t<meta property=\"og:image:type\" content=\"image\/jpeg\" \/>\n<meta name=\"author\" content=\"Javor\" \/>\n<meta name=\"twitter:card\" content=\"summary_large_image\" \/>\n<meta name=\"twitter:creator\" content=\"@LoudinJan\" \/>\n<meta name=\"twitter:label1\" content=\"Napsal(a)\" \/>\n\t<meta name=\"twitter:data1\" content=\"Javor\" \/>\n\t<meta name=\"twitter:label2\" content=\"Odhadovan\u00e1 doba \u010dten\u00ed\" \/>\n\t<meta name=\"twitter:data2\" content=\"3 minuty\" \/>\n<script type=\"application\/ld+json\" class=\"yoast-schema-graph\">{\"@context\":\"https:\/\/schema.org\",\"@graph\":[{\"@type\":\"Article\",\"@id\":\"https:\/\/evertonfc.cz\/index.php\/2019\/04\/06\/preview-everton-arsenal-10\/#article\",\"isPartOf\":{\"@id\":\"https:\/\/evertonfc.cz\/index.php\/2019\/04\/06\/preview-everton-arsenal-10\/\"},\"author\":{\"name\":\"Javor\",\"@id\":\"https:\/\/evertonfc.cz\/#\/schema\/person\/b30daf6a5852f4811f8207a17ec1bf78\"},\"headline\":\"Preview: Everton &#8211; Arsenal\",\"datePublished\":\"2019-04-06T14:34:58+00:00\",\"dateModified\":\"2021-02-01T07:34:08+00:00\",\"mainEntityOfPage\":{\"@id\":\"https:\/\/evertonfc.cz\/index.php\/2019\/04\/06\/preview-everton-arsenal-10\/\"},\"wordCount\":511,\"commentCount\":7,\"publisher\":{\"@id\":\"https:\/\/evertonfc.cz\/#organization\"},\"image\":{\"@id\":\"https:\/\/evertonfc.cz\/index.php\/2019\/04\/06\/preview-everton-arsenal-10\/#primaryimage\"},\"thumbnailUrl\":\"https:\/\/evertonfc.cz\/wp-content\/uploads\/2021\/02\/Everton-VS-Arsenal.jpg\",\"articleSection\":[\"Z\u00e1pasy\"],\"inLanguage\":\"cs\",\"potentialAction\":[{\"@type\":\"CommentAction\",\"name\":\"Comment\",\"target\":[\"https:\/\/evertonfc.cz\/index.php\/2019\/04\/06\/preview-everton-arsenal-10\/#respond\"]}]},{\"@type\":\"WebPage\",\"@id\":\"https:\/\/evertonfc.cz\/index.php\/2019\/04\/06\/preview-everton-arsenal-10\/\",\"url\":\"https:\/\/evertonfc.cz\/index.php\/2019\/04\/06\/preview-everton-arsenal-10\/\",\"name\":\"Preview: Everton - Arsenal - Official Czech &amp; Slovak Everton Supporters&#039; Club\",\"isPartOf\":{\"@id\":\"https:\/\/evertonfc.cz\/#website\"},\"primaryImageOfPage\":{\"@id\":\"https:\/\/evertonfc.cz\/index.php\/2019\/04\/06\/preview-everton-arsenal-10\/#primaryimage\"},\"image\":{\"@id\":\"https:\/\/evertonfc.cz\/index.php\/2019\/04\/06\/preview-everton-arsenal-10\/#primaryimage\"},\"thumbnailUrl\":\"https:\/\/evertonfc.cz\/wp-content\/uploads\/2021\/02\/Everton-VS-Arsenal.jpg\",\"datePublished\":\"2019-04-06T14:34:58+00:00\",\"dateModified\":\"2021-02-01T07:34:08+00:00\",\"breadcrumb\":{\"@id\":\"https:\/\/evertonfc.cz\/index.php\/2019\/04\/06\/preview-everton-arsenal-10\/#breadcrumb\"},\"inLanguage\":\"cs\",\"potentialAction\":[{\"@type\":\"ReadAction\",\"target\":[\"https:\/\/evertonfc.cz\/index.php\/2019\/04\/06\/preview-everton-arsenal-10\/\"]}]},{\"@type\":\"ImageObject\",\"inLanguage\":\"cs\",\"@id\":\"https:\/\/evertonfc.cz\/index.php\/2019\/04\/06\/preview-everton-arsenal-10\/#primaryimage\",\"url\":\"https:\/\/evertonfc.cz\/wp-content\/uploads\/2021\/02\/Everton-VS-Arsenal.jpg\",\"contentUrl\":\"https:\/\/evertonfc.cz\/wp-content\/uploads\/2021\/02\/Everton-VS-Arsenal.jpg\",\"width\":720,\"height\":405},{\"@type\":\"BreadcrumbList\",\"@id\":\"https:\/\/evertonfc.cz\/index.php\/2019\/04\/06\/preview-everton-arsenal-10\/#breadcrumb\",\"itemListElement\":[{\"@type\":\"ListItem\",\"position\":1,\"name\":\"Home\",\"item\":\"https:\/\/evertonfc.cz\/\"},{\"@type\":\"ListItem\",\"position\":2,\"name\":\"Preview: Everton &#8211; Arsenal\"}]},{\"@type\":\"WebSite\",\"@id\":\"https:\/\/evertonfc.cz\/#website\",\"url\":\"https:\/\/evertonfc.cz\/\",\"name\":\"Official Czech &amp; Slovak Everton Supporters&#039; Club\",\"description\":\"\",\"publisher\":{\"@id\":\"https:\/\/evertonfc.cz\/#organization\"},\"potentialAction\":[{\"@type\":\"SearchAction\",\"target\":{\"@type\":\"EntryPoint\",\"urlTemplate\":\"https:\/\/evertonfc.cz\/?s={search_term_string}\"},\"query-input\":{\"@type\":\"PropertyValueSpecification\",\"valueRequired\":true,\"valueName\":\"search_term_string\"}}],\"inLanguage\":\"cs\"},{\"@type\":\"Organization\",\"@id\":\"https:\/\/evertonfc.cz\/#organization\",\"name\":\"Official Czech & Slovak Everton Supporters' Club\",\"url\":\"https:\/\/evertonfc.cz\/\",\"logo\":{\"@type\":\"ImageObject\",\"inLanguage\":\"cs\",\"@id\":\"https:\/\/evertonfc.cz\/#\/schema\/logo\/image\/\",\"url\":\"https:\/\/evertonfc.cz\/wp-content\/uploads\/2019\/05\/logo.png\",\"contentUrl\":\"https:\/\/evertonfc.cz\/wp-content\/uploads\/2019\/05\/logo.png\",\"width\":112,\"height\":112,\"caption\":\"Official Czech & Slovak Everton Supporters' Club\"},\"image\":{\"@id\":\"https:\/\/evertonfc.cz\/#\/schema\/logo\/image\/\"},\"sameAs\":[\"https:\/\/www.facebook.com\/everton.fans.cz.sk\"]},{\"@type\":\"Person\",\"@id\":\"https:\/\/evertonfc.cz\/#\/schema\/person\/b30daf6a5852f4811f8207a17ec1bf78\",\"name\":\"Javor\",\"sameAs\":[\"https:\/\/x.com\/LoudinJan\"],\"url\":\"https:\/\/evertonfc.cz\/index.php\/author\/javor\/\"}]}<\/script>\n<!-- \/ Yoast SEO plugin. -->","yoast_head_json":{"title":"Preview: Everton - Arsenal - Official Czech &amp; Slovak Everton Supporters&#039; Club","robots":{"index":"index","follow":"follow","max-snippet":"max-snippet:-1","max-image-preview":"max-image-preview:large","max-video-preview":"max-video-preview:-1"},"canonical":"https:\/\/evertonfc.cz\/index.php\/2019\/04\/06\/preview-everton-arsenal-10\/","og_locale":"cs_CZ","og_type":"article","og_title":"Preview: Everton - Arsenal - Official Czech &amp; Slovak Everton Supporters&#039; Club","og_description":"Evertonu b\u0159ezen celkem vy\u0161el, tedy s v\u00fdjimkou druh\u00e9 p\u016fle v Newcastlu. Spokojenost\u00a0 by mohla pokra\u010dovat i v dubnu.","og_url":"https:\/\/evertonfc.cz\/index.php\/2019\/04\/06\/preview-everton-arsenal-10\/","og_site_name":"Official Czech &amp; Slovak Everton Supporters&#039; Club","article_publisher":"https:\/\/www.facebook.com\/everton.fans.cz.sk","article_published_time":"2019-04-06T14:34:58+00:00","article_modified_time":"2021-02-01T07:34:08+00:00","og_image":[{"width":720,"height":405,"url":"https:\/\/evertonfc.cz\/wp-content\/uploads\/2021\/02\/Everton-VS-Arsenal.jpg","type":"image\/jpeg"}],"author":"Javor","twitter_card":"summary_large_image","twitter_creator":"@LoudinJan","twitter_misc":{"Napsal(a)":"Javor","Odhadovan\u00e1 doba \u010dten\u00ed":"3 minuty"},"schema":{"@context":"https:\/\/schema.org","@graph":[{"@type":"Article","@id":"https:\/\/evertonfc.cz\/index.php\/2019\/04\/06\/preview-everton-arsenal-10\/#article","isPartOf":{"@id":"https:\/\/evertonfc.cz\/index.php\/2019\/04\/06\/preview-everton-arsenal-10\/"},"author":{"name":"Javor","@id":"https:\/\/evertonfc.cz\/#\/schema\/person\/b30daf6a5852f4811f8207a17ec1bf78"},"headline":"Preview: Everton &#8211; Arsenal","datePublished":"2019-04-06T14:34:58+00:00","dateModified":"2021-02-01T07:34:08+00:00","mainEntityOfPage":{"@id":"https:\/\/evertonfc.cz\/index.php\/2019\/04\/06\/preview-everton-arsenal-10\/"},"wordCount":511,"commentCount":7,"publisher":{"@id":"https:\/\/evertonfc.cz\/#organization"},"image":{"@id":"https:\/\/evertonfc.cz\/index.php\/2019\/04\/06\/preview-everton-arsenal-10\/#primaryimage"},"thumbnailUrl":"https:\/\/evertonfc.cz\/wp-content\/uploads\/2021\/02\/Everton-VS-Arsenal.jpg","articleSection":["Z\u00e1pasy"],"inLanguage":"cs","potentialAction":[{"@type":"CommentAction","name":"Comment","target":["https:\/\/evertonfc.cz\/index.php\/2019\/04\/06\/preview-everton-arsenal-10\/#respond"]}]},{"@type":"WebPage","@id":"https:\/\/evertonfc.cz\/index.php\/2019\/04\/06\/preview-everton-arsenal-10\/","url":"https:\/\/evertonfc.cz\/index.php\/2019\/04\/06\/preview-everton-arsenal-10\/","name":"Preview: Everton - Arsenal - Official Czech &amp; Slovak Everton Supporters&#039; Club","isPartOf":{"@id":"https:\/\/evertonfc.cz\/#website"},"primaryImageOfPage":{"@id":"https:\/\/evertonfc.cz\/index.php\/2019\/04\/06\/preview-everton-arsenal-10\/#primaryimage"},"image":{"@id":"https:\/\/evertonfc.cz\/index.php\/2019\/04\/06\/preview-everton-arsenal-10\/#primaryimage"},"thumbnailUrl":"https:\/\/evertonfc.cz\/wp-content\/uploads\/2021\/02\/Everton-VS-Arsenal.jpg","datePublished":"2019-04-06T14:34:58+00:00","dateModified":"2021-02-01T07:34:08+00:00","breadcrumb":{"@id":"https:\/\/evertonfc.cz\/index.php\/2019\/04\/06\/preview-everton-arsenal-10\/#breadcrumb"},"inLanguage":"cs","potentialAction":[{"@type":"ReadAction","target":["https:\/\/evertonfc.cz\/index.php\/2019\/04\/06\/preview-everton-arsenal-10\/"]}]},{"@type":"ImageObject","inLanguage":"cs","@id":"https:\/\/evertonfc.cz\/index.php\/2019\/04\/06\/preview-everton-arsenal-10\/#primaryimage","url":"https:\/\/evertonfc.cz\/wp-content\/uploads\/2021\/02\/Everton-VS-Arsenal.jpg","contentUrl":"https:\/\/evertonfc.cz\/wp-content\/uploads\/2021\/02\/Everton-VS-Arsenal.jpg","width":720,"height":405},{"@type":"BreadcrumbList","@id":"https:\/\/evertonfc.cz\/index.php\/2019\/04\/06\/preview-everton-arsenal-10\/#breadcrumb","itemListElement":[{"@type":"ListItem","position":1,"name":"Home","item":"https:\/\/evertonfc.cz\/"},{"@type":"ListItem","position":2,"name":"Preview: Everton &#8211; Arsenal"}]},{"@type":"WebSite","@id":"https:\/\/evertonfc.cz\/#website","url":"https:\/\/evertonfc.cz\/","name":"Official Czech &amp; Slovak Everton Supporters&#039; Club","description":"","publisher":{"@id":"https:\/\/evertonfc.cz\/#organization"},"potentialAction":[{"@type":"SearchAction","target":{"@type":"EntryPoint","urlTemplate":"https:\/\/evertonfc.cz\/?s={search_term_string}"},"query-input":{"@type":"PropertyValueSpecification","valueRequired":true,"valueName":"search_term_string"}}],"inLanguage":"cs"},{"@type":"Organization","@id":"https:\/\/evertonfc.cz\/#organization","name":"Official Czech & Slovak Everton Supporters' Club","url":"https:\/\/evertonfc.cz\/","logo":{"@type":"ImageObject","inLanguage":"cs","@id":"https:\/\/evertonfc.cz\/#\/schema\/logo\/image\/","url":"https:\/\/evertonfc.cz\/wp-content\/uploads\/2019\/05\/logo.png","contentUrl":"https:\/\/evertonfc.cz\/wp-content\/uploads\/2019\/05\/logo.png","width":112,"height":112,"caption":"Official Czech & Slovak Everton Supporters' Club"},"image":{"@id":"https:\/\/evertonfc.cz\/#\/schema\/logo\/image\/"},"sameAs":["https:\/\/www.facebook.com\/everton.fans.cz.sk"]},{"@type":"Person","@id":"https:\/\/evertonfc.cz\/#\/schema\/person\/b30daf6a5852f4811f8207a17ec1bf78","name":"Javor","sameAs":["https:\/\/x.com\/LoudinJan"],"url":"https:\/\/evertonfc.cz\/index.php\/author\/javor\/"}]}},"_links":{"self":[{"href":"https:\/\/evertonfc.cz\/index.php\/wp-json\/wp\/v2\/posts\/7352"}],"collection":[{"href":"https:\/\/evertonfc.cz\/index.php\/wp-json\/wp\/v2\/posts"}],"about":[{"href":"https:\/\/evertonfc.cz\/index.php\/wp-json\/wp\/v2\/types\/post"}],"author":[{"embeddable":true,"href":"https:\/\/evertonfc.cz\/index.php\/wp-json\/wp\/v2\/users\/12"}],"replies":[{"embeddable":true,"href":"https:\/\/evertonfc.cz\/index.php\/wp-json\/wp\/v2\/comments?post=7352"}],"version-history":[{"count":8,"href":"https:\/\/evertonfc.cz\/index.php\/wp-json\/wp\/v2\/posts\/7352\/revisions"}],"predecessor-version":[{"id":7362,"href":"https:\/\/evertonfc.cz\/index.php\/wp-json\/wp\/v2\/posts\/7352\/revisions\/7362"}],"wp:featuredmedia":[{"embeddable":true,"href":"https:\/\/evertonfc.cz\/index.php\/wp-json\/wp\/v2\/media\/13812"}],"wp:attachment":[{"href":"https:\/\/evertonfc.cz\/index.php\/wp-json\/wp\/v2\/media?parent=7352"}],"wp:term":[{"taxonomy":"category","embeddable":true,"href":"https:\/\/evertonfc.cz\/index.php\/wp-json\/wp\/v2\/categories?post=7352"},{"taxonomy":"post_tag","embeddable":true,"href":"https:\/\/evertonfc.cz\/index.php\/wp-json\/wp\/v2\/tags?post=7352"}],"curies":[{"name":"wp","href":"https:\/\/api.w.org\/{rel}","templated":true}]}}