{"id":7388,"date":"2019-04-11T08:50:47","date_gmt":"2019-04-11T06:50:47","guid":{"rendered":"https:\/\/evertonfc.cz\/?p=7388"},"modified":"2019-04-11T09:07:29","modified_gmt":"2019-04-11T07:07:29","slug":"unsworth-po-prohre-u23-nesetril-kritikou","status":"publish","type":"post","link":"https:\/\/evertonfc.cz\/index.php\/2019\/04\/11\/unsworth-po-prohre-u23-nesetril-kritikou\/","title":{"rendered":"Unsworth po proh\u0159e U23 ne\u0161et\u0159il kritikou"},"content":{"rendered":"<h4>V\u00fdb\u011br Evertonu do 23 let prohr\u00e1l v pom\u011bru 3:4 kl\u00ed\u010dov\u00e9 utk\u00e1n\u00ed s Manchesterem City a vyslou\u017eil si kritiku mana\u017eera Unswortha. Ten dokonce pohrozil sv\u00fdm sv\u011b\u0159enc\u016fm, \u017ee s podobn\u00fdmi v\u00fdkony nedos\u00e1hnou na kari\u00e9ru v prvn\u00edm t\u00fdmu.<\/h4>\n<p>Toffees se v utk\u00e1n\u00ed na p\u016fd\u011b soupe\u0159e ujali rychl\u00e9ho veden\u00ed, kter\u00e9 za\u0159\u00eddil brankou z penalty \u00fato\u010dn\u00edk Bassala Sambou. Dom\u00e1c\u00ed ale z\u00e1sluhou t\u0159\u00ed branek v \u0159ad\u011b oto\u010dili sk\u00f3re st\u0159etnut\u00ed, a i kdy\u017e ve druh\u00e9m polo\u010dase Sambou a Hornby srovnali stav, v 79. minut\u011b rozhodl o v\u00fdh\u0159e Citizens Jeremie Frimpong.<\/p>\n<p>Sest\u0159ih branek najdete <a href=\"http:\/\/www.evertonfc.com\/evertontv\/archive\/2019\/04\/08\/watch-under23s-edged-in-sevengoal-thriller\" target=\"_blank\" rel=\"noopener noreferrer\">na ofici\u00e1ln\u00edm webu Evertonu<\/a>.<\/p>\n<p>Everton odehr\u00e1l duel v rozestaven\u00ed 4-4-2 a v n\u00e1sleduj\u00edc\u00ed sestav\u011b: Virg\u00ednia \u2013 Astley (71. John), Feeney, Gibson, Galloway \u2013 Bowler, Adeniran, Markelo (59. Hornby), Broadhead \u2013 Sambou, Gordon (65. Foulds).<\/p>\n<p>Jeho zav\u00e1h\u00e1n\u00ed znamen\u00e1, \u017ee m\u00e1 aktu\u00e1ln\u011b dv\u011b kola p\u0159ed koncem ligov\u00e9ho ro\u010dn\u00edku t\u0159\u00edbodov\u00fd n\u00e1skok na druh\u00fd Brighton &amp; Hove Albion. Everton v nadch\u00e1zej\u00edc\u00edm ligov\u00e9m kole, kter\u00e9 se \u00faskute\u010dn\u00ed p\u0159\u00ed\u0161t\u00ed pond\u011bl\u00ed 15. dubna na Goodison Parku, host\u00ed pr\u00e1v\u011b Seagulls.<\/p>\n<p>V\u00fdhra by sv\u011b\u0159enc\u016fm Davida Unsworth zaru\u010dila jistotu druh\u00e9ho titulu v posledn\u00edch t\u0159ech letech. Naopak bodov\u00fd zisk Brightonu by o\u017eivil jeho nad\u011bje na mistrovsk\u00e9 vav\u0159\u00edny a o kone\u010dn\u00e9m po\u0159ad\u00ed Premier League 2, Division 1 by potom rozhodovalo a\u017e posledn\u00ed 22. kolo.<\/p>\n<p>Mlad\u00ed Toffees uzav\u0159ou leto\u0161n\u00ed ligovou sez\u00f3nu 29. dubna na h\u0159i\u0161ti West Hamu. Rovn\u011b\u017e v p\u0159\u00edpad\u011b prohry ve vz\u00e1jemn\u00e9m souboji s Brightonem by do tohoto fin\u00e1lov\u00e9ho kl\u00e1n\u00ed vstupovali s v\u00fdhodou, jeliko\u017e oproti t\u00fdmu z ji\u017en\u00edho pob\u0159e\u017e\u00ed Anglie nast\u0159\u00e1dali lep\u0161\u00ed sk\u00f3re \u2013 29:12 versus 36:24.<\/p>\n<p>Everton by tak p\u0159ipravil o titul pouze tot\u00e1ln\u00ed kolaps v posledn\u00edch ligov\u00fdch kolech.<\/p>\n<p style=\"text-align: center;\"><img loading=\"lazy\" decoding=\"async\" src=\"https:\/\/evertonfc.cz\/wp-content\/uploads\/2019\/04\/tabulka_pl2_3_2019.png\" alt=\"\" width=\"640\" height=\"609\" \/><\/p>\n<p>Mana\u017eera Davida Unswortha nicm\u00e9n\u011b nad\u011bjn\u00fd n\u00e1skok neuspokojuje a po proh\u0159e s Manchesterem City, snad aby p\u0159ed nadch\u00e1zej\u00edc\u00edm veled\u016fle\u017eit\u00fdm z\u00e1pasem mobilizoval sv\u00e9 hr\u00e1\u010de, ne\u0161et\u0159il kritikou do vlastn\u00edch \u0159ad: <em>\u201eDruh\u00fd g\u00f3l byl pravd\u011bpodobn\u011b na\u0161\u00ed nejlep\u0161\u00ed brankou sez\u00f3ny, celkov\u00fd v\u00fdkon t\u00fdmu ale ani trochu nespl\u0148oval na\u0161e leto\u0161n\u00ed vysok\u00e9 standardy. Jsem zklaman\u00fd zejm\u00e9na na\u0161\u00ed defenzivn\u00ed hrou, a to nemysl\u00edm pouze obrannou \u0159adu, ale i z\u00e1lo\u017en\u00ed, je\u017e neplnila pokyny, kter\u00e9 jsme stanovili p\u0159ed z\u00e1pasem. Inkasovat \u010dty\u0159i branky je neakceptovateln\u00e9. Br\u00e1nili jsme jako \u017e\u00e1\u010dci.\u201c<\/em><\/p>\n<p>45let\u00fd Unsworth je dob\u0159e zn\u00e1m\u00fd sv\u00fdmi up\u0159\u00edmn\u00fdmi hodnocen\u00edmi. Ostatn\u011b v lo\u0148sk\u00e9 sez\u00f3n\u011b, kdy po odvol\u00e1n\u00ed Ronalda Koemana usedl na p\u011bt t\u00fddn\u016f na lavi\u010dku prvn\u00edho t\u00fdmu Evertonu, se \u0161ir\u0161\u00ed fotbalov\u00e1 ve\u0159ejnost v Anglii p\u0159esv\u011bd\u010dila o jeho p\u0159\u00edmo\u010darosti naz\u00fdvat i nep\u0159\u00edjemn\u00e9<span class=\"w\"> v\u011bci prav\u00fdmi jm\u00e9ny.<\/span><\/p>\n<p>B\u00fdval\u00fd obr\u00e1nce nejen\u017ee po v\u00edkendu zkritizoval sv\u00e9 mu\u017estvo za nepoveden\u00e9 p\u0159edstaven\u00ed, ale tak\u00e9 bez okolk\u016f nazna\u010dil, \u017ee n\u011bkte\u0159\u00ed jeho sv\u011b\u0159enci nemus\u00ed v\u00fdkonnostn\u011b sta\u010dit na vrcholov\u00fd seniorsk\u00fd fotbal.<\/p>\n<p>Unsworth p\u0159i ot\u00e1zce na \u0161ance kapit\u00e1na a stopera U23 Morgana Feeneyho ohledn\u011b jeho pov\u00fd\u0161en\u00ed do prvn\u00edho t\u00fdmu Evertonu zvolil obecnou odpov\u011b\u010f plat\u00edc\u00ed pro v\u0161echny mlad\u00edky: <em>\u201eZopakuji, co jsem d\u0159\u00edve v \u0161atn\u011b \u0159ekl chlapc\u016fm. Toto mu\u017estvo mus\u00ed hr\u00e1t konzistentn\u011b na pat\u0159i\u010dn\u00e9 \u00farovni po del\u0161\u00ed \u010dasov\u00e9 obdob\u00ed, minim\u00e1ln\u011b dev\u011bt a\u017e deset t\u00fddn\u016f. Pokud to dok\u00e1\u017eeme, potom se n\u011bkter\u00fdm hr\u00e1\u010d\u016fm otev\u00edr\u00e1 p\u0159\u00edle\u017eitost tr\u00e9novat nebo dokonce hr\u00e1t v prvn\u00edm t\u00fdmu Evertonu, \u010di v jin\u00e9m seniorsk\u00e9m t\u00fdmu. Bohu\u017eel ale ne v\u0161ichni si vybojuj\u00ed tuto p\u0159\u00edle\u017eitost.<\/em><\/p>\n<p><em>Nemluv\u00edm pouze o Morganovi, plat\u00ed to pro cel\u00e9 mu\u017estvo. Ka\u017ed\u00fd mlad\u00fd fotbalista v\u00e1l\u010d\u00ed o svou kari\u00e9ru a ml\u00e1de\u017enick\u00fd v\u00fdb\u011br do 23 let slou\u017e\u00ed jako odrazov\u00fd m\u016fstek do sv\u011bta velk\u00e9ho fotbalu. Pokud ale budem<\/em><em>e p\u0159edv\u00e1d\u011bt v\u00fdkony jako v utk\u00e1n\u00ed s Manchesterem City, mnoho na\u0161ich hr\u00e1\u010d\u016f m\u016f\u017ee na seniorsk\u00fd fotbal zapomenout.\u201c<\/em><\/p>\n","protected":false},"excerpt":{"rendered":"<p>V\u00fdb\u011br Evertonu do 23 let prohr\u00e1l v pom\u011bru 3:4 kl\u00ed\u010dov\u00e9 utk\u00e1n\u00ed s Manchesterem City a vyslou\u017eil si kritiku mana\u017eera Unswortha. Ten dokonce pohrozil sv\u00fdm sv\u011b\u0159enc\u016fm, \u017ee s podobn\u00fdmi v\u00fdkony nedos\u00e1hnou na kari\u00e9ru v prvn\u00edm t\u00fdmu.<\/p>\n","protected":false},"author":6,"featured_media":7370,"comment_status":"open","ping_status":"closed","sticky":false,"template":"","format":"standard","meta":{"_eb_attr":"","_monsterinsights_skip_tracking":false,"_monsterinsights_sitenote_active":false,"_monsterinsights_sitenote_note":"","_monsterinsights_sitenote_category":0,"footnotes":""},"categories":[42],"tags":[],"yoast_head":"<!-- This site is optimized with the Yoast SEO plugin v23.4 - https:\/\/yoast.com\/wordpress\/plugins\/seo\/ -->\n<title>Unsworth po proh\u0159e U23 ne\u0161et\u0159il kritikou - Official Czech &amp; Slovak Everton Supporters&#039; Club<\/title>\n<meta name=\"robots\" content=\"index, follow, max-snippet:-1, max-image-preview:large, max-video-preview:-1\" \/>\n<link rel=\"canonical\" href=\"https:\/\/evertonfc.cz\/index.php\/2019\/04\/11\/unsworth-po-prohre-u23-nesetril-kritikou\/\" \/>\n<meta property=\"og:locale\" content=\"cs_CZ\" \/>\n<meta property=\"og:type\" content=\"article\" \/>\n<meta property=\"og:title\" content=\"Unsworth po proh\u0159e U23 ne\u0161et\u0159il kritikou - Official Czech &amp; Slovak Everton Supporters&#039; Club\" \/>\n<meta property=\"og:description\" content=\"V\u00fdb\u011br Evertonu do 23 let prohr\u00e1l v pom\u011bru 3:4 kl\u00ed\u010dov\u00e9 utk\u00e1n\u00ed s Manchesterem City a vyslou\u017eil si kritiku mana\u017eera Unswortha. Ten dokonce pohrozil sv\u00fdm sv\u011b\u0159enc\u016fm, \u017ee s podobn\u00fdmi v\u00fdkony nedos\u00e1hnou na kari\u00e9ru v prvn\u00edm t\u00fdmu.\" \/>\n<meta property=\"og:url\" content=\"https:\/\/evertonfc.cz\/index.php\/2019\/04\/11\/unsworth-po-prohre-u23-nesetril-kritikou\/\" \/>\n<meta property=\"og:site_name\" content=\"Official Czech &amp; Slovak Everton Supporters&#039; Club\" \/>\n<meta property=\"article:publisher\" content=\"https:\/\/www.facebook.com\/everton.fans.cz.sk\" \/>\n<meta property=\"article:published_time\" content=\"2019-04-11T06:50:47+00:00\" \/>\n<meta property=\"article:modified_time\" content=\"2019-04-11T07:07:29+00:00\" \/>\n<meta property=\"og:image\" content=\"https:\/\/evertonfc.cz\/wp-content\/uploads\/2019\/04\/unsworth_8_3_2019.jpg\" \/>\n\t<meta property=\"og:image:width\" content=\"720\" \/>\n\t<meta property=\"og:image:height\" content=\"405\" \/>\n\t<meta property=\"og:image:type\" content=\"image\/jpeg\" \/>\n<meta name=\"author\" content=\"Ri\u010di\" \/>\n<meta name=\"twitter:card\" content=\"summary_large_image\" \/>\n<meta name=\"twitter:creator\" content=\"@rbrejsa\" \/>\n<meta name=\"twitter:label1\" content=\"Napsal(a)\" \/>\n\t<meta name=\"twitter:data1\" content=\"Ri\u010di\" \/>\n\t<meta name=\"twitter:label2\" content=\"Odhadovan\u00e1 doba \u010dten\u00ed\" \/>\n\t<meta name=\"twitter:data2\" content=\"4 minuty\" \/>\n<script type=\"application\/ld+json\" class=\"yoast-schema-graph\">{\"@context\":\"https:\/\/schema.org\",\"@graph\":[{\"@type\":\"Article\",\"@id\":\"https:\/\/evertonfc.cz\/index.php\/2019\/04\/11\/unsworth-po-prohre-u23-nesetril-kritikou\/#article\",\"isPartOf\":{\"@id\":\"https:\/\/evertonfc.cz\/index.php\/2019\/04\/11\/unsworth-po-prohre-u23-nesetril-kritikou\/\"},\"author\":{\"name\":\"Ri\u010di\",\"@id\":\"https:\/\/evertonfc.cz\/#\/schema\/person\/f7a5daedb2ffee98480bc70e191aaef1\"},\"headline\":\"Unsworth po proh\u0159e U23 ne\u0161et\u0159il kritikou\",\"datePublished\":\"2019-04-11T06:50:47+00:00\",\"dateModified\":\"2019-04-11T07:07:29+00:00\",\"mainEntityOfPage\":{\"@id\":\"https:\/\/evertonfc.cz\/index.php\/2019\/04\/11\/unsworth-po-prohre-u23-nesetril-kritikou\/\"},\"wordCount\":739,\"commentCount\":2,\"publisher\":{\"@id\":\"https:\/\/evertonfc.cz\/#organization\"},\"image\":{\"@id\":\"https:\/\/evertonfc.cz\/index.php\/2019\/04\/11\/unsworth-po-prohre-u23-nesetril-kritikou\/#primaryimage\"},\"thumbnailUrl\":\"https:\/\/evertonfc.cz\/wp-content\/uploads\/2019\/04\/unsworth_8_3_2019.jpg\",\"articleSection\":[\"Aktuality\"],\"inLanguage\":\"cs\",\"potentialAction\":[{\"@type\":\"CommentAction\",\"name\":\"Comment\",\"target\":[\"https:\/\/evertonfc.cz\/index.php\/2019\/04\/11\/unsworth-po-prohre-u23-nesetril-kritikou\/#respond\"]}]},{\"@type\":\"WebPage\",\"@id\":\"https:\/\/evertonfc.cz\/index.php\/2019\/04\/11\/unsworth-po-prohre-u23-nesetril-kritikou\/\",\"url\":\"https:\/\/evertonfc.cz\/index.php\/2019\/04\/11\/unsworth-po-prohre-u23-nesetril-kritikou\/\",\"name\":\"Unsworth po proh\u0159e U23 ne\u0161et\u0159il kritikou - Official Czech &amp; Slovak Everton Supporters&#039; Club\",\"isPartOf\":{\"@id\":\"https:\/\/evertonfc.cz\/#website\"},\"primaryImageOfPage\":{\"@id\":\"https:\/\/evertonfc.cz\/index.php\/2019\/04\/11\/unsworth-po-prohre-u23-nesetril-kritikou\/#primaryimage\"},\"image\":{\"@id\":\"https:\/\/evertonfc.cz\/index.php\/2019\/04\/11\/unsworth-po-prohre-u23-nesetril-kritikou\/#primaryimage\"},\"thumbnailUrl\":\"https:\/\/evertonfc.cz\/wp-content\/uploads\/2019\/04\/unsworth_8_3_2019.jpg\",\"datePublished\":\"2019-04-11T06:50:47+00:00\",\"dateModified\":\"2019-04-11T07:07:29+00:00\",\"breadcrumb\":{\"@id\":\"https:\/\/evertonfc.cz\/index.php\/2019\/04\/11\/unsworth-po-prohre-u23-nesetril-kritikou\/#breadcrumb\"},\"inLanguage\":\"cs\",\"potentialAction\":[{\"@type\":\"ReadAction\",\"target\":[\"https:\/\/evertonfc.cz\/index.php\/2019\/04\/11\/unsworth-po-prohre-u23-nesetril-kritikou\/\"]}]},{\"@type\":\"ImageObject\",\"inLanguage\":\"cs\",\"@id\":\"https:\/\/evertonfc.cz\/index.php\/2019\/04\/11\/unsworth-po-prohre-u23-nesetril-kritikou\/#primaryimage\",\"url\":\"https:\/\/evertonfc.cz\/wp-content\/uploads\/2019\/04\/unsworth_8_3_2019.jpg\",\"contentUrl\":\"https:\/\/evertonfc.cz\/wp-content\/uploads\/2019\/04\/unsworth_8_3_2019.jpg\",\"width\":720,\"height\":405},{\"@type\":\"BreadcrumbList\",\"@id\":\"https:\/\/evertonfc.cz\/index.php\/2019\/04\/11\/unsworth-po-prohre-u23-nesetril-kritikou\/#breadcrumb\",\"itemListElement\":[{\"@type\":\"ListItem\",\"position\":1,\"name\":\"Home\",\"item\":\"https:\/\/evertonfc.cz\/\"},{\"@type\":\"ListItem\",\"position\":2,\"name\":\"Unsworth po proh\u0159e U23 ne\u0161et\u0159il kritikou\"}]},{\"@type\":\"WebSite\",\"@id\":\"https:\/\/evertonfc.cz\/#website\",\"url\":\"https:\/\/evertonfc.cz\/\",\"name\":\"Official Czech &amp; Slovak Everton Supporters&#039; Club\",\"description\":\"\",\"publisher\":{\"@id\":\"https:\/\/evertonfc.cz\/#organization\"},\"potentialAction\":[{\"@type\":\"SearchAction\",\"target\":{\"@type\":\"EntryPoint\",\"urlTemplate\":\"https:\/\/evertonfc.cz\/?s={search_term_string}\"},\"query-input\":{\"@type\":\"PropertyValueSpecification\",\"valueRequired\":true,\"valueName\":\"search_term_string\"}}],\"inLanguage\":\"cs\"},{\"@type\":\"Organization\",\"@id\":\"https:\/\/evertonfc.cz\/#organization\",\"name\":\"Official Czech & Slovak Everton Supporters' Club\",\"url\":\"https:\/\/evertonfc.cz\/\",\"logo\":{\"@type\":\"ImageObject\",\"inLanguage\":\"cs\",\"@id\":\"https:\/\/evertonfc.cz\/#\/schema\/logo\/image\/\",\"url\":\"https:\/\/evertonfc.cz\/wp-content\/uploads\/2019\/05\/logo.png\",\"contentUrl\":\"https:\/\/evertonfc.cz\/wp-content\/uploads\/2019\/05\/logo.png\",\"width\":112,\"height\":112,\"caption\":\"Official Czech & Slovak Everton Supporters' Club\"},\"image\":{\"@id\":\"https:\/\/evertonfc.cz\/#\/schema\/logo\/image\/\"},\"sameAs\":[\"https:\/\/www.facebook.com\/everton.fans.cz.sk\"]},{\"@type\":\"Person\",\"@id\":\"https:\/\/evertonfc.cz\/#\/schema\/person\/f7a5daedb2ffee98480bc70e191aaef1\",\"name\":\"Ri\u010di\",\"sameAs\":[\"https:\/\/x.com\/rbrejsa\"],\"url\":\"https:\/\/evertonfc.cz\/index.php\/author\/rici\/\"}]}<\/script>\n<!-- \/ Yoast SEO plugin. -->","yoast_head_json":{"title":"Unsworth po proh\u0159e U23 ne\u0161et\u0159il kritikou - Official Czech &amp; Slovak Everton Supporters&#039; Club","robots":{"index":"index","follow":"follow","max-snippet":"max-snippet:-1","max-image-preview":"max-image-preview:large","max-video-preview":"max-video-preview:-1"},"canonical":"https:\/\/evertonfc.cz\/index.php\/2019\/04\/11\/unsworth-po-prohre-u23-nesetril-kritikou\/","og_locale":"cs_CZ","og_type":"article","og_title":"Unsworth po proh\u0159e U23 ne\u0161et\u0159il kritikou - Official Czech &amp; Slovak Everton Supporters&#039; Club","og_description":"V\u00fdb\u011br Evertonu do 23 let prohr\u00e1l v pom\u011bru 3:4 kl\u00ed\u010dov\u00e9 utk\u00e1n\u00ed s Manchesterem City a vyslou\u017eil si kritiku mana\u017eera Unswortha. Ten dokonce pohrozil sv\u00fdm sv\u011b\u0159enc\u016fm, \u017ee s podobn\u00fdmi v\u00fdkony nedos\u00e1hnou na kari\u00e9ru v prvn\u00edm t\u00fdmu.","og_url":"https:\/\/evertonfc.cz\/index.php\/2019\/04\/11\/unsworth-po-prohre-u23-nesetril-kritikou\/","og_site_name":"Official Czech &amp; Slovak Everton Supporters&#039; Club","article_publisher":"https:\/\/www.facebook.com\/everton.fans.cz.sk","article_published_time":"2019-04-11T06:50:47+00:00","article_modified_time":"2019-04-11T07:07:29+00:00","og_image":[{"width":720,"height":405,"url":"https:\/\/evertonfc.cz\/wp-content\/uploads\/2019\/04\/unsworth_8_3_2019.jpg","type":"image\/jpeg"}],"author":"Ri\u010di","twitter_card":"summary_large_image","twitter_creator":"@rbrejsa","twitter_misc":{"Napsal(a)":"Ri\u010di","Odhadovan\u00e1 doba \u010dten\u00ed":"4 minuty"},"schema":{"@context":"https:\/\/schema.org","@graph":[{"@type":"Article","@id":"https:\/\/evertonfc.cz\/index.php\/2019\/04\/11\/unsworth-po-prohre-u23-nesetril-kritikou\/#article","isPartOf":{"@id":"https:\/\/evertonfc.cz\/index.php\/2019\/04\/11\/unsworth-po-prohre-u23-nesetril-kritikou\/"},"author":{"name":"Ri\u010di","@id":"https:\/\/evertonfc.cz\/#\/schema\/person\/f7a5daedb2ffee98480bc70e191aaef1"},"headline":"Unsworth po proh\u0159e U23 ne\u0161et\u0159il kritikou","datePublished":"2019-04-11T06:50:47+00:00","dateModified":"2019-04-11T07:07:29+00:00","mainEntityOfPage":{"@id":"https:\/\/evertonfc.cz\/index.php\/2019\/04\/11\/unsworth-po-prohre-u23-nesetril-kritikou\/"},"wordCount":739,"commentCount":2,"publisher":{"@id":"https:\/\/evertonfc.cz\/#organization"},"image":{"@id":"https:\/\/evertonfc.cz\/index.php\/2019\/04\/11\/unsworth-po-prohre-u23-nesetril-kritikou\/#primaryimage"},"thumbnailUrl":"https:\/\/evertonfc.cz\/wp-content\/uploads\/2019\/04\/unsworth_8_3_2019.jpg","articleSection":["Aktuality"],"inLanguage":"cs","potentialAction":[{"@type":"CommentAction","name":"Comment","target":["https:\/\/evertonfc.cz\/index.php\/2019\/04\/11\/unsworth-po-prohre-u23-nesetril-kritikou\/#respond"]}]},{"@type":"WebPage","@id":"https:\/\/evertonfc.cz\/index.php\/2019\/04\/11\/unsworth-po-prohre-u23-nesetril-kritikou\/","url":"https:\/\/evertonfc.cz\/index.php\/2019\/04\/11\/unsworth-po-prohre-u23-nesetril-kritikou\/","name":"Unsworth po proh\u0159e U23 ne\u0161et\u0159il kritikou - Official Czech &amp; Slovak Everton Supporters&#039; Club","isPartOf":{"@id":"https:\/\/evertonfc.cz\/#website"},"primaryImageOfPage":{"@id":"https:\/\/evertonfc.cz\/index.php\/2019\/04\/11\/unsworth-po-prohre-u23-nesetril-kritikou\/#primaryimage"},"image":{"@id":"https:\/\/evertonfc.cz\/index.php\/2019\/04\/11\/unsworth-po-prohre-u23-nesetril-kritikou\/#primaryimage"},"thumbnailUrl":"https:\/\/evertonfc.cz\/wp-content\/uploads\/2019\/04\/unsworth_8_3_2019.jpg","datePublished":"2019-04-11T06:50:47+00:00","dateModified":"2019-04-11T07:07:29+00:00","breadcrumb":{"@id":"https:\/\/evertonfc.cz\/index.php\/2019\/04\/11\/unsworth-po-prohre-u23-nesetril-kritikou\/#breadcrumb"},"inLanguage":"cs","potentialAction":[{"@type":"ReadAction","target":["https:\/\/evertonfc.cz\/index.php\/2019\/04\/11\/unsworth-po-prohre-u23-nesetril-kritikou\/"]}]},{"@type":"ImageObject","inLanguage":"cs","@id":"https:\/\/evertonfc.cz\/index.php\/2019\/04\/11\/unsworth-po-prohre-u23-nesetril-kritikou\/#primaryimage","url":"https:\/\/evertonfc.cz\/wp-content\/uploads\/2019\/04\/unsworth_8_3_2019.jpg","contentUrl":"https:\/\/evertonfc.cz\/wp-content\/uploads\/2019\/04\/unsworth_8_3_2019.jpg","width":720,"height":405},{"@type":"BreadcrumbList","@id":"https:\/\/evertonfc.cz\/index.php\/2019\/04\/11\/unsworth-po-prohre-u23-nesetril-kritikou\/#breadcrumb","itemListElement":[{"@type":"ListItem","position":1,"name":"Home","item":"https:\/\/evertonfc.cz\/"},{"@type":"ListItem","position":2,"name":"Unsworth po proh\u0159e U23 ne\u0161et\u0159il kritikou"}]},{"@type":"WebSite","@id":"https:\/\/evertonfc.cz\/#website","url":"https:\/\/evertonfc.cz\/","name":"Official Czech &amp; Slovak Everton Supporters&#039; Club","description":"","publisher":{"@id":"https:\/\/evertonfc.cz\/#organization"},"potentialAction":[{"@type":"SearchAction","target":{"@type":"EntryPoint","urlTemplate":"https:\/\/evertonfc.cz\/?s={search_term_string}"},"query-input":{"@type":"PropertyValueSpecification","valueRequired":true,"valueName":"search_term_string"}}],"inLanguage":"cs"},{"@type":"Organization","@id":"https:\/\/evertonfc.cz\/#organization","name":"Official Czech & Slovak Everton Supporters' Club","url":"https:\/\/evertonfc.cz\/","logo":{"@type":"ImageObject","inLanguage":"cs","@id":"https:\/\/evertonfc.cz\/#\/schema\/logo\/image\/","url":"https:\/\/evertonfc.cz\/wp-content\/uploads\/2019\/05\/logo.png","contentUrl":"https:\/\/evertonfc.cz\/wp-content\/uploads\/2019\/05\/logo.png","width":112,"height":112,"caption":"Official Czech & Slovak Everton Supporters' Club"},"image":{"@id":"https:\/\/evertonfc.cz\/#\/schema\/logo\/image\/"},"sameAs":["https:\/\/www.facebook.com\/everton.fans.cz.sk"]},{"@type":"Person","@id":"https:\/\/evertonfc.cz\/#\/schema\/person\/f7a5daedb2ffee98480bc70e191aaef1","name":"Ri\u010di","sameAs":["https:\/\/x.com\/rbrejsa"],"url":"https:\/\/evertonfc.cz\/index.php\/author\/rici\/"}]}},"_links":{"self":[{"href":"https:\/\/evertonfc.cz\/index.php\/wp-json\/wp\/v2\/posts\/7388"}],"collection":[{"href":"https:\/\/evertonfc.cz\/index.php\/wp-json\/wp\/v2\/posts"}],"about":[{"href":"https:\/\/evertonfc.cz\/index.php\/wp-json\/wp\/v2\/types\/post"}],"author":[{"embeddable":true,"href":"https:\/\/evertonfc.cz\/index.php\/wp-json\/wp\/v2\/users\/6"}],"replies":[{"embeddable":true,"href":"https:\/\/evertonfc.cz\/index.php\/wp-json\/wp\/v2\/comments?post=7388"}],"version-history":[{"count":15,"href":"https:\/\/evertonfc.cz\/index.php\/wp-json\/wp\/v2\/posts\/7388\/revisions"}],"predecessor-version":[{"id":7439,"href":"https:\/\/evertonfc.cz\/index.php\/wp-json\/wp\/v2\/posts\/7388\/revisions\/7439"}],"wp:featuredmedia":[{"embeddable":true,"href":"https:\/\/evertonfc.cz\/index.php\/wp-json\/wp\/v2\/media\/7370"}],"wp:attachment":[{"href":"https:\/\/evertonfc.cz\/index.php\/wp-json\/wp\/v2\/media?parent=7388"}],"wp:term":[{"taxonomy":"category","embeddable":true,"href":"https:\/\/evertonfc.cz\/index.php\/wp-json\/wp\/v2\/categories?post=7388"},{"taxonomy":"post_tag","embeddable":true,"href":"https:\/\/evertonfc.cz\/index.php\/wp-json\/wp\/v2\/tags?post=7388"}],"curies":[{"name":"wp","href":"https:\/\/api.w.org\/{rel}","templated":true}]}}