{"id":7396,"date":"2019-04-09T08:07:34","date_gmt":"2019-04-09T06:07:34","guid":{"rendered":"https:\/\/evertonfc.cz\/?p=7396"},"modified":"2020-04-14T20:02:22","modified_gmt":"2020-04-14T18:02:22","slug":"everton-arsenal-10","status":"publish","type":"post","link":"https:\/\/evertonfc.cz\/index.php\/2019\/04\/09\/everton-arsenal-10\/","title":{"rendered":"Everton \u2013 Arsenal 1:0"},"content":{"rendered":"<h4>Neskor\u00fd, ale o to netradi\u010dnej\u0161\u00ed report v\u00e1m prin\u00e1\u0161ame po \u00fa\u017easnej dom\u00e1cej v\u00fdhre nad neob\u013e\u00faben\u00fdm s\u00faperom. Lond\u00fdnskych Gunners sme zdolali po vy\u0161e dvoch rokoch.<\/h4>\n<p><em>Tak\u017ee, pre\u010do netradi\u010dn\u00fd? Lebo poh\u013ead na z\u00e1pas v\u00e1m poskytn\u00fa obe zainteresovan\u00e9 strany. Moje pozvanie na tento rozhovorov\u00fd form\u00e1t op\u00e4\u0165 prijal v\u00e1\u0161niv\u00fd fan\u00fa\u0161ik Dial Square, Boris, za\u010do mu patr\u00ed moja ve\u013ek\u00e1 v\u010faka. Dobre vie, ako r\u00e1d a vy\u010derp\u00e1vaj\u00faco \u017em\u00fdkam inform\u00e1cie. Hlavne, ke\u010f ide o futbal. Vern\u00ed \u010ditatelia ho m\u00f4\u017eu pozna\u0165 aj z minulej sez\u00f3ny, kedy ochotne poskytol <a href=\"https:\/\/evertonfc.cz\/index.php\/2018\/02\/02\/preview-arsenal-everton-2\/\" target=\"_blank\" rel=\"noopener noreferrer\">svoje vedomosti pred z\u00e1pasom<\/a>. Teraz, ke\u010f je u\u017e po \u201etom\u201c, poskytne dojmy a n\u00e1zory zo z\u00e1pasu. Aby som doplnil inform\u00e1cie, z\u00e1pas sme sledovali spolo\u010dne. Tak po\u010fme na to&#8230;<\/em><\/p>\n<p><strong>Boris, e\u0161te raz zopakujem, som naozaj r\u00e1d, \u017ee si prijal aj druh\u00e9 pozvanie a si ochotn\u00fd vyjs\u0165 s ko\u017eou na trh aj po z\u00e1pase. Lebo, \u00faprimne, nie je to \u013eahk\u00e1 \u00faloha. Em\u00f3cie s\u00fa predsa len podnieten\u00e9 v\u00fdsledkom a oproti tichu pred b\u00farkou, ktor\u00e9 panuje v na\u0161ich preview \u010dl\u00e1nkoch, teraz u\u017e m\u00e1 ka\u017ed\u00fd svoj jasn\u00fd n\u00e1zor. A ten sa nemus\u00ed zhodova\u0165 v oboch t\u00e1boroch. Tak\u017ee prij\u00edma\u0161 ist\u00e9 riziko. No, ale k t\u00e9me. Ak\u00e9 boli tvoje dojmy pred z\u00e1pasom, o\u010dak\u00e1val si \u0165a\u017ek\u00fd z\u00e1pas? Lebo ja osobne, ve\u010dn\u00fd modr\u00fd optimista, som si veril a m\u00f4j tip na v\u00fdsledok bol 2:1.<\/strong><\/p>\n<p>Na za\u010diatok by som chcel po\u010fakova\u0165 za mo\u017enos\u0165 particip\u00e1cie na poz\u00e1pasovom rozhovore, okrem poskytnutia poh\u013eadu z opa\u010dn\u00e9ho spektra mi ur\u010dite padne vhod aj p\u00edsomn\u00e9 vyliatie frustr\u00e1cie. Moje dojmy pred z\u00e1pasom boli sk\u00f4r negat\u00edvne, z\u00e1pasy na ihrisk\u00e1ch s\u00faperov z posledn\u00fdch sez\u00f3n ma presved\u010dili, \u017ee ide viac o realistick\u00fd ako o pesimistick\u00fd poh\u013ead. Ako zvyknem vravie\u0165, pre n\u00e1s je lep\u0161ie hra\u0165 doma s Barcelonou ako vonku s hocik\u00fdm. M\u00f4j usmiaty tip na v\u00fdsledok bol 2:2, ale priebeh z\u00e1pasu n\u00e1s presved\u010dil, \u017ee o osude stretnutia bolo pravdepodobne rozhodnut\u00e9 u\u017e v \u0161atniach.<\/p>\n<p><strong>V\u00e1\u0161mu t\u00edmu naordinoval Emery form\u00e1ciu 3-4-2-1. Viem, \u017ee nem\u00e1\u0161 pochopenia pre t\u00fato taktiku a patr\u00ed\u0161 ku kritikom doteraj\u0161ieho sna\u017eenia v\u00e1\u0161ho \u0161panielskeho lodivoda. Navy\u0161e, v spojen\u00ed celkom rozsiahlej mar\u00f3dky a indisponovanosti niektor\u00fdch hr\u00e1\u010dov, d\u00e1 sa poveda\u0165, \u017ee ste nast\u00fapili v podstate oslaben\u00ed. Ale to je len m\u00f4j dojem. \u010co ty na to?<\/strong><\/p>\n<p>Mo\u017eno by som trochu poopravil tvrdenie o kritike doteraj\u0161ieho Emeryho p\u00f4sobenia; prv\u00e1 tretina sez\u00f3ny priniesla n\u00e1dej na lep\u0161ie zajtraj\u0161ky, t\u00edm fungoval ako u\u017e d\u00e1vno nie a asi v\u0161etci fan\u00fa\u0161ikovia si Emeryho ob\u013e\u00fabili, nebol som v\u00fdnimkou. Zlom nastal po doposia\u013e st\u00e1le nevysvetlen\u00fdch probl\u00e9moch s \u00d6zilom, kedy sa nemeck\u00fd hr\u00e1\u010d nedost\u00e1val ani na lavi\u010dku n\u00e1hradn\u00edkov. Ne\u0161\u0165astie situ\u00e1cie umoc\u0148ovali aj nejasn\u00e9 a ve\u013emi hmlist\u00e9 Emeryho vyjadrenia a tla\u010dovky, ktor\u00e9 a\u017e pr\u00edli\u0161 pripom\u00ednali tie Wengerove (t.j. ve\u013ea vaty a m\u00e1lo inform\u00e1ci\u00ed). A\u017e do tohto z\u00e1pasu sa zdalo, \u017ee sa situ\u00e1cia vyjasnila a klub sa dostal op\u00e4\u0165 do pohody, netr\u00fafam si v\u0161ak odhadova\u0165, \u010do bude nasledova\u0165.<\/p>\n<p>\u010co sa rozostavenia t\u00fdka, \u00e1no, Emeryho kritizujem za nevhodn\u00e9 rozostavenie 3-4-2-1, alebo mo\u017eno lep\u0161ie povedan\u00e9 5-2-3. V tomto rozlo\u017een\u00ed mnoho vec\u00ed nefunguje &#8211; traja stop\u00e9ri si niekedy zavadzaj\u00fa, kr\u00eddeln\u00ed obrancovia pri absencii Beller\u00edna nepodporuj\u00fa dostato\u010dne \u00fatok (Kolasinac na \u013eavej strane pracuje dobre), dvaja stredopoliari, navy\u0161e v\u00e4\u010d\u0161inou obaja defenz\u00edvni, nedok\u00e1\u017eu pokry\u0165 dostato\u010dn\u00fa plochu, a pred nimi trojica \u00fato\u010diacich hr\u00e1\u010dov s dvoma kr\u00eddeln\u00edkmi nie je naj\u0161\u0165astnej\u0161\u00edm rie\u0161en\u00edm vzh\u013eadom k tomu, \u017ee v t\u00edme nem\u00e1me ani jedn\u00e9ho svetov\u00e9ho kr\u00eddeln\u00edka. Vo v\u00e4\u010d\u0161ine z\u00e1pasov tak mus\u00ed hra\u0165, ako jedin\u00e9 skuto\u010dn\u00e9 kr\u00eddlo, Alex Iwobi, ktor\u00e9ho rozhodovacie schopnosti a fin\u00e1lna f\u00e1za s\u00fa jednou z pr\u00ed\u010din mojich ub\u00fadaj\u00facich vlasov. Arsenalu, s typol\u00f3giou s\u00fa\u010dasn\u00e9ho k\u00e1dra, by sa pod\u013ea m\u0148a viac hodilo rozostavenie 4-4-2 s diamantom uprostred, pr\u00edpadne 4-3-3.<\/p>\n<p>Po pre\u010d\u00edtan\u00ed nede\u013enej zostavy sa ma zmocnila mierna bezn\u00e1dej, stred po\u013ea v zlo\u017een\u00ed Guendouzi &#8211; Elneny skuto\u010dne nemohol konkurova\u0165 drav\u00fdm hr\u00e1\u010dom dom\u00e1cich a vykr\u00fdva\u0165 ich proti\u00fatoky. Navy\u0161e, \u00d6zil utopen\u00fd na kr\u00eddelnej poz\u00edcii takisto nie je nie\u010do, \u010do r\u00e1d vid\u00edm. Mysl\u00edm, \u017ee mnoh\u00fdm bolo jasn\u00e9, ako bude z\u00e1pas pri takomto rozostaven\u00ed vyzera\u0165 a \u017ee do druh\u00e9ho pol\u010dasu bud\u00fa musie\u0165 pr\u00eds\u0165 zmeny ako do rozlo\u017eenia, tak aj v podobe striedan\u00ed, \u010do sa nakoniec aj potvrdilo. Preto sa p\u00fdtam, \u010do viedlo Emeryho k tejto z\u00e1kladnej zostave? Mysl\u00edm si, \u017ee jeden hr\u00e1\u010d navy\u0161e do stredu po\u013ea namiesto tretieho stop\u00e9ra by mal na predveden\u00fa hru pozit\u00edvny dopad.<\/p>\n<p><strong>Za to my sme nast\u00fapili v takmer nezmenenej zostave. Jedin\u00fa predstavoval <a href=\"https:\/\/evertonfc.cz\/index.php\/soupiska\/phil-jagielka\/\" target=\"_blank\" rel=\"noopener noreferrer\">Jagielka<\/a>, nahradzuj\u00faci chor\u00e9ho <a href=\"https:\/\/evertonfc.cz\/index.php\/soupiska\/michael-keane\/\" target=\"_blank\" rel=\"noopener noreferrer\">Keana<\/a>. Silva nie je fan\u00fa\u0161ik ve\u013ek\u00e9ho rotovania a zd\u00e1 sa, \u017ee sa to kone\u010dne vypl\u00e1ca. T\u00edm si sad\u00e1, hr\u00e1\u010di si rozumej\u00fa a prich\u00e1dzaj\u00fa kone\u010dne aj ve\u013ek\u00e9 v\u00fdsledky. Nesmiem nespomen\u00fa\u0165 ani sebavedomie, ktor\u00e9 v Goodison Parku hr\u00e1 neuverite\u013en\u00fa \u00falohu. Aj preto sme na v\u00e1s vyleteli podobne, ako pred t\u00fd\u017ed\u0148om na West Ham. Av\u0161ak ani v pokro\u010dilom \u0161t\u00e1diu duelu ste sa akosi nevedeli rozh\u00fdba\u0165. Povedz, je to toto typick\u00e1 zaspat\u00e1 tv\u00e1r Arsenalu na ihrisk\u00e1ch s\u00faperov?<\/strong><\/p>\n<p>\u00c1no, vo va\u0161om t\u00e1bore je vidite\u013en\u00e1 pozit\u00edvna zmena, kone\u010dne prich\u00e1dzaj\u00fa v\u00fdsledky, z\u00e1pasy pln\u00e9 frustr\u00e1cie a hernej nepohody s\u00fa nateraz zabudnut\u00e9. Aj z toho d\u00f4vodu som pred duelom nemal ve\u013ek\u00e9 o\u010di, ber\u00fac navy\u0161e do \u00favahy aj na\u0161u formu na cest\u00e1ch. Konieckoncov, zo v\u0161etk\u00fdch t\u00edmov Premier League m\u00e1me po Fulhame a Cardiffe aktu\u00e1lne najvy\u0161\u0161\u00ed podiel z\u00edskan\u00fdch bodov pr\u00e1ve z dom\u00e1cich z\u00e1pasov, v rozdiele bodov medzi dom\u00e1cimi a vonkaj\u0161\u00edmi z\u00e1pasmi sme dokonca najhor\u0161\u00ed.<\/p>\n<p>\u017dia\u013e, mus\u00edm poveda\u0165, \u017ee v\u00fdkon, ktor\u00fd sme v podan\u00ed hr\u00e1\u010dov Arsenalu mohli vidie\u0165, nie je na ihrisk\u00e1ch s\u00faperov v\u00fdnimkou. Ke\u010f k tomu pripo\u010d\u00edtame v\u00fdborn\u00fd v\u00fdkon Evertonu, v\u00fdsledok nie je prekvapen\u00edm, dokonca si tr\u00fafam poveda\u0165, \u017ee by z\u00e1pasu sved\u010dal aj viacg\u00f3lov\u00fd rozdiel. Ob\u00e1vam sa, \u017ee vonkaj\u0161ie z\u00e1pasy proti Wolves, Leicesteru a Watfordu, ktor\u00e9 n\u00e1s e\u0161te \u010dakaj\u00fa, m\u00f4\u017eu ma\u0165 podobn\u00fd priebeh. Tr\u00e9nersk\u00fd t\u00edm mus\u00ed v tomto smere naozaj zabra\u0165.<\/p>\n<p><strong>Prv\u00fd g\u00f3l padol v \u00favodnej desa\u0165min\u00fatovke. Dlh\u00e9 vhadzovanie <a href=\"https:\/\/evertonfc.cz\/index.php\/soupiska\/lucas-digne\/\">Digneho<\/a> pred\u013a\u017eil <a href=\"https:\/\/evertonfc.cz\/index.php\/soupiska\/phil-jagielka\/\" target=\"_blank\" rel=\"noopener noreferrer\">Jagielka<\/a> a lopta sa znovu dostala k nemu po pomerne \u0161\u0165astnom odraze, mysl\u00edm Mustafiho. Ten zblokoval hlavi\u010dku <a href=\"https:\/\/evertonfc.cz\/index.php\/soupiska\/dominic-calvert-lewin\/\" target=\"_blank\" rel=\"noopener noreferrer\">Calverta-Lewina<\/a> priamo k nebr\u00e1nen\u00e9mu kapit\u00e1novi dom\u00e1cich, ktor\u00fd \u013eah\u0161iu g\u00f3lov\u00fa povinnos\u0165 asi ani nikdy nemal. \u010co si mysl\u00ed\u0161 o celej situ\u00e1cii, ktor\u00e1 rozhodla z\u00e1pas?<\/strong><\/p>\n<p>I\u0161lo o pomerne \u0161\u0165astn\u00fd g\u00f3l, Jagielka najsk\u00f4r v\u00fdborne vybojoval loptu proti trom na\u0161im hr\u00e1\u010dom, ktor\u00e1 sa n\u00e1sledne od prekvapen\u00e9ho Kolasinaca dostala nasp\u00e4\u0165 a\u017e ku kapit\u00e1novi Evertonu, ktor\u00fd u\u017e mal \u013eahk\u00fa \u00falohu. Mysl\u00edm si, \u017ee sa v obrannej \u010dinnosti v tejto situ\u00e1cii dalo spravi\u0165 rozhodne viac &#8211; 10 na\u0161ich hr\u00e1\u010dov v pokutovom \u00fazem\u00ed malo g\u00f3lu zabr\u00e1ni\u0165. Spomenul som si na d\u00e1vne g\u00f3ly, ktor\u00e9 sme dost\u00e1vali od Stoke City po dlh\u00fdch vhadzovaniach Delapa.<\/p>\n<p><strong>O \u00e1no. Delapa dokonca navrhovali na reprezent\u00e1ciu \u00cdrska v hode o\u0161tepom na Olympi\u00e1du v Lond\u00fdne 2012. Ostatn\u00fd priebeh stretnutia, aj ke\u010f bez g\u00f3lov, sme sledovali vyrovnan\u00e9 dr\u017eanie lopty, miestami s va\u0161ou prevahou v druhom pol\u010dase, ale \u0161ance mal v\u00e4\u010d\u0161inou Everton, ktor\u00fd v\u00e1s prestrie\u013eal 23:7. To s\u00fa neuverite\u013en\u00e9 \u010d\u00edsla, ak si zoberieme, \u017ee za posledn\u00fdch 10 rokov sme nad Arsenalom vyhrali iba trikr\u00e1t. Nepomohlo v\u00e1m ani dvojit\u00e9 striedanie po pol\u010dasovej prest\u00e1vke. Kde to pod\u013ea teba najviac \u0161kr\u00edpalo? Nedalo sa pre vyrovnanie alebo zvr\u00e1tenie v\u00fdsledku spravi\u0165 viac?<\/strong><\/p>\n<p>U\u017e prv\u00fd z\u00e1pas na Emirates, kedy sme vyhrali so \u0161\u0165ast\u00edm a kde bol Everton lep\u0161\u00edm t\u00edmom, mohol predznamena\u0165 v\u00fdvoj nede\u013enej odvety. V skutku som aj prekvapen\u00fd z \u010d\u00edsla 7 na na\u0161ej strane, nako\u013eko som nepostrehol \u017eiadnu v\u00fdraznej\u0161iu \u0161ancu. Naopak, dom\u00e1ci hrali s chu\u0165ou, skvele nap\u00e1dali, h\u013eadali zauj\u00edmav\u00e9 rie\u0161enia situ\u00e1ci\u00ed a hrozili v\u00fdborn\u00fdmi brejkmi. Skuto\u010dne iba ob\u010dasn\u00e1 nemoh\u00facnos\u0165 v zakon\u010den\u00ed hr\u00e1\u010dov Evertonu n\u00e1s zachr\u00e1nila od debaklu.<\/p>\n<p>Po pol\u010dasovom striedan\u00ed som neskr\u00fdval optimizmus, ten sa v\u0161ak s prib\u00fadaj\u00facimi min\u00fatami line\u00e1rne vytr\u00e1cal. Na\u0161i hr\u00e1\u010di hrali bez pohybu, n\u00e1padu, \u010dakaj\u00fac prihr\u00e1vky do nohy, ktor\u00e9 boli \u013eahko \u010ditate\u013en\u00e9. Mysl\u00edm si, \u017ee nasadenie a celkovo pr\u00edstup k z\u00e1pasu boli nato\u013eko zl\u00e9, \u017ee sa v\u00fdsledok nedal v danom momente zvr\u00e1ti\u0165. Najviac ma sklamal \u00d6zil, ktor\u00fd zaznamenal a\u017e zahanbuj\u00face z\u00e1pasov\u00e9 \u0161tatistiky (14 straten\u00fdch l\u00f4pt a 0 zo 6 vyhrat\u00fdch s\u00fabojov), z t\u00e1bora s\u00fapera sa mi najviac p\u00e1\u010dil <a href=\"https:\/\/evertonfc.cz\/index.php\/soupiska\/bernard\/\" target=\"_blank\" rel=\"noopener noreferrer\">Bernard<\/a>.<\/p>\n<p><strong>Ako vid\u00ed\u0161 Arsenal do konca sez\u00f3ny? Dok\u00e1\u017eete uh\u00e1ji\u0165 miesto v TOP 4? St\u00e1le ste v eur\u00f3pskej lige, \u010di\u017ee trofej tie\u017e nie je nere\u00e1lna. To sa zd\u00e1, ako pozit\u00edvne v\u00fdsledky po zmene Wengerovho re\u017eimu.<\/strong><\/p>\n<p>Oproti minulej sez\u00f3ne sme sa ur\u010dite zlep\u0161ili, m\u00e1me viac bodov, predv\u00e1dzame (doma) kraj\u0161iu hru. Zlo\u017eenie zost\u00e1vaj\u00facich z\u00e1pasov mi v\u0161ak na k\u013eude neprid\u00e1va, hr\u00e1me e\u0161te 4x vonku a 2x doma, pri\u010dom najm\u00e4 tie vonkaj\u0161ie z\u00e1pasy bud\u00fa proti mimoriadne nepr\u00edjemn\u00fdm s\u00faperom. Ne\u010dudoval by som sa, ak by sme 4. miesto neuh\u00e1jili, av\u0161ak st\u00e1le d\u00fafam, \u017ee sa n\u00e1m to podar\u00ed.<\/p>\n<p><strong>To je v\u0161etko. Op\u00e4\u0165 raz ti \u010fakujem za ochotu, tvoj vo\u013en\u00fd \u010das a skvel\u00e9 odpovede. Na z\u00e1ver len skon\u0161tatujem, a neviem, \u010di \u0165a t\u00fdm ute\u0161\u00edm, ale toto bol jeden z najlep\u0161\u00edch v\u00fdkonov, ak\u00fd sme minim\u00e1lne v tejto sez\u00f3ne podali. S\u00fahlas\u00edm s tebou, \u017ee by\u0165 klinickej\u0161\u00ed, odch\u00e1dzate ove\u013ea smutnej\u0161\u00ed. Kto vie, mo\u017eno by \u00d6zil potom h\u00e1dzal aj \u0165a\u017e\u0161ie veci ako kab\u00e1t.<\/strong><\/p>\n<p>Rado sa stalo.<\/p>\n<p><a href=\"http:\/\/www.evertonfc.com\/evertontv\/archive\/2019\/04\/07\/everton-1-0-arsenal-20-minute-highlights\" target=\"_blank\" rel=\"noopener noreferrer\"><em>Zostrih toho najlep\u0161ieho zo z\u00e1pasu n\u00e1jdete na ofici\u00e1lnej str\u00e1nke.<\/em><\/a><\/p>\n<p><strong>Mu\u017e z\u00e1pasu:<\/strong> Dominic Calvert-Lewin (Sky) Bernard (BBC)<\/p>\n<p><strong>\u017dlt\u00e9 karty:<\/strong> 6\u00b4 Guendouzi, 25\u00b4 Sokratis, 50\u00b4 Gomes, 82\u00b4 Mustafi, 86\u00b4 Monreal<\/p>\n<p><strong>Arsenal FC:<\/strong> Leno \u2013 Mustafi, Sokratis, Monreal \u2013 Maintland-Niles, Elneny (46\u00b4Ramsey), Guendouzi, Kola\u0161inac (46\u00b4Aubameyang) \u2013 Mkhitaryan, \u00d6zil (74\u00b4Iwobi) \u2013 Lacazette<\/p>\n<p><strong>Everton FC:<\/strong> Pickford \u2013 Coleman, Jagielka, Zouma, Digne \u2013 Gomes, Gueye \u2013 Richarlison (79\u00b4Walcott), Sigurdsson (90+1\u00b4Davies), Bernard (88\u00b4Lookman) \u2013 Calvert-Lewin<\/p>\n<p><strong>Rozhodca:<\/strong> Kevin Friend<\/p>\n<p><strong>Po\u010det div\u00e1kov:<\/strong> 39 400, Goodison Park (Liverpool)<\/p>\n","protected":false},"excerpt":{"rendered":"<p>Neskor\u00fd, ale o to netradi\u010dnej\u0161\u00ed report v\u00e1m prin\u00e1\u0161ame po \u00fa\u017easnej dom\u00e1cej v\u00fdhre nad neob\u013e\u00faben\u00fdm s\u00faperom. Lond\u00fdnskych Gunners sme zdolali po vy\u0161e dvoch rokoch.<\/p>\n","protected":false},"author":1,"featured_media":7397,"comment_status":"open","ping_status":"closed","sticky":false,"template":"","format":"standard","meta":{"_eb_attr":"","_monsterinsights_skip_tracking":false,"_monsterinsights_sitenote_active":false,"_monsterinsights_sitenote_note":"","_monsterinsights_sitenote_category":0,"footnotes":""},"categories":[1,4],"tags":[],"yoast_head":"<!-- This site is optimized with the Yoast SEO plugin v23.4 - https:\/\/yoast.com\/wordpress\/plugins\/seo\/ -->\n<title>Everton \u2013 Arsenal 1:0 - Official Czech &amp; Slovak Everton Supporters&#039; Club<\/title>\n<meta name=\"robots\" content=\"index, follow, max-snippet:-1, max-image-preview:large, max-video-preview:-1\" \/>\n<link rel=\"canonical\" href=\"https:\/\/evertonfc.cz\/index.php\/2019\/04\/09\/everton-arsenal-10\/\" \/>\n<meta property=\"og:locale\" content=\"cs_CZ\" \/>\n<meta property=\"og:type\" content=\"article\" \/>\n<meta property=\"og:title\" content=\"Everton \u2013 Arsenal 1:0 - Official Czech &amp; Slovak Everton Supporters&#039; Club\" \/>\n<meta property=\"og:description\" content=\"Neskor\u00fd, ale o to netradi\u010dnej\u0161\u00ed report v\u00e1m prin\u00e1\u0161ame po \u00fa\u017easnej dom\u00e1cej v\u00fdhre nad neob\u013e\u00faben\u00fdm s\u00faperom. Lond\u00fdnskych Gunners sme zdolali po vy\u0161e dvoch rokoch.\" \/>\n<meta property=\"og:url\" content=\"https:\/\/evertonfc.cz\/index.php\/2019\/04\/09\/everton-arsenal-10\/\" \/>\n<meta property=\"og:site_name\" content=\"Official Czech &amp; Slovak Everton Supporters&#039; Club\" \/>\n<meta property=\"article:publisher\" content=\"https:\/\/www.facebook.com\/everton.fans.cz.sk\" \/>\n<meta property=\"article:published_time\" content=\"2019-04-09T06:07:34+00:00\" \/>\n<meta property=\"article:modified_time\" content=\"2020-04-14T18:02:22+00:00\" \/>\n<meta property=\"og:image\" content=\"https:\/\/evertonfc.cz\/wp-content\/uploads\/2019\/04\/JagielkaGoalArsenal.jpg\" \/>\n\t<meta property=\"og:image:width\" content=\"720\" \/>\n\t<meta property=\"og:image:height\" content=\"405\" \/>\n\t<meta property=\"og:image:type\" content=\"image\/jpeg\" \/>\n<meta name=\"author\" content=\"BlueBlooded\" \/>\n<meta name=\"twitter:card\" content=\"summary_large_image\" \/>\n<meta name=\"twitter:label1\" content=\"Napsal(a)\" \/>\n\t<meta name=\"twitter:data1\" content=\"BlueBlooded\" \/>\n\t<meta name=\"twitter:label2\" content=\"Odhadovan\u00e1 doba \u010dten\u00ed\" \/>\n\t<meta name=\"twitter:data2\" content=\"10 minut\" \/>\n<script type=\"application\/ld+json\" class=\"yoast-schema-graph\">{\"@context\":\"https:\/\/schema.org\",\"@graph\":[{\"@type\":\"Article\",\"@id\":\"https:\/\/evertonfc.cz\/index.php\/2019\/04\/09\/everton-arsenal-10\/#article\",\"isPartOf\":{\"@id\":\"https:\/\/evertonfc.cz\/index.php\/2019\/04\/09\/everton-arsenal-10\/\"},\"author\":{\"name\":\"BlueBlooded\",\"@id\":\"https:\/\/evertonfc.cz\/#\/schema\/person\/d4493b8cbea51532597fbc4685698916\"},\"headline\":\"Everton \u2013 Arsenal 1:0\",\"datePublished\":\"2019-04-09T06:07:34+00:00\",\"dateModified\":\"2020-04-14T18:02:22+00:00\",\"mainEntityOfPage\":{\"@id\":\"https:\/\/evertonfc.cz\/index.php\/2019\/04\/09\/everton-arsenal-10\/\"},\"wordCount\":1911,\"commentCount\":5,\"publisher\":{\"@id\":\"https:\/\/evertonfc.cz\/#organization\"},\"image\":{\"@id\":\"https:\/\/evertonfc.cz\/index.php\/2019\/04\/09\/everton-arsenal-10\/#primaryimage\"},\"thumbnailUrl\":\"https:\/\/evertonfc.cz\/wp-content\/uploads\/2019\/04\/JagielkaGoalArsenal.jpg\",\"articleSection\":[\"Rozhovory\",\"Z\u00e1pasy\"],\"inLanguage\":\"cs\",\"potentialAction\":[{\"@type\":\"CommentAction\",\"name\":\"Comment\",\"target\":[\"https:\/\/evertonfc.cz\/index.php\/2019\/04\/09\/everton-arsenal-10\/#respond\"]}]},{\"@type\":\"WebPage\",\"@id\":\"https:\/\/evertonfc.cz\/index.php\/2019\/04\/09\/everton-arsenal-10\/\",\"url\":\"https:\/\/evertonfc.cz\/index.php\/2019\/04\/09\/everton-arsenal-10\/\",\"name\":\"Everton \u2013 Arsenal 1:0 - Official Czech &amp; Slovak Everton Supporters&#039; Club\",\"isPartOf\":{\"@id\":\"https:\/\/evertonfc.cz\/#website\"},\"primaryImageOfPage\":{\"@id\":\"https:\/\/evertonfc.cz\/index.php\/2019\/04\/09\/everton-arsenal-10\/#primaryimage\"},\"image\":{\"@id\":\"https:\/\/evertonfc.cz\/index.php\/2019\/04\/09\/everton-arsenal-10\/#primaryimage\"},\"thumbnailUrl\":\"https:\/\/evertonfc.cz\/wp-content\/uploads\/2019\/04\/JagielkaGoalArsenal.jpg\",\"datePublished\":\"2019-04-09T06:07:34+00:00\",\"dateModified\":\"2020-04-14T18:02:22+00:00\",\"breadcrumb\":{\"@id\":\"https:\/\/evertonfc.cz\/index.php\/2019\/04\/09\/everton-arsenal-10\/#breadcrumb\"},\"inLanguage\":\"cs\",\"potentialAction\":[{\"@type\":\"ReadAction\",\"target\":[\"https:\/\/evertonfc.cz\/index.php\/2019\/04\/09\/everton-arsenal-10\/\"]}]},{\"@type\":\"ImageObject\",\"inLanguage\":\"cs\",\"@id\":\"https:\/\/evertonfc.cz\/index.php\/2019\/04\/09\/everton-arsenal-10\/#primaryimage\",\"url\":\"https:\/\/evertonfc.cz\/wp-content\/uploads\/2019\/04\/JagielkaGoalArsenal.jpg\",\"contentUrl\":\"https:\/\/evertonfc.cz\/wp-content\/uploads\/2019\/04\/JagielkaGoalArsenal.jpg\",\"width\":720,\"height\":405},{\"@type\":\"BreadcrumbList\",\"@id\":\"https:\/\/evertonfc.cz\/index.php\/2019\/04\/09\/everton-arsenal-10\/#breadcrumb\",\"itemListElement\":[{\"@type\":\"ListItem\",\"position\":1,\"name\":\"Home\",\"item\":\"https:\/\/evertonfc.cz\/\"},{\"@type\":\"ListItem\",\"position\":2,\"name\":\"Everton \u2013 Arsenal 1:0\"}]},{\"@type\":\"WebSite\",\"@id\":\"https:\/\/evertonfc.cz\/#website\",\"url\":\"https:\/\/evertonfc.cz\/\",\"name\":\"Official Czech &amp; Slovak Everton Supporters&#039; Club\",\"description\":\"\",\"publisher\":{\"@id\":\"https:\/\/evertonfc.cz\/#organization\"},\"potentialAction\":[{\"@type\":\"SearchAction\",\"target\":{\"@type\":\"EntryPoint\",\"urlTemplate\":\"https:\/\/evertonfc.cz\/?s={search_term_string}\"},\"query-input\":{\"@type\":\"PropertyValueSpecification\",\"valueRequired\":true,\"valueName\":\"search_term_string\"}}],\"inLanguage\":\"cs\"},{\"@type\":\"Organization\",\"@id\":\"https:\/\/evertonfc.cz\/#organization\",\"name\":\"Official Czech & Slovak Everton Supporters' Club\",\"url\":\"https:\/\/evertonfc.cz\/\",\"logo\":{\"@type\":\"ImageObject\",\"inLanguage\":\"cs\",\"@id\":\"https:\/\/evertonfc.cz\/#\/schema\/logo\/image\/\",\"url\":\"https:\/\/evertonfc.cz\/wp-content\/uploads\/2019\/05\/logo.png\",\"contentUrl\":\"https:\/\/evertonfc.cz\/wp-content\/uploads\/2019\/05\/logo.png\",\"width\":112,\"height\":112,\"caption\":\"Official Czech & Slovak Everton Supporters' Club\"},\"image\":{\"@id\":\"https:\/\/evertonfc.cz\/#\/schema\/logo\/image\/\"},\"sameAs\":[\"https:\/\/www.facebook.com\/everton.fans.cz.sk\"]},{\"@type\":\"Person\",\"@id\":\"https:\/\/evertonfc.cz\/#\/schema\/person\/d4493b8cbea51532597fbc4685698916\",\"name\":\"BlueBlooded\",\"url\":\"https:\/\/evertonfc.cz\/index.php\/author\/admin\/\"}]}<\/script>\n<!-- \/ Yoast SEO plugin. -->","yoast_head_json":{"title":"Everton \u2013 Arsenal 1:0 - Official Czech &amp; Slovak Everton Supporters&#039; Club","robots":{"index":"index","follow":"follow","max-snippet":"max-snippet:-1","max-image-preview":"max-image-preview:large","max-video-preview":"max-video-preview:-1"},"canonical":"https:\/\/evertonfc.cz\/index.php\/2019\/04\/09\/everton-arsenal-10\/","og_locale":"cs_CZ","og_type":"article","og_title":"Everton \u2013 Arsenal 1:0 - Official Czech &amp; Slovak Everton Supporters&#039; Club","og_description":"Neskor\u00fd, ale o to netradi\u010dnej\u0161\u00ed report v\u00e1m prin\u00e1\u0161ame po \u00fa\u017easnej dom\u00e1cej v\u00fdhre nad neob\u013e\u00faben\u00fdm s\u00faperom. Lond\u00fdnskych Gunners sme zdolali po vy\u0161e dvoch rokoch.","og_url":"https:\/\/evertonfc.cz\/index.php\/2019\/04\/09\/everton-arsenal-10\/","og_site_name":"Official Czech &amp; Slovak Everton Supporters&#039; Club","article_publisher":"https:\/\/www.facebook.com\/everton.fans.cz.sk","article_published_time":"2019-04-09T06:07:34+00:00","article_modified_time":"2020-04-14T18:02:22+00:00","og_image":[{"width":720,"height":405,"url":"https:\/\/evertonfc.cz\/wp-content\/uploads\/2019\/04\/JagielkaGoalArsenal.jpg","type":"image\/jpeg"}],"author":"BlueBlooded","twitter_card":"summary_large_image","twitter_misc":{"Napsal(a)":"BlueBlooded","Odhadovan\u00e1 doba \u010dten\u00ed":"10 minut"},"schema":{"@context":"https:\/\/schema.org","@graph":[{"@type":"Article","@id":"https:\/\/evertonfc.cz\/index.php\/2019\/04\/09\/everton-arsenal-10\/#article","isPartOf":{"@id":"https:\/\/evertonfc.cz\/index.php\/2019\/04\/09\/everton-arsenal-10\/"},"author":{"name":"BlueBlooded","@id":"https:\/\/evertonfc.cz\/#\/schema\/person\/d4493b8cbea51532597fbc4685698916"},"headline":"Everton \u2013 Arsenal 1:0","datePublished":"2019-04-09T06:07:34+00:00","dateModified":"2020-04-14T18:02:22+00:00","mainEntityOfPage":{"@id":"https:\/\/evertonfc.cz\/index.php\/2019\/04\/09\/everton-arsenal-10\/"},"wordCount":1911,"commentCount":5,"publisher":{"@id":"https:\/\/evertonfc.cz\/#organization"},"image":{"@id":"https:\/\/evertonfc.cz\/index.php\/2019\/04\/09\/everton-arsenal-10\/#primaryimage"},"thumbnailUrl":"https:\/\/evertonfc.cz\/wp-content\/uploads\/2019\/04\/JagielkaGoalArsenal.jpg","articleSection":["Rozhovory","Z\u00e1pasy"],"inLanguage":"cs","potentialAction":[{"@type":"CommentAction","name":"Comment","target":["https:\/\/evertonfc.cz\/index.php\/2019\/04\/09\/everton-arsenal-10\/#respond"]}]},{"@type":"WebPage","@id":"https:\/\/evertonfc.cz\/index.php\/2019\/04\/09\/everton-arsenal-10\/","url":"https:\/\/evertonfc.cz\/index.php\/2019\/04\/09\/everton-arsenal-10\/","name":"Everton \u2013 Arsenal 1:0 - Official Czech &amp; Slovak Everton Supporters&#039; Club","isPartOf":{"@id":"https:\/\/evertonfc.cz\/#website"},"primaryImageOfPage":{"@id":"https:\/\/evertonfc.cz\/index.php\/2019\/04\/09\/everton-arsenal-10\/#primaryimage"},"image":{"@id":"https:\/\/evertonfc.cz\/index.php\/2019\/04\/09\/everton-arsenal-10\/#primaryimage"},"thumbnailUrl":"https:\/\/evertonfc.cz\/wp-content\/uploads\/2019\/04\/JagielkaGoalArsenal.jpg","datePublished":"2019-04-09T06:07:34+00:00","dateModified":"2020-04-14T18:02:22+00:00","breadcrumb":{"@id":"https:\/\/evertonfc.cz\/index.php\/2019\/04\/09\/everton-arsenal-10\/#breadcrumb"},"inLanguage":"cs","potentialAction":[{"@type":"ReadAction","target":["https:\/\/evertonfc.cz\/index.php\/2019\/04\/09\/everton-arsenal-10\/"]}]},{"@type":"ImageObject","inLanguage":"cs","@id":"https:\/\/evertonfc.cz\/index.php\/2019\/04\/09\/everton-arsenal-10\/#primaryimage","url":"https:\/\/evertonfc.cz\/wp-content\/uploads\/2019\/04\/JagielkaGoalArsenal.jpg","contentUrl":"https:\/\/evertonfc.cz\/wp-content\/uploads\/2019\/04\/JagielkaGoalArsenal.jpg","width":720,"height":405},{"@type":"BreadcrumbList","@id":"https:\/\/evertonfc.cz\/index.php\/2019\/04\/09\/everton-arsenal-10\/#breadcrumb","itemListElement":[{"@type":"ListItem","position":1,"name":"Home","item":"https:\/\/evertonfc.cz\/"},{"@type":"ListItem","position":2,"name":"Everton \u2013 Arsenal 1:0"}]},{"@type":"WebSite","@id":"https:\/\/evertonfc.cz\/#website","url":"https:\/\/evertonfc.cz\/","name":"Official Czech &amp; Slovak Everton Supporters&#039; Club","description":"","publisher":{"@id":"https:\/\/evertonfc.cz\/#organization"},"potentialAction":[{"@type":"SearchAction","target":{"@type":"EntryPoint","urlTemplate":"https:\/\/evertonfc.cz\/?s={search_term_string}"},"query-input":{"@type":"PropertyValueSpecification","valueRequired":true,"valueName":"search_term_string"}}],"inLanguage":"cs"},{"@type":"Organization","@id":"https:\/\/evertonfc.cz\/#organization","name":"Official Czech & Slovak Everton Supporters' Club","url":"https:\/\/evertonfc.cz\/","logo":{"@type":"ImageObject","inLanguage":"cs","@id":"https:\/\/evertonfc.cz\/#\/schema\/logo\/image\/","url":"https:\/\/evertonfc.cz\/wp-content\/uploads\/2019\/05\/logo.png","contentUrl":"https:\/\/evertonfc.cz\/wp-content\/uploads\/2019\/05\/logo.png","width":112,"height":112,"caption":"Official Czech & Slovak Everton Supporters' Club"},"image":{"@id":"https:\/\/evertonfc.cz\/#\/schema\/logo\/image\/"},"sameAs":["https:\/\/www.facebook.com\/everton.fans.cz.sk"]},{"@type":"Person","@id":"https:\/\/evertonfc.cz\/#\/schema\/person\/d4493b8cbea51532597fbc4685698916","name":"BlueBlooded","url":"https:\/\/evertonfc.cz\/index.php\/author\/admin\/"}]}},"_links":{"self":[{"href":"https:\/\/evertonfc.cz\/index.php\/wp-json\/wp\/v2\/posts\/7396"}],"collection":[{"href":"https:\/\/evertonfc.cz\/index.php\/wp-json\/wp\/v2\/posts"}],"about":[{"href":"https:\/\/evertonfc.cz\/index.php\/wp-json\/wp\/v2\/types\/post"}],"author":[{"embeddable":true,"href":"https:\/\/evertonfc.cz\/index.php\/wp-json\/wp\/v2\/users\/1"}],"replies":[{"embeddable":true,"href":"https:\/\/evertonfc.cz\/index.php\/wp-json\/wp\/v2\/comments?post=7396"}],"version-history":[{"count":13,"href":"https:\/\/evertonfc.cz\/index.php\/wp-json\/wp\/v2\/posts\/7396\/revisions"}],"predecessor-version":[{"id":10783,"href":"https:\/\/evertonfc.cz\/index.php\/wp-json\/wp\/v2\/posts\/7396\/revisions\/10783"}],"wp:featuredmedia":[{"embeddable":true,"href":"https:\/\/evertonfc.cz\/index.php\/wp-json\/wp\/v2\/media\/7397"}],"wp:attachment":[{"href":"https:\/\/evertonfc.cz\/index.php\/wp-json\/wp\/v2\/media?parent=7396"}],"wp:term":[{"taxonomy":"category","embeddable":true,"href":"https:\/\/evertonfc.cz\/index.php\/wp-json\/wp\/v2\/categories?post=7396"},{"taxonomy":"post_tag","embeddable":true,"href":"https:\/\/evertonfc.cz\/index.php\/wp-json\/wp\/v2\/tags?post=7396"}],"curies":[{"name":"wp","href":"https:\/\/api.w.org\/{rel}","templated":true}]}}