{"id":7451,"date":"2019-04-12T09:34:46","date_gmt":"2019-04-12T07:34:46","guid":{"rendered":"https:\/\/evertonfc.cz\/?p=7451"},"modified":"2021-02-13T10:00:13","modified_gmt":"2021-02-13T09:00:13","slug":"preview-fulham-everton-12-3-2019","status":"publish","type":"post","link":"https:\/\/evertonfc.cz\/index.php\/2019\/04\/12\/preview-fulham-everton-12-3-2019\/","title":{"rendered":"Preview: Fulham &#8211; Everton"},"content":{"rendered":"<h4>S\u00e9rie t\u0159\u00ed ligov\u00fdch v\u00fdher v \u0159ad\u011b, shodou okolnost\u00ed se t\u0159emi r\u016fzn\u00fdmi lond\u00fdnsk\u00fdmi celky, je p\u0159ed fini\u0161em sez\u00f3ny povzbuzuj\u00edc\u00edm prvkem. P\u0159id\u00e1 Everton v sobotu na Craven Cottage v\u00fdhru \u010d\u00edslo 4 i proti \u010dtvrt\u00e9mu lond\u00fdnsk\u00e9mu celku?<\/h4>\n<p>Net\u0159eba chodit kolem hork\u00e9 ka\u0161e \u2013 Toffees jsou v duelu s Fulham favorit\u00e9. Cottagers p\u0159ed t\u00fddnem prohrou v 33. kole s Watfordem stvrdili, \u017ee se do druh\u00e9 ligy vr\u00e1t\u00ed u\u017e po roce.<\/p>\n<p>Ve sv\u00e9 nov\u00e1\u010dkovsk\u00e9 sez\u00f3n\u011b se jim toho mnoho nevyda\u0159ilo. Sou\u010dasn\u00fd mana\u017eer Scott Parker, kter\u00fd m\u00e1m b\u00fdt jen do\u010dasn\u00fdm \u0159e\u0161en\u00edm, je u\u017e t\u0159et\u00edm mu\u017eem na lavi\u010dce Fulhamu v prob\u00edhaj\u00edc\u00edm ro\u010dn\u00edku. T\u0159i mana\u017ee\u0159i b\u011bhem jedn\u00e9 sez\u00f3ny je zn\u00e1mou zku\u0161enost\u00ed i pro Everton, kter\u00fd ale na\u0161t\u011bst\u00ed loni nedopadl tak mizern\u011b jako Fulham.<\/p>\n<p>Majitel Fulhamu Shahid Khan zvolil p\u0159es l\u00e9to cestu po\u010detn\u00fdch investic\u00ed do k\u00e1dru, a tak mana\u017eer Slavi\u0161a Jokanovi\u0107 v\u00edtal mnoho nov\u00fdch fotbalist\u016f, jejich\u017e p\u0159\u00edchody st\u00e1ly klub v\u00edce ne\u017e 100 milion\u016f liber. Po slab\u0161\u00edm startu ale Khan ztratil s Jokanovi\u0107em trp\u011blivost a nehled\u011b na koncep\u010dn\u00ed pr\u00e1ci nahradil Srba Claudiem Ranierim, str\u016fjcem leicestersk\u00e9ho z\u00e1zraku. Av\u0161ak ani zku\u0161enostmi ost\u0159\u00edlen\u00fd Ital nedok\u00e1zal zkrotit chaos na Craven Cottage, odvol\u00e1n\u00ed se do\u010dkal ji\u017e na konci \u00fanora po necel\u00fdch \u010dty\u0159ech m\u011bs\u00edc\u00edch ve funkci. Jeho m\u00edsto zaujal b\u00fdval\u00fd z\u00e1lo\u017en\u00edk a od l\u00e9ta asistent mana\u017eera Scott Parker, kter\u00fd si na prahu sv\u00e9 mana\u017eersk\u00e9 kari\u00e9ry mohl jen t\u011b\u017eko p\u0159edstavit n\u00e1ro\u010dn\u011bj\u0161\u00ed v\u00fdzvu.<\/p>\n<p>N\u00e1sledkem v\u00fd\u0161e popsan\u00fdch turbulentn\u00edch m\u011bs\u00edc\u016f je to, \u017ee na Craven Cottage se moment\u00e1ln\u011b st\u0159\u00edd\u00e1 b\u00edda s nouz\u00ed. Mu\u017estvo v posledn\u00edch t\u0159in\u00e1cti ligov\u00fdch kolech zv\u00edt\u011bzilo jen jednou, a to je\u0161t\u011b na konci ledna, od \u010deho\u017e uplynulo u\u017e dev\u011bt z\u00e1pas\u016f. Nav\u00edc v ka\u017ed\u00e9m z t\u011bchto t\u0159in\u00e1cti duel\u016f Fulham inkasoval minim\u00e1ln\u011b dv\u011b branky.<\/p>\n<p>Suma sum\u00e1rum: Cottagers jsou po 33. kolech na p\u0159edposledn\u00edm devaten\u00e1ct\u00e9m m\u00edst\u011b s 17 nasb\u00edran\u00fdmi body (za \u010dty\u0159i v\u00fdhry a p\u011bt rem\u00edz).<\/p>\n<p>Bude velkou z\u00e1hadou, zda 38let\u00fd Parker zvl\u00e1dne namotivovat sv\u00e9 sv\u011b\u0159ence do leto\u0161n\u00edch p\u011bti zb\u00fdvaj\u00edc\u00edch z\u00e1pas\u016f. Aspo\u0148 n\u011bkte\u0159\u00ed hr\u00e1\u010di si ale mus\u00ed uv\u011bdomit, \u017ee pokud u\u017e necht\u011bj\u00ed bojovat za klub, hraj\u00ed o vlastn\u00ed budoucnost. Chambers, Sessegnon, Seri, Babel, Sch\u00fcrrle \u010di Mitrovi\u0107 by rozhodn\u011b m\u011bli m\u00edt ambice nastupovat v Premier League i v n\u00e1sleduj\u00edc\u00ed sez\u00f3n\u011b.<\/p>\n<p>To aktu\u00e1ln\u011b dev\u00e1t\u00fd Everton se naopak nach\u00e1z\u00ed v naprosto odli\u0161n\u00e9m \u2013 a pro jeho fanou\u0161ky velmi v\u00edtan\u00e9m \u2013 rozpolo\u017een\u00ed. Od \u00fanorov\u00e9 dvout\u00fddenn\u00ed pauzy p\u0159edv\u00e1d\u00ed a\u017e na z\u00e1v\u011bre\u010dn\u00fd kolaps v Newcastlu daleko konkurenceschopn\u011bj\u0161\u00ed v\u00fdkony ne\u017e v zimn\u00edm obdob\u00ed. Ovocem zlep\u0161en\u00e9 hry jsou vzpom\u00ednan\u00e9 t\u0159i ligov\u00e9 v\u00fdhry v \u0159ad\u011b, co\u017e se mana\u017eerovi Marcovi Silvovi poda\u0159ilo v Evertonu v\u016fbec poprv\u00e9.<\/p>\n<p>Krom\u011b l\u00edbiv\u00fdch ofenzivn\u00edch v\u00fdkon\u016f si mu\u017estvo po\u010d\u00edn\u00e1 spolehliv\u011b i v obran\u011b, v posledn\u00edch \u0161esti z\u00e1pasech udr\u017eelo \u010dty\u0159i \u010dist\u00e1 konta, a\u010dkoliv ve st\u0159edu obrany nastoupily \u010dty\u0159i odli\u0161n\u00e9 stopersk\u00e9 dvojice (Keane-Jagielka, Keane-Zouma, Keane-Mina, Zouma-Jagielka). Nejen Silva p\u0159i\u010d\u00edt\u00e1 formu znovunalezen\u00e9mu sebev\u011bdom\u00ed a pokro\u010dilej\u0161\u00ed sehranosti.<\/p>\n<p>U ned\u011bln\u00edho dom\u00e1c\u00edho triumfu s Arsenalem chyb\u011bl nemocn\u00fd stoper Keane, kter\u00e9ho na posledn\u00ed chv\u00edli nahradil zku\u0161en\u00fd Jagielka, jen\u017e nakonec vs\u00edtil jedinou branku st\u0159etnut\u00ed. Keane se ji\u017e zotavil, bude tak zaj\u00edmav\u00e9 odtajnit, komu d\u00e1 Silva p\u0159ednost v z\u00e1kladn\u00ed sestav\u011b. Jin\u00e9 zm\u011bny v \u00favodn\u00ed jeden\u00e1ctce se nep\u0159edpokl\u00e1daj\u00ed.<\/p>\n<p>Po dvou z\u00e1pasech m\u016f\u017ee usednout na lavi\u010dku n\u00e1hradn\u00edk\u016f z\u00e1lo\u017en\u00edk Morgan Schneiderlin, kter\u00fd u\u017e p\u0159ekonal men\u0161\u00ed zdravotn\u00ed trable s kotn\u00edkem. Stoper Yerry Mina, jeho\u017e tr\u00e1p\u00ed svalov\u00e9 zran\u011bn\u00ed, za\u010dal s individu\u00e1ln\u00edm tr\u00e9ninkem a jeho n\u00e1vrat do pln\u00e9 kondice je pl\u00e1nov\u00e1n na kv\u011bten.<\/p>\n<p>Na stran\u011b Fulhamu zdravotn\u00ed probl\u00e9my zcela ur\u010dit\u011b nepust\u00ed do hry brank\u00e1\u0159e Marcuse Bettinelliho, stopera Alfieho Mawsona a z\u00e1lo\u017en\u00edka Lazara Markovi\u0107e. O stavu k\u0159\u00eddeln\u00edka Floyda Ayit\u00e9ho se rozhodne a\u017e v den v\u00fdkopu.<\/p>\n<p><strong>Co:<\/strong> Fulham FC \u2013 Everton FC, 34. kolo Premier League<br \/>\n<strong>Kdy:<\/strong> 13. 04. 2019 od 16:00 SE\u010c<br \/>\n<strong>Kde:<\/strong> Craven Cottage, Fulham, Lond\u00fdn (kapacita: 25 700)<br \/>\n<strong>Rozhod\u010d\u00ed:<\/strong> Lee Probert<\/p>\n","protected":false},"excerpt":{"rendered":"<p>S\u00e9rie t\u0159\u00ed ligov\u00fdch v\u00fdher v \u0159ad\u011b, shodou okolnost\u00ed se t\u0159emi r\u016fzn\u00fdmi lond\u00fdnsk\u00fdmi celky, je p\u0159ed fini\u0161em sez\u00f3ny povzbuzuj\u00edc\u00edm prvkem. P\u0159id\u00e1 Everton v sobotu na Craven Cottage v\u00fdhru \u010d\u00edslo 4 i proti \u010dtvrt\u00e9mu lond\u00fdnsk\u00e9mu celku?<\/p>\n","protected":false},"author":6,"featured_media":12988,"comment_status":"open","ping_status":"closed","sticky":false,"template":"","format":"standard","meta":{"_eb_attr":"","_monsterinsights_skip_tracking":false,"_monsterinsights_sitenote_active":false,"_monsterinsights_sitenote_note":"","_monsterinsights_sitenote_category":0,"footnotes":""},"categories":[4],"tags":[],"yoast_head":"<!-- This site is optimized with the Yoast SEO plugin v23.4 - https:\/\/yoast.com\/wordpress\/plugins\/seo\/ -->\n<title>Preview: Fulham - Everton - Official Czech &amp; Slovak Everton Supporters&#039; Club<\/title>\n<meta name=\"robots\" content=\"index, follow, max-snippet:-1, max-image-preview:large, max-video-preview:-1\" \/>\n<link rel=\"canonical\" href=\"https:\/\/evertonfc.cz\/index.php\/2019\/04\/12\/preview-fulham-everton-12-3-2019\/\" \/>\n<meta property=\"og:locale\" content=\"cs_CZ\" \/>\n<meta property=\"og:type\" content=\"article\" \/>\n<meta property=\"og:title\" content=\"Preview: Fulham - Everton - Official Czech &amp; Slovak Everton Supporters&#039; Club\" \/>\n<meta property=\"og:description\" content=\"S\u00e9rie t\u0159\u00ed ligov\u00fdch v\u00fdher v \u0159ad\u011b, shodou okolnost\u00ed se t\u0159emi r\u016fzn\u00fdmi lond\u00fdnsk\u00fdmi celky, je p\u0159ed fini\u0161em sez\u00f3ny povzbuzuj\u00edc\u00edm prvkem. P\u0159id\u00e1 Everton v sobotu na Craven Cottage v\u00fdhru \u010d\u00edslo 4 i proti \u010dtvrt\u00e9mu lond\u00fdnsk\u00e9mu celku?\" \/>\n<meta property=\"og:url\" content=\"https:\/\/evertonfc.cz\/index.php\/2019\/04\/12\/preview-fulham-everton-12-3-2019\/\" \/>\n<meta property=\"og:site_name\" content=\"Official Czech &amp; Slovak Everton Supporters&#039; Club\" \/>\n<meta property=\"article:publisher\" content=\"https:\/\/www.facebook.com\/everton.fans.cz.sk\" \/>\n<meta property=\"article:published_time\" content=\"2019-04-12T07:34:46+00:00\" \/>\n<meta property=\"article:modified_time\" content=\"2021-02-13T09:00:13+00:00\" \/>\n<meta property=\"og:image\" content=\"https:\/\/evertonfc.cz\/wp-content\/uploads\/2020\/11\/Fulham-VS-Everton-20-11-2020.jpg\" \/>\n\t<meta property=\"og:image:width\" content=\"720\" \/>\n\t<meta property=\"og:image:height\" content=\"405\" \/>\n\t<meta property=\"og:image:type\" content=\"image\/jpeg\" \/>\n<meta name=\"author\" content=\"Ri\u010di\" \/>\n<meta name=\"twitter:card\" content=\"summary_large_image\" \/>\n<meta name=\"twitter:creator\" content=\"@rbrejsa\" \/>\n<meta name=\"twitter:label1\" content=\"Napsal(a)\" \/>\n\t<meta name=\"twitter:data1\" content=\"Ri\u010di\" \/>\n\t<meta name=\"twitter:label2\" content=\"Odhadovan\u00e1 doba \u010dten\u00ed\" \/>\n\t<meta name=\"twitter:data2\" content=\"4 minuty\" \/>\n<script type=\"application\/ld+json\" class=\"yoast-schema-graph\">{\"@context\":\"https:\/\/schema.org\",\"@graph\":[{\"@type\":\"Article\",\"@id\":\"https:\/\/evertonfc.cz\/index.php\/2019\/04\/12\/preview-fulham-everton-12-3-2019\/#article\",\"isPartOf\":{\"@id\":\"https:\/\/evertonfc.cz\/index.php\/2019\/04\/12\/preview-fulham-everton-12-3-2019\/\"},\"author\":{\"name\":\"Ri\u010di\",\"@id\":\"https:\/\/evertonfc.cz\/#\/schema\/person\/f7a5daedb2ffee98480bc70e191aaef1\"},\"headline\":\"Preview: Fulham &#8211; Everton\",\"datePublished\":\"2019-04-12T07:34:46+00:00\",\"dateModified\":\"2021-02-13T09:00:13+00:00\",\"mainEntityOfPage\":{\"@id\":\"https:\/\/evertonfc.cz\/index.php\/2019\/04\/12\/preview-fulham-everton-12-3-2019\/\"},\"wordCount\":818,\"commentCount\":9,\"publisher\":{\"@id\":\"https:\/\/evertonfc.cz\/#organization\"},\"image\":{\"@id\":\"https:\/\/evertonfc.cz\/index.php\/2019\/04\/12\/preview-fulham-everton-12-3-2019\/#primaryimage\"},\"thumbnailUrl\":\"https:\/\/evertonfc.cz\/wp-content\/uploads\/2020\/11\/Fulham-VS-Everton-20-11-2020.jpg\",\"articleSection\":[\"Z\u00e1pasy\"],\"inLanguage\":\"cs\",\"potentialAction\":[{\"@type\":\"CommentAction\",\"name\":\"Comment\",\"target\":[\"https:\/\/evertonfc.cz\/index.php\/2019\/04\/12\/preview-fulham-everton-12-3-2019\/#respond\"]}]},{\"@type\":\"WebPage\",\"@id\":\"https:\/\/evertonfc.cz\/index.php\/2019\/04\/12\/preview-fulham-everton-12-3-2019\/\",\"url\":\"https:\/\/evertonfc.cz\/index.php\/2019\/04\/12\/preview-fulham-everton-12-3-2019\/\",\"name\":\"Preview: Fulham - Everton - Official Czech &amp; Slovak Everton Supporters&#039; Club\",\"isPartOf\":{\"@id\":\"https:\/\/evertonfc.cz\/#website\"},\"primaryImageOfPage\":{\"@id\":\"https:\/\/evertonfc.cz\/index.php\/2019\/04\/12\/preview-fulham-everton-12-3-2019\/#primaryimage\"},\"image\":{\"@id\":\"https:\/\/evertonfc.cz\/index.php\/2019\/04\/12\/preview-fulham-everton-12-3-2019\/#primaryimage\"},\"thumbnailUrl\":\"https:\/\/evertonfc.cz\/wp-content\/uploads\/2020\/11\/Fulham-VS-Everton-20-11-2020.jpg\",\"datePublished\":\"2019-04-12T07:34:46+00:00\",\"dateModified\":\"2021-02-13T09:00:13+00:00\",\"breadcrumb\":{\"@id\":\"https:\/\/evertonfc.cz\/index.php\/2019\/04\/12\/preview-fulham-everton-12-3-2019\/#breadcrumb\"},\"inLanguage\":\"cs\",\"potentialAction\":[{\"@type\":\"ReadAction\",\"target\":[\"https:\/\/evertonfc.cz\/index.php\/2019\/04\/12\/preview-fulham-everton-12-3-2019\/\"]}]},{\"@type\":\"ImageObject\",\"inLanguage\":\"cs\",\"@id\":\"https:\/\/evertonfc.cz\/index.php\/2019\/04\/12\/preview-fulham-everton-12-3-2019\/#primaryimage\",\"url\":\"https:\/\/evertonfc.cz\/wp-content\/uploads\/2020\/11\/Fulham-VS-Everton-20-11-2020.jpg\",\"contentUrl\":\"https:\/\/evertonfc.cz\/wp-content\/uploads\/2020\/11\/Fulham-VS-Everton-20-11-2020.jpg\",\"width\":720,\"height\":405},{\"@type\":\"BreadcrumbList\",\"@id\":\"https:\/\/evertonfc.cz\/index.php\/2019\/04\/12\/preview-fulham-everton-12-3-2019\/#breadcrumb\",\"itemListElement\":[{\"@type\":\"ListItem\",\"position\":1,\"name\":\"Home\",\"item\":\"https:\/\/evertonfc.cz\/\"},{\"@type\":\"ListItem\",\"position\":2,\"name\":\"Preview: Fulham &#8211; Everton\"}]},{\"@type\":\"WebSite\",\"@id\":\"https:\/\/evertonfc.cz\/#website\",\"url\":\"https:\/\/evertonfc.cz\/\",\"name\":\"Official Czech &amp; Slovak Everton Supporters&#039; Club\",\"description\":\"\",\"publisher\":{\"@id\":\"https:\/\/evertonfc.cz\/#organization\"},\"potentialAction\":[{\"@type\":\"SearchAction\",\"target\":{\"@type\":\"EntryPoint\",\"urlTemplate\":\"https:\/\/evertonfc.cz\/?s={search_term_string}\"},\"query-input\":{\"@type\":\"PropertyValueSpecification\",\"valueRequired\":true,\"valueName\":\"search_term_string\"}}],\"inLanguage\":\"cs\"},{\"@type\":\"Organization\",\"@id\":\"https:\/\/evertonfc.cz\/#organization\",\"name\":\"Official Czech & Slovak Everton Supporters' Club\",\"url\":\"https:\/\/evertonfc.cz\/\",\"logo\":{\"@type\":\"ImageObject\",\"inLanguage\":\"cs\",\"@id\":\"https:\/\/evertonfc.cz\/#\/schema\/logo\/image\/\",\"url\":\"https:\/\/evertonfc.cz\/wp-content\/uploads\/2019\/05\/logo.png\",\"contentUrl\":\"https:\/\/evertonfc.cz\/wp-content\/uploads\/2019\/05\/logo.png\",\"width\":112,\"height\":112,\"caption\":\"Official Czech & Slovak Everton Supporters' Club\"},\"image\":{\"@id\":\"https:\/\/evertonfc.cz\/#\/schema\/logo\/image\/\"},\"sameAs\":[\"https:\/\/www.facebook.com\/everton.fans.cz.sk\"]},{\"@type\":\"Person\",\"@id\":\"https:\/\/evertonfc.cz\/#\/schema\/person\/f7a5daedb2ffee98480bc70e191aaef1\",\"name\":\"Ri\u010di\",\"sameAs\":[\"https:\/\/x.com\/rbrejsa\"],\"url\":\"https:\/\/evertonfc.cz\/index.php\/author\/rici\/\"}]}<\/script>\n<!-- \/ Yoast SEO plugin. -->","yoast_head_json":{"title":"Preview: Fulham - Everton - Official Czech &amp; Slovak Everton Supporters&#039; Club","robots":{"index":"index","follow":"follow","max-snippet":"max-snippet:-1","max-image-preview":"max-image-preview:large","max-video-preview":"max-video-preview:-1"},"canonical":"https:\/\/evertonfc.cz\/index.php\/2019\/04\/12\/preview-fulham-everton-12-3-2019\/","og_locale":"cs_CZ","og_type":"article","og_title":"Preview: Fulham - Everton - Official Czech &amp; Slovak Everton Supporters&#039; Club","og_description":"S\u00e9rie t\u0159\u00ed ligov\u00fdch v\u00fdher v \u0159ad\u011b, shodou okolnost\u00ed se t\u0159emi r\u016fzn\u00fdmi lond\u00fdnsk\u00fdmi celky, je p\u0159ed fini\u0161em sez\u00f3ny povzbuzuj\u00edc\u00edm prvkem. P\u0159id\u00e1 Everton v sobotu na Craven Cottage v\u00fdhru \u010d\u00edslo 4 i proti \u010dtvrt\u00e9mu lond\u00fdnsk\u00e9mu celku?","og_url":"https:\/\/evertonfc.cz\/index.php\/2019\/04\/12\/preview-fulham-everton-12-3-2019\/","og_site_name":"Official Czech &amp; Slovak Everton Supporters&#039; Club","article_publisher":"https:\/\/www.facebook.com\/everton.fans.cz.sk","article_published_time":"2019-04-12T07:34:46+00:00","article_modified_time":"2021-02-13T09:00:13+00:00","og_image":[{"width":720,"height":405,"url":"https:\/\/evertonfc.cz\/wp-content\/uploads\/2020\/11\/Fulham-VS-Everton-20-11-2020.jpg","type":"image\/jpeg"}],"author":"Ri\u010di","twitter_card":"summary_large_image","twitter_creator":"@rbrejsa","twitter_misc":{"Napsal(a)":"Ri\u010di","Odhadovan\u00e1 doba \u010dten\u00ed":"4 minuty"},"schema":{"@context":"https:\/\/schema.org","@graph":[{"@type":"Article","@id":"https:\/\/evertonfc.cz\/index.php\/2019\/04\/12\/preview-fulham-everton-12-3-2019\/#article","isPartOf":{"@id":"https:\/\/evertonfc.cz\/index.php\/2019\/04\/12\/preview-fulham-everton-12-3-2019\/"},"author":{"name":"Ri\u010di","@id":"https:\/\/evertonfc.cz\/#\/schema\/person\/f7a5daedb2ffee98480bc70e191aaef1"},"headline":"Preview: Fulham &#8211; Everton","datePublished":"2019-04-12T07:34:46+00:00","dateModified":"2021-02-13T09:00:13+00:00","mainEntityOfPage":{"@id":"https:\/\/evertonfc.cz\/index.php\/2019\/04\/12\/preview-fulham-everton-12-3-2019\/"},"wordCount":818,"commentCount":9,"publisher":{"@id":"https:\/\/evertonfc.cz\/#organization"},"image":{"@id":"https:\/\/evertonfc.cz\/index.php\/2019\/04\/12\/preview-fulham-everton-12-3-2019\/#primaryimage"},"thumbnailUrl":"https:\/\/evertonfc.cz\/wp-content\/uploads\/2020\/11\/Fulham-VS-Everton-20-11-2020.jpg","articleSection":["Z\u00e1pasy"],"inLanguage":"cs","potentialAction":[{"@type":"CommentAction","name":"Comment","target":["https:\/\/evertonfc.cz\/index.php\/2019\/04\/12\/preview-fulham-everton-12-3-2019\/#respond"]}]},{"@type":"WebPage","@id":"https:\/\/evertonfc.cz\/index.php\/2019\/04\/12\/preview-fulham-everton-12-3-2019\/","url":"https:\/\/evertonfc.cz\/index.php\/2019\/04\/12\/preview-fulham-everton-12-3-2019\/","name":"Preview: Fulham - Everton - Official Czech &amp; Slovak Everton Supporters&#039; Club","isPartOf":{"@id":"https:\/\/evertonfc.cz\/#website"},"primaryImageOfPage":{"@id":"https:\/\/evertonfc.cz\/index.php\/2019\/04\/12\/preview-fulham-everton-12-3-2019\/#primaryimage"},"image":{"@id":"https:\/\/evertonfc.cz\/index.php\/2019\/04\/12\/preview-fulham-everton-12-3-2019\/#primaryimage"},"thumbnailUrl":"https:\/\/evertonfc.cz\/wp-content\/uploads\/2020\/11\/Fulham-VS-Everton-20-11-2020.jpg","datePublished":"2019-04-12T07:34:46+00:00","dateModified":"2021-02-13T09:00:13+00:00","breadcrumb":{"@id":"https:\/\/evertonfc.cz\/index.php\/2019\/04\/12\/preview-fulham-everton-12-3-2019\/#breadcrumb"},"inLanguage":"cs","potentialAction":[{"@type":"ReadAction","target":["https:\/\/evertonfc.cz\/index.php\/2019\/04\/12\/preview-fulham-everton-12-3-2019\/"]}]},{"@type":"ImageObject","inLanguage":"cs","@id":"https:\/\/evertonfc.cz\/index.php\/2019\/04\/12\/preview-fulham-everton-12-3-2019\/#primaryimage","url":"https:\/\/evertonfc.cz\/wp-content\/uploads\/2020\/11\/Fulham-VS-Everton-20-11-2020.jpg","contentUrl":"https:\/\/evertonfc.cz\/wp-content\/uploads\/2020\/11\/Fulham-VS-Everton-20-11-2020.jpg","width":720,"height":405},{"@type":"BreadcrumbList","@id":"https:\/\/evertonfc.cz\/index.php\/2019\/04\/12\/preview-fulham-everton-12-3-2019\/#breadcrumb","itemListElement":[{"@type":"ListItem","position":1,"name":"Home","item":"https:\/\/evertonfc.cz\/"},{"@type":"ListItem","position":2,"name":"Preview: Fulham &#8211; Everton"}]},{"@type":"WebSite","@id":"https:\/\/evertonfc.cz\/#website","url":"https:\/\/evertonfc.cz\/","name":"Official Czech &amp; Slovak Everton Supporters&#039; Club","description":"","publisher":{"@id":"https:\/\/evertonfc.cz\/#organization"},"potentialAction":[{"@type":"SearchAction","target":{"@type":"EntryPoint","urlTemplate":"https:\/\/evertonfc.cz\/?s={search_term_string}"},"query-input":{"@type":"PropertyValueSpecification","valueRequired":true,"valueName":"search_term_string"}}],"inLanguage":"cs"},{"@type":"Organization","@id":"https:\/\/evertonfc.cz\/#organization","name":"Official Czech & Slovak Everton Supporters' Club","url":"https:\/\/evertonfc.cz\/","logo":{"@type":"ImageObject","inLanguage":"cs","@id":"https:\/\/evertonfc.cz\/#\/schema\/logo\/image\/","url":"https:\/\/evertonfc.cz\/wp-content\/uploads\/2019\/05\/logo.png","contentUrl":"https:\/\/evertonfc.cz\/wp-content\/uploads\/2019\/05\/logo.png","width":112,"height":112,"caption":"Official Czech & Slovak Everton Supporters' Club"},"image":{"@id":"https:\/\/evertonfc.cz\/#\/schema\/logo\/image\/"},"sameAs":["https:\/\/www.facebook.com\/everton.fans.cz.sk"]},{"@type":"Person","@id":"https:\/\/evertonfc.cz\/#\/schema\/person\/f7a5daedb2ffee98480bc70e191aaef1","name":"Ri\u010di","sameAs":["https:\/\/x.com\/rbrejsa"],"url":"https:\/\/evertonfc.cz\/index.php\/author\/rici\/"}]}},"_links":{"self":[{"href":"https:\/\/evertonfc.cz\/index.php\/wp-json\/wp\/v2\/posts\/7451"}],"collection":[{"href":"https:\/\/evertonfc.cz\/index.php\/wp-json\/wp\/v2\/posts"}],"about":[{"href":"https:\/\/evertonfc.cz\/index.php\/wp-json\/wp\/v2\/types\/post"}],"author":[{"embeddable":true,"href":"https:\/\/evertonfc.cz\/index.php\/wp-json\/wp\/v2\/users\/6"}],"replies":[{"embeddable":true,"href":"https:\/\/evertonfc.cz\/index.php\/wp-json\/wp\/v2\/comments?post=7451"}],"version-history":[{"count":6,"href":"https:\/\/evertonfc.cz\/index.php\/wp-json\/wp\/v2\/posts\/7451\/revisions"}],"predecessor-version":[{"id":7457,"href":"https:\/\/evertonfc.cz\/index.php\/wp-json\/wp\/v2\/posts\/7451\/revisions\/7457"}],"wp:featuredmedia":[{"embeddable":true,"href":"https:\/\/evertonfc.cz\/index.php\/wp-json\/wp\/v2\/media\/12988"}],"wp:attachment":[{"href":"https:\/\/evertonfc.cz\/index.php\/wp-json\/wp\/v2\/media?parent=7451"}],"wp:term":[{"taxonomy":"category","embeddable":true,"href":"https:\/\/evertonfc.cz\/index.php\/wp-json\/wp\/v2\/categories?post=7451"},{"taxonomy":"post_tag","embeddable":true,"href":"https:\/\/evertonfc.cz\/index.php\/wp-json\/wp\/v2\/tags?post=7451"}],"curies":[{"name":"wp","href":"https:\/\/api.w.org\/{rel}","templated":true}]}}