{"id":7458,"date":"2019-05-03T12:02:48","date_gmt":"2019-05-03T10:02:48","guid":{"rendered":"https:\/\/evertonfc.cz\/?p=7458"},"modified":"2019-05-13T11:35:50","modified_gmt":"2019-05-13T09:35:50","slug":"holy-trinity-pred-goodison-parkem","status":"publish","type":"post","link":"https:\/\/evertonfc.cz\/index.php\/2019\/05\/03\/holy-trinity-pred-goodison-parkem\/","title":{"rendered":"\u201eHoly Trinity\u201c p\u0159ed Goodison Parkem"},"content":{"rendered":"<h4>Evertonu odtajnil spole\u010dnou sochu klubov\u00fdch legend Allana Balla, Colina Harveyho a Howarda Kendalla, kter\u00e1 stoj\u00ed p\u0159ed Goodison Parkem vedle kostela St Luke&#8217;s.<\/h4>\n<p>Slavn\u00e1 trojice spolu nastupovala za Everton v 60. letech minul\u00e9ho stolet\u00ed a byla pova\u017eovan\u00e1 za tehdej\u0161\u00ed nejlep\u0161\u00ed z\u00e1lo\u017en\u00ed \u0159adu na Britsk\u00fdch ostrovech. Pro svou v\u00fdjime\u010dnosti si vyslou\u017eila p\u0159ezd\u00edvku \u201eHoly Trinity\u201c (v p\u0159ekladu \u201eSvat\u00e1 trojice\u201c).<\/p>\n<p>Sochu vytvo\u0159il um\u011blec Tom Murphy, kter\u00fd je rovn\u011b\u017e autorem sochy Dixieho Deanea p\u0159ed Goodison Parkem.<\/p>\n<p>Colin Harvey p\u0159i vzpom\u00ednce ozna\u010dil sv\u00e9 dva b\u00fdval\u00e9 spoluhr\u00e1\u010de za nejlep\u0161\u00ed fotbalisty, kte\u0159\u00ed kdy obl\u00e9kali dres Evertonu, a hran\u00ed po jejich boku vn\u00edm\u00e1 za obrovskou poctu. Harvey je jedin\u00fdm z trojice, jen\u017e st\u00e1le \u017eije, moment\u00e1ln\u011b m\u00e1 74 let. Alan Ball bohu\u017eel zem\u0159el v roce 2007 a Howard Kendall v roce 2015.<\/p>\n<div id=\"attachment_7666\" style=\"width: 650px\" class=\"wp-caption aligncenter\"><img loading=\"lazy\" decoding=\"async\" aria-describedby=\"caption-attachment-7666\" class=\"size-full wp-image-7666\" src=\"https:\/\/evertonfc.cz\/wp-content\/uploads\/2019\/05\/harvey_3_5_2019.jpg\" alt=\"\" width=\"640\" height=\"375\" srcset=\"https:\/\/evertonfc.cz\/wp-content\/uploads\/2019\/05\/harvey_3_5_2019.jpg 640w, https:\/\/evertonfc.cz\/wp-content\/uploads\/2019\/05\/harvey_3_5_2019-300x176.jpg 300w\" sizes=\"(max-width: 640px) 100vw, 640px\" \/><p id=\"caption-attachment-7666\" class=\"wp-caption-text\">Colin Harvey p\u0159i odhalen\u00ed sochy<\/p><\/div>\n<h4 style=\"text-align: center;\"><img loading=\"lazy\" decoding=\"async\" class=\"size-full wp-image-7670 aligncenter\" src=\"https:\/\/evertonfc.cz\/wp-content\/uploads\/2019\/05\/holy_trinity_III_3_5_2019.jpg\" alt=\"\" width=\"640\" height=\"427\" srcset=\"https:\/\/evertonfc.cz\/wp-content\/uploads\/2019\/05\/holy_trinity_III_3_5_2019.jpg 640w, https:\/\/evertonfc.cz\/wp-content\/uploads\/2019\/05\/holy_trinity_III_3_5_2019-300x200.jpg 300w\" sizes=\"(max-width: 640px) 100vw, 640px\" \/><\/h4>\n<p><img loading=\"lazy\" decoding=\"async\" class=\"size-full wp-image-7669 aligncenter\" src=\"https:\/\/evertonfc.cz\/wp-content\/uploads\/2019\/05\/holy_trinity_II_3_5_2019.jpg\" alt=\"\" width=\"640\" height=\"427\" srcset=\"https:\/\/evertonfc.cz\/wp-content\/uploads\/2019\/05\/holy_trinity_II_3_5_2019.jpg 640w, https:\/\/evertonfc.cz\/wp-content\/uploads\/2019\/05\/holy_trinity_II_3_5_2019-300x200.jpg 300w\" sizes=\"(max-width: 640px) 100vw, 640px\" \/><\/p>\n<div id=\"attachment_7675\" style=\"width: 650px\" class=\"wp-caption aligncenter\"><img loading=\"lazy\" decoding=\"async\" aria-describedby=\"caption-attachment-7675\" class=\"size-full wp-image-7675\" src=\"https:\/\/evertonfc.cz\/wp-content\/uploads\/2019\/04\/holy_trinity_VI_3_5_2019.jpg\" alt=\"\" width=\"640\" height=\"427\" srcset=\"https:\/\/evertonfc.cz\/wp-content\/uploads\/2019\/04\/holy_trinity_VI_3_5_2019.jpg 640w, https:\/\/evertonfc.cz\/wp-content\/uploads\/2019\/04\/holy_trinity_VI_3_5_2019-300x200.jpg 300w\" sizes=\"(max-width: 640px) 100vw, 640px\" \/><p id=\"caption-attachment-7675\" class=\"wp-caption-text\">Zleva Alan Ball, Howard Kendall, Colin Harvey<\/p><\/div>\n<div id=\"attachment_7672\" style=\"width: 650px\" class=\"wp-caption aligncenter\"><img loading=\"lazy\" decoding=\"async\" aria-describedby=\"caption-attachment-7672\" class=\"wp-image-7672 size-full\" src=\"https:\/\/evertonfc.cz\/wp-content\/uploads\/2019\/05\/holy_trinity_V_3_5_2019.jpg\" alt=\"\" width=\"640\" height=\"427\" srcset=\"https:\/\/evertonfc.cz\/wp-content\/uploads\/2019\/05\/holy_trinity_V_3_5_2019.jpg 640w, https:\/\/evertonfc.cz\/wp-content\/uploads\/2019\/05\/holy_trinity_V_3_5_2019-300x200.jpg 300w\" sizes=\"(max-width: 640px) 100vw, 640px\" \/><p id=\"caption-attachment-7672\" class=\"wp-caption-text\">Colin Harvey<\/p><\/div>\n<div id=\"attachment_7671\" style=\"width: 650px\" class=\"wp-caption aligncenter\"><img loading=\"lazy\" decoding=\"async\" aria-describedby=\"caption-attachment-7671\" class=\"wp-image-7671 size-full\" src=\"https:\/\/evertonfc.cz\/wp-content\/uploads\/2019\/05\/holy_trinity_IV_3_5_2019.jpg\" alt=\"\" width=\"640\" height=\"427\" srcset=\"https:\/\/evertonfc.cz\/wp-content\/uploads\/2019\/05\/holy_trinity_IV_3_5_2019.jpg 640w, https:\/\/evertonfc.cz\/wp-content\/uploads\/2019\/05\/holy_trinity_IV_3_5_2019-300x200.jpg 300w\" sizes=\"(max-width: 640px) 100vw, 640px\" \/><p id=\"caption-attachment-7671\" class=\"wp-caption-text\">Howard Kendall<\/p><\/div>\n<h4><strong>Kr\u00e1tk\u00e9 p\u0159edstaven\u00ed \u201eHoly Trinity\u201c <\/strong><\/h4>\n<ul>\n<li>Ball, Kendall a Harvey se v\u00fdraznou m\u011brou p\u0159i\u010dinili k zisku mistrovsk\u00e9ho titulu v roce 1970.<\/li>\n<li>Harvey jako jedin\u00fd z trojice poch\u00e1zel z Liverpoolu, do Evertonu p\u0159i\u0161el jako \u0161estn\u00e1ctilet\u00fd, zat\u00edmco Ball byl koupen z Blackpoolu jako \u010derstv\u00fd mistr sv\u011bta v roce 1966 a Kendall o rok pozd\u011bji z Prestonu North End.<\/li>\n<li>Trojice se rozpadla v roce 1971, kdy\u017e Ball p\u0159estoupil za tehdej\u0161\u00ed britsk\u00fd rekord ve v\u00fd\u0161i 220 tis\u00edc liber do Arsenalu.<\/li>\n<li>Kendall jako mana\u017eer a Harvey jako jeho asistent se pozd\u011bji stali nej\u00fasp\u011b\u0161n\u011bj\u0161\u00ed mana\u017eerskou dvojic\u00ed v historii Evertonu. V 80. letech dovedli Toffees k zisku dvou ligov\u00fdch titul\u016f, jednoho triumfu v FA Cupu a Poh\u00e1ru v\u00edt\u011bz\u016f poh\u00e1r\u016f.<\/li>\n<li>Trojice se st\u00e1le t\u011b\u0161\u00ed velik\u00e9 podpo\u0159e mezi fanou\u0161ky Evertonu, kte\u0159\u00ed se svou iniciativou zaslou\u017eili realizaci sochy.<\/li>\n<\/ul>\n<h4><strong>Podrobn\u011bj\u0161\u00ed p\u0159edstaven\u00ed \u201eHoly Trinity\u201c<\/strong><\/h4>\n<ul>\n<li><a href=\"https:\/\/evertonfc.cz\/index.php\/2013\/08\/13\/alan-ball\/\" target=\"_blank\" rel=\"noopener noreferrer\">Legendy: Alan Ball<\/a><\/li>\n<li><a href=\"https:\/\/evertonfc.cz\/index.php\/2013\/03\/26\/howard-kendall\/\" target=\"_blank\" rel=\"noopener noreferrer\">Legendy: Howard Kendall<\/a><\/li>\n<li><a href=\"https:\/\/evertonfc.cz\/index.php\/2015\/10\/19\/opustil-nas-howard-kendall\/\" target=\"_blank\" rel=\"noopener noreferrer\">Opustil n\u00e1s Howard Kendall<\/a><\/li>\n<li><a href=\"https:\/\/evertonfc.cz\/index.php\/2015\/10\/29\/posledni-rozlucka-s-howardem-kendallem\/\" target=\"_blank\" rel=\"noopener noreferrer\">Posledn\u00ed rozlu\u010dka s Howardem Kendallem<\/a><\/li>\n<li><a href=\"https:\/\/evertonfc.cz\/index.php\/2017\/01\/26\/biely-pele-v-bronze\/\" target=\"_blank\" rel=\"noopener noreferrer\">Biely Pel\u00e9 v bronze<\/a><\/li>\n<li><a href=\"https:\/\/evertonfc.cz\/index.php\/2015\/11\/06\/colin-harvey-slavi-71-narozeniny\/\" target=\"_blank\" rel=\"noopener noreferrer\">Colin Harvey slav\u00ed 71. narozeniny<\/a><\/li>\n<li><a href=\"https:\/\/evertonfc.cz\/index.php\/2012\/01\/18\/colin-harvey-na-chatu\/\" target=\"_blank\" rel=\"noopener noreferrer\">Colin Harvey na chatu<\/a><\/li>\n<li><a href=\"https:\/\/evertonfc.cz\/index.php\/2010\/12\/12\/sladka-sedesata\/\" target=\"_blank\" rel=\"noopener noreferrer\">Pohledy do historie: Sladk\u00e1 \u0161edes\u00e1t\u00e1<\/a><\/li>\n<li><a href=\"https:\/\/evertonfc.cz\/index.php\/2019\/03\/24\/evropska-vystoupeni-i-dil\/\" target=\"_blank\" rel=\"noopener noreferrer\">Evropsk\u00e1 vystoupen\u00ed: \u0160edes\u00e1t\u00e1 l\u00e9ta<\/a><\/li>\n<\/ul>\n","protected":false},"excerpt":{"rendered":"<p>Evertonu odtajnil spole\u010dnou sochu klubov\u00fdch legend Allana Balla, Colina Harveyho a Howarda Kendalla, kter\u00e1 stoj\u00ed p\u0159ed Goodison Parkem vedle kostela St Luke\u2019s.<\/p>\n","protected":false},"author":6,"featured_media":7668,"comment_status":"open","ping_status":"closed","sticky":false,"template":"","format":"standard","meta":{"_eb_attr":"","_monsterinsights_skip_tracking":false,"_monsterinsights_sitenote_active":false,"_monsterinsights_sitenote_note":"","_monsterinsights_sitenote_category":0,"footnotes":""},"categories":[42],"tags":[],"yoast_head":"<!-- This site is optimized with the Yoast SEO plugin v23.4 - https:\/\/yoast.com\/wordpress\/plugins\/seo\/ -->\n<title>\u201eHoly Trinity\u201c p\u0159ed Goodison Parkem - Official Czech &amp; Slovak Everton Supporters&#039; Club<\/title>\n<meta name=\"robots\" content=\"index, follow, max-snippet:-1, max-image-preview:large, max-video-preview:-1\" \/>\n<link rel=\"canonical\" href=\"https:\/\/evertonfc.cz\/index.php\/2019\/05\/03\/holy-trinity-pred-goodison-parkem\/\" \/>\n<meta property=\"og:locale\" content=\"cs_CZ\" \/>\n<meta property=\"og:type\" content=\"article\" \/>\n<meta property=\"og:title\" content=\"\u201eHoly Trinity\u201c p\u0159ed Goodison Parkem - Official Czech &amp; Slovak Everton Supporters&#039; Club\" \/>\n<meta property=\"og:description\" content=\"Evertonu odtajnil spole\u010dnou sochu klubov\u00fdch legend Allana Balla, Colina Harveyho a Howarda Kendalla, kter\u00e1 stoj\u00ed p\u0159ed Goodison Parkem vedle kostela St Luke\u2019s.\" \/>\n<meta property=\"og:url\" content=\"https:\/\/evertonfc.cz\/index.php\/2019\/05\/03\/holy-trinity-pred-goodison-parkem\/\" \/>\n<meta property=\"og:site_name\" content=\"Official Czech &amp; Slovak Everton Supporters&#039; Club\" \/>\n<meta property=\"article:publisher\" content=\"https:\/\/www.facebook.com\/everton.fans.cz.sk\" \/>\n<meta property=\"article:published_time\" content=\"2019-05-03T10:02:48+00:00\" \/>\n<meta property=\"article:modified_time\" content=\"2019-05-13T09:35:50+00:00\" \/>\n<meta property=\"og:image\" content=\"https:\/\/evertonfc.cz\/wp-content\/uploads\/2019\/05\/holy_trinity_I_3_5_2019.jpg\" \/>\n\t<meta property=\"og:image:width\" content=\"720\" \/>\n\t<meta property=\"og:image:height\" content=\"405\" \/>\n\t<meta property=\"og:image:type\" content=\"image\/jpeg\" \/>\n<meta name=\"author\" content=\"Ri\u010di\" \/>\n<meta name=\"twitter:card\" content=\"summary_large_image\" \/>\n<meta name=\"twitter:creator\" content=\"@rbrejsa\" \/>\n<meta name=\"twitter:label1\" content=\"Napsal(a)\" \/>\n\t<meta name=\"twitter:data1\" content=\"Ri\u010di\" \/>\n\t<meta name=\"twitter:label2\" content=\"Odhadovan\u00e1 doba \u010dten\u00ed\" \/>\n\t<meta name=\"twitter:data2\" content=\"2 minuty\" \/>\n<script type=\"application\/ld+json\" class=\"yoast-schema-graph\">{\"@context\":\"https:\/\/schema.org\",\"@graph\":[{\"@type\":\"Article\",\"@id\":\"https:\/\/evertonfc.cz\/index.php\/2019\/05\/03\/holy-trinity-pred-goodison-parkem\/#article\",\"isPartOf\":{\"@id\":\"https:\/\/evertonfc.cz\/index.php\/2019\/05\/03\/holy-trinity-pred-goodison-parkem\/\"},\"author\":{\"name\":\"Ri\u010di\",\"@id\":\"https:\/\/evertonfc.cz\/#\/schema\/person\/f7a5daedb2ffee98480bc70e191aaef1\"},\"headline\":\"\u201eHoly Trinity\u201c p\u0159ed Goodison Parkem\",\"datePublished\":\"2019-05-03T10:02:48+00:00\",\"dateModified\":\"2019-05-13T09:35:50+00:00\",\"mainEntityOfPage\":{\"@id\":\"https:\/\/evertonfc.cz\/index.php\/2019\/05\/03\/holy-trinity-pred-goodison-parkem\/\"},\"wordCount\":398,\"commentCount\":0,\"publisher\":{\"@id\":\"https:\/\/evertonfc.cz\/#organization\"},\"image\":{\"@id\":\"https:\/\/evertonfc.cz\/index.php\/2019\/05\/03\/holy-trinity-pred-goodison-parkem\/#primaryimage\"},\"thumbnailUrl\":\"https:\/\/evertonfc.cz\/wp-content\/uploads\/2019\/05\/holy_trinity_I_3_5_2019.jpg\",\"articleSection\":[\"Aktuality\"],\"inLanguage\":\"cs\",\"potentialAction\":[{\"@type\":\"CommentAction\",\"name\":\"Comment\",\"target\":[\"https:\/\/evertonfc.cz\/index.php\/2019\/05\/03\/holy-trinity-pred-goodison-parkem\/#respond\"]}]},{\"@type\":\"WebPage\",\"@id\":\"https:\/\/evertonfc.cz\/index.php\/2019\/05\/03\/holy-trinity-pred-goodison-parkem\/\",\"url\":\"https:\/\/evertonfc.cz\/index.php\/2019\/05\/03\/holy-trinity-pred-goodison-parkem\/\",\"name\":\"\u201eHoly Trinity\u201c p\u0159ed Goodison Parkem - Official Czech &amp; Slovak Everton Supporters&#039; Club\",\"isPartOf\":{\"@id\":\"https:\/\/evertonfc.cz\/#website\"},\"primaryImageOfPage\":{\"@id\":\"https:\/\/evertonfc.cz\/index.php\/2019\/05\/03\/holy-trinity-pred-goodison-parkem\/#primaryimage\"},\"image\":{\"@id\":\"https:\/\/evertonfc.cz\/index.php\/2019\/05\/03\/holy-trinity-pred-goodison-parkem\/#primaryimage\"},\"thumbnailUrl\":\"https:\/\/evertonfc.cz\/wp-content\/uploads\/2019\/05\/holy_trinity_I_3_5_2019.jpg\",\"datePublished\":\"2019-05-03T10:02:48+00:00\",\"dateModified\":\"2019-05-13T09:35:50+00:00\",\"breadcrumb\":{\"@id\":\"https:\/\/evertonfc.cz\/index.php\/2019\/05\/03\/holy-trinity-pred-goodison-parkem\/#breadcrumb\"},\"inLanguage\":\"cs\",\"potentialAction\":[{\"@type\":\"ReadAction\",\"target\":[\"https:\/\/evertonfc.cz\/index.php\/2019\/05\/03\/holy-trinity-pred-goodison-parkem\/\"]}]},{\"@type\":\"ImageObject\",\"inLanguage\":\"cs\",\"@id\":\"https:\/\/evertonfc.cz\/index.php\/2019\/05\/03\/holy-trinity-pred-goodison-parkem\/#primaryimage\",\"url\":\"https:\/\/evertonfc.cz\/wp-content\/uploads\/2019\/05\/holy_trinity_I_3_5_2019.jpg\",\"contentUrl\":\"https:\/\/evertonfc.cz\/wp-content\/uploads\/2019\/05\/holy_trinity_I_3_5_2019.jpg\",\"width\":720,\"height\":405},{\"@type\":\"BreadcrumbList\",\"@id\":\"https:\/\/evertonfc.cz\/index.php\/2019\/05\/03\/holy-trinity-pred-goodison-parkem\/#breadcrumb\",\"itemListElement\":[{\"@type\":\"ListItem\",\"position\":1,\"name\":\"Home\",\"item\":\"https:\/\/evertonfc.cz\/\"},{\"@type\":\"ListItem\",\"position\":2,\"name\":\"\u201eHoly Trinity\u201c p\u0159ed Goodison Parkem\"}]},{\"@type\":\"WebSite\",\"@id\":\"https:\/\/evertonfc.cz\/#website\",\"url\":\"https:\/\/evertonfc.cz\/\",\"name\":\"Official Czech &amp; Slovak Everton Supporters&#039; Club\",\"description\":\"\",\"publisher\":{\"@id\":\"https:\/\/evertonfc.cz\/#organization\"},\"potentialAction\":[{\"@type\":\"SearchAction\",\"target\":{\"@type\":\"EntryPoint\",\"urlTemplate\":\"https:\/\/evertonfc.cz\/?s={search_term_string}\"},\"query-input\":{\"@type\":\"PropertyValueSpecification\",\"valueRequired\":true,\"valueName\":\"search_term_string\"}}],\"inLanguage\":\"cs\"},{\"@type\":\"Organization\",\"@id\":\"https:\/\/evertonfc.cz\/#organization\",\"name\":\"Official Czech & Slovak Everton Supporters' Club\",\"url\":\"https:\/\/evertonfc.cz\/\",\"logo\":{\"@type\":\"ImageObject\",\"inLanguage\":\"cs\",\"@id\":\"https:\/\/evertonfc.cz\/#\/schema\/logo\/image\/\",\"url\":\"https:\/\/evertonfc.cz\/wp-content\/uploads\/2019\/05\/logo.png\",\"contentUrl\":\"https:\/\/evertonfc.cz\/wp-content\/uploads\/2019\/05\/logo.png\",\"width\":112,\"height\":112,\"caption\":\"Official Czech & Slovak Everton Supporters' Club\"},\"image\":{\"@id\":\"https:\/\/evertonfc.cz\/#\/schema\/logo\/image\/\"},\"sameAs\":[\"https:\/\/www.facebook.com\/everton.fans.cz.sk\"]},{\"@type\":\"Person\",\"@id\":\"https:\/\/evertonfc.cz\/#\/schema\/person\/f7a5daedb2ffee98480bc70e191aaef1\",\"name\":\"Ri\u010di\",\"sameAs\":[\"https:\/\/x.com\/rbrejsa\"],\"url\":\"https:\/\/evertonfc.cz\/index.php\/author\/rici\/\"}]}<\/script>\n<!-- \/ Yoast SEO plugin. -->","yoast_head_json":{"title":"\u201eHoly Trinity\u201c p\u0159ed Goodison Parkem - Official Czech &amp; Slovak Everton Supporters&#039; Club","robots":{"index":"index","follow":"follow","max-snippet":"max-snippet:-1","max-image-preview":"max-image-preview:large","max-video-preview":"max-video-preview:-1"},"canonical":"https:\/\/evertonfc.cz\/index.php\/2019\/05\/03\/holy-trinity-pred-goodison-parkem\/","og_locale":"cs_CZ","og_type":"article","og_title":"\u201eHoly Trinity\u201c p\u0159ed Goodison Parkem - Official Czech &amp; Slovak Everton Supporters&#039; Club","og_description":"Evertonu odtajnil spole\u010dnou sochu klubov\u00fdch legend Allana Balla, Colina Harveyho a Howarda Kendalla, kter\u00e1 stoj\u00ed p\u0159ed Goodison Parkem vedle kostela St Luke\u2019s.","og_url":"https:\/\/evertonfc.cz\/index.php\/2019\/05\/03\/holy-trinity-pred-goodison-parkem\/","og_site_name":"Official Czech &amp; Slovak Everton Supporters&#039; Club","article_publisher":"https:\/\/www.facebook.com\/everton.fans.cz.sk","article_published_time":"2019-05-03T10:02:48+00:00","article_modified_time":"2019-05-13T09:35:50+00:00","og_image":[{"width":720,"height":405,"url":"https:\/\/evertonfc.cz\/wp-content\/uploads\/2019\/05\/holy_trinity_I_3_5_2019.jpg","type":"image\/jpeg"}],"author":"Ri\u010di","twitter_card":"summary_large_image","twitter_creator":"@rbrejsa","twitter_misc":{"Napsal(a)":"Ri\u010di","Odhadovan\u00e1 doba \u010dten\u00ed":"2 minuty"},"schema":{"@context":"https:\/\/schema.org","@graph":[{"@type":"Article","@id":"https:\/\/evertonfc.cz\/index.php\/2019\/05\/03\/holy-trinity-pred-goodison-parkem\/#article","isPartOf":{"@id":"https:\/\/evertonfc.cz\/index.php\/2019\/05\/03\/holy-trinity-pred-goodison-parkem\/"},"author":{"name":"Ri\u010di","@id":"https:\/\/evertonfc.cz\/#\/schema\/person\/f7a5daedb2ffee98480bc70e191aaef1"},"headline":"\u201eHoly Trinity\u201c p\u0159ed Goodison Parkem","datePublished":"2019-05-03T10:02:48+00:00","dateModified":"2019-05-13T09:35:50+00:00","mainEntityOfPage":{"@id":"https:\/\/evertonfc.cz\/index.php\/2019\/05\/03\/holy-trinity-pred-goodison-parkem\/"},"wordCount":398,"commentCount":0,"publisher":{"@id":"https:\/\/evertonfc.cz\/#organization"},"image":{"@id":"https:\/\/evertonfc.cz\/index.php\/2019\/05\/03\/holy-trinity-pred-goodison-parkem\/#primaryimage"},"thumbnailUrl":"https:\/\/evertonfc.cz\/wp-content\/uploads\/2019\/05\/holy_trinity_I_3_5_2019.jpg","articleSection":["Aktuality"],"inLanguage":"cs","potentialAction":[{"@type":"CommentAction","name":"Comment","target":["https:\/\/evertonfc.cz\/index.php\/2019\/05\/03\/holy-trinity-pred-goodison-parkem\/#respond"]}]},{"@type":"WebPage","@id":"https:\/\/evertonfc.cz\/index.php\/2019\/05\/03\/holy-trinity-pred-goodison-parkem\/","url":"https:\/\/evertonfc.cz\/index.php\/2019\/05\/03\/holy-trinity-pred-goodison-parkem\/","name":"\u201eHoly Trinity\u201c p\u0159ed Goodison Parkem - Official Czech &amp; Slovak Everton Supporters&#039; Club","isPartOf":{"@id":"https:\/\/evertonfc.cz\/#website"},"primaryImageOfPage":{"@id":"https:\/\/evertonfc.cz\/index.php\/2019\/05\/03\/holy-trinity-pred-goodison-parkem\/#primaryimage"},"image":{"@id":"https:\/\/evertonfc.cz\/index.php\/2019\/05\/03\/holy-trinity-pred-goodison-parkem\/#primaryimage"},"thumbnailUrl":"https:\/\/evertonfc.cz\/wp-content\/uploads\/2019\/05\/holy_trinity_I_3_5_2019.jpg","datePublished":"2019-05-03T10:02:48+00:00","dateModified":"2019-05-13T09:35:50+00:00","breadcrumb":{"@id":"https:\/\/evertonfc.cz\/index.php\/2019\/05\/03\/holy-trinity-pred-goodison-parkem\/#breadcrumb"},"inLanguage":"cs","potentialAction":[{"@type":"ReadAction","target":["https:\/\/evertonfc.cz\/index.php\/2019\/05\/03\/holy-trinity-pred-goodison-parkem\/"]}]},{"@type":"ImageObject","inLanguage":"cs","@id":"https:\/\/evertonfc.cz\/index.php\/2019\/05\/03\/holy-trinity-pred-goodison-parkem\/#primaryimage","url":"https:\/\/evertonfc.cz\/wp-content\/uploads\/2019\/05\/holy_trinity_I_3_5_2019.jpg","contentUrl":"https:\/\/evertonfc.cz\/wp-content\/uploads\/2019\/05\/holy_trinity_I_3_5_2019.jpg","width":720,"height":405},{"@type":"BreadcrumbList","@id":"https:\/\/evertonfc.cz\/index.php\/2019\/05\/03\/holy-trinity-pred-goodison-parkem\/#breadcrumb","itemListElement":[{"@type":"ListItem","position":1,"name":"Home","item":"https:\/\/evertonfc.cz\/"},{"@type":"ListItem","position":2,"name":"\u201eHoly Trinity\u201c p\u0159ed Goodison Parkem"}]},{"@type":"WebSite","@id":"https:\/\/evertonfc.cz\/#website","url":"https:\/\/evertonfc.cz\/","name":"Official Czech &amp; Slovak Everton Supporters&#039; Club","description":"","publisher":{"@id":"https:\/\/evertonfc.cz\/#organization"},"potentialAction":[{"@type":"SearchAction","target":{"@type":"EntryPoint","urlTemplate":"https:\/\/evertonfc.cz\/?s={search_term_string}"},"query-input":{"@type":"PropertyValueSpecification","valueRequired":true,"valueName":"search_term_string"}}],"inLanguage":"cs"},{"@type":"Organization","@id":"https:\/\/evertonfc.cz\/#organization","name":"Official Czech & Slovak Everton Supporters' Club","url":"https:\/\/evertonfc.cz\/","logo":{"@type":"ImageObject","inLanguage":"cs","@id":"https:\/\/evertonfc.cz\/#\/schema\/logo\/image\/","url":"https:\/\/evertonfc.cz\/wp-content\/uploads\/2019\/05\/logo.png","contentUrl":"https:\/\/evertonfc.cz\/wp-content\/uploads\/2019\/05\/logo.png","width":112,"height":112,"caption":"Official Czech & Slovak Everton Supporters' Club"},"image":{"@id":"https:\/\/evertonfc.cz\/#\/schema\/logo\/image\/"},"sameAs":["https:\/\/www.facebook.com\/everton.fans.cz.sk"]},{"@type":"Person","@id":"https:\/\/evertonfc.cz\/#\/schema\/person\/f7a5daedb2ffee98480bc70e191aaef1","name":"Ri\u010di","sameAs":["https:\/\/x.com\/rbrejsa"],"url":"https:\/\/evertonfc.cz\/index.php\/author\/rici\/"}]}},"_links":{"self":[{"href":"https:\/\/evertonfc.cz\/index.php\/wp-json\/wp\/v2\/posts\/7458"}],"collection":[{"href":"https:\/\/evertonfc.cz\/index.php\/wp-json\/wp\/v2\/posts"}],"about":[{"href":"https:\/\/evertonfc.cz\/index.php\/wp-json\/wp\/v2\/types\/post"}],"author":[{"embeddable":true,"href":"https:\/\/evertonfc.cz\/index.php\/wp-json\/wp\/v2\/users\/6"}],"replies":[{"embeddable":true,"href":"https:\/\/evertonfc.cz\/index.php\/wp-json\/wp\/v2\/comments?post=7458"}],"version-history":[{"count":20,"href":"https:\/\/evertonfc.cz\/index.php\/wp-json\/wp\/v2\/posts\/7458\/revisions"}],"predecessor-version":[{"id":7771,"href":"https:\/\/evertonfc.cz\/index.php\/wp-json\/wp\/v2\/posts\/7458\/revisions\/7771"}],"wp:featuredmedia":[{"embeddable":true,"href":"https:\/\/evertonfc.cz\/index.php\/wp-json\/wp\/v2\/media\/7668"}],"wp:attachment":[{"href":"https:\/\/evertonfc.cz\/index.php\/wp-json\/wp\/v2\/media?parent=7458"}],"wp:term":[{"taxonomy":"category","embeddable":true,"href":"https:\/\/evertonfc.cz\/index.php\/wp-json\/wp\/v2\/categories?post=7458"},{"taxonomy":"post_tag","embeddable":true,"href":"https:\/\/evertonfc.cz\/index.php\/wp-json\/wp\/v2\/tags?post=7458"}],"curies":[{"name":"wp","href":"https:\/\/api.w.org\/{rel}","templated":true}]}}