{"id":7473,"date":"2019-04-13T18:16:44","date_gmt":"2019-04-13T16:16:44","guid":{"rendered":"https:\/\/evertonfc.cz\/?p=7473"},"modified":"2019-04-13T18:28:19","modified_gmt":"2019-04-13T16:28:19","slug":"fulham-everton-2-0","status":"publish","type":"post","link":"https:\/\/evertonfc.cz\/index.php\/2019\/04\/13\/fulham-everton-2-0\/","title":{"rendered":"Fulham &#8211; Everton 2:0"},"content":{"rendered":"<h4>Je to nad\u011bje, kter\u00e1 v\u00e1s zab\u00edj\u00ed. Everton po s\u00e9rii t\u0159\u00ed vyhran\u00fdch z\u00e1pas\u016f podlehl ji\u017e sestupuj\u00edc\u00edmu Fulhamu, kter\u00fd naopak u\u0165al \u010dernou \u0161\u0148\u016fru dev\u00edti por\u00e1\u017eek v \u0159ad\u011b.<\/h4>\n<p>V\u00edt\u011bzn\u00e1 sestava se nem\u011bn\u00ed, a tak uzdraven\u00fd stoper Keane usedl jenom na lavi\u010dku n\u00e1hradn\u00edk\u016f a m\u00edsto v z\u00e1kladn\u00ed sestav\u011b si udr\u017eel kapit\u00e1n Jagielka, kter\u00fd p\u0159ed t\u00fddnem brankou rozhodl o v\u00fdh\u0159e nad Arsenalem.<\/p>\n<p>Na Craven Cottage ale zku\u0161en\u00fd obr\u00e1nce pro\u017e\u00edval o pozn\u00e1n\u00ed hor\u0161\u00ed duel. Dom\u00e1c\u00ed \u00fato\u010dn\u00edk Aleksandar Mitrovi\u0107 p\u016fsobil defenziv\u011b Toffees velk\u00e9 probl\u00e9my a byl to pr\u00e1v\u011b 36let\u00fd Jagielka, kter\u00e9ho Srb nachyt\u00e1val v nedbalk\u00e1ch nej\u010dast\u011bji. Nejbl\u00ed\u017ee k brance byl Mitrovi\u0107 ve 42. minut\u011b, kdy svou uta\u017eenou st\u0159elou oraz\u00edtkoval b\u0159evno.<\/p>\n<p>Everton byl v prvn\u00edm polo\u010dase o pozn\u00e1n\u00ed hor\u0161\u00edm t\u00fdmem. Za Cottagers zaost\u00e1val v nasazen\u00ed, pohybu i agresivit\u011b a slab\u00e9ho brank\u00e1\u0159e Rica ani po\u0159\u00e1dn\u011b neohrozil.<\/p>\n<p>T\u011b\u017eko \u0159\u00edct, jak vypadala polo\u010dasov\u00e1 p\u0159est\u00e1vka v kabin\u011b Toffees, jeliko\u017e otup\u011bl\u00fd v\u00fdkon z prvn\u00edho polo\u010dasu plynul pokra\u010doval i v \u00favodu druh\u00e9 p\u011bta\u010dty\u0159icetiminutovky. Fulham se zaslou\u017een\u011b ujal veden\u00ed u\u017e ve 46. minut\u011b. Babel se na lev\u00e9 stran\u011b a\u017e p\u0159\u00edli\u0161 snadno pro\u0161el do v\u00e1pna a p\u0159ipravil ide\u00e1ln\u00ed palebnou pozici pro Cairneyho, jen\u017e um\u00edst\u011bnou ranou k ty\u010di otev\u0159el sk\u00f3re \u2013 <strong>1:0<\/strong>.<\/p>\n<p>Toffees se po inkasovan\u00e9m g\u00f3lu kone\u010dn\u011b probrali a si vypracovali prvn\u00ed v\u00e1\u017en\u011bj\u0161\u00ed ohro\u017een\u00ed branky dom\u00e1c\u00edch. V 59. minut\u011b Sigurdsson perfektn\u011b uvolnil Calverta-Lewina, ale mlad\u00fd \u00fato\u010dn\u00edk ve stoprocentn\u00ed p\u0159\u00edle\u017eitosti nast\u0159elil jen ty\u010dku.<\/p>\n<p>Everton zahozen\u00e1 \u0161ance mrzela dvojn\u00e1sob, proto\u017ee o osm pozd\u011bji Mitrovi\u0107 na p\u016fl\u00edc\u00ed \u010d\u00e1\u0159e nastartoval Babela, jemu\u017e rychlostn\u011b nest\u00edhal Coleman, a b\u00fdval\u00fd hr\u00e1\u010d Liverpoolu sv\u016fj n\u00e1jezd na Pickforda zakon\u010dil p\u0159esn\u00fdm lobem \u2013 <strong>2:0<\/strong>. A\u017e dvoug\u00f3lov\u00e9 manko donutilo mana\u017eera Silvu ke st\u0159\u00edd\u00e1n\u00ed. Ademola Lookman nahradil Sigurdssona, kter\u00fd byl dnes pon\u011bkud nev\u00fdrazn\u00fd, p\u0159esto jeho kreativita mohla za nep\u0159\u00edzniv\u00e9ho stavu p\u0159ij\u00edt vhod. Gomes i Gueye, ji\u017e z\u016fstali na h\u0159i\u0161ti, nab\u00edzej\u00ed do ofenzivy o mnoho m\u00e9n\u011b ne\u017e Islan\u010fan.<\/p>\n<p>Rozhozen\u00ed host\u00e9 si ve zbytku st\u0159etnut\u00ed u\u017e nedok\u00e1zali vytvo\u0159it trvalej\u0161\u00ed tlak a zm\u011bnu nep\u0159ineslo ani dvojit\u00e9 st\u0159\u00eddan\u00ed, v n\u011bm\u017e Walcott a Tosun vym\u011bnili brazilsk\u00e9 duo Bernard, Richarlison.<\/p>\n<p>Toffees od prvn\u00ed minuty utk\u00e1n\u00ed na Craven Cottage tahali za krat\u0161\u00ed konec, nevych\u00e1zelo jim prakticky nic, proto nutno konstatovat, \u017ee p\u0159edposledn\u00edmu Fulhamu podlehli zaslou\u017een\u011b.<\/p>\n<p>Kdyby Everton ve 34. kole zv\u00edt\u011bzil, posko\u010dil by z dev\u00e1t\u00e9ho na sedm\u00e9 m\u00edsto, jeliko\u017e jeho v tabulce l\u00e9pe postaven\u00ed konkurenti Leicester a Wolverhampton Wanderers rovn\u011b\u017e prohr\u00e1li sv\u00e9 z\u00e1pasy. Na \u201ekdyby\u201c se ale ve fotbale nehraje a adekv\u00e1tn\u00ed odpov\u011bd\u00ed na dne\u0161n\u00ed nevyda\u0159en\u00fd z\u00e1pas je pouze tvrd\u00e1 pr\u00e1ce a zodpov\u011bdn\u00fd v\u00fdkon za t\u00fdden v dom\u00e1c\u00edm souboji s Manchesterem United.<\/p>\n<p><strong>Branky:<\/strong> 46. Tom Cairney, 69. Ryan Babel<\/p>\n<p><strong>\u017dK:<\/strong> 48. Tim Ream, 57. Maxime Le Marchand &#8211; 44. Richarlison<\/p>\n<p><strong>Fulham:<\/strong> Sergio Rico, Calum Chambers, Maxime Le Marchand, Tim Ream, Timothy Fosu-Mensah (65. Cyrus Christie), Ryan Sessegnon, Andr\u00e9-Frank Zambo (89. Dennis Odoi), Tom Cairney, Joe Bryan, Aleksandar Mitrovi\u0107, Ryan Babel (83. Jean Micha\u00ebl Seri)<\/p>\n<p><strong>Everton:<\/strong> Jordan Pickford, S\u00e9amus Coleman, Phil Jagielka, Kurt Zouma, Lucas Digne, Andr\u00e9 Gomes, Idrissa Gueye, Gylfi Sigurdsson (76. Ademola Lookman), Bernard (85. Theo Walcott), Dominic Calvert-Lewin, Richarlison (84. Cenk Tosun)<\/p>\n<p><strong>Rozhod\u010d\u00ed:<\/strong> Lee Probert<\/p>\n<p><strong>Div\u00e1ci:<\/strong> 24 971<\/p>\n","protected":false},"excerpt":{"rendered":"<p>Je to nad\u011bje, kter\u00e1 v\u00e1s zab\u00edj\u00ed. Everton po s\u00e9rii t\u0159\u00ed vyhran\u00fdch z\u00e1pas\u016f podlehl ji\u017e sestupuj\u00edc\u00edmu Fulhamu, kter\u00fd naopak u\u0165al \u010dernou \u0161\u0148\u016fru dev\u00edti por\u00e1\u017eek v \u0159ad\u011b.<\/p>\n","protected":false},"author":6,"featured_media":7472,"comment_status":"open","ping_status":"closed","sticky":false,"template":"","format":"standard","meta":{"_eb_attr":"","_monsterinsights_skip_tracking":false,"_monsterinsights_sitenote_active":false,"_monsterinsights_sitenote_note":"","_monsterinsights_sitenote_category":0,"footnotes":""},"categories":[4],"tags":[],"yoast_head":"<!-- This site is optimized with the Yoast SEO plugin v23.4 - https:\/\/yoast.com\/wordpress\/plugins\/seo\/ -->\n<title>Fulham - Everton 2:0 - Official Czech &amp; Slovak Everton Supporters&#039; Club<\/title>\n<meta name=\"robots\" content=\"index, follow, max-snippet:-1, max-image-preview:large, max-video-preview:-1\" \/>\n<link rel=\"canonical\" href=\"https:\/\/evertonfc.cz\/index.php\/2019\/04\/13\/fulham-everton-2-0\/\" \/>\n<meta property=\"og:locale\" content=\"cs_CZ\" \/>\n<meta property=\"og:type\" content=\"article\" \/>\n<meta property=\"og:title\" content=\"Fulham - Everton 2:0 - Official Czech &amp; Slovak Everton Supporters&#039; Club\" \/>\n<meta property=\"og:description\" content=\"Je to nad\u011bje, kter\u00e1 v\u00e1s zab\u00edj\u00ed. Everton po s\u00e9rii t\u0159\u00ed vyhran\u00fdch z\u00e1pas\u016f podlehl ji\u017e sestupuj\u00edc\u00edmu Fulhamu, kter\u00fd naopak u\u0165al \u010dernou \u0161\u0148\u016fru dev\u00edti por\u00e1\u017eek v \u0159ad\u011b.\" \/>\n<meta property=\"og:url\" content=\"https:\/\/evertonfc.cz\/index.php\/2019\/04\/13\/fulham-everton-2-0\/\" \/>\n<meta property=\"og:site_name\" content=\"Official Czech &amp; Slovak Everton Supporters&#039; Club\" \/>\n<meta property=\"article:publisher\" content=\"https:\/\/www.facebook.com\/everton.fans.cz.sk\" \/>\n<meta property=\"article:published_time\" content=\"2019-04-13T16:16:44+00:00\" \/>\n<meta property=\"article:modified_time\" content=\"2019-04-13T16:28:19+00:00\" \/>\n<meta property=\"og:image\" content=\"https:\/\/evertonfc.cz\/wp-content\/uploads\/2019\/04\/babel_13_3_2019.jpg\" \/>\n\t<meta property=\"og:image:width\" content=\"720\" \/>\n\t<meta property=\"og:image:height\" content=\"405\" \/>\n\t<meta property=\"og:image:type\" content=\"image\/jpeg\" \/>\n<meta name=\"author\" content=\"Ri\u010di\" \/>\n<meta name=\"twitter:card\" content=\"summary_large_image\" \/>\n<meta name=\"twitter:creator\" content=\"@rbrejsa\" \/>\n<meta name=\"twitter:label1\" content=\"Napsal(a)\" \/>\n\t<meta name=\"twitter:data1\" content=\"Ri\u010di\" \/>\n\t<meta name=\"twitter:label2\" content=\"Odhadovan\u00e1 doba \u010dten\u00ed\" \/>\n\t<meta name=\"twitter:data2\" content=\"3 minuty\" \/>\n<script type=\"application\/ld+json\" class=\"yoast-schema-graph\">{\"@context\":\"https:\/\/schema.org\",\"@graph\":[{\"@type\":\"Article\",\"@id\":\"https:\/\/evertonfc.cz\/index.php\/2019\/04\/13\/fulham-everton-2-0\/#article\",\"isPartOf\":{\"@id\":\"https:\/\/evertonfc.cz\/index.php\/2019\/04\/13\/fulham-everton-2-0\/\"},\"author\":{\"name\":\"Ri\u010di\",\"@id\":\"https:\/\/evertonfc.cz\/#\/schema\/person\/f7a5daedb2ffee98480bc70e191aaef1\"},\"headline\":\"Fulham &#8211; Everton 2:0\",\"datePublished\":\"2019-04-13T16:16:44+00:00\",\"dateModified\":\"2019-04-13T16:28:19+00:00\",\"mainEntityOfPage\":{\"@id\":\"https:\/\/evertonfc.cz\/index.php\/2019\/04\/13\/fulham-everton-2-0\/\"},\"wordCount\":624,\"commentCount\":11,\"publisher\":{\"@id\":\"https:\/\/evertonfc.cz\/#organization\"},\"image\":{\"@id\":\"https:\/\/evertonfc.cz\/index.php\/2019\/04\/13\/fulham-everton-2-0\/#primaryimage\"},\"thumbnailUrl\":\"https:\/\/evertonfc.cz\/wp-content\/uploads\/2019\/04\/babel_13_3_2019.jpg\",\"articleSection\":[\"Z\u00e1pasy\"],\"inLanguage\":\"cs\",\"potentialAction\":[{\"@type\":\"CommentAction\",\"name\":\"Comment\",\"target\":[\"https:\/\/evertonfc.cz\/index.php\/2019\/04\/13\/fulham-everton-2-0\/#respond\"]}]},{\"@type\":\"WebPage\",\"@id\":\"https:\/\/evertonfc.cz\/index.php\/2019\/04\/13\/fulham-everton-2-0\/\",\"url\":\"https:\/\/evertonfc.cz\/index.php\/2019\/04\/13\/fulham-everton-2-0\/\",\"name\":\"Fulham - Everton 2:0 - Official Czech &amp; Slovak Everton Supporters&#039; Club\",\"isPartOf\":{\"@id\":\"https:\/\/evertonfc.cz\/#website\"},\"primaryImageOfPage\":{\"@id\":\"https:\/\/evertonfc.cz\/index.php\/2019\/04\/13\/fulham-everton-2-0\/#primaryimage\"},\"image\":{\"@id\":\"https:\/\/evertonfc.cz\/index.php\/2019\/04\/13\/fulham-everton-2-0\/#primaryimage\"},\"thumbnailUrl\":\"https:\/\/evertonfc.cz\/wp-content\/uploads\/2019\/04\/babel_13_3_2019.jpg\",\"datePublished\":\"2019-04-13T16:16:44+00:00\",\"dateModified\":\"2019-04-13T16:28:19+00:00\",\"breadcrumb\":{\"@id\":\"https:\/\/evertonfc.cz\/index.php\/2019\/04\/13\/fulham-everton-2-0\/#breadcrumb\"},\"inLanguage\":\"cs\",\"potentialAction\":[{\"@type\":\"ReadAction\",\"target\":[\"https:\/\/evertonfc.cz\/index.php\/2019\/04\/13\/fulham-everton-2-0\/\"]}]},{\"@type\":\"ImageObject\",\"inLanguage\":\"cs\",\"@id\":\"https:\/\/evertonfc.cz\/index.php\/2019\/04\/13\/fulham-everton-2-0\/#primaryimage\",\"url\":\"https:\/\/evertonfc.cz\/wp-content\/uploads\/2019\/04\/babel_13_3_2019.jpg\",\"contentUrl\":\"https:\/\/evertonfc.cz\/wp-content\/uploads\/2019\/04\/babel_13_3_2019.jpg\",\"width\":720,\"height\":405},{\"@type\":\"BreadcrumbList\",\"@id\":\"https:\/\/evertonfc.cz\/index.php\/2019\/04\/13\/fulham-everton-2-0\/#breadcrumb\",\"itemListElement\":[{\"@type\":\"ListItem\",\"position\":1,\"name\":\"Home\",\"item\":\"https:\/\/evertonfc.cz\/\"},{\"@type\":\"ListItem\",\"position\":2,\"name\":\"Fulham &#8211; Everton 2:0\"}]},{\"@type\":\"WebSite\",\"@id\":\"https:\/\/evertonfc.cz\/#website\",\"url\":\"https:\/\/evertonfc.cz\/\",\"name\":\"Official Czech &amp; Slovak Everton Supporters&#039; Club\",\"description\":\"\",\"publisher\":{\"@id\":\"https:\/\/evertonfc.cz\/#organization\"},\"potentialAction\":[{\"@type\":\"SearchAction\",\"target\":{\"@type\":\"EntryPoint\",\"urlTemplate\":\"https:\/\/evertonfc.cz\/?s={search_term_string}\"},\"query-input\":{\"@type\":\"PropertyValueSpecification\",\"valueRequired\":true,\"valueName\":\"search_term_string\"}}],\"inLanguage\":\"cs\"},{\"@type\":\"Organization\",\"@id\":\"https:\/\/evertonfc.cz\/#organization\",\"name\":\"Official Czech & Slovak Everton Supporters' Club\",\"url\":\"https:\/\/evertonfc.cz\/\",\"logo\":{\"@type\":\"ImageObject\",\"inLanguage\":\"cs\",\"@id\":\"https:\/\/evertonfc.cz\/#\/schema\/logo\/image\/\",\"url\":\"https:\/\/evertonfc.cz\/wp-content\/uploads\/2019\/05\/logo.png\",\"contentUrl\":\"https:\/\/evertonfc.cz\/wp-content\/uploads\/2019\/05\/logo.png\",\"width\":112,\"height\":112,\"caption\":\"Official Czech & Slovak Everton Supporters' Club\"},\"image\":{\"@id\":\"https:\/\/evertonfc.cz\/#\/schema\/logo\/image\/\"},\"sameAs\":[\"https:\/\/www.facebook.com\/everton.fans.cz.sk\"]},{\"@type\":\"Person\",\"@id\":\"https:\/\/evertonfc.cz\/#\/schema\/person\/f7a5daedb2ffee98480bc70e191aaef1\",\"name\":\"Ri\u010di\",\"sameAs\":[\"https:\/\/x.com\/rbrejsa\"],\"url\":\"https:\/\/evertonfc.cz\/index.php\/author\/rici\/\"}]}<\/script>\n<!-- \/ Yoast SEO plugin. -->","yoast_head_json":{"title":"Fulham - Everton 2:0 - Official Czech &amp; Slovak Everton Supporters&#039; Club","robots":{"index":"index","follow":"follow","max-snippet":"max-snippet:-1","max-image-preview":"max-image-preview:large","max-video-preview":"max-video-preview:-1"},"canonical":"https:\/\/evertonfc.cz\/index.php\/2019\/04\/13\/fulham-everton-2-0\/","og_locale":"cs_CZ","og_type":"article","og_title":"Fulham - Everton 2:0 - Official Czech &amp; Slovak Everton Supporters&#039; Club","og_description":"Je to nad\u011bje, kter\u00e1 v\u00e1s zab\u00edj\u00ed. Everton po s\u00e9rii t\u0159\u00ed vyhran\u00fdch z\u00e1pas\u016f podlehl ji\u017e sestupuj\u00edc\u00edmu Fulhamu, kter\u00fd naopak u\u0165al \u010dernou \u0161\u0148\u016fru dev\u00edti por\u00e1\u017eek v \u0159ad\u011b.","og_url":"https:\/\/evertonfc.cz\/index.php\/2019\/04\/13\/fulham-everton-2-0\/","og_site_name":"Official Czech &amp; Slovak Everton Supporters&#039; Club","article_publisher":"https:\/\/www.facebook.com\/everton.fans.cz.sk","article_published_time":"2019-04-13T16:16:44+00:00","article_modified_time":"2019-04-13T16:28:19+00:00","og_image":[{"width":720,"height":405,"url":"https:\/\/evertonfc.cz\/wp-content\/uploads\/2019\/04\/babel_13_3_2019.jpg","type":"image\/jpeg"}],"author":"Ri\u010di","twitter_card":"summary_large_image","twitter_creator":"@rbrejsa","twitter_misc":{"Napsal(a)":"Ri\u010di","Odhadovan\u00e1 doba \u010dten\u00ed":"3 minuty"},"schema":{"@context":"https:\/\/schema.org","@graph":[{"@type":"Article","@id":"https:\/\/evertonfc.cz\/index.php\/2019\/04\/13\/fulham-everton-2-0\/#article","isPartOf":{"@id":"https:\/\/evertonfc.cz\/index.php\/2019\/04\/13\/fulham-everton-2-0\/"},"author":{"name":"Ri\u010di","@id":"https:\/\/evertonfc.cz\/#\/schema\/person\/f7a5daedb2ffee98480bc70e191aaef1"},"headline":"Fulham &#8211; Everton 2:0","datePublished":"2019-04-13T16:16:44+00:00","dateModified":"2019-04-13T16:28:19+00:00","mainEntityOfPage":{"@id":"https:\/\/evertonfc.cz\/index.php\/2019\/04\/13\/fulham-everton-2-0\/"},"wordCount":624,"commentCount":11,"publisher":{"@id":"https:\/\/evertonfc.cz\/#organization"},"image":{"@id":"https:\/\/evertonfc.cz\/index.php\/2019\/04\/13\/fulham-everton-2-0\/#primaryimage"},"thumbnailUrl":"https:\/\/evertonfc.cz\/wp-content\/uploads\/2019\/04\/babel_13_3_2019.jpg","articleSection":["Z\u00e1pasy"],"inLanguage":"cs","potentialAction":[{"@type":"CommentAction","name":"Comment","target":["https:\/\/evertonfc.cz\/index.php\/2019\/04\/13\/fulham-everton-2-0\/#respond"]}]},{"@type":"WebPage","@id":"https:\/\/evertonfc.cz\/index.php\/2019\/04\/13\/fulham-everton-2-0\/","url":"https:\/\/evertonfc.cz\/index.php\/2019\/04\/13\/fulham-everton-2-0\/","name":"Fulham - Everton 2:0 - Official Czech &amp; Slovak Everton Supporters&#039; Club","isPartOf":{"@id":"https:\/\/evertonfc.cz\/#website"},"primaryImageOfPage":{"@id":"https:\/\/evertonfc.cz\/index.php\/2019\/04\/13\/fulham-everton-2-0\/#primaryimage"},"image":{"@id":"https:\/\/evertonfc.cz\/index.php\/2019\/04\/13\/fulham-everton-2-0\/#primaryimage"},"thumbnailUrl":"https:\/\/evertonfc.cz\/wp-content\/uploads\/2019\/04\/babel_13_3_2019.jpg","datePublished":"2019-04-13T16:16:44+00:00","dateModified":"2019-04-13T16:28:19+00:00","breadcrumb":{"@id":"https:\/\/evertonfc.cz\/index.php\/2019\/04\/13\/fulham-everton-2-0\/#breadcrumb"},"inLanguage":"cs","potentialAction":[{"@type":"ReadAction","target":["https:\/\/evertonfc.cz\/index.php\/2019\/04\/13\/fulham-everton-2-0\/"]}]},{"@type":"ImageObject","inLanguage":"cs","@id":"https:\/\/evertonfc.cz\/index.php\/2019\/04\/13\/fulham-everton-2-0\/#primaryimage","url":"https:\/\/evertonfc.cz\/wp-content\/uploads\/2019\/04\/babel_13_3_2019.jpg","contentUrl":"https:\/\/evertonfc.cz\/wp-content\/uploads\/2019\/04\/babel_13_3_2019.jpg","width":720,"height":405},{"@type":"BreadcrumbList","@id":"https:\/\/evertonfc.cz\/index.php\/2019\/04\/13\/fulham-everton-2-0\/#breadcrumb","itemListElement":[{"@type":"ListItem","position":1,"name":"Home","item":"https:\/\/evertonfc.cz\/"},{"@type":"ListItem","position":2,"name":"Fulham &#8211; Everton 2:0"}]},{"@type":"WebSite","@id":"https:\/\/evertonfc.cz\/#website","url":"https:\/\/evertonfc.cz\/","name":"Official Czech &amp; Slovak Everton Supporters&#039; Club","description":"","publisher":{"@id":"https:\/\/evertonfc.cz\/#organization"},"potentialAction":[{"@type":"SearchAction","target":{"@type":"EntryPoint","urlTemplate":"https:\/\/evertonfc.cz\/?s={search_term_string}"},"query-input":{"@type":"PropertyValueSpecification","valueRequired":true,"valueName":"search_term_string"}}],"inLanguage":"cs"},{"@type":"Organization","@id":"https:\/\/evertonfc.cz\/#organization","name":"Official Czech & Slovak Everton Supporters' Club","url":"https:\/\/evertonfc.cz\/","logo":{"@type":"ImageObject","inLanguage":"cs","@id":"https:\/\/evertonfc.cz\/#\/schema\/logo\/image\/","url":"https:\/\/evertonfc.cz\/wp-content\/uploads\/2019\/05\/logo.png","contentUrl":"https:\/\/evertonfc.cz\/wp-content\/uploads\/2019\/05\/logo.png","width":112,"height":112,"caption":"Official Czech & Slovak Everton Supporters' Club"},"image":{"@id":"https:\/\/evertonfc.cz\/#\/schema\/logo\/image\/"},"sameAs":["https:\/\/www.facebook.com\/everton.fans.cz.sk"]},{"@type":"Person","@id":"https:\/\/evertonfc.cz\/#\/schema\/person\/f7a5daedb2ffee98480bc70e191aaef1","name":"Ri\u010di","sameAs":["https:\/\/x.com\/rbrejsa"],"url":"https:\/\/evertonfc.cz\/index.php\/author\/rici\/"}]}},"_links":{"self":[{"href":"https:\/\/evertonfc.cz\/index.php\/wp-json\/wp\/v2\/posts\/7473"}],"collection":[{"href":"https:\/\/evertonfc.cz\/index.php\/wp-json\/wp\/v2\/posts"}],"about":[{"href":"https:\/\/evertonfc.cz\/index.php\/wp-json\/wp\/v2\/types\/post"}],"author":[{"embeddable":true,"href":"https:\/\/evertonfc.cz\/index.php\/wp-json\/wp\/v2\/users\/6"}],"replies":[{"embeddable":true,"href":"https:\/\/evertonfc.cz\/index.php\/wp-json\/wp\/v2\/comments?post=7473"}],"version-history":[{"count":7,"href":"https:\/\/evertonfc.cz\/index.php\/wp-json\/wp\/v2\/posts\/7473\/revisions"}],"predecessor-version":[{"id":7481,"href":"https:\/\/evertonfc.cz\/index.php\/wp-json\/wp\/v2\/posts\/7473\/revisions\/7481"}],"wp:featuredmedia":[{"embeddable":true,"href":"https:\/\/evertonfc.cz\/index.php\/wp-json\/wp\/v2\/media\/7472"}],"wp:attachment":[{"href":"https:\/\/evertonfc.cz\/index.php\/wp-json\/wp\/v2\/media?parent=7473"}],"wp:term":[{"taxonomy":"category","embeddable":true,"href":"https:\/\/evertonfc.cz\/index.php\/wp-json\/wp\/v2\/categories?post=7473"},{"taxonomy":"post_tag","embeddable":true,"href":"https:\/\/evertonfc.cz\/index.php\/wp-json\/wp\/v2\/tags?post=7473"}],"curies":[{"name":"wp","href":"https:\/\/api.w.org\/{rel}","templated":true}]}}