{"id":7486,"date":"2019-04-15T14:10:20","date_gmt":"2019-04-15T12:10:20","guid":{"rendered":"https:\/\/evertonfc.cz\/?p=7486"},"modified":"2020-04-27T14:04:05","modified_gmt":"2020-04-27T12:04:05","slug":"jagielka-v-neistej-situacii","status":"publish","type":"post","link":"https:\/\/evertonfc.cz\/index.php\/2019\/04\/15\/jagielka-v-neistej-situacii\/","title":{"rendered":"Jagielka v neistej situ\u00e1cii"},"content":{"rendered":"<h4 style=\"background: white;\"><span lang=\"SK\">Veter\u00e1n klubu, hraj\u00faci v kr\u00e1\u013eovskej modrej u\u017e dvan\u00e1sty rok, sa pravdepodobne bl\u00ed\u017ei ku koncu svojho dobrodru\u017estva s Karamelkami. M\u00e1 pokra\u010dova\u0165?<\/span><\/h4>\n<p>Bol to jeden z\u00a0najlep\u0161\u00edch prestupov Davida Moyesa. Podpis hr\u00e1\u010da sez\u00f3ny zost\u00fapen\u00e9ho Sheffieldu United. Na ve\u013emi dlh\u00fd \u010das jeden z\u00a0neod\u0161kriepite\u013en\u00fdch stavebn\u00fdch kame\u0148ov z\u00e1kladnej zostavy. Reprezentant Albionu na Majstrovstv\u00e1ch sveta. Kapit\u00e1n Evertonu. To v\u0161etko bol. Preto\u017ee \u010das sa ned\u00e1 zastavi\u0165 a\u00a0jeho ne\u00faprosn\u00e9 pr\u00edznaky plynutia s\u00fa v\u0161ade badate\u013en\u00e9. Aj na \u201eJagsovi\u201c, ako tohto univerz\u00e1la v\u00a0\u0161atni volaj\u00fa.<\/p>\n<p>Samozrejme, st\u00e1le m\u00e1 v\u0161ak \u010do pon\u00faknu\u0165. Na ihrisku je to neotrasite\u013en\u00fd l\u00edder, hoci menej vok\u00e1lny, ktor\u00fd vynikaj\u00faco diriguje cel\u00fa obrann\u00fa l\u00edniu. A to prakticky najlep\u0161ie zo v\u0161etk\u00fdch. Takisto v \u0161atni je jeden z prv\u00fdch, kto sa nev\u00e1ha podrobi\u0165 kritike a nesmieme zabudn\u00fa\u0165 na jeho \u010fal\u0161\u00ed pr\u00ednos. Ten sa t\u00fdka nov\u00fdch tv\u00e1ri, ktor\u00e9 spolo\u010dne s Bainesom iniciat\u00edvne integruj\u00fa do t\u00edmu. Podot\u00fdkam, \u00faspe\u0161ne.<\/p>\n<p>Zauj\u00edmavou \u0161tatistikou sa jav\u00ed fakt, \u017ee s Jagielkom na ihrisku Everton v tomto ro\u010dn\u00edku Premier League e\u0161te neinkasoval g\u00f3l. Ale aj to je u\u017e minulos\u0165, ke\u010f\u017ee posledn\u00fd z\u00e1pas s Fulhamom prehrali Toffees vonku 2:0. A bohu\u017eia\u013e, kapit\u00e1n pri tom zohral nemil\u00fa \u00falohu, ako jedna z pr\u00ed\u010din inkasovan\u00fdch g\u00f3lov. Tomu sa ale budeme zvl\u00e1\u0161\u0165 venova\u0165 v samostatnom \u010dl\u00e1nku hodnotenia hr\u00e1\u010dov po inkriminovanej prehre.<\/p>\n<h4>Pre\u010do nehr\u00e1va?<\/h4>\n<p>T\u00e1to sez\u00f3na zaznamenala v\u00fdrazn\u00fd prepad v jeho vy\u0165a\u017eenosti a nedeje sa tak iba n\u00e1hodou. Okrem meniacej sa kostry t\u00edmu, ktorou obe\u0165ou je mimochodom aj Phil, sa do \u00favahy berie aj klesaj\u00faca v\u00fdkonnos\u0165 spolo\u010dne so zraneniami. Najm\u00e4 tie sa v poslednej dobe st\u00e1vaj\u00fa \u010doraz pravidelnej\u0161ou s\u00fa\u010das\u0165ou jeho \u0161portov\u00e9ho \u017eivota. Ale ako som spomenul, nie len kv\u00f4li nim nahromadil tento ro\u010dn\u00edk chab\u00fa minut\u00e1\u017e, len na hodnote 324.<\/p>\n<p>To je v porovnan\u00ed s in\u00fdmi sez\u00f3nami v priemere o 2000 min\u00fat menej. Fyzick\u00e9 atrib\u00faty sa s prib\u00fadaj\u00facim vekom nezvy\u0161uj\u00fa a kde Jagielka predt\u00fdm tieto nedostatky maskoval sk\u00fasenos\u0165ami a \u010d\u00edtan\u00edm hry, v poslednom \u010dase sa objavuj\u00fa aj tak\u00e9to chybi\u010dky. A to pr\u00e1ve kv\u00f4li nedostatku hernej praxe. V nej mu neust\u00e1le br\u00e1nia drobn\u00e9, opakuj\u00face sa zranenia, ktor\u00e9 sa vedia \u0165aha\u0165 aj dlh\u0161iu dobu.<\/p>\n<p>A\u017e 27 z\u00e1pasov v tejto sez\u00f3ne vynechal, \u010di u\u017e pre zranenie, kartov\u00fd trest, alebo nezahrnutie do z\u00e1pasovej zostavy. To sa zd\u00e1 pr\u00edli\u0161 ve\u013ea na hr\u00e1\u010da, ktor\u00fd berie 50 tis\u00edc libier t\u00fd\u017edenne bez \u017eiadnej perspekt\u00edvy do bud\u00facnosti a takmer \u017eiadnej vy\u0165a\u017eenosti. Ak by Everton v bud\u00facej sez\u00f3ne nehral \u017eiaden kontinent\u00e1lny poh\u00e1r, tento fakt sa jednoducho mus\u00ed bra\u0165 do \u00favahy.<\/p>\n<p>Kapit\u00e1n Karameliek ale aj tak st\u00e1le nevie, kam poved\u00fa jeho kroky po skon\u010den\u00ed tejto sez\u00f3ny. Platnos\u0165 jeho aktu\u00e1lnej zmluvy vypr\u0161\u00ed na konci j\u00fana, a pod\u013ea vlastn\u00fdch slov, klub sa st\u00e1le nevyjadril, \u010di mu pon\u00fakne nov\u00fd kontrakt, alebo sa stane v lete vo\u013en\u00fdm hr\u00e1\u010dom. A to aj napriek tomu, \u017ee sa jeho agent u\u017e stretol s veden\u00edm klubu minul\u00fd piatok.<\/p>\n<h4><em>Phil Jagielka:<\/em><\/h4>\n<blockquote><p><em>\u201eKa\u017ed\u00fd by to chcel vedie\u0165 tak skoro, ako sa len d\u00e1. M\u00e1me ve\u013ea hr\u00e1\u010dov na hos\u0165ovaniach a o ve\u013ea hr\u00e1\u010dov sa zauj\u00edmame, \u010di\u017ee som si ist\u00fd, \u017ee v lete prebehne \u010fal\u0161ia ve\u013ek\u00e1 obmena. Mus\u00edm by\u0165 trpezliv\u00fd. R\u00e1d by som po\u010dul nie\u010do konkr\u00e9tne u\u017e v\u010dera, ale samozrejme, nelipnem na tom. Ide o to, zmieri\u0165 sa s vecami d\u00fafaj\u00fac, \u017ee sa to dozviem sk\u00f4r ako nesk\u00f4r.\u201c<\/em><\/p><\/blockquote>\n<p>Taktie\u017e fan\u00fa\u0161ikovia by predsa len uv\u00edtali jasnej\u0161iu situ\u00e1ciu. Ur\u010dite by sme neradi videli zopakovanie okolnost\u00ed spred p\u00e1r rokov, kedy sme videli odch\u00e1dza\u0165 ikony ako Osman s Hibbertom, len ako oznam na listine prepusten\u00fdch hr\u00e1\u010dov. T\u00ed dokopy verne sl\u00fa\u017eili Toffees po 28 rokov. Tak\u00fdto pr\u00edstup bol ve\u013ek\u00fdm sklaman\u00edm a pod\u013ea ich tvrden\u00ed o tom boli informovan\u00ed len formou SMS spr\u00e1vy, aj to od ich priate\u013eov:<\/p>\n<h4>Leon Osman:<\/h4>\n<blockquote><p><em>\u201eZavolal mi, \u017ee tomu nem\u00f4\u017ee uveri\u0165. Ja som sa potom pozrel na str\u00e1nku a bolo tam, \u017ee som bol prepusten\u00fd. Takto som sa o tom dozvedel. O p\u00e1r t\u00fd\u017ed\u0148ov nesk\u00f4r som dostal telefon\u00e1t od predsedu (Bill Kenwright). Poprial mi v\u0161etko dobr\u00e9 do bud\u00facna. <\/em><em>Mali sme pekn\u00fd rozhovor, \u010do bolo<\/em>, <em>mus\u00edm prizna\u0165, omnoho lep\u0161ie<\/em><em>.\u201c<\/em><\/p><\/blockquote>\n<p>Pre 36 ro\u010dn\u00e9ho stredn\u00e9ho obrancu je to teda vcelku z\u00fafal\u00e1 situ\u00e1cia. V jeho veku si nem\u00f4\u017ee dovoli\u0165 zdr\u017eiava\u0165 z\u00e1ujemcov o jeho slu\u017eby, najm\u00e4 ak je v neistote a nedostatku hern\u00e9ho vy\u0165a\u017eenia. Rovnako tak vynecha\u0165 letn\u00fa pr\u00edpravu, ak by si n\u00e1hodou nov\u00e9ho zamestn\u00e1vate\u013ea na\u0161iel. A neskor\u00e9 rokovania s t\u00fdm s\u00fa\u010dasn\u00fdm k tomu m\u00f4\u017eu v\u00fdrazne prispie\u0165.<\/p>\n<p>Nie je v\u0161ak s\u00e1m. Ani 34 ro\u010dn\u00e9mu Bainesovi sa nov\u00e1 zmluva zatia\u013e nepredostrela a\u00a0ost\u00e1va tak ot\u00e1zne, ako bude vedenie postupova\u0165 pri klubov\u00fdch ikon\u00e1ch toto leto v\u00a0znamen\u00ed o\u010disty. Mana\u017e\u00e9r Silva sa vyjadril, \u017ee v\u00a0ot\u00e1zke nov\u00fdch kontraktov bude pristupova\u0165 a\u017e po skon\u010den\u00ed aktu\u00e1lnej sez\u00f3ny, nie sk\u00f4r. To m\u00f4\u017ee, aj nemus\u00ed by\u0165 pre niekoho neskoro.<\/p>\n","protected":false},"excerpt":{"rendered":"<p>Veter\u00e1n klubu, hraj\u00faci v kr\u00e1\u013eovskej modrej u\u017e dvan\u00e1sty rok, sa pravdepodobne bl\u00ed\u017ei ku koncu svojho dobrodru\u017estva s Karamelkami. M\u00e1 pokra\u010dova\u0165?<\/p>\n","protected":false},"author":1,"featured_media":7487,"comment_status":"open","ping_status":"closed","sticky":false,"template":"","format":"standard","meta":{"_eb_attr":"","_monsterinsights_skip_tracking":false,"_monsterinsights_sitenote_active":false,"_monsterinsights_sitenote_note":"","_monsterinsights_sitenote_category":0,"footnotes":""},"categories":[39],"tags":[],"yoast_head":"<!-- This site is optimized with the Yoast SEO plugin v23.4 - https:\/\/yoast.com\/wordpress\/plugins\/seo\/ -->\n<title>Jagielka v neistej situ\u00e1cii - Official Czech &amp; Slovak Everton Supporters&#039; Club<\/title>\n<meta name=\"robots\" content=\"index, follow, max-snippet:-1, max-image-preview:large, max-video-preview:-1\" \/>\n<link rel=\"canonical\" href=\"https:\/\/evertonfc.cz\/index.php\/2019\/04\/15\/jagielka-v-neistej-situacii\/\" \/>\n<meta property=\"og:locale\" content=\"cs_CZ\" \/>\n<meta property=\"og:type\" content=\"article\" \/>\n<meta property=\"og:title\" content=\"Jagielka v neistej situ\u00e1cii - Official Czech &amp; Slovak Everton Supporters&#039; Club\" \/>\n<meta property=\"og:description\" content=\"Veter\u00e1n klubu, hraj\u00faci v kr\u00e1\u013eovskej modrej u\u017e dvan\u00e1sty rok, sa pravdepodobne bl\u00ed\u017ei ku koncu svojho dobrodru\u017estva s Karamelkami. M\u00e1 pokra\u010dova\u0165?\" \/>\n<meta property=\"og:url\" content=\"https:\/\/evertonfc.cz\/index.php\/2019\/04\/15\/jagielka-v-neistej-situacii\/\" \/>\n<meta property=\"og:site_name\" content=\"Official Czech &amp; Slovak Everton Supporters&#039; Club\" \/>\n<meta property=\"article:publisher\" content=\"https:\/\/www.facebook.com\/everton.fans.cz.sk\" \/>\n<meta property=\"article:published_time\" content=\"2019-04-15T12:10:20+00:00\" \/>\n<meta property=\"article:modified_time\" content=\"2020-04-27T12:04:05+00:00\" \/>\n<meta property=\"og:image\" content=\"https:\/\/evertonfc.cz\/wp-content\/uploads\/2019\/04\/phil-jagielka-.jpg\" \/>\n\t<meta property=\"og:image:width\" content=\"720\" \/>\n\t<meta property=\"og:image:height\" content=\"405\" \/>\n\t<meta property=\"og:image:type\" content=\"image\/jpeg\" \/>\n<meta name=\"author\" content=\"BlueBlooded\" \/>\n<meta name=\"twitter:card\" content=\"summary_large_image\" \/>\n<meta name=\"twitter:label1\" content=\"Napsal(a)\" \/>\n\t<meta name=\"twitter:data1\" content=\"BlueBlooded\" \/>\n\t<meta name=\"twitter:label2\" content=\"Odhadovan\u00e1 doba \u010dten\u00ed\" \/>\n\t<meta name=\"twitter:data2\" content=\"5 minut\" \/>\n<script type=\"application\/ld+json\" class=\"yoast-schema-graph\">{\"@context\":\"https:\/\/schema.org\",\"@graph\":[{\"@type\":\"Article\",\"@id\":\"https:\/\/evertonfc.cz\/index.php\/2019\/04\/15\/jagielka-v-neistej-situacii\/#article\",\"isPartOf\":{\"@id\":\"https:\/\/evertonfc.cz\/index.php\/2019\/04\/15\/jagielka-v-neistej-situacii\/\"},\"author\":{\"name\":\"BlueBlooded\",\"@id\":\"https:\/\/evertonfc.cz\/#\/schema\/person\/d4493b8cbea51532597fbc4685698916\"},\"headline\":\"Jagielka v neistej situ\u00e1cii\",\"datePublished\":\"2019-04-15T12:10:20+00:00\",\"dateModified\":\"2020-04-27T12:04:05+00:00\",\"mainEntityOfPage\":{\"@id\":\"https:\/\/evertonfc.cz\/index.php\/2019\/04\/15\/jagielka-v-neistej-situacii\/\"},\"wordCount\":961,\"commentCount\":4,\"publisher\":{\"@id\":\"https:\/\/evertonfc.cz\/#organization\"},\"image\":{\"@id\":\"https:\/\/evertonfc.cz\/index.php\/2019\/04\/15\/jagielka-v-neistej-situacii\/#primaryimage\"},\"thumbnailUrl\":\"https:\/\/evertonfc.cz\/wp-content\/uploads\/2019\/04\/phil-jagielka-.jpg\",\"articleSection\":[\"Blog\"],\"inLanguage\":\"cs\",\"potentialAction\":[{\"@type\":\"CommentAction\",\"name\":\"Comment\",\"target\":[\"https:\/\/evertonfc.cz\/index.php\/2019\/04\/15\/jagielka-v-neistej-situacii\/#respond\"]}]},{\"@type\":\"WebPage\",\"@id\":\"https:\/\/evertonfc.cz\/index.php\/2019\/04\/15\/jagielka-v-neistej-situacii\/\",\"url\":\"https:\/\/evertonfc.cz\/index.php\/2019\/04\/15\/jagielka-v-neistej-situacii\/\",\"name\":\"Jagielka v neistej situ\u00e1cii - Official Czech &amp; Slovak Everton Supporters&#039; Club\",\"isPartOf\":{\"@id\":\"https:\/\/evertonfc.cz\/#website\"},\"primaryImageOfPage\":{\"@id\":\"https:\/\/evertonfc.cz\/index.php\/2019\/04\/15\/jagielka-v-neistej-situacii\/#primaryimage\"},\"image\":{\"@id\":\"https:\/\/evertonfc.cz\/index.php\/2019\/04\/15\/jagielka-v-neistej-situacii\/#primaryimage\"},\"thumbnailUrl\":\"https:\/\/evertonfc.cz\/wp-content\/uploads\/2019\/04\/phil-jagielka-.jpg\",\"datePublished\":\"2019-04-15T12:10:20+00:00\",\"dateModified\":\"2020-04-27T12:04:05+00:00\",\"breadcrumb\":{\"@id\":\"https:\/\/evertonfc.cz\/index.php\/2019\/04\/15\/jagielka-v-neistej-situacii\/#breadcrumb\"},\"inLanguage\":\"cs\",\"potentialAction\":[{\"@type\":\"ReadAction\",\"target\":[\"https:\/\/evertonfc.cz\/index.php\/2019\/04\/15\/jagielka-v-neistej-situacii\/\"]}]},{\"@type\":\"ImageObject\",\"inLanguage\":\"cs\",\"@id\":\"https:\/\/evertonfc.cz\/index.php\/2019\/04\/15\/jagielka-v-neistej-situacii\/#primaryimage\",\"url\":\"https:\/\/evertonfc.cz\/wp-content\/uploads\/2019\/04\/phil-jagielka-.jpg\",\"contentUrl\":\"https:\/\/evertonfc.cz\/wp-content\/uploads\/2019\/04\/phil-jagielka-.jpg\",\"width\":720,\"height\":405},{\"@type\":\"BreadcrumbList\",\"@id\":\"https:\/\/evertonfc.cz\/index.php\/2019\/04\/15\/jagielka-v-neistej-situacii\/#breadcrumb\",\"itemListElement\":[{\"@type\":\"ListItem\",\"position\":1,\"name\":\"Home\",\"item\":\"https:\/\/evertonfc.cz\/\"},{\"@type\":\"ListItem\",\"position\":2,\"name\":\"Jagielka v neistej situ\u00e1cii\"}]},{\"@type\":\"WebSite\",\"@id\":\"https:\/\/evertonfc.cz\/#website\",\"url\":\"https:\/\/evertonfc.cz\/\",\"name\":\"Official Czech &amp; Slovak Everton Supporters&#039; Club\",\"description\":\"\",\"publisher\":{\"@id\":\"https:\/\/evertonfc.cz\/#organization\"},\"potentialAction\":[{\"@type\":\"SearchAction\",\"target\":{\"@type\":\"EntryPoint\",\"urlTemplate\":\"https:\/\/evertonfc.cz\/?s={search_term_string}\"},\"query-input\":{\"@type\":\"PropertyValueSpecification\",\"valueRequired\":true,\"valueName\":\"search_term_string\"}}],\"inLanguage\":\"cs\"},{\"@type\":\"Organization\",\"@id\":\"https:\/\/evertonfc.cz\/#organization\",\"name\":\"Official Czech & Slovak Everton Supporters' Club\",\"url\":\"https:\/\/evertonfc.cz\/\",\"logo\":{\"@type\":\"ImageObject\",\"inLanguage\":\"cs\",\"@id\":\"https:\/\/evertonfc.cz\/#\/schema\/logo\/image\/\",\"url\":\"https:\/\/evertonfc.cz\/wp-content\/uploads\/2019\/05\/logo.png\",\"contentUrl\":\"https:\/\/evertonfc.cz\/wp-content\/uploads\/2019\/05\/logo.png\",\"width\":112,\"height\":112,\"caption\":\"Official Czech & Slovak Everton Supporters' Club\"},\"image\":{\"@id\":\"https:\/\/evertonfc.cz\/#\/schema\/logo\/image\/\"},\"sameAs\":[\"https:\/\/www.facebook.com\/everton.fans.cz.sk\"]},{\"@type\":\"Person\",\"@id\":\"https:\/\/evertonfc.cz\/#\/schema\/person\/d4493b8cbea51532597fbc4685698916\",\"name\":\"BlueBlooded\",\"url\":\"https:\/\/evertonfc.cz\/index.php\/author\/admin\/\"}]}<\/script>\n<!-- \/ Yoast SEO plugin. -->","yoast_head_json":{"title":"Jagielka v neistej situ\u00e1cii - Official Czech &amp; Slovak Everton Supporters&#039; Club","robots":{"index":"index","follow":"follow","max-snippet":"max-snippet:-1","max-image-preview":"max-image-preview:large","max-video-preview":"max-video-preview:-1"},"canonical":"https:\/\/evertonfc.cz\/index.php\/2019\/04\/15\/jagielka-v-neistej-situacii\/","og_locale":"cs_CZ","og_type":"article","og_title":"Jagielka v neistej situ\u00e1cii - Official Czech &amp; Slovak Everton Supporters&#039; Club","og_description":"Veter\u00e1n klubu, hraj\u00faci v kr\u00e1\u013eovskej modrej u\u017e dvan\u00e1sty rok, sa pravdepodobne bl\u00ed\u017ei ku koncu svojho dobrodru\u017estva s Karamelkami. M\u00e1 pokra\u010dova\u0165?","og_url":"https:\/\/evertonfc.cz\/index.php\/2019\/04\/15\/jagielka-v-neistej-situacii\/","og_site_name":"Official Czech &amp; Slovak Everton Supporters&#039; Club","article_publisher":"https:\/\/www.facebook.com\/everton.fans.cz.sk","article_published_time":"2019-04-15T12:10:20+00:00","article_modified_time":"2020-04-27T12:04:05+00:00","og_image":[{"width":720,"height":405,"url":"https:\/\/evertonfc.cz\/wp-content\/uploads\/2019\/04\/phil-jagielka-.jpg","type":"image\/jpeg"}],"author":"BlueBlooded","twitter_card":"summary_large_image","twitter_misc":{"Napsal(a)":"BlueBlooded","Odhadovan\u00e1 doba \u010dten\u00ed":"5 minut"},"schema":{"@context":"https:\/\/schema.org","@graph":[{"@type":"Article","@id":"https:\/\/evertonfc.cz\/index.php\/2019\/04\/15\/jagielka-v-neistej-situacii\/#article","isPartOf":{"@id":"https:\/\/evertonfc.cz\/index.php\/2019\/04\/15\/jagielka-v-neistej-situacii\/"},"author":{"name":"BlueBlooded","@id":"https:\/\/evertonfc.cz\/#\/schema\/person\/d4493b8cbea51532597fbc4685698916"},"headline":"Jagielka v neistej situ\u00e1cii","datePublished":"2019-04-15T12:10:20+00:00","dateModified":"2020-04-27T12:04:05+00:00","mainEntityOfPage":{"@id":"https:\/\/evertonfc.cz\/index.php\/2019\/04\/15\/jagielka-v-neistej-situacii\/"},"wordCount":961,"commentCount":4,"publisher":{"@id":"https:\/\/evertonfc.cz\/#organization"},"image":{"@id":"https:\/\/evertonfc.cz\/index.php\/2019\/04\/15\/jagielka-v-neistej-situacii\/#primaryimage"},"thumbnailUrl":"https:\/\/evertonfc.cz\/wp-content\/uploads\/2019\/04\/phil-jagielka-.jpg","articleSection":["Blog"],"inLanguage":"cs","potentialAction":[{"@type":"CommentAction","name":"Comment","target":["https:\/\/evertonfc.cz\/index.php\/2019\/04\/15\/jagielka-v-neistej-situacii\/#respond"]}]},{"@type":"WebPage","@id":"https:\/\/evertonfc.cz\/index.php\/2019\/04\/15\/jagielka-v-neistej-situacii\/","url":"https:\/\/evertonfc.cz\/index.php\/2019\/04\/15\/jagielka-v-neistej-situacii\/","name":"Jagielka v neistej situ\u00e1cii - Official Czech &amp; Slovak Everton Supporters&#039; Club","isPartOf":{"@id":"https:\/\/evertonfc.cz\/#website"},"primaryImageOfPage":{"@id":"https:\/\/evertonfc.cz\/index.php\/2019\/04\/15\/jagielka-v-neistej-situacii\/#primaryimage"},"image":{"@id":"https:\/\/evertonfc.cz\/index.php\/2019\/04\/15\/jagielka-v-neistej-situacii\/#primaryimage"},"thumbnailUrl":"https:\/\/evertonfc.cz\/wp-content\/uploads\/2019\/04\/phil-jagielka-.jpg","datePublished":"2019-04-15T12:10:20+00:00","dateModified":"2020-04-27T12:04:05+00:00","breadcrumb":{"@id":"https:\/\/evertonfc.cz\/index.php\/2019\/04\/15\/jagielka-v-neistej-situacii\/#breadcrumb"},"inLanguage":"cs","potentialAction":[{"@type":"ReadAction","target":["https:\/\/evertonfc.cz\/index.php\/2019\/04\/15\/jagielka-v-neistej-situacii\/"]}]},{"@type":"ImageObject","inLanguage":"cs","@id":"https:\/\/evertonfc.cz\/index.php\/2019\/04\/15\/jagielka-v-neistej-situacii\/#primaryimage","url":"https:\/\/evertonfc.cz\/wp-content\/uploads\/2019\/04\/phil-jagielka-.jpg","contentUrl":"https:\/\/evertonfc.cz\/wp-content\/uploads\/2019\/04\/phil-jagielka-.jpg","width":720,"height":405},{"@type":"BreadcrumbList","@id":"https:\/\/evertonfc.cz\/index.php\/2019\/04\/15\/jagielka-v-neistej-situacii\/#breadcrumb","itemListElement":[{"@type":"ListItem","position":1,"name":"Home","item":"https:\/\/evertonfc.cz\/"},{"@type":"ListItem","position":2,"name":"Jagielka v neistej situ\u00e1cii"}]},{"@type":"WebSite","@id":"https:\/\/evertonfc.cz\/#website","url":"https:\/\/evertonfc.cz\/","name":"Official Czech &amp; Slovak Everton Supporters&#039; Club","description":"","publisher":{"@id":"https:\/\/evertonfc.cz\/#organization"},"potentialAction":[{"@type":"SearchAction","target":{"@type":"EntryPoint","urlTemplate":"https:\/\/evertonfc.cz\/?s={search_term_string}"},"query-input":{"@type":"PropertyValueSpecification","valueRequired":true,"valueName":"search_term_string"}}],"inLanguage":"cs"},{"@type":"Organization","@id":"https:\/\/evertonfc.cz\/#organization","name":"Official Czech & Slovak Everton Supporters' Club","url":"https:\/\/evertonfc.cz\/","logo":{"@type":"ImageObject","inLanguage":"cs","@id":"https:\/\/evertonfc.cz\/#\/schema\/logo\/image\/","url":"https:\/\/evertonfc.cz\/wp-content\/uploads\/2019\/05\/logo.png","contentUrl":"https:\/\/evertonfc.cz\/wp-content\/uploads\/2019\/05\/logo.png","width":112,"height":112,"caption":"Official Czech & Slovak Everton Supporters' Club"},"image":{"@id":"https:\/\/evertonfc.cz\/#\/schema\/logo\/image\/"},"sameAs":["https:\/\/www.facebook.com\/everton.fans.cz.sk"]},{"@type":"Person","@id":"https:\/\/evertonfc.cz\/#\/schema\/person\/d4493b8cbea51532597fbc4685698916","name":"BlueBlooded","url":"https:\/\/evertonfc.cz\/index.php\/author\/admin\/"}]}},"_links":{"self":[{"href":"https:\/\/evertonfc.cz\/index.php\/wp-json\/wp\/v2\/posts\/7486"}],"collection":[{"href":"https:\/\/evertonfc.cz\/index.php\/wp-json\/wp\/v2\/posts"}],"about":[{"href":"https:\/\/evertonfc.cz\/index.php\/wp-json\/wp\/v2\/types\/post"}],"author":[{"embeddable":true,"href":"https:\/\/evertonfc.cz\/index.php\/wp-json\/wp\/v2\/users\/1"}],"replies":[{"embeddable":true,"href":"https:\/\/evertonfc.cz\/index.php\/wp-json\/wp\/v2\/comments?post=7486"}],"version-history":[{"count":16,"href":"https:\/\/evertonfc.cz\/index.php\/wp-json\/wp\/v2\/posts\/7486\/revisions"}],"predecessor-version":[{"id":10906,"href":"https:\/\/evertonfc.cz\/index.php\/wp-json\/wp\/v2\/posts\/7486\/revisions\/10906"}],"wp:featuredmedia":[{"embeddable":true,"href":"https:\/\/evertonfc.cz\/index.php\/wp-json\/wp\/v2\/media\/7487"}],"wp:attachment":[{"href":"https:\/\/evertonfc.cz\/index.php\/wp-json\/wp\/v2\/media?parent=7486"}],"wp:term":[{"taxonomy":"category","embeddable":true,"href":"https:\/\/evertonfc.cz\/index.php\/wp-json\/wp\/v2\/categories?post=7486"},{"taxonomy":"post_tag","embeddable":true,"href":"https:\/\/evertonfc.cz\/index.php\/wp-json\/wp\/v2\/tags?post=7486"}],"curies":[{"name":"wp","href":"https:\/\/api.w.org\/{rel}","templated":true}]}}