{"id":7536,"date":"2019-04-19T22:49:33","date_gmt":"2019-04-19T20:49:33","guid":{"rendered":"https:\/\/evertonfc.cz\/?p=7536"},"modified":"2021-03-12T16:40:07","modified_gmt":"2021-03-12T15:40:07","slug":"evropska-vystoupeni-iii-dil","status":"publish","type":"post","link":"https:\/\/evertonfc.cz\/index.php\/2019\/04\/19\/evropska-vystoupeni-iii-dil\/","title":{"rendered":"Evropsk\u00e1 vystoupen\u00ed &#8211; III. d\u00edl"},"content":{"rendered":"<h4>\u010cl\u00e1nek z historie na pokra\u010dov\u00e1n\u00ed v\u00e1m p\u0159in\u00e1\u0161\u00ed souhrn vystoupen\u00ed Toffees v kontinent\u00e1ln\u00edch poh\u00e1rov\u00fdch sout\u011b\u017e\u00edch, kter\u00e1 zapo\u010dala v \u0161edes\u00e1t\u00fdch letech minul\u00e9ho stolet\u00ed.<\/h4>\n<p>Anglick\u00e9 t\u00fdmy nemohly hr\u00e1t evropsk\u00e9 poh\u00e1ry p\u011bt rok\u016f kv\u016fli trag\u00e9dii v Bruselu, kterou zp\u016fsobili fandov\u00e9 RS. Evertonu tak na sv\u00e9m vrcholu nebylo umo\u017en\u011bno pom\u011b\u0159it s\u00edly s kontinent\u00e1ln\u00ed \u0161pi\u010dkou. Po titulech v letech 1985 a 1987 m\u011bli dvakr\u00e1t hr\u00e1t PMEZ a po dvou por\u00e1\u017ek\u00e1ch ve fin\u00e1le Anglick\u00e9ho poh\u00e1ru stejn\u00fd po\u010det ro\u010dn\u00edk\u016f PVP&#8230; To ji\u017e nezm\u011bn\u00edme.<\/p>\n<p>V roce 1995 do\u0161lo pr\u00e1v\u011b ve fin\u00e1le Anglick\u00e9ho poh\u00e1ru k velk\u00e9mu p\u0159ekvapen\u00ed. Jako mana\u017eer vstupoval do sez\u00f3ny 1994-95 Mike Walker, ale toho v listopadu nahradila klubov\u00e1 legenda Joe Royle. Everton nehr\u00e1l kdov\u00edjak p\u011bkn\u00fd fotbal, ne n\u00e1hodou m\u011bl t\u00fdm p\u0159ezd\u00edvku &#8222;Dogs of war&#8220;, ale v nejstar\u0161\u00ed klubov\u00e9 sout\u011b\u017ei na sv\u011bt\u011b se zada\u0159ilo (v lize patn\u00e1ct\u00e9 m\u00edsto). Bez inkasovan\u00e9 branky postoupil do semifin\u00e1le, kter\u00e9 se hr\u00e1lo v Leedsu a jeho soupe\u0159em byl favorizovan\u00fd Tottenham. Kohouti odj\u00ed\u017ed\u011bli zp\u011bt do Lond\u00fdna s brekem po proh\u0159e 4:1.<\/p>\n<p>I ve fin\u00e1le byl Everton outsider, ale z toho si t\u00fdm kolem Watsona a Southalla nic ned\u011blal. P\u0159i jednom z brejk\u016f (Man U m\u011bl prakticky cel\u00fd z\u00e1pas tlak) dorazil hlavi\u010dkou m\u00ed\u010d do s\u00edt\u011b Rideout, kdy\u017e se st\u0159ela Stuarta odrazila od b\u0159evna. Southall v br\u00e1n\u011b p\u0159edvedl jeden ze sv\u00fdch nejlep\u0161\u00edch v\u00fdkon\u016f a k p\u0159ekvapen\u00ed v\u0161ech sou\u010dasn\u00fd n\u00e1sledn\u00edk britsk\u00e9ho tr\u016fnu p\u0159edal poh\u00e1r pro v\u00edt\u011bze do rukou kapit\u00e1na Evertonu Watsona. Pro zaj\u00edmavost p\u0159edz\u00e1pasov\u00e9 tipy v\u011b\u0161tkyn\u011b Meg: Everton vyhraje 3:2, branky daj\u00ed Amokachi, Rideout a Unsworth z penalty. Za \u00da\u010dka se tref\u00ed Giggs a Southall chyt\u00ed penaltu.<\/p>\n<p>Na los prvn\u00edho kola PVP si Karamelky opravdu nemohou st\u011b\u017eovat, KR Rejkjav\u00edk je p\u0159\u00edjemn\u00fd soupe\u0159 a po v\u00fdhr\u00e1ch 3:2 venku a 3:1 doma se postupuje do druh\u00e9ho kola. Tam na Everton \u010dekali sta\u0159\u00ed zn\u00e1m\u00ed z Rotterdamu. Prvn\u00ed z\u00e1pas na Goodison Parku je zaj\u00edmav\u00fd t\u00edm, \u017ee ho odehr\u00e1l budouc\u00ed mana\u017eer Toffees Ronald Koeman. Po bezbrankov\u00e9 rem\u00edze n\u00e1sledovala prohra 0:1 brankou Blinkera a vypadnut\u00ed. Feyenoord do\u0161el a\u017e do semifin\u00e1le, kde ho zastavil Rapid V\u00edde\u0148.<\/p>\n<p>V sez\u00f3n\u011b 2004-2005 p\u0159edvedl Everton pod veden\u00edm Davida Moyese v lize do t\u00e9 doby nejlep\u0161\u00ed sez\u00f3nu od p\u0159ejmenov\u00e1n\u00ed Division One na Premier League. K p\u0159ekvapen\u00ed v\u0161ech skon\u010dil \u010dtvrt\u00fd, markantn\u00ed to zlep\u0161en\u00ed ze sedmn\u00e1ct\u00e9ho (prvn\u00edho nesestupov\u00e9ho) m\u00edsta o rok d\u0159\u00edve. Dostal se tak do t\u0159et\u00edho p\u0159edkola Ligy Mistr\u016f. Tam na n\u011bj \u010dekal \u0161pan\u011blsk\u00fd klub Villareal. N\u011bkte\u0159\u00ed Evertonians dodnes tvrd\u00ed, \u017ee UEFA klub v LM v\u00fdslovn\u011b necht\u011bla a p\u0159i losu p\u0159edkola nah\u0159\u00e1la m\u00ed\u010dky. Ka\u017edop\u00e1dn\u011b po dvou prohr\u00e1ch 1:2 mohl Everton na LM zapomenout, Villareal byl vy\u0159azen a\u017e v semifin\u00e1le Arsenalem.<\/p>\n<p>Konspir\u00e1to\u0159i t\u00e9\u017e poukazuj\u00ed na fakt, \u017ee odvetu ve Villarealu p\u00edskal Collina, a\u010d ji\u017e ukon\u010dil rozhodcovskou kari\u00e9ru, p\u0159i\u010dem\u017e na konci z\u00e1pasu za stavu 1:1 neuznal regul\u00e9rn\u00ed g\u00f3l Fergusona kv\u016fli faulu Marcuse Benta, kter\u00fd byl naopak faulov\u00e1n.\u00a0 Everton se po vy\u0159azen\u00ed od \u0160pan\u011bl\u016f dostal aspo\u0148 do prvn\u00edho kola Poh\u00e1ru UEFA. Soupe\u0159em byl rumunsk\u00fd celek Dinamo Bukure\u0161\u0165. Prvn\u00ed z\u00e1pas se hr\u00e1l venku, Dinamo vyhr\u00e1lo 5:1 a t\u00edm rozhodlo o postupu. Spolu s vypadnut\u00edm na h\u0159i\u0161ti Shrewsbury ve t\u0159et\u00edm kole Anglick\u00e9ho poh\u00e1ru v roce 2003 to byla nejv\u011bt\u0161\u00ed Moyesova ostuda. Everton sice v odvet\u011b vyhr\u00e1l branku Cahilla 1:0, ale to byla mal\u00e1 n\u00e1plast na vypadnut\u00ed.<\/p>\n<p>V sez\u00f3n\u011b 2005-2006 Everton skon\u010dil v lize \u0161est\u00fd, \u010d\u00edm\u017e se dostal op\u011bt do Poh\u00e1ru UEFA. V prvn\u00edm kole byl jeho soupe\u0159em ukrajinsk\u00fd t\u00fdm Metalist Charkov. V Goodison Parku skon\u010dil z\u00e1pas 1:1, kdy\u017e Andy Johnson neprom\u011bnil penaltu a soupe\u0159 dohr\u00e1val v dev\u00edti. V Charkov\u011b ale Everton oto\u010dil z 1:2 na kone\u010dn\u00fdch 3:2, v\u00edt\u011bznou branku zaznamenal Victor Anichebe. Toffees se tak kvalifikovali do skupinov\u00e9 f\u00e1ze, kdy\u017e za soupe\u0159e m\u011bli Zenit Petrohrad, AZ Alkmaar, 1. FC Norimberk a Larissu z \u0158ecka. Ka\u017ed\u00fd s ka\u017ed\u00fdm hr\u00e1l pouze jednou a Everton v\u0161echny z\u00e1pasy vyhr\u00e1l.<\/p>\n<p>Pro \u010desk\u00e9 a slovensk\u00e9 fanou\u0161ky byl t\u00fdm Norimberku z t\u00e9to sez\u00f3ny zaj\u00edmav\u00fd t\u00edm, \u017ee obsahoval p\u011bt \u010cech\u016f a t\u0159i Slov\u00e1ky (experiment ale nevy\u0161el, sestoupili). Proti Evertonu ale nastoupili jen Bla\u017eek, Gal\u00e1sek a Mint\u00e1l. Mezi nejlep\u0161\u00ed dvaat\u0159ic\u00edtkou \u010dekali Norov\u00e9 z klubu Brann Bergen. Tento dvojz\u00e1pas byl ale proch\u00e1zka r\u016f\u017eov\u00fdm sadem, v\u00fdhra 2:0 z Bergenu byla podpo\u0159ena v Goodison Parku p\u016fltuctem (Yakubu hat-trick) a postoupilo se navzdory jedn\u00e9 inkasovan\u00e9 brance.<\/p>\n<p>V osmifin\u00e1le ji\u017e \u010dekalo zvu\u010dn\u011bj\u0161\u00ed jm\u00e9no, fialky z Florencie. Everton si z It\u00e1lie p\u0159ivezl pouze jeden klad &#8211; \u017ee prohr\u00e1l jenom 2:0. Ujfalu\u0161i a spol. byli opravdu jasn\u011b lep\u0161\u00ed. Zato odveta byla hodn\u011b jin\u00e1 k\u00e1va. Everton dirigovan\u00fd Artetou rozjel koloto\u010d a celkem snadno si vynutil prodlou\u017een\u00ed, Florencii od vy\u0159azen\u00ed zachr\u00e1nil jen skv\u011bl\u00fd brank\u00e1\u0159 Frey. Do\u0161lo na penalty, ty\u010dku trefil Yakubu a Jagielkovu st\u0159elu chytil hostuj\u00edc\u00ed g\u00f3lman, v\u00edt\u011bznou branku za Florencii vs\u00edtil Osvaldo. Z\u00e1pas ale navzdory vypadnut\u00ed pat\u0159\u00ed k tomu nejlep\u0161\u00edmu, co kdy Everton v evropsk\u00fdch poh\u00e1rech p\u0159edvedl. Florencie vypadla v semifin\u00e1le s Glasgow Rangers.<\/p>\n<p>Sez\u00f3na byla zakon\u010dena na p\u00e1t\u00e9m m\u00edst\u011b, co\u017e op\u011bt znamenalo zas\u00e1hnut\u00ed do evropsk\u00fdch poh\u00e1r\u016f, nep\u0159ekvapiv\u011b znovu Poh\u00e1r UEFA. V prvn\u00edm kole se zm\u011b\u0159ily s\u00edly se Standardem Lutych. Dom\u00e1c\u00ed rem\u00edza 2:2 nijak neoslnila, Standard v odvet\u011b na vlastn\u00edm stadionu vyhr\u00e1l 2:1, tak\u017ee evropsk\u00e9 poh\u00e1ry skon\u010dily na prvn\u00ed p\u0159ek\u00e1\u017ece. T\u00fdm z Lutychu byl vy\u0159azen mezi posledn\u00ed dvaat\u0159ic\u00edtkou. Moyes\u016fv t\u00fdm ale zaznamenal dal\u0161\u00ed povedenou sez\u00f3nu, v lize skon\u010dil p\u00e1t\u00fd a v Anglick\u00e9m poh\u00e1ru do\u0161el a\u017e do fin\u00e1le. Tam ale byla Chelsea nad jeho s\u00edly, a\u010d Saha zaznamenal nejrychlej\u0161\u00ed branku v historii fin\u00e1le Anglick\u00e9ho poh\u00e1ru. Cesta do fin\u00e1le obsahovala \u017eivotn\u00ed branku Dana Goslinga do s\u00edt\u011b soused\u016f \u010di p\u0159ekvapiv\u00e9 semifin\u00e1lov\u00e9 v\u00edt\u011bzstv\u00ed nad Manchesterem United.<\/p>\n<p>A t\u00fdm, proti kter\u00e9mu za\u010dala evropsk\u00e1 poh\u00e1rov\u00e1 pou\u0165? Sigma Olomouc p\u0159ece! Poh\u00e1r UEFA byl p\u0159ejmenovan\u00fd na Evropskou ligu a Han\u00e1ci dostali nezaslou\u017een\u011b v Anglii \u010dty\u0159ku. Odvetu v Olomouci sledovalo spole\u010dn\u011b n\u011bkolik \u010desk\u00fdch fand\u016f. Vid\u011bli brzkou \u010dervenou pro Hibberta, vedouc\u00ed branku Pienaara a zaslou\u017een\u00e9 vyrovn\u00e1n\u00ed na kone\u010dn\u00fdch 1:1 od \u0160ultese. T\u00edm postoupil do skupiny. V n\u00ed m\u011bl za soupe\u0159e Benficu Lisabon, AEK At\u00e9ny a BATE Borisov. S bilanc\u00ed 3-0-3 skon\u010dili ve skupin\u011b druz\u00ed a postoupili mezi nejlep\u0161\u00ed dvaat\u0159ic\u00edtku. Tam dostali za soupe\u0159e Sporting Lisabon. V prvn\u00edm utk\u00e1n\u00ed na Goodison Parku vyhr\u00e1li 2:1, kdy\u017e Distin zvl\u00e1dl vs\u00edtit v\u00edt\u011bznou branku a b\u00fdt vylou\u010den. Sporting doma nezav\u00e1hal a po v\u00fdh\u0159e 3:0 postoupil d\u00e1l. V dal\u0161\u00edm kole vypadl s Atl\u00e9ticem Madrid.<\/p>\n<p>Sez\u00f3na 2013-2014 znamenala n\u00e1vrat k ligov\u00fdm v\u00fd\u0161in\u00e1m. Prvn\u00ed sez\u00f3na pod mana\u017eerem Robertem Mart\u00ednezem znamenala opravdu p\u011bkn\u00fd fotbal, spoustu bod\u016f a t\u011bsn\u011b ne\u00fasp\u011b\u0161n\u00fd boj s Arsenalem o \u010dtvrt\u00e9 m\u00edsto. I tak ale panovala v klubu s p\u00e1t\u00fdm m\u00edstem spokojenost. Kdo si chce z\u00e1pasy z t\u00e9to sezony p\u0159ipomenout detailn\u011bji, tak nech\u0165 zap\u00e1tr\u00e1 v archivu\/historii tohoto webu. Everton byl nalosov\u00e1n do skupiny H, kde se se\u0161el s Wolfsburgem, Lille a Krasnodarem. Uhr\u00e1l bilanci 3-2-1 a skupinu vyhr\u00e1l.<\/p>\n<p>Mezi dvaat\u0159ic\u00edtkou narazil na \u0161v\u00fdcarsk\u00fd klub Young Boys Bern a po dvou v\u00fdhr\u00e1ch 3:1 a 4:1 pro\u0161el v klidu do osmifin\u00e1le. Tam mu los p\u0159isoudil Dynamo Kyjev. Everton za\u010d\u00ednal doma a Lukaku prom\u011bn\u011bnou penaltou zajistil aspo\u0148 jednog\u00f3lov\u00fd n\u00e1skok do odvety. To ale ukrajinsk\u00e9 giganty nijak nerozhodilo, na Olympijsk\u00e9m stadionu poslali za Howardova z\u00e1da p\u011bt m\u00ed\u010d\u016f a po v\u00fdh\u0159e 5:2 postoupili. O kolo pozd\u011bji vypadli s Florenci\u00ed.<\/p>\n<p>A zat\u00edm posledn\u00ed v\u00fdlet do evropsk\u00fdch poh\u00e1r\u016f se konal v minul\u00e9 sez\u00f3n\u011b. V t\u00e9 p\u0159edminul\u00e9 toti\u017e Everton skon\u010dil sedm\u00fd, tak\u017ee si vyslou\u017eil vstupenku do t\u0159et\u00edho p\u0159edkola Evropsk\u00e9 ligy. Los n\u00e1s pot\u011b\u0161il &#8211; Ru\u017eomberok je kousek, b\u00fdt tam je povinnost, kterou jsme si splnili. Pod \u010cebra\u0165om je opravdu p\u011bkn\u00fd stadionek. Everton si z prvn\u00edho z\u00e1pasu doma p\u0159ivezl v\u00fdhru 1:0, kterou zopakoval i na Slovensku.<\/p>\n<p>Ve \u010dtvrt\u00e9m p\u0159edkole mu los jako soupe\u0159e ur\u010dil Hajduk Split. Dom\u00e1c\u00ed v\u00fdhra 2:0 byla poji\u0161t\u011bna rem\u00edzou 1:1 ve Splitu, p\u0159i\u010dem\u017e Sigurdsson se trefil z p\u016flky. Everton se tak dostal do skupinov\u00e9 f\u00e1ze a za soupe\u0159e m\u011bl Olympique Lyon, Atalantu Bergamo a Apollon Limassol. Ta se ale nepovedla a v\u00fdrazn\u00fdm zp\u016fsobem p\u0159isp\u011bla k vyhozen\u00ed mana\u017eera Koemana (Everton vyhr\u00e1l a\u017e posledn\u00ed utk\u00e1n\u00ed skupiny v Limassolu, do t\u00e9 doby pouze jeden bod za rem\u00edzu s Kyp\u0159any doma).<\/p>\n<p>To je zat\u00edm k evropsk\u00fdm poh\u00e1r\u016fm ze strany Evertonu v\u0161e. K\u00e9\u017e je dal\u0161\u00ed kapitola naps\u00e1na brzy!<\/p>\n<h4><span style=\"text-decoration: underline;\">Seznam z\u00e1pas\u016f Evertonu v sout\u011b\u017e\u00edch UEFA od 90. let a\u017e po sou\u010dasnost:<\/span><\/h4>\n<table class=\"sortable plainrowheaders wikitable jquery-tablesorter alignleft\" style=\"height: 1120px; width: 100.915%;\">\n<thead>\n<tr style=\"height: 40px;\">\n<th class=\"headerSort\" style=\"width: 9.34844%; height: 40px; text-align: left;\" tabindex=\"0\" title=\"Sort ascending\" role=\"columnheader button\">Sez\u00f3na<\/th>\n<th class=\"headerSort\" style=\"width: 27.8303%; height: 40px; text-align: left;\" tabindex=\"0\" title=\"Sort ascending\" role=\"columnheader button\">Sout\u011b\u017e<\/th>\n<th class=\"headerSort\" style=\"width: 13.4611%; height: 40px; text-align: left;\" tabindex=\"0\" title=\"Sort ascending\" role=\"columnheader button\">Kolo<\/th>\n<th class=\"headerSort\" style=\"width: 18.057%; height: 40px; text-align: left;\" tabindex=\"0\" title=\"Sort ascending\" role=\"columnheader button\">Soupe\u0159<\/th>\n<th class=\"headerSort\" style=\"width: 7.79037%; height: 40px;\" tabindex=\"0\" title=\"Sort ascending\" role=\"columnheader button\">Doma<\/th>\n<th class=\"headerSort\" style=\"width: 8.2153%; height: 40px;\" tabindex=\"0\" title=\"Sort ascending\" role=\"columnheader button\">Venku<\/th>\n<th class=\"headerSort\" style=\"width: 22.1407%; height: 40px;\" tabindex=\"0\" title=\"Sort ascending\" role=\"columnheader button\">Celk. sk\u00f3re<\/th>\n<\/tr>\n<\/thead>\n<tbody>\n<tr style=\"height: 40px;\">\n<td style=\"width: 9.34844%; height: 40px;\">1995\/96<\/td>\n<td style=\"width: 27.8303%; height: 40px;\">UEFA Cup Winners&#8216; Cup<\/td>\n<td style=\"width: 13.4611%; height: 40px;\">1.kolo<\/td>\n<td style=\"width: 18.057%; height: 40px;\">KR Reykjav\u00edk<\/td>\n<td style=\"width: 7.79037%; text-align: center; height: 40px;\">3\u20131<\/td>\n<td style=\"width: 8.2153%; text-align: center; height: 40px;\">3\u20132<\/td>\n<td style=\"width: 22.1407%; text-align: center; height: 40px;\"><b>6:3<\/b><\/td>\n<\/tr>\n<tr style=\"height: 40px;\">\n<td style=\"width: 9.34844%; height: 40px;\">1995\/96<\/td>\n<td style=\"width: 27.8303%; height: 40px;\">UEFA Cup Winners&#8216; Cup<\/td>\n<td style=\"width: 13.4611%; height: 40px;\">2.kolo<\/td>\n<td style=\"width: 18.057%; height: 40px;\">Feyenoord<\/td>\n<td style=\"width: 7.79037%; text-align: center; height: 40px;\">0\u20130<\/td>\n<td style=\"width: 8.2153%; text-align: center; height: 40px;\">0\u20131<\/td>\n<td style=\"width: 22.1407%; text-align: center; height: 40px;\"><b>0:1<\/b><\/td>\n<\/tr>\n<tr style=\"height: 40px;\">\n<td style=\"width: 9.34844%; height: 40px;\">2005\/6<\/td>\n<td style=\"width: 27.8303%; height: 40px;\">UEFA Champions League<\/td>\n<td style=\"width: 13.4611%; height: 40px;\">3.kv.kolo<\/td>\n<td style=\"width: 18.057%; height: 40px;\">Villarreal<\/td>\n<td style=\"width: 7.79037%; text-align: center; height: 40px;\">1\u20132<\/td>\n<td style=\"width: 8.2153%; text-align: center; height: 40px;\">1\u20132<\/td>\n<td style=\"width: 22.1407%; text-align: center; height: 40px;\"><b>2:4<\/b><\/td>\n<\/tr>\n<tr style=\"height: 40px;\">\n<td style=\"width: 9.34844%; height: 40px;\">2005\/6<\/td>\n<td style=\"width: 27.8303%; height: 40px;\">UEFA Cup<\/td>\n<td style=\"width: 13.4611%; height: 40px;\">1.kolo<\/td>\n<td style=\"width: 18.057%; height: 40px;\">Dinamo Bukure\u0161\u0165<\/td>\n<td style=\"width: 7.79037%; text-align: center; height: 40px;\">1\u20130<\/td>\n<td style=\"width: 8.2153%; text-align: center; height: 40px;\">1\u20135<\/td>\n<td style=\"width: 22.1407%; text-align: center; height: 40px;\"><b>2:5<\/b><\/td>\n<\/tr>\n<tr style=\"height: 40px;\">\n<td style=\"width: 9.34844%; height: 40px;\">2007\/8<\/td>\n<td style=\"width: 27.8303%; height: 40px;\">UEFA Cup<\/td>\n<td style=\"width: 13.4611%; height: 40px;\">1.kolo<\/td>\n<td style=\"width: 18.057%; height: 40px;\">Metalist Charkov<\/td>\n<td style=\"width: 7.79037%; text-align: center; height: 40px;\">1\u20131<\/td>\n<td style=\"width: 8.2153%; text-align: center; height: 40px;\">3\u20132<\/td>\n<td style=\"width: 22.1407%; text-align: center; height: 40px;\"><b>4:3<\/b><\/td>\n<\/tr>\n<tr style=\"height: 40px;\">\n<td style=\"width: 9.34844%; height: 40px;\">2007\/8<\/td>\n<td style=\"width: 27.8303%; height: 40px;\">UEFA Cup<\/td>\n<td style=\"width: 13.4611%; height: 40px;\">sk. A<\/td>\n<td style=\"width: 18.057%; height: 40px;\">1. FC Norimberk<\/td>\n<td class=\"table-na\" style=\"width: 7.79037%; text-align: center; height: 40px;\" data-sort-value=\"\">N\/A<\/td>\n<td style=\"width: 8.2153%; text-align: center; height: 40px;\">2\u20130<\/td>\n<td style=\"width: 22.1407%; text-align: center; height: 40px;\"><b>1.<\/b><\/td>\n<\/tr>\n<tr style=\"height: 40px;\">\n<td style=\"width: 9.34844%; height: 40px;\">2007\/8<\/td>\n<td style=\"width: 27.8303%; height: 40px;\">UEFA Cup<\/td>\n<td style=\"width: 13.4611%; height: 40px;\">sk. A<\/td>\n<td style=\"width: 18.057%; height: 40px;\">Zenit Petrohrad<\/td>\n<td style=\"width: 7.79037%; text-align: center; height: 40px;\">1\u20130<\/td>\n<td class=\"table-na\" style=\"width: 8.2153%; text-align: center; height: 40px;\" data-sort-value=\"\">N\/A<\/td>\n<td style=\"width: 22.1407%; text-align: center; height: 40px;\"><b>1.<\/b><\/td>\n<\/tr>\n<tr style=\"height: 40px;\">\n<td style=\"width: 9.34844%; height: 40px;\">2007\/8<\/td>\n<td style=\"width: 27.8303%; height: 40px;\">UEFA Cup<\/td>\n<td style=\"width: 13.4611%; height: 40px;\">sk. A<\/td>\n<td style=\"width: 18.057%; height: 40px;\">AZ Alkmaar<\/td>\n<td class=\"table-na\" style=\"width: 7.79037%; text-align: center; height: 40px;\" data-sort-value=\"\">N\/A<\/td>\n<td style=\"width: 8.2153%; text-align: center; height: 40px;\">3\u20132<\/td>\n<td style=\"width: 22.1407%; text-align: center; height: 40px;\"><b>1.<\/b><\/td>\n<\/tr>\n<tr style=\"height: 40px;\">\n<td style=\"width: 9.34844%; height: 40px;\">2007\/8<\/td>\n<td style=\"width: 27.8303%; height: 40px;\">UEFA Cup<\/td>\n<td style=\"width: 13.4611%; height: 40px;\">sk. A<\/td>\n<td style=\"width: 18.057%; height: 40px;\">Larissa<\/td>\n<td style=\"width: 7.79037%; text-align: center; height: 40px;\">3\u20131<\/td>\n<td class=\"table-na\" style=\"width: 8.2153%; text-align: center; height: 40px;\" data-sort-value=\"\">N\/A<\/td>\n<td style=\"width: 22.1407%; text-align: center; height: 40px;\"><b>1.<\/b><\/td>\n<\/tr>\n<tr style=\"height: 40px;\">\n<td style=\"width: 9.34844%; height: 40px;\">2007\/8<\/td>\n<td style=\"width: 27.8303%; height: 40px;\">UEFA Cup<\/td>\n<td style=\"width: 13.4611%; height: 40px;\">16-fin\u00e1le<\/td>\n<td style=\"width: 18.057%; height: 40px;\">Brann<\/td>\n<td style=\"width: 7.79037%; text-align: center; height: 40px;\">6\u20131<\/td>\n<td style=\"width: 8.2153%; text-align: center; height: 40px;\">2\u20130<\/td>\n<td style=\"width: 22.1407%; text-align: center; height: 40px;\"><b>8:1<\/b><\/td>\n<\/tr>\n<tr style=\"height: 40px;\">\n<td style=\"width: 9.34844%; height: 40px;\">2007\/8<\/td>\n<td style=\"width: 27.8303%; height: 40px;\">UEFA Cup<\/td>\n<td style=\"width: 13.4611%; height: 40px;\">8-fin\u00e1le<\/td>\n<td style=\"width: 18.057%; height: 40px;\">Fiorentina<\/td>\n<td style=\"width: 7.79037%; text-align: center; height: 40px;\">2\u20130<\/td>\n<td style=\"width: 8.2153%; text-align: center; height: 40px;\">0\u20132<\/td>\n<td style=\"width: 22.1407%; text-align: center; height: 40px;\"><b>2:2 (2:4pen)<\/b><\/td>\n<\/tr>\n<tr style=\"height: 40px;\">\n<td style=\"width: 9.34844%; height: 40px;\">2008\/9<\/td>\n<td style=\"width: 27.8303%; height: 40px;\">UEFA Cup<\/td>\n<td style=\"width: 13.4611%; height: 40px;\">1.kolo<\/td>\n<td style=\"width: 18.057%; height: 40px;\">Standard Li\u00e8ge<\/td>\n<td style=\"width: 7.79037%; text-align: center; height: 40px;\">2\u20132<\/td>\n<td style=\"width: 8.2153%; text-align: center; height: 40px;\">1\u20132<\/td>\n<td style=\"width: 22.1407%; text-align: center; height: 40px;\"><b>3:4<\/b><\/td>\n<\/tr>\n<tr style=\"height: 40px;\">\n<td style=\"width: 9.34844%; height: 40px;\">2009\/10<\/td>\n<td style=\"width: 27.8303%; height: 40px;\">UEFA Europa League<\/td>\n<td style=\"width: 13.4611%; height: 40px;\">play-off<\/td>\n<td style=\"width: 18.057%; height: 40px;\">Sigma Olomouc<\/td>\n<td style=\"width: 7.79037%; text-align: center; height: 40px;\">4\u20130<\/td>\n<td style=\"width: 8.2153%; text-align: center; height: 40px;\">1\u20131<\/td>\n<td style=\"width: 22.1407%; text-align: center; height: 40px;\"><b>5:1<\/b><\/td>\n<\/tr>\n<tr style=\"height: 40px;\">\n<td style=\"width: 9.34844%; height: 40px;\">2009\/10<\/td>\n<td style=\"width: 27.8303%; height: 40px;\">UEFA Europa League<\/td>\n<td style=\"width: 13.4611%; height: 40px;\">sk. I<\/td>\n<td style=\"width: 18.057%; height: 40px;\">Benfica<\/td>\n<td style=\"width: 7.79037%; text-align: center; height: 40px;\">0\u20132<\/td>\n<td style=\"width: 8.2153%; text-align: center; height: 40px;\">0\u20135<\/td>\n<td style=\"width: 22.1407%; text-align: center; height: 40px;\"><b>2.<\/b><\/td>\n<\/tr>\n<tr style=\"height: 40px;\">\n<td style=\"width: 9.34844%; height: 40px;\">2009\/10<\/td>\n<td style=\"width: 27.8303%; height: 40px;\">UEFA Europa League<\/td>\n<td style=\"width: 13.4611%; height: 40px;\">sk. I<\/td>\n<td style=\"width: 18.057%; height: 40px;\">BATE Borisov<\/td>\n<td style=\"width: 7.79037%; text-align: center; height: 40px;\">0\u20131<\/td>\n<td style=\"width: 8.2153%; text-align: center; height: 40px;\">2\u20131<\/td>\n<td style=\"width: 22.1407%; text-align: center; height: 40px;\"><b>2.<\/b><\/td>\n<\/tr>\n<tr style=\"height: 40px;\">\n<td style=\"width: 9.34844%; height: 40px;\">2009\/10<\/td>\n<td style=\"width: 27.8303%; height: 40px;\">UEFA Europa League<\/td>\n<td style=\"width: 13.4611%; height: 40px;\">sk. I<\/td>\n<td style=\"width: 18.057%; height: 40px;\">AEK At\u00e9ny<\/td>\n<td style=\"width: 7.79037%; text-align: center; height: 40px;\">4\u20130<\/td>\n<td style=\"width: 8.2153%; text-align: center; height: 40px;\">1\u20130<\/td>\n<td style=\"width: 22.1407%; text-align: center; height: 40px;\"><b>2.<\/b><\/td>\n<\/tr>\n<tr style=\"height: 40px;\">\n<td style=\"width: 9.34844%; height: 40px;\">2009\/10<\/td>\n<td style=\"width: 27.8303%; height: 40px;\">UEFA Europa League<\/td>\n<td style=\"width: 13.4611%; height: 40px;\">16-fin\u00e1le<\/td>\n<td style=\"width: 18.057%; height: 40px;\">Sporting CP<\/td>\n<td style=\"width: 7.79037%; text-align: center; height: 40px;\">2\u20131<\/td>\n<td style=\"width: 8.2153%; text-align: center; height: 40px;\">0\u20133<\/td>\n<td style=\"width: 22.1407%; text-align: center; height: 40px;\"><b>2:4<\/b><\/td>\n<\/tr>\n<tr style=\"height: 40px;\">\n<td style=\"width: 9.34844%; height: 40px;\">2014\/15<\/td>\n<td style=\"width: 27.8303%; height: 40px;\">UEFA Europa League<\/td>\n<td style=\"width: 13.4611%; height: 40px;\">sk. H<\/td>\n<td style=\"width: 18.057%; height: 40px;\">VfL Wolfsburg<\/td>\n<td style=\"width: 7.79037%; text-align: center; height: 40px;\">4\u20131<\/td>\n<td style=\"width: 8.2153%; text-align: center; height: 40px;\">2\u20130<\/td>\n<td style=\"width: 22.1407%; text-align: center; height: 40px;\"><b>1.<\/b><\/td>\n<\/tr>\n<tr style=\"height: 40px;\">\n<td style=\"width: 9.34844%; height: 40px;\">2014\/15<\/td>\n<td style=\"width: 27.8303%; height: 40px;\">UEFA Europa League<\/td>\n<td style=\"width: 13.4611%; height: 40px;\">sk. H<\/td>\n<td style=\"width: 18.057%; height: 40px;\">Krasnodar<\/td>\n<td style=\"width: 7.79037%; text-align: center; height: 40px;\">0\u20131<\/td>\n<td style=\"width: 8.2153%; text-align: center; height: 40px;\">1\u20131<\/td>\n<td style=\"width: 22.1407%; text-align: center; height: 40px;\"><b>1.<\/b><\/td>\n<\/tr>\n<tr style=\"height: 40px;\">\n<td style=\"width: 9.34844%; height: 40px;\">2014\/15<\/td>\n<td style=\"width: 27.8303%; height: 40px;\">UEFA Europa League<\/td>\n<td style=\"width: 13.4611%; height: 40px;\">sk. H<\/td>\n<td style=\"width: 18.057%; height: 40px;\">Lille<\/td>\n<td style=\"width: 7.79037%; text-align: center; height: 40px;\">3\u20130<\/td>\n<td style=\"width: 8.2153%; text-align: center; height: 40px;\">0\u20130<\/td>\n<td style=\"width: 22.1407%; text-align: center; height: 40px;\"><b>1.<\/b><\/td>\n<\/tr>\n<tr style=\"height: 40px;\">\n<td style=\"width: 9.34844%; height: 40px;\">2014\/15<\/td>\n<td style=\"width: 27.8303%; height: 40px;\">UEFA Europa League<\/td>\n<td style=\"width: 13.4611%; height: 40px;\">16-fin\u00e1le<\/td>\n<td style=\"width: 18.057%; height: 40px;\">Young Boys<\/td>\n<td style=\"width: 7.79037%; text-align: center; height: 40px;\">3\u20131<\/td>\n<td style=\"width: 8.2153%; text-align: center; height: 40px;\">4\u20131<\/td>\n<td style=\"width: 22.1407%; text-align: center; height: 40px;\"><b>7:2<\/b><\/td>\n<\/tr>\n<tr style=\"height: 40px;\">\n<td style=\"width: 9.34844%; height: 40px;\">2014\/15<\/td>\n<td style=\"width: 27.8303%; height: 40px;\">UEFA Europa League<\/td>\n<td style=\"width: 13.4611%; height: 40px;\">8-fin\u00e1le<\/td>\n<td style=\"width: 18.057%; height: 40px;\">Dynamo Kyjev<\/td>\n<td style=\"width: 7.79037%; text-align: center; height: 40px;\">2\u20131<\/td>\n<td style=\"width: 8.2153%; text-align: center; height: 40px;\">2\u20135<\/td>\n<td style=\"width: 22.1407%; text-align: center; height: 40px;\"><b>4:6<\/b><\/td>\n<\/tr>\n<tr style=\"height: 40px;\">\n<td style=\"width: 9.34844%; height: 40px;\">2017\/18<\/td>\n<td style=\"width: 27.8303%; height: 40px;\">UEFA Europa League<\/td>\n<td style=\"width: 13.4611%; height: 40px;\">3.kv.kolo<\/td>\n<td style=\"width: 18.057%; height: 40px;\">Ru\u017eomberok<\/td>\n<td style=\"width: 7.79037%; text-align: center; height: 40px;\">1\u20130<\/td>\n<td style=\"width: 8.2153%; text-align: center; height: 40px;\">1\u20130<\/td>\n<td style=\"width: 22.1407%; text-align: center; height: 40px;\"><b>2:0<\/b><\/td>\n<\/tr>\n<tr style=\"height: 40px;\">\n<td style=\"width: 9.34844%; height: 40px;\">2017\/18<\/td>\n<td style=\"width: 27.8303%; height: 40px;\">UEFA Europa League<\/td>\n<td style=\"width: 13.4611%; height: 40px;\">play-off<\/td>\n<td style=\"width: 18.057%; height: 40px;\">Hajduk Split<\/td>\n<td style=\"width: 7.79037%; text-align: center; height: 40px;\">2\u20130<\/td>\n<td style=\"width: 8.2153%; text-align: center; height: 40px;\">1\u20131<\/td>\n<td style=\"width: 22.1407%; text-align: center; height: 40px;\"><b>3:1<\/b><\/td>\n<\/tr>\n<tr style=\"height: 40px;\">\n<td style=\"width: 9.34844%; height: 40px;\">2017\/18<\/td>\n<td style=\"width: 27.8303%; height: 40px;\">UEFA Europa League<\/td>\n<td style=\"width: 13.4611%; height: 40px;\">sk. E<\/td>\n<td style=\"width: 18.057%; height: 40px;\">Atalanta<\/td>\n<td style=\"width: 7.79037%; text-align: center; height: 40px;\">1\u20135<\/td>\n<td style=\"width: 8.2153%; text-align: center; height: 40px;\">0\u20133<\/td>\n<td style=\"width: 22.1407%; text-align: center; height: 40px;\"><b>3.<\/b><\/td>\n<\/tr>\n<tr style=\"height: 40px;\">\n<td style=\"width: 9.34844%; height: 40px;\">2017\/18<\/td>\n<td style=\"width: 27.8303%; height: 40px;\">UEFA Europa League<\/td>\n<td style=\"width: 13.4611%; height: 40px;\">sk. E<\/td>\n<td style=\"width: 18.057%; height: 40px;\">Apollon Limassol<\/td>\n<td style=\"width: 7.79037%; text-align: center; height: 40px;\">2\u20132<\/td>\n<td style=\"width: 8.2153%; text-align: center; height: 40px;\">3\u20130<\/td>\n<td style=\"width: 22.1407%; text-align: center; height: 40px;\"><b>3.<\/b><\/td>\n<\/tr>\n<tr style=\"height: 40px;\">\n<td style=\"width: 9.34844%; height: 40px;\">2017\/18<\/td>\n<td style=\"width: 27.8303%; height: 40px;\">UEFA Europa League<\/td>\n<td style=\"width: 13.4611%; height: 40px;\">sk. E<\/td>\n<td style=\"width: 18.057%; height: 40px;\">\u00a0Lyon<\/td>\n<td style=\"width: 7.79037%; text-align: center; height: 40px;\">1\u20132<\/td>\n<td style=\"width: 8.2153%; text-align: center; height: 40px;\">0\u20133<\/td>\n<td style=\"width: 22.1407%; text-align: center; height: 40px;\"><b>3.<\/b><\/td>\n<\/tr>\n<\/tbody>\n<\/table>\n","protected":false},"excerpt":{"rendered":"<p>\u010cl\u00e1nek z historie na pokra\u010dov\u00e1n\u00ed v\u00e1m p\u0159in\u00e1\u0161\u00ed souhrn vystoupen\u00ed Toffees v kontinent\u00e1ln\u00edch poh\u00e1rov\u00fdch sout\u011b\u017e\u00edch, kter\u00e1 zapo\u010dala v \u0161edes\u00e1t\u00fdch letech minul\u00e9ho stolet\u00ed.<\/p>\n","protected":false},"author":12,"featured_media":7531,"comment_status":"open","ping_status":"closed","sticky":false,"template":"","format":"standard","meta":{"_eb_attr":"","_monsterinsights_skip_tracking":false,"_monsterinsights_sitenote_active":false,"_monsterinsights_sitenote_note":"","_monsterinsights_sitenote_category":0,"footnotes":""},"categories":[86],"tags":[],"yoast_head":"<!-- This site is optimized with the Yoast SEO plugin v23.4 - https:\/\/yoast.com\/wordpress\/plugins\/seo\/ -->\n<title>Evropsk\u00e1 vystoupen\u00ed - III. d\u00edl - Official Czech &amp; Slovak Everton Supporters&#039; Club<\/title>\n<meta name=\"robots\" content=\"index, follow, max-snippet:-1, max-image-preview:large, max-video-preview:-1\" \/>\n<link rel=\"canonical\" href=\"https:\/\/evertonfc.cz\/index.php\/2019\/04\/19\/evropska-vystoupeni-iii-dil\/\" \/>\n<meta property=\"og:locale\" content=\"cs_CZ\" \/>\n<meta property=\"og:type\" content=\"article\" \/>\n<meta property=\"og:title\" content=\"Evropsk\u00e1 vystoupen\u00ed - III. d\u00edl - Official Czech &amp; Slovak Everton Supporters&#039; Club\" \/>\n<meta property=\"og:description\" content=\"\u010cl\u00e1nek z historie na pokra\u010dov\u00e1n\u00ed v\u00e1m p\u0159in\u00e1\u0161\u00ed souhrn vystoupen\u00ed Toffees v kontinent\u00e1ln\u00edch poh\u00e1rov\u00fdch sout\u011b\u017e\u00edch, kter\u00e1 zapo\u010dala v \u0161edes\u00e1t\u00fdch letech minul\u00e9ho stolet\u00ed.\" \/>\n<meta property=\"og:url\" content=\"https:\/\/evertonfc.cz\/index.php\/2019\/04\/19\/evropska-vystoupeni-iii-dil\/\" \/>\n<meta property=\"og:site_name\" content=\"Official Czech &amp; Slovak Everton Supporters&#039; Club\" \/>\n<meta property=\"article:publisher\" content=\"https:\/\/www.facebook.com\/everton.fans.cz.sk\" \/>\n<meta property=\"article:published_time\" content=\"2019-04-19T20:49:33+00:00\" \/>\n<meta property=\"article:modified_time\" content=\"2021-03-12T15:40:07+00:00\" \/>\n<meta property=\"og:image\" content=\"https:\/\/evertonfc.cz\/wp-content\/uploads\/2019\/04\/villareal_19_4_2019.jpg\" \/>\n\t<meta property=\"og:image:width\" content=\"720\" \/>\n\t<meta property=\"og:image:height\" content=\"405\" \/>\n\t<meta property=\"og:image:type\" content=\"image\/jpeg\" \/>\n<meta name=\"author\" content=\"Javor\" \/>\n<meta name=\"twitter:card\" content=\"summary_large_image\" \/>\n<meta name=\"twitter:creator\" content=\"@LoudinJan\" \/>\n<meta name=\"twitter:label1\" content=\"Napsal(a)\" \/>\n\t<meta name=\"twitter:data1\" content=\"Javor\" \/>\n\t<meta name=\"twitter:label2\" content=\"Odhadovan\u00e1 doba \u010dten\u00ed\" \/>\n\t<meta name=\"twitter:data2\" content=\"7 minut\" \/>\n<script type=\"application\/ld+json\" class=\"yoast-schema-graph\">{\"@context\":\"https:\/\/schema.org\",\"@graph\":[{\"@type\":\"Article\",\"@id\":\"https:\/\/evertonfc.cz\/index.php\/2019\/04\/19\/evropska-vystoupeni-iii-dil\/#article\",\"isPartOf\":{\"@id\":\"https:\/\/evertonfc.cz\/index.php\/2019\/04\/19\/evropska-vystoupeni-iii-dil\/\"},\"author\":{\"name\":\"Javor\",\"@id\":\"https:\/\/evertonfc.cz\/#\/schema\/person\/b30daf6a5852f4811f8207a17ec1bf78\"},\"headline\":\"Evropsk\u00e1 vystoupen\u00ed &#8211; III. d\u00edl\",\"datePublished\":\"2019-04-19T20:49:33+00:00\",\"dateModified\":\"2021-03-12T15:40:07+00:00\",\"mainEntityOfPage\":{\"@id\":\"https:\/\/evertonfc.cz\/index.php\/2019\/04\/19\/evropska-vystoupeni-iii-dil\/\"},\"wordCount\":1903,\"commentCount\":7,\"publisher\":{\"@id\":\"https:\/\/evertonfc.cz\/#organization\"},\"image\":{\"@id\":\"https:\/\/evertonfc.cz\/index.php\/2019\/04\/19\/evropska-vystoupeni-iii-dil\/#primaryimage\"},\"thumbnailUrl\":\"https:\/\/evertonfc.cz\/wp-content\/uploads\/2019\/04\/villareal_19_4_2019.jpg\",\"articleSection\":[\"Evropsk\u00e1 vystoupen\u00ed\"],\"inLanguage\":\"cs\",\"potentialAction\":[{\"@type\":\"CommentAction\",\"name\":\"Comment\",\"target\":[\"https:\/\/evertonfc.cz\/index.php\/2019\/04\/19\/evropska-vystoupeni-iii-dil\/#respond\"]}]},{\"@type\":\"WebPage\",\"@id\":\"https:\/\/evertonfc.cz\/index.php\/2019\/04\/19\/evropska-vystoupeni-iii-dil\/\",\"url\":\"https:\/\/evertonfc.cz\/index.php\/2019\/04\/19\/evropska-vystoupeni-iii-dil\/\",\"name\":\"Evropsk\u00e1 vystoupen\u00ed - III. d\u00edl - Official Czech &amp; Slovak Everton Supporters&#039; Club\",\"isPartOf\":{\"@id\":\"https:\/\/evertonfc.cz\/#website\"},\"primaryImageOfPage\":{\"@id\":\"https:\/\/evertonfc.cz\/index.php\/2019\/04\/19\/evropska-vystoupeni-iii-dil\/#primaryimage\"},\"image\":{\"@id\":\"https:\/\/evertonfc.cz\/index.php\/2019\/04\/19\/evropska-vystoupeni-iii-dil\/#primaryimage\"},\"thumbnailUrl\":\"https:\/\/evertonfc.cz\/wp-content\/uploads\/2019\/04\/villareal_19_4_2019.jpg\",\"datePublished\":\"2019-04-19T20:49:33+00:00\",\"dateModified\":\"2021-03-12T15:40:07+00:00\",\"breadcrumb\":{\"@id\":\"https:\/\/evertonfc.cz\/index.php\/2019\/04\/19\/evropska-vystoupeni-iii-dil\/#breadcrumb\"},\"inLanguage\":\"cs\",\"potentialAction\":[{\"@type\":\"ReadAction\",\"target\":[\"https:\/\/evertonfc.cz\/index.php\/2019\/04\/19\/evropska-vystoupeni-iii-dil\/\"]}]},{\"@type\":\"ImageObject\",\"inLanguage\":\"cs\",\"@id\":\"https:\/\/evertonfc.cz\/index.php\/2019\/04\/19\/evropska-vystoupeni-iii-dil\/#primaryimage\",\"url\":\"https:\/\/evertonfc.cz\/wp-content\/uploads\/2019\/04\/villareal_19_4_2019.jpg\",\"contentUrl\":\"https:\/\/evertonfc.cz\/wp-content\/uploads\/2019\/04\/villareal_19_4_2019.jpg\",\"width\":720,\"height\":405},{\"@type\":\"BreadcrumbList\",\"@id\":\"https:\/\/evertonfc.cz\/index.php\/2019\/04\/19\/evropska-vystoupeni-iii-dil\/#breadcrumb\",\"itemListElement\":[{\"@type\":\"ListItem\",\"position\":1,\"name\":\"Home\",\"item\":\"https:\/\/evertonfc.cz\/\"},{\"@type\":\"ListItem\",\"position\":2,\"name\":\"Evropsk\u00e1 vystoupen\u00ed &#8211; III. d\u00edl\"}]},{\"@type\":\"WebSite\",\"@id\":\"https:\/\/evertonfc.cz\/#website\",\"url\":\"https:\/\/evertonfc.cz\/\",\"name\":\"Official Czech &amp; Slovak Everton Supporters&#039; Club\",\"description\":\"\",\"publisher\":{\"@id\":\"https:\/\/evertonfc.cz\/#organization\"},\"potentialAction\":[{\"@type\":\"SearchAction\",\"target\":{\"@type\":\"EntryPoint\",\"urlTemplate\":\"https:\/\/evertonfc.cz\/?s={search_term_string}\"},\"query-input\":{\"@type\":\"PropertyValueSpecification\",\"valueRequired\":true,\"valueName\":\"search_term_string\"}}],\"inLanguage\":\"cs\"},{\"@type\":\"Organization\",\"@id\":\"https:\/\/evertonfc.cz\/#organization\",\"name\":\"Official Czech & Slovak Everton Supporters' Club\",\"url\":\"https:\/\/evertonfc.cz\/\",\"logo\":{\"@type\":\"ImageObject\",\"inLanguage\":\"cs\",\"@id\":\"https:\/\/evertonfc.cz\/#\/schema\/logo\/image\/\",\"url\":\"https:\/\/evertonfc.cz\/wp-content\/uploads\/2019\/05\/logo.png\",\"contentUrl\":\"https:\/\/evertonfc.cz\/wp-content\/uploads\/2019\/05\/logo.png\",\"width\":112,\"height\":112,\"caption\":\"Official Czech & Slovak Everton Supporters' Club\"},\"image\":{\"@id\":\"https:\/\/evertonfc.cz\/#\/schema\/logo\/image\/\"},\"sameAs\":[\"https:\/\/www.facebook.com\/everton.fans.cz.sk\"]},{\"@type\":\"Person\",\"@id\":\"https:\/\/evertonfc.cz\/#\/schema\/person\/b30daf6a5852f4811f8207a17ec1bf78\",\"name\":\"Javor\",\"sameAs\":[\"https:\/\/x.com\/LoudinJan\"],\"url\":\"https:\/\/evertonfc.cz\/index.php\/author\/javor\/\"}]}<\/script>\n<!-- \/ Yoast SEO plugin. -->","yoast_head_json":{"title":"Evropsk\u00e1 vystoupen\u00ed - III. d\u00edl - Official Czech &amp; Slovak Everton Supporters&#039; Club","robots":{"index":"index","follow":"follow","max-snippet":"max-snippet:-1","max-image-preview":"max-image-preview:large","max-video-preview":"max-video-preview:-1"},"canonical":"https:\/\/evertonfc.cz\/index.php\/2019\/04\/19\/evropska-vystoupeni-iii-dil\/","og_locale":"cs_CZ","og_type":"article","og_title":"Evropsk\u00e1 vystoupen\u00ed - III. d\u00edl - Official Czech &amp; Slovak Everton Supporters&#039; Club","og_description":"\u010cl\u00e1nek z historie na pokra\u010dov\u00e1n\u00ed v\u00e1m p\u0159in\u00e1\u0161\u00ed souhrn vystoupen\u00ed Toffees v kontinent\u00e1ln\u00edch poh\u00e1rov\u00fdch sout\u011b\u017e\u00edch, kter\u00e1 zapo\u010dala v \u0161edes\u00e1t\u00fdch letech minul\u00e9ho stolet\u00ed.","og_url":"https:\/\/evertonfc.cz\/index.php\/2019\/04\/19\/evropska-vystoupeni-iii-dil\/","og_site_name":"Official Czech &amp; Slovak Everton Supporters&#039; Club","article_publisher":"https:\/\/www.facebook.com\/everton.fans.cz.sk","article_published_time":"2019-04-19T20:49:33+00:00","article_modified_time":"2021-03-12T15:40:07+00:00","og_image":[{"width":720,"height":405,"url":"https:\/\/evertonfc.cz\/wp-content\/uploads\/2019\/04\/villareal_19_4_2019.jpg","type":"image\/jpeg"}],"author":"Javor","twitter_card":"summary_large_image","twitter_creator":"@LoudinJan","twitter_misc":{"Napsal(a)":"Javor","Odhadovan\u00e1 doba \u010dten\u00ed":"7 minut"},"schema":{"@context":"https:\/\/schema.org","@graph":[{"@type":"Article","@id":"https:\/\/evertonfc.cz\/index.php\/2019\/04\/19\/evropska-vystoupeni-iii-dil\/#article","isPartOf":{"@id":"https:\/\/evertonfc.cz\/index.php\/2019\/04\/19\/evropska-vystoupeni-iii-dil\/"},"author":{"name":"Javor","@id":"https:\/\/evertonfc.cz\/#\/schema\/person\/b30daf6a5852f4811f8207a17ec1bf78"},"headline":"Evropsk\u00e1 vystoupen\u00ed &#8211; III. d\u00edl","datePublished":"2019-04-19T20:49:33+00:00","dateModified":"2021-03-12T15:40:07+00:00","mainEntityOfPage":{"@id":"https:\/\/evertonfc.cz\/index.php\/2019\/04\/19\/evropska-vystoupeni-iii-dil\/"},"wordCount":1903,"commentCount":7,"publisher":{"@id":"https:\/\/evertonfc.cz\/#organization"},"image":{"@id":"https:\/\/evertonfc.cz\/index.php\/2019\/04\/19\/evropska-vystoupeni-iii-dil\/#primaryimage"},"thumbnailUrl":"https:\/\/evertonfc.cz\/wp-content\/uploads\/2019\/04\/villareal_19_4_2019.jpg","articleSection":["Evropsk\u00e1 vystoupen\u00ed"],"inLanguage":"cs","potentialAction":[{"@type":"CommentAction","name":"Comment","target":["https:\/\/evertonfc.cz\/index.php\/2019\/04\/19\/evropska-vystoupeni-iii-dil\/#respond"]}]},{"@type":"WebPage","@id":"https:\/\/evertonfc.cz\/index.php\/2019\/04\/19\/evropska-vystoupeni-iii-dil\/","url":"https:\/\/evertonfc.cz\/index.php\/2019\/04\/19\/evropska-vystoupeni-iii-dil\/","name":"Evropsk\u00e1 vystoupen\u00ed - III. d\u00edl - Official Czech &amp; Slovak Everton Supporters&#039; Club","isPartOf":{"@id":"https:\/\/evertonfc.cz\/#website"},"primaryImageOfPage":{"@id":"https:\/\/evertonfc.cz\/index.php\/2019\/04\/19\/evropska-vystoupeni-iii-dil\/#primaryimage"},"image":{"@id":"https:\/\/evertonfc.cz\/index.php\/2019\/04\/19\/evropska-vystoupeni-iii-dil\/#primaryimage"},"thumbnailUrl":"https:\/\/evertonfc.cz\/wp-content\/uploads\/2019\/04\/villareal_19_4_2019.jpg","datePublished":"2019-04-19T20:49:33+00:00","dateModified":"2021-03-12T15:40:07+00:00","breadcrumb":{"@id":"https:\/\/evertonfc.cz\/index.php\/2019\/04\/19\/evropska-vystoupeni-iii-dil\/#breadcrumb"},"inLanguage":"cs","potentialAction":[{"@type":"ReadAction","target":["https:\/\/evertonfc.cz\/index.php\/2019\/04\/19\/evropska-vystoupeni-iii-dil\/"]}]},{"@type":"ImageObject","inLanguage":"cs","@id":"https:\/\/evertonfc.cz\/index.php\/2019\/04\/19\/evropska-vystoupeni-iii-dil\/#primaryimage","url":"https:\/\/evertonfc.cz\/wp-content\/uploads\/2019\/04\/villareal_19_4_2019.jpg","contentUrl":"https:\/\/evertonfc.cz\/wp-content\/uploads\/2019\/04\/villareal_19_4_2019.jpg","width":720,"height":405},{"@type":"BreadcrumbList","@id":"https:\/\/evertonfc.cz\/index.php\/2019\/04\/19\/evropska-vystoupeni-iii-dil\/#breadcrumb","itemListElement":[{"@type":"ListItem","position":1,"name":"Home","item":"https:\/\/evertonfc.cz\/"},{"@type":"ListItem","position":2,"name":"Evropsk\u00e1 vystoupen\u00ed &#8211; III. d\u00edl"}]},{"@type":"WebSite","@id":"https:\/\/evertonfc.cz\/#website","url":"https:\/\/evertonfc.cz\/","name":"Official Czech &amp; Slovak Everton Supporters&#039; Club","description":"","publisher":{"@id":"https:\/\/evertonfc.cz\/#organization"},"potentialAction":[{"@type":"SearchAction","target":{"@type":"EntryPoint","urlTemplate":"https:\/\/evertonfc.cz\/?s={search_term_string}"},"query-input":{"@type":"PropertyValueSpecification","valueRequired":true,"valueName":"search_term_string"}}],"inLanguage":"cs"},{"@type":"Organization","@id":"https:\/\/evertonfc.cz\/#organization","name":"Official Czech & Slovak Everton Supporters' Club","url":"https:\/\/evertonfc.cz\/","logo":{"@type":"ImageObject","inLanguage":"cs","@id":"https:\/\/evertonfc.cz\/#\/schema\/logo\/image\/","url":"https:\/\/evertonfc.cz\/wp-content\/uploads\/2019\/05\/logo.png","contentUrl":"https:\/\/evertonfc.cz\/wp-content\/uploads\/2019\/05\/logo.png","width":112,"height":112,"caption":"Official Czech & Slovak Everton Supporters' Club"},"image":{"@id":"https:\/\/evertonfc.cz\/#\/schema\/logo\/image\/"},"sameAs":["https:\/\/www.facebook.com\/everton.fans.cz.sk"]},{"@type":"Person","@id":"https:\/\/evertonfc.cz\/#\/schema\/person\/b30daf6a5852f4811f8207a17ec1bf78","name":"Javor","sameAs":["https:\/\/x.com\/LoudinJan"],"url":"https:\/\/evertonfc.cz\/index.php\/author\/javor\/"}]}},"_links":{"self":[{"href":"https:\/\/evertonfc.cz\/index.php\/wp-json\/wp\/v2\/posts\/7536"}],"collection":[{"href":"https:\/\/evertonfc.cz\/index.php\/wp-json\/wp\/v2\/posts"}],"about":[{"href":"https:\/\/evertonfc.cz\/index.php\/wp-json\/wp\/v2\/types\/post"}],"author":[{"embeddable":true,"href":"https:\/\/evertonfc.cz\/index.php\/wp-json\/wp\/v2\/users\/12"}],"replies":[{"embeddable":true,"href":"https:\/\/evertonfc.cz\/index.php\/wp-json\/wp\/v2\/comments?post=7536"}],"version-history":[{"count":5,"href":"https:\/\/evertonfc.cz\/index.php\/wp-json\/wp\/v2\/posts\/7536\/revisions"}],"predecessor-version":[{"id":14617,"href":"https:\/\/evertonfc.cz\/index.php\/wp-json\/wp\/v2\/posts\/7536\/revisions\/14617"}],"wp:featuredmedia":[{"embeddable":true,"href":"https:\/\/evertonfc.cz\/index.php\/wp-json\/wp\/v2\/media\/7531"}],"wp:attachment":[{"href":"https:\/\/evertonfc.cz\/index.php\/wp-json\/wp\/v2\/media?parent=7536"}],"wp:term":[{"taxonomy":"category","embeddable":true,"href":"https:\/\/evertonfc.cz\/index.php\/wp-json\/wp\/v2\/categories?post=7536"},{"taxonomy":"post_tag","embeddable":true,"href":"https:\/\/evertonfc.cz\/index.php\/wp-json\/wp\/v2\/tags?post=7536"}],"curies":[{"name":"wp","href":"https:\/\/api.w.org\/{rel}","templated":true}]}}