{"id":7546,"date":"2019-04-21T17:11:12","date_gmt":"2019-04-21T15:11:12","guid":{"rendered":"https:\/\/evertonfc.cz\/?p=7546"},"modified":"2019-04-23T09:22:51","modified_gmt":"2019-04-23T07:22:51","slug":"everton-manchester-united-40","status":"publish","type":"post","link":"https:\/\/evertonfc.cz\/index.php\/2019\/04\/21\/everton-manchester-united-40\/","title":{"rendered":"Everton &#8211; Manchester United 4:0"},"content":{"rendered":"<h4>Ve\u013ek\u00e1 noc bude aj v Liverpoole, ke\u010f dnes karamelov\u00fd man\u0161aft osl\u00e1vi pam\u00e4tn\u00fa v\u00fdhru. Obh\u00e1jenie siedmeho miesta do konca sez\u00f3ny v\u0161ak nie je v na\u0161ich ruk\u00e1ch.<\/h4>\n<p>Nastal \u010das chv\u00e1li\u0165. Presta\u0165 sa pozera\u0165 na zl\u00fa hru in\u00fdch a\u00a0miesto toho rad\u0161ej oce\u0148ova\u0165 pokrok, ktor\u00fd Everton pod Marcom Silvom urobil. Samozrejme, \u017ee spomen\u00fa\u0165 probl\u00e9my oponentov je objekt\u00edvne, ale nie na \u00fakor a\u00a0zatienenie v\u00fdsledkov Toffees, ktor\u00e9 z\u00a0posledn\u00fdch siedmich z\u00e1pasov vydolovali p\u00e4\u0165 \u010dist\u00fdch \u0161t\u00edtov.<\/p>\n<p>V\u00ed\u0165azstv\u00e1 sa nie v\u017edy rodili \u013eahko a presved\u010divo, ale na to sa nikdy nikto nebude viac p\u00fdta\u0165. Upadne to do zabudnutia u\u017e po p\u00e1r d\u0148och. A ak chceme by\u0165 aj na\u010falej objekt\u00edvni, na rozdiel od v\u00e4\u010d\u0161iny m\u00e9di\u00ed, \u010di u\u017e dom\u00e1cich alebo zahrani\u010dn\u00fdch, Karamelky zdolali t\u00edm, ktor\u00fd predt\u00fdm zv\u00ed\u0165azil v Parku Princov, na Chelsea a doma rem\u00edzoval s Liverpoolom.<\/p>\n<p>Rovnako ako predo\u0161l\u00e9 \u0161tyri dom\u00e1ce, pre n\u00e1s triumf\u00e1lne v\u00fdsledky, aj tento sa za\u010dal podobne. Vyzn\u00e1vanie form\u00e1cie 4-2-3-1, \u017eiadne nevyn\u00faten\u00e9 zmeny a\u00a0poctiv\u00e1 pr\u00e1ca za pomoci vern\u00e9ho publika. Vyn\u00faten\u00fa zmenu predstavoval Schneiderlin a\u00a0n\u00e1vrat Keana.<\/p>\n<p>Everton si po odp\u00edskan\u00ed za\u010dal postupne budova\u0165 tlak a\u00a0pri st\u00fapaj\u00facom po\u010dte na\u0161ich rohov n\u00e1m k\u00a0tomu boli n\u00e1pomocn\u00ed aj Lindelof s\u00a0Dalotom, hraj\u00faci na \u00faplne improvizovan\u00fdch miestach, ktor\u00e9 n\u00e1m dod\u00e1vali viac slobody na kr\u00eddlach a\u00a0pokoj du\u0161e v\u00a0zadn\u00fdch radoch.<\/p>\n<p>Dom\u00e1ci sa prezentovali dobr\u00fdm nap\u00e1dan\u00edm, ale tentokr\u00e1t sa t\u00e1to prospe\u0161n\u00e1 \u010dinnos\u0165 odohr\u00e1vala viac v\u00a0strede ihriska, aby sa zamedzilo zjednodu\u0161en\u00e9mu postupu s\u00fapera. Ba \u010do viac, ako pozit\u00edvny dopad absencie len vysok\u00e9ho pressingu bol zn\u00ed\u017een\u00fd po\u010det nebezpe\u010dn\u00fdch prepadnut\u00ed do otvorenej obrany.<\/p>\n<p>Na prv\u00fd g\u00f3l sa dlho ne\u010dakalo. Dlh\u00e9 vhadzovanie Digneho a\u017e do v\u00e1pna pred\u013a\u017eil Calvert Lewin, a\u00a0to rovno k\u00a0Richarlisonovi. Ten veru nezaprel svoje korene a\u00a0akrobatick\u00fdm volejom zakon\u010dil popod brvno z\u00a0bezprostrednej bl\u00edzkosti. De Gea nestihol v\u010das zareagova\u0165 a\u00a0Dalot si tie\u017e m\u00f4\u017ee spytova\u0165 svedomie za otvorenie sk\u00f3re.<\/p>\n<p>Druh\u00fd a\u00a0posledn\u00fd g\u00f3l prv\u00e9ho pol\u010dasu sa dostal do br\u00e1nky po proti\u00fatoku. Skvel\u00e9 odvr\u00e1ten\u00fd roh Keanom potiahol Gueye po nar\u00e1\u017ea\u010dke s\u00a0Bernardom. N\u00e1sledne loptu posunul Sigurdssonovi a\u00a0ten si poradil s\u00e1m. Ned\u00f4sledne br\u00e1nen\u00fd Mati\u0107om, potiahol si loptu do stredu pred \u0161estn\u00e1stku \u00a0a\u00a0z\u00a0dobr\u00fdch dvadsiatich metrov vyp\u00e1lil.<\/p>\n<p>Brank\u00e1r host\u00ed sa zmohol len na rozhadzovanie rukami po tom, \u010do mu lopta presvi\u0161\u0165ala k\u00a0pravej \u017erdi a\u00a0rozvlnila sie\u0165 na 2:0. To je zn\u00e1me sk\u00f3re, ktor\u00e9 sa na druh\u00fd poh\u013ead nejav\u00ed n\u00e1dejne. Av\u0161ak predstavenie pre \u010cerven\u00fdch Diablov pokra\u010dovalo a\u00a0to v divadle no\u010dn\u00fdch m\u00f4r.<\/p>\n<p>Islan\u010fanov kop od rohovej zast\u00e1vky v\u00a0druhom dejstve vyboxoval de Gea len k\u00a0Dignemu. A\u00a0to bolo ve\u013ek\u00e1 chyba. Franc\u00fazsky reprezentant sa s\u00a0t\u00fdm nep\u00e1ral a\u00a0halfvolejom to upratal na podobn\u00e9 miesto, z\u00a0ak\u00e9ho hostia museli lovi\u0165 loptu u\u017e pri druhom g\u00f3le.<\/p>\n<p>Povestn\u00fd klinec do rakvy zat\u013akol Walcott. Vhadzovanie na vlastnej polovici si na\u0161lo na\u0161e \u010d\u00edslo desa\u0165 a\u00a0potvrdilo tvoriv\u00e9 schopnosti pri vysunut\u00ed Walcotta do samostatn\u00e9ho n\u00e1jazdu. V\u00a0\u0148om si poradil s\u00e1m, ke\u010f pravou nohou ponad l\u00fdtko brank\u00e1ra zav\u0155\u0161il absol\u00fatnu hern\u00fa dominanciu.<\/p>\n<p>Tak\u017ee v\u00e1\u017een\u00ed, neberte n\u00e1m z\u00e1sluhy. Silvova dru\u017eina si to zasl\u00fa\u017ei. Pre\u0161la si ve\u013emi \u0165a\u017ek\u00fdm obdob\u00edm, testovala trpezlivos\u0165 v\u0161etk\u00fdch, aby na z\u00e1ver uk\u00e1zala potenci\u00e1l, ktor\u00fd sa postupne dar\u00ed Portugalcovi odkr\u00fdva\u0165. A\u00a0\u010do, \u017ee len doma? Toto by mal by\u0165 len za\u010diatok, preto\u017ee hoci nie len jedna cesta vedie do R\u00edma, v\u0161etky s\u00fa dlh\u00e9 a\u00a0k\u013eukat\u00e9.<\/p>\n<hr \/>\n<p><strong>Mu\u017e z\u00e1pasu: <\/strong>Gylfi Sigurdsson (Sky\/BBC)<\/p>\n<p><strong>G\u00f3ly:<\/strong> 13\u00b4 Richarlison (Calvert-Lewin), 28\u00b4 Sigurdsson (Gueye), 56\u00b4 Digne, 64\u00b4 Sigurdsson (Walcott)<\/p>\n<p><strong>\u017dK: <\/strong>23\u00b4 Gueye, 68\u00b4McTominay<\/p>\n<p><strong>Manchester United FC: <\/strong>de Gea \u2013 Lindelof, Smalling, Jones (46\u00b4Young), Dalot \u2013 Pogba, Mati\u0107, Fred (46\u00b4McTominay) \u2013 Rashford (77\u00b4Pereira), Lukaku, Martial<\/p>\n<p><strong>Everton FC: <\/strong>Pickford \u2013 Coleman, Keane, Zouma, Digne (85\u00b4Jagielka) \u2013 Gueye (76\u00b4McCarthy), Schneiderlin \u2013 Richarlison (51\u00b4Walcott), Sigurdsson, Bernard \u2013 Calvert-Lewin<\/p>\n<p><strong>Rozhodca: <\/strong>Paul Tierney<\/p>\n<p><strong>Po\u010det div\u00e1kov: <\/strong>39 395, Goodison Park (Liverpool)<\/p>\n","protected":false},"excerpt":{"rendered":"<p>Ve\u013ek\u00e1 noc bude aj v Liverpoole, ke\u010f dnes karamelov\u00fd man\u0161aft osl\u00e1vi pam\u00e4tn\u00fa v\u00fdhru. Obh\u00e1jenie siedmeho miesta do konca sez\u00f3ny v\u0161ak nie je v na\u0161ich ruk\u00e1ch.<\/p>\n","protected":false},"author":1,"featured_media":7547,"comment_status":"open","ping_status":"closed","sticky":false,"template":"","format":"standard","meta":{"_eb_attr":"","_monsterinsights_skip_tracking":false,"_monsterinsights_sitenote_active":false,"_monsterinsights_sitenote_note":"","_monsterinsights_sitenote_category":0,"footnotes":""},"categories":[4],"tags":[],"yoast_head":"<!-- This site is optimized with the Yoast SEO plugin v23.4 - https:\/\/yoast.com\/wordpress\/plugins\/seo\/ -->\n<title>Everton - Manchester United 4:0 - Official Czech &amp; Slovak Everton Supporters&#039; Club<\/title>\n<meta name=\"robots\" content=\"index, follow, max-snippet:-1, max-image-preview:large, max-video-preview:-1\" \/>\n<link rel=\"canonical\" href=\"https:\/\/evertonfc.cz\/index.php\/2019\/04\/21\/everton-manchester-united-40\/\" \/>\n<meta property=\"og:locale\" content=\"cs_CZ\" \/>\n<meta property=\"og:type\" content=\"article\" \/>\n<meta property=\"og:title\" content=\"Everton - Manchester United 4:0 - Official Czech &amp; Slovak Everton Supporters&#039; Club\" \/>\n<meta property=\"og:description\" content=\"Ve\u013ek\u00e1 noc bude aj v Liverpoole, ke\u010f dnes karamelov\u00fd man\u0161aft osl\u00e1vi pam\u00e4tn\u00fa v\u00fdhru. Obh\u00e1jenie siedmeho miesta do konca sez\u00f3ny v\u0161ak nie je v na\u0161ich ruk\u00e1ch.\" \/>\n<meta property=\"og:url\" content=\"https:\/\/evertonfc.cz\/index.php\/2019\/04\/21\/everton-manchester-united-40\/\" \/>\n<meta property=\"og:site_name\" content=\"Official Czech &amp; Slovak Everton Supporters&#039; Club\" \/>\n<meta property=\"article:publisher\" content=\"https:\/\/www.facebook.com\/everton.fans.cz.sk\" \/>\n<meta property=\"article:published_time\" content=\"2019-04-21T15:11:12+00:00\" \/>\n<meta property=\"article:modified_time\" content=\"2019-04-23T07:22:51+00:00\" \/>\n<meta property=\"og:image\" content=\"https:\/\/evertonfc.cz\/wp-content\/uploads\/2019\/04\/Richarlison-21-4-2019.jpg\" \/>\n\t<meta property=\"og:image:width\" content=\"720\" \/>\n\t<meta property=\"og:image:height\" content=\"405\" \/>\n\t<meta property=\"og:image:type\" content=\"image\/jpeg\" \/>\n<meta name=\"author\" content=\"BlueBlooded\" \/>\n<meta name=\"twitter:card\" content=\"summary_large_image\" \/>\n<meta name=\"twitter:label1\" content=\"Napsal(a)\" \/>\n\t<meta name=\"twitter:data1\" content=\"BlueBlooded\" \/>\n\t<meta name=\"twitter:label2\" content=\"Odhadovan\u00e1 doba \u010dten\u00ed\" \/>\n\t<meta name=\"twitter:data2\" content=\"4 minuty\" \/>\n<script type=\"application\/ld+json\" class=\"yoast-schema-graph\">{\"@context\":\"https:\/\/schema.org\",\"@graph\":[{\"@type\":\"Article\",\"@id\":\"https:\/\/evertonfc.cz\/index.php\/2019\/04\/21\/everton-manchester-united-40\/#article\",\"isPartOf\":{\"@id\":\"https:\/\/evertonfc.cz\/index.php\/2019\/04\/21\/everton-manchester-united-40\/\"},\"author\":{\"name\":\"BlueBlooded\",\"@id\":\"https:\/\/evertonfc.cz\/#\/schema\/person\/d4493b8cbea51532597fbc4685698916\"},\"headline\":\"Everton &#8211; Manchester United 4:0\",\"datePublished\":\"2019-04-21T15:11:12+00:00\",\"dateModified\":\"2019-04-23T07:22:51+00:00\",\"mainEntityOfPage\":{\"@id\":\"https:\/\/evertonfc.cz\/index.php\/2019\/04\/21\/everton-manchester-united-40\/\"},\"wordCount\":750,\"commentCount\":3,\"publisher\":{\"@id\":\"https:\/\/evertonfc.cz\/#organization\"},\"image\":{\"@id\":\"https:\/\/evertonfc.cz\/index.php\/2019\/04\/21\/everton-manchester-united-40\/#primaryimage\"},\"thumbnailUrl\":\"https:\/\/evertonfc.cz\/wp-content\/uploads\/2019\/04\/Richarlison-21-4-2019.jpg\",\"articleSection\":[\"Z\u00e1pasy\"],\"inLanguage\":\"cs\",\"potentialAction\":[{\"@type\":\"CommentAction\",\"name\":\"Comment\",\"target\":[\"https:\/\/evertonfc.cz\/index.php\/2019\/04\/21\/everton-manchester-united-40\/#respond\"]}]},{\"@type\":\"WebPage\",\"@id\":\"https:\/\/evertonfc.cz\/index.php\/2019\/04\/21\/everton-manchester-united-40\/\",\"url\":\"https:\/\/evertonfc.cz\/index.php\/2019\/04\/21\/everton-manchester-united-40\/\",\"name\":\"Everton - Manchester United 4:0 - Official Czech &amp; Slovak Everton Supporters&#039; Club\",\"isPartOf\":{\"@id\":\"https:\/\/evertonfc.cz\/#website\"},\"primaryImageOfPage\":{\"@id\":\"https:\/\/evertonfc.cz\/index.php\/2019\/04\/21\/everton-manchester-united-40\/#primaryimage\"},\"image\":{\"@id\":\"https:\/\/evertonfc.cz\/index.php\/2019\/04\/21\/everton-manchester-united-40\/#primaryimage\"},\"thumbnailUrl\":\"https:\/\/evertonfc.cz\/wp-content\/uploads\/2019\/04\/Richarlison-21-4-2019.jpg\",\"datePublished\":\"2019-04-21T15:11:12+00:00\",\"dateModified\":\"2019-04-23T07:22:51+00:00\",\"breadcrumb\":{\"@id\":\"https:\/\/evertonfc.cz\/index.php\/2019\/04\/21\/everton-manchester-united-40\/#breadcrumb\"},\"inLanguage\":\"cs\",\"potentialAction\":[{\"@type\":\"ReadAction\",\"target\":[\"https:\/\/evertonfc.cz\/index.php\/2019\/04\/21\/everton-manchester-united-40\/\"]}]},{\"@type\":\"ImageObject\",\"inLanguage\":\"cs\",\"@id\":\"https:\/\/evertonfc.cz\/index.php\/2019\/04\/21\/everton-manchester-united-40\/#primaryimage\",\"url\":\"https:\/\/evertonfc.cz\/wp-content\/uploads\/2019\/04\/Richarlison-21-4-2019.jpg\",\"contentUrl\":\"https:\/\/evertonfc.cz\/wp-content\/uploads\/2019\/04\/Richarlison-21-4-2019.jpg\",\"width\":720,\"height\":405},{\"@type\":\"BreadcrumbList\",\"@id\":\"https:\/\/evertonfc.cz\/index.php\/2019\/04\/21\/everton-manchester-united-40\/#breadcrumb\",\"itemListElement\":[{\"@type\":\"ListItem\",\"position\":1,\"name\":\"Home\",\"item\":\"https:\/\/evertonfc.cz\/\"},{\"@type\":\"ListItem\",\"position\":2,\"name\":\"Everton &#8211; Manchester United 4:0\"}]},{\"@type\":\"WebSite\",\"@id\":\"https:\/\/evertonfc.cz\/#website\",\"url\":\"https:\/\/evertonfc.cz\/\",\"name\":\"Official Czech &amp; Slovak Everton Supporters&#039; Club\",\"description\":\"\",\"publisher\":{\"@id\":\"https:\/\/evertonfc.cz\/#organization\"},\"potentialAction\":[{\"@type\":\"SearchAction\",\"target\":{\"@type\":\"EntryPoint\",\"urlTemplate\":\"https:\/\/evertonfc.cz\/?s={search_term_string}\"},\"query-input\":{\"@type\":\"PropertyValueSpecification\",\"valueRequired\":true,\"valueName\":\"search_term_string\"}}],\"inLanguage\":\"cs\"},{\"@type\":\"Organization\",\"@id\":\"https:\/\/evertonfc.cz\/#organization\",\"name\":\"Official Czech & Slovak Everton Supporters' Club\",\"url\":\"https:\/\/evertonfc.cz\/\",\"logo\":{\"@type\":\"ImageObject\",\"inLanguage\":\"cs\",\"@id\":\"https:\/\/evertonfc.cz\/#\/schema\/logo\/image\/\",\"url\":\"https:\/\/evertonfc.cz\/wp-content\/uploads\/2019\/05\/logo.png\",\"contentUrl\":\"https:\/\/evertonfc.cz\/wp-content\/uploads\/2019\/05\/logo.png\",\"width\":112,\"height\":112,\"caption\":\"Official Czech & Slovak Everton Supporters' Club\"},\"image\":{\"@id\":\"https:\/\/evertonfc.cz\/#\/schema\/logo\/image\/\"},\"sameAs\":[\"https:\/\/www.facebook.com\/everton.fans.cz.sk\"]},{\"@type\":\"Person\",\"@id\":\"https:\/\/evertonfc.cz\/#\/schema\/person\/d4493b8cbea51532597fbc4685698916\",\"name\":\"BlueBlooded\",\"url\":\"https:\/\/evertonfc.cz\/index.php\/author\/admin\/\"}]}<\/script>\n<!-- \/ Yoast SEO plugin. -->","yoast_head_json":{"title":"Everton - Manchester United 4:0 - Official Czech &amp; Slovak Everton Supporters&#039; Club","robots":{"index":"index","follow":"follow","max-snippet":"max-snippet:-1","max-image-preview":"max-image-preview:large","max-video-preview":"max-video-preview:-1"},"canonical":"https:\/\/evertonfc.cz\/index.php\/2019\/04\/21\/everton-manchester-united-40\/","og_locale":"cs_CZ","og_type":"article","og_title":"Everton - Manchester United 4:0 - Official Czech &amp; Slovak Everton Supporters&#039; Club","og_description":"Ve\u013ek\u00e1 noc bude aj v Liverpoole, ke\u010f dnes karamelov\u00fd man\u0161aft osl\u00e1vi pam\u00e4tn\u00fa v\u00fdhru. Obh\u00e1jenie siedmeho miesta do konca sez\u00f3ny v\u0161ak nie je v na\u0161ich ruk\u00e1ch.","og_url":"https:\/\/evertonfc.cz\/index.php\/2019\/04\/21\/everton-manchester-united-40\/","og_site_name":"Official Czech &amp; Slovak Everton Supporters&#039; Club","article_publisher":"https:\/\/www.facebook.com\/everton.fans.cz.sk","article_published_time":"2019-04-21T15:11:12+00:00","article_modified_time":"2019-04-23T07:22:51+00:00","og_image":[{"width":720,"height":405,"url":"https:\/\/evertonfc.cz\/wp-content\/uploads\/2019\/04\/Richarlison-21-4-2019.jpg","type":"image\/jpeg"}],"author":"BlueBlooded","twitter_card":"summary_large_image","twitter_misc":{"Napsal(a)":"BlueBlooded","Odhadovan\u00e1 doba \u010dten\u00ed":"4 minuty"},"schema":{"@context":"https:\/\/schema.org","@graph":[{"@type":"Article","@id":"https:\/\/evertonfc.cz\/index.php\/2019\/04\/21\/everton-manchester-united-40\/#article","isPartOf":{"@id":"https:\/\/evertonfc.cz\/index.php\/2019\/04\/21\/everton-manchester-united-40\/"},"author":{"name":"BlueBlooded","@id":"https:\/\/evertonfc.cz\/#\/schema\/person\/d4493b8cbea51532597fbc4685698916"},"headline":"Everton &#8211; Manchester United 4:0","datePublished":"2019-04-21T15:11:12+00:00","dateModified":"2019-04-23T07:22:51+00:00","mainEntityOfPage":{"@id":"https:\/\/evertonfc.cz\/index.php\/2019\/04\/21\/everton-manchester-united-40\/"},"wordCount":750,"commentCount":3,"publisher":{"@id":"https:\/\/evertonfc.cz\/#organization"},"image":{"@id":"https:\/\/evertonfc.cz\/index.php\/2019\/04\/21\/everton-manchester-united-40\/#primaryimage"},"thumbnailUrl":"https:\/\/evertonfc.cz\/wp-content\/uploads\/2019\/04\/Richarlison-21-4-2019.jpg","articleSection":["Z\u00e1pasy"],"inLanguage":"cs","potentialAction":[{"@type":"CommentAction","name":"Comment","target":["https:\/\/evertonfc.cz\/index.php\/2019\/04\/21\/everton-manchester-united-40\/#respond"]}]},{"@type":"WebPage","@id":"https:\/\/evertonfc.cz\/index.php\/2019\/04\/21\/everton-manchester-united-40\/","url":"https:\/\/evertonfc.cz\/index.php\/2019\/04\/21\/everton-manchester-united-40\/","name":"Everton - Manchester United 4:0 - Official Czech &amp; Slovak Everton Supporters&#039; Club","isPartOf":{"@id":"https:\/\/evertonfc.cz\/#website"},"primaryImageOfPage":{"@id":"https:\/\/evertonfc.cz\/index.php\/2019\/04\/21\/everton-manchester-united-40\/#primaryimage"},"image":{"@id":"https:\/\/evertonfc.cz\/index.php\/2019\/04\/21\/everton-manchester-united-40\/#primaryimage"},"thumbnailUrl":"https:\/\/evertonfc.cz\/wp-content\/uploads\/2019\/04\/Richarlison-21-4-2019.jpg","datePublished":"2019-04-21T15:11:12+00:00","dateModified":"2019-04-23T07:22:51+00:00","breadcrumb":{"@id":"https:\/\/evertonfc.cz\/index.php\/2019\/04\/21\/everton-manchester-united-40\/#breadcrumb"},"inLanguage":"cs","potentialAction":[{"@type":"ReadAction","target":["https:\/\/evertonfc.cz\/index.php\/2019\/04\/21\/everton-manchester-united-40\/"]}]},{"@type":"ImageObject","inLanguage":"cs","@id":"https:\/\/evertonfc.cz\/index.php\/2019\/04\/21\/everton-manchester-united-40\/#primaryimage","url":"https:\/\/evertonfc.cz\/wp-content\/uploads\/2019\/04\/Richarlison-21-4-2019.jpg","contentUrl":"https:\/\/evertonfc.cz\/wp-content\/uploads\/2019\/04\/Richarlison-21-4-2019.jpg","width":720,"height":405},{"@type":"BreadcrumbList","@id":"https:\/\/evertonfc.cz\/index.php\/2019\/04\/21\/everton-manchester-united-40\/#breadcrumb","itemListElement":[{"@type":"ListItem","position":1,"name":"Home","item":"https:\/\/evertonfc.cz\/"},{"@type":"ListItem","position":2,"name":"Everton &#8211; Manchester United 4:0"}]},{"@type":"WebSite","@id":"https:\/\/evertonfc.cz\/#website","url":"https:\/\/evertonfc.cz\/","name":"Official Czech &amp; Slovak Everton Supporters&#039; Club","description":"","publisher":{"@id":"https:\/\/evertonfc.cz\/#organization"},"potentialAction":[{"@type":"SearchAction","target":{"@type":"EntryPoint","urlTemplate":"https:\/\/evertonfc.cz\/?s={search_term_string}"},"query-input":{"@type":"PropertyValueSpecification","valueRequired":true,"valueName":"search_term_string"}}],"inLanguage":"cs"},{"@type":"Organization","@id":"https:\/\/evertonfc.cz\/#organization","name":"Official Czech & Slovak Everton Supporters' Club","url":"https:\/\/evertonfc.cz\/","logo":{"@type":"ImageObject","inLanguage":"cs","@id":"https:\/\/evertonfc.cz\/#\/schema\/logo\/image\/","url":"https:\/\/evertonfc.cz\/wp-content\/uploads\/2019\/05\/logo.png","contentUrl":"https:\/\/evertonfc.cz\/wp-content\/uploads\/2019\/05\/logo.png","width":112,"height":112,"caption":"Official Czech & Slovak Everton Supporters' Club"},"image":{"@id":"https:\/\/evertonfc.cz\/#\/schema\/logo\/image\/"},"sameAs":["https:\/\/www.facebook.com\/everton.fans.cz.sk"]},{"@type":"Person","@id":"https:\/\/evertonfc.cz\/#\/schema\/person\/d4493b8cbea51532597fbc4685698916","name":"BlueBlooded","url":"https:\/\/evertonfc.cz\/index.php\/author\/admin\/"}]}},"_links":{"self":[{"href":"https:\/\/evertonfc.cz\/index.php\/wp-json\/wp\/v2\/posts\/7546"}],"collection":[{"href":"https:\/\/evertonfc.cz\/index.php\/wp-json\/wp\/v2\/posts"}],"about":[{"href":"https:\/\/evertonfc.cz\/index.php\/wp-json\/wp\/v2\/types\/post"}],"author":[{"embeddable":true,"href":"https:\/\/evertonfc.cz\/index.php\/wp-json\/wp\/v2\/users\/1"}],"replies":[{"embeddable":true,"href":"https:\/\/evertonfc.cz\/index.php\/wp-json\/wp\/v2\/comments?post=7546"}],"version-history":[{"count":8,"href":"https:\/\/evertonfc.cz\/index.php\/wp-json\/wp\/v2\/posts\/7546\/revisions"}],"predecessor-version":[{"id":7562,"href":"https:\/\/evertonfc.cz\/index.php\/wp-json\/wp\/v2\/posts\/7546\/revisions\/7562"}],"wp:featuredmedia":[{"embeddable":true,"href":"https:\/\/evertonfc.cz\/index.php\/wp-json\/wp\/v2\/media\/7547"}],"wp:attachment":[{"href":"https:\/\/evertonfc.cz\/index.php\/wp-json\/wp\/v2\/media?parent=7546"}],"wp:term":[{"taxonomy":"category","embeddable":true,"href":"https:\/\/evertonfc.cz\/index.php\/wp-json\/wp\/v2\/categories?post=7546"},{"taxonomy":"post_tag","embeddable":true,"href":"https:\/\/evertonfc.cz\/index.php\/wp-json\/wp\/v2\/tags?post=7546"}],"curies":[{"name":"wp","href":"https:\/\/api.w.org\/{rel}","templated":true}]}}