{"id":755,"date":"2010-04-06T21:13:37","date_gmt":"2010-04-06T19:13:37","guid":{"rendered":"http:\/\/evertonfc.cz\/?p=755"},"modified":"2019-02-09T22:12:03","modified_gmt":"2019-02-09T21:12:03","slug":"zpet-do-minulosti-sezona-1998-99","status":"publish","type":"post","link":"https:\/\/evertonfc.cz\/index.php\/2010\/04\/06\/zpet-do-minulosti-sezona-1998-99\/","title":{"rendered":"Zp\u011bt do minulosti: Sezona 1998\/99"},"content":{"rendered":"<h4><strong>V nov\u00e9m, doufejme pravideln\u011bj\u0161\u00edm seri\u00e1lu, n\u00e1s bude \u010das vracet do ned\u00e1vn\u00e9 i vzd\u00e1len\u011bj\u0161\u00ed minulosti. Za\u010d\u00edn\u00e1me n\u00e1vratem do pochmurn\u00fdch let devades\u00e1t\u00fdch.<\/strong><\/h4>\n<p>Ro\u010dn\u00edk 1997\/98 m\u011bli je\u0161t\u011b v\u0161ichni v \u017eiv\u00e9 pam\u011bti. Everton se zachr\u00e1nil se \u0161t\u011bst\u00edm a\u017e v posledn\u00edm kole proti Coventry, a tak byl \u00fakol pro dal\u0161\u00ed sezonu z\u0159ejm\u00fd &#8211; kone\u010dn\u011b se vyhnout sestupov\u00fdm starostem. Prvn\u00edm krokem tak bylo vyhl\u00e9dnut\u00ed schopn\u00e9ho a zku\u0161en\u00e9ho mana\u017eera, kter\u00fd m\u011bl nahradit Howarda Kendalla po jeho t\u0159et\u00ed mana\u017eersk\u00e9 etap\u011b na Goodisonu.<\/p>\n<p>Vyvolen\u00fdm se stal Walter Smith, a jen st\u011b\u017e\u00ed by se tehdy na\u0161el n\u011bkdo, kdo by nad nov\u00fdm mana\u017eerem ohrnoval nos. Skot v p\u0159edhoz\u00edch letech dovedl Rangers k \u0161esti ligov\u00fdm titul\u016fm v \u0159ad\u011b, v Merseyside na n\u011bj ale \u010dekala hromada pr\u00e1ce. <em>\u201eTohle je velmi, velmi velk\u00e1 \u00faloha, to mi nikdo nemus\u00ed p\u0159ipom\u00ednat. O z\u00e1chranu se nebojuje \u010dty\u0159i sezony z p\u011bti, pokud zde nen\u00ed vylo\u017een\u011b n\u011bco \u0161patn\u011b,&#8220;<\/em>\u00a0nechal se sly\u0161et na prvn\u00ed tiskovce.<\/p>\n<p>\u010cinit se za\u010dal prakticky okam\u017eit\u011b. B\u011bhem p\u0159\u00edpravy p\u0159ivedl zn\u00e1m\u00e1 jm\u00e9na jako Olivier Dacourt ze \u0160trasburku \u010di Marco Materazzi z Perugie. Sv\u00fdm radarem Smith p\u00e1tral i po Azurov\u00e9m pob\u0159e\u017e\u00ed, kde v Monaku ulovil sv\u00e9ho krajana Johna Collinse. Nejp\u0159ekvapiv\u011bj\u0161\u00ed p\u0159estupem ale byl n\u00e1vrat Davida Unswortha po ro\u010dn\u00edm exilu ve West Hamu, kde si zahr\u00e1l po pouh\u00e9m m\u011bs\u00edc dlouh\u00e9m anga\u017em\u00e1 v Aston Ville.<\/p>\n<p>Pr\u00e1v\u011b birminghamsk\u00fd klub pak byl prvn\u00edm soupe\u0159em Evertonu v nov\u00e9 sezon\u011b. Vyprodan\u00fd Goodison spat\u0159il neprom\u011bn\u011bnou Collinsovu penaltu a prvn\u00ed z patn\u00e1cti \u017elut\u00fdch karet v sezon\u011b pro Dacourta. Bezbrankovou rem\u00edzu Blues neod\u010dinili ani v dal\u0161\u00edm kole. Na Filbert Street prohr\u00e1li s Leicesterem 0-2 a do t\u0159etice Toffees nebodovali ani ve t\u0159et\u00edm kole, kdy byl doma nad jejich s\u00edly Tottenham.<\/p>\n<p>Po t\u0159ech z\u00e1pasech a nulou v kolonce vst\u0159elen\u00fdch g\u00f3l\u016f, cestoval Everton s arm\u00e1dou 5000 Evertonians v z\u00e1dech do Nottinghamu a odm\u011bnou jim bylo v\u00edt\u011bzstv\u00ed 2-0 nad tamn\u00edmi Forest, o kter\u00e9 se dv\u011bma pozdn\u00edmi g\u00f3ly zaslou\u017eil Duncan Ferguson. \u0160lo o prvn\u00ed g\u00f3ly po v\u00edce ne\u017e sedmi odehran\u00fdch hodin\u00e1ch.<\/p>\n<p>V\u00fdrazn\u00e9 letn\u00ed v\u00fddaje, m\u011bly na na ji\u017e tak zb\u00edda\u010denou finan\u010dn\u00ed politiku Evertonu velk\u00fd dopad. Klubov\u00e9 dluhy dosahovaly st\u00e1le v\u011bt\u0161\u00edch proporc\u00ed a brzy se za\u010daly mno\u017eit spekulace podle kter\u00fdch, m\u011bl k jejich alespo\u0148 \u010d\u00e1ste\u010dn\u00e9mu pokryt\u00ed, b\u00fdt prod\u00e1n pr\u00e1v\u011b Ferguson, co\u017e Smithe zvedlo ze \u017eidle. <em>\u201eZa\u010d\u00edn\u00e1m b\u00fdt otr\u00e1ven\u00fd v\u0161emi t\u011bmi dohady o jeho budoucnosti. O ni\u010dem z toho nev\u00edm a nepoch\u00e1zej\u00ed ode m\u011b. Aktivn\u011b se sna\u017e\u00edm p\u0159iv\u00e1d\u011bt nov\u00e9 posily, nikoliv prod\u00e1vat jednoho z m\u00fdch nejlep\u0161\u00edch hr\u00e1\u010d\u016f,&#8220;<\/em>\u00a0h\u0159\u00edmal Smith.<\/p>\n<p>Nakonec netrvalo tolik dlouho, ne\u017e Blues za\u010dali sb\u00edrat solidn\u00ed v\u00fdsledky. Daleko spolehliv\u011bji ne\u017e v p\u0159edchoz\u00edch sezon\u00e1ch, p\u016fsobila zejm\u00e9na obrana, ale na druhou stranu chyb\u011bla dostate\u010dn\u00e1 kvalita v ofenzivn\u00ed \u010d\u00e1sti. Situaci se Smith pokusil vy\u0159e\u0161it po\u0159\u00edzen\u00edm Ibrahima Bakayoka, \u00fato\u010dn\u00edka z Pob\u0159e\u017e\u00ed Slonoviny, kter\u00fd p\u0159i\u0161el v polovin\u011b \u0159\u00edjna za 4.5 milionu liber Montpellieru. Debutov\u00fd z\u00e1pas pro jednadvacetilet\u00e9ho mlad\u00edka p\u0159edstavoval k\u0159est ohn\u011bm &#8211; dom\u00e1c\u00ed Merseyside derby.<\/p>\n<p>Bakayoko se hned v prvn\u00ed minut\u011b ocitl blizou\u010dku premi\u00e9rov\u00e9mu g\u00f3lu, ale nejen ze strany jeho, ale cel\u00e9ho t\u00fdmu, to bylo v\u0161echno. V podzimn\u00edm v\u011btrn\u00e9m po\u010das\u00ed se zrodila nezaj\u00edmav\u00e1 bezbrankov\u00e1 rem\u00edza. Desetiz\u00e1pasov\u00e1 s\u00e9rie bez por\u00e1\u017eky tak m\u011bla pokra\u010dov\u00e1n\u00ed, by\u0165 jej\u00ed konec u\u017e klepal na dve\u0159e. V posledn\u00ed \u0159\u00edjnov\u00fd den vyloupil Goodison Park v\u00edt\u011bzstv\u00edm 4-1 Manchester United. Pozitivum se ale p\u0159eci jen na\u0161lo &#8211; prvn\u00ed dom\u00e1c\u00ed ligov\u00fd g\u00f3l pod Smithov\u00fdm veden\u00edm. Po osmi hodin\u00e1ch celkov\u00e9ho hrac\u00edho \u010dasu. V por\u00e1\u017ek\u00e1ch Everton pokra\u010doval d\u00e1l, kdy\u017e prohr\u00e1l na Highbury a pozd\u011bji i v Coventry. V\u00fdsledkem bylo \u010dtvrt\u00e9 m\u00edsto od konce. \u010cty\u0159i dny p\u0159ed por\u00e1\u017ekou od Arsenalu pak Blues vypadli i z Ligov\u00e9ho poh\u00e1ru, kdy\u017e na penalty doma vypadli se Sunderlandem.<\/p>\n<p>Mezit\u00edm se v\u00e1\u0161niv\u011b diskutovalo o budoucnosti Duncana Fergusona. Zat\u00edmco Everton sv\u00e1d\u011bl na Goodisonu bitvu proti Newcastlu, kterou dom\u00e1c\u00ed d\u00edky penalt\u011b Michaela Balla nakonec zvl\u00e1dli, v pozad\u00ed utk\u00e1n\u00ed prob\u00edhala jedn\u00e1n\u00ed pr\u00e1v\u011b s Magpies, kte\u0159\u00ed zaplatili 8.5 milionu liber za p\u0159estup skotsk\u00e9ho \u00fato\u010dn\u00edka. To byla pro Evertonians posledn\u00ed kapka a nen\u00e1vid\u011bn\u00fd majitel a chairman Peter Johnson rezignoval a p\u0159edlo\u017eil klub na prodej.<\/p>\n<p>T\u011bsn\u00e9 v\u00edt\u011bzstv\u00ed nad sv\u011b\u0159enci Ruuda Gullita, nastartovalo \u00fasp\u011b\u0161nou \u010dty\u0159z\u00e1pasovou s\u00e9rii, ze kter\u00e9 Everton vyt\u011b\u017eil deset bod\u016f, ale dlouhodob\u00e1 nemohoucnost st\u0159\u00edlet pravideln\u011b g\u00f3ly, Toffees neumo\u017enila \u017e\u00e1dn\u00fd v\u00fdrazn\u011bj\u0161\u00ed posun tabulkou. V polovin\u011b ledna m\u011bl Everton na kont\u011b pouh\u00e9 t\u0159i dom\u00e1c\u00ed ligov\u00e9 g\u00f3ly, a tak se prvoligov\u00fd rekord Huddersfileldu ze sezony 1970\/71, kdy Terriers vst\u0159elili pouh\u00fdch dvan\u00e1ct dom\u00e1c\u00edch g\u00f3l\u016f, ocitl v p\u0159\u00edm\u00e9m ohro\u017een\u00ed. Na nejhlub\u0161\u00ed dno cel\u00e9 sezony, si Everton s\u00e1hl na konci m\u011bs\u00edce, kdy Nottingham Forest, t\u00fdm se dv\u011bma v\u00fdhrami z cel\u00e9 sezony, na Goodisonu triumfoval 1-0. N\u00e1sleduj\u00edc\u00ed por\u00e1\u017eka v Derby posunula Blues na samotn\u00fd chvost tabulky a na p\u0159edv\u00e1no\u010dn\u00ed nad\u011bjn\u00e9 v\u00fdsledky, se mohlo u\u017e jen vzpom\u00ednat.<\/p>\n<p>O to v\u011bt\u0161\u00ed bombou, tak bylo stylov\u00e9 p\u0159eru\u0161en\u00ed dom\u00e1c\u00edho g\u00f3lov\u00e9ho p\u016fstu. V polovin\u011b \u00fanora na Goodison zav\u00edtalo Middlesbrough Briana Robsona a de\u0161tiv\u00fd ve\u010der se nesl ve znamen\u00ed nel\u00edtostn\u00e9 kanon\u00e1dy. Sk\u00f3re otev\u0159el u\u017e po 42 sekund\u00e1ch Nick Barmby a na konci z\u00e1pasu z\u00e1\u0159il na sv\u011bteln\u00e9 tabuli v\u00fdsledek 5-0. G\u00f3ly tehdy d\u00e1val i Materazzi s Dacourtem, kte\u0159\u00ed dok\u00e1zali, \u017ee jsou u\u017eite\u010dn\u00fdmi posilami i p\u0159es jejich p\u0159etrv\u00e1vaj\u00edc\u00ed disciplin\u00e1rn\u00ed proh\u0159e\u0161ky. \u0160\u0165astnou Smithovou volbou byl zejm\u00e9na talentovan\u00fd italsk\u00fd obr\u00e1nce. V\u017edy\u0165 o osm let pozd\u011bji slavil se svou zem\u00ed titul mistra sv\u011bta a loni s Interem Mil\u00e1n v\u00edt\u011bzstv\u00ed v Lize Mistr\u016f.<\/p>\n<p>Relativn\u00edho \u00fasp\u011bchu se Blues do\u010dkali v FA Cupu. P\u0159e\u0161li p\u0159es Bristol City, Ipswich Town a Coventry. V z\u00e1pase proti Sky Blues pak na sebe v\u00fdrazn\u011b upozornil Francis Jeffers. Odhovanec pomohl g\u00f3lem ve v\u011bku 18 let a 19 dn\u016f k v\u00fdh\u0159e 2-1, kter\u00e1 otev\u0159ela cestu do \u010dtvrtfin\u00e1le, ve kter\u00e9m Everton hostil Newcastle. Ten odj\u00ed\u017ed\u011bl na sever s v\u00fdhrou 4-1, a\u010dkoliv dom\u00e1c\u00ed byli jasn\u011b lep\u0161\u00edm t\u00fdmem.<\/p>\n<p>O t\u0159i dny pozd\u011bji p\u0159i\u0161el na \u0159adu kl\u00ed\u010dov\u00fd z\u00e1pas v Blackburnu. Oba t\u00fdmy byly mezi hork\u00fdmi kandid\u00e1ty na sestup, a tak byly t\u0159i body jasnou povinnost\u00ed. Sestava tomu nicm\u00e9n\u011b nenapov\u00eddala, nebo\u0165 Smith do utk\u00e1n\u00ed postavil hned sedmi\u010dlennou defenzivn\u00ed hradbu, p\u0159i\u010dem\u017e obr\u00e1nci se podivuhodn\u011b objevili i ve st\u0159edu z\u00e1lohy &#8211; nov\u00e1 posila David Weir a David Unsworth. Blues p\u0159esto vyhr\u00e1li 2-1 d\u00edky dv\u011bma tref\u00e1m Bakayoka, kter\u00fd pro\u017eil zdaleka nejvyda\u0159en\u011bj\u0161\u00ed z\u00e1pas jeho kr\u00e1tk\u00e9ho anga\u017em\u00e1 na Goodisonu.<\/p>\n<p>Po o\u010dek\u00e1van\u00fdch prohr\u00e1ch s Arsenalem a Manchesterem United, se Everton o velikono\u010dn\u00edm pond\u011bl\u00ed p\u0159edstavili na Anfieldu. V tabulce m\u011bl pouh\u00fdch 31 bod\u016f z 30 z\u00e1pas\u016f a balancoval dva body nad sestupovou z\u00f3nou. V z\u00e1pase v\u0161ak nastoupily dv\u011b nov\u00e9 posily &#8211; na hostov\u00e1n\u00ed z tureck\u00e9ho Trabzonsporu p\u0159i\u0161el \u00fato\u010dn\u00edk Kevin Campbell a z\u00e1lohu p\u0159i\u0161el z Nottinghamu Forest vystu\u017eit Scot Gemmill. Toffees do derby vl\u00e9tli stylov\u011b, u\u017e po 41 vte\u0159in\u00e1ch skon\u010dila lehce te\u010dovan\u00e1 Dacourtova st\u0159ela za z\u00e1dy Davida Jamese. Do polo\u010dasu nicm\u00e9n\u011b Liverpool v\u00fdvoj oto\u010dil, kdy\u017e se dvakr\u00e1t trefil Robbie Fowler. Dvoug\u00f3lov\u00e9 veden\u00ed potom \u010derven\u00fdm vyst\u0159elil Patrik Berger a ani okam\u017eit\u00e1 Jeffersova odpov\u011b\u010f k bodov\u00e9mu zisku nesta\u010dila.<\/p>\n<p>Kdy\u017e u\u017e nic jin\u00e9ho, tak p\u0159edeveden\u00fd bojovn\u00fd v\u00fdkon mu\u017estvo povzbudil, jak se uk\u00e1zalo v dal\u0161\u00edm z\u00e1pase proti Sheffield Wednesday. Everton vedl z\u00e1sluhou Jefferse, jen\u017ee kolaps, na n\u011bm\u017e m\u011bli mamut\u00ed pod\u00edl sv\u00fdmi katastrof\u00e1ln\u00edmi mal\u00fdmi dom\u016f Unsworth s Materazzim, podtrhnul dal\u0161\u00ed prohru. S Toffees to vypadalo bled\u011b a Evertonians poprv\u00e9 na ve\u0159ejnosti za\u010dali kritizovat Smithovy metody. S\u00e1m mana\u017eer nav\u00edc po on\u00e9 proh\u0159e za\u010dal ztr\u00e1cet v\u00edru. <em>\u201eV\u017edycky jsem si myslel, \u017ee se zachr\u00e1n\u00edme, ale po v\u00fdsledku jako je tento, se ten otazn\u00edk zv\u011bt\u0161uje. Neprohr\u00e1li jsme, my jsme darovali.&#8220;<\/em><\/p>\n<p>N\u00e1sleduj\u00edc\u00ed ned\u011bli se na Goodison vr\u00e1til celek, kter\u00fd Blues v p\u0159edchoz\u00ed sezon\u011b m\u00e1lem st\u00e1l prvoligovou m\u00edstenku &#8211; Coventry City. Na\u0161t\u011bst\u00ed pro Everton, host\u00e9 nevypadali, \u017ee je z\u00e1pas n\u011bj\u00e1k\u00fdm zp\u016fsobem vzru\u0161uje, a tak se Toffees d\u00edky Campbellovi brzy ocitli v dvoubrankov\u00e9m veden\u00ed, kter\u00e9 jim vydr\u017eelo a\u017e do z\u00e1v\u011bre\u010dn\u00e9ho hvizdu.<em> \u201eTohle v\u00edt\u011bzstv\u00ed n\u00e1s dost\u00e1v\u00e1 zp\u011bt do hry. Po z\u00e1pase s Wednesday p\u0159eva\u017eovalo ho\u0159k\u00e9 zklam\u00e1n\u00ed, ale vzpamatov\u00e1n\u00ed se n\u00e1m poda\u0159ilo,&#8220;<\/em>\u00a0ulevil si Walter Smith.<\/p>\n<p>Evertonu p\u0159\u00edslu\u0161ela patn\u00e1ct\u00e1 p\u0159\u00ed\u010dka, t\u0159i body p\u0159ed Blackburnem a Charltonem, kte\u0159\u00ed m\u011bli oba z\u00e1pas k dobru a na pap\u00ed\u0159e i snadn\u011bj\u0161\u00ed los, a\u010dkoliv Addicks je\u0161t\u011b museli pr\u00e1v\u011b na Goodison. Prvn\u00edm ze z\u00e1v\u011bre\u010dn\u00fdch p\u011bti bitev, bylo zr\u00e1dn\u00e9 utk\u00e1n\u00ed na St. James Parku, kde Everton prohr\u00e1l p\u011btkr\u00e1t v \u0159ad\u011b. Blues si ale pro Newcasle schovali dal\u0161\u00ed start z \u0159\u00ed\u0161e sn\u016f, kdy\u017e se po 42 vte\u0159in\u00e1ch trefil nov\u00fd hrdina Kevin Campbell, kter\u00fd p\u0159ed p\u0159est\u00e1vkou p\u0159idal je\u0161t\u011b druhou trefu. Za dom\u00e1c\u00ed sn\u00ed\u017eil Alan Shearer, kter\u00fd v prvn\u00edm polo\u010dase zahodil penaltu, ale dv\u011b minuty p\u0159ed koncem pojistil veled\u016fle\u017eit\u00e9 v\u00edt\u011bzstv\u00ed Evertonu Scott Gemmill.<\/p>\n<p>Ne\u010dekan\u00fd triumf znamenal, \u017ee Everton m\u011bl 37 bod\u016f a t\u0159i mu sch\u00e1zely k dosa\u017een\u00ed magick\u00e9 hranice 40 bod\u016f, kter\u00e1 je tradi\u010dn\u011b vn\u00edm\u00e1na jako cejch \u00fasp\u011b\u0161n\u011b dosa\u017een\u00e9 z\u00e1chrany. Dal\u0161\u00ed z\u00e1pas byl kl\u00ed\u010dov\u00fd &#8211; doma proti Charltonu. V\u00edt\u011bzstv\u00ed by Blues s nejv\u011bt\u0161\u00ed pravd\u011bpodobnost\u00ed zachr\u00e1nilo, zat\u00edmco v\u00fdhra by je znovu zapletla do sestupov\u00e9ho labyrintu.<\/p>\n<p>D\u016fle\u017eitost z\u00e1pasu koneckonc\u016f dostate\u010dn\u011b reflektovaly oba t\u00e1bory, navz\u00e1jem na sebe sm\u011b\u0159uj\u00edc\u00ed pok\u0159iky &#8222;Going down, going down, going down, &#8230;&#8220; U\u017e od za\u010d\u00e1tku to vypadalo tak, \u017ee v\u011bt\u0161\u00ed chu\u0165 ke zp\u011bvu budou m\u00edt Evertonians. Rozhod\u010d\u00ed Paul Durkin p\u0159ehl\u00e9dl hru rukou Dona Hutchisona, kterou zabr\u00e1nil g\u00f3lu Charltonu a z n\u00e1sledn\u00e9ho brejku vst\u0159elil pr\u00e1v\u011b Hutchison \u00favodn\u00ed g\u00f3l. Dva g\u00f3ly pak p\u0159idal Campbell a v\u00fdhru 4-1 a udr\u017een\u00ed nejvy\u0161\u0161\u00ed sout\u011b\u017ee, zkompletoval Jeffers.<\/p>\n<p>O mu\u017ei, kter\u00fd byl motorem ne\u010dekan\u00e9ho zmrtv\u00fdchvst\u00e1n\u00ed, nebylo pochyb &#8211; Kevin Campbell vs\u00edtil \u0161est g\u00f3l\u016f ve t\u0159ech z\u00e1pasech a p\u0159\u00ednos \u00fato\u010dn\u00edka, kter\u00fd mu nejsp\u00ed\u0161 zachr\u00e1nil m\u00edsto, si po z\u00e1pase Walter Smith nemohl vynachv\u00e1lit.\u00a0<em>\u201eLid\u00e9 mi \u0159\u00edkali, \u017ee to nen\u00ed p\u0159\u00edli\u0161 produktivn\u00ed \u00fato\u010dn\u00edk, ale v posledn\u00edch t\u0159ech z\u00e1pasech pro n\u00e1s odvedl jednozna\u010dn\u011b dost na to, abych tyhle \u0159e\u010di mohl ozna\u010dit za hlouposti. To on pro n\u00e1s dok\u00e1zal celou situaci oto\u010dit.&#8220;<\/em><\/p>\n<p>Po proh\u0159e 3-1 s Chelsea, si &#8222;Super Kev&#8220; schoval dal\u0161\u00ed galap\u0159edstaven\u00ed pro dom\u00e1c\u00ed z\u00e1pas proti West Hamu. Ten skon\u010dil v tabulce na p\u00e1t\u00e9m m\u00edst\u011b, ale z Goodisonu odj\u00ed\u017ed\u011bl s \u0161estig\u00f3lov\u00fdm v\u00fdpraskem, kter\u00e9mu Campbell p\u0159isp\u011bl hattrickem. Prvotn\u00ed bilance t\u0159\u00ed g\u00f3l\u016f ve dvan\u00e1cti dom\u00e1c\u00edch z\u00e1pasech, tak nakonec byla vylep\u0161ena na devaten\u00e1ct branek v z\u00e1v\u011bre\u010dn\u00fdch sedmi z\u00e1pasech a Blues sezonu zakon\u010dili na p\u0159ijateln\u00e9 14. pozici. Ur\u010dit\u011b ne\u0161lo o sezonu, ve kterou mnoz\u00ed fandov\u00e9 doufali, ale rozhodn\u011b p\u0159ekonala nej\u010dern\u011bj\u0161\u00ed obavy, kter\u00e9 Evertonians stra\u0161ily o Velikonoc\u00edch.<\/p>\n<p>Po skon\u010den\u00ed ro\u010dn\u00edku \u010delil Smith dv\u011bma probl\u00e9m\u016fm &#8211; dok\u00e1\u017ee prom\u011bnit Campbellovo hostov\u00e1n\u00ed v permanentn\u00ed p\u0159estup a bude schopn\u00fd p\u0159idat do klubov\u00e9 vitr\u00edny novou trofej? Kladn\u011b \u0161lo bohu\u017eel odpov\u011bd\u011bt pouze na jednu z on\u011bch ot\u00e1zek.<\/p>\n<h4><strong>Kl\u00ed\u010dov\u00fd z\u00e1pas: Newcastle &#8211; Everton 1:3, 17. dubna 1999<\/strong><\/h4>\n<p>A\u010dkoliv se o n\u011bm mluv\u00ed m\u00e1lokdy, v\u00fdlet do severov\u00fdchodn\u00ed Anglie na ja\u0159e 99, je jedn\u00edm z nejd\u016fle\u017eit\u011bj\u0161\u00edch z\u00e1pas\u016f Evertonu v \u00e9\u0159e Premier League, proto\u017ee prohra by nejsp\u00ed\u0161 znamenala boj o p\u0159e\u017eit\u00ed mo\u017en\u00e1 a\u017e do posledn\u00edho kola. <em>\u201eMo\u017en\u00e1 jsme m\u011bli trochu \u0161t\u011bst\u00ed, ale to n\u011bkdy pot\u0159ebujete,&#8220;<\/em>\u00a0p\u0159iznal po z\u00e1pase Smith.<\/p>\n<h4><strong>Kl\u00ed\u010dov\u00fd hr\u00e1\u010d: Kevin Campbell<\/strong><\/h4>\n<p>P\u0159estup do klubu, kter\u00fd bojuje o z\u00e1chranu, dev\u011bt g\u00f3l\u016f, a prakticky s\u00e1m zachr\u00e1nil t\u00fdm v nejvy\u0161\u0161\u00ed sout\u011b\u017ei. To jsou z\u00e1sluhy, d\u00edky kter\u00fdm p\u0159ipad\u00e1 v \u00favahu pouze jedin\u00e9 jm\u00e9no. Dev\u011btadvacetilet\u00fd \u00fato\u010dn\u00edk nejen\u017ee o\u017eivil svoji kari\u00e9ru, ale tak\u00e9 hr\u00e1l z\u00e1sadn\u00ed roli v rozhoduj\u00edc\u00edch \u0161esti t\u00fddnech ro\u010dn\u00edku. V l\u00e9t\u011b do Evertonu Campbell p\u0159estoupil natrvalo a \u00fato\u010dn\u00edk, kter\u00fd si sv\u016fj debut za Arsenal v roce 1988 odbyl pr\u00e1v\u011b na Goodisonu, se \u0161t\u011bdr\u00fdmi g\u00f3lov\u00fdmi statistikami v modr\u00e9m dresu odm\u011b\u0148oval je\u0161t\u011b dal\u0161\u00edch \u0161est let.<\/p>\n","protected":false},"excerpt":{"rendered":"<p>V nov\u00e9m, doufejme pravideln\u011bj\u0161\u00edm seri\u00e1lu, n\u00e1s bude \u010das vracet do ned\u00e1vn\u00e9 i vzd\u00e1len\u011bj\u0161\u00ed minulosti. Za\u010d\u00edn\u00e1me n\u00e1vratem do pochmurn\u00fdch let devades\u00e1t\u00fdch.&hellip;<\/p>\n","protected":false},"author":7,"featured_media":1257,"comment_status":"open","ping_status":"closed","sticky":false,"template":"","format":"standard","meta":{"_eb_attr":"","_monsterinsights_skip_tracking":false,"_monsterinsights_sitenote_active":false,"_monsterinsights_sitenote_note":"","_monsterinsights_sitenote_category":0,"footnotes":""},"categories":[15],"tags":[],"yoast_head":"<!-- This site is optimized with the Yoast SEO plugin v23.4 - https:\/\/yoast.com\/wordpress\/plugins\/seo\/ -->\n<title>Zp\u011bt do minulosti: Sezona 1998\/99 - Official Czech &amp; Slovak Everton Supporters&#039; Club<\/title>\n<meta name=\"robots\" content=\"index, follow, max-snippet:-1, max-image-preview:large, max-video-preview:-1\" \/>\n<link rel=\"canonical\" href=\"https:\/\/evertonfc.cz\/index.php\/2010\/04\/06\/zpet-do-minulosti-sezona-1998-99\/\" \/>\n<meta property=\"og:locale\" content=\"cs_CZ\" \/>\n<meta property=\"og:type\" content=\"article\" \/>\n<meta property=\"og:title\" content=\"Zp\u011bt do minulosti: Sezona 1998\/99 - Official Czech &amp; Slovak Everton Supporters&#039; Club\" \/>\n<meta property=\"og:description\" content=\"V nov\u00e9m, doufejme pravideln\u011bj\u0161\u00edm seri\u00e1lu, n\u00e1s bude \u010das vracet do ned\u00e1vn\u00e9 i vzd\u00e1len\u011bj\u0161\u00ed minulosti. Za\u010d\u00edn\u00e1me n\u00e1vratem do pochmurn\u00fdch let devades\u00e1t\u00fdch.&hellip;\" \/>\n<meta property=\"og:url\" content=\"https:\/\/evertonfc.cz\/index.php\/2010\/04\/06\/zpet-do-minulosti-sezona-1998-99\/\" \/>\n<meta property=\"og:site_name\" content=\"Official Czech &amp; Slovak Everton Supporters&#039; Club\" \/>\n<meta property=\"article:publisher\" content=\"https:\/\/www.facebook.com\/everton.fans.cz.sk\" \/>\n<meta property=\"article:published_time\" content=\"2010-04-06T19:13:37+00:00\" \/>\n<meta property=\"article:modified_time\" content=\"2019-02-09T21:12:03+00:00\" \/>\n<meta property=\"og:image\" content=\"https:\/\/evertonfc.cz\/wp-content\/uploads\/2019\/01\/sezona_1998_99.jpg\" \/>\n\t<meta property=\"og:image:width\" content=\"720\" \/>\n\t<meta property=\"og:image:height\" content=\"405\" \/>\n\t<meta property=\"og:image:type\" content=\"image\/jpeg\" \/>\n<meta name=\"author\" content=\"Me\u0148a\" \/>\n<meta name=\"twitter:card\" content=\"summary_large_image\" \/>\n<meta name=\"twitter:label1\" content=\"Napsal(a)\" \/>\n\t<meta name=\"twitter:data1\" content=\"Me\u0148a\" \/>\n\t<meta name=\"twitter:label2\" content=\"Odhadovan\u00e1 doba \u010dten\u00ed\" \/>\n\t<meta name=\"twitter:data2\" content=\"12 minut\" \/>\n<script type=\"application\/ld+json\" class=\"yoast-schema-graph\">{\"@context\":\"https:\/\/schema.org\",\"@graph\":[{\"@type\":\"Article\",\"@id\":\"https:\/\/evertonfc.cz\/index.php\/2010\/04\/06\/zpet-do-minulosti-sezona-1998-99\/#article\",\"isPartOf\":{\"@id\":\"https:\/\/evertonfc.cz\/index.php\/2010\/04\/06\/zpet-do-minulosti-sezona-1998-99\/\"},\"author\":{\"name\":\"Me\u0148a\",\"@id\":\"https:\/\/evertonfc.cz\/#\/schema\/person\/cd6328a75577de2add7793fd4b0930c3\"},\"headline\":\"Zp\u011bt do minulosti: Sezona 1998\/99\",\"datePublished\":\"2010-04-06T19:13:37+00:00\",\"dateModified\":\"2019-02-09T21:12:03+00:00\",\"mainEntityOfPage\":{\"@id\":\"https:\/\/evertonfc.cz\/index.php\/2010\/04\/06\/zpet-do-minulosti-sezona-1998-99\/\"},\"wordCount\":2472,\"commentCount\":0,\"publisher\":{\"@id\":\"https:\/\/evertonfc.cz\/#organization\"},\"image\":{\"@id\":\"https:\/\/evertonfc.cz\/index.php\/2010\/04\/06\/zpet-do-minulosti-sezona-1998-99\/#primaryimage\"},\"thumbnailUrl\":\"https:\/\/evertonfc.cz\/wp-content\/uploads\/2019\/01\/sezona_1998_99.jpg\",\"articleSection\":[\"Zhodnocen\u00ed sez\u00f3n\"],\"inLanguage\":\"cs\",\"potentialAction\":[{\"@type\":\"CommentAction\",\"name\":\"Comment\",\"target\":[\"https:\/\/evertonfc.cz\/index.php\/2010\/04\/06\/zpet-do-minulosti-sezona-1998-99\/#respond\"]}]},{\"@type\":\"WebPage\",\"@id\":\"https:\/\/evertonfc.cz\/index.php\/2010\/04\/06\/zpet-do-minulosti-sezona-1998-99\/\",\"url\":\"https:\/\/evertonfc.cz\/index.php\/2010\/04\/06\/zpet-do-minulosti-sezona-1998-99\/\",\"name\":\"Zp\u011bt do minulosti: Sezona 1998\/99 - Official Czech &amp; Slovak Everton Supporters&#039; Club\",\"isPartOf\":{\"@id\":\"https:\/\/evertonfc.cz\/#website\"},\"primaryImageOfPage\":{\"@id\":\"https:\/\/evertonfc.cz\/index.php\/2010\/04\/06\/zpet-do-minulosti-sezona-1998-99\/#primaryimage\"},\"image\":{\"@id\":\"https:\/\/evertonfc.cz\/index.php\/2010\/04\/06\/zpet-do-minulosti-sezona-1998-99\/#primaryimage\"},\"thumbnailUrl\":\"https:\/\/evertonfc.cz\/wp-content\/uploads\/2019\/01\/sezona_1998_99.jpg\",\"datePublished\":\"2010-04-06T19:13:37+00:00\",\"dateModified\":\"2019-02-09T21:12:03+00:00\",\"breadcrumb\":{\"@id\":\"https:\/\/evertonfc.cz\/index.php\/2010\/04\/06\/zpet-do-minulosti-sezona-1998-99\/#breadcrumb\"},\"inLanguage\":\"cs\",\"potentialAction\":[{\"@type\":\"ReadAction\",\"target\":[\"https:\/\/evertonfc.cz\/index.php\/2010\/04\/06\/zpet-do-minulosti-sezona-1998-99\/\"]}]},{\"@type\":\"ImageObject\",\"inLanguage\":\"cs\",\"@id\":\"https:\/\/evertonfc.cz\/index.php\/2010\/04\/06\/zpet-do-minulosti-sezona-1998-99\/#primaryimage\",\"url\":\"https:\/\/evertonfc.cz\/wp-content\/uploads\/2019\/01\/sezona_1998_99.jpg\",\"contentUrl\":\"https:\/\/evertonfc.cz\/wp-content\/uploads\/2019\/01\/sezona_1998_99.jpg\",\"width\":720,\"height\":405},{\"@type\":\"BreadcrumbList\",\"@id\":\"https:\/\/evertonfc.cz\/index.php\/2010\/04\/06\/zpet-do-minulosti-sezona-1998-99\/#breadcrumb\",\"itemListElement\":[{\"@type\":\"ListItem\",\"position\":1,\"name\":\"Home\",\"item\":\"https:\/\/evertonfc.cz\/\"},{\"@type\":\"ListItem\",\"position\":2,\"name\":\"Zp\u011bt do minulosti: Sezona 1998\/99\"}]},{\"@type\":\"WebSite\",\"@id\":\"https:\/\/evertonfc.cz\/#website\",\"url\":\"https:\/\/evertonfc.cz\/\",\"name\":\"Official Czech &amp; Slovak Everton Supporters&#039; Club\",\"description\":\"\",\"publisher\":{\"@id\":\"https:\/\/evertonfc.cz\/#organization\"},\"potentialAction\":[{\"@type\":\"SearchAction\",\"target\":{\"@type\":\"EntryPoint\",\"urlTemplate\":\"https:\/\/evertonfc.cz\/?s={search_term_string}\"},\"query-input\":{\"@type\":\"PropertyValueSpecification\",\"valueRequired\":true,\"valueName\":\"search_term_string\"}}],\"inLanguage\":\"cs\"},{\"@type\":\"Organization\",\"@id\":\"https:\/\/evertonfc.cz\/#organization\",\"name\":\"Official Czech & Slovak Everton Supporters' Club\",\"url\":\"https:\/\/evertonfc.cz\/\",\"logo\":{\"@type\":\"ImageObject\",\"inLanguage\":\"cs\",\"@id\":\"https:\/\/evertonfc.cz\/#\/schema\/logo\/image\/\",\"url\":\"https:\/\/evertonfc.cz\/wp-content\/uploads\/2019\/05\/logo.png\",\"contentUrl\":\"https:\/\/evertonfc.cz\/wp-content\/uploads\/2019\/05\/logo.png\",\"width\":112,\"height\":112,\"caption\":\"Official Czech & Slovak Everton Supporters' Club\"},\"image\":{\"@id\":\"https:\/\/evertonfc.cz\/#\/schema\/logo\/image\/\"},\"sameAs\":[\"https:\/\/www.facebook.com\/everton.fans.cz.sk\"]},{\"@type\":\"Person\",\"@id\":\"https:\/\/evertonfc.cz\/#\/schema\/person\/cd6328a75577de2add7793fd4b0930c3\",\"name\":\"Me\u0148a\",\"url\":\"https:\/\/evertonfc.cz\/index.php\/author\/mena\/\"}]}<\/script>\n<!-- \/ Yoast SEO plugin. -->","yoast_head_json":{"title":"Zp\u011bt do minulosti: Sezona 1998\/99 - Official Czech &amp; Slovak Everton Supporters&#039; Club","robots":{"index":"index","follow":"follow","max-snippet":"max-snippet:-1","max-image-preview":"max-image-preview:large","max-video-preview":"max-video-preview:-1"},"canonical":"https:\/\/evertonfc.cz\/index.php\/2010\/04\/06\/zpet-do-minulosti-sezona-1998-99\/","og_locale":"cs_CZ","og_type":"article","og_title":"Zp\u011bt do minulosti: Sezona 1998\/99 - Official Czech &amp; Slovak Everton Supporters&#039; Club","og_description":"V nov\u00e9m, doufejme pravideln\u011bj\u0161\u00edm seri\u00e1lu, n\u00e1s bude \u010das vracet do ned\u00e1vn\u00e9 i vzd\u00e1len\u011bj\u0161\u00ed minulosti. Za\u010d\u00edn\u00e1me n\u00e1vratem do pochmurn\u00fdch let devades\u00e1t\u00fdch.&hellip;","og_url":"https:\/\/evertonfc.cz\/index.php\/2010\/04\/06\/zpet-do-minulosti-sezona-1998-99\/","og_site_name":"Official Czech &amp; Slovak Everton Supporters&#039; Club","article_publisher":"https:\/\/www.facebook.com\/everton.fans.cz.sk","article_published_time":"2010-04-06T19:13:37+00:00","article_modified_time":"2019-02-09T21:12:03+00:00","og_image":[{"width":720,"height":405,"url":"https:\/\/evertonfc.cz\/wp-content\/uploads\/2019\/01\/sezona_1998_99.jpg","type":"image\/jpeg"}],"author":"Me\u0148a","twitter_card":"summary_large_image","twitter_misc":{"Napsal(a)":"Me\u0148a","Odhadovan\u00e1 doba \u010dten\u00ed":"12 minut"},"schema":{"@context":"https:\/\/schema.org","@graph":[{"@type":"Article","@id":"https:\/\/evertonfc.cz\/index.php\/2010\/04\/06\/zpet-do-minulosti-sezona-1998-99\/#article","isPartOf":{"@id":"https:\/\/evertonfc.cz\/index.php\/2010\/04\/06\/zpet-do-minulosti-sezona-1998-99\/"},"author":{"name":"Me\u0148a","@id":"https:\/\/evertonfc.cz\/#\/schema\/person\/cd6328a75577de2add7793fd4b0930c3"},"headline":"Zp\u011bt do minulosti: Sezona 1998\/99","datePublished":"2010-04-06T19:13:37+00:00","dateModified":"2019-02-09T21:12:03+00:00","mainEntityOfPage":{"@id":"https:\/\/evertonfc.cz\/index.php\/2010\/04\/06\/zpet-do-minulosti-sezona-1998-99\/"},"wordCount":2472,"commentCount":0,"publisher":{"@id":"https:\/\/evertonfc.cz\/#organization"},"image":{"@id":"https:\/\/evertonfc.cz\/index.php\/2010\/04\/06\/zpet-do-minulosti-sezona-1998-99\/#primaryimage"},"thumbnailUrl":"https:\/\/evertonfc.cz\/wp-content\/uploads\/2019\/01\/sezona_1998_99.jpg","articleSection":["Zhodnocen\u00ed sez\u00f3n"],"inLanguage":"cs","potentialAction":[{"@type":"CommentAction","name":"Comment","target":["https:\/\/evertonfc.cz\/index.php\/2010\/04\/06\/zpet-do-minulosti-sezona-1998-99\/#respond"]}]},{"@type":"WebPage","@id":"https:\/\/evertonfc.cz\/index.php\/2010\/04\/06\/zpet-do-minulosti-sezona-1998-99\/","url":"https:\/\/evertonfc.cz\/index.php\/2010\/04\/06\/zpet-do-minulosti-sezona-1998-99\/","name":"Zp\u011bt do minulosti: Sezona 1998\/99 - Official Czech &amp; Slovak Everton Supporters&#039; Club","isPartOf":{"@id":"https:\/\/evertonfc.cz\/#website"},"primaryImageOfPage":{"@id":"https:\/\/evertonfc.cz\/index.php\/2010\/04\/06\/zpet-do-minulosti-sezona-1998-99\/#primaryimage"},"image":{"@id":"https:\/\/evertonfc.cz\/index.php\/2010\/04\/06\/zpet-do-minulosti-sezona-1998-99\/#primaryimage"},"thumbnailUrl":"https:\/\/evertonfc.cz\/wp-content\/uploads\/2019\/01\/sezona_1998_99.jpg","datePublished":"2010-04-06T19:13:37+00:00","dateModified":"2019-02-09T21:12:03+00:00","breadcrumb":{"@id":"https:\/\/evertonfc.cz\/index.php\/2010\/04\/06\/zpet-do-minulosti-sezona-1998-99\/#breadcrumb"},"inLanguage":"cs","potentialAction":[{"@type":"ReadAction","target":["https:\/\/evertonfc.cz\/index.php\/2010\/04\/06\/zpet-do-minulosti-sezona-1998-99\/"]}]},{"@type":"ImageObject","inLanguage":"cs","@id":"https:\/\/evertonfc.cz\/index.php\/2010\/04\/06\/zpet-do-minulosti-sezona-1998-99\/#primaryimage","url":"https:\/\/evertonfc.cz\/wp-content\/uploads\/2019\/01\/sezona_1998_99.jpg","contentUrl":"https:\/\/evertonfc.cz\/wp-content\/uploads\/2019\/01\/sezona_1998_99.jpg","width":720,"height":405},{"@type":"BreadcrumbList","@id":"https:\/\/evertonfc.cz\/index.php\/2010\/04\/06\/zpet-do-minulosti-sezona-1998-99\/#breadcrumb","itemListElement":[{"@type":"ListItem","position":1,"name":"Home","item":"https:\/\/evertonfc.cz\/"},{"@type":"ListItem","position":2,"name":"Zp\u011bt do minulosti: Sezona 1998\/99"}]},{"@type":"WebSite","@id":"https:\/\/evertonfc.cz\/#website","url":"https:\/\/evertonfc.cz\/","name":"Official Czech &amp; Slovak Everton Supporters&#039; Club","description":"","publisher":{"@id":"https:\/\/evertonfc.cz\/#organization"},"potentialAction":[{"@type":"SearchAction","target":{"@type":"EntryPoint","urlTemplate":"https:\/\/evertonfc.cz\/?s={search_term_string}"},"query-input":{"@type":"PropertyValueSpecification","valueRequired":true,"valueName":"search_term_string"}}],"inLanguage":"cs"},{"@type":"Organization","@id":"https:\/\/evertonfc.cz\/#organization","name":"Official Czech & Slovak Everton Supporters' Club","url":"https:\/\/evertonfc.cz\/","logo":{"@type":"ImageObject","inLanguage":"cs","@id":"https:\/\/evertonfc.cz\/#\/schema\/logo\/image\/","url":"https:\/\/evertonfc.cz\/wp-content\/uploads\/2019\/05\/logo.png","contentUrl":"https:\/\/evertonfc.cz\/wp-content\/uploads\/2019\/05\/logo.png","width":112,"height":112,"caption":"Official Czech & Slovak Everton Supporters' Club"},"image":{"@id":"https:\/\/evertonfc.cz\/#\/schema\/logo\/image\/"},"sameAs":["https:\/\/www.facebook.com\/everton.fans.cz.sk"]},{"@type":"Person","@id":"https:\/\/evertonfc.cz\/#\/schema\/person\/cd6328a75577de2add7793fd4b0930c3","name":"Me\u0148a","url":"https:\/\/evertonfc.cz\/index.php\/author\/mena\/"}]}},"_links":{"self":[{"href":"https:\/\/evertonfc.cz\/index.php\/wp-json\/wp\/v2\/posts\/755"}],"collection":[{"href":"https:\/\/evertonfc.cz\/index.php\/wp-json\/wp\/v2\/posts"}],"about":[{"href":"https:\/\/evertonfc.cz\/index.php\/wp-json\/wp\/v2\/types\/post"}],"author":[{"embeddable":true,"href":"https:\/\/evertonfc.cz\/index.php\/wp-json\/wp\/v2\/users\/7"}],"replies":[{"embeddable":true,"href":"https:\/\/evertonfc.cz\/index.php\/wp-json\/wp\/v2\/comments?post=755"}],"version-history":[{"count":2,"href":"https:\/\/evertonfc.cz\/index.php\/wp-json\/wp\/v2\/posts\/755\/revisions"}],"predecessor-version":[{"id":2725,"href":"https:\/\/evertonfc.cz\/index.php\/wp-json\/wp\/v2\/posts\/755\/revisions\/2725"}],"wp:featuredmedia":[{"embeddable":true,"href":"https:\/\/evertonfc.cz\/index.php\/wp-json\/wp\/v2\/media\/1257"}],"wp:attachment":[{"href":"https:\/\/evertonfc.cz\/index.php\/wp-json\/wp\/v2\/media?parent=755"}],"wp:term":[{"taxonomy":"category","embeddable":true,"href":"https:\/\/evertonfc.cz\/index.php\/wp-json\/wp\/v2\/categories?post=755"},{"taxonomy":"post_tag","embeddable":true,"href":"https:\/\/evertonfc.cz\/index.php\/wp-json\/wp\/v2\/tags?post=755"}],"curies":[{"name":"wp","href":"https:\/\/api.w.org\/{rel}","templated":true}]}}