{"id":7564,"date":"2019-04-23T10:06:22","date_gmt":"2019-04-23T08:06:22","guid":{"rendered":"https:\/\/evertonfc.cz\/?p=7564"},"modified":"2019-04-23T16:24:19","modified_gmt":"2019-04-23T14:24:19","slug":"ball-ma-prosba-k-britskym-mediim","status":"publish","type":"post","link":"https:\/\/evertonfc.cz\/index.php\/2019\/04\/23\/ball-ma-prosba-k-britskym-mediim\/","title":{"rendered":"Ball: M\u00e1 prosba k britsk\u00fdm m\u00e9di\u00edm"},"content":{"rendered":"<h4><strong>B\u00fdval\u00fd lev\u00fd obr\u00e1nce Evertonu Michael Ball, kter\u00fd v letech 1996 a\u017e 2001 odehr\u00e1l za klub p\u0159es 120 z\u00e1pas\u016f, se ve sv\u00e9m pravideln\u00e9m sloupku pro den\u00edk Liverpool Echo ohl\u00e9dl za v\u00edt\u011bzn\u00fdm z\u00e1pasem s Manchesterem United.<\/strong><\/h4>\n<p>Nejednou jsem ve sv\u00fdch sloupc\u00edch kritizoval Everton za to, \u017ee nedok\u00e1zal vyu\u017e\u00edt zhor\u0161enou formu t\u00fdm\u016f na vy\u0161\u0161\u00edch p\u0159\u00ed\u010dk\u00e1ch a p\u0159ibl\u00ed\u017eit se jim. Po skv\u011bl\u00e9m p\u0159edstaven\u00ed s Manchesterem United budu v\u0161ak chv\u00e1lit. Slunce kr\u00e1sn\u011b sv\u00edtilo a na\u0161i fanou\u0161ci byli jednodu\u0161e \u00fa\u017easn\u00ed.<\/p>\n<p>Navzdory zklam\u00e1n\u00ed a frustraci po duelu s Fulhamem jsem st\u00e1le v\u011b\u0159il ve schopnosti t\u00fdmu poradit s United. Snil jsem ale o v\u00fdh\u0159e 4:0? To m\u011b ani n\u00e1hodou nenapadalo, jen\u017ee chlapci si takov\u00fd v\u00fdsledek zaslou\u017e\u00ed.<\/p>\n<h4><strong>St\u00e1le lep\u0161\u00ed Calvert-Lewin<\/strong><\/h4>\n<p>Cel\u00fd t\u00fdm p\u0159edvedl \u0161pi\u010dkov\u00fd v\u00fdkon, na mu\u017ee z\u00e1pasu aspirovalo n\u011bkolik kandid\u00e1t\u016f, j\u00e1 bych ale cht\u011bl op\u011bt vyzdvihnout Dominica Calverta-Lewina.<\/p>\n<p>Dominic soustavn\u011b p\u0159esv\u011bd\u010duje o sv\u00e9m progresu a ji\u017e po n\u011bkolik\u00e1t\u00e9 \u010dinil zna\u010dn\u00e9 probl\u00e9my zku\u0161en\u00e9 defenziv\u011b soupe\u0159e. Jeho atleti\u010dnost a zvy\u0161uj\u00edc\u00ed se pochopen\u00ed role \u00fato\u010dn\u00edka znamen\u00e1, \u017ee s n\u00edm obr\u00e1nci maj\u00ed st\u00e1le v\u00edce pot\u00ed\u017e\u00ed a z\u00e1rove\u0148 svou hrou vytv\u00e1\u0159\u00ed prostor pro Gylfiho Sigurdssona, Richarlisona a Bernarda.<\/p>\n<p>Doufal jsem, \u017ee Dominicovi se v ned\u011bli poda\u0159\u00ed vst\u0159elit branku, i kdy\u017e se tak ale nestalo, od po\u010d\u00e1tku do konce z\u00e1pasu terorizoval obranu United. Jen vlastn\u011b nav\u00e1zal na sv\u00e1 p\u0159edstaven\u00ed s Chelsea a Arsenalem.<\/p>\n<h4><strong>Everton si zaslou\u017e\u00ed uzn\u00e1n\u00ed od britsk\u00fdch m\u00e9di\u00ed<\/strong><\/h4>\n<p>Kdy\u017e jsme porazili Chelsea, v tisku byla na\u0161e v\u00fdhra prezentov\u00e1na jako d\u016fsledek hor\u0161\u00edho dne protivn\u00edka. Stejn\u011b tomu bylo i po triumfech nad Arsenalem a Manchesterem United, p\u0159esto\u017ee jsme ve v\u0161ech t\u0159ech z\u00e1pasech dominovali.<\/p>\n<p>Vypad\u00e1 to, \u017ee hor\u0161\u00ed dny Evertonu jsou v britsk\u00e9m tisku vykreslov\u00e1ny s v\u011bt\u0161\u00edm apetitem, ne\u017e kdy\u017e na Goodison Parku v\u0161echno klape.<\/p>\n<p>Marco Silva a jeho sv\u011b\u0159enci si zaslou\u017e\u00ed uzn\u00e1n\u00ed za posledn\u00ed v\u00fdkony. P\u0159izn\u00e1v\u00e1m, leto\u0161n\u00ed sez\u00f3na m\u00e1 daleko do ide\u00e1lu a zaost\u00e1v\u00e1 za o\u010dek\u00e1v\u00e1n\u00edm, v posledn\u00edch t\u00fddnech jsme ale porazili t\u0159i ze \u0161esti elitn\u00edch ligov\u00fdch t\u00fdm\u016f, za co\u017e si realiza\u010dn\u00ed t\u00fdm a chlapci zaslou\u017e\u00ed ve\u0161ker\u00e9 uzn\u00e1n\u00ed.<\/p>\n<p>Na\u0161t\u011bst\u00ed aspo\u0148 Ole Gunnar Solskjaer vysekl Evertonu poklonu a ani n\u00e1znakem se nesna\u017eil zpochyb\u0148ovat ned\u011bln\u00ed v\u00fdsledek. To je pro Blues ten nejv\u011bt\u0161\u00ed kompliment, jak\u00e9ho se mohli do\u010dkat.<\/p>\n<h4><strong>\u010cist\u00e1 konta se dostavila<\/strong><\/h4>\n<p>Vst\u0159elen\u00e9 g\u00f3ly a atraktivn\u00ed fotbal dozajista vykouzlily usm\u011bv na tv\u00e1\u0159i mana\u017eera Silvy, Portugalec ale mus\u00ed b\u00fdt spokojen tak\u00e9 s \u010dist\u00fdmi konty.<\/p>\n<p>V\u0161ichni si pamatujeme obdob\u00ed, kdy jsme nad pivem na\u0159\u00edkali nad br\u00e1n\u011bn\u00edm standardn\u00edch situac\u00ed. Chyb\u011bj\u00edc\u00ed koncentrace hr\u00e1\u010d\u016f zp\u016fsobovala obrovsk\u00e9 trable, trest\u00e1ni jsme byli snad za ka\u017ed\u00fd nebezpe\u010dn\u011bj\u0161\u00ed centr do v\u00e1pna.<\/p>\n<p>Nicm\u00e9n\u011b v posledn\u00edch osmi z\u00e1pasech od \u00fanorov\u00e9 17 dn\u00ed dlouh\u00e9 p\u0159est\u00e1vky jsme udr\u017eeli hned \u0161est \u010dist\u00fdch kont.<\/p>\n<p>Blues o v\u00edkendu br\u00e1nili velmi dob\u0159e, United byli nuceni hr\u00e1t dlouh\u00e9 m\u00ed\u010de. Stalo se tak z\u00e1sluhou presinku, kter\u00fd Silva naordinoval t\u00fdmu. I p\u0159es hlasitou kritikou z ned\u00e1vn\u00e9 doby byl Silva neoblomn\u011b p\u0159esv\u011bd\u010den o sv\u00e9 pravd\u011b a tvrd\u011b pracoval s hr\u00e1\u010di na zlep\u0161en\u00ed. Nyn\u00ed se mu\u017estvo py\u0161n\u00ed z\u0159etelnou spolehlivost\u00ed v obran\u011b.<\/p>\n<p>Ano, nastalo p\u00e1r v\u00fdkyv\u016f jako ta p\u016flhodina s Newcastlem nebo duel s Fulhamem, ve zbyl\u00fdch \u0161esti z\u00e1pasech byla v\u0161ak defenziva Evertonu nepropustn\u00e1.<\/p>\n<p>Michal Keane a Kurt Zouma tvo\u0159\u00ed opravdovou skv\u011blou dvojici a snad Francouze hostuj\u00edc\u00edho z Chelsea udr\u017e\u00edme.<\/p>\n<p>Zlep\u0161en\u00ed defenzivn\u00ed slo\u017eky hry nen\u00ed jedin\u00fdm progresem sou\u010dasn\u00e9ho t\u00fdmu. Za\u010d\u00edn\u00e1 b\u00fdt v\u00edce ne\u017e z\u0159eteln\u00e9, jak\u00fd styl se Silva sna\u017e\u00ed v\u0161t\u011bpit Evertonu.<\/p>\n<p>Mu\u017estvo st\u00e1le \u010dek\u00e1 dlouh\u00e1 cesta, aby naplnilo sv\u00e9 c\u00edle. V l\u00e9t\u011b bude jednozna\u010dn\u011b pot\u0159ebn\u00e9 zkvalitnit k\u00e1dr, jsem ale p\u0159esv\u011bd\u010den, \u017ee \u00fasp\u011bchy se dostav\u00ed.<\/p>\n<p>Snad si rovn\u011b\u017e vezmeme p\u0159\u00edklad z\u00a0Tottenhamu a udr\u017e\u00edme na\u0161e hr\u00e1\u010de z\u00e1kladn\u00ed sestavy pohromad\u011b.<\/p>\n","protected":false},"excerpt":{"rendered":"<p>B\u00fdval\u00fd lev\u00fd obr\u00e1nce Evertonu Michael Ball, kter\u00fd v letech 1996 a\u017e 2001 odehr\u00e1l za klub p\u0159es 120 z\u00e1pas\u016f, se ve sv\u00e9m pravideln\u00e9m sloupku pro den\u00edk Liverpool Echo ohl\u00e9dl za v\u00edt\u011bzn\u00fdm z\u00e1pasem s Manchesterem United.<\/p>\n","protected":false},"author":6,"featured_media":7563,"comment_status":"open","ping_status":"closed","sticky":false,"template":"","format":"standard","meta":{"_eb_attr":"","_monsterinsights_skip_tracking":false,"_monsterinsights_sitenote_active":false,"_monsterinsights_sitenote_note":"","_monsterinsights_sitenote_category":0,"footnotes":""},"categories":[39],"tags":[],"yoast_head":"<!-- This site is optimized with the Yoast SEO plugin v23.4 - https:\/\/yoast.com\/wordpress\/plugins\/seo\/ -->\n<title>Ball: M\u00e1 prosba k britsk\u00fdm m\u00e9di\u00edm - Official Czech &amp; Slovak Everton Supporters&#039; Club<\/title>\n<meta name=\"robots\" content=\"index, follow, max-snippet:-1, max-image-preview:large, max-video-preview:-1\" \/>\n<link rel=\"canonical\" href=\"https:\/\/evertonfc.cz\/index.php\/2019\/04\/23\/ball-ma-prosba-k-britskym-mediim\/\" \/>\n<meta property=\"og:locale\" content=\"cs_CZ\" \/>\n<meta property=\"og:type\" content=\"article\" \/>\n<meta property=\"og:title\" content=\"Ball: M\u00e1 prosba k britsk\u00fdm m\u00e9di\u00edm - Official Czech &amp; Slovak Everton Supporters&#039; Club\" \/>\n<meta property=\"og:description\" content=\"B\u00fdval\u00fd lev\u00fd obr\u00e1nce Evertonu Michael Ball, kter\u00fd v letech 1996 a\u017e 2001 odehr\u00e1l za klub p\u0159es 120 z\u00e1pas\u016f, se ve sv\u00e9m pravideln\u00e9m sloupku pro den\u00edk Liverpool Echo ohl\u00e9dl za v\u00edt\u011bzn\u00fdm z\u00e1pasem s Manchesterem United.\" \/>\n<meta property=\"og:url\" content=\"https:\/\/evertonfc.cz\/index.php\/2019\/04\/23\/ball-ma-prosba-k-britskym-mediim\/\" \/>\n<meta property=\"og:site_name\" content=\"Official Czech &amp; Slovak Everton Supporters&#039; Club\" \/>\n<meta property=\"article:publisher\" content=\"https:\/\/www.facebook.com\/everton.fans.cz.sk\" \/>\n<meta property=\"article:published_time\" content=\"2019-04-23T08:06:22+00:00\" \/>\n<meta property=\"article:modified_time\" content=\"2019-04-23T14:24:19+00:00\" \/>\n<meta property=\"og:image\" content=\"https:\/\/evertonfc.cz\/wp-content\/uploads\/2019\/04\/united_23_4_2019.jpg\" \/>\n\t<meta property=\"og:image:width\" content=\"720\" \/>\n\t<meta property=\"og:image:height\" content=\"405\" \/>\n\t<meta property=\"og:image:type\" content=\"image\/jpeg\" \/>\n<meta name=\"author\" content=\"Ri\u010di\" \/>\n<meta name=\"twitter:card\" content=\"summary_large_image\" \/>\n<meta name=\"twitter:creator\" content=\"@rbrejsa\" \/>\n<meta name=\"twitter:label1\" content=\"Napsal(a)\" \/>\n\t<meta name=\"twitter:data1\" content=\"Ri\u010di\" \/>\n\t<meta name=\"twitter:label2\" content=\"Odhadovan\u00e1 doba \u010dten\u00ed\" \/>\n\t<meta name=\"twitter:data2\" content=\"4 minuty\" \/>\n<script type=\"application\/ld+json\" class=\"yoast-schema-graph\">{\"@context\":\"https:\/\/schema.org\",\"@graph\":[{\"@type\":\"Article\",\"@id\":\"https:\/\/evertonfc.cz\/index.php\/2019\/04\/23\/ball-ma-prosba-k-britskym-mediim\/#article\",\"isPartOf\":{\"@id\":\"https:\/\/evertonfc.cz\/index.php\/2019\/04\/23\/ball-ma-prosba-k-britskym-mediim\/\"},\"author\":{\"name\":\"Ri\u010di\",\"@id\":\"https:\/\/evertonfc.cz\/#\/schema\/person\/f7a5daedb2ffee98480bc70e191aaef1\"},\"headline\":\"Ball: M\u00e1 prosba k britsk\u00fdm m\u00e9di\u00edm\",\"datePublished\":\"2019-04-23T08:06:22+00:00\",\"dateModified\":\"2019-04-23T14:24:19+00:00\",\"mainEntityOfPage\":{\"@id\":\"https:\/\/evertonfc.cz\/index.php\/2019\/04\/23\/ball-ma-prosba-k-britskym-mediim\/\"},\"wordCount\":778,\"commentCount\":1,\"publisher\":{\"@id\":\"https:\/\/evertonfc.cz\/#organization\"},\"image\":{\"@id\":\"https:\/\/evertonfc.cz\/index.php\/2019\/04\/23\/ball-ma-prosba-k-britskym-mediim\/#primaryimage\"},\"thumbnailUrl\":\"https:\/\/evertonfc.cz\/wp-content\/uploads\/2019\/04\/united_23_4_2019.jpg\",\"articleSection\":[\"Blog\"],\"inLanguage\":\"cs\",\"potentialAction\":[{\"@type\":\"CommentAction\",\"name\":\"Comment\",\"target\":[\"https:\/\/evertonfc.cz\/index.php\/2019\/04\/23\/ball-ma-prosba-k-britskym-mediim\/#respond\"]}]},{\"@type\":\"WebPage\",\"@id\":\"https:\/\/evertonfc.cz\/index.php\/2019\/04\/23\/ball-ma-prosba-k-britskym-mediim\/\",\"url\":\"https:\/\/evertonfc.cz\/index.php\/2019\/04\/23\/ball-ma-prosba-k-britskym-mediim\/\",\"name\":\"Ball: M\u00e1 prosba k britsk\u00fdm m\u00e9di\u00edm - Official Czech &amp; Slovak Everton Supporters&#039; Club\",\"isPartOf\":{\"@id\":\"https:\/\/evertonfc.cz\/#website\"},\"primaryImageOfPage\":{\"@id\":\"https:\/\/evertonfc.cz\/index.php\/2019\/04\/23\/ball-ma-prosba-k-britskym-mediim\/#primaryimage\"},\"image\":{\"@id\":\"https:\/\/evertonfc.cz\/index.php\/2019\/04\/23\/ball-ma-prosba-k-britskym-mediim\/#primaryimage\"},\"thumbnailUrl\":\"https:\/\/evertonfc.cz\/wp-content\/uploads\/2019\/04\/united_23_4_2019.jpg\",\"datePublished\":\"2019-04-23T08:06:22+00:00\",\"dateModified\":\"2019-04-23T14:24:19+00:00\",\"breadcrumb\":{\"@id\":\"https:\/\/evertonfc.cz\/index.php\/2019\/04\/23\/ball-ma-prosba-k-britskym-mediim\/#breadcrumb\"},\"inLanguage\":\"cs\",\"potentialAction\":[{\"@type\":\"ReadAction\",\"target\":[\"https:\/\/evertonfc.cz\/index.php\/2019\/04\/23\/ball-ma-prosba-k-britskym-mediim\/\"]}]},{\"@type\":\"ImageObject\",\"inLanguage\":\"cs\",\"@id\":\"https:\/\/evertonfc.cz\/index.php\/2019\/04\/23\/ball-ma-prosba-k-britskym-mediim\/#primaryimage\",\"url\":\"https:\/\/evertonfc.cz\/wp-content\/uploads\/2019\/04\/united_23_4_2019.jpg\",\"contentUrl\":\"https:\/\/evertonfc.cz\/wp-content\/uploads\/2019\/04\/united_23_4_2019.jpg\",\"width\":720,\"height\":405},{\"@type\":\"BreadcrumbList\",\"@id\":\"https:\/\/evertonfc.cz\/index.php\/2019\/04\/23\/ball-ma-prosba-k-britskym-mediim\/#breadcrumb\",\"itemListElement\":[{\"@type\":\"ListItem\",\"position\":1,\"name\":\"Home\",\"item\":\"https:\/\/evertonfc.cz\/\"},{\"@type\":\"ListItem\",\"position\":2,\"name\":\"Ball: M\u00e1 prosba k britsk\u00fdm m\u00e9di\u00edm\"}]},{\"@type\":\"WebSite\",\"@id\":\"https:\/\/evertonfc.cz\/#website\",\"url\":\"https:\/\/evertonfc.cz\/\",\"name\":\"Official Czech &amp; Slovak Everton Supporters&#039; Club\",\"description\":\"\",\"publisher\":{\"@id\":\"https:\/\/evertonfc.cz\/#organization\"},\"potentialAction\":[{\"@type\":\"SearchAction\",\"target\":{\"@type\":\"EntryPoint\",\"urlTemplate\":\"https:\/\/evertonfc.cz\/?s={search_term_string}\"},\"query-input\":{\"@type\":\"PropertyValueSpecification\",\"valueRequired\":true,\"valueName\":\"search_term_string\"}}],\"inLanguage\":\"cs\"},{\"@type\":\"Organization\",\"@id\":\"https:\/\/evertonfc.cz\/#organization\",\"name\":\"Official Czech & Slovak Everton Supporters' Club\",\"url\":\"https:\/\/evertonfc.cz\/\",\"logo\":{\"@type\":\"ImageObject\",\"inLanguage\":\"cs\",\"@id\":\"https:\/\/evertonfc.cz\/#\/schema\/logo\/image\/\",\"url\":\"https:\/\/evertonfc.cz\/wp-content\/uploads\/2019\/05\/logo.png\",\"contentUrl\":\"https:\/\/evertonfc.cz\/wp-content\/uploads\/2019\/05\/logo.png\",\"width\":112,\"height\":112,\"caption\":\"Official Czech & Slovak Everton Supporters' Club\"},\"image\":{\"@id\":\"https:\/\/evertonfc.cz\/#\/schema\/logo\/image\/\"},\"sameAs\":[\"https:\/\/www.facebook.com\/everton.fans.cz.sk\"]},{\"@type\":\"Person\",\"@id\":\"https:\/\/evertonfc.cz\/#\/schema\/person\/f7a5daedb2ffee98480bc70e191aaef1\",\"name\":\"Ri\u010di\",\"sameAs\":[\"https:\/\/x.com\/rbrejsa\"],\"url\":\"https:\/\/evertonfc.cz\/index.php\/author\/rici\/\"}]}<\/script>\n<!-- \/ Yoast SEO plugin. -->","yoast_head_json":{"title":"Ball: M\u00e1 prosba k britsk\u00fdm m\u00e9di\u00edm - Official Czech &amp; Slovak Everton Supporters&#039; Club","robots":{"index":"index","follow":"follow","max-snippet":"max-snippet:-1","max-image-preview":"max-image-preview:large","max-video-preview":"max-video-preview:-1"},"canonical":"https:\/\/evertonfc.cz\/index.php\/2019\/04\/23\/ball-ma-prosba-k-britskym-mediim\/","og_locale":"cs_CZ","og_type":"article","og_title":"Ball: M\u00e1 prosba k britsk\u00fdm m\u00e9di\u00edm - Official Czech &amp; Slovak Everton Supporters&#039; Club","og_description":"B\u00fdval\u00fd lev\u00fd obr\u00e1nce Evertonu Michael Ball, kter\u00fd v letech 1996 a\u017e 2001 odehr\u00e1l za klub p\u0159es 120 z\u00e1pas\u016f, se ve sv\u00e9m pravideln\u00e9m sloupku pro den\u00edk Liverpool Echo ohl\u00e9dl za v\u00edt\u011bzn\u00fdm z\u00e1pasem s Manchesterem United.","og_url":"https:\/\/evertonfc.cz\/index.php\/2019\/04\/23\/ball-ma-prosba-k-britskym-mediim\/","og_site_name":"Official Czech &amp; Slovak Everton Supporters&#039; Club","article_publisher":"https:\/\/www.facebook.com\/everton.fans.cz.sk","article_published_time":"2019-04-23T08:06:22+00:00","article_modified_time":"2019-04-23T14:24:19+00:00","og_image":[{"width":720,"height":405,"url":"https:\/\/evertonfc.cz\/wp-content\/uploads\/2019\/04\/united_23_4_2019.jpg","type":"image\/jpeg"}],"author":"Ri\u010di","twitter_card":"summary_large_image","twitter_creator":"@rbrejsa","twitter_misc":{"Napsal(a)":"Ri\u010di","Odhadovan\u00e1 doba \u010dten\u00ed":"4 minuty"},"schema":{"@context":"https:\/\/schema.org","@graph":[{"@type":"Article","@id":"https:\/\/evertonfc.cz\/index.php\/2019\/04\/23\/ball-ma-prosba-k-britskym-mediim\/#article","isPartOf":{"@id":"https:\/\/evertonfc.cz\/index.php\/2019\/04\/23\/ball-ma-prosba-k-britskym-mediim\/"},"author":{"name":"Ri\u010di","@id":"https:\/\/evertonfc.cz\/#\/schema\/person\/f7a5daedb2ffee98480bc70e191aaef1"},"headline":"Ball: M\u00e1 prosba k britsk\u00fdm m\u00e9di\u00edm","datePublished":"2019-04-23T08:06:22+00:00","dateModified":"2019-04-23T14:24:19+00:00","mainEntityOfPage":{"@id":"https:\/\/evertonfc.cz\/index.php\/2019\/04\/23\/ball-ma-prosba-k-britskym-mediim\/"},"wordCount":778,"commentCount":1,"publisher":{"@id":"https:\/\/evertonfc.cz\/#organization"},"image":{"@id":"https:\/\/evertonfc.cz\/index.php\/2019\/04\/23\/ball-ma-prosba-k-britskym-mediim\/#primaryimage"},"thumbnailUrl":"https:\/\/evertonfc.cz\/wp-content\/uploads\/2019\/04\/united_23_4_2019.jpg","articleSection":["Blog"],"inLanguage":"cs","potentialAction":[{"@type":"CommentAction","name":"Comment","target":["https:\/\/evertonfc.cz\/index.php\/2019\/04\/23\/ball-ma-prosba-k-britskym-mediim\/#respond"]}]},{"@type":"WebPage","@id":"https:\/\/evertonfc.cz\/index.php\/2019\/04\/23\/ball-ma-prosba-k-britskym-mediim\/","url":"https:\/\/evertonfc.cz\/index.php\/2019\/04\/23\/ball-ma-prosba-k-britskym-mediim\/","name":"Ball: M\u00e1 prosba k britsk\u00fdm m\u00e9di\u00edm - Official Czech &amp; Slovak Everton Supporters&#039; Club","isPartOf":{"@id":"https:\/\/evertonfc.cz\/#website"},"primaryImageOfPage":{"@id":"https:\/\/evertonfc.cz\/index.php\/2019\/04\/23\/ball-ma-prosba-k-britskym-mediim\/#primaryimage"},"image":{"@id":"https:\/\/evertonfc.cz\/index.php\/2019\/04\/23\/ball-ma-prosba-k-britskym-mediim\/#primaryimage"},"thumbnailUrl":"https:\/\/evertonfc.cz\/wp-content\/uploads\/2019\/04\/united_23_4_2019.jpg","datePublished":"2019-04-23T08:06:22+00:00","dateModified":"2019-04-23T14:24:19+00:00","breadcrumb":{"@id":"https:\/\/evertonfc.cz\/index.php\/2019\/04\/23\/ball-ma-prosba-k-britskym-mediim\/#breadcrumb"},"inLanguage":"cs","potentialAction":[{"@type":"ReadAction","target":["https:\/\/evertonfc.cz\/index.php\/2019\/04\/23\/ball-ma-prosba-k-britskym-mediim\/"]}]},{"@type":"ImageObject","inLanguage":"cs","@id":"https:\/\/evertonfc.cz\/index.php\/2019\/04\/23\/ball-ma-prosba-k-britskym-mediim\/#primaryimage","url":"https:\/\/evertonfc.cz\/wp-content\/uploads\/2019\/04\/united_23_4_2019.jpg","contentUrl":"https:\/\/evertonfc.cz\/wp-content\/uploads\/2019\/04\/united_23_4_2019.jpg","width":720,"height":405},{"@type":"BreadcrumbList","@id":"https:\/\/evertonfc.cz\/index.php\/2019\/04\/23\/ball-ma-prosba-k-britskym-mediim\/#breadcrumb","itemListElement":[{"@type":"ListItem","position":1,"name":"Home","item":"https:\/\/evertonfc.cz\/"},{"@type":"ListItem","position":2,"name":"Ball: M\u00e1 prosba k britsk\u00fdm m\u00e9di\u00edm"}]},{"@type":"WebSite","@id":"https:\/\/evertonfc.cz\/#website","url":"https:\/\/evertonfc.cz\/","name":"Official Czech &amp; Slovak Everton Supporters&#039; Club","description":"","publisher":{"@id":"https:\/\/evertonfc.cz\/#organization"},"potentialAction":[{"@type":"SearchAction","target":{"@type":"EntryPoint","urlTemplate":"https:\/\/evertonfc.cz\/?s={search_term_string}"},"query-input":{"@type":"PropertyValueSpecification","valueRequired":true,"valueName":"search_term_string"}}],"inLanguage":"cs"},{"@type":"Organization","@id":"https:\/\/evertonfc.cz\/#organization","name":"Official Czech & Slovak Everton Supporters' Club","url":"https:\/\/evertonfc.cz\/","logo":{"@type":"ImageObject","inLanguage":"cs","@id":"https:\/\/evertonfc.cz\/#\/schema\/logo\/image\/","url":"https:\/\/evertonfc.cz\/wp-content\/uploads\/2019\/05\/logo.png","contentUrl":"https:\/\/evertonfc.cz\/wp-content\/uploads\/2019\/05\/logo.png","width":112,"height":112,"caption":"Official Czech & Slovak Everton Supporters' Club"},"image":{"@id":"https:\/\/evertonfc.cz\/#\/schema\/logo\/image\/"},"sameAs":["https:\/\/www.facebook.com\/everton.fans.cz.sk"]},{"@type":"Person","@id":"https:\/\/evertonfc.cz\/#\/schema\/person\/f7a5daedb2ffee98480bc70e191aaef1","name":"Ri\u010di","sameAs":["https:\/\/x.com\/rbrejsa"],"url":"https:\/\/evertonfc.cz\/index.php\/author\/rici\/"}]}},"_links":{"self":[{"href":"https:\/\/evertonfc.cz\/index.php\/wp-json\/wp\/v2\/posts\/7564"}],"collection":[{"href":"https:\/\/evertonfc.cz\/index.php\/wp-json\/wp\/v2\/posts"}],"about":[{"href":"https:\/\/evertonfc.cz\/index.php\/wp-json\/wp\/v2\/types\/post"}],"author":[{"embeddable":true,"href":"https:\/\/evertonfc.cz\/index.php\/wp-json\/wp\/v2\/users\/6"}],"replies":[{"embeddable":true,"href":"https:\/\/evertonfc.cz\/index.php\/wp-json\/wp\/v2\/comments?post=7564"}],"version-history":[{"count":11,"href":"https:\/\/evertonfc.cz\/index.php\/wp-json\/wp\/v2\/posts\/7564\/revisions"}],"predecessor-version":[{"id":7578,"href":"https:\/\/evertonfc.cz\/index.php\/wp-json\/wp\/v2\/posts\/7564\/revisions\/7578"}],"wp:featuredmedia":[{"embeddable":true,"href":"https:\/\/evertonfc.cz\/index.php\/wp-json\/wp\/v2\/media\/7563"}],"wp:attachment":[{"href":"https:\/\/evertonfc.cz\/index.php\/wp-json\/wp\/v2\/media?parent=7564"}],"wp:term":[{"taxonomy":"category","embeddable":true,"href":"https:\/\/evertonfc.cz\/index.php\/wp-json\/wp\/v2\/categories?post=7564"},{"taxonomy":"post_tag","embeddable":true,"href":"https:\/\/evertonfc.cz\/index.php\/wp-json\/wp\/v2\/tags?post=7564"}],"curies":[{"name":"wp","href":"https:\/\/api.w.org\/{rel}","templated":true}]}}