{"id":757,"date":"2010-04-01T21:17:26","date_gmt":"2010-04-01T19:17:26","guid":{"rendered":"http:\/\/evertonfc.cz\/?p=757"},"modified":"2019-02-16T09:01:41","modified_gmt":"2019-02-16T08:01:41","slug":"zpet-do-minulosti-sezona-2004-05","status":"publish","type":"post","link":"https:\/\/evertonfc.cz\/index.php\/2010\/04\/01\/zpet-do-minulosti-sezona-2004-05\/","title":{"rendered":"Zp\u011bt do minulosti: Sezona 2004\/05"},"content":{"rendered":"<h4>M\u011bl to b\u00fdt ro\u010dn\u00edk, ve kter\u00e9m se bude Everton strachovat o samotn\u00e9 udr\u017een\u00ed mezi elitou. Blues se ale odv\u00e1zali ke spanil\u00e9 j\u00edzd\u011b a\u017e k bran\u00e1m Champions League.<\/h4>\n<p>P\u0159edchoz\u00ed sezona dopadla b\u00eddn\u011b. Everton obsadil 17. p\u0159\u00ed\u010dku a dal\u0161\u00ed rok nem\u011bl b\u00fdt o moc lep\u0161\u00ed. Na samotn\u00e9m konci p\u0159estupov\u00e9ho okna nav\u00edc Toffees po unavuj\u00edc\u00edch tahanic\u00edch ztratili mladi\u010dk\u00e9ho Wayna Rooneyho. Bylo jen na Davidu Moyesovi a Billu Kenwrightovi, aby za nej\u017e\u00e1dan\u011bj\u0161\u00ed zbo\u017e\u00ed nejen na ostrovech, ale mo\u017en\u00e1 i v Evrop\u011b, vyinkasovali co nejtu\u010dn\u011bj\u0161\u00ed obnos. A to se jim vsktutku povedlo. \u00dato\u010dn\u00edk se do Manchesteru United st\u011bhoval za sumu, pohybuj\u00edc\u00ed se kolem neuv\u011b\u0159iteln\u00fdch 30 milion\u016f liber.<\/p>\n<p>Sm\u011br Merseyside naopak za cel\u00e9 l\u00e9to nabrali jen dva fotbalist\u00e9 &#8211; Marcus Bent z Ipswich Town za 450 tis\u00edc a Tim Cahill z Millwallu za p\u016fl druh\u00e9ho milionu. N\u00e1lada mezi Evertonians tak byla na bod\u011b mrazu. V \u017eiv\u00e9 pam\u011bti m\u011bli \u0161patnou minulou sezonu, kterou Blues zakon\u010dili drtivou prohrou 1-5 na Eastlands a nav\u00edc ztratili svoji osmn\u00e1ctiletou modlu.<\/p>\n<p>A Everton do sezony skute\u010dn\u011b vstoupil tak, jak se o\u010dek\u00e1valo. Arsenal sice byl nejv\u011bt\u0161\u00edm favoritem na zisk titulu, ale to, \u017ee si z Goodisonu odveze v\u00edt\u011bzstv\u00ed 4-1, jen umocnilo nez\u00e1vid\u011bn\u00edhodnou situaci Toffees. To, co n\u00e1sledovalo po prvn\u00edm kole, tak mus\u00ed jasn\u011b pat\u0159it k nejv\u011bt\u0161\u00edm p\u0159ekvapen\u00edm v dlouh\u00e9 historii Evertonu.<\/p>\n<p>David Moyes nezpanika\u0159il. Situaci n\u00e1le\u017eit\u011b zhodnotil, pro sv\u016fj t\u00fdm sestavil syst\u00e9m, kter\u00fd mu vyhovoval nejv\u00edce s t\u00edm, \u017ee to, co se od ka\u017ed\u00e9ho hr\u00e1\u010de \u010dek\u00e1 je, je 100%. Ani o trochu m\u011bn\u011b. N\u00e1sleduj\u00edc\u00ed v\u00fdsledky se t\u00e9m\u011b\u0159 bl\u00ed\u017eily z\u00e1zrak\u016fm. Na p\u016fd\u011b Crystal Palace sice Blues prohr\u00e1vali, ale nakonec slavili v\u00fdhru 3-1, p\u0159esto\u017ee se \u010d\u00e1st druh\u00e9 p\u016fle museli obej\u00edt bez vylou\u010den\u00e9ho Garyho Naysmitha. A pak u\u017e to \u0161lo r\u00e1z nar\u00e1z. Dva g\u00f3ly Leona Osmana, v\u010detn\u011b jeho debutov\u00e9ho g\u00f3lu p\u0159ed dom\u00e1c\u00edm publikem, sta\u010dily k v\u00fdh\u0159e nad West Bromwichem, posl\u00e9ze si Toffees odvezli cen\u011bnou bezbrankovou rem\u00edzu z Old Trafford a premi\u00e9rov\u00e1 trefa Tima Cahilla zajistila v\u00edt\u011bzstv\u00ed 1-0 na City of Manchester Stadium.<\/p>\n<p>Ani \u010derven\u00e1 karta pro Cahilla nemohla naru\u0161it nov\u011b z\u00edskan\u00fd optimismus. Everton byl v p\u016flce z\u00e1\u0159\u00ed t\u0159et\u00ed a Evertonians pomalu za\u010dali sn\u00edt. Pak sice Toffees prohr\u00e1li v Ligov\u00e9m poh\u00e1ru s Arsenalem, p\u0159ed koncem \u0159\u00edjna u\u017e ale ho\u0159kost por\u00e1\u017eky poznali jen jednou. Radost krom v\u00fdsledk\u016f nav\u00edc d\u011blaly i letn\u00ed posily. U\u017e po p\u00e1r t\u00fddnech Tim Cahill prok\u00e1zal, \u017ee jeho p\u0159estupov\u00e1 cena se rovn\u00e1 prakticky kr\u00e1de\u017ei za b\u00edl\u00e9ho dne. Jeho energie a pohyblivost dodala z\u00e1lo\u017en\u00ed \u0159ad\u011b nov\u00fd rozm\u011br, o st\u0159eleck\u00fdch schopnostech nemluv\u011b. Do t\u00fdmu zapadl Marcus Bent. Jeho ne\u00fanavn\u00e9, odvevzdan\u00e9 v\u00fdkony na postu osamocen\u00e9ho \u00fato\u010dn\u00edka a ob\u011btov\u00e1n\u00ed se pro t\u00fdm, mohlo uniknout jen m\u00e1lokomu. Vzadu se o obrannou pr\u00e1ci starala respekt bud\u00edc\u00ed dvojka Weir &#8211; Stubbs, br\u00e1nu st\u0159e\u017eil jeden z hrdin\u016f posledn\u00ed dek\u00e1dy, Nigel Martyn a v z\u00e1loze pod\u00e1vali stabiln\u00ed v\u00fdkony Lee Carsley s Kevinem Kilbanem, kte\u0159\u00ed dohromady za celou sezonu zme\u0161kali jen \u010dty\u0159i z\u00e1pasy.<\/p>\n<p>Evertonians nov\u011b nalezenou fazonu sv\u00e9ho t\u00fdmu hltali. Traumata p\u0159edchoz\u00edch sezon byl z\u010distajasna pry\u010d a sborov\u00e9 &#8222;Champions League &#8211; We&#8217;re Having a Laugh&#8220;, se Goodisonem rozl\u00e9halo s v\u011bt\u0161\u00ed a v\u011bt\u0161\u00ed intenzitou. A co tak fantastickou s\u00e9rii dok\u00e1\u017ee ozdobit l\u00e9pe, ne\u017e palba pozdn\u00edch v\u00edt\u011bzn\u00fdch g\u00f3l\u016f? Deset minut p\u0159ed koncem v\u00edt\u011bzstv\u00ed na Fratton Parku obstaral Cahill, g\u00f3lem z 88. minuty Leon Osman porazil Southampton a za\u010d\u00e1tkem prosince Blues z nep\u0159\u00edzniv\u00e9 pozice 2-1 patn\u00e1ct minut p\u0159ed koncem, na Goodisonu oto\u010dili na v\u00edt\u011bzn\u00fdch 3-2. Ale to nejlep\u0161\u00ed si Everton schoval na den, kdy v kalend\u00e1\u0159i st\u00e1lo datum sobota, 11. prosince 2004.<\/p>\n<p>Liverpool na Old Lady zav\u00edtal se s\u00e9ri\u00ed dev\u00edti neprohran\u00fdch derby v \u0159ad\u011b. O jej\u00ed ukon\u010den\u00ed se postaral\u00a0<a href=\"http:\/\/www.youtube.com\/watch?v=2cNt76G4mIQ\" target=\"_blank\" rel=\"noopener\">sp\u00ed\u0161e netradi\u010dn\u00ed st\u0159elec Lee Carsley<\/a>\u00a0a z\u00e1rove\u0148 t\u00fdm vyst\u0159elil na neskute\u010dnou druhou pozici v tabulce. Mu\u017estvo hr\u00e1lo s velk\u00fdm klidem a nad\u0161en\u00edm, co\u017e se potvrdilo i na Boxing Day, kdy Everton zkompletoval double nad Manchesterem City. Dv\u011b nadch\u00e1zej\u00edc\u00ed por\u00e1\u017eky byly vn\u00edm\u00e1ny jen jako pouh\u00fd v\u00fdpadek, a\u010dkoliv b\u011bhem n\u011bj Blues inkasovali sedmkr\u00e1t. Prvn\u011b Everton odjel s prohrou 0-2 z The Valley, kdy\u017e Charlton o sv\u00e9 v\u00fdh\u0159e rozhodl v posledn\u00edch osmi minut\u00e1ch a na Nov\u00fd rok si na White Hart Lane zast\u0159\u00edlel Tottenham.<\/p>\n<p>Na v\u00edt\u011bznou vlnu se Everton vr\u00e1til hned v dal\u0161\u00edm dom\u00e1c\u00edm z\u00e1pase, kdy proti Pompey dal\u0161\u00ed strhuj\u00edc\u00ed v\u00edt\u011bzn\u00fd konec za\u0159\u00eddil v 92. minut\u011b Leon Osman. To u\u017e b\u011b\u017eelo zimn\u00ed p\u0159estupov\u00e9 okno a stejn\u011b jako n\u011bkolik m\u011bs\u00edc\u016f zp\u00e1tky, i tentokr\u00e1t Toffees plnili noviny. T\u00edm, kdo nem\u011bl klidn\u00e9 span\u00ed, byl Thomas Gravesen, hraj\u00edc\u00ed ve fantastick\u00e9 form\u011b. Z\u00e1jemcem byl Real Madrid, a tak do\u0161lo k p\u0159estupu, kter\u00fd si klub, ani hr\u00e1\u010d v posledn\u00edm roce sv\u00e9ho kontraktu, nemohli dovolit odm\u00edtnout. Z\u00e1pas proti Plymouthu ve t\u0159et\u00edm kole FA Cupu bylo Tommyho posledn\u00ed vystoupen\u00ed v modr\u00e9m dresu. I kdy\u017e ne \u00fapln\u011b to posledn\u00ed.<\/p>\n<p>Moyes tedy ztratil dal\u0161\u00edho ze sv\u00fdch d\u016fle\u017eit\u00fdch hr\u00e1\u010d\u016f, ale netrvalo mu dlouho, ne\u017e sehnal adekv\u00e1tn\u00ed n\u00e1hradu. O Mikelu Artetovi ji\u017e p\u0159ed jeho p\u0159\u00edchodem do Evertonu lid\u00e9 v\u011bd\u011bli, tehdy ale je\u0161t\u011b netu\u0161ili, \u017ee se tak rychle stane goodisonsk\u00fdm idolem. Zm\u00edn\u011bn\u00fd souboj s Plymouthem pak znamenal debut pro Jamese Beattieho, n\u00e1strahami Premier League prov\u011b\u0159en\u00e9ho st\u0159elce, kter\u00fd p\u0159i\u0161el za 6 milion\u016f ze Southamptonu.<\/p>\n<p>Jeho prvn\u00ed trefa p\u0159i\u0161la v poklidn\u00e9 v\u00fdh\u0159e 3-0 nad Sunderlandem v FA Cupu a Beattieho prvn\u00ed ligov\u00e1 branka za\u010d\u00e1tkem \u00fanora, m\u00ed\u0159ila ironicky do s\u00edt\u011b Southamptonu. Saints ale p\u0159esto m\u011bli k v\u00fdh\u0159e bl\u00ed\u017e, radost Harrymu Redkappovi zkazil\u00a0<a href=\"http:\/\/www.youtube.com\/watch?v=wc4nakKF10I\" target=\"_blank\" rel=\"noopener\">vyrovn\u00e1vac\u00edm g\u00f3lem<\/a>\u00a0v nastaven\u00ed, Marcus Bent.<\/p>\n<p>Progres v FA Cupu zastavil Manchester United, kdy se na Goodison poprv\u00e9 vracel Wayne Rooney. Po proh\u0159e 0-2 m\u011bl p\u0159ed sebou Everton posledn\u00edch jeden\u00e1ct z\u00e1pas\u016f k udr\u017een\u00ed drahocenn\u00e9ho \u010dtvrt\u00e9ho m\u00edsta. V\u00fdhru 3-1 nad Aston Villou ozdobil dv\u011bma kr\u00e1sn\u00fdmi trefami Leon Osman, ale t\u0159i prohry, kter\u00e9 m\u011bly p\u0159ij\u00edt, nazna\u010dovaly, \u017ee pro Everton m\u016f\u017ee nabour\u00e1n\u00ed prvn\u00ed \u010dty\u0159ky znamenat p\u0159\u00edli\u0161 velk\u00e9 sousto. Goodisonsk\u00e1 lo\u010f se ocitla v bou\u0159i, ale rozhodn\u011b se nepotopila.<\/p>\n<p>James Vaughan se stal historicky nejmlad\u0161\u00edm st\u0159elcem Evertonu, kdy\u017e sv\u016fj debut oslavil g\u00f3lem proti Crystal Palace, upravuj\u00edc\u00edm na kone\u010dn\u00fdch 4-0, kdy se premi\u00e9rov\u011b g\u00f3lov\u011b uvedl i Mikel Arteta. A pak se do Merseyside vr\u00e1til Manchester United.<\/p>\n<p>Everton porazil Red Devils naposled o deset let d\u0159\u00edve z\u00e1sluhou hlavi\u010dky Duncana Fergusona. A p\u0159esn\u011b to sam\u00e9 ohlu\u0161uj\u00edc\u00ed Goodison uvid\u011bl i 20. dubna 2005. Hrdinou byl znovu\u00a0<a href=\"http:\/\/www.youtube.com\/watch?v=zsb2nCDcjeQ\" target=\"_blank\" rel=\"noopener\">Big Dunc<\/a>\u00a0a \u010dtvrt\u00e9 m\u00edsto mohl u\u017e Everton mohl ztratit jen svou vlastn\u00ed vinou. Kdy\u017e na Goodison k posledn\u00edmu dom\u00e1c\u00edmu z\u00e1pasu sezony p\u0159ijel Newcastle, Everton v\u011bd\u011bl, \u017ee mu sta\u010d\u00ed uhr\u00e1t lep\u0161\u00ed v\u00fdsledek, ne\u017e kter\u00fd z\u00edskal Liverpool o 24 hodin pozd\u011bji na Highbury a Champions League by byla poprv\u00e9 jeho. Blues si sv\u016fj \u00fakol splnili, Magpies porazili 2-0. Dal\u0161\u00ed den se ka\u017ed\u00fd Evertonian stal do\u010dasn\u011b fandou Gunners. Ti nakonec Liverpool porazili 3-1 a divok\u00e9 oslavy mohly za\u010d\u00edt.<\/p>\n<p>Everton dos\u00e1hl ne\u010dekan\u00e9ho, a o to v\u00edce cenn\u011bj\u0161\u00edho \u00fasp\u011bchu, kter\u00fd nep\u0159ekazily ani por\u00e1\u017eky ve dvou zb\u00fdvaj\u00edc\u00edch utk\u00e1n\u00edch, v\u010detn\u011b n\u00e1\u0159ezu 7-0 od Arsenalu. Blues se state\u010dn\u011b postavili v\u0161em okolnostem a dos\u00e1hli ne\u010deho, co by za\u010d\u00e1tkem sezony nikdo netipoval.<\/p>\n<h4><strong>Kl\u00ed\u010dov\u00fd z\u00e1pas: Everton &#8211; Liverpool 1:0, 11. prosince 2004<\/strong><\/h4>\n<p>Toffees byl v tabulce t\u0159et\u00ed, \u010dty\u0159i m\u00edsta p\u0159ed Liverpoolem. \u0160lo o prvn\u00ed ochutn\u00e1vku Merseyside derby pro Rafu Beniteze, zat\u00edmco David Moyes doufal v prvn\u00ed v\u00fdhru nad \u010derven\u00fdmi. Everton hr\u00e1l sebev\u011bdom\u011b a jistota se p\u0159enesla i do tribun, p\u0159i\u010dem\u017e Benitezova sestava o\u010dek\u00e1v\u00e1n\u00ed jen pos\u00edlila. Jm\u00e9na jako Salif Diao, Josemi, Neil Mellor nebo Florent Sinama Pongolle, vyvol\u00e1vala cokoliv, jen ne strach.<\/p>\n<p>Rozhoduj\u00edc\u00ed moment p\u0159i\u0161el po hodin\u011b hry. P\u0159ed hranic\u00ed v\u00e1pna p\u0159ihr\u00e1l Leon Osman Lee Carsleymu, a ten se postaral o zbytek, by\u0165 jeho r\u00e1na tolik nebezpe\u010dn\u011b nevzhl\u00ed\u017eela. Zrodilo se tedy prvn\u00ed v\u00edt\u011bzstv\u00ed v derby od roku 1997 a Blues se v tabulce za\u0159adili za vedouc\u00ed Chelsea.<\/p>\n<h4><strong>Kl\u00ed\u010dov\u00fd hr\u00e1\u010d: Lee Carsley<\/strong><\/h4>\n<p>Jen Kevin Kilbane nast\u0159\u00e1dal b\u011bhem sezony v\u00edc z\u00e1pas\u016f, ne\u017e holohlav\u00fd hrdina. Bojovn\u00fd irsk\u00fd reprezentant pro\u017eil vynikaj\u00edc\u00ed rok, kter\u00e9mu dal pomyslnou t\u0159e\u0161inku g\u00f3lem v derby. V posledn\u00edm z\u00e1pase sezony proti Boltonu si v\u0161ak o\u0161kliv\u011b poranil koleno, co\u017e zhatilo ve\u0161ker\u00e9 \u0161ance na jeho v\u00fdpomoc t\u00fdmu v p\u0159edkole Champions League. A nejen to, v\u017edy\u0165 prome\u0161kal v\u011bt\u0161inu dal\u0161\u00ed sezony. Trocha ironie z\u00e1v\u011brem &#8211; pr\u00e1v\u011b v z\u00e1pase proti Boltonu je\u0161t\u011b p\u0159ed okam\u017eikem zran\u011bn\u00ed vst\u0159elil posledn\u00ed g\u00f3l Evertonu v sezon\u011b. P\u0159itom byl st\u0159elcem i toho \u00favodn\u00edho proti Arsenalu a samoz\u0159ejm\u011b toho nejd\u016fle\u017eit\u011bj\u0161\u00edho proti Liverpoolu.<\/p>\n","protected":false},"excerpt":{"rendered":"<p>M\u011bl to b\u00fdt ro\u010dn\u00edk, ve kter\u00e9m se bude Everton strachovat o samotn\u00e9 udr\u017een\u00ed mezi elitou. Blues se ale odv\u00e1zali ke&hellip;<\/p>\n","protected":false},"author":7,"featured_media":744,"comment_status":"open","ping_status":"closed","sticky":false,"template":"","format":"standard","meta":{"_eb_attr":"","_monsterinsights_skip_tracking":false,"_monsterinsights_sitenote_active":false,"_monsterinsights_sitenote_note":"","_monsterinsights_sitenote_category":0,"footnotes":""},"categories":[15],"tags":[],"yoast_head":"<!-- This site is optimized with the Yoast SEO plugin v23.4 - https:\/\/yoast.com\/wordpress\/plugins\/seo\/ -->\n<title>Zp\u011bt do minulosti: Sezona 2004\/05 - Official Czech &amp; Slovak Everton Supporters&#039; Club<\/title>\n<meta name=\"robots\" content=\"index, follow, max-snippet:-1, max-image-preview:large, max-video-preview:-1\" \/>\n<link rel=\"canonical\" href=\"https:\/\/evertonfc.cz\/index.php\/2010\/04\/01\/zpet-do-minulosti-sezona-2004-05\/\" \/>\n<meta property=\"og:locale\" content=\"cs_CZ\" \/>\n<meta property=\"og:type\" content=\"article\" \/>\n<meta property=\"og:title\" content=\"Zp\u011bt do minulosti: Sezona 2004\/05 - Official Czech &amp; Slovak Everton Supporters&#039; Club\" \/>\n<meta property=\"og:description\" content=\"M\u011bl to b\u00fdt ro\u010dn\u00edk, ve kter\u00e9m se bude Everton strachovat o samotn\u00e9 udr\u017een\u00ed mezi elitou. Blues se ale odv\u00e1zali ke&hellip;\" \/>\n<meta property=\"og:url\" content=\"https:\/\/evertonfc.cz\/index.php\/2010\/04\/01\/zpet-do-minulosti-sezona-2004-05\/\" \/>\n<meta property=\"og:site_name\" content=\"Official Czech &amp; Slovak Everton Supporters&#039; Club\" \/>\n<meta property=\"article:publisher\" content=\"https:\/\/www.facebook.com\/everton.fans.cz.sk\" \/>\n<meta property=\"article:published_time\" content=\"2010-04-01T19:17:26+00:00\" \/>\n<meta property=\"article:modified_time\" content=\"2019-02-16T08:01:41+00:00\" \/>\n<meta property=\"og:image\" content=\"https:\/\/evertonfc.cz\/wp-content\/uploads\/2019\/01\/sezona_2004_05.jpg\" \/>\n\t<meta property=\"og:image:width\" content=\"720\" \/>\n\t<meta property=\"og:image:height\" content=\"405\" \/>\n\t<meta property=\"og:image:type\" content=\"image\/jpeg\" \/>\n<meta name=\"author\" content=\"Me\u0148a\" \/>\n<meta name=\"twitter:card\" content=\"summary_large_image\" \/>\n<meta name=\"twitter:label1\" content=\"Napsal(a)\" \/>\n\t<meta name=\"twitter:data1\" content=\"Me\u0148a\" \/>\n\t<meta name=\"twitter:label2\" content=\"Odhadovan\u00e1 doba \u010dten\u00ed\" \/>\n\t<meta name=\"twitter:data2\" content=\"9 minut\" \/>\n<script type=\"application\/ld+json\" class=\"yoast-schema-graph\">{\"@context\":\"https:\/\/schema.org\",\"@graph\":[{\"@type\":\"Article\",\"@id\":\"https:\/\/evertonfc.cz\/index.php\/2010\/04\/01\/zpet-do-minulosti-sezona-2004-05\/#article\",\"isPartOf\":{\"@id\":\"https:\/\/evertonfc.cz\/index.php\/2010\/04\/01\/zpet-do-minulosti-sezona-2004-05\/\"},\"author\":{\"name\":\"Me\u0148a\",\"@id\":\"https:\/\/evertonfc.cz\/#\/schema\/person\/cd6328a75577de2add7793fd4b0930c3\"},\"headline\":\"Zp\u011bt do minulosti: Sezona 2004\/05\",\"datePublished\":\"2010-04-01T19:17:26+00:00\",\"dateModified\":\"2019-02-16T08:01:41+00:00\",\"mainEntityOfPage\":{\"@id\":\"https:\/\/evertonfc.cz\/index.php\/2010\/04\/01\/zpet-do-minulosti-sezona-2004-05\/\"},\"wordCount\":1730,\"commentCount\":0,\"publisher\":{\"@id\":\"https:\/\/evertonfc.cz\/#organization\"},\"image\":{\"@id\":\"https:\/\/evertonfc.cz\/index.php\/2010\/04\/01\/zpet-do-minulosti-sezona-2004-05\/#primaryimage\"},\"thumbnailUrl\":\"https:\/\/evertonfc.cz\/wp-content\/uploads\/2019\/01\/sezona_2004_05.jpg\",\"articleSection\":[\"Zhodnocen\u00ed sez\u00f3n\"],\"inLanguage\":\"cs\",\"potentialAction\":[{\"@type\":\"CommentAction\",\"name\":\"Comment\",\"target\":[\"https:\/\/evertonfc.cz\/index.php\/2010\/04\/01\/zpet-do-minulosti-sezona-2004-05\/#respond\"]}]},{\"@type\":\"WebPage\",\"@id\":\"https:\/\/evertonfc.cz\/index.php\/2010\/04\/01\/zpet-do-minulosti-sezona-2004-05\/\",\"url\":\"https:\/\/evertonfc.cz\/index.php\/2010\/04\/01\/zpet-do-minulosti-sezona-2004-05\/\",\"name\":\"Zp\u011bt do minulosti: Sezona 2004\/05 - Official Czech &amp; Slovak Everton Supporters&#039; Club\",\"isPartOf\":{\"@id\":\"https:\/\/evertonfc.cz\/#website\"},\"primaryImageOfPage\":{\"@id\":\"https:\/\/evertonfc.cz\/index.php\/2010\/04\/01\/zpet-do-minulosti-sezona-2004-05\/#primaryimage\"},\"image\":{\"@id\":\"https:\/\/evertonfc.cz\/index.php\/2010\/04\/01\/zpet-do-minulosti-sezona-2004-05\/#primaryimage\"},\"thumbnailUrl\":\"https:\/\/evertonfc.cz\/wp-content\/uploads\/2019\/01\/sezona_2004_05.jpg\",\"datePublished\":\"2010-04-01T19:17:26+00:00\",\"dateModified\":\"2019-02-16T08:01:41+00:00\",\"breadcrumb\":{\"@id\":\"https:\/\/evertonfc.cz\/index.php\/2010\/04\/01\/zpet-do-minulosti-sezona-2004-05\/#breadcrumb\"},\"inLanguage\":\"cs\",\"potentialAction\":[{\"@type\":\"ReadAction\",\"target\":[\"https:\/\/evertonfc.cz\/index.php\/2010\/04\/01\/zpet-do-minulosti-sezona-2004-05\/\"]}]},{\"@type\":\"ImageObject\",\"inLanguage\":\"cs\",\"@id\":\"https:\/\/evertonfc.cz\/index.php\/2010\/04\/01\/zpet-do-minulosti-sezona-2004-05\/#primaryimage\",\"url\":\"https:\/\/evertonfc.cz\/wp-content\/uploads\/2019\/01\/sezona_2004_05.jpg\",\"contentUrl\":\"https:\/\/evertonfc.cz\/wp-content\/uploads\/2019\/01\/sezona_2004_05.jpg\",\"width\":720,\"height\":405},{\"@type\":\"BreadcrumbList\",\"@id\":\"https:\/\/evertonfc.cz\/index.php\/2010\/04\/01\/zpet-do-minulosti-sezona-2004-05\/#breadcrumb\",\"itemListElement\":[{\"@type\":\"ListItem\",\"position\":1,\"name\":\"Home\",\"item\":\"https:\/\/evertonfc.cz\/\"},{\"@type\":\"ListItem\",\"position\":2,\"name\":\"Zp\u011bt do minulosti: Sezona 2004\/05\"}]},{\"@type\":\"WebSite\",\"@id\":\"https:\/\/evertonfc.cz\/#website\",\"url\":\"https:\/\/evertonfc.cz\/\",\"name\":\"Official Czech &amp; Slovak Everton Supporters&#039; Club\",\"description\":\"\",\"publisher\":{\"@id\":\"https:\/\/evertonfc.cz\/#organization\"},\"potentialAction\":[{\"@type\":\"SearchAction\",\"target\":{\"@type\":\"EntryPoint\",\"urlTemplate\":\"https:\/\/evertonfc.cz\/?s={search_term_string}\"},\"query-input\":{\"@type\":\"PropertyValueSpecification\",\"valueRequired\":true,\"valueName\":\"search_term_string\"}}],\"inLanguage\":\"cs\"},{\"@type\":\"Organization\",\"@id\":\"https:\/\/evertonfc.cz\/#organization\",\"name\":\"Official Czech & Slovak Everton Supporters' Club\",\"url\":\"https:\/\/evertonfc.cz\/\",\"logo\":{\"@type\":\"ImageObject\",\"inLanguage\":\"cs\",\"@id\":\"https:\/\/evertonfc.cz\/#\/schema\/logo\/image\/\",\"url\":\"https:\/\/evertonfc.cz\/wp-content\/uploads\/2019\/05\/logo.png\",\"contentUrl\":\"https:\/\/evertonfc.cz\/wp-content\/uploads\/2019\/05\/logo.png\",\"width\":112,\"height\":112,\"caption\":\"Official Czech & Slovak Everton Supporters' Club\"},\"image\":{\"@id\":\"https:\/\/evertonfc.cz\/#\/schema\/logo\/image\/\"},\"sameAs\":[\"https:\/\/www.facebook.com\/everton.fans.cz.sk\"]},{\"@type\":\"Person\",\"@id\":\"https:\/\/evertonfc.cz\/#\/schema\/person\/cd6328a75577de2add7793fd4b0930c3\",\"name\":\"Me\u0148a\",\"url\":\"https:\/\/evertonfc.cz\/index.php\/author\/mena\/\"}]}<\/script>\n<!-- \/ Yoast SEO plugin. -->","yoast_head_json":{"title":"Zp\u011bt do minulosti: Sezona 2004\/05 - Official Czech &amp; Slovak Everton Supporters&#039; Club","robots":{"index":"index","follow":"follow","max-snippet":"max-snippet:-1","max-image-preview":"max-image-preview:large","max-video-preview":"max-video-preview:-1"},"canonical":"https:\/\/evertonfc.cz\/index.php\/2010\/04\/01\/zpet-do-minulosti-sezona-2004-05\/","og_locale":"cs_CZ","og_type":"article","og_title":"Zp\u011bt do minulosti: Sezona 2004\/05 - Official Czech &amp; Slovak Everton Supporters&#039; Club","og_description":"M\u011bl to b\u00fdt ro\u010dn\u00edk, ve kter\u00e9m se bude Everton strachovat o samotn\u00e9 udr\u017een\u00ed mezi elitou. Blues se ale odv\u00e1zali ke&hellip;","og_url":"https:\/\/evertonfc.cz\/index.php\/2010\/04\/01\/zpet-do-minulosti-sezona-2004-05\/","og_site_name":"Official Czech &amp; Slovak Everton Supporters&#039; Club","article_publisher":"https:\/\/www.facebook.com\/everton.fans.cz.sk","article_published_time":"2010-04-01T19:17:26+00:00","article_modified_time":"2019-02-16T08:01:41+00:00","og_image":[{"width":720,"height":405,"url":"https:\/\/evertonfc.cz\/wp-content\/uploads\/2019\/01\/sezona_2004_05.jpg","type":"image\/jpeg"}],"author":"Me\u0148a","twitter_card":"summary_large_image","twitter_misc":{"Napsal(a)":"Me\u0148a","Odhadovan\u00e1 doba \u010dten\u00ed":"9 minut"},"schema":{"@context":"https:\/\/schema.org","@graph":[{"@type":"Article","@id":"https:\/\/evertonfc.cz\/index.php\/2010\/04\/01\/zpet-do-minulosti-sezona-2004-05\/#article","isPartOf":{"@id":"https:\/\/evertonfc.cz\/index.php\/2010\/04\/01\/zpet-do-minulosti-sezona-2004-05\/"},"author":{"name":"Me\u0148a","@id":"https:\/\/evertonfc.cz\/#\/schema\/person\/cd6328a75577de2add7793fd4b0930c3"},"headline":"Zp\u011bt do minulosti: Sezona 2004\/05","datePublished":"2010-04-01T19:17:26+00:00","dateModified":"2019-02-16T08:01:41+00:00","mainEntityOfPage":{"@id":"https:\/\/evertonfc.cz\/index.php\/2010\/04\/01\/zpet-do-minulosti-sezona-2004-05\/"},"wordCount":1730,"commentCount":0,"publisher":{"@id":"https:\/\/evertonfc.cz\/#organization"},"image":{"@id":"https:\/\/evertonfc.cz\/index.php\/2010\/04\/01\/zpet-do-minulosti-sezona-2004-05\/#primaryimage"},"thumbnailUrl":"https:\/\/evertonfc.cz\/wp-content\/uploads\/2019\/01\/sezona_2004_05.jpg","articleSection":["Zhodnocen\u00ed sez\u00f3n"],"inLanguage":"cs","potentialAction":[{"@type":"CommentAction","name":"Comment","target":["https:\/\/evertonfc.cz\/index.php\/2010\/04\/01\/zpet-do-minulosti-sezona-2004-05\/#respond"]}]},{"@type":"WebPage","@id":"https:\/\/evertonfc.cz\/index.php\/2010\/04\/01\/zpet-do-minulosti-sezona-2004-05\/","url":"https:\/\/evertonfc.cz\/index.php\/2010\/04\/01\/zpet-do-minulosti-sezona-2004-05\/","name":"Zp\u011bt do minulosti: Sezona 2004\/05 - Official Czech &amp; Slovak Everton Supporters&#039; Club","isPartOf":{"@id":"https:\/\/evertonfc.cz\/#website"},"primaryImageOfPage":{"@id":"https:\/\/evertonfc.cz\/index.php\/2010\/04\/01\/zpet-do-minulosti-sezona-2004-05\/#primaryimage"},"image":{"@id":"https:\/\/evertonfc.cz\/index.php\/2010\/04\/01\/zpet-do-minulosti-sezona-2004-05\/#primaryimage"},"thumbnailUrl":"https:\/\/evertonfc.cz\/wp-content\/uploads\/2019\/01\/sezona_2004_05.jpg","datePublished":"2010-04-01T19:17:26+00:00","dateModified":"2019-02-16T08:01:41+00:00","breadcrumb":{"@id":"https:\/\/evertonfc.cz\/index.php\/2010\/04\/01\/zpet-do-minulosti-sezona-2004-05\/#breadcrumb"},"inLanguage":"cs","potentialAction":[{"@type":"ReadAction","target":["https:\/\/evertonfc.cz\/index.php\/2010\/04\/01\/zpet-do-minulosti-sezona-2004-05\/"]}]},{"@type":"ImageObject","inLanguage":"cs","@id":"https:\/\/evertonfc.cz\/index.php\/2010\/04\/01\/zpet-do-minulosti-sezona-2004-05\/#primaryimage","url":"https:\/\/evertonfc.cz\/wp-content\/uploads\/2019\/01\/sezona_2004_05.jpg","contentUrl":"https:\/\/evertonfc.cz\/wp-content\/uploads\/2019\/01\/sezona_2004_05.jpg","width":720,"height":405},{"@type":"BreadcrumbList","@id":"https:\/\/evertonfc.cz\/index.php\/2010\/04\/01\/zpet-do-minulosti-sezona-2004-05\/#breadcrumb","itemListElement":[{"@type":"ListItem","position":1,"name":"Home","item":"https:\/\/evertonfc.cz\/"},{"@type":"ListItem","position":2,"name":"Zp\u011bt do minulosti: Sezona 2004\/05"}]},{"@type":"WebSite","@id":"https:\/\/evertonfc.cz\/#website","url":"https:\/\/evertonfc.cz\/","name":"Official Czech &amp; Slovak Everton Supporters&#039; Club","description":"","publisher":{"@id":"https:\/\/evertonfc.cz\/#organization"},"potentialAction":[{"@type":"SearchAction","target":{"@type":"EntryPoint","urlTemplate":"https:\/\/evertonfc.cz\/?s={search_term_string}"},"query-input":{"@type":"PropertyValueSpecification","valueRequired":true,"valueName":"search_term_string"}}],"inLanguage":"cs"},{"@type":"Organization","@id":"https:\/\/evertonfc.cz\/#organization","name":"Official Czech & Slovak Everton Supporters' Club","url":"https:\/\/evertonfc.cz\/","logo":{"@type":"ImageObject","inLanguage":"cs","@id":"https:\/\/evertonfc.cz\/#\/schema\/logo\/image\/","url":"https:\/\/evertonfc.cz\/wp-content\/uploads\/2019\/05\/logo.png","contentUrl":"https:\/\/evertonfc.cz\/wp-content\/uploads\/2019\/05\/logo.png","width":112,"height":112,"caption":"Official Czech & Slovak Everton Supporters' Club"},"image":{"@id":"https:\/\/evertonfc.cz\/#\/schema\/logo\/image\/"},"sameAs":["https:\/\/www.facebook.com\/everton.fans.cz.sk"]},{"@type":"Person","@id":"https:\/\/evertonfc.cz\/#\/schema\/person\/cd6328a75577de2add7793fd4b0930c3","name":"Me\u0148a","url":"https:\/\/evertonfc.cz\/index.php\/author\/mena\/"}]}},"_links":{"self":[{"href":"https:\/\/evertonfc.cz\/index.php\/wp-json\/wp\/v2\/posts\/757"}],"collection":[{"href":"https:\/\/evertonfc.cz\/index.php\/wp-json\/wp\/v2\/posts"}],"about":[{"href":"https:\/\/evertonfc.cz\/index.php\/wp-json\/wp\/v2\/types\/post"}],"author":[{"embeddable":true,"href":"https:\/\/evertonfc.cz\/index.php\/wp-json\/wp\/v2\/users\/7"}],"replies":[{"embeddable":true,"href":"https:\/\/evertonfc.cz\/index.php\/wp-json\/wp\/v2\/comments?post=757"}],"version-history":[{"count":2,"href":"https:\/\/evertonfc.cz\/index.php\/wp-json\/wp\/v2\/posts\/757\/revisions"}],"predecessor-version":[{"id":2727,"href":"https:\/\/evertonfc.cz\/index.php\/wp-json\/wp\/v2\/posts\/757\/revisions\/2727"}],"wp:featuredmedia":[{"embeddable":true,"href":"https:\/\/evertonfc.cz\/index.php\/wp-json\/wp\/v2\/media\/744"}],"wp:attachment":[{"href":"https:\/\/evertonfc.cz\/index.php\/wp-json\/wp\/v2\/media?parent=757"}],"wp:term":[{"taxonomy":"category","embeddable":true,"href":"https:\/\/evertonfc.cz\/index.php\/wp-json\/wp\/v2\/categories?post=757"},{"taxonomy":"post_tag","embeddable":true,"href":"https:\/\/evertonfc.cz\/index.php\/wp-json\/wp\/v2\/tags?post=757"}],"curies":[{"name":"wp","href":"https:\/\/api.w.org\/{rel}","templated":true}]}}