{"id":759,"date":"2010-05-13T21:22:18","date_gmt":"2010-05-13T19:22:18","guid":{"rendered":"http:\/\/evertonfc.cz\/?p=759"},"modified":"2019-02-09T22:17:05","modified_gmt":"2019-02-09T21:17:05","slug":"souhrn-sezony-2009-10","status":"publish","type":"post","link":"https:\/\/evertonfc.cz\/index.php\/2010\/05\/13\/souhrn-sezony-2009-10\/","title":{"rendered":"Souhrn sezony 2009\/10"},"content":{"rendered":"<h4>Na rozd\u00edl od p\u0159edchoz\u00edch let se tentokr\u00e1t Everton musel nakonec spokojit se zcela pr\u016fm\u011brnou sezonou. Za kone\u010dn\u00e9 osm\u00e9 m\u00edsto se ale p\u0159i zv\u00e1\u017een\u00ed v\u0161ech okolnost\u00ed styd\u011bt nemus\u00ed.<\/h4>\n<p>St\u00e1valo se to ji\u017e p\u0159\u00edjemn\u00fdm zvykem. Posledn\u00ed t\u0159i sezony Toffees str\u00e1vili v prvn\u00ed \u0161estici a t\u011b\u0161ili se z \u00fa\u010dast\u00ed v evropsk\u00fdch poh\u00e1rech. Postaven\u00ed mezi &#8222;best of the rest&#8220; byl v\u0161ak Everton letos nucen opustit. Nejslab\u0161\u00ed sezona za posledn\u00ed roky potvrdila, \u017ee konkurence skute\u010dn\u011b nikdy nesp\u00ed, by\u0165 n\u00e1znaky, \u017ee sezona 2009\/10 by nemusela b\u00fdt zrovna \u00fasp\u011b\u0161n\u00e1, p\u0159ich\u00e1zely ji\u017e p\u0159ed jej\u00edm zah\u00e1jen\u00edm.<\/p>\n<p>Po dosa\u017een\u00ed fin\u00e1le Anglick\u00e9ho poh\u00e1ru spadli Evertonians znovu do krut\u00e9 reality. Zat\u00edmco museli bezmocn\u011b sledovat, jak konkuren\u010dn\u00ed t\u00fdmy mohutn\u011b zbroj\u00ed, Everton znovu nejevil n\u00e1znaky p\u0159estupov\u00e9 aktivity. Tedy jevil, pokud po\u010d\u00edt\u00e1me &#8222;posilami&#8220; tragick\u00e9ho odvrhnut\u00e9ho \u00fato\u010dn\u00edka Manchesteru City Jo, nebo dva mlad\u00e9 Ameri\u010dany, o kter\u00fdch v \u017eivot\u011b nikdo nesly\u0161el &#8211; Antona Peterlina a Codyho Arnouxe, kte\u0159\u00ed to dot\u00e1hli dokonce a\u017e na lavi\u010dku rezervy. Zkr\u00e1tka se znovu potvrdila nep\u0159\u00edjemn\u00e1 skute\u010dnost &#8211; Everton, respektive jeho majitel Bill Kenwright je v porovn\u00e1n\u00ed s konkurenc\u00ed \u0161vorc a kupovat pot\u0159ebnou kvalitu nem\u016f\u017ee, dokud nep\u0159ijde prodej n\u011bkter\u00e9ho st\u00e1vaj\u00edc\u00edho \u010dlena t\u00fdmu. Nejl\u00e9pe n\u011bj\u00e1k\u00e9ho kl\u00ed\u010dov\u00e9ho.<\/p>\n<p>Tentokr\u00e1t se hlavn\u00edm pojmem letn\u00edho p\u0159estupov\u00e9ho okna stal Joleon Lescott. Nekone\u010dn\u00e1 s\u00e1ga se t\u00e1hla a\u017e do konce srpna. Obr\u00e1nce se nechal zl\u00e1kat pen\u011bzi z kapes \u0161ejk\u016f, vlastn\u00edc\u00edch Manchester City, a David Moyes nakonec pod n\u00e1tlakem sv\u00e9ho d\u016fle\u017eit\u00e9ho zad\u00e1ka p\u0159ibli\u017en\u011b za 24 milion\u016f liber neochotn\u011b pustil tehdej\u0161\u00edmu mana\u017eerovi Citizens, Marku Hughesovi. Klubov\u00e1 kasa ale moc dlouho zapln\u011bn\u00e1 nez\u016fstala. Bezprost\u0159edn\u011b po Lescottov\u011b \u00faprku Moyes zaplatil deset milion\u016f za v\u0161estrann\u00e9ho rusk\u00e9ho z\u00e1lo\u017en\u00edka Diniyara Bilyaletdinovova, jeho\u017e o p\u00e1r dn\u00ed pozd\u011bji n\u00e1sledoval zku\u0161en\u00fd stoper Sylvain Distin z rozprod\u00e1vaj\u00edc\u00edho Portsmouthu a b\u011bhem posledn\u00edch minut &#8222;deadline day&#8220; se Evertonu upsal holandsk\u00fd bijec John Heitinga z Atletica Madrid.<\/p>\n<p>Jenom\u017ee ani narychlo (i kdy\u017e nejp\u00ed\u0161e p\u0159edem vytipovan\u00e9) anga\u017eovan\u00e9 posily nedok\u00e1zaly zakr\u00fdt to, co v t\u00fdmu zbylo po odchodu Lescotta &#8211; zdecimovanou mor\u00e1lku. Potvrdil to vlastn\u011b ji\u017e \u00favodn\u00ed z\u00e1pas sezony proti Arsenalu, ve kter\u00e9m Lescott je\u0161t\u011b \u00fa\u010dinkoval. Everton si p\u0159ed p\u016flkou sv\u011bta u\u0159\u00edznul kus ostudy, kdy\u017e doma Arsenalu po hororov\u00e9m v\u00fdkonu podlehl 1-6 a zaznamenal nejhor\u0161\u00ed vstupn\u00ed utk\u00e1n\u00ed do ro\u010dn\u00edku ve sv\u00e9 historii. Reputaci a nulov\u00e9 sebev\u011bdom\u00ed si nevylep\u0161il ani o t\u00fdden pozd\u011bji na Turf Moor. Nov\u00e1\u010dek z Burnley zv\u00edt\u011bzil 1-0.<\/p>\n<p>Zran\u011bn\u00edmi decimovan\u00fd t\u00fdm pak ale jakoby z\u00e1zra\u010dn\u011b zabral. P\u0159es olomouckou Sigmu s celkov\u00fdm sk\u00f3re 5-1 postoupil do skupinov\u00e9 f\u00e1ze Evropsk\u00e9 ligy a da\u0159it se za\u010dalo i na ligov\u00e9 sc\u00e9n\u011b. T\u0159i v\u00edt\u011bzstv\u00ed v \u0159ad\u011b nad Wiganem, Blackburnem a Portsmouthem fand\u016fm hodn\u011b zvedly n\u00e1ladu. T\u0159e\u0161ni\u010dkou na dort\u011b pak byla dv\u011b suver\u00e9nn\u00ed \u010dty\u0159g\u00f3lov\u00e1 p\u0159edstaven\u00ed. Z Goodisonu odj\u00ed\u017ed\u011bly s v\u00fdsledkem 4-0 \u0159eck\u00e9 AEK At\u00e9ny a stejn\u00fdm v\u00fdsledkem Blues postoupili ze t\u0159et\u00edho kola Carling Cupu na h\u0159i\u0161ti Hullu.<\/p>\n<p>Jenom\u017ee za\u010d\u00e1tkem \u0159\u00edjna nastalo na dlouhou dobu \u010dern\u00e9 obdob\u00ed. K dlouhodob\u011b vy\u0159azen\u00fdm marod\u016fm Philovi Jagielkovi, Mikelu Artetovi a Victoru Anichebemu, se p\u0159idal kapit\u00e1n Phil Neville, d\u016fle\u017eit\u00fd z\u00e1lo\u017en\u00edk Steven Pienaar a Toffees pomalu za\u010dali klesat tabulkou. Nejprve p\u0159i\u0161ly dv\u011b zbyte\u010dn\u00e9 dom\u00e1c\u00ed rem\u00edzy proti Stoke City a Wolverhamptonu (v obou z\u00e1pasech dokonce Everton dotahoval manko) a povbuzuj\u00edc\u00ed t\u0159\u00edbodov\u00fd zisk si Blues neodvezli ani z Reebok Stadium, kde prohr\u00e1li 2-3. Daleko t\u00fdm zkou\u0161en\u00fd dal\u0161\u00edmi a dal\u0161\u00edmi zran\u011bn\u00fdmi nedo\u0161el ani v Ligov\u00e9m poh\u00e1ru. Ve \u010dtvrt\u00e9m kole prohr\u00e1l na White Hart Lane s rozjet\u00fdm Tottenhamem 0-2.<\/p>\n<p>Za\u010d\u00e1tkem listopadu sice Everton zv\u00edt\u011bzil na Upton Parku, ov\u0161em n\u00e1sledn\u00e1 prohra 0-3 na Old Trafford a \u0161estn\u00e1ct\u00e1 p\u0159\u00ed\u010dka podzimn\u00ed chmury sp\u00ed\u0161e zv\u011bt\u0161ila. Vytou\u017een\u00e9 prolomen\u00ed m\u011blo nastat v goodisonsk\u00e9m Merseyside derby. Everton bojoval, nen\u00e1vid\u011bn\u00e9ho rivala jednozna\u010dn\u011b p\u0159ehr\u00e1val, p\u0159esto derby p\u0159ineslo jen smutek. Liverpool vyhr\u00e1l d\u00edky vlastn\u00edmu g\u00f3lu Yoba a ojedin\u011bl\u00e9 \u0161anci, zat\u00edmco dom\u00e1c\u00ed krom mno\u017estv\u00ed g\u00f3lovek vst\u0159elili g\u00f3ly tak\u00e9 dva, jenom\u017ee z neplatn\u00e9ho ofsajdov\u00e9ho postaven\u00ed.<\/p>\n<p>P\u0159edveden\u00fd v\u00fdkon v\u0161ak d\u00e1val nad\u011bji, a v prosinci dokonce Everton nepoznal por\u00e1\u017eku. Definitivn\u011b novou krev vlil hr\u00e1\u010d\u016fm do \u017eil z\u00e1pas proti Spurs. Ti vedli na Goodison Park ji\u017e o dva g\u00f3ly, Toffees ale hrdinsky v posledn\u00edch minut\u00e1ch srovnali a tzv. &#8222;turning point&#8220; byl na sv\u011bt\u011b.\u00a0 Stupnice v\u00fdkonnosti toti\u017e nabrala stoupaj\u00edc\u00ed tendenci, co\u017e potvrdila rem\u00edza 3-3 na Stamford Bridge a koneckonc\u016f i n\u00e1sleduj\u00edc\u00ed smoln\u00e9 d\u011blby bod\u016f s Birminghamem a Sunderlandem. Vytou\u017een\u00e9 v\u00edt\u011bzstv\u00ed p\u0159i\u0161lo na Boxing Day proti Burnley.<\/p>\n<p>V prvn\u00edm z\u00e1pase nov\u00e9ho roku Everton ve t\u0159et\u00edm kole FA Cupu sice potr\u00e1pilo t\u0159etiligov\u00e9 Carlisle, ov\u0161em to bylo ze \u0161katulky \u0161patn\u00fdch v\u00fdkon\u016f nadlouho v\u0161e. Dosavadn\u00ed nejlep\u0161\u00ed z\u00e1pas si Blues schovali na n\u00e1v\u0161t\u011bvu Emirates Stadium. T\u00fdm posiln\u011bn popul\u00e1rn\u00ed t\u0159\u00edm\u011bs\u00ed\u010dn\u00ed posilou Landonem Donovanem v severn\u00edm Lond\u00fdn\u011b p\u0159i\u0161el o v\u00edt\u011bzstv\u00ed a\u017e v nastaven\u00e9m \u010dase.<\/p>\n<p>Pokud se z\u00e1pas proti Gunners Evertonu povedl, v dal\u0161\u00edm z\u00e1pase proti Man City mod\u0159\u00ed naprosto dominovali. V\u00edt\u011bzstv\u00ed 2-0 a exceletn\u00ed v\u00fdkon Marouane Fellaniho, autora jednoho z nejobl\u00edben\u011bj\u0161\u00edch leto\u0161n\u00edch moment\u016f Evertonians (<a href=\"http:\/\/www.youtube.com\/watch?v=WQyHLwzdXsU\" target=\"_blank\" rel=\"noopener\">www.youtube.com\/watch?v=WQyHLwzdXsU<\/a>), znamenal dal\u0161\u00ed posun tabulkou. Aby v\u0161ak lednov\u00e1 forma nebyla tak jednozan\u010dn\u00e1, ani tentokr\u00e1t si Everton neodpustil ho\u0159kou prohru. Ve \u010dtvrt\u00e9m kole FA Cupu ostudn\u011b doma prohr\u00e1l s Birminghamem a na dal\u0161\u00ed poh\u00e1rovou j\u00edzdu mohl zapomenout.<\/p>\n<p>Velkou zkou\u0161kou a \u010d\u00e1ste\u010dnou odpov\u011bd\u00ed, zda Everton m\u016f\u017ee znovu pom\u00fd\u0161let na evropsk\u00e9 poh\u00e1ry, m\u011bl b\u00fdt \u00fanorov\u00fd program. Ten p\u0159ihr\u00e1l do cesty Liverpool, Chelsea, Manchester United a Tottenham. Blues za\u010dali t\u00edm nejhor\u0161\u00edm zp\u016fsobem &#8211; jalov\u00fdm v\u00fdkonem a prohrou v derby na Anfieldu. Pak v\u0161ak Everton fand\u016fm p\u0159ipravil dva z\u00e1pasy, o kter\u00fdch se nikomu ani nesnilo. Z Goodisonu odj\u00ed\u017ed\u011bla s prohrou 2-1 Chelsea a je\u0161t\u011b o g\u00f3l v\u00edc si Toffees schovali pro Red Devils.<\/p>\n<p>Po t\u011bsn\u00e9 proh\u0159e na White Hart Lane se t\u00fdm ocitnul na des\u00e1t\u00e9 pozici, ov\u0161em jednodu\u0161\u0161\u00ed los hr\u00e1l Evertonu do karet. Nejvy\u0161\u0161\u00ed v\u00edt\u011bzstv\u00ed sezony na sebe nenechalo dlouho \u010dekat. Sestoupiv\u0161\u00ed Hull dostal na Goodisonu nalo\u017eeno 5-1. Jenom\u017ee pr\u00e1v\u011b v b\u0159eznu nastal men\u0161\u00ed v\u00fdpadek, n\u00e1sledkem kter\u00e9ho se Everton nejsp\u00ed\u0161 p\u0159ipravil o Evropskou ligu. T\u0159i rem\u00edzy v \u0159ad\u011b s Wolverhamptonem, West Hamem a\u00a0 Aston Villou, se staly v honb\u011b za sedmou p\u0159\u00ed\u010dkou rozhoduj\u00edc\u00ed faktorem.<\/p>\n<p>Zbytek sezony tedy Toffees dohr\u00e1vali s t\u00edm, \u017ee \u0161ance na dal\u0161\u00ed poh\u00e1rov\u00e9 um\u00edst\u011bn\u00ed jsou jen minim\u00e1ln\u00ed. Zv\u00edt\u011bzit se sice poda\u0159ilo nad Blackburnem, Fulhamem i Portsmouthem, osmou pozici si nicm\u00e9n\u011b Blues vylep\u0161it ji\u017e nedok\u00e1zali. Zklam\u00e1n\u00ed v\u0161ak nen\u00ed na m\u00edst\u011b. Zv\u00e1\u017e\u00edme-li, \u017ee Everton si v prvn\u00ed polovin\u011b pro\u0161el t\u00edm, \u010d\u00edm si pro\u0161el, nebo forma z druh\u00e9 p\u016flky ro\u010dn\u00edku, d\u00edky kter\u00e9 by v p\u0159\u00edpad\u011b nezpackan\u00e9ho podzimu pravd\u011bpodobn\u011b urval t\u0159et\u00ed p\u0159\u00ed\u010dku, mluv\u00ed za to, \u017ee od sou\u010dasn\u00e9ho Evertonu se p\u0159\u00ed\u0161t\u00ed rok d\u00e1 o\u010dek\u00e1vat mnohem v\u00edc.<\/p>\n<h4><strong>Pozitiva sezony<\/strong><\/h4>\n<p><strong>Dom\u00e1c\u00ed forma &#8211;\u00a0<\/strong>Goodison Park se letos stal jen t\u011b\u017ece dobyvatelnou pevnost\u00ed. Padla pouze v \u00favodn\u00ed den, kdy se zhroutila pod mohutn\u00fdm n\u00e1porem Arsenalu a naposled v ne\u0161\u0165astn\u00e9m listopadov\u00e9m derby. V druh\u00e9 polovin\u011b sezony si pak soupe\u0159i z Grand Old Lady odv\u00e1\u017eeli maxim\u00e1ln\u011b po bodu. P\u0159etrv\u00e1vaj\u00ed dom\u00e1c\u00ed neporazitelnost je dokonce nejdel\u0161\u00ed s\u00e9ri\u00ed od poloviny 80. let.<\/p>\n<p><strong>Z\u00e1pasy proti &#8222;Big 4&#8220; &#8211;\u00a0<\/strong>18. b\u0159ezen 2007. Do leto\u0161ka posledn\u00ed datum, kdy Everton zdolal \u010dlena z dnes ji\u017e naru\u0161en\u00e9 prvn\u00ed \u010dty\u0159ky. Tehdy z Goodisonu odj\u00ed\u017ed\u011bl pora\u017een Arsenal, letos si Toffees v rozmez\u00ed necel\u00fdch dvou t\u00fddn\u016f po\u0161m\u00e1kli na Chelsea a Manchesteru United. Na Emirates Stadium Blues nav\u00edc p\u0159i\u0161li o t\u0159i body a\u017e v nastaven\u00e9m \u010dase.<\/p>\n<p><strong>Zam\u00edtnut\u00ed projektu Kirkby &#8211;\u00a0<\/strong>I nefotbalov\u00e1 str\u00e1nka p\u0159inesla Evertonians d\u016fvod k radosti. Tedy alespo\u0148 v\u011bt\u0161in\u011b, kter\u00e1 nesouhlasila s p\u0159esunem klubu do \u010dty\u0159icetitis\u00edcov\u00e9ho m\u011bste\u010dka jm\u00e9nem Kirkby t\u011bsn\u011b za hranicemi Liverpoolu. Kontroverzn\u00ed projekt dlouh\u00e9 m\u011bs\u00edce zkoumala britsk\u00e1 vl\u00e1da a ta nakonec dosp\u011bla k jednozna\u010dn\u00e9mu z\u00e1v\u011bru. V\u00fdstavba stadionu spole\u010dn\u011b s vybudov\u00e1n\u00edm obchodn\u00edho st\u0159ediska Tesco by naru\u0161ovala maloobchodn\u00ed politiku oblasti, prakticky by zlikvidovala ve\u0161kerou konkurenci Tesca a od lokality by odradila jin\u00e9 obchodn\u00ed \u0159et\u011bzce. Nepopul\u00e1rn\u00ed pl\u00e1n tak definitivn\u011b zmizel v propadli\u0161ti d\u011bjin. Everton nyn\u00ed zva\u017euje jin\u00e9 varianty, av\u0161ak cesta k nov\u00e9mu stadionu bude je\u0161t\u011b dlouh\u00e1.<\/p>\n<p><strong>Progres Marouane Fellainiho &#8211;\u00a0<\/strong>Mnoz\u00ed se podivovali, kdy\u017e David Moyes p\u0159edloni za nezn\u00e1m\u00e9ho Belgi\u010dana zaplatil horentn\u00edch 15 milion\u016f liber. Jen\u017ee po Fellainiho prvn\u00ed sezon\u011b, ve kter\u00e9 byly jeho hlavn\u00edm p\u0159\u00ednosem zejm\u00e9na g\u00f3ly, se st\u0159edopola\u0159 nev\u00eddan\u011b rozehr\u00e1l na pozici, kterou m\u00e1 nejrad\u011bji &#8211; defenzivn\u00ed z\u00e1loha. Nez\u0159\u00eddkakdy ovl\u00e1dal cel\u00fd st\u0159ed pole, s lehkost\u00ed odeb\u00edral soupe\u0159\u016fm m\u00ed\u010de a rozd\u00e1val je spoluhr\u00e1\u010d\u016fm, a to v\u0161e nadm\u00edru oku lahod\u00edc\u00edm zp\u016fsobem. Eleg\u00e1n se slavn\u00fdm afrem se tak skute\u010dn\u011b rozehr\u00e1l do hodnoty svoj\u00ed ceny a velk\u00e9 v\u011bci se od Fellainiho \u010dekaj\u00ed i v p\u0159\u00ed\u0161t\u00ed sezon\u011b, by\u0165 se vrac\u00ed po v\u00e1\u017en\u00e9m zran\u011bn\u00ed kotn\u00edku.<\/p>\n<p><strong>P\u0159edkolo Evropsk\u00e9 ligy &#8211;\u00a0<\/strong>Z \u010dist\u011b individu\u00e1ln\u00edho hlediska n\u011bkolika \u010desko-slovensk\u00fdch Evertonians se stala nezapomenutelnou venkovn\u00ed \u010d\u00e1st p\u0159edkola leto\u0161n\u00edho ro\u010dn\u00edku Evropsk\u00e9 ligy proti Sigm\u011b Olomouc. Osmi\u010dka fand\u016f toti\u017e na Androv\u011b stadionu na vlastn\u00ed o\u010di poprv\u00e9 v \u017eivot\u011b spat\u0159ila sv\u016fj milovan\u00fd klub v akci a z Olomouce si odvezla nezapomenuteln\u00fd z\u00e1\u017eitek a je\u0161t\u011b v\u011bt\u0161\u00ed touhu kone\u010dn\u011b nav\u0161t\u00edvit Goodison Park.<\/p>\n<p><strong>Hostov\u00e1n\u00ed Landona Donovana<\/strong>\u00a0&#8211; V Evertonu pobyl jen necel\u00e9 t\u0159i m\u011bs\u00edce, i za tak kr\u00e1tkou dobu se v\u0161ak stihnul st\u00e1t obrovsk\u00fdm obl\u00edbencem. Americk\u00fd sympa\u0165\u00e1k Evertonu poskytnul to, co mu u\u017e l\u00e9ta tak zoufale chyb\u00ed &#8211; p\u0159\u00edmo\u010darost a rychlost na prav\u00e9 stran\u011b. Vyda\u0159en\u00e9 hostov\u00e1n\u00ed nav\u00edc Landon oko\u0159enil dv\u011bma brankami a v\u0161e nasv\u011bd\u010dovalo tomu, \u017ee samotn\u00e9mu kmenov\u00e9mu fotbalistovi Los Angeles Galaxy se Toffees moc opou\u0161t\u011bt necht\u011blo. Proto se d\u00e1 o\u010dek\u00e1vat, \u017ee do Evertonu se na ur\u010ditou dobu znovu vr\u00e1t\u00ed. Nejpravd\u011bpodobn\u011bji vypad\u00e1 repete jeho zimn\u00ed hostova\u010dky.<\/p>\n<h4><strong>Negativa<\/strong><\/h4>\n<p><strong>Zran\u011bn\u00ed &#8211;\u00a0<\/strong>Snad ani nejde si Everton p\u0159edstavit bez marod\u016f. Leto\u0161n\u00ed sezona dohnala velikost marodky a\u017e do obludn\u00fdch rozm\u011br\u016f. V pr\u016fb\u011bhu sezony chyb\u011bli,\u00a0 dlouhodob\u011b zran\u011bn\u00ed Jagielka, Arteta, Anichebe, Neville, Fellaini a Gosling, ke kter\u00fdm se v r\u016fzn\u00fdch obdob\u00edch na n\u011bkolik t\u00fddn\u016f p\u0159ipojili i Yobo, Distin, Pienaar<strong>,\u00a0<\/strong>Osman, Rodwell, Cahill, Saha, Hibbert, Bilyaletdinov a Vaughan.<\/p>\n<p><strong>Evropsk\u00e1 liga<\/strong>\u00a0&#8211; Z poh\u00e1rov\u00e9 Evropy Blues vypadli d\u0159\u00edve, ne\u017e po\u0159\u00e1dn\u011b za\u010dali. Ze skupiny sice oslaben\u00fd Everton za vydatn\u00e9 pomoci mlad\u00edk\u016f postoupil, ve vy\u0159azovac\u00ed f\u00e1zi v\u0161ak ztroskotal na prvn\u00ed p\u0159ek\u00e1\u017ece. Doma Sporting Lisabon zdolal 2-1, jen\u017ee na portugalsk\u00e9 p\u016fd\u011b si nepochopiteln\u011b nechal od t\u00fdmu, za\u017e\u00edvaj\u00edc\u00edho nejhor\u0161\u00ed sezonu za n\u011bkolik posledn\u00edch des\u00edtek let nas\u00e1zet t\u0159i branky a dom\u016f jel s ostudou.<\/p>\n<p><strong>Dom\u00e1c\u00ed poh\u00e1ry<\/strong>\u00a0&#8211; O moc slavn\u011bji t\u00fdm nedopadl ani na dom\u00e1c\u00ed poh\u00e1rov\u00e9 front\u011b. V Ligov\u00e9m poh\u00e1ru jej vyprovodil ve \u010dtvrt\u00e9m kole Tottenham a p\u0159es stejn\u00e9 kolo Everton nepro\u0161el ani v presti\u017en\u00edm FA Cupu. Tehdy se mu osudn\u00fdm stal Birmingham.<\/p>\n<p><strong>Obrana<\/strong>\u00a0&#8211; Defenzivn\u00ed linie se v trosk\u00e1ch ocitla ji\u017e na samotn\u00e9m za\u010d\u00e1tku sezony. Phil Jagielka se zotavoval z v\u00e1\u017en\u00e9ho zran\u011bn\u00ed kolene, zat\u00edmco Lescott nab\u00edral sm\u011br Manchester. Obrana tak byla ponech\u00e1na na pospas bez sv\u00fdch nejkl\u00ed\u010dov\u011bj\u0161\u00edch hr\u00e1\u010d\u016f. Na \u0159adu tedy p\u0159i\u0161la dvojka Yobo &#8211; Distin, p\u0159i jej\u00edch\u017e jemn\u011b \u0159e\u010deno nejist\u00fdch podzimn\u00edch p\u0159edstaven\u00edch je\u0161t\u011b nyn\u00ed kdekomu vst\u00e1vaj\u00ed vlasy hr\u016fzou. P\u0159esun Johna Heitingy do st\u0159edu obrany a \u00fanorov\u00fd n\u00e1vrat Phila Jagielky prapor defenzivn\u00ed linie sice pozvedl, 68 inkasovan\u00fdch g\u00f3l\u016f ve v\u0161ech sout\u011b\u017e\u00edch ale nen\u00ed dobrou vizitkou. Pro dal\u0161\u00ed sezonu v\u011bc k zamy\u0161len\u00ed.<\/p>\n<p><strong>Sch\u00e1zej\u00edc\u00ed investice &#8211;\u00a0<\/strong>Nic nov\u00e9ho pod sluncem. Ani leto\u0161n\u00ed sezona nep\u0159inesla k\u00fd\u017eenou zm\u011bnu. Bill Kenwright hled\u00e1 investice opravdu usilovn\u011b &#8211; 24 hodin denn\u011b, 7 dn\u00ed v t\u00fddnu! Jen\u017ee jeho snaha jaksi po\u0159\u00e1d nenese ovoce. A je zbyte\u010dn\u00e9 dod\u00e1vat, \u017ee bez v\u011bt\u0161\u00edch financ\u00ed to v sou\u010dasn\u00e9 Premier League moc nejde. A na \u0161pici, kam chce Everton pat\u0159it u\u017e v\u016fbec ne.<\/p>\n<h4><strong>Hodnocen\u00ed hr\u00e1\u010d\u016f<\/strong><\/h4>\n<p>U mlad\u00edk\u016f je zn\u00e1mka p\u0159izp\u016fsobena po\u010dtu odehran\u00fdch minut, u dlouhodob\u011b zran\u011bn\u00fdch se p\u0159ihl\u00ed\u017e\u00ed k v\u00fdkon\u016fm p\u0159ed respektive po zran\u011bn\u00ed.<\/p>\n<p><strong>Tim Howard &#8211;\u00a0<\/strong>Dlouholet\u00e1 jedni\u010dka v br\u00e1n\u011b Evertonu m\u00e1 za sebou vyda\u0159enou sezonu. Proti sice mluv\u00ed velk\u00fd po\u010det inkasovan\u00fdch g\u00f3l\u016f a oproti lo\u0148sk\u00e9 sezon\u011b, kdy v lize vychytal celkem 17 \u010dist\u00fdch kont, i podstatn\u011b men\u0161\u00ed \u010d\u00edslo &#8211; 11. B\u011bhem podzimu se sice na Howardovu hlavu sn\u00e1\u0161ela kritika, velkou \u010d\u00e1st obdr\u017een\u00fdch g\u00f3l\u016f v\u0161ak m\u011bla na sv\u011bdom\u00ed p\u0159edev\u0161\u00edm \u0161patn\u00e1 obrana. Samoz\u0159ejm\u011b, \u017ee ani Ameri\u010dan se nevyvaroval n\u011bkolika chyb a zav\u00e1h\u00e1n\u00ed, celkov\u011b ale p\u016fsobil jist\u011b a spolehliv\u011b. Zn\u00e1mka: 1-2<\/p>\n<p><strong>Tony Hibbert &#8211;\u00a0<\/strong>Letos se Tony musel spokojit s daleko men\u0161\u00edm z\u00e1pasov\u00fdm vyt\u00ed\u017een\u00edm ne\u017e loni. Na vin\u011b bylo zimn\u00ed dvoum\u011bs\u00ed\u010dn\u00ed zran\u011bn\u00ed, ale hlavn\u00edm d\u016fvodem byl Phil Neville na pozici prav\u00e9ho beka. I tak si ale Hibbert sv\u00e9 odehr\u00e1l a ur\u010dit\u011b nezklamal. Nab\u00eddnul precizn\u00ed obrannou pr\u00e1ci, i kdy\u017e v ofenzivn\u00ed \u010dinnosti to, jak v\u00edme, v\u00e1zne. Zn\u00e1mka: 2<\/p>\n<p><strong>Phil Neville &#8211;\u00a0<\/strong>L\u00eddr mu\u017estva prome\u0161kal v\u011bt\u0161inu prvn\u00ed \u010d\u00e1sti sezony a jeho absence byla na organizaci t\u00fdmu zn\u00e1t. Jeho n\u00e1vrat s sebou sice p\u0159inesl discipl\u00ednu, u v\u016fdcovsk\u00fdch schopnost\u00ed ale jeho p\u0159\u00ednos bohu\u017eel kon\u010d\u00ed. Po uzdraven\u00ed nastupoval na postu prav\u00e9ho obr\u00e1nce, kde toho moc nep\u0159edvedl. Mnohdy nev\u00fdrazn\u00e1 obrann\u00e1 \u010dinnost a tak\u0159ka neexistuj\u00edc\u00ed, \u010di l\u00e9pe \u0159e\u010deno neefektivn\u00ed podpora hry dop\u0159edu znamen\u00e1, \u017ee kapit\u00e1n za sebou nem\u00e1 vyda\u0159enou sezonu. Zn\u00e1mka: 3-<\/p>\n<p><strong>Lucas Neill &#8211;\u00a0<\/strong>V z\u00e1\u0159\u00ed dorazil jako voln\u00fd hr\u00e1\u010d s jedin\u00fdm \u00fa\u010delem &#8211; poskytnout n\u00e1hradu za zran\u011bn\u00e9ho Phila Nevilla. Australan si v\u0161ak vyzkou\u0161el nejen sv\u016fj tradi\u010dn\u00ed post prav\u00e9ho beka, n\u00fdbr\u017e n\u011bkolikr\u00e1t z nouze nasko\u010dil i na stoperovi. Zku\u0161en\u00fd obr\u00e1nce odehr\u00e1l p\u0159esn\u011b to, co se po n\u011bm cht\u011blo, p\u0159esto se v Evertonu ani nesta\u010dil oh\u0159\u00e1t a u\u017e se st\u011bhoval. David Moyes v zim\u011b usoudil, \u017ee nab\u00eddka ve v\u00fd\u0161i 1 milionu od Galatasaraye Istanbul za hr\u00e1\u010de, jeho\u017e p\u0159ed \u010dty\u0159mi m\u011bs\u00edci z\u00edskal zdarma se neodm\u00edt\u00e1, a tak Neill p\u0159ekvapiv\u011b nabral sm\u011br Turecko. Zn\u00e1mka: 2<\/p>\n<p><strong>Seamus Coleman &#8211;\u00a0<\/strong>Z nezn\u00e1m\u00e9ho irsk\u00e9ho mlad\u00edka, kter\u00fd Everton st\u00e1l 60,000 liber se vyklubal fotbalista, s obrovsk\u00fdm talentem od samotn\u00e9ho p\u00e1na boha. I t\u011bch n\u011bkolik m\u00e1lo z\u00e1pas\u016f v Evropsk\u00e9 lize i v Premier League uk\u00e1zalo, \u017ee Coleman je budoucnost\u00ed pro pozici prav\u00e9ho beka. Kur\u00e1\u017en\u00e9 v\u00fdpady sm\u011brem dop\u0159edu sice ovl\u00e1d\u00e1 perfektn\u011b, jeho nejslab\u0161\u00ed str\u00e1nkou je ale tak trochu paradoxn\u011b br\u00e1n\u011bn\u00ed. I ve t\u00e9 nejpodstatn\u011bj\u0161\u00ed \u010dinnosti beka se v\u0161ak samoz\u0159ejm\u011b m\u016f\u017ee zlep\u0161ovat, a\u0165 u\u017e na hostov\u00e1n\u00ed, \u010di b\u011bhem nov\u00fdch potenci\u00e1ln\u00edch p\u0159\u00edle\u017eitost\u00ed v prvn\u00edm t\u00fdmu. Zn\u00e1mka: 1-<\/p>\n<p><strong>Joseph Yobo &#8211;\u00a0<\/strong>Ani dal\u0161\u00ed \u010dastokr\u00e1t diskutovan\u00e1 postava z obrann\u00e9 linie nem\u016f\u017ee b\u00fdt se skon\u010den\u00fdm ro\u010dn\u00edkem spokojena. Na podzim, kdy byl Yobo vyt\u011b\u017eov\u00e1n nej\u010dast\u011bji, jej nezastihla v\u016fbec dobr\u00e1 forma a bylo to zn\u00e1t. Na h\u0159i\u0161ti p\u016fsobil nerv\u00f3zn\u011b, nejist\u011b a rozhodn\u011b m\u011bl sv\u016fj pod\u00edl na slabou\u010dk\u00e9 obrann\u00e9 h\u0159e. A co je hor\u0161\u00ed, dlouholet\u00fd slu\u017eeb\u00edk Toffees podobn\u00e9 v\u00fdkony p\u0159edv\u00e1d\u00ed ji\u017e dobr\u00e9 dv\u011b sezony v kuse a proto se Evertonians shoduj\u00ed &#8211; Yob\u016fv \u010das na Goodison Parku by se m\u011bl naplnit. Zn\u00e1mka: 4<\/p>\n<p><strong>Sylvain Distin &#8211;\u00a0<\/strong>Zku\u0161en\u00fd francouzsk\u00fd stoper za\u017eil sezonu dvou tv\u00e1\u0159\u00ed. Spolu s Yobem tvo\u0159il v prvn\u00ed polovin\u011b sezony dvojku, vy\u017e\u00edvaj\u00edc\u00ed se v \u010dast\u00e9m po\u0159\u00e1d\u00e1n\u00ed dn\u016f otev\u0159en\u00fdch dve\u0159\u00ed. Od zimy, kdy nastupoval po boku Johna Heitingy a pozd\u011bji Phila Jagielky v\u0161ak \u0161ly jeho v\u00fdkony rapidn\u011b nahoru a z Distina byl r\u00e1zem sebev\u011bdom\u00fd obr\u00e1nce. P\u0159esto i vzhledem ke sv\u00e9mu v\u011bku nebude v pl\u00e1nech Evertonu figurovat dlouhodob\u011b. Zn\u00e1mka: 3<\/p>\n<p><strong>John Heitinga &#8211;\u00a0<\/strong>Ve svoj\u00ed premi\u00e9rov\u00e9 anglick\u00e9 sezon\u011b Heitinga nadchnul. D\u00edky svoj\u00ed zarputilosti a v neposledn\u00ed \u0159ad\u011b samoz\u0159ejm\u011b i vynikaj\u00edc\u00edm v\u00fdkon\u016fm a\u0165 u\u017e ve st\u0159edu obrany \u010di na postu defenzivn\u00edho z\u00e1lo\u017en\u00edka, si z\u00edskal po\u010detn\u00e9 davy z\u00e1stup\u016f a mezi komunitou Evertonians proto pomalu ale jist\u011b vznik\u00e1 nov\u00fd kult. Technicky vybaven\u00fd zad\u00e1k byl \u010dasto jedin\u00fdm, kdo v krizi snesl p\u0159\u00edsn\u011bj\u0161\u00ed hodnocen\u00ed a vynikaj\u00edc\u00ed forma mu vydr\u017eela celou sezonu. Hodnocen\u00ed: 1<\/p>\n<p><strong>Phil Jagielka &#8211;\u00a0<\/strong>Ze zran\u011bn\u00ed kolene, kter\u00e9 si vy\u017e\u00e1dalo desetim\u011bs\u00ed\u010dn\u00ed pauzu, se dostal v \u00fanoru, a tak letos odehr\u00e1l relativn\u011b m\u00e1lo z\u00e1pas\u016f, a\u010dkoliv prakticky okam\u017eit\u011b nasko\u010dil zp\u011bt do z\u00e1kladn\u00ed sestavy. Dlouh\u00e1 absence byla na jeho v\u00fdkonech zn\u00e1t. Jagielka nehr\u00e1l \u0161patn\u011b, bylo ov\u0161em vid\u011bt, \u017ee mu zkr\u00e1tka chyb\u00ed v\u011bt\u0161\u00ed hern\u00ed praxe. Vlastnosti \u0161pi\u010dkov\u00e9ho stopera ov\u0161em nezapomn\u011bl, a tak se doufejme d\u00e1 o\u010dek\u00e1vat, \u017ee v p\u0159\u00ed\u0161t\u00ed sezon\u011b se znovu do\u010dk\u00e1me star\u00e9 dobr\u00e9 sk\u00e1ly pod p\u0159ezd\u00edvkou Jags. Zn\u00e1mka: 2-<\/p>\n<p><strong>Leighton Baines &#8211;\u00a0<\/strong>Lev\u00fd bek pro\u017eil fantastickou sezonu. Na sv\u00e9m post\u011b pod\u00e1val kvalitn\u00ed a konzistentn\u00ed v\u00fdkony a nav\u00edc si jeho vysok\u00e9ho standardu v\u0161imnul i Fabio Capello, tak\u017ee Leightona nejsp\u00ed\u0161e \u00fa\u010dast na mistrovstv\u00ed sv\u011bta nemine. Na lev\u00e9 obran\u011b zkr\u00e1tka d\u00edky Bainesovi Everton bota rozhodn\u011b netla\u010d\u00ed. Zn\u00e1mka: 1<\/p>\n<p><strong>Diniyar Bilyaletdinov &#8211;\u00a0<\/strong>Kdy\u017e v l\u00e9t\u011b p\u0159ich\u00e1zel, mezi fandy zavl\u00e1dlo nad\u0161en\u00ed. &#8222;Billy&#8220; m\u011bl napomoci vy\u0159e\u0161it letit\u00e9 pot\u00ed\u017ee Evertonu na kraj\u00edch z\u00e1lohy, jen\u017ee jak se \u010dasem uk\u00e1zalo, Rusovi sp\u00ed\u0161e sed\u00ed hra ve st\u0159edu. P\u0159esto pov\u011bt\u0161inou nastupoval pr\u00e1v\u011b na kraj\u00edch z\u00e1lo\u017en\u00ed formace. Bilyaletdinov nezklamal, ale zat\u00edm ani neohromil. N\u00e1ro\u010dnosti Premier League se doposud nep\u0159izp\u016fsobil, a tak p\u0159\u00ed\u0161t\u00ed sezona \u0159ekne v\u00edc. \u010castokr\u00e1t nev\u00fdrazn\u00e9 v\u00fdkony z\u010d\u00e1sti vykompenzoval g\u00f3ly &#8211; se sedmi brankami je t\u0159et\u00edm nejlep\u0161\u00edm st\u0159elcem t\u00fdmu. Zn\u00e1mka: 3<\/p>\n<p><strong>Mikel Arteta &#8211;\u00a0<\/strong>Kl\u00ed\u010dov\u00fd playmaker oslavil o\u010dek\u00e1van\u00fd n\u00e1vrat v lednu a ku prosp\u011bchu t\u00fdmu mu netrvalo v\u016fbec dlouho, ne\u017e na\u0161el formu, kterou osl\u0148oval p\u0159ed v\u00e1\u017en\u00fdm zran\u011bn\u00edm kolene. Zpo\u010d\u00e1tku sice musel zast\u00e1vat v z\u00e1loze i defenzivn\u011bj\u0161\u00ed pr\u00e1ci, po p\u0159esunu Johna Heitingy do st\u0159edu pole v\u0161ak znovu mohl plnit to, co mu jde nejl\u00e9pe &#8211; diktovat hru. K dobr\u00fdm v\u00fdkon\u016fm nav\u00edc Bask p\u0159idal i \u0161est branek. Zn\u00e1mka: 1-<\/p>\n<p><strong>Tim Cahill &#8211;\u00a0<\/strong>Ikona sou\u010dasn\u00e9ho Evertonu m\u00e1 za sebou rozporuplnou sezonu. V prvn\u00ed \u010d\u00e1sti sezony se vezl na vln\u011b cel\u00e9ho t\u00fdmu, tud\u00ed\u017e pod\u00e1val nev\u00fdrazn\u00e9 v\u00fdkony, nav\u00edc chyb\u011bl snad jeho nejv\u011bt\u0161\u00ed p\u0159\u00ednos, tedy g\u00f3ly. Postupn\u011b se ale Australan p\u0159eci jen rozehr\u00e1l a ze sv\u00e9 ji\u017e tradi\u010dn\u00ed podhrotov\u00e9 pozice se znovu stal hrozbou. I po\u010det nast\u0159\u00edlen\u00fdch g\u00f3l\u016f se nakonec dostal na dvoum\u00edstnou cifru &#8211; dohromady si Tim s rohov\u00fdm praporkem zaboxoval desekr\u00e1t. Samoz\u0159ejmost\u00ed je, \u017ee v\u011bt\u0161inu z nich vst\u0159elil jak jinak ne\u017e hlavou. Zn\u00e1mka: 2-<\/p>\n<p><strong>Steven Pienaar &#8211;\u00a0<\/strong>Ocen\u011bn\u00ed pro nejlep\u0161\u00edho klubov\u00e9ho hr\u00e1\u010de roky mezi fanou\u0161ky mluv\u00ed jasn\u011b za to, \u017ee hbit\u00fd Jihoafri\u010dan pat\u0159il znovu mezi opory t\u00fdmu. V\u011bt\u0161inou mu pat\u0159il lev\u00fd kraj z\u00e1lohy, kde v kombinaci s Leightonem Bainesem podnikal typick\u00e9 odv\u00e1\u017en\u00e9 v\u00fdpady. I samotn\u00fd fakt, \u017ee bez v\u0161estrann\u00e9ho z\u00e1lo\u017en\u00edka ofenzivn\u00ed hra Toffees pov\u00e1\u017eliv\u011b v\u00e1zne je jasn\u00fdm d\u016fkazem jeho p\u0159\u00ednosu. P\u0159esto doposud nen\u00ed jasn\u00e9, zda Pienaar na Goodison Parku z\u016fstane. Jasno pr\u00fd bude a\u017e po mistrovstv\u00ed sv\u011bta. Zn\u00e1mka: 1<\/p>\n<p><strong>Marouane Fellaini &#8211;\u00a0<\/strong>Neb\u00fdt zran\u011bn\u00ed kotn\u00edku, kdo v\u00ed, zda by se titulem hr\u00e1\u010de roku nakonec nepy\u0161nil mlad\u00fd Belgi\u010dan. Na sv\u00e9m obl\u00edben\u00e9m postu defenzivn\u00edho z\u00e1lo\u017en\u00edka p\u0159edv\u00e1d\u011bl velkolep\u00e9 v\u00fdkony, kter\u00e9 p\u0159iv\u00e1d\u011bly Evertonians do ext\u00e1ze. Nesm\u00edme ov\u0161em opomenout \u00favodn\u00ed m\u011bs\u00edce, kdy pat\u0159il sp\u00ed\u0161e k pr\u016fm\u011bru. Slab\u0161\u00ed podzim mu proto kone\u010dn\u00e9 hodnocen\u00ed sni\u017euje. Zn\u00e1mka: 2<\/p>\n<p><strong>Leon Osman &#8211;\u00a0<\/strong>I letos Leon doplatil na svoji nejslab\u0161\u00ed str\u00e1nku &#8211; nest\u00e1lost v\u00fdkon\u016f. Jak je u n\u011bj b\u011b\u017en\u00e9, klidn\u011b dok\u00e1\u017ee b\u00fdt s p\u0159ehledem nejlep\u0161\u00edm hr\u00e1\u010dem na h\u0159i\u0161ti a o t\u00fdden pozd\u011bji byste si ani nev\u0161imli, \u017ee v\u016fbec hraje. Znovu se ale potvrdilo to, \u017ee Osman je t\u0159ikr\u00e1t tak u\u017eite\u010dn\u011bj\u0161\u00ed hr\u00e1\u010d pokud hraje ve st\u0159edu z\u00e1lohy, ne\u017e na jej\u00edm prav\u00e9m kraji. Pokud by formu dok\u00e1zal kone\u010dn\u011b ust\u00e1lit a pravideln\u011b nastupoval jako CM, trouf\u00e1m si \u0159\u00edct, \u017ee by ji\u017e d\u00e1vno byl mnohon\u00e1sobn\u00fdm reprezentanem Albionu. Zn\u00e1mka: 2-<\/p>\n<p><strong>Jack Rodwell &#8211;\u00a0<\/strong>Pr\u016flomov\u00e1 sezona v pod\u00e1n\u00ed devaten\u00e1ctilet\u00e9ho fotbalisty, zvl\u00e1daj\u00edc\u00edho snad jakoukoliv pozici ve st\u0159edu pole. V podstat\u011b celou prvn\u00ed polovinu Jack nastupoval v z\u00e1kladn\u00ed sestav\u011b, a\u010dkoliv d\u00edky zapln\u011bn\u00e9 marodce by tak tomu ur\u010dit\u011b nebylo, co\u017e potvrzovala jeho role \u017eol\u00edka v jarn\u00ed \u010d\u00e1sti sezony. Na sv\u016fj v\u011bk vysp\u011ble p\u016fsob\u00edc\u00ed mlad\u00edk m\u00e1 v\u0161ak p\u0159ed sebou je\u0161t\u011b dlouhou cestu. Talent m\u00e1 nezpochybniteln\u00fd, ale jeho hlavn\u00ed \u010das teprve p\u0159ijde. Zn\u00e1mka: 2<\/p>\n<p><strong>Dan Gosling &#8211;\u00a0<\/strong>Dal\u0161\u00ed ostruhy prvoligov\u00e9ho fotbalu z\u00edskal i dal\u0161\u00ed mlad\u00fd z\u00e1lo\u017en\u00edk. Nenahr\u00e1l toho tolik, co Rodwell a ji\u017e dlouho je jasn\u00e9, \u017ee nen\u00ed tolik nadan\u00fd jako jeho kamar\u00e1d, p\u0159esto se ale letos p\u0159edvedl v dobr\u00e9m sv\u011btle a i d\u00edky znateln\u00e9mu n\u00e1r\u016fstu svalov\u00e9 hmoty se jev\u00ed daleko sebev\u011bdom\u011bji a samoz\u0159ejm\u011b siln\u011bji. Zn\u00e1mka: 2<\/p>\n<p><strong>Louis Saha &#8211;\u00a0<\/strong>Francouz za\u017eil sezonu dvou tv\u00e1\u0159\u00ed. Jasn\u00fdm plusem je, \u017ee se poprv\u00e9 po n\u011bkolika letech dok\u00e1zal vyvarovat zran\u011bn\u00ed a odehr\u00e1l prakticky cel\u00fd ro\u010dn\u00edk, a tak\u00e9 to, \u017ee v prvn\u00ed \u010d\u00e1sti sezony t\u00e1hl sv\u00fdmi brankami t\u00e1paj\u00edc\u00ed t\u00fdm. Kolem V\u00e1noc dokonce Francouz atakoval nejvy\u0161\u0161\u00ed pozice v tabulce st\u0159elc\u016f, v zim\u011b ale p\u0159i\u0161el n\u00e1hl\u00fd v\u00fdpadek. Od \u00fanorov\u00e9ho z\u00e1pasu proti Chelsea, kterou skolil dv\u011bma trefami, na dal\u0161\u00ed g\u00f3l jen marn\u011b \u010dekal, a to je od \u00fato\u010dn\u00edka jeho kalibru zatracen\u011b dlouh\u00e1 pauza. D\u00edky vyda\u0159en\u00e9 p\u0159edchoz\u00ed \u010d\u00e1sti sezony se v\u0161ak zastavil na solidn\u00edch patn\u00e1cti brank\u00e1ch a je tak nejlep\u0161\u00edm st\u0159elcem t\u00fdmu. Zn\u00e1mka: 2<\/p>\n<p><strong>Yakubu &#8211;\u00a0<\/strong>U mohutn\u00e9ho \u00fato\u010dn\u00edka z Nig\u00e9rie je tomu p\u0159esn\u011b naopak. Vyhl\u00e1\u0161en\u00fd ostrost\u0159elec po v\u00e1\u017en\u00e9m zran\u011bn\u00ed achillovky dlouho hledal ztracenou formu. Jarn\u00ed \u010d\u00e1st sezony ale nakonec uk\u00e1zala, \u017ee Yak st\u0159\u00edlet g\u00f3ly nezapomn\u011bl, a\u010dkoliv \u0161est g\u00f3l\u016f nen\u00ed kdov\u00edjak\u00e1 vizitka. V p\u0159\u00ed\u0161t\u00ed sezon\u011b se od usm\u011bvav\u00e9ho kanon\u00fdra znovu \u010dekaj\u00ed g\u00f3lov\u00e9 hody. Zn\u00e1mka: 3<\/p>\n<p><strong>J\u00f4 Alves &#8211;\u00a0<\/strong>Druh\u00e9 hostov\u00e1n\u00ed brazilsk\u00e9ho \u00fato\u010dn\u00edka na Goodison Parku bylo o pozn\u00e1n\u00ed m\u00e9n\u011b \u00fasp\u011b\u0161n\u011bj\u0161\u00ed ne\u017e to prvn\u00ed. Jo sta\u010dil vs\u00edtit jen dva g\u00f3ly a m\u00edsto toho, aby se alespo\u0148 trochu sna\u017eil nehr\u00e1t tak p\u0159\u00ed\u0161ern\u011b, si p\u0159ed V\u00e1noci sbalil kufry a vyrazil na \u0161pac\u00edr do rodn\u00e9 Braz\u00edlie. David Moyes ztratil trp\u011blivost, a tak si nyn\u00ed s kmenov\u00fdm \u00fato\u010dn\u00edkem Manchesteru City u\u017e\u00edvaj\u00ed v Galatasarayi. Zn\u00e1mka: 4-<\/p>\n<p><strong>Victor Anichebe &#8211;\u00a0<\/strong>Po bezm\u00e1la ro\u010dn\u00ed pauze se dok\u00e1zal odchovanec Blues vr\u00e1tit se slu\u0161nou fazonou. Na rozd\u00edl od lo\u0148sk\u00e9 sezony tentokr\u00e1t zabral, a a\u010dkoliv poka\u017ed\u00e9 nastoupil na svoj\u00ed druh\u00e9 pozici &#8211; prav\u00e9 stran\u011b z\u00e1lohy, v\u017edy odvedl poctiv\u00fd, sna\u017eiv\u00fd a v prvn\u00ed \u0159ad\u011b kvalitn\u00ed v\u00fdkon. Zk\u00e1tka je vid\u011bt, \u017ee v mlad\u00edkovi p\u0159ece jenom n\u011bco bude, jen to chce trochu v\u016fle. Zn\u00e1mka: 1-<\/p>\n<p><strong>James Vaughan &#8211;\u00a0<\/strong>Ani leto\u0161n\u00ed ro\u010dn\u00edk nebyl z pohledu jednadvacetilet\u00e9ho forvarda ni\u010d\u00edm v\u00fdjime\u010dn\u00fd. Zran\u011bn\u00ed jej toti\u017e neminula ani tentokr\u00e1t. P\u0159esto Vaughan oslavil alespo\u0148 mal\u00fd \u00fasp\u011bch &#8211; za prvn\u00ed t\u00fdm se letos trefil dvakr\u00e1t, nicm\u00e9n\u011b d\u00edky nedostatku hrac\u00edho \u010dasu pak nakonec putoval na hostov\u00e1n\u00ed do Leicesteru City. Zn\u00e1mka: 3<\/p>\n<p>NEJlep\u0161\u00ed hr\u00e1\u010d: John Heitinga<\/p>\n<p>NEJkr\u00e1sn\u011bj\u0161\u00ed g\u00f3l: Jack Rodwell vs Sigma Olomouc<\/p>\n<p>NEJlep\u0161\u00ed moment: V\u00fdhry nad Chelsea a Man United za sebou<\/p>\n<p>NEJv\u011bt\u0161\u00ed posila: John Heitinga<\/p>\n<p>NEJv\u011bt\u0161\u00ed smola\u0159: Marouane Fellaini<\/p>\n<p>NEJv\u011bt\u0161\u00ed trag\u00e9d: Jo<\/p>\n<p>NEJhor\u0161\u00ed moment: Polo\u010dasov\u00e9 prohr\u00e1v\u00e1n\u00ed 0-3 na KC Stadium.<\/p>\n","protected":false},"excerpt":{"rendered":"<p>Na rozd\u00edl od p\u0159edchoz\u00edch let se tentokr\u00e1t Everton musel nakonec spokojit se zcela pr\u016fm\u011brnou sezonou. Za kone\u010dn\u00e9 osm\u00e9 m\u00edsto se&hellip;<\/p>\n","protected":false},"author":7,"featured_media":745,"comment_status":"open","ping_status":"closed","sticky":false,"template":"","format":"standard","meta":{"_eb_attr":"","_monsterinsights_skip_tracking":false,"_monsterinsights_sitenote_active":false,"_monsterinsights_sitenote_note":"","_monsterinsights_sitenote_category":0,"footnotes":""},"categories":[15],"tags":[],"yoast_head":"<!-- This site is optimized with the Yoast SEO plugin v23.4 - https:\/\/yoast.com\/wordpress\/plugins\/seo\/ -->\n<title>Souhrn sezony 2009\/10 - Official Czech &amp; Slovak Everton Supporters&#039; Club<\/title>\n<meta name=\"robots\" content=\"index, follow, max-snippet:-1, max-image-preview:large, max-video-preview:-1\" \/>\n<link rel=\"canonical\" href=\"https:\/\/evertonfc.cz\/index.php\/2010\/05\/13\/souhrn-sezony-2009-10\/\" \/>\n<meta property=\"og:locale\" content=\"cs_CZ\" \/>\n<meta property=\"og:type\" content=\"article\" \/>\n<meta property=\"og:title\" content=\"Souhrn sezony 2009\/10 - Official Czech &amp; Slovak Everton Supporters&#039; Club\" \/>\n<meta property=\"og:description\" content=\"Na rozd\u00edl od p\u0159edchoz\u00edch let se tentokr\u00e1t Everton musel nakonec spokojit se zcela pr\u016fm\u011brnou sezonou. Za kone\u010dn\u00e9 osm\u00e9 m\u00edsto se&hellip;\" \/>\n<meta property=\"og:url\" content=\"https:\/\/evertonfc.cz\/index.php\/2010\/05\/13\/souhrn-sezony-2009-10\/\" \/>\n<meta property=\"og:site_name\" content=\"Official Czech &amp; Slovak Everton Supporters&#039; Club\" \/>\n<meta property=\"article:publisher\" content=\"https:\/\/www.facebook.com\/everton.fans.cz.sk\" \/>\n<meta property=\"article:published_time\" content=\"2010-05-13T19:22:18+00:00\" \/>\n<meta property=\"article:modified_time\" content=\"2019-02-09T21:17:05+00:00\" \/>\n<meta property=\"og:image\" content=\"https:\/\/evertonfc.cz\/wp-content\/uploads\/2019\/01\/sezona_2009_10.jpg\" \/>\n\t<meta property=\"og:image:width\" content=\"720\" \/>\n\t<meta property=\"og:image:height\" content=\"405\" \/>\n\t<meta property=\"og:image:type\" content=\"image\/jpeg\" \/>\n<meta name=\"author\" content=\"Me\u0148a\" \/>\n<meta name=\"twitter:card\" content=\"summary_large_image\" \/>\n<meta name=\"twitter:label1\" content=\"Napsal(a)\" \/>\n\t<meta name=\"twitter:data1\" content=\"Me\u0148a\" \/>\n\t<meta name=\"twitter:label2\" content=\"Odhadovan\u00e1 doba \u010dten\u00ed\" \/>\n\t<meta name=\"twitter:data2\" content=\"23 minut\" \/>\n<script type=\"application\/ld+json\" class=\"yoast-schema-graph\">{\"@context\":\"https:\/\/schema.org\",\"@graph\":[{\"@type\":\"Article\",\"@id\":\"https:\/\/evertonfc.cz\/index.php\/2010\/05\/13\/souhrn-sezony-2009-10\/#article\",\"isPartOf\":{\"@id\":\"https:\/\/evertonfc.cz\/index.php\/2010\/05\/13\/souhrn-sezony-2009-10\/\"},\"author\":{\"name\":\"Me\u0148a\",\"@id\":\"https:\/\/evertonfc.cz\/#\/schema\/person\/cd6328a75577de2add7793fd4b0930c3\"},\"headline\":\"Souhrn sezony 2009\/10\",\"datePublished\":\"2010-05-13T19:22:18+00:00\",\"dateModified\":\"2019-02-09T21:17:05+00:00\",\"mainEntityOfPage\":{\"@id\":\"https:\/\/evertonfc.cz\/index.php\/2010\/05\/13\/souhrn-sezony-2009-10\/\"},\"wordCount\":4675,\"commentCount\":0,\"publisher\":{\"@id\":\"https:\/\/evertonfc.cz\/#organization\"},\"image\":{\"@id\":\"https:\/\/evertonfc.cz\/index.php\/2010\/05\/13\/souhrn-sezony-2009-10\/#primaryimage\"},\"thumbnailUrl\":\"https:\/\/evertonfc.cz\/wp-content\/uploads\/2019\/01\/sezona_2009_10.jpg\",\"articleSection\":[\"Zhodnocen\u00ed sez\u00f3n\"],\"inLanguage\":\"cs\",\"potentialAction\":[{\"@type\":\"CommentAction\",\"name\":\"Comment\",\"target\":[\"https:\/\/evertonfc.cz\/index.php\/2010\/05\/13\/souhrn-sezony-2009-10\/#respond\"]}]},{\"@type\":\"WebPage\",\"@id\":\"https:\/\/evertonfc.cz\/index.php\/2010\/05\/13\/souhrn-sezony-2009-10\/\",\"url\":\"https:\/\/evertonfc.cz\/index.php\/2010\/05\/13\/souhrn-sezony-2009-10\/\",\"name\":\"Souhrn sezony 2009\/10 - Official Czech &amp; Slovak Everton Supporters&#039; Club\",\"isPartOf\":{\"@id\":\"https:\/\/evertonfc.cz\/#website\"},\"primaryImageOfPage\":{\"@id\":\"https:\/\/evertonfc.cz\/index.php\/2010\/05\/13\/souhrn-sezony-2009-10\/#primaryimage\"},\"image\":{\"@id\":\"https:\/\/evertonfc.cz\/index.php\/2010\/05\/13\/souhrn-sezony-2009-10\/#primaryimage\"},\"thumbnailUrl\":\"https:\/\/evertonfc.cz\/wp-content\/uploads\/2019\/01\/sezona_2009_10.jpg\",\"datePublished\":\"2010-05-13T19:22:18+00:00\",\"dateModified\":\"2019-02-09T21:17:05+00:00\",\"breadcrumb\":{\"@id\":\"https:\/\/evertonfc.cz\/index.php\/2010\/05\/13\/souhrn-sezony-2009-10\/#breadcrumb\"},\"inLanguage\":\"cs\",\"potentialAction\":[{\"@type\":\"ReadAction\",\"target\":[\"https:\/\/evertonfc.cz\/index.php\/2010\/05\/13\/souhrn-sezony-2009-10\/\"]}]},{\"@type\":\"ImageObject\",\"inLanguage\":\"cs\",\"@id\":\"https:\/\/evertonfc.cz\/index.php\/2010\/05\/13\/souhrn-sezony-2009-10\/#primaryimage\",\"url\":\"https:\/\/evertonfc.cz\/wp-content\/uploads\/2019\/01\/sezona_2009_10.jpg\",\"contentUrl\":\"https:\/\/evertonfc.cz\/wp-content\/uploads\/2019\/01\/sezona_2009_10.jpg\",\"width\":720,\"height\":405},{\"@type\":\"BreadcrumbList\",\"@id\":\"https:\/\/evertonfc.cz\/index.php\/2010\/05\/13\/souhrn-sezony-2009-10\/#breadcrumb\",\"itemListElement\":[{\"@type\":\"ListItem\",\"position\":1,\"name\":\"Home\",\"item\":\"https:\/\/evertonfc.cz\/\"},{\"@type\":\"ListItem\",\"position\":2,\"name\":\"Souhrn sezony 2009\/10\"}]},{\"@type\":\"WebSite\",\"@id\":\"https:\/\/evertonfc.cz\/#website\",\"url\":\"https:\/\/evertonfc.cz\/\",\"name\":\"Official Czech &amp; Slovak Everton Supporters&#039; Club\",\"description\":\"\",\"publisher\":{\"@id\":\"https:\/\/evertonfc.cz\/#organization\"},\"potentialAction\":[{\"@type\":\"SearchAction\",\"target\":{\"@type\":\"EntryPoint\",\"urlTemplate\":\"https:\/\/evertonfc.cz\/?s={search_term_string}\"},\"query-input\":{\"@type\":\"PropertyValueSpecification\",\"valueRequired\":true,\"valueName\":\"search_term_string\"}}],\"inLanguage\":\"cs\"},{\"@type\":\"Organization\",\"@id\":\"https:\/\/evertonfc.cz\/#organization\",\"name\":\"Official Czech & Slovak Everton Supporters' Club\",\"url\":\"https:\/\/evertonfc.cz\/\",\"logo\":{\"@type\":\"ImageObject\",\"inLanguage\":\"cs\",\"@id\":\"https:\/\/evertonfc.cz\/#\/schema\/logo\/image\/\",\"url\":\"https:\/\/evertonfc.cz\/wp-content\/uploads\/2019\/05\/logo.png\",\"contentUrl\":\"https:\/\/evertonfc.cz\/wp-content\/uploads\/2019\/05\/logo.png\",\"width\":112,\"height\":112,\"caption\":\"Official Czech & Slovak Everton Supporters' Club\"},\"image\":{\"@id\":\"https:\/\/evertonfc.cz\/#\/schema\/logo\/image\/\"},\"sameAs\":[\"https:\/\/www.facebook.com\/everton.fans.cz.sk\"]},{\"@type\":\"Person\",\"@id\":\"https:\/\/evertonfc.cz\/#\/schema\/person\/cd6328a75577de2add7793fd4b0930c3\",\"name\":\"Me\u0148a\",\"url\":\"https:\/\/evertonfc.cz\/index.php\/author\/mena\/\"}]}<\/script>\n<!-- \/ Yoast SEO plugin. -->","yoast_head_json":{"title":"Souhrn sezony 2009\/10 - Official Czech &amp; Slovak Everton Supporters&#039; Club","robots":{"index":"index","follow":"follow","max-snippet":"max-snippet:-1","max-image-preview":"max-image-preview:large","max-video-preview":"max-video-preview:-1"},"canonical":"https:\/\/evertonfc.cz\/index.php\/2010\/05\/13\/souhrn-sezony-2009-10\/","og_locale":"cs_CZ","og_type":"article","og_title":"Souhrn sezony 2009\/10 - Official Czech &amp; Slovak Everton Supporters&#039; Club","og_description":"Na rozd\u00edl od p\u0159edchoz\u00edch let se tentokr\u00e1t Everton musel nakonec spokojit se zcela pr\u016fm\u011brnou sezonou. Za kone\u010dn\u00e9 osm\u00e9 m\u00edsto se&hellip;","og_url":"https:\/\/evertonfc.cz\/index.php\/2010\/05\/13\/souhrn-sezony-2009-10\/","og_site_name":"Official Czech &amp; Slovak Everton Supporters&#039; Club","article_publisher":"https:\/\/www.facebook.com\/everton.fans.cz.sk","article_published_time":"2010-05-13T19:22:18+00:00","article_modified_time":"2019-02-09T21:17:05+00:00","og_image":[{"width":720,"height":405,"url":"https:\/\/evertonfc.cz\/wp-content\/uploads\/2019\/01\/sezona_2009_10.jpg","type":"image\/jpeg"}],"author":"Me\u0148a","twitter_card":"summary_large_image","twitter_misc":{"Napsal(a)":"Me\u0148a","Odhadovan\u00e1 doba \u010dten\u00ed":"23 minut"},"schema":{"@context":"https:\/\/schema.org","@graph":[{"@type":"Article","@id":"https:\/\/evertonfc.cz\/index.php\/2010\/05\/13\/souhrn-sezony-2009-10\/#article","isPartOf":{"@id":"https:\/\/evertonfc.cz\/index.php\/2010\/05\/13\/souhrn-sezony-2009-10\/"},"author":{"name":"Me\u0148a","@id":"https:\/\/evertonfc.cz\/#\/schema\/person\/cd6328a75577de2add7793fd4b0930c3"},"headline":"Souhrn sezony 2009\/10","datePublished":"2010-05-13T19:22:18+00:00","dateModified":"2019-02-09T21:17:05+00:00","mainEntityOfPage":{"@id":"https:\/\/evertonfc.cz\/index.php\/2010\/05\/13\/souhrn-sezony-2009-10\/"},"wordCount":4675,"commentCount":0,"publisher":{"@id":"https:\/\/evertonfc.cz\/#organization"},"image":{"@id":"https:\/\/evertonfc.cz\/index.php\/2010\/05\/13\/souhrn-sezony-2009-10\/#primaryimage"},"thumbnailUrl":"https:\/\/evertonfc.cz\/wp-content\/uploads\/2019\/01\/sezona_2009_10.jpg","articleSection":["Zhodnocen\u00ed sez\u00f3n"],"inLanguage":"cs","potentialAction":[{"@type":"CommentAction","name":"Comment","target":["https:\/\/evertonfc.cz\/index.php\/2010\/05\/13\/souhrn-sezony-2009-10\/#respond"]}]},{"@type":"WebPage","@id":"https:\/\/evertonfc.cz\/index.php\/2010\/05\/13\/souhrn-sezony-2009-10\/","url":"https:\/\/evertonfc.cz\/index.php\/2010\/05\/13\/souhrn-sezony-2009-10\/","name":"Souhrn sezony 2009\/10 - Official Czech &amp; Slovak Everton Supporters&#039; Club","isPartOf":{"@id":"https:\/\/evertonfc.cz\/#website"},"primaryImageOfPage":{"@id":"https:\/\/evertonfc.cz\/index.php\/2010\/05\/13\/souhrn-sezony-2009-10\/#primaryimage"},"image":{"@id":"https:\/\/evertonfc.cz\/index.php\/2010\/05\/13\/souhrn-sezony-2009-10\/#primaryimage"},"thumbnailUrl":"https:\/\/evertonfc.cz\/wp-content\/uploads\/2019\/01\/sezona_2009_10.jpg","datePublished":"2010-05-13T19:22:18+00:00","dateModified":"2019-02-09T21:17:05+00:00","breadcrumb":{"@id":"https:\/\/evertonfc.cz\/index.php\/2010\/05\/13\/souhrn-sezony-2009-10\/#breadcrumb"},"inLanguage":"cs","potentialAction":[{"@type":"ReadAction","target":["https:\/\/evertonfc.cz\/index.php\/2010\/05\/13\/souhrn-sezony-2009-10\/"]}]},{"@type":"ImageObject","inLanguage":"cs","@id":"https:\/\/evertonfc.cz\/index.php\/2010\/05\/13\/souhrn-sezony-2009-10\/#primaryimage","url":"https:\/\/evertonfc.cz\/wp-content\/uploads\/2019\/01\/sezona_2009_10.jpg","contentUrl":"https:\/\/evertonfc.cz\/wp-content\/uploads\/2019\/01\/sezona_2009_10.jpg","width":720,"height":405},{"@type":"BreadcrumbList","@id":"https:\/\/evertonfc.cz\/index.php\/2010\/05\/13\/souhrn-sezony-2009-10\/#breadcrumb","itemListElement":[{"@type":"ListItem","position":1,"name":"Home","item":"https:\/\/evertonfc.cz\/"},{"@type":"ListItem","position":2,"name":"Souhrn sezony 2009\/10"}]},{"@type":"WebSite","@id":"https:\/\/evertonfc.cz\/#website","url":"https:\/\/evertonfc.cz\/","name":"Official Czech &amp; Slovak Everton Supporters&#039; Club","description":"","publisher":{"@id":"https:\/\/evertonfc.cz\/#organization"},"potentialAction":[{"@type":"SearchAction","target":{"@type":"EntryPoint","urlTemplate":"https:\/\/evertonfc.cz\/?s={search_term_string}"},"query-input":{"@type":"PropertyValueSpecification","valueRequired":true,"valueName":"search_term_string"}}],"inLanguage":"cs"},{"@type":"Organization","@id":"https:\/\/evertonfc.cz\/#organization","name":"Official Czech & Slovak Everton Supporters' Club","url":"https:\/\/evertonfc.cz\/","logo":{"@type":"ImageObject","inLanguage":"cs","@id":"https:\/\/evertonfc.cz\/#\/schema\/logo\/image\/","url":"https:\/\/evertonfc.cz\/wp-content\/uploads\/2019\/05\/logo.png","contentUrl":"https:\/\/evertonfc.cz\/wp-content\/uploads\/2019\/05\/logo.png","width":112,"height":112,"caption":"Official Czech & Slovak Everton Supporters' Club"},"image":{"@id":"https:\/\/evertonfc.cz\/#\/schema\/logo\/image\/"},"sameAs":["https:\/\/www.facebook.com\/everton.fans.cz.sk"]},{"@type":"Person","@id":"https:\/\/evertonfc.cz\/#\/schema\/person\/cd6328a75577de2add7793fd4b0930c3","name":"Me\u0148a","url":"https:\/\/evertonfc.cz\/index.php\/author\/mena\/"}]}},"_links":{"self":[{"href":"https:\/\/evertonfc.cz\/index.php\/wp-json\/wp\/v2\/posts\/759"}],"collection":[{"href":"https:\/\/evertonfc.cz\/index.php\/wp-json\/wp\/v2\/posts"}],"about":[{"href":"https:\/\/evertonfc.cz\/index.php\/wp-json\/wp\/v2\/types\/post"}],"author":[{"embeddable":true,"href":"https:\/\/evertonfc.cz\/index.php\/wp-json\/wp\/v2\/users\/7"}],"replies":[{"embeddable":true,"href":"https:\/\/evertonfc.cz\/index.php\/wp-json\/wp\/v2\/comments?post=759"}],"version-history":[{"count":3,"href":"https:\/\/evertonfc.cz\/index.php\/wp-json\/wp\/v2\/posts\/759\/revisions"}],"predecessor-version":[{"id":2735,"href":"https:\/\/evertonfc.cz\/index.php\/wp-json\/wp\/v2\/posts\/759\/revisions\/2735"}],"wp:featuredmedia":[{"embeddable":true,"href":"https:\/\/evertonfc.cz\/index.php\/wp-json\/wp\/v2\/media\/745"}],"wp:attachment":[{"href":"https:\/\/evertonfc.cz\/index.php\/wp-json\/wp\/v2\/media?parent=759"}],"wp:term":[{"taxonomy":"category","embeddable":true,"href":"https:\/\/evertonfc.cz\/index.php\/wp-json\/wp\/v2\/categories?post=759"},{"taxonomy":"post_tag","embeddable":true,"href":"https:\/\/evertonfc.cz\/index.php\/wp-json\/wp\/v2\/tags?post=759"}],"curies":[{"name":"wp","href":"https:\/\/api.w.org\/{rel}","templated":true}]}}