{"id":7619,"date":"2019-04-27T12:42:55","date_gmt":"2019-04-27T10:42:55","guid":{"rendered":"https:\/\/evertonfc.cz\/?p=7619"},"modified":"2021-04-04T14:00:07","modified_gmt":"2021-04-04T12:00:07","slug":"preview-crystal-palace-everton-6","status":"publish","type":"post","link":"https:\/\/evertonfc.cz\/index.php\/2019\/04\/27\/preview-crystal-palace-everton-6\/","title":{"rendered":"Preview: Crystal Palace &#8211; Everton"},"content":{"rendered":"<h4>P\u0159edposledn\u00ed v\u00fdlet do Lond\u00fdna v t\u00e9to sez\u00f3n\u011b. Hodila by se n\u00e1prava za v\u00fdkon na Fulhamu.<\/h4>\n<p>Premier League na nikoho a nic ne\u010dek\u00e1. 12. kv\u011btna bude po v\u0161em. A Everton je st\u00e1le v souboji o sedmou pozici, kter\u00e1 p\u0159i v\u00fdh\u0159e Manchesteru City nad Watfordem ve fin\u00e1le Anglick\u00e9ho poh\u00e1ru zaji\u0161\u0165uje p\u0159edkolo Evropsk\u00e9 ligy. Takov\u00e1 sez\u00f3na by na Goodison Parku byla nepochybn\u011b ozna\u010dena za \u00fasp\u011b\u0161nou. Pickford si dal za c\u00edl p\u0159idat do konce ligy t\u0159i \u010dist\u00e1 konta, tak uvid\u00edme.<\/p>\n<p>Evertonu nav\u00edc docela i slou\u017e\u00ed forma, krom\u011b \u0161patn\u00e9ho v\u00fdkonu a prohry s Fulhamem m\u00e1 na kont\u011b z posledn\u00edch p\u011bti z\u00e1pas\u016f \u010dty\u0159i v\u00fdhry. Soupe\u0159i? Arsenal, Chelsea, Manchester United.. Crystal Palace za stejn\u00e9 obdob\u00ed st\u0159\u00edd\u00e1 v\u00fdhry (pravda, s Tottenhamem a Manchesterem City) a prohry, ale pozor &#8211; v\u00fdhra na Arsenalu v minul\u00e9m z\u00e1pase se ne\u010dekala a rozhodn\u011b zaujala. A pokud chceme usp\u011bt, tak si mus\u00edme d\u00e1t pozor p\u0159edev\u0161\u00edm na trojici Benteke &#8211; Milivojevi\u0107 &#8211; Zaha. Prvn\u00ed jmenovan\u00fd je hro\u0165\u00e1k, Milivojevi\u0107 pat\u0159\u00ed k nadpr\u016fm\u011brn\u00fdm st\u0159edn\u00edm z\u00e1lo\u017en\u00edk\u016fm (a je z\u0159ejm\u011b nejspolehliv\u011bj\u0161\u00ed penaltov\u00fd exekutor v lize) a k\u0159\u00eddeln\u00edk Zaha pr\u00e1v\u011b Bentekeho dost \u010dasto z\u00e1sobuje nebezpe\u010dn\u00fdmi p\u0159ihr\u00e1vkami. M\u00e1 za sebou i dvoulet\u00e9 p\u016fsoben\u00ed v Manchesteru United, kter\u00e9 ale str\u00e1vil skoro cel\u00e9 na hostov\u00e1n\u00edch. A k nad\u011bj\u00edm v obran\u011b pat\u0159\u00ed Bissaka.<\/p>\n<p>Zdravotn\u011b jsou na tom oba t\u00fdmy podobn\u011b. Dom\u00e1c\u00edm bude chyb\u011bt Sakho (koleno), Schlupp (kotn\u00edk), Souar\u00e9 (rameno) a Tomkins (t\u0159\u00edslo). Everton bude ur\u010dit\u011b bez Gomese, kter\u00fd si odpyk\u00e1v\u00e1 druhou \u010d\u00e1st t\u0159\u00edz\u00e1pasov\u00e9ho trestu. Richarlisonova \u017eebra z\u0159ejm\u011b nebudou v po\u0159\u00e1dku, a\u010d je ofici\u00e1ln\u011b jeho \u00fa\u010dast s otazn\u00edkem a v\u010dera byl nemocn\u00fd Walcott, \u010dili dnes asi tak\u00e9 nebude hr\u00e1t. Do pln\u00e9ho tr\u00e9ninku se naopak po zran\u011bn\u00ed p\u0159itahova\u010de stehenn\u00edho svalu vr\u00e1til Mina, pravd\u011bpodobn\u011b za\u010dne na lavi\u010dce. A v po\u0159\u00e1dku je i Digne, kter\u00fd proti \u00da\u010dk\u00e1m odkulhal ze h\u0159i\u0161t\u011b. Pokud by ani Richarlison, ani Walcott nemohli hr\u00e1t, tak se z\u00e1kladn\u00ed sestavy mohl do\u010dkat Lookman. Jinak asi nen\u00ed pro\u010d m\u011bnit \u00fasp\u011b\u0161nou jeden\u00e1ctku.<\/p>\n<p><strong>Co:\u00a0<\/strong>Crystal Palce FC &#8211; Everton FC, 36. kolo Premier League<br \/>\n<strong>Kdy:\u00a0<\/strong>27. 4. 2019 od 16:00<br \/>\n<strong>Kde:\u00a0<\/strong>Selhurst Park, Lond\u00fdn<br \/>\n<strong>Rozhod\u010d\u00ed:\u00a0<\/strong>Lee Mason<\/p>\n","protected":false},"excerpt":{"rendered":"<p>P\u0159edposledn\u00ed v\u00fdlet do Lond\u00fdna v t\u00e9to sez\u00f3n\u011b. Hodila by se n\u00e1prava za v\u00fdkon na Fulhamu.<\/p>\n","protected":false},"author":12,"featured_media":12110,"comment_status":"open","ping_status":"closed","sticky":false,"template":"","format":"standard","meta":{"_eb_attr":"","_monsterinsights_skip_tracking":false,"_monsterinsights_sitenote_active":false,"_monsterinsights_sitenote_note":"","_monsterinsights_sitenote_category":0,"footnotes":""},"categories":[4],"tags":[],"yoast_head":"<!-- This site is optimized with the Yoast SEO plugin v23.4 - https:\/\/yoast.com\/wordpress\/plugins\/seo\/ -->\n<title>Preview: Crystal Palace - Everton - Official Czech &amp; Slovak Everton Supporters&#039; Club<\/title>\n<meta name=\"robots\" content=\"index, follow, max-snippet:-1, max-image-preview:large, max-video-preview:-1\" \/>\n<link rel=\"canonical\" href=\"https:\/\/evertonfc.cz\/index.php\/2019\/04\/27\/preview-crystal-palace-everton-6\/\" \/>\n<meta property=\"og:locale\" content=\"cs_CZ\" \/>\n<meta property=\"og:type\" content=\"article\" \/>\n<meta property=\"og:title\" content=\"Preview: Crystal Palace - Everton - Official Czech &amp; Slovak Everton Supporters&#039; Club\" \/>\n<meta property=\"og:description\" content=\"P\u0159edposledn\u00ed v\u00fdlet do Lond\u00fdna v t\u00e9to sez\u00f3n\u011b. Hodila by se n\u00e1prava za v\u00fdkon na Fulhamu.\" \/>\n<meta property=\"og:url\" content=\"https:\/\/evertonfc.cz\/index.php\/2019\/04\/27\/preview-crystal-palace-everton-6\/\" \/>\n<meta property=\"og:site_name\" content=\"Official Czech &amp; Slovak Everton Supporters&#039; Club\" \/>\n<meta property=\"article:publisher\" content=\"https:\/\/www.facebook.com\/everton.fans.cz.sk\" \/>\n<meta property=\"article:published_time\" content=\"2019-04-27T10:42:55+00:00\" \/>\n<meta property=\"article:modified_time\" content=\"2021-04-04T12:00:07+00:00\" \/>\n<meta property=\"og:image\" content=\"https:\/\/evertonfc.cz\/wp-content\/uploads\/2020\/09\/Crystal-Palace-VS-Everton-26-9-2020.jpg\" \/>\n\t<meta property=\"og:image:width\" content=\"720\" \/>\n\t<meta property=\"og:image:height\" content=\"405\" \/>\n\t<meta property=\"og:image:type\" content=\"image\/jpeg\" \/>\n<meta name=\"author\" content=\"Javor\" \/>\n<meta name=\"twitter:card\" content=\"summary_large_image\" \/>\n<meta name=\"twitter:creator\" content=\"@LoudinJan\" \/>\n<meta name=\"twitter:label1\" content=\"Napsal(a)\" \/>\n\t<meta name=\"twitter:data1\" content=\"Javor\" \/>\n\t<meta name=\"twitter:label2\" content=\"Odhadovan\u00e1 doba \u010dten\u00ed\" \/>\n\t<meta name=\"twitter:data2\" content=\"2 minuty\" \/>\n<script type=\"application\/ld+json\" class=\"yoast-schema-graph\">{\"@context\":\"https:\/\/schema.org\",\"@graph\":[{\"@type\":\"Article\",\"@id\":\"https:\/\/evertonfc.cz\/index.php\/2019\/04\/27\/preview-crystal-palace-everton-6\/#article\",\"isPartOf\":{\"@id\":\"https:\/\/evertonfc.cz\/index.php\/2019\/04\/27\/preview-crystal-palace-everton-6\/\"},\"author\":{\"name\":\"Javor\",\"@id\":\"https:\/\/evertonfc.cz\/#\/schema\/person\/b30daf6a5852f4811f8207a17ec1bf78\"},\"headline\":\"Preview: Crystal Palace &#8211; Everton\",\"datePublished\":\"2019-04-27T10:42:55+00:00\",\"dateModified\":\"2021-04-04T12:00:07+00:00\",\"mainEntityOfPage\":{\"@id\":\"https:\/\/evertonfc.cz\/index.php\/2019\/04\/27\/preview-crystal-palace-everton-6\/\"},\"wordCount\":438,\"commentCount\":2,\"publisher\":{\"@id\":\"https:\/\/evertonfc.cz\/#organization\"},\"image\":{\"@id\":\"https:\/\/evertonfc.cz\/index.php\/2019\/04\/27\/preview-crystal-palace-everton-6\/#primaryimage\"},\"thumbnailUrl\":\"https:\/\/evertonfc.cz\/wp-content\/uploads\/2020\/09\/Crystal-Palace-VS-Everton-26-9-2020.jpg\",\"articleSection\":[\"Z\u00e1pasy\"],\"inLanguage\":\"cs\",\"potentialAction\":[{\"@type\":\"CommentAction\",\"name\":\"Comment\",\"target\":[\"https:\/\/evertonfc.cz\/index.php\/2019\/04\/27\/preview-crystal-palace-everton-6\/#respond\"]}]},{\"@type\":\"WebPage\",\"@id\":\"https:\/\/evertonfc.cz\/index.php\/2019\/04\/27\/preview-crystal-palace-everton-6\/\",\"url\":\"https:\/\/evertonfc.cz\/index.php\/2019\/04\/27\/preview-crystal-palace-everton-6\/\",\"name\":\"Preview: Crystal Palace - Everton - Official Czech &amp; Slovak Everton Supporters&#039; Club\",\"isPartOf\":{\"@id\":\"https:\/\/evertonfc.cz\/#website\"},\"primaryImageOfPage\":{\"@id\":\"https:\/\/evertonfc.cz\/index.php\/2019\/04\/27\/preview-crystal-palace-everton-6\/#primaryimage\"},\"image\":{\"@id\":\"https:\/\/evertonfc.cz\/index.php\/2019\/04\/27\/preview-crystal-palace-everton-6\/#primaryimage\"},\"thumbnailUrl\":\"https:\/\/evertonfc.cz\/wp-content\/uploads\/2020\/09\/Crystal-Palace-VS-Everton-26-9-2020.jpg\",\"datePublished\":\"2019-04-27T10:42:55+00:00\",\"dateModified\":\"2021-04-04T12:00:07+00:00\",\"breadcrumb\":{\"@id\":\"https:\/\/evertonfc.cz\/index.php\/2019\/04\/27\/preview-crystal-palace-everton-6\/#breadcrumb\"},\"inLanguage\":\"cs\",\"potentialAction\":[{\"@type\":\"ReadAction\",\"target\":[\"https:\/\/evertonfc.cz\/index.php\/2019\/04\/27\/preview-crystal-palace-everton-6\/\"]}]},{\"@type\":\"ImageObject\",\"inLanguage\":\"cs\",\"@id\":\"https:\/\/evertonfc.cz\/index.php\/2019\/04\/27\/preview-crystal-palace-everton-6\/#primaryimage\",\"url\":\"https:\/\/evertonfc.cz\/wp-content\/uploads\/2020\/09\/Crystal-Palace-VS-Everton-26-9-2020.jpg\",\"contentUrl\":\"https:\/\/evertonfc.cz\/wp-content\/uploads\/2020\/09\/Crystal-Palace-VS-Everton-26-9-2020.jpg\",\"width\":720,\"height\":405},{\"@type\":\"BreadcrumbList\",\"@id\":\"https:\/\/evertonfc.cz\/index.php\/2019\/04\/27\/preview-crystal-palace-everton-6\/#breadcrumb\",\"itemListElement\":[{\"@type\":\"ListItem\",\"position\":1,\"name\":\"Home\",\"item\":\"https:\/\/evertonfc.cz\/\"},{\"@type\":\"ListItem\",\"position\":2,\"name\":\"Preview: Crystal Palace &#8211; Everton\"}]},{\"@type\":\"WebSite\",\"@id\":\"https:\/\/evertonfc.cz\/#website\",\"url\":\"https:\/\/evertonfc.cz\/\",\"name\":\"Official Czech &amp; Slovak Everton Supporters&#039; Club\",\"description\":\"\",\"publisher\":{\"@id\":\"https:\/\/evertonfc.cz\/#organization\"},\"potentialAction\":[{\"@type\":\"SearchAction\",\"target\":{\"@type\":\"EntryPoint\",\"urlTemplate\":\"https:\/\/evertonfc.cz\/?s={search_term_string}\"},\"query-input\":{\"@type\":\"PropertyValueSpecification\",\"valueRequired\":true,\"valueName\":\"search_term_string\"}}],\"inLanguage\":\"cs\"},{\"@type\":\"Organization\",\"@id\":\"https:\/\/evertonfc.cz\/#organization\",\"name\":\"Official Czech & Slovak Everton Supporters' Club\",\"url\":\"https:\/\/evertonfc.cz\/\",\"logo\":{\"@type\":\"ImageObject\",\"inLanguage\":\"cs\",\"@id\":\"https:\/\/evertonfc.cz\/#\/schema\/logo\/image\/\",\"url\":\"https:\/\/evertonfc.cz\/wp-content\/uploads\/2019\/05\/logo.png\",\"contentUrl\":\"https:\/\/evertonfc.cz\/wp-content\/uploads\/2019\/05\/logo.png\",\"width\":112,\"height\":112,\"caption\":\"Official Czech & Slovak Everton Supporters' Club\"},\"image\":{\"@id\":\"https:\/\/evertonfc.cz\/#\/schema\/logo\/image\/\"},\"sameAs\":[\"https:\/\/www.facebook.com\/everton.fans.cz.sk\"]},{\"@type\":\"Person\",\"@id\":\"https:\/\/evertonfc.cz\/#\/schema\/person\/b30daf6a5852f4811f8207a17ec1bf78\",\"name\":\"Javor\",\"sameAs\":[\"https:\/\/x.com\/LoudinJan\"],\"url\":\"https:\/\/evertonfc.cz\/index.php\/author\/javor\/\"}]}<\/script>\n<!-- \/ Yoast SEO plugin. -->","yoast_head_json":{"title":"Preview: Crystal Palace - Everton - Official Czech &amp; Slovak Everton Supporters&#039; Club","robots":{"index":"index","follow":"follow","max-snippet":"max-snippet:-1","max-image-preview":"max-image-preview:large","max-video-preview":"max-video-preview:-1"},"canonical":"https:\/\/evertonfc.cz\/index.php\/2019\/04\/27\/preview-crystal-palace-everton-6\/","og_locale":"cs_CZ","og_type":"article","og_title":"Preview: Crystal Palace - Everton - Official Czech &amp; Slovak Everton Supporters&#039; Club","og_description":"P\u0159edposledn\u00ed v\u00fdlet do Lond\u00fdna v t\u00e9to sez\u00f3n\u011b. Hodila by se n\u00e1prava za v\u00fdkon na Fulhamu.","og_url":"https:\/\/evertonfc.cz\/index.php\/2019\/04\/27\/preview-crystal-palace-everton-6\/","og_site_name":"Official Czech &amp; Slovak Everton Supporters&#039; Club","article_publisher":"https:\/\/www.facebook.com\/everton.fans.cz.sk","article_published_time":"2019-04-27T10:42:55+00:00","article_modified_time":"2021-04-04T12:00:07+00:00","og_image":[{"width":720,"height":405,"url":"https:\/\/evertonfc.cz\/wp-content\/uploads\/2020\/09\/Crystal-Palace-VS-Everton-26-9-2020.jpg","type":"image\/jpeg"}],"author":"Javor","twitter_card":"summary_large_image","twitter_creator":"@LoudinJan","twitter_misc":{"Napsal(a)":"Javor","Odhadovan\u00e1 doba \u010dten\u00ed":"2 minuty"},"schema":{"@context":"https:\/\/schema.org","@graph":[{"@type":"Article","@id":"https:\/\/evertonfc.cz\/index.php\/2019\/04\/27\/preview-crystal-palace-everton-6\/#article","isPartOf":{"@id":"https:\/\/evertonfc.cz\/index.php\/2019\/04\/27\/preview-crystal-palace-everton-6\/"},"author":{"name":"Javor","@id":"https:\/\/evertonfc.cz\/#\/schema\/person\/b30daf6a5852f4811f8207a17ec1bf78"},"headline":"Preview: Crystal Palace &#8211; Everton","datePublished":"2019-04-27T10:42:55+00:00","dateModified":"2021-04-04T12:00:07+00:00","mainEntityOfPage":{"@id":"https:\/\/evertonfc.cz\/index.php\/2019\/04\/27\/preview-crystal-palace-everton-6\/"},"wordCount":438,"commentCount":2,"publisher":{"@id":"https:\/\/evertonfc.cz\/#organization"},"image":{"@id":"https:\/\/evertonfc.cz\/index.php\/2019\/04\/27\/preview-crystal-palace-everton-6\/#primaryimage"},"thumbnailUrl":"https:\/\/evertonfc.cz\/wp-content\/uploads\/2020\/09\/Crystal-Palace-VS-Everton-26-9-2020.jpg","articleSection":["Z\u00e1pasy"],"inLanguage":"cs","potentialAction":[{"@type":"CommentAction","name":"Comment","target":["https:\/\/evertonfc.cz\/index.php\/2019\/04\/27\/preview-crystal-palace-everton-6\/#respond"]}]},{"@type":"WebPage","@id":"https:\/\/evertonfc.cz\/index.php\/2019\/04\/27\/preview-crystal-palace-everton-6\/","url":"https:\/\/evertonfc.cz\/index.php\/2019\/04\/27\/preview-crystal-palace-everton-6\/","name":"Preview: Crystal Palace - Everton - Official Czech &amp; Slovak Everton Supporters&#039; Club","isPartOf":{"@id":"https:\/\/evertonfc.cz\/#website"},"primaryImageOfPage":{"@id":"https:\/\/evertonfc.cz\/index.php\/2019\/04\/27\/preview-crystal-palace-everton-6\/#primaryimage"},"image":{"@id":"https:\/\/evertonfc.cz\/index.php\/2019\/04\/27\/preview-crystal-palace-everton-6\/#primaryimage"},"thumbnailUrl":"https:\/\/evertonfc.cz\/wp-content\/uploads\/2020\/09\/Crystal-Palace-VS-Everton-26-9-2020.jpg","datePublished":"2019-04-27T10:42:55+00:00","dateModified":"2021-04-04T12:00:07+00:00","breadcrumb":{"@id":"https:\/\/evertonfc.cz\/index.php\/2019\/04\/27\/preview-crystal-palace-everton-6\/#breadcrumb"},"inLanguage":"cs","potentialAction":[{"@type":"ReadAction","target":["https:\/\/evertonfc.cz\/index.php\/2019\/04\/27\/preview-crystal-palace-everton-6\/"]}]},{"@type":"ImageObject","inLanguage":"cs","@id":"https:\/\/evertonfc.cz\/index.php\/2019\/04\/27\/preview-crystal-palace-everton-6\/#primaryimage","url":"https:\/\/evertonfc.cz\/wp-content\/uploads\/2020\/09\/Crystal-Palace-VS-Everton-26-9-2020.jpg","contentUrl":"https:\/\/evertonfc.cz\/wp-content\/uploads\/2020\/09\/Crystal-Palace-VS-Everton-26-9-2020.jpg","width":720,"height":405},{"@type":"BreadcrumbList","@id":"https:\/\/evertonfc.cz\/index.php\/2019\/04\/27\/preview-crystal-palace-everton-6\/#breadcrumb","itemListElement":[{"@type":"ListItem","position":1,"name":"Home","item":"https:\/\/evertonfc.cz\/"},{"@type":"ListItem","position":2,"name":"Preview: Crystal Palace &#8211; Everton"}]},{"@type":"WebSite","@id":"https:\/\/evertonfc.cz\/#website","url":"https:\/\/evertonfc.cz\/","name":"Official Czech &amp; Slovak Everton Supporters&#039; Club","description":"","publisher":{"@id":"https:\/\/evertonfc.cz\/#organization"},"potentialAction":[{"@type":"SearchAction","target":{"@type":"EntryPoint","urlTemplate":"https:\/\/evertonfc.cz\/?s={search_term_string}"},"query-input":{"@type":"PropertyValueSpecification","valueRequired":true,"valueName":"search_term_string"}}],"inLanguage":"cs"},{"@type":"Organization","@id":"https:\/\/evertonfc.cz\/#organization","name":"Official Czech & Slovak Everton Supporters' Club","url":"https:\/\/evertonfc.cz\/","logo":{"@type":"ImageObject","inLanguage":"cs","@id":"https:\/\/evertonfc.cz\/#\/schema\/logo\/image\/","url":"https:\/\/evertonfc.cz\/wp-content\/uploads\/2019\/05\/logo.png","contentUrl":"https:\/\/evertonfc.cz\/wp-content\/uploads\/2019\/05\/logo.png","width":112,"height":112,"caption":"Official Czech & Slovak Everton Supporters' Club"},"image":{"@id":"https:\/\/evertonfc.cz\/#\/schema\/logo\/image\/"},"sameAs":["https:\/\/www.facebook.com\/everton.fans.cz.sk"]},{"@type":"Person","@id":"https:\/\/evertonfc.cz\/#\/schema\/person\/b30daf6a5852f4811f8207a17ec1bf78","name":"Javor","sameAs":["https:\/\/x.com\/LoudinJan"],"url":"https:\/\/evertonfc.cz\/index.php\/author\/javor\/"}]}},"_links":{"self":[{"href":"https:\/\/evertonfc.cz\/index.php\/wp-json\/wp\/v2\/posts\/7619"}],"collection":[{"href":"https:\/\/evertonfc.cz\/index.php\/wp-json\/wp\/v2\/posts"}],"about":[{"href":"https:\/\/evertonfc.cz\/index.php\/wp-json\/wp\/v2\/types\/post"}],"author":[{"embeddable":true,"href":"https:\/\/evertonfc.cz\/index.php\/wp-json\/wp\/v2\/users\/12"}],"replies":[{"embeddable":true,"href":"https:\/\/evertonfc.cz\/index.php\/wp-json\/wp\/v2\/comments?post=7619"}],"version-history":[{"count":3,"href":"https:\/\/evertonfc.cz\/index.php\/wp-json\/wp\/v2\/posts\/7619\/revisions"}],"predecessor-version":[{"id":7622,"href":"https:\/\/evertonfc.cz\/index.php\/wp-json\/wp\/v2\/posts\/7619\/revisions\/7622"}],"wp:featuredmedia":[{"embeddable":true,"href":"https:\/\/evertonfc.cz\/index.php\/wp-json\/wp\/v2\/media\/12110"}],"wp:attachment":[{"href":"https:\/\/evertonfc.cz\/index.php\/wp-json\/wp\/v2\/media?parent=7619"}],"wp:term":[{"taxonomy":"category","embeddable":true,"href":"https:\/\/evertonfc.cz\/index.php\/wp-json\/wp\/v2\/categories?post=7619"},{"taxonomy":"post_tag","embeddable":true,"href":"https:\/\/evertonfc.cz\/index.php\/wp-json\/wp\/v2\/tags?post=7619"}],"curies":[{"name":"wp","href":"https:\/\/api.w.org\/{rel}","templated":true}]}}