{"id":7624,"date":"2019-04-28T21:07:10","date_gmt":"2019-04-28T19:07:10","guid":{"rendered":"https:\/\/evertonfc.cz\/?p=7624"},"modified":"2019-04-28T21:14:27","modified_gmt":"2019-04-28T19:14:27","slug":"crystal-palace-everton-00-2","status":"publish","type":"post","link":"https:\/\/evertonfc.cz\/index.php\/2019\/04\/28\/crystal-palace-everton-00-2\/","title":{"rendered":"Crystal Palace \u2013 Everton 0:0"},"content":{"rendered":"<h4>Po ve\u013ek\u00fdch v\u00fdsledkoch prich\u00e1dza sklamanie na oboch stran\u00e1ch. Tentokr\u00e1t je v\u0161ak pre n\u00e1s men\u0161ie, preto\u017ee patri\u010dn\u00fd v\u00fdkon sa kone\u010dne dostavil aj na tr\u00e1vniku s\u00fapera.<\/h4>\n<p>Ale aj tak predsa nastal \u010das karha\u0165. Koho a\u00a0\u010do je zrejm\u00e9, alebo nie? Ak sa v\u00e1m nie\u010do v\u00a0\u0161porte zvy\u010dajne vypomst\u00ed, tak je to premrhanie pr\u00edle\u017eitost\u00ed a\u00a0Everton, ten u\u017e t\u00fato sez\u00f3nu toho premrhal za dvoch. A\u00a0ke\u010f sa aj jav\u00ed, \u017ee by mu to mohlo prepiec\u0165, op\u00e4\u0165 raz zav\u00e1ha.<\/p>\n<p>Pozit\u00edvne myslenie m\u00f4\u017eeme odlo\u017ei\u0165 nabok a\u00a0naladi\u0165 sa na realitu. Siedme miesto a\u00a0s\u00a0n\u00edm aj st\u00e1le teoretick\u00e1 \u0161anca zahra\u0165 si eur\u00f3psky poh\u00e1r je pre\u010d. Nie s\u00edce matematicky, ale zbyto\u010dne by sme \u017eivili naivitu. Ja som ju doteraz \u017eivil za v\u00e1s. A\u00a0je to celkom \u00fanavn\u00e9.<\/p>\n<p>Naopak, opisovanie bezg\u00f3lov\u00e9ho z\u00e1pasu, to sa zvl\u00e1dne ve\u013emi r\u00fdchlo a\u00a0\u013eahko. Toffees v\u00a0\u0148om nast\u00fapili bez zmeny po dom\u00e1com v\u00fdprasku United a\u00a0to pomerne prekvapivo. Mana\u017e\u00e9r Silva toti\u017e stra\u0161il bo\u013eav\u00fdm rebrom Richarlisona a\u00a0chorobou Walcotta. Ani jedno sa nepotvrdilo.<\/p>\n<p>Kto vie, akoby vyzeral z\u00e1pas, by\u0165 vy\u017eiadan\u00fdch absenci\u00ed? Chceme to vedie\u0165? Ja rad\u0161ej nie, aj ke\u010f som d\u00fafal, \u017ee sa udej\u00fa. Podstatn\u00e9 teda je, \u017ee nast\u00fapili v plnej sile a zodpovedne prevzali kontrolu nad z\u00e1pasom. Diktovali tempo, dr\u017eanie lopty a vlastne v\u0161etky \u0161tatistiky potvrdzuj\u00face hern\u00fa dominanciu.<\/p>\n<p>Ale u\u017e ke\u010f sme nepremenili prv\u00fa stopercentn\u00fa pr\u00edle\u017eitos\u0165, bolo jasn\u00e9, \u017ee bezzub\u00ed s\u00fdti neod\u00eddeme. V\u00a0tomto trende sme pokra\u010dovali po cel\u00fa dobu stretnutia, ktor\u00e9 pon\u00fakalo ve\u013ea pekne rozv\u00edjaj\u00facich sa akci\u00ed, ale bez \u00faspe\u0161nej koncovky, \u010di fin\u00e1lnej prihr\u00e1vky.<\/p>\n<p>Spom\u00ednan\u00e1 prv\u00e1 pr\u00edle\u017eitos\u0165 sa naskytla pri odkope Pickforda, ktor\u00fd na\u0161iel Calverta-Lewina. Ten v\u0161ak \u00faplne vo\u013en\u00fd pred brank\u00e1rom tot\u00e1lne zlyhal a\u00a0uk\u00e1zal, \u017ee s\u00edce je na spr\u00e1vnej ceste, ale nie na jej konci. Jeho v\u00fdkon sa tak niesol v\u00a0podobnom duchu a\u017e do vystriedania Tosunom.<\/p>\n<p>Svoj de\u0148 nemal ani Bernard. Pri nieko\u013ek\u00fdch nespr\u00e1vnych momentoch ho v\u010dera neposl\u00fachala inak brilantn\u00e1 technika a\u00a0i\u00a0ke\u010f v\u00a0druhom pol\u010dase nastrelil ty\u010dku, nebol to \u017eiariv\u00fd v\u00fdkon. Kon\u0161trukciu br\u00e1ny trafil aj Digne, sk\u00f4r ale nechtiac, ke\u010f sa sna\u017eil n\u00e1js\u0165 hlavu Turka.<\/p>\n<p>Ten mal znova menej \u010dasu, ako by potreboval na ovplyvnenie diania. Jeho drz\u00e1 p\u00e4ti\u010dka z\u00a0pred mal\u00e9ho v\u00e1pna takmer zna\u010dila men\u0161\u00ed z\u00e1zrak, len\u017ee ve\u013ek\u00e9 \u010dary si pre seba nechal brank\u00e1r dom\u00e1cich, ke\u010f ju len reflex\u00edvne vyrazil cez nech\u00e1pav\u00e9 poh\u013eady prizeraj\u00facich sa Evertonians.<\/p>\n<p>Pre zn\u00e1zornenie duelu si m\u00f4\u017eete predstavi\u0165 ten pocit, ke\u010f ste na hojda\u010dke, s\u00e1m a\u00a0idete takmer na doraz. Nikdy v\u0161ak nie za hranicu, ktor\u00e1 v\u00e1s vracia nasp\u00e4\u0165. St\u00e1le m\u00e1te tie pekn\u00e9 pocity mot\u00fdlikov v\u00a0bruchu. Ale \u017eiadny adrenal\u00edn, ke\u010f zist\u00edte, \u017ee z\u00a0nej m\u00f4\u017eete aj vyletie\u0165.<\/p>\n<p>Everton sa toti\u017eto pekne dr\u017eal bezpe\u010dn\u00fdch hran\u00edc rem\u00edzy. A ani nepomyslel, ak\u00e9 by to bolo sk\u00fasi\u0165 zariskova\u0165 a prekro\u010di\u0165 pomyseln\u00fa adrenal\u00ednov\u00fa hranicu, predstavuj\u00facu rozdiel medzi v\u00fdhrou, rem\u00edzou a v tom hor\u0161om pr\u00edpade, odtrhnut\u00edm hojda\u010dky.<\/p>\n<p>Neberte ma zle. Som svojsk\u00fdm sp\u00f4sobom kritick\u00fd. Mo\u017eno nepr\u00e1vom, lebo sme podali jeden z najlep\u0161\u00edch v\u00fdkonov vonku v tomto ro\u010dn\u00edku. Ale jednoducho nedok\u00e1\u017eem akceptova\u0165 nahov\u00e1ranie si, \u017ee sme spravili v\u0161etko, \u010do sa dalo. \u017de sme si zasl\u00fa\u017eili vyhra\u0165. Preto\u017ee to nie je pravda. A Marco m\u00e1 \u010das do za\u010diatku novej sez\u00f3ny aby dok\u00e1zal, \u017ee si je toho vedom\u00fd.<\/p>\n<p><em>Zostrih z\u00e1pasu n\u00e1jdete na ofici\u00e1lnej str\u00e1nke klubu <a href=\"http:\/\/www.evertonfc.com\/evertontv\/archive\/2019\/04\/27\/crystal-palace-0-0-everton-extended-highlights\" target=\"_blank\" rel=\"noopener noreferrer\">tu.<\/a><\/em><\/p>\n<p><strong>Mu\u017e z\u00e1pasu: <\/strong>Seamus Coleman (Sky) Idrissa Gueye (BBC)<\/p>\n<p><strong>\u017dK: <\/strong>10\u00b4 Milivojevi\u0107, 74\u00b4 Kouyat\u00e9<\/p>\n<p><strong>Crystal Palace FC: <\/strong>Guaita \u2013 Wan-Bissaka, Kelly, Dann, van Aanholt \u2013 McArthur, Milivojevi\u0107, Kouyat\u00e9, Meyer (72\u00b4Townsend) \u2013 Zaha, Benteke<\/p>\n<p><strong>Everton FC: <\/strong>Pickford \u2013 Coleman, Keane, Zouma, Digne \u2013 Gueye, Schneiderlin \u2013 Richarlison, Sigurdsson (86\u00b4Walcott), Bernard (84\u00b4Lookman) \u2013 Calvert-Lewin (73\u00b4Tosun)<\/p>\n<p><strong>Rozhodca: <\/strong>Lee Mason<\/p>\n<p><strong>Po\u010det div\u00e1kov: <\/strong>25 789, Selhurst Park (Lond\u00fdn)<\/p>\n","protected":false},"excerpt":{"rendered":"<p>Po ve\u013ek\u00fdch v\u00fdsledkoch prich\u00e1dza sklamanie na oboch stran\u00e1ch. Tentokr\u00e1t je v\u0161ak pre n\u00e1s men\u0161ie, preto\u017ee patri\u010dn\u00fd v\u00fdkon sa kone\u010dne dostavil aj na tr\u00e1vniku s\u00fapera.<\/p>\n","protected":false},"author":1,"featured_media":7626,"comment_status":"open","ping_status":"closed","sticky":false,"template":"","format":"standard","meta":{"_eb_attr":"","_monsterinsights_skip_tracking":false,"_monsterinsights_sitenote_active":false,"_monsterinsights_sitenote_note":"","_monsterinsights_sitenote_category":0,"footnotes":""},"categories":[4],"tags":[],"yoast_head":"<!-- This site is optimized with the Yoast SEO plugin v23.4 - https:\/\/yoast.com\/wordpress\/plugins\/seo\/ -->\n<title>Crystal Palace \u2013 Everton 0:0 - Official Czech &amp; Slovak Everton Supporters&#039; Club<\/title>\n<meta name=\"robots\" content=\"index, follow, max-snippet:-1, max-image-preview:large, max-video-preview:-1\" \/>\n<link rel=\"canonical\" href=\"https:\/\/evertonfc.cz\/index.php\/2019\/04\/28\/crystal-palace-everton-00-2\/\" \/>\n<meta property=\"og:locale\" content=\"cs_CZ\" \/>\n<meta property=\"og:type\" content=\"article\" \/>\n<meta property=\"og:title\" content=\"Crystal Palace \u2013 Everton 0:0 - Official Czech &amp; Slovak Everton Supporters&#039; Club\" \/>\n<meta property=\"og:description\" content=\"Po ve\u013ek\u00fdch v\u00fdsledkoch prich\u00e1dza sklamanie na oboch stran\u00e1ch. Tentokr\u00e1t je v\u0161ak pre n\u00e1s men\u0161ie, preto\u017ee patri\u010dn\u00fd v\u00fdkon sa kone\u010dne dostavil aj na tr\u00e1vniku s\u00fapera.\" \/>\n<meta property=\"og:url\" content=\"https:\/\/evertonfc.cz\/index.php\/2019\/04\/28\/crystal-palace-everton-00-2\/\" \/>\n<meta property=\"og:site_name\" content=\"Official Czech &amp; Slovak Everton Supporters&#039; Club\" \/>\n<meta property=\"article:publisher\" content=\"https:\/\/www.facebook.com\/everton.fans.cz.sk\" \/>\n<meta property=\"article:published_time\" content=\"2019-04-28T19:07:10+00:00\" \/>\n<meta property=\"article:modified_time\" content=\"2019-04-28T19:14:27+00:00\" \/>\n<meta property=\"og:image\" content=\"https:\/\/evertonfc.cz\/wp-content\/uploads\/2019\/04\/Bernard-27-4-2019.jpg\" \/>\n\t<meta property=\"og:image:width\" content=\"720\" \/>\n\t<meta property=\"og:image:height\" content=\"405\" \/>\n\t<meta property=\"og:image:type\" content=\"image\/jpeg\" \/>\n<meta name=\"author\" content=\"BlueBlooded\" \/>\n<meta name=\"twitter:card\" content=\"summary_large_image\" \/>\n<meta name=\"twitter:label1\" content=\"Napsal(a)\" \/>\n\t<meta name=\"twitter:data1\" content=\"BlueBlooded\" \/>\n\t<meta name=\"twitter:label2\" content=\"Odhadovan\u00e1 doba \u010dten\u00ed\" \/>\n\t<meta name=\"twitter:data2\" content=\"4 minuty\" \/>\n<script type=\"application\/ld+json\" class=\"yoast-schema-graph\">{\"@context\":\"https:\/\/schema.org\",\"@graph\":[{\"@type\":\"Article\",\"@id\":\"https:\/\/evertonfc.cz\/index.php\/2019\/04\/28\/crystal-palace-everton-00-2\/#article\",\"isPartOf\":{\"@id\":\"https:\/\/evertonfc.cz\/index.php\/2019\/04\/28\/crystal-palace-everton-00-2\/\"},\"author\":{\"name\":\"BlueBlooded\",\"@id\":\"https:\/\/evertonfc.cz\/#\/schema\/person\/d4493b8cbea51532597fbc4685698916\"},\"headline\":\"Crystal Palace \u2013 Everton 0:0\",\"datePublished\":\"2019-04-28T19:07:10+00:00\",\"dateModified\":\"2019-04-28T19:14:27+00:00\",\"mainEntityOfPage\":{\"@id\":\"https:\/\/evertonfc.cz\/index.php\/2019\/04\/28\/crystal-palace-everton-00-2\/\"},\"wordCount\":729,\"commentCount\":9,\"publisher\":{\"@id\":\"https:\/\/evertonfc.cz\/#organization\"},\"image\":{\"@id\":\"https:\/\/evertonfc.cz\/index.php\/2019\/04\/28\/crystal-palace-everton-00-2\/#primaryimage\"},\"thumbnailUrl\":\"https:\/\/evertonfc.cz\/wp-content\/uploads\/2019\/04\/Bernard-27-4-2019.jpg\",\"articleSection\":[\"Z\u00e1pasy\"],\"inLanguage\":\"cs\",\"potentialAction\":[{\"@type\":\"CommentAction\",\"name\":\"Comment\",\"target\":[\"https:\/\/evertonfc.cz\/index.php\/2019\/04\/28\/crystal-palace-everton-00-2\/#respond\"]}]},{\"@type\":\"WebPage\",\"@id\":\"https:\/\/evertonfc.cz\/index.php\/2019\/04\/28\/crystal-palace-everton-00-2\/\",\"url\":\"https:\/\/evertonfc.cz\/index.php\/2019\/04\/28\/crystal-palace-everton-00-2\/\",\"name\":\"Crystal Palace \u2013 Everton 0:0 - Official Czech &amp; Slovak Everton Supporters&#039; Club\",\"isPartOf\":{\"@id\":\"https:\/\/evertonfc.cz\/#website\"},\"primaryImageOfPage\":{\"@id\":\"https:\/\/evertonfc.cz\/index.php\/2019\/04\/28\/crystal-palace-everton-00-2\/#primaryimage\"},\"image\":{\"@id\":\"https:\/\/evertonfc.cz\/index.php\/2019\/04\/28\/crystal-palace-everton-00-2\/#primaryimage\"},\"thumbnailUrl\":\"https:\/\/evertonfc.cz\/wp-content\/uploads\/2019\/04\/Bernard-27-4-2019.jpg\",\"datePublished\":\"2019-04-28T19:07:10+00:00\",\"dateModified\":\"2019-04-28T19:14:27+00:00\",\"breadcrumb\":{\"@id\":\"https:\/\/evertonfc.cz\/index.php\/2019\/04\/28\/crystal-palace-everton-00-2\/#breadcrumb\"},\"inLanguage\":\"cs\",\"potentialAction\":[{\"@type\":\"ReadAction\",\"target\":[\"https:\/\/evertonfc.cz\/index.php\/2019\/04\/28\/crystal-palace-everton-00-2\/\"]}]},{\"@type\":\"ImageObject\",\"inLanguage\":\"cs\",\"@id\":\"https:\/\/evertonfc.cz\/index.php\/2019\/04\/28\/crystal-palace-everton-00-2\/#primaryimage\",\"url\":\"https:\/\/evertonfc.cz\/wp-content\/uploads\/2019\/04\/Bernard-27-4-2019.jpg\",\"contentUrl\":\"https:\/\/evertonfc.cz\/wp-content\/uploads\/2019\/04\/Bernard-27-4-2019.jpg\",\"width\":720,\"height\":405,\"caption\":\"LONDON, ENGLAND - APRIL 27: Richarlison of Everton in action during the Premier League match between Crystal Palace and Everton FC at Selhurst Park on April 27, 2019 in London, United Kingdom. (Photo by Warren Little\/Getty Images)\"},{\"@type\":\"BreadcrumbList\",\"@id\":\"https:\/\/evertonfc.cz\/index.php\/2019\/04\/28\/crystal-palace-everton-00-2\/#breadcrumb\",\"itemListElement\":[{\"@type\":\"ListItem\",\"position\":1,\"name\":\"Home\",\"item\":\"https:\/\/evertonfc.cz\/\"},{\"@type\":\"ListItem\",\"position\":2,\"name\":\"Crystal Palace \u2013 Everton 0:0\"}]},{\"@type\":\"WebSite\",\"@id\":\"https:\/\/evertonfc.cz\/#website\",\"url\":\"https:\/\/evertonfc.cz\/\",\"name\":\"Official Czech &amp; Slovak Everton Supporters&#039; Club\",\"description\":\"\",\"publisher\":{\"@id\":\"https:\/\/evertonfc.cz\/#organization\"},\"potentialAction\":[{\"@type\":\"SearchAction\",\"target\":{\"@type\":\"EntryPoint\",\"urlTemplate\":\"https:\/\/evertonfc.cz\/?s={search_term_string}\"},\"query-input\":{\"@type\":\"PropertyValueSpecification\",\"valueRequired\":true,\"valueName\":\"search_term_string\"}}],\"inLanguage\":\"cs\"},{\"@type\":\"Organization\",\"@id\":\"https:\/\/evertonfc.cz\/#organization\",\"name\":\"Official Czech & Slovak Everton Supporters' Club\",\"url\":\"https:\/\/evertonfc.cz\/\",\"logo\":{\"@type\":\"ImageObject\",\"inLanguage\":\"cs\",\"@id\":\"https:\/\/evertonfc.cz\/#\/schema\/logo\/image\/\",\"url\":\"https:\/\/evertonfc.cz\/wp-content\/uploads\/2019\/05\/logo.png\",\"contentUrl\":\"https:\/\/evertonfc.cz\/wp-content\/uploads\/2019\/05\/logo.png\",\"width\":112,\"height\":112,\"caption\":\"Official Czech & Slovak Everton Supporters' Club\"},\"image\":{\"@id\":\"https:\/\/evertonfc.cz\/#\/schema\/logo\/image\/\"},\"sameAs\":[\"https:\/\/www.facebook.com\/everton.fans.cz.sk\"]},{\"@type\":\"Person\",\"@id\":\"https:\/\/evertonfc.cz\/#\/schema\/person\/d4493b8cbea51532597fbc4685698916\",\"name\":\"BlueBlooded\",\"url\":\"https:\/\/evertonfc.cz\/index.php\/author\/admin\/\"}]}<\/script>\n<!-- \/ Yoast SEO plugin. -->","yoast_head_json":{"title":"Crystal Palace \u2013 Everton 0:0 - Official Czech &amp; Slovak Everton Supporters&#039; Club","robots":{"index":"index","follow":"follow","max-snippet":"max-snippet:-1","max-image-preview":"max-image-preview:large","max-video-preview":"max-video-preview:-1"},"canonical":"https:\/\/evertonfc.cz\/index.php\/2019\/04\/28\/crystal-palace-everton-00-2\/","og_locale":"cs_CZ","og_type":"article","og_title":"Crystal Palace \u2013 Everton 0:0 - Official Czech &amp; Slovak Everton Supporters&#039; Club","og_description":"Po ve\u013ek\u00fdch v\u00fdsledkoch prich\u00e1dza sklamanie na oboch stran\u00e1ch. Tentokr\u00e1t je v\u0161ak pre n\u00e1s men\u0161ie, preto\u017ee patri\u010dn\u00fd v\u00fdkon sa kone\u010dne dostavil aj na tr\u00e1vniku s\u00fapera.","og_url":"https:\/\/evertonfc.cz\/index.php\/2019\/04\/28\/crystal-palace-everton-00-2\/","og_site_name":"Official Czech &amp; Slovak Everton Supporters&#039; Club","article_publisher":"https:\/\/www.facebook.com\/everton.fans.cz.sk","article_published_time":"2019-04-28T19:07:10+00:00","article_modified_time":"2019-04-28T19:14:27+00:00","og_image":[{"width":720,"height":405,"url":"https:\/\/evertonfc.cz\/wp-content\/uploads\/2019\/04\/Bernard-27-4-2019.jpg","type":"image\/jpeg"}],"author":"BlueBlooded","twitter_card":"summary_large_image","twitter_misc":{"Napsal(a)":"BlueBlooded","Odhadovan\u00e1 doba \u010dten\u00ed":"4 minuty"},"schema":{"@context":"https:\/\/schema.org","@graph":[{"@type":"Article","@id":"https:\/\/evertonfc.cz\/index.php\/2019\/04\/28\/crystal-palace-everton-00-2\/#article","isPartOf":{"@id":"https:\/\/evertonfc.cz\/index.php\/2019\/04\/28\/crystal-palace-everton-00-2\/"},"author":{"name":"BlueBlooded","@id":"https:\/\/evertonfc.cz\/#\/schema\/person\/d4493b8cbea51532597fbc4685698916"},"headline":"Crystal Palace \u2013 Everton 0:0","datePublished":"2019-04-28T19:07:10+00:00","dateModified":"2019-04-28T19:14:27+00:00","mainEntityOfPage":{"@id":"https:\/\/evertonfc.cz\/index.php\/2019\/04\/28\/crystal-palace-everton-00-2\/"},"wordCount":729,"commentCount":9,"publisher":{"@id":"https:\/\/evertonfc.cz\/#organization"},"image":{"@id":"https:\/\/evertonfc.cz\/index.php\/2019\/04\/28\/crystal-palace-everton-00-2\/#primaryimage"},"thumbnailUrl":"https:\/\/evertonfc.cz\/wp-content\/uploads\/2019\/04\/Bernard-27-4-2019.jpg","articleSection":["Z\u00e1pasy"],"inLanguage":"cs","potentialAction":[{"@type":"CommentAction","name":"Comment","target":["https:\/\/evertonfc.cz\/index.php\/2019\/04\/28\/crystal-palace-everton-00-2\/#respond"]}]},{"@type":"WebPage","@id":"https:\/\/evertonfc.cz\/index.php\/2019\/04\/28\/crystal-palace-everton-00-2\/","url":"https:\/\/evertonfc.cz\/index.php\/2019\/04\/28\/crystal-palace-everton-00-2\/","name":"Crystal Palace \u2013 Everton 0:0 - Official Czech &amp; Slovak Everton Supporters&#039; Club","isPartOf":{"@id":"https:\/\/evertonfc.cz\/#website"},"primaryImageOfPage":{"@id":"https:\/\/evertonfc.cz\/index.php\/2019\/04\/28\/crystal-palace-everton-00-2\/#primaryimage"},"image":{"@id":"https:\/\/evertonfc.cz\/index.php\/2019\/04\/28\/crystal-palace-everton-00-2\/#primaryimage"},"thumbnailUrl":"https:\/\/evertonfc.cz\/wp-content\/uploads\/2019\/04\/Bernard-27-4-2019.jpg","datePublished":"2019-04-28T19:07:10+00:00","dateModified":"2019-04-28T19:14:27+00:00","breadcrumb":{"@id":"https:\/\/evertonfc.cz\/index.php\/2019\/04\/28\/crystal-palace-everton-00-2\/#breadcrumb"},"inLanguage":"cs","potentialAction":[{"@type":"ReadAction","target":["https:\/\/evertonfc.cz\/index.php\/2019\/04\/28\/crystal-palace-everton-00-2\/"]}]},{"@type":"ImageObject","inLanguage":"cs","@id":"https:\/\/evertonfc.cz\/index.php\/2019\/04\/28\/crystal-palace-everton-00-2\/#primaryimage","url":"https:\/\/evertonfc.cz\/wp-content\/uploads\/2019\/04\/Bernard-27-4-2019.jpg","contentUrl":"https:\/\/evertonfc.cz\/wp-content\/uploads\/2019\/04\/Bernard-27-4-2019.jpg","width":720,"height":405,"caption":"LONDON, ENGLAND - APRIL 27: Richarlison of Everton in action during the Premier League match between Crystal Palace and Everton FC at Selhurst Park on April 27, 2019 in London, United Kingdom. (Photo by Warren Little\/Getty Images)"},{"@type":"BreadcrumbList","@id":"https:\/\/evertonfc.cz\/index.php\/2019\/04\/28\/crystal-palace-everton-00-2\/#breadcrumb","itemListElement":[{"@type":"ListItem","position":1,"name":"Home","item":"https:\/\/evertonfc.cz\/"},{"@type":"ListItem","position":2,"name":"Crystal Palace \u2013 Everton 0:0"}]},{"@type":"WebSite","@id":"https:\/\/evertonfc.cz\/#website","url":"https:\/\/evertonfc.cz\/","name":"Official Czech &amp; Slovak Everton Supporters&#039; Club","description":"","publisher":{"@id":"https:\/\/evertonfc.cz\/#organization"},"potentialAction":[{"@type":"SearchAction","target":{"@type":"EntryPoint","urlTemplate":"https:\/\/evertonfc.cz\/?s={search_term_string}"},"query-input":{"@type":"PropertyValueSpecification","valueRequired":true,"valueName":"search_term_string"}}],"inLanguage":"cs"},{"@type":"Organization","@id":"https:\/\/evertonfc.cz\/#organization","name":"Official Czech & Slovak Everton Supporters' Club","url":"https:\/\/evertonfc.cz\/","logo":{"@type":"ImageObject","inLanguage":"cs","@id":"https:\/\/evertonfc.cz\/#\/schema\/logo\/image\/","url":"https:\/\/evertonfc.cz\/wp-content\/uploads\/2019\/05\/logo.png","contentUrl":"https:\/\/evertonfc.cz\/wp-content\/uploads\/2019\/05\/logo.png","width":112,"height":112,"caption":"Official Czech & Slovak Everton Supporters' Club"},"image":{"@id":"https:\/\/evertonfc.cz\/#\/schema\/logo\/image\/"},"sameAs":["https:\/\/www.facebook.com\/everton.fans.cz.sk"]},{"@type":"Person","@id":"https:\/\/evertonfc.cz\/#\/schema\/person\/d4493b8cbea51532597fbc4685698916","name":"BlueBlooded","url":"https:\/\/evertonfc.cz\/index.php\/author\/admin\/"}]}},"_links":{"self":[{"href":"https:\/\/evertonfc.cz\/index.php\/wp-json\/wp\/v2\/posts\/7624"}],"collection":[{"href":"https:\/\/evertonfc.cz\/index.php\/wp-json\/wp\/v2\/posts"}],"about":[{"href":"https:\/\/evertonfc.cz\/index.php\/wp-json\/wp\/v2\/types\/post"}],"author":[{"embeddable":true,"href":"https:\/\/evertonfc.cz\/index.php\/wp-json\/wp\/v2\/users\/1"}],"replies":[{"embeddable":true,"href":"https:\/\/evertonfc.cz\/index.php\/wp-json\/wp\/v2\/comments?post=7624"}],"version-history":[{"count":6,"href":"https:\/\/evertonfc.cz\/index.php\/wp-json\/wp\/v2\/posts\/7624\/revisions"}],"predecessor-version":[{"id":7631,"href":"https:\/\/evertonfc.cz\/index.php\/wp-json\/wp\/v2\/posts\/7624\/revisions\/7631"}],"wp:featuredmedia":[{"embeddable":true,"href":"https:\/\/evertonfc.cz\/index.php\/wp-json\/wp\/v2\/media\/7626"}],"wp:attachment":[{"href":"https:\/\/evertonfc.cz\/index.php\/wp-json\/wp\/v2\/media?parent=7624"}],"wp:term":[{"taxonomy":"category","embeddable":true,"href":"https:\/\/evertonfc.cz\/index.php\/wp-json\/wp\/v2\/categories?post=7624"},{"taxonomy":"post_tag","embeddable":true,"href":"https:\/\/evertonfc.cz\/index.php\/wp-json\/wp\/v2\/tags?post=7624"}],"curies":[{"name":"wp","href":"https:\/\/api.w.org\/{rel}","templated":true}]}}