{"id":763,"date":"2017-06-11T21:26:33","date_gmt":"2017-06-11T19:26:33","guid":{"rendered":"http:\/\/evertonfc.cz\/?p=763"},"modified":"2020-02-13T14:48:22","modified_gmt":"2020-02-13T13:48:22","slug":"redakcni-zhodnoceni-sezony-2016-17","status":"publish","type":"post","link":"https:\/\/evertonfc.cz\/index.php\/2017\/06\/11\/redakcni-zhodnoceni-sezony-2016-17\/","title":{"rendered":"Redak\u010dn\u00ed zhodnocen\u00ed sez\u00f3ny 2016\/17"},"content":{"rendered":"<h4>M\u00edstn\u00ed redakto\u0159i BlueBlooded a Javor si na\u0161li \u010das, aby mi zodpov\u011bd\u011bli p\u00e1r ot\u00e1zek o ned\u00e1vn\u00e9 skon\u010den\u00e9 sez\u00f3n\u011b a tak\u00e9 o bl\u00edzk\u00e9 budoucnosti klubu.<\/h4>\n<p><strong>7. m\u00edsto \u2013 brali byste ho p\u0159ed sez\u00f3nou?<\/strong><\/p>\n<p><strong>BlueBlooded:\u00a0<\/strong>Ke\u010f Koeman nastupoval, jasne a dos\u0165 odv\u00e1\u017ene si stanovil za cie\u013e kvalifikovanie sa, na prie\u010dkach zaru\u010duj\u00facich Eur\u00f3psku Ligu. Jasne preto, lebo \u010doko\u013evek in\u00e9, by znehodnocovalo nastupuj\u00face amb\u00edcie klubu, ako tak\u00e9. A pre\u010do odv\u00e1\u017ene, mysl\u00edm, \u017ee ch\u00e1pe ka\u017ed\u00fd z n\u00e1s. V podstate ten ist\u00fd k\u00e1der, so starn\u00facou kostrou, dva roky po sebe skon\u010dil na utr\u00e1penom jeden\u00e1stom mieste. N\u00e1znak stagn\u00e1cie? Povedal by som, \u017ee sk\u00f4r neodvratn\u00e9ho \u00fapadku. Preto v\u00fdjs\u0165 na svetlo sveta futbalu, kde sa ni\u010d neodp\u00fa\u0161\u0165a, so z\u00e1mienkou okam\u017eit\u00e9ho zlep\u0161enia a n\u00e1vratu straten\u00e9ho statusu \u201cbest of the rest\u201d ??? Ja d\u00e1vam trikr\u00e1t \u00e1no!<\/p>\n<p><strong>Javor:\u00a0<\/strong>Ur\u010dit\u011b ano. Cht\u011bl jsem, aby Everton hr\u00e1l evropsk\u00e9 poh\u00e1ry, co\u017e se splnilo. A p\u0159iznejme si, \u017ee na LM z r\u016fzn\u00fdch d\u016fvod\u016f nem\u00e1me.<\/p>\n<p><strong>Nemohlo v\u0161ak b\u00fdt kone\u010dn\u00e9 um\u00edst\u011bn\u00ed o stup\u00ednek lep\u0161\u00ed? Arsenal letos p\u016fsobil zraniteln\u011b, nebo Koeman jednodu\u0161e nemohl v\u00edce vym\u00e1\u010dknout z k\u00e1dru?<\/strong><\/p>\n<p><strong>B:\u00a0<\/strong>Ako Evertonian, v\u017edy je nad \u010d\u00edm frfla\u0165. A ako srdcom a duchom \u0161portovec, st\u00e1le plat\u00ed rovnak\u00e1 rovnica. Samozrejme zamrz\u00ed pri vidine premrhanej pr\u00edle\u017eitosti. A bolo to ur\u010dite c\u00edti\u0165 aj po\u010das sez\u00f3ny. Nielen Arsenal javil zn\u00e1mky opotrebovanosti, dlh\u0161ie sa pot\u00e1ca aj \u010derven\u00fd Manchester. Ak by som si tr\u00fafal niekoho predbehn\u00fa\u0165, boli by to pr\u00e1ve oni. A oh\u013eadom Koemanovej pr\u00e1ce s k\u00e1drom, m\u00e1m pocit, \u017ee v situ\u00e1ci\u00ed akej sa ocitol &#8211; zbabran\u00e9 prestupov\u00e9 obdobie, zranenie k\u013e\u00fa\u010dovej posily &#8211; to spravil najlep\u0161ie, ako mohol. Toto mu\u017estvo sa u\u017e dlh\u0161ie tr\u00e1pi so syndr\u00f3mom straty v\u00ed\u0165aznej mentality a pokia\u013e je m\u00f4j \u00fasudok spr\u00e1vny, tiahne sa to e\u0161te od \u00e9ry Davida Moyesa. \u010cerstv\u00fd pr\u00edklad, ako (ne)motivova\u0165, n\u00e1jdete zost\u00fapen\u00fd na Tyne-Wear.<\/p>\n<p><strong>J:<\/strong>\u00a0Arsenal m\u011bl na sv\u00e9 pom\u011bry v lize ur\u010dit\u011b slab\u0161\u00ed sez\u00f3nu, ale musel by to hodn\u011b zkazit, aby skon\u010dil a\u017e sedm\u00fd. Moment\u00e1ln\u011b lep\u0161\u00ed k\u00e1dr ne\u017e oni nem\u00e1me, tak\u017ee je v po\u0159\u00e1dku, \u017ee jsme skon\u010dili za nimi. Koeman m\u00e1 za sebou prvn\u00ed sez\u00f3nu, ta je v\u017edy aspo\u0148 trochu adapta\u010dn\u00ed. V\u00fdrazn\u011b l\u00e9pe jsme hr\u00e1t nemohli (a m\u00edt v\u00fdrazn\u011b lep\u0161\u00ed v\u00fdsledky), o tom jsem p\u0159esv\u011bd\u010den\u00fd.<\/p>\n<p><strong>Jak v\u016fbec hodnot\u00edte Koemana? Za co si zaslou\u017e\u00ed va\u0161i pochvalu a co byste mu naopak vytkli?<\/strong><\/p>\n<p><strong>B:<\/strong>\u00a0Zmena na poste tr\u00e9nera zo sebou zaka\u017ed\u00fdm prin\u00e1\u0161a \u010derstv\u00fd vietor. Ako do \u0161atne, tak i na tr\u00e1vnik. \u010ci\u017ee, zmeny boli badate\u013en\u00e9 okam\u017eite. A nielen z\u00e1sluhou Koemana samotn\u00e9ho, ale treba spomen\u00fa\u0165 aj jeho brata Erwina, s fitness tr\u00e9nerom, Janom Kluitenbergom, ktor\u00ed ho v\u0161ade nasleduj\u00fa. V prvom rade, kone\u010dne dostal obranu do p\u00f4vodn\u00e9ho stavu, e\u0161te pred rozkladom expanzn\u00fdm futbalom, ktor\u00fd tu tak \u201cskoro \u00faspe\u0161ne\u201d rozv\u00edjal Roberto Mart\u00ednez. S najv\u00e4\u010d\u0161ou odozvou sa to stretlo pr\u00e1ve v Goodison Parku, ktor\u00e9ho meno, je op\u00e4\u0165 vyslovovan\u00e9 s re\u0161pektom. Po druh\u00e9, sa mu z\u00e1sluhy ur\u010dite prip\u00ed\u0161e fakt, \u017ee dok\u00e1zal t\u00edmu vtisn\u00fa\u0165 aj druh\u00fa tv\u00e1r hern\u00e9ho prejavu. Everton v tejto sez\u00f3ne p\u00f4sobil ove\u013ea takticky vyzretej\u0161ie, ako po minul\u00e9 sez\u00f3ny, kedy sa jeho flexibilnos\u0165 pohybovala na \u00farovni bet\u00f3nov\u00e9ho kv\u00e1dru. \u00d3, a nesmiem zabudn\u00fa\u0165 na jeho v\u0161adepr\u00edtomn\u00fa \u00faprimnos\u0165 a zdrav\u00fa sebareflexiu. To si na \u0148om cen\u00edme asi v\u0161etci najviac. A \u010do by som mu vytkol? Ve\u013ek\u00fd plat, \u010derven\u00fd viano\u010dn\u00fd strom\u010dek a dlh\u00e9 dovolenky. Nie, srandujem. \u0160koda, \u017ee sa zamiloval do nespr\u00e1vneho klubu. Teraz nesrandujem. Tak\u017ee, humor bokom. Ani neviem, \u017ee sa hrali nejak\u00e9 dom\u00e1ce poh\u00e1rov\u00e9 s\u00fa\u0165a\u017ee. Na\u0161a \u00fa\u010das\u0165 v nich bola&#8230; nanajv\u00fd\u0161 bleskov\u00e1. Na tom treba rozhodne zapracova\u0165.<\/p>\n<p><strong>J:\u00a0<\/strong>Sp\u00ed\u0161e kladn\u011b. Nemaluje med kolem pusy, nem\u00e1 probl\u00e9m zv\u00fd\u0161it hlas v kabin\u011b, ve\u0159ejn\u00e1 vystoupen\u00ed zvl\u00e1d\u00e1 s inteligenc\u00ed jemu vlastn\u00ed. Kritika? M\u00edrn\u00e1 &#8211; p\u0159\u00edli\u0161 radik\u00e1ln\u00ed \u0159ez. Nepo\u010d\u00edtalo se s Jagielkou, odstavil Lennona (pravda, ten m\u00e1 te\u010f nyn\u00ed nefotbalov\u00e9 starosti) i Deulofeua (jeho pu\u0161t\u011bn\u00ed do rossoneri mi p\u0159i\u0161lo a p\u0159ijde st\u00e1le hodn\u011b lehkov\u00e1\u017en\u00e9). D\u00e1vat \u0161anci mlad\u00fdm je fajn v\u011bc, ale on to p\u0159eh\u00e1n\u00ed.<\/p>\n<p><strong>Holan\u010fan \u010dasto m\u011bnil rozestaven\u00ed, jednou se t\u0159emi stopery, podruh\u00e9 se dv\u011bma. I proto t\u011b\u017eko p\u0159edpokl\u00e1dat rozestaven\u00ed Evertonu pro p\u0159\u00ed\u0161t\u00ed sez\u00f3nu. Jak\u00e9 je ale va\u0161e preferovan\u00e9?<\/strong><\/p>\n<p><strong>B:<\/strong>\u00a0Pod\u013ea m\u0148a sa nebude ni\u010d radik\u00e1lne meni\u0165. Koeman odjak\u017eiva preferoval form\u00e1ciu 4-3-3 a bude v tom zrejme aj pokra\u010dova\u0165. Pre m\u0148a je to rozumn\u00fd sp\u00f4sob, ktor\u00fd dovo\u013euje by\u0165 dominantn\u00fd, kreat\u00edvny a prekvapivo nebezpe\u010dn\u00fd z\u00e1rove\u0148. Sta\u010d\u00ed len zvl\u00e1dnu\u0165 jeho jednotliv\u00e9 vari\u00e1cie a ich obmeny za plnej prev\u00e1dzky. A na to samozrejme potrebujete ten spr\u00e1vny person\u00e1l, \u010do sa uk\u00e1zalo po pr\u00edchode Schneiderlina. Mysl\u00edm, \u017ee striedania so 3-4-3 a jeho defenz\u00edvnymi obmenami, boli skvel\u00e9 kroky zo za\u010diatku sez\u00f3ny, kedy sa mu\u017estvo len zapracov\u00e1valo do nov\u00e9ho syst\u00e9mu a obrana bolo to prv\u00e9, na \u010dom z\u00e1le\u017ealo. Pre m\u0148a osobne len \u0161koda, \u017ee si Holan\u010fan nevytvoril n\u00e1vyk sebe a t\u00edmu, k pravideln\u00e9mu pou\u017e\u00edvaniu t\u00fdchto dvoch osvojen\u00fdch form\u00e1ci\u00ed. Povedzme, \u017ee ich \u010dast\u00e9 striedanie, hlavne na ihrisk\u00e1ch s\u00faperov, v\u00fdsledkom v\u00f4bec nepom\u00e1halo.<\/p>\n<p><strong>J:<\/strong>\u00a0G\u00f3ly vyhr\u00e1vaj\u00ed z\u00e1pasy. Za m\u011b 1-1-8 &#8211; a to by bylo, abychom soupe\u0159e nep\u0159est\u0159\u00edleli!<\/p>\n<p><strong>Kde vid\u00edte nedostatky ve h\u0159e Evertonu?<\/strong><\/p>\n<p><strong>B:<\/strong>\u00a0\u00datok, ofenz\u00edva, invekt\u00edva, \u0161turm! Akoko\u013evek si to pomenujete, za \u0161tyri sez\u00f3ny sme sa stali z\u00e1visl\u00ed, v\u00fdhradne na jednom konkr\u00e9tnom hrotovom \u00fato\u010dn\u00edkovi. \u00c1no, je kr\u00e1sne a romantick\u00e9 ma\u0165 garantovan\u00e9ho strelca v\u00e1\u0161ho srdca, ale na celot\u00edmov\u00fd \u00faspech to jednoducho nesta\u010d\u00ed. A ako aj t\u00e1to sez\u00f3na uk\u00e1zala, niekedy ani na ten jednotliv\u00fd. Ak by Everton podnikal v izol\u00e1ci\u00e1ch, je tradi\u010dnou zna\u010dkou kvality na trhu. Bezkonkuren\u010dn\u00e1 jednotka a finan\u010dn\u00fd \u017eralok. Len\u017ee paraleln\u00e9 vesm\u00edry, zatia\u013e nikto nedok\u00e1zal a tak zub\u00e1ri nemaj\u00fa \u010do s \u00fatokom Karameliek na pr\u00e1ci. Kreat\u00edvnos\u0165 je v\u00fdzva pre n\u00e1borov\u00e9 oddelenie, ktor\u00e9 sa bude sna\u017ei\u0165 bremeno sk\u00f3rovania rozlo\u017ei\u0165 na viac ramien. A aby som nezabudol, treba sa nau\u010di\u0165 neb\u00e1\u0165 strie\u013ea\u0165. Po\u010dul som, \u017ee f\u00f3bie sa daj\u00fa aspo\u0148 potla\u010di\u0165&#8230;<\/p>\n<p><strong>J:<\/strong>\u00a0N\u011bkter\u00e1 m\u00edsta maj\u00ed malou\/\u017e\u00e1dnou konkurenci. Kdo je t\u0159eba hro\u0165\u00e1k \u010d\u00edslo dv\u011b? Lukaku hr\u00e1l od za\u010d\u00e1tku i v z\u00e1pasech, ve kter\u00fdch b\u00fdt nemusel. Nen\u00ed konkurence pro Barkleyho. Kdy\u017e je zran\u011bn\u00fd Coleman, tak tam Koeman d\u00e1 rad\u0161i stopera Holgata ne\u017e prav\u00e9ho obr\u00e1nce Penningtona. Tak\u017ee asi tam. Plus tebou zm\u00edn\u011bn\u00e1 \u010dast\u00e1 zm\u011bna rozestaven\u00ed komplikuje sehranost. A na konec m\u00e9 odpov\u011bdi se vr\u00e1t\u00edm k jej\u00edmu za\u010d\u00e1tku. Tahle sez\u00f3na znamenala velkou z\u00e1vislost na Lukakovi. Kdy\u017e ho soupe\u0159 pokryl, tak jsme nem\u011bli protivn\u00edkovi jak ubl\u00ed\u017eit (\u010dti: vs\u00edtit). Nebo aspo\u0148 ne moc.<\/p>\n<p><strong>T\u0159i nejlep\u0161\u00ed hr\u00e1\u010di Evertonu v sez\u00f3n\u011b 2016\/17?<\/strong><\/p>\n<p><strong>B:<\/strong>\u00a01.Tom Davies &#8211; Mnoh\u00fdmi pova\u017eovan\u00fd za dar z nebies, dnes u\u017e aj na Slovensku kultov\u00e1 postava. Pri\u0161iel, videl, ohromil. V dne\u0161nej dobe, ke\u010f si kluby d\u00e1vaj\u00fa v\u00fdkupn\u00e9 klauzuly aj za upratova\u010dky, by mal pr\u00edpadn\u00fd z\u00e1ujemca o jeho slu\u017eby financova\u0165 v\u0161etky n\u00e1klady spojen\u00e9 s v\u00fdstavbou nov\u00e9ho, ikonick\u00e9ho \u0161tadi\u00f3na na brehu rieky Mersey, na ktorom sa, d\u00fafam, v\u0161etci poctivo podie\u013eate, svojimi n\u00e1zormi, postrehmi v klubov\u00fdch prieskumoch.<\/p>\n<p>2. Idrissa Gueye &#8211; S\u00e1m vojak v poli aneb pes na re\u0165azi. Kde tohto \u010dloveka anglick\u00e9 m\u00e9dia zabudli, to bude bud\u00faca gener\u00e1cia rie\u0161i\u0165 s rovnak\u00fdm z\u00e1palom, ako \u201cu\u017e\u201d oscarov\u00e9ho DiCapria. K\u00fapa sez\u00f3ny? K\u00fapa Premier League! Ost\u00e1va n\u00e1m len potichu veri\u0165, \u017ee si ho \u010falej nebude nikto v\u0161\u00edma\u0165.<\/p>\n<p>3. Romelu Lukaku &#8211; Po\u010dujete to ticho? To je re\u010d \u010d\u00edsel. Ak prep\u00e1\u010dim v\u0161etky jeho ve\u013ekohub\u00e9 prehl\u00e1senia a zanedbate\u013en\u00fd re\u0161pekt k n\u00e1\u0161mu klubu, ktor\u00fd neust\u00e1le prehr\u00e1va boj s jeho mega karieristick\u00fdm egom, m\u00f4\u017eem skon\u0161tatova\u0165, \u017ee po jeho odchode tu tak\u00fd pravdepodobne e\u0161te chv\u00ed\u013eu nebude. Ako vrav\u00edm, chv\u00ed\u013eu.<\/p>\n<p><strong>J:\u00a0<\/strong>Davies, Gueye, Lukaku.<\/p>\n<p><strong>Naopak t\u0159i nejhor\u0161\u00ed?<\/strong><\/p>\n<p><strong>B:<\/strong>\u00a01.Arouna Kon\u00e9 &#8211; Ve\u010dne zranen\u00fd, m\u00e1rny pr\u00edpad. V ka\u017edom okamihu na ihrisku okam\u017eit\u00e1 strata ivest\u00edcie. Pekn\u00e9 spomienky bud\u00fa, ale bohu\u017eia\u013e, zl\u00e9 v\u017edy prev\u00e1\u017ei. Najpozit\u00edvnej\u0161\u00ed pr\u00ednos? Uvo\u013enenie \u010d\u00edsla 9.<\/p>\n<p>2.Darron Gibson &#8211; Zviedol bitku o prv\u00e9 miesto s Kon\u00e9m a \u00faspe\u0161ne. O jeho nedegrad\u00e1ci\u00ed na prv\u00e9 miesto rozhodol z\u00e1ujem Sunderlandu a jeho ochota kone\u010dne od\u00eds\u0165. Nov\u00e1 zmluva pred letom sa uk\u00e1zala, ako mal\u00e9 kompenza\u010dn\u00e9 \u0161ibalstvo vedenia.<\/p>\n<p>3. Marteen Stekelenburg &#8211; Takto si svoj anga\u017em\u00e1n nepredstavoval. Za\u010dal prakticky z protekcie, ako \u010d\u00edslo 1 v br\u00e1ne a u\u017e po p\u00e1r \u010darovn\u00fdch z\u00e1pasoch si z\u00edskal uznanie. Len\u017ee pri\u0161li zranenia, zav\u00e1hania a napokon Joel Robles. Umiestnenie na tomto zozname je trochu tvrd\u00e9, ale zoh\u013ead\u0148uje jeho vyhliadky do bud\u00facna. A ak sa Everton na brank\u00e1rskom poste posiln\u00ed, \u010do je vysoko pravdepodobn\u00e9, lietaj\u00faci Holan\u010fan bude jasn\u00e1 vo\u013eba \u010d\u00edslo 3.<\/p>\n<p><strong>J:\u00a0<\/strong>McCarthy, Mori, Valencia. Existuj\u00ed d\u016fvody, pro\u010d to jsou n\u00e1hradn\u00edci, ale je opravdu t\u011b\u017ek\u00e9 pro m\u011b na tuhle ot\u00e1zku odpov\u011bd\u011bt.<\/p>\n<p><strong>Nejlep\u0161\u00ed posilou byl Gana, na tom asi shodneme. Ka\u017edop\u00e1dn\u011b jeho v\u00fdkony \u0161ly trochu dol\u016f ve druh\u00e9 polovin\u011b ro\u010dn\u00edku. Mohlo to b\u00fdt zp\u016fsobeno rozestaven\u00edm se t\u0159emi st\u0159edopola\u0159i?<\/strong><\/p>\n<p><strong>B:<\/strong>\u00a0Samotn\u00fdm rozostaven\u00edm asi nie, ke\u010f\u017ee na\u0161a z\u00e1lo\u017en\u00e1 rada m\u00e1 len m\u00e1lokedy menej \u010dlenov ako tri a obvykle to b\u00fdva aj viac. Mojou hypot\u00e9zou by bolo sk\u00f4r obsadenie typologicky rovnak\u00fdch\/podobn\u00fdch hr\u00e1\u010dov naraz. Na za\u010diatku sez\u00f3ny, bez Daviesa a Schneiderlina, mal Gana popri spolupr\u00e1ci s Barrym obrovsk\u00e9 mno\u017estvo priestoru na sebaprezentovanie svojich schopnost\u00ed. A Barkley by bol ten posledn\u00fd, ktor\u00fd by mu do toho kafral. Po pr\u00edchode spom\u00ednan\u00e9ho Franc\u00faza a presaden\u00ed sa Daviesa, sa Gana po africkom \u0161ampion\u00e1te vr\u00e1til do preplnen\u00e9ho stredu ihriska, e\u0161te k tomu s rozladenou strunou na svojej hr\u00e1\u010dskej forme. Pok\u00fdm Davies zaujal ofenz\u00edvnej\u0161ie miesto Barkleyho, ktor\u00fd sa na\u0161iel na kr\u00eddle, Schneiderlin mal pole p\u00f4sobnosti zhruba rovnak\u00e9 so Senegal\u010danom. Je preto pochopite\u013en\u00e9, ak si t\u00ed dvaja \u010disto technicky zavadzali na ihrisku. A o to hor\u0161ie, ak obidvaja nie s\u00fa zladen\u00ed rovnakou \u00falohou. Ak Morganom docielite kompaktnos\u0165 a dirigenciu, Ganom riskujete jej stratu za cenu mo\u017en\u00e9ho zisku r\u00fdchleho zvratu v plynut\u00ed hry. Moc komplikovan\u00e9? Dajte vedie\u0165 v koment\u00e1ri. Mysl\u00edm, \u017ee je\/bolo len ot\u00e1zkou \u010dasu, kedy Koeman n\u00e1jde medzi nimi ten spr\u00e1vny konsenzus.<\/p>\n<p><strong>J:\u00a0<\/strong>Ano, m\u016f\u017ee b\u00fdt, \u017ee na tohle rozestaven\u00ed nen\u00ed tak zvykl\u00fd. Ne v\u0161ichni pleje\u0159i dok\u00e1\u017e\u00ed zahr\u00e1t stejn\u011b v r\u016fzn\u00fdch formac\u00edch.<\/p>\n<p><strong>Koho byste se ze sou\u010dasn\u00e9ho k\u00e1dru zbavili?<\/strong><\/p>\n<p><strong>B:\u00a0<\/strong>Aktu\u00e1lne m\u00e1me potvrden\u00e9, \u017ee odi\u0161iel Kon\u00e9, McAleny a McGeady sa chyst\u00e1 tie\u017e. A pravdupovediac, u\u017e sa nie je moc \u010doho zbavova\u0165. S v\u00fdnimkou Niasseho. Bud\u00faci ro\u010dn\u00edk hr\u00e1me \u0161tyri s\u00fa\u0165a\u017ee a nem\u00f4\u017eeme si dovoli\u0165 (ani na to nem\u00e1me peniaze\/\u010das\/z\u00e1zemie) sklada\u0165 nov\u00fa kostru t\u00edmu a za\u010d\u00edna\u0165 od piky, ktor\u00e1 to bude \u0165aha\u0165 nasleduj\u00facu dek\u00e1du. Ako iste viete, Koeman dookola opakuje term\u00edn \u201cprojekt\u201d. Moment\u00e1lnou \u00falohou, je zv\u00fd\u0161i\u0165 kvalitu k\u00e1dru a doplni\u0165 jeho h\u013abku na viacer\u00fdch postoch.<\/p>\n<p><strong>J:\u00a0<\/strong>Asi Barkleyho a Moriho. Zbavili je ale siln\u00e9 slovo. Co se t\u00fdk\u00e1 McCarthyho, tak jsem na pochyb\u00e1ch, p\u0159ece jen na\u0161e \u0161t\u00edty jsou dost n\u00e1chyln\u00e9 ke zran\u011bn\u00ed. Ale jestli n\u00e1m za n\u011bj WBA nab\u00edz\u00ed 12 mega, tak nen\u00ed o \u010dem.<\/p>\n<p><strong>Jak v\u016fbec vid\u00edte mo\u017enosti Evertonu, co se t\u00fd\u010de anga\u017eov\u00e1n\u00ed \u0161pi\u010dkov\u00fdch hr\u00e1\u010d\u016f? Klub vyhla\u0161uje, \u017ee se chce posunout na vy\u0161\u0161\u00ed level, ov\u0161em dva jeho nejlep\u0161\u00ed ofenzivn\u00ed hr\u00e1\u010di \u2013 Barkley a Lukaku \u2013 cht\u011bj\u00ed odej\u00edt. M\u016f\u017ee to ovlivnit rozhodov\u00e1n\u00ed nov\u00fdch posil, to znamen\u00e1, \u017ee Everton bude st\u00e1le vid\u011bn jako takzvan\u00fd t\u00fdm z druh\u00e9ho sledu, v n\u011bm\u017e se trofeje nevyhr\u00e1vaj\u00ed?<\/strong><\/p>\n<p><strong>B:<\/strong>\u00a0Moshiri a spol maj\u00fa jasn\u00fa v\u00edziu. Eur\u00f3pske s\u00fa\u0165a\u017ee prin\u00e1\u0161aj\u00fa prest\u00ed\u017e a taktie\u017e zna\u010dn\u00fd obnos pr\u00edjmov, nielen z odmien, ale aj z mo\u017en\u00fdch sponzorstiev. Prv\u00e9 l\u00e1ka hr\u00e1\u010dov, druh\u00e9 dovo\u013euje si ich zaobstara\u0165. Preto mus\u00ed by\u0165 jasn\u00e9, \u017ee cesta k nov\u00e9mu Ronaldovi, \u010di Messimu v drese Evertonu, e\u0161te nejak\u00fd ten piatok potrv\u00e1. Zatia\u013e vedie cesta zrejme po vzore Lukaka. A to v mlad\u0161\u00edch n\u00e1dejn\u00fdch, ale overen\u00fdch hr\u00e1\u010doch, ktor\u00ed u n\u00e1s maj\u00fa mo\u017enos\u0165 dozrie\u0165 do svetovej \u00farovne, podobne ako on. Inak s\u00fa \u0161pi\u010dkov\u00fd hr\u00e1\u010di moment\u00e1lne na nezaplatenie a pre Everton, na nezaujatie. A ak sa klub uspokoj\u00ed s nadpriemern\u00fdmi \u017eoldniermi, budeme to pre v\u00e4\u010d\u0161ie dobro musie\u0165 akceptova\u0165.<\/p>\n<p>\u010co sa t\u00fdka predaja k\u013e\u00fa\u010dov\u00fdch hr\u00e1\u010dov, nebol by som tak\u00fd skeptick\u00fd, Zl\u00fd dopad to m\u00f4\u017ee ma\u0165 len na s\u00fa\u010dasn\u00fa kab\u00ednu. Povedzme si, ktor\u00fd top \u00fato\u010dn\u00edk, by r\u00e1d pri\u0161iel do klubu, kde u\u017e m\u00e1 zhodou okolnost\u00ed jeden top \u00fato\u010dn\u00edk 4 roky neotrasite\u013en\u00fa poz\u00edciu?<\/p>\n<p><strong>J:\u00a0<\/strong>\u0160pi\u010dkov\u00ed hr\u00e1\u010di cht\u011bj\u00ed hr\u00e1t Ligu mistr\u016f. Tu Everton nab\u00eddnout nem\u016f\u017ee. Rozhodov\u00e1n\u00ed nov\u00fdch posil to samoz\u0159ejm\u011b ovlivn\u00ed a ovliv\u0148uje, to se nezm\u011bn\u00ed pravideln\u00fdm kvalifikov\u00e1n\u00edm se do EL. Zkr\u00e1tka t\u00fdm z druh\u00e9ho sledu jsme a jsme tak vid\u011bni. Co se t\u00fdk\u00e1 t\u011bchto dvou, tak o jejich odchodu v l\u00e9t\u011b nepochybuji (a velmi bych se nasm\u00e1l, kdyby Barkley ode\u0161el do West Hamu, co\u017e jsem taky n\u011bkde \u010detl).<\/p>\n<p><strong>K\u00fdm v\u016fbec nahradit zm\u00edn\u011bn\u00e9 dva odch\u00e1zej\u00edc\u00ed? J\u00e1 navrhuji Klaassena za Barkleyho a dvojici Iheanacho, Simeone za Lukaka.<\/strong><\/p>\n<p><strong>B:\u00a0<\/strong>V prvom rade by som sa poobzeral na dom\u00e1com trhu. Anglick\u00e1 liga je pr\u00edli\u0161 \u0161pecifick\u00e1 na to, aby sme si len tak dotiahli s\u00edce lacnej\u0161\u00edch hr\u00e1\u010dov, ale ktor\u00ed sa bud\u00fa pol roka len adaptova\u0165 na po\u010dasie. A zo zahrani\u010dia nem\u00e1m nasledovan\u00fdch konkr\u00e9tnych hr\u00e1\u010dov, v tejto veci ver\u00edm n\u00e1borov\u00e9mu oddeleniu na \u010dele s p\u00e1nom Walshom. A okrem toho, r\u00e1d sa nech\u00e1vam prekvapi\u0165.<\/p>\n<p><strong>J:<\/strong>\u00a0Simeoneho nakoukan\u00e9ho nem\u00e1m, tak\u017ee ti k n\u011bmu nic nenap\u00ed\u0161u. Pokud bychom z\u00edskali jednoho z dvojice Klaasen-Sigurdsson jako\u017eto n\u00e1hradu za Barkleyho, tak budu spokojen\u00fd. Z p\u0159\u00edchodu Iheanacha bych byl nad\u0161en\u00fd. A voln\u00ed jsou i Costa s Ibrahimovi\u010dem:-))))<\/p>\n<p><strong>A dal\u0161\u00ed posily, \u010di posty, kter\u00e9 pot\u0159ebuj\u00ed nov\u00e1 jm\u00e9na?<\/strong><\/p>\n<p><strong>B:\u00a0<\/strong>R\u00e1d to zorad\u00edm, preto\u017ee platov\u00e9 \u0161trukt\u00fary klubu sa n\u00e1m diametr\u00e1lne odli\u0161uj\u00fa od zvy\u0161ku bohov na Olympe. Tak\u017ee netreba rozhadzova\u0165. Najmenej by ma zauj\u00edmala br\u00e1na a najviac \u00fatok. Potom m\u00e1me celkom pretlak v z\u00e1lohe a medzery, najm\u00e4 vekov\u00e9, v obrane. Ako to sk\u013abi\u0165? \u010cerstvou krvou spohybli\u0165 obranu, kde by malo by\u0165 p\u00e1rovanie veter\u00e1nov zak\u00e1zan\u00e9, aby sa zn\u00ed\u017eil tlak na v\u00fdkony brank\u00e1rov. To by sa odzrkadlilo v zost\u00e1vaj\u00facom rozpo\u010dte na ofenz\u00edvne posily, ktor\u00e9 treba pod\u013ea m\u0148a najviac. A tam r\u00e1tam aj kreat\u00edvnych z\u00e1lo\u017en\u00edkov, \u010d\u00ed kr\u00eddeln\u00edkov. V mojej hlave \u013eahk\u00e1 veda, av\u0161ak a\u017e po vojne budeme v\u0161etci gener\u00e1li.<\/p>\n<p><strong>J:<\/strong>\u00a0Mus\u00ed se rozseknout budoucnost na lev\u00e9m obr\u00e1nci. Everton se mus\u00ed vyj\u00e1d\u0159it, jestli je Garbutt fujky nebo budoucnost. Stoper a\u017e tak neho\u0159\u00ed, by\u0165 Michael Keane z Burnley by mi nevadil. M\u00e1me Gallowaye s Holgatem, v p\u0159\u00edpad\u011b nouze m\u016f\u017ee zasko\u010dit Be\u0161i\u0107 a nedivil bych se, kdyby do budoucna se dozadu st\u00e1hl Barry. Co se t\u00fdk\u00e1 prav\u00e9ho obr\u00e1nce, tak u\u017e se mus\u00edme p\u0159ipravovat na \u017eivot po Colemanovi, navrhuji tam to\u010dit dvojici Kenny-Pennington. K\u0159\u00eddla m\u00e1me solidn\u00ed, samoz\u0159ejm\u011b mus\u00edme naj\u00edt n\u00e1hradu za Lukaka. Osobn\u011b bych se neb\u00e1l d\u00e1t tam na hro\u0165\u00e1ka aspo\u0148 ob\u010das n\u011bkoho z trojice DCL &#8211; Pozrimu\u017e &#8211; Mirallas.<\/p>\n<p><strong>Kdo z akademie se m\u016f\u017ee probojovat do prvn\u00edho t\u00fdmu?<\/strong><\/p>\n<p><strong>B:<\/strong>\u00a0Jednozna\u010dne Jonjoe Kenny a Liam Walsh. Na zmenu re\u017eimu paradoxne najviac doplatil Kieran Dowell. Talent na rozd\u00e1vanie zatia\u013e nesp\u00e1ja s pracovitos\u0165ou na ihrisku a to je to prv\u00e9, \u010do Koemana zauj\u00edma. Len sa sp\u00fdtajte Calverta-Lewina.<\/p>\n<p><strong>J:\u00a0<\/strong>Tak nejv\u00edce se samoz\u0159ejm\u011b nab\u00edz\u00ed dvojice Dowell &#8211; Kenny.<\/p>\n<p><strong>V sez\u00f3n\u011b 2016\/17 Everton skon\u010d\u00ed v lize na\u2026<\/strong><\/p>\n<p><strong>B:<\/strong>\u00a0\u2026prvom mieste. \u010cak\u00e1 sn\u00e1\u010f niekto nie\u010do in\u00e9? COYB<\/p>\n<p><strong>J:<\/strong>\u00a0\u2026m\u00edrn\u00fd vzestup bude pokra\u010dovat. \u0160est\u00e9 m\u00edsto.<\/p>\n","protected":false},"excerpt":{"rendered":"<p>M\u00edstn\u00ed redakto\u0159i BlueBlooded a Javor si na\u0161li \u010das, aby mi zodpov\u011bd\u011bli p\u00e1r ot\u00e1zek o ned\u00e1vn\u00e9 skon\u010den\u00e9 sez\u00f3n\u011b a tak\u00e9 o bl\u00edzk\u00e9 budoucnosti klubu.<\/p>\n","protected":false},"author":6,"featured_media":747,"comment_status":"open","ping_status":"closed","sticky":false,"template":"","format":"standard","meta":{"_eb_attr":"","_monsterinsights_skip_tracking":false,"_monsterinsights_sitenote_active":false,"_monsterinsights_sitenote_note":"","_monsterinsights_sitenote_category":0,"footnotes":""},"categories":[1,15],"tags":[],"yoast_head":"<!-- This site is optimized with the Yoast SEO plugin v23.4 - https:\/\/yoast.com\/wordpress\/plugins\/seo\/ -->\n<title>Redak\u010dn\u00ed zhodnocen\u00ed sez\u00f3ny 2016\/17 - Official Czech &amp; Slovak Everton Supporters&#039; Club<\/title>\n<meta name=\"robots\" content=\"index, follow, max-snippet:-1, max-image-preview:large, max-video-preview:-1\" \/>\n<link rel=\"canonical\" href=\"https:\/\/evertonfc.cz\/index.php\/2017\/06\/11\/redakcni-zhodnoceni-sezony-2016-17\/\" \/>\n<meta property=\"og:locale\" content=\"cs_CZ\" \/>\n<meta property=\"og:type\" content=\"article\" \/>\n<meta property=\"og:title\" content=\"Redak\u010dn\u00ed zhodnocen\u00ed sez\u00f3ny 2016\/17 - Official Czech &amp; Slovak Everton Supporters&#039; Club\" \/>\n<meta property=\"og:description\" content=\"M\u00edstn\u00ed redakto\u0159i BlueBlooded a Javor si na\u0161li \u010das, aby mi zodpov\u011bd\u011bli p\u00e1r ot\u00e1zek o ned\u00e1vn\u00e9 skon\u010den\u00e9 sez\u00f3n\u011b a tak\u00e9 o bl\u00edzk\u00e9 budoucnosti klubu.\" \/>\n<meta property=\"og:url\" content=\"https:\/\/evertonfc.cz\/index.php\/2017\/06\/11\/redakcni-zhodnoceni-sezony-2016-17\/\" \/>\n<meta property=\"og:site_name\" content=\"Official Czech &amp; Slovak Everton Supporters&#039; Club\" \/>\n<meta property=\"article:publisher\" content=\"https:\/\/www.facebook.com\/everton.fans.cz.sk\" \/>\n<meta property=\"article:published_time\" content=\"2017-06-11T19:26:33+00:00\" \/>\n<meta property=\"article:modified_time\" content=\"2020-02-13T13:48:22+00:00\" \/>\n<meta property=\"og:image\" content=\"https:\/\/evertonfc.cz\/wp-content\/uploads\/2019\/01\/sezona_2016_17.jpg\" \/>\n\t<meta property=\"og:image:width\" content=\"720\" \/>\n\t<meta property=\"og:image:height\" content=\"405\" \/>\n\t<meta property=\"og:image:type\" content=\"image\/jpeg\" \/>\n<meta name=\"author\" content=\"Ri\u010di\" \/>\n<meta name=\"twitter:card\" content=\"summary_large_image\" \/>\n<meta name=\"twitter:creator\" content=\"@rbrejsa\" \/>\n<meta name=\"twitter:label1\" content=\"Napsal(a)\" \/>\n\t<meta name=\"twitter:data1\" content=\"Ri\u010di\" \/>\n\t<meta name=\"twitter:label2\" content=\"Odhadovan\u00e1 doba \u010dten\u00ed\" \/>\n\t<meta name=\"twitter:data2\" content=\"15 minut\" \/>\n<script type=\"application\/ld+json\" class=\"yoast-schema-graph\">{\"@context\":\"https:\/\/schema.org\",\"@graph\":[{\"@type\":\"Article\",\"@id\":\"https:\/\/evertonfc.cz\/index.php\/2017\/06\/11\/redakcni-zhodnoceni-sezony-2016-17\/#article\",\"isPartOf\":{\"@id\":\"https:\/\/evertonfc.cz\/index.php\/2017\/06\/11\/redakcni-zhodnoceni-sezony-2016-17\/\"},\"author\":{\"name\":\"Ri\u010di\",\"@id\":\"https:\/\/evertonfc.cz\/#\/schema\/person\/f7a5daedb2ffee98480bc70e191aaef1\"},\"headline\":\"Redak\u010dn\u00ed zhodnocen\u00ed sez\u00f3ny 2016\/17\",\"datePublished\":\"2017-06-11T19:26:33+00:00\",\"dateModified\":\"2020-02-13T13:48:22+00:00\",\"mainEntityOfPage\":{\"@id\":\"https:\/\/evertonfc.cz\/index.php\/2017\/06\/11\/redakcni-zhodnoceni-sezony-2016-17\/\"},\"wordCount\":3042,\"commentCount\":0,\"publisher\":{\"@id\":\"https:\/\/evertonfc.cz\/#organization\"},\"image\":{\"@id\":\"https:\/\/evertonfc.cz\/index.php\/2017\/06\/11\/redakcni-zhodnoceni-sezony-2016-17\/#primaryimage\"},\"thumbnailUrl\":\"https:\/\/evertonfc.cz\/wp-content\/uploads\/2019\/01\/sezona_2016_17.jpg\",\"articleSection\":[\"Rozhovory\",\"Zhodnocen\u00ed sez\u00f3n\"],\"inLanguage\":\"cs\",\"potentialAction\":[{\"@type\":\"CommentAction\",\"name\":\"Comment\",\"target\":[\"https:\/\/evertonfc.cz\/index.php\/2017\/06\/11\/redakcni-zhodnoceni-sezony-2016-17\/#respond\"]}]},{\"@type\":\"WebPage\",\"@id\":\"https:\/\/evertonfc.cz\/index.php\/2017\/06\/11\/redakcni-zhodnoceni-sezony-2016-17\/\",\"url\":\"https:\/\/evertonfc.cz\/index.php\/2017\/06\/11\/redakcni-zhodnoceni-sezony-2016-17\/\",\"name\":\"Redak\u010dn\u00ed zhodnocen\u00ed sez\u00f3ny 2016\/17 - Official Czech &amp; Slovak Everton Supporters&#039; Club\",\"isPartOf\":{\"@id\":\"https:\/\/evertonfc.cz\/#website\"},\"primaryImageOfPage\":{\"@id\":\"https:\/\/evertonfc.cz\/index.php\/2017\/06\/11\/redakcni-zhodnoceni-sezony-2016-17\/#primaryimage\"},\"image\":{\"@id\":\"https:\/\/evertonfc.cz\/index.php\/2017\/06\/11\/redakcni-zhodnoceni-sezony-2016-17\/#primaryimage\"},\"thumbnailUrl\":\"https:\/\/evertonfc.cz\/wp-content\/uploads\/2019\/01\/sezona_2016_17.jpg\",\"datePublished\":\"2017-06-11T19:26:33+00:00\",\"dateModified\":\"2020-02-13T13:48:22+00:00\",\"breadcrumb\":{\"@id\":\"https:\/\/evertonfc.cz\/index.php\/2017\/06\/11\/redakcni-zhodnoceni-sezony-2016-17\/#breadcrumb\"},\"inLanguage\":\"cs\",\"potentialAction\":[{\"@type\":\"ReadAction\",\"target\":[\"https:\/\/evertonfc.cz\/index.php\/2017\/06\/11\/redakcni-zhodnoceni-sezony-2016-17\/\"]}]},{\"@type\":\"ImageObject\",\"inLanguage\":\"cs\",\"@id\":\"https:\/\/evertonfc.cz\/index.php\/2017\/06\/11\/redakcni-zhodnoceni-sezony-2016-17\/#primaryimage\",\"url\":\"https:\/\/evertonfc.cz\/wp-content\/uploads\/2019\/01\/sezona_2016_17.jpg\",\"contentUrl\":\"https:\/\/evertonfc.cz\/wp-content\/uploads\/2019\/01\/sezona_2016_17.jpg\",\"width\":720,\"height\":405},{\"@type\":\"BreadcrumbList\",\"@id\":\"https:\/\/evertonfc.cz\/index.php\/2017\/06\/11\/redakcni-zhodnoceni-sezony-2016-17\/#breadcrumb\",\"itemListElement\":[{\"@type\":\"ListItem\",\"position\":1,\"name\":\"Home\",\"item\":\"https:\/\/evertonfc.cz\/\"},{\"@type\":\"ListItem\",\"position\":2,\"name\":\"Redak\u010dn\u00ed zhodnocen\u00ed sez\u00f3ny 2016\/17\"}]},{\"@type\":\"WebSite\",\"@id\":\"https:\/\/evertonfc.cz\/#website\",\"url\":\"https:\/\/evertonfc.cz\/\",\"name\":\"Official Czech &amp; Slovak Everton Supporters&#039; Club\",\"description\":\"\",\"publisher\":{\"@id\":\"https:\/\/evertonfc.cz\/#organization\"},\"potentialAction\":[{\"@type\":\"SearchAction\",\"target\":{\"@type\":\"EntryPoint\",\"urlTemplate\":\"https:\/\/evertonfc.cz\/?s={search_term_string}\"},\"query-input\":{\"@type\":\"PropertyValueSpecification\",\"valueRequired\":true,\"valueName\":\"search_term_string\"}}],\"inLanguage\":\"cs\"},{\"@type\":\"Organization\",\"@id\":\"https:\/\/evertonfc.cz\/#organization\",\"name\":\"Official Czech & Slovak Everton Supporters' Club\",\"url\":\"https:\/\/evertonfc.cz\/\",\"logo\":{\"@type\":\"ImageObject\",\"inLanguage\":\"cs\",\"@id\":\"https:\/\/evertonfc.cz\/#\/schema\/logo\/image\/\",\"url\":\"https:\/\/evertonfc.cz\/wp-content\/uploads\/2019\/05\/logo.png\",\"contentUrl\":\"https:\/\/evertonfc.cz\/wp-content\/uploads\/2019\/05\/logo.png\",\"width\":112,\"height\":112,\"caption\":\"Official Czech & Slovak Everton Supporters' Club\"},\"image\":{\"@id\":\"https:\/\/evertonfc.cz\/#\/schema\/logo\/image\/\"},\"sameAs\":[\"https:\/\/www.facebook.com\/everton.fans.cz.sk\"]},{\"@type\":\"Person\",\"@id\":\"https:\/\/evertonfc.cz\/#\/schema\/person\/f7a5daedb2ffee98480bc70e191aaef1\",\"name\":\"Ri\u010di\",\"sameAs\":[\"https:\/\/x.com\/rbrejsa\"],\"url\":\"https:\/\/evertonfc.cz\/index.php\/author\/rici\/\"}]}<\/script>\n<!-- \/ Yoast SEO plugin. -->","yoast_head_json":{"title":"Redak\u010dn\u00ed zhodnocen\u00ed sez\u00f3ny 2016\/17 - Official Czech &amp; Slovak Everton Supporters&#039; Club","robots":{"index":"index","follow":"follow","max-snippet":"max-snippet:-1","max-image-preview":"max-image-preview:large","max-video-preview":"max-video-preview:-1"},"canonical":"https:\/\/evertonfc.cz\/index.php\/2017\/06\/11\/redakcni-zhodnoceni-sezony-2016-17\/","og_locale":"cs_CZ","og_type":"article","og_title":"Redak\u010dn\u00ed zhodnocen\u00ed sez\u00f3ny 2016\/17 - Official Czech &amp; Slovak Everton Supporters&#039; Club","og_description":"M\u00edstn\u00ed redakto\u0159i BlueBlooded a Javor si na\u0161li \u010das, aby mi zodpov\u011bd\u011bli p\u00e1r ot\u00e1zek o ned\u00e1vn\u00e9 skon\u010den\u00e9 sez\u00f3n\u011b a tak\u00e9 o bl\u00edzk\u00e9 budoucnosti klubu.","og_url":"https:\/\/evertonfc.cz\/index.php\/2017\/06\/11\/redakcni-zhodnoceni-sezony-2016-17\/","og_site_name":"Official Czech &amp; Slovak Everton Supporters&#039; Club","article_publisher":"https:\/\/www.facebook.com\/everton.fans.cz.sk","article_published_time":"2017-06-11T19:26:33+00:00","article_modified_time":"2020-02-13T13:48:22+00:00","og_image":[{"width":720,"height":405,"url":"https:\/\/evertonfc.cz\/wp-content\/uploads\/2019\/01\/sezona_2016_17.jpg","type":"image\/jpeg"}],"author":"Ri\u010di","twitter_card":"summary_large_image","twitter_creator":"@rbrejsa","twitter_misc":{"Napsal(a)":"Ri\u010di","Odhadovan\u00e1 doba \u010dten\u00ed":"15 minut"},"schema":{"@context":"https:\/\/schema.org","@graph":[{"@type":"Article","@id":"https:\/\/evertonfc.cz\/index.php\/2017\/06\/11\/redakcni-zhodnoceni-sezony-2016-17\/#article","isPartOf":{"@id":"https:\/\/evertonfc.cz\/index.php\/2017\/06\/11\/redakcni-zhodnoceni-sezony-2016-17\/"},"author":{"name":"Ri\u010di","@id":"https:\/\/evertonfc.cz\/#\/schema\/person\/f7a5daedb2ffee98480bc70e191aaef1"},"headline":"Redak\u010dn\u00ed zhodnocen\u00ed sez\u00f3ny 2016\/17","datePublished":"2017-06-11T19:26:33+00:00","dateModified":"2020-02-13T13:48:22+00:00","mainEntityOfPage":{"@id":"https:\/\/evertonfc.cz\/index.php\/2017\/06\/11\/redakcni-zhodnoceni-sezony-2016-17\/"},"wordCount":3042,"commentCount":0,"publisher":{"@id":"https:\/\/evertonfc.cz\/#organization"},"image":{"@id":"https:\/\/evertonfc.cz\/index.php\/2017\/06\/11\/redakcni-zhodnoceni-sezony-2016-17\/#primaryimage"},"thumbnailUrl":"https:\/\/evertonfc.cz\/wp-content\/uploads\/2019\/01\/sezona_2016_17.jpg","articleSection":["Rozhovory","Zhodnocen\u00ed sez\u00f3n"],"inLanguage":"cs","potentialAction":[{"@type":"CommentAction","name":"Comment","target":["https:\/\/evertonfc.cz\/index.php\/2017\/06\/11\/redakcni-zhodnoceni-sezony-2016-17\/#respond"]}]},{"@type":"WebPage","@id":"https:\/\/evertonfc.cz\/index.php\/2017\/06\/11\/redakcni-zhodnoceni-sezony-2016-17\/","url":"https:\/\/evertonfc.cz\/index.php\/2017\/06\/11\/redakcni-zhodnoceni-sezony-2016-17\/","name":"Redak\u010dn\u00ed zhodnocen\u00ed sez\u00f3ny 2016\/17 - Official Czech &amp; Slovak Everton Supporters&#039; Club","isPartOf":{"@id":"https:\/\/evertonfc.cz\/#website"},"primaryImageOfPage":{"@id":"https:\/\/evertonfc.cz\/index.php\/2017\/06\/11\/redakcni-zhodnoceni-sezony-2016-17\/#primaryimage"},"image":{"@id":"https:\/\/evertonfc.cz\/index.php\/2017\/06\/11\/redakcni-zhodnoceni-sezony-2016-17\/#primaryimage"},"thumbnailUrl":"https:\/\/evertonfc.cz\/wp-content\/uploads\/2019\/01\/sezona_2016_17.jpg","datePublished":"2017-06-11T19:26:33+00:00","dateModified":"2020-02-13T13:48:22+00:00","breadcrumb":{"@id":"https:\/\/evertonfc.cz\/index.php\/2017\/06\/11\/redakcni-zhodnoceni-sezony-2016-17\/#breadcrumb"},"inLanguage":"cs","potentialAction":[{"@type":"ReadAction","target":["https:\/\/evertonfc.cz\/index.php\/2017\/06\/11\/redakcni-zhodnoceni-sezony-2016-17\/"]}]},{"@type":"ImageObject","inLanguage":"cs","@id":"https:\/\/evertonfc.cz\/index.php\/2017\/06\/11\/redakcni-zhodnoceni-sezony-2016-17\/#primaryimage","url":"https:\/\/evertonfc.cz\/wp-content\/uploads\/2019\/01\/sezona_2016_17.jpg","contentUrl":"https:\/\/evertonfc.cz\/wp-content\/uploads\/2019\/01\/sezona_2016_17.jpg","width":720,"height":405},{"@type":"BreadcrumbList","@id":"https:\/\/evertonfc.cz\/index.php\/2017\/06\/11\/redakcni-zhodnoceni-sezony-2016-17\/#breadcrumb","itemListElement":[{"@type":"ListItem","position":1,"name":"Home","item":"https:\/\/evertonfc.cz\/"},{"@type":"ListItem","position":2,"name":"Redak\u010dn\u00ed zhodnocen\u00ed sez\u00f3ny 2016\/17"}]},{"@type":"WebSite","@id":"https:\/\/evertonfc.cz\/#website","url":"https:\/\/evertonfc.cz\/","name":"Official Czech &amp; Slovak Everton Supporters&#039; Club","description":"","publisher":{"@id":"https:\/\/evertonfc.cz\/#organization"},"potentialAction":[{"@type":"SearchAction","target":{"@type":"EntryPoint","urlTemplate":"https:\/\/evertonfc.cz\/?s={search_term_string}"},"query-input":{"@type":"PropertyValueSpecification","valueRequired":true,"valueName":"search_term_string"}}],"inLanguage":"cs"},{"@type":"Organization","@id":"https:\/\/evertonfc.cz\/#organization","name":"Official Czech & Slovak Everton Supporters' Club","url":"https:\/\/evertonfc.cz\/","logo":{"@type":"ImageObject","inLanguage":"cs","@id":"https:\/\/evertonfc.cz\/#\/schema\/logo\/image\/","url":"https:\/\/evertonfc.cz\/wp-content\/uploads\/2019\/05\/logo.png","contentUrl":"https:\/\/evertonfc.cz\/wp-content\/uploads\/2019\/05\/logo.png","width":112,"height":112,"caption":"Official Czech & Slovak Everton Supporters' Club"},"image":{"@id":"https:\/\/evertonfc.cz\/#\/schema\/logo\/image\/"},"sameAs":["https:\/\/www.facebook.com\/everton.fans.cz.sk"]},{"@type":"Person","@id":"https:\/\/evertonfc.cz\/#\/schema\/person\/f7a5daedb2ffee98480bc70e191aaef1","name":"Ri\u010di","sameAs":["https:\/\/x.com\/rbrejsa"],"url":"https:\/\/evertonfc.cz\/index.php\/author\/rici\/"}]}},"_links":{"self":[{"href":"https:\/\/evertonfc.cz\/index.php\/wp-json\/wp\/v2\/posts\/763"}],"collection":[{"href":"https:\/\/evertonfc.cz\/index.php\/wp-json\/wp\/v2\/posts"}],"about":[{"href":"https:\/\/evertonfc.cz\/index.php\/wp-json\/wp\/v2\/types\/post"}],"author":[{"embeddable":true,"href":"https:\/\/evertonfc.cz\/index.php\/wp-json\/wp\/v2\/users\/6"}],"replies":[{"embeddable":true,"href":"https:\/\/evertonfc.cz\/index.php\/wp-json\/wp\/v2\/comments?post=763"}],"version-history":[{"count":3,"href":"https:\/\/evertonfc.cz\/index.php\/wp-json\/wp\/v2\/posts\/763\/revisions"}],"predecessor-version":[{"id":10291,"href":"https:\/\/evertonfc.cz\/index.php\/wp-json\/wp\/v2\/posts\/763\/revisions\/10291"}],"wp:featuredmedia":[{"embeddable":true,"href":"https:\/\/evertonfc.cz\/index.php\/wp-json\/wp\/v2\/media\/747"}],"wp:attachment":[{"href":"https:\/\/evertonfc.cz\/index.php\/wp-json\/wp\/v2\/media?parent=763"}],"wp:term":[{"taxonomy":"category","embeddable":true,"href":"https:\/\/evertonfc.cz\/index.php\/wp-json\/wp\/v2\/categories?post=763"},{"taxonomy":"post_tag","embeddable":true,"href":"https:\/\/evertonfc.cz\/index.php\/wp-json\/wp\/v2\/tags?post=763"}],"curies":[{"name":"wp","href":"https:\/\/api.w.org\/{rel}","templated":true}]}}