{"id":7639,"date":"2019-04-30T08:00:25","date_gmt":"2019-04-30T06:00:25","guid":{"rendered":"https:\/\/evertonfc.cz\/?p=7639"},"modified":"2020-04-28T15:53:32","modified_gmt":"2020-04-28T13:53:32","slug":"davies-podpisal-do-2023","status":"publish","type":"post","link":"https:\/\/evertonfc.cz\/index.php\/2019\/04\/30\/davies-podpisal-do-2023\/","title":{"rendered":"Davies podp\u00edsal do 2023"},"content":{"rendered":"<h4>Produkt akad\u00e9mie Evertonu, ktor\u00fd v j\u00fani osl\u00e1vi 21. narodeniny, ver\u00ed, \u017ee v klube pod veden\u00edm Marca Silvu m\u00f4\u017ee dosiahnu\u0165 svoj skuto\u010dn\u00fd potenci\u00e1l.<\/h4>\n<p>T\u00e1to spr\u00e1va pri\u0161la prakticky ne\u010dakane. Stal sa s\u00edce najmlad\u0161\u00edm kapit\u00e1nom v hist\u00f3rii Karameliek, ke\u010f v auguste natiahol na ruk\u00e1v povestn\u00fa p\u00e1sku v ligovom poh\u00e1ri, ale m\u00f4\u017eeme kon\u0161tatova\u0165, \u017ee neza\u017e\u00edva najlep\u0161iu sez\u00f3nu. Od jeho prelomu do prv\u00e9ho t\u00edmu pred tromi rokmi panuje v k\u00e1dri azda najv\u00e4\u010d\u0161ia konkurencia a odzrkadlilo sa to aj na minut\u00e1\u017ei tohto ml\u00e1de\u017en\u00edckeho reprezentanta Anglicka do 21 rokov.<\/p>\n<p>T\u00fato sez\u00f3nu zasiahol len do dev\u00e4tn\u00e1stich stretnut\u00ed vo v\u0161etk\u00fdch s\u00fa\u0165a\u017eiach a prip\u00edsal si len solit\u00e1rnu asistenciu za 1 200 odohran\u00fdch min\u00fat. A dve kol\u00e1 pred koncom marat\u00f3nu Premier League je jasn\u00e9, \u017ee tieto \u010d\u00edsla sa ani z\u010faleka nepribl\u00ed\u017eia k t\u00fdm, ktor\u00e9 si zaknihoval v predo\u0161l\u00fdch dvoch sez\u00f3nach pod veden\u00edm Koemana \u010di Allardycea.<\/p>\n<p>V tej minulej odohral dokonca dvojn\u00e1sobok, \u010do je paradoxn\u00e9 vzh\u013eadom na fakt, \u017ee v s\u00fa\u010dasnosti m\u00e1 probl\u00e9m dosta\u0165 sa v\u00f4bec na lavi\u010dku. Av\u0161ak ani to ho neodradilo od spojenia svojej bud\u00facnosti s Evertonom. Nov\u00fd \u0161tvorro\u010dn\u00fd kontrakt by mu mal pod\u013ea z\u00e1kulisn\u00fdch inform\u00e1cii poskytn\u00fa\u0165 z\u00e1ruky o hernej vy\u0165a\u017eenosti a samozrejme vylep\u0161en\u00e9 platov\u00e9 podmienky.<\/p>\n<h4>Tom Davies:<\/h4>\n<blockquote><p><em>\u201eSom nad\u0161en\u00fd podpisom novej zmluvy. Je to v\u0161etko, \u010do som kedy chcel u\u017e ako die\u0165a a som naozaj \u0161\u0165astn\u00fd. C\u00edtim, \u017ee klub mi ver\u00ed a uk\u00e1zali mi to pon\u00faknut\u00edm tohto kontraktu. Po cel\u00fd \u010das sa zlep\u0161ujem a toto je miesto, kde c\u00edtim, \u017ee sa m\u00f4\u017eem rozvin\u00fa\u0165 naplno. Tu chcem by\u0165. Za\u017eil som tu ve\u013ek\u00e9 momenty a chcem v tom pokra\u010dova\u0165, uk\u00e1za\u0165 \u013eu\u010fom, ak\u00fd som dobr\u00fd. Mojou amb\u00edciou v\u017edy bolo s Evertonom nie\u010do vyhra\u0165. R\u00e1d by som to splnil a viem, \u017ee v\u0161etci ostatn\u00ed v \u0161atni tie\u017e.\u201c<\/em><\/p><\/blockquote>\n<p>Na margo Evertoniana, ktor\u00fd v klube p\u00f4sob\u00ed od svojich jeden\u00e1stich rokov a fan\u00fa\u0161ikov bav\u00ed v\u00fdletmi stredom mesta na <a href=\"https:\/\/twitter.com\/evertonnewsfeed\/status\/1021772965304836096\" target=\"_blank\" rel=\"noopener noreferrer\">skateboarde<\/a>, <a href=\"https:\/\/www.liverpoolecho.co.uk\/sport\/football\/football-news\/tom-davies-evertons-new-street-14912654\" target=\"_blank\" rel=\"noopener noreferrer\">streetfutbalom<\/a> s kamar\u00e1tmi alebo <a href=\"https:\/\/royalbluemersey.sbnation.com\/2018\/9\/6\/17825192\/tom-davies-is-a-fashion-icon-everton-great-alan-whittle-nephew-youngest-ever-captain\" target=\"_blank\" rel=\"noopener noreferrer\">kultov\u00fdm oble\u010den\u00edm<\/a>, mal \u010do poveda\u0165 jeho mana\u017e\u00e9r.<\/p>\n<h4>Marco Silva:<\/h4>\n<blockquote><p><em>\u201eJe ve\u013emi d\u00f4le\u017eit\u00e9 udr\u017ea\u0165 Tomovu bud\u00facnos\u0165 tu s Evertonom. Je to pre n\u00e1s d\u00f4le\u017eit\u00fd hr\u00e1\u010d a ur\u010dite sa bude len zlep\u0161ova\u0165. Mal ve\u013emi dobr\u00e9 momenty v tejto sez\u00f3ne, robil kapit\u00e1na t\u00edmu a prevzal t\u00fdm na plecia ve\u013ek\u00fa zodpovednos\u0165. Dokonca aj ke\u010f nehral, preto\u017ee konkurencia je naozaj tvrd\u00e1, preuk\u00e1zal t\u00fa\u017ebu pracova\u0165 naplno ako v\u017edy. Je to hr\u00e1\u010d z na\u0161ej akad\u00e9mie, miluje klub a bude d\u00f4le\u017eit\u00fdm \u010dl\u00e1nkom v nasleduj\u00facich rokoch.\u201c<\/em><\/p><\/blockquote>\n<p style=\"text-align: right;\">(foto zdroj: evertonfc.com)<\/p>\n","protected":false},"excerpt":{"rendered":"<p>Produkt akad\u00e9mie Evertonu, ktor\u00fd v j\u00fani osl\u00e1vi 21. narodeniny, ver\u00ed, \u017ee v klube pod veden\u00edm Marca Silvu m\u00f4\u017ee dosiahnu\u0165 svoj skuto\u010dn\u00fd potenci\u00e1l.<\/p>\n","protected":false},"author":1,"featured_media":7640,"comment_status":"open","ping_status":"closed","sticky":false,"template":"","format":"standard","meta":{"_eb_attr":"","_monsterinsights_skip_tracking":false,"_monsterinsights_sitenote_active":false,"_monsterinsights_sitenote_note":"","_monsterinsights_sitenote_category":0,"footnotes":""},"categories":[42],"tags":[],"yoast_head":"<!-- This site is optimized with the Yoast SEO plugin v23.4 - https:\/\/yoast.com\/wordpress\/plugins\/seo\/ -->\n<title>Davies podp\u00edsal do 2023 - Official Czech &amp; Slovak Everton Supporters&#039; Club<\/title>\n<meta name=\"robots\" content=\"index, follow, max-snippet:-1, max-image-preview:large, max-video-preview:-1\" \/>\n<link rel=\"canonical\" href=\"https:\/\/evertonfc.cz\/index.php\/2019\/04\/30\/davies-podpisal-do-2023\/\" \/>\n<meta property=\"og:locale\" content=\"cs_CZ\" \/>\n<meta property=\"og:type\" content=\"article\" \/>\n<meta property=\"og:title\" content=\"Davies podp\u00edsal do 2023 - Official Czech &amp; Slovak Everton Supporters&#039; Club\" \/>\n<meta property=\"og:description\" content=\"Produkt akad\u00e9mie Evertonu, ktor\u00fd v j\u00fani osl\u00e1vi 21. narodeniny, ver\u00ed, \u017ee v klube pod veden\u00edm Marca Silvu m\u00f4\u017ee dosiahnu\u0165 svoj skuto\u010dn\u00fd potenci\u00e1l.\" \/>\n<meta property=\"og:url\" content=\"https:\/\/evertonfc.cz\/index.php\/2019\/04\/30\/davies-podpisal-do-2023\/\" \/>\n<meta property=\"og:site_name\" content=\"Official Czech &amp; Slovak Everton Supporters&#039; Club\" \/>\n<meta property=\"article:publisher\" content=\"https:\/\/www.facebook.com\/everton.fans.cz.sk\" \/>\n<meta property=\"article:published_time\" content=\"2019-04-30T06:00:25+00:00\" \/>\n<meta property=\"article:modified_time\" content=\"2020-04-28T13:53:32+00:00\" \/>\n<meta property=\"og:image\" content=\"https:\/\/evertonfc.cz\/wp-content\/uploads\/2019\/04\/davies-brands-29-4-2019.jpg\" \/>\n\t<meta property=\"og:image:width\" content=\"720\" \/>\n\t<meta property=\"og:image:height\" content=\"405\" \/>\n\t<meta property=\"og:image:type\" content=\"image\/jpeg\" \/>\n<meta name=\"author\" content=\"BlueBlooded\" \/>\n<meta name=\"twitter:card\" content=\"summary_large_image\" \/>\n<meta name=\"twitter:label1\" content=\"Napsal(a)\" \/>\n\t<meta name=\"twitter:data1\" content=\"BlueBlooded\" \/>\n\t<meta name=\"twitter:label2\" content=\"Odhadovan\u00e1 doba \u010dten\u00ed\" \/>\n\t<meta name=\"twitter:data2\" content=\"2 minuty\" \/>\n<script type=\"application\/ld+json\" class=\"yoast-schema-graph\">{\"@context\":\"https:\/\/schema.org\",\"@graph\":[{\"@type\":\"Article\",\"@id\":\"https:\/\/evertonfc.cz\/index.php\/2019\/04\/30\/davies-podpisal-do-2023\/#article\",\"isPartOf\":{\"@id\":\"https:\/\/evertonfc.cz\/index.php\/2019\/04\/30\/davies-podpisal-do-2023\/\"},\"author\":{\"name\":\"BlueBlooded\",\"@id\":\"https:\/\/evertonfc.cz\/#\/schema\/person\/d4493b8cbea51532597fbc4685698916\"},\"headline\":\"Davies podp\u00edsal do 2023\",\"datePublished\":\"2019-04-30T06:00:25+00:00\",\"dateModified\":\"2020-04-28T13:53:32+00:00\",\"mainEntityOfPage\":{\"@id\":\"https:\/\/evertonfc.cz\/index.php\/2019\/04\/30\/davies-podpisal-do-2023\/\"},\"wordCount\":502,\"commentCount\":3,\"publisher\":{\"@id\":\"https:\/\/evertonfc.cz\/#organization\"},\"image\":{\"@id\":\"https:\/\/evertonfc.cz\/index.php\/2019\/04\/30\/davies-podpisal-do-2023\/#primaryimage\"},\"thumbnailUrl\":\"https:\/\/evertonfc.cz\/wp-content\/uploads\/2019\/04\/davies-brands-29-4-2019.jpg\",\"articleSection\":[\"Aktuality\"],\"inLanguage\":\"cs\",\"potentialAction\":[{\"@type\":\"CommentAction\",\"name\":\"Comment\",\"target\":[\"https:\/\/evertonfc.cz\/index.php\/2019\/04\/30\/davies-podpisal-do-2023\/#respond\"]}]},{\"@type\":\"WebPage\",\"@id\":\"https:\/\/evertonfc.cz\/index.php\/2019\/04\/30\/davies-podpisal-do-2023\/\",\"url\":\"https:\/\/evertonfc.cz\/index.php\/2019\/04\/30\/davies-podpisal-do-2023\/\",\"name\":\"Davies podp\u00edsal do 2023 - Official Czech &amp; Slovak Everton Supporters&#039; Club\",\"isPartOf\":{\"@id\":\"https:\/\/evertonfc.cz\/#website\"},\"primaryImageOfPage\":{\"@id\":\"https:\/\/evertonfc.cz\/index.php\/2019\/04\/30\/davies-podpisal-do-2023\/#primaryimage\"},\"image\":{\"@id\":\"https:\/\/evertonfc.cz\/index.php\/2019\/04\/30\/davies-podpisal-do-2023\/#primaryimage\"},\"thumbnailUrl\":\"https:\/\/evertonfc.cz\/wp-content\/uploads\/2019\/04\/davies-brands-29-4-2019.jpg\",\"datePublished\":\"2019-04-30T06:00:25+00:00\",\"dateModified\":\"2020-04-28T13:53:32+00:00\",\"breadcrumb\":{\"@id\":\"https:\/\/evertonfc.cz\/index.php\/2019\/04\/30\/davies-podpisal-do-2023\/#breadcrumb\"},\"inLanguage\":\"cs\",\"potentialAction\":[{\"@type\":\"ReadAction\",\"target\":[\"https:\/\/evertonfc.cz\/index.php\/2019\/04\/30\/davies-podpisal-do-2023\/\"]}]},{\"@type\":\"ImageObject\",\"inLanguage\":\"cs\",\"@id\":\"https:\/\/evertonfc.cz\/index.php\/2019\/04\/30\/davies-podpisal-do-2023\/#primaryimage\",\"url\":\"https:\/\/evertonfc.cz\/wp-content\/uploads\/2019\/04\/davies-brands-29-4-2019.jpg\",\"contentUrl\":\"https:\/\/evertonfc.cz\/wp-content\/uploads\/2019\/04\/davies-brands-29-4-2019.jpg\",\"width\":720,\"height\":405},{\"@type\":\"BreadcrumbList\",\"@id\":\"https:\/\/evertonfc.cz\/index.php\/2019\/04\/30\/davies-podpisal-do-2023\/#breadcrumb\",\"itemListElement\":[{\"@type\":\"ListItem\",\"position\":1,\"name\":\"Home\",\"item\":\"https:\/\/evertonfc.cz\/\"},{\"@type\":\"ListItem\",\"position\":2,\"name\":\"Davies podp\u00edsal do 2023\"}]},{\"@type\":\"WebSite\",\"@id\":\"https:\/\/evertonfc.cz\/#website\",\"url\":\"https:\/\/evertonfc.cz\/\",\"name\":\"Official Czech &amp; Slovak Everton Supporters&#039; Club\",\"description\":\"\",\"publisher\":{\"@id\":\"https:\/\/evertonfc.cz\/#organization\"},\"potentialAction\":[{\"@type\":\"SearchAction\",\"target\":{\"@type\":\"EntryPoint\",\"urlTemplate\":\"https:\/\/evertonfc.cz\/?s={search_term_string}\"},\"query-input\":{\"@type\":\"PropertyValueSpecification\",\"valueRequired\":true,\"valueName\":\"search_term_string\"}}],\"inLanguage\":\"cs\"},{\"@type\":\"Organization\",\"@id\":\"https:\/\/evertonfc.cz\/#organization\",\"name\":\"Official Czech & Slovak Everton Supporters' Club\",\"url\":\"https:\/\/evertonfc.cz\/\",\"logo\":{\"@type\":\"ImageObject\",\"inLanguage\":\"cs\",\"@id\":\"https:\/\/evertonfc.cz\/#\/schema\/logo\/image\/\",\"url\":\"https:\/\/evertonfc.cz\/wp-content\/uploads\/2019\/05\/logo.png\",\"contentUrl\":\"https:\/\/evertonfc.cz\/wp-content\/uploads\/2019\/05\/logo.png\",\"width\":112,\"height\":112,\"caption\":\"Official Czech & Slovak Everton Supporters' Club\"},\"image\":{\"@id\":\"https:\/\/evertonfc.cz\/#\/schema\/logo\/image\/\"},\"sameAs\":[\"https:\/\/www.facebook.com\/everton.fans.cz.sk\"]},{\"@type\":\"Person\",\"@id\":\"https:\/\/evertonfc.cz\/#\/schema\/person\/d4493b8cbea51532597fbc4685698916\",\"name\":\"BlueBlooded\",\"url\":\"https:\/\/evertonfc.cz\/index.php\/author\/admin\/\"}]}<\/script>\n<!-- \/ Yoast SEO plugin. -->","yoast_head_json":{"title":"Davies podp\u00edsal do 2023 - Official Czech &amp; Slovak Everton Supporters&#039; Club","robots":{"index":"index","follow":"follow","max-snippet":"max-snippet:-1","max-image-preview":"max-image-preview:large","max-video-preview":"max-video-preview:-1"},"canonical":"https:\/\/evertonfc.cz\/index.php\/2019\/04\/30\/davies-podpisal-do-2023\/","og_locale":"cs_CZ","og_type":"article","og_title":"Davies podp\u00edsal do 2023 - Official Czech &amp; Slovak Everton Supporters&#039; Club","og_description":"Produkt akad\u00e9mie Evertonu, ktor\u00fd v j\u00fani osl\u00e1vi 21. narodeniny, ver\u00ed, \u017ee v klube pod veden\u00edm Marca Silvu m\u00f4\u017ee dosiahnu\u0165 svoj skuto\u010dn\u00fd potenci\u00e1l.","og_url":"https:\/\/evertonfc.cz\/index.php\/2019\/04\/30\/davies-podpisal-do-2023\/","og_site_name":"Official Czech &amp; Slovak Everton Supporters&#039; Club","article_publisher":"https:\/\/www.facebook.com\/everton.fans.cz.sk","article_published_time":"2019-04-30T06:00:25+00:00","article_modified_time":"2020-04-28T13:53:32+00:00","og_image":[{"width":720,"height":405,"url":"https:\/\/evertonfc.cz\/wp-content\/uploads\/2019\/04\/davies-brands-29-4-2019.jpg","type":"image\/jpeg"}],"author":"BlueBlooded","twitter_card":"summary_large_image","twitter_misc":{"Napsal(a)":"BlueBlooded","Odhadovan\u00e1 doba \u010dten\u00ed":"2 minuty"},"schema":{"@context":"https:\/\/schema.org","@graph":[{"@type":"Article","@id":"https:\/\/evertonfc.cz\/index.php\/2019\/04\/30\/davies-podpisal-do-2023\/#article","isPartOf":{"@id":"https:\/\/evertonfc.cz\/index.php\/2019\/04\/30\/davies-podpisal-do-2023\/"},"author":{"name":"BlueBlooded","@id":"https:\/\/evertonfc.cz\/#\/schema\/person\/d4493b8cbea51532597fbc4685698916"},"headline":"Davies podp\u00edsal do 2023","datePublished":"2019-04-30T06:00:25+00:00","dateModified":"2020-04-28T13:53:32+00:00","mainEntityOfPage":{"@id":"https:\/\/evertonfc.cz\/index.php\/2019\/04\/30\/davies-podpisal-do-2023\/"},"wordCount":502,"commentCount":3,"publisher":{"@id":"https:\/\/evertonfc.cz\/#organization"},"image":{"@id":"https:\/\/evertonfc.cz\/index.php\/2019\/04\/30\/davies-podpisal-do-2023\/#primaryimage"},"thumbnailUrl":"https:\/\/evertonfc.cz\/wp-content\/uploads\/2019\/04\/davies-brands-29-4-2019.jpg","articleSection":["Aktuality"],"inLanguage":"cs","potentialAction":[{"@type":"CommentAction","name":"Comment","target":["https:\/\/evertonfc.cz\/index.php\/2019\/04\/30\/davies-podpisal-do-2023\/#respond"]}]},{"@type":"WebPage","@id":"https:\/\/evertonfc.cz\/index.php\/2019\/04\/30\/davies-podpisal-do-2023\/","url":"https:\/\/evertonfc.cz\/index.php\/2019\/04\/30\/davies-podpisal-do-2023\/","name":"Davies podp\u00edsal do 2023 - Official Czech &amp; Slovak Everton Supporters&#039; Club","isPartOf":{"@id":"https:\/\/evertonfc.cz\/#website"},"primaryImageOfPage":{"@id":"https:\/\/evertonfc.cz\/index.php\/2019\/04\/30\/davies-podpisal-do-2023\/#primaryimage"},"image":{"@id":"https:\/\/evertonfc.cz\/index.php\/2019\/04\/30\/davies-podpisal-do-2023\/#primaryimage"},"thumbnailUrl":"https:\/\/evertonfc.cz\/wp-content\/uploads\/2019\/04\/davies-brands-29-4-2019.jpg","datePublished":"2019-04-30T06:00:25+00:00","dateModified":"2020-04-28T13:53:32+00:00","breadcrumb":{"@id":"https:\/\/evertonfc.cz\/index.php\/2019\/04\/30\/davies-podpisal-do-2023\/#breadcrumb"},"inLanguage":"cs","potentialAction":[{"@type":"ReadAction","target":["https:\/\/evertonfc.cz\/index.php\/2019\/04\/30\/davies-podpisal-do-2023\/"]}]},{"@type":"ImageObject","inLanguage":"cs","@id":"https:\/\/evertonfc.cz\/index.php\/2019\/04\/30\/davies-podpisal-do-2023\/#primaryimage","url":"https:\/\/evertonfc.cz\/wp-content\/uploads\/2019\/04\/davies-brands-29-4-2019.jpg","contentUrl":"https:\/\/evertonfc.cz\/wp-content\/uploads\/2019\/04\/davies-brands-29-4-2019.jpg","width":720,"height":405},{"@type":"BreadcrumbList","@id":"https:\/\/evertonfc.cz\/index.php\/2019\/04\/30\/davies-podpisal-do-2023\/#breadcrumb","itemListElement":[{"@type":"ListItem","position":1,"name":"Home","item":"https:\/\/evertonfc.cz\/"},{"@type":"ListItem","position":2,"name":"Davies podp\u00edsal do 2023"}]},{"@type":"WebSite","@id":"https:\/\/evertonfc.cz\/#website","url":"https:\/\/evertonfc.cz\/","name":"Official Czech &amp; Slovak Everton Supporters&#039; Club","description":"","publisher":{"@id":"https:\/\/evertonfc.cz\/#organization"},"potentialAction":[{"@type":"SearchAction","target":{"@type":"EntryPoint","urlTemplate":"https:\/\/evertonfc.cz\/?s={search_term_string}"},"query-input":{"@type":"PropertyValueSpecification","valueRequired":true,"valueName":"search_term_string"}}],"inLanguage":"cs"},{"@type":"Organization","@id":"https:\/\/evertonfc.cz\/#organization","name":"Official Czech & Slovak Everton Supporters' Club","url":"https:\/\/evertonfc.cz\/","logo":{"@type":"ImageObject","inLanguage":"cs","@id":"https:\/\/evertonfc.cz\/#\/schema\/logo\/image\/","url":"https:\/\/evertonfc.cz\/wp-content\/uploads\/2019\/05\/logo.png","contentUrl":"https:\/\/evertonfc.cz\/wp-content\/uploads\/2019\/05\/logo.png","width":112,"height":112,"caption":"Official Czech & Slovak Everton Supporters' Club"},"image":{"@id":"https:\/\/evertonfc.cz\/#\/schema\/logo\/image\/"},"sameAs":["https:\/\/www.facebook.com\/everton.fans.cz.sk"]},{"@type":"Person","@id":"https:\/\/evertonfc.cz\/#\/schema\/person\/d4493b8cbea51532597fbc4685698916","name":"BlueBlooded","url":"https:\/\/evertonfc.cz\/index.php\/author\/admin\/"}]}},"_links":{"self":[{"href":"https:\/\/evertonfc.cz\/index.php\/wp-json\/wp\/v2\/posts\/7639"}],"collection":[{"href":"https:\/\/evertonfc.cz\/index.php\/wp-json\/wp\/v2\/posts"}],"about":[{"href":"https:\/\/evertonfc.cz\/index.php\/wp-json\/wp\/v2\/types\/post"}],"author":[{"embeddable":true,"href":"https:\/\/evertonfc.cz\/index.php\/wp-json\/wp\/v2\/users\/1"}],"replies":[{"embeddable":true,"href":"https:\/\/evertonfc.cz\/index.php\/wp-json\/wp\/v2\/comments?post=7639"}],"version-history":[{"count":11,"href":"https:\/\/evertonfc.cz\/index.php\/wp-json\/wp\/v2\/posts\/7639\/revisions"}],"predecessor-version":[{"id":10938,"href":"https:\/\/evertonfc.cz\/index.php\/wp-json\/wp\/v2\/posts\/7639\/revisions\/10938"}],"wp:featuredmedia":[{"embeddable":true,"href":"https:\/\/evertonfc.cz\/index.php\/wp-json\/wp\/v2\/media\/7640"}],"wp:attachment":[{"href":"https:\/\/evertonfc.cz\/index.php\/wp-json\/wp\/v2\/media?parent=7639"}],"wp:term":[{"taxonomy":"category","embeddable":true,"href":"https:\/\/evertonfc.cz\/index.php\/wp-json\/wp\/v2\/categories?post=7639"},{"taxonomy":"post_tag","embeddable":true,"href":"https:\/\/evertonfc.cz\/index.php\/wp-json\/wp\/v2\/tags?post=7639"}],"curies":[{"name":"wp","href":"https:\/\/api.w.org\/{rel}","templated":true}]}}