{"id":7655,"date":"2019-05-02T08:00:27","date_gmt":"2019-05-02T06:00:27","guid":{"rendered":"https:\/\/evertonfc.cz\/?p=7655"},"modified":"2020-04-28T16:01:52","modified_gmt":"2020-04-28T14:01:52","slug":"europa-gylfimu-nestaci","status":"publish","type":"post","link":"https:\/\/evertonfc.cz\/index.php\/2019\/05\/02\/europa-gylfimu-nestaci\/","title":{"rendered":"Eur\u00f3pa Gylfimu nesta\u010d\u00ed"},"content":{"rendered":"<h4>Pred posledn\u00fdm z\u00e1pasom tejto sez\u00f3ny v Goodison Parku prezradil Sigurdsson pre Sky Sports, \u017ee kvalifik\u00e1cia do kontinent\u00e1lnych s\u00fa\u0165a\u017e\u00ed neznamen\u00e1 \u00faspech.<\/h4>\n<p>Ako povedal islandsk\u00fd stredopoliar, s\u00e1m je prekvapen\u00fd, \u017ee sme v\u00f4bec ocitli \u010do i len v teoretickej \u0161anci o kvalifik\u00e1ciu do predk\u00f4l druhej kontinent\u00e1lnej s\u00fa\u0165a\u017ee. D\u00f4vod v\u00e1m povie s\u00e1m.<\/p>\n<blockquote><p><em>\u201eNemalo by to by\u0165 mo\u017en\u00e9 s prvou polkou sez\u00f3ny, ak\u00fa sme mali. Stratili sme pr\u00edli\u0161 ve\u013ea bodov s t\u00edmami okolo n\u00e1s, alebo pod nami. Ale ukazuje sa, \u017ee ke\u010f d\u00e1te dokopy s\u00e9riu v\u00fdsledkov, ve\u013emi r\u00fdchlo sa m\u00f4\u017eete vy\u0161plha\u0165 hore tabu\u013ekou. Av\u0161ak, u\u017e to nemus\u00ed sta\u010di\u0165.\u201c<\/em><\/p><\/blockquote>\n<p>Vec sa m\u00e1 tak, \u017ee ak Everton vyhr\u00e1 zvy\u0161n\u00e9 dva ligov\u00e9 z\u00e1pasy, pri istej zhode okolnost\u00ed m\u00f4\u017ee bud\u00faci ro\u010dn\u00edk znova ok\u00fasi\u0165 pozl\u00e1tko Eur\u00f3pskej Ligy. Len\u017ee to by musel v prvom rade Manchester City porazi\u0165 Watford vo fin\u00e1le FA Cupu.<\/p>\n<blockquote><p><em>\u201eSamozrejme, \u017ee Everton chce by\u0165 v Eur\u00f3pe. Ale \u010di m\u00f4\u017eeme t\u00fato sez\u00f3nu hodnoti\u0165 ako pozit\u00edvnu, aj ke\u010f sa dostaneme na poh\u00e1rov\u00e9 prie\u010dky, to neviem. Mus\u00edme by\u0165 viac konzistentn\u00ed smerom dopredu a sp\u00f4sob ak\u00fdm hr\u00e1me, je \u00faplne in\u00fd od toho, \u010do sme hrali dva alebo tri mesiace dozadu.\u201c<\/em><\/p><\/blockquote>\n<p>A m\u00e1 pravdu. Rovnako tak trv\u00e1 na tom, \u017ee je to ten najlep\u0161\u00ed futbal, odkedy oblieka modr\u00fd dres a je odhodlan\u00fd zakon\u010di\u0165 tento ro\u010dn\u00edk \u010do mo\u017eno najlep\u0161ie.<\/p>\n<blockquote><p><em>\u201eSna\u017e\u00edme sa stava\u0165 na na\u0161ej forme z tohto konca sez\u00f3ny a prenies\u0165 ju do novej. Mysl\u00edm si, \u017ee v\u0161etci okolo klubu c\u00edtia, \u017ee pr\u00e1ve hr\u00e1me n\u00e1\u0161 najlep\u0161\u00ed futbal d\u00fafaj\u00fac, \u017ee sme na\u0161li nie\u010do, \u010do funguje a prin\u00e1\u0161a to najlep\u0161ie z t\u00edmu spolu s v\u00fdsledkami.\u201c<\/em><\/p><\/blockquote>\n<p>Spom\u00ednan\u00e9 fin\u00e1le FA Cupu v\u0161ak nie je jedin\u00e1 podmienka pri zaisten\u00ed si siedmeho miesta. Ve\u013emi vyrovnan\u00fd stred tabu\u013eky si kladie \u010fal\u0161ie. A to zav\u00e1hanie hne\u010f troch t\u00edmov. Tak\u017ee, rozmen\u00edme to na drobn\u00e9. Wolves si nesm\u00fa prip\u00edsa\u0165 ani jednu v\u00fdhru doma s Fulhamom a na Anfielde s Liverpoolom. Dve rem\u00edzy ich tie\u017e po\u0161l\u00fa v hierarchii nad n\u00e1s.<\/p>\n<p>Leicester si m\u00f4\u017ee pre n\u00e1s dovoli\u0165 v s\u00fabojoch na Etihad Stadium s Manchesterom City a doma proti Chelsea len po jednej v\u00fdhre a jednej rem\u00edze. Watford je na tom \u00faplne rovnako. Len\u017ee svoje stretnutia mus\u00ed odohra\u0165 na Stamford Bridge s Chelsea a doma s West Hamom.<\/p>\n<p>Bohu\u017eia\u013e, v\u0161etky tieto permut\u00e1cie p\u00f4sobia ve\u013emi nepravdepodobne. Ale ni\u010d je nemo\u017en\u00e9 a preto ani straten\u00e9, \u010do poviete?<\/p>\n<p style=\"text-align: right;\"><em>(p\u00f4vodn\u00fd rozhovor &amp; foto zdroj: Skysports)<\/em><\/p>\n","protected":false},"excerpt":{"rendered":"<p>Pred posledn\u00fdm z\u00e1pasom tejto sez\u00f3ny v Goodison Parku prezradil Sigurdsson pre Sky Sports, \u017ee kvalifik\u00e1cia do kontinent\u00e1lnych s\u00fa\u0165a\u017e\u00ed neznamen\u00e1 \u00faspech.<\/p>\n","protected":false},"author":1,"featured_media":7656,"comment_status":"open","ping_status":"closed","sticky":false,"template":"","format":"standard","meta":{"_eb_attr":"","_monsterinsights_skip_tracking":false,"_monsterinsights_sitenote_active":false,"_monsterinsights_sitenote_note":"","_monsterinsights_sitenote_category":0,"footnotes":""},"categories":[1],"tags":[],"yoast_head":"<!-- This site is optimized with the Yoast SEO plugin v23.4 - https:\/\/yoast.com\/wordpress\/plugins\/seo\/ -->\n<title>Eur\u00f3pa Gylfimu nesta\u010d\u00ed - Official Czech &amp; Slovak Everton Supporters&#039; Club<\/title>\n<meta name=\"robots\" content=\"index, follow, max-snippet:-1, max-image-preview:large, max-video-preview:-1\" \/>\n<link rel=\"canonical\" href=\"https:\/\/evertonfc.cz\/index.php\/2019\/05\/02\/europa-gylfimu-nestaci\/\" \/>\n<meta property=\"og:locale\" content=\"cs_CZ\" \/>\n<meta property=\"og:type\" content=\"article\" \/>\n<meta property=\"og:title\" content=\"Eur\u00f3pa Gylfimu nesta\u010d\u00ed - Official Czech &amp; Slovak Everton Supporters&#039; Club\" \/>\n<meta property=\"og:description\" content=\"Pred posledn\u00fdm z\u00e1pasom tejto sez\u00f3ny v Goodison Parku prezradil Sigurdsson pre Sky Sports, \u017ee kvalifik\u00e1cia do kontinent\u00e1lnych s\u00fa\u0165a\u017e\u00ed neznamen\u00e1 \u00faspech.\" \/>\n<meta property=\"og:url\" content=\"https:\/\/evertonfc.cz\/index.php\/2019\/05\/02\/europa-gylfimu-nestaci\/\" \/>\n<meta property=\"og:site_name\" content=\"Official Czech &amp; Slovak Everton Supporters&#039; Club\" \/>\n<meta property=\"article:publisher\" content=\"https:\/\/www.facebook.com\/everton.fans.cz.sk\" \/>\n<meta property=\"article:published_time\" content=\"2019-05-02T06:00:27+00:00\" \/>\n<meta property=\"article:modified_time\" content=\"2020-04-28T14:01:52+00:00\" \/>\n<meta property=\"og:image\" content=\"https:\/\/evertonfc.cz\/wp-content\/uploads\/2019\/05\/Sigurdsson-1-5-2019.jpg\" \/>\n\t<meta property=\"og:image:width\" content=\"720\" \/>\n\t<meta property=\"og:image:height\" content=\"405\" \/>\n\t<meta property=\"og:image:type\" content=\"image\/jpeg\" \/>\n<meta name=\"author\" content=\"BlueBlooded\" \/>\n<meta name=\"twitter:card\" content=\"summary_large_image\" \/>\n<meta name=\"twitter:label1\" content=\"Napsal(a)\" \/>\n\t<meta name=\"twitter:data1\" content=\"BlueBlooded\" \/>\n\t<meta name=\"twitter:label2\" content=\"Odhadovan\u00e1 doba \u010dten\u00ed\" \/>\n\t<meta name=\"twitter:data2\" content=\"2 minuty\" \/>\n<script type=\"application\/ld+json\" class=\"yoast-schema-graph\">{\"@context\":\"https:\/\/schema.org\",\"@graph\":[{\"@type\":\"Article\",\"@id\":\"https:\/\/evertonfc.cz\/index.php\/2019\/05\/02\/europa-gylfimu-nestaci\/#article\",\"isPartOf\":{\"@id\":\"https:\/\/evertonfc.cz\/index.php\/2019\/05\/02\/europa-gylfimu-nestaci\/\"},\"author\":{\"name\":\"BlueBlooded\",\"@id\":\"https:\/\/evertonfc.cz\/#\/schema\/person\/d4493b8cbea51532597fbc4685698916\"},\"headline\":\"Eur\u00f3pa Gylfimu nesta\u010d\u00ed\",\"datePublished\":\"2019-05-02T06:00:27+00:00\",\"dateModified\":\"2020-04-28T14:01:52+00:00\",\"mainEntityOfPage\":{\"@id\":\"https:\/\/evertonfc.cz\/index.php\/2019\/05\/02\/europa-gylfimu-nestaci\/\"},\"wordCount\":482,\"commentCount\":0,\"publisher\":{\"@id\":\"https:\/\/evertonfc.cz\/#organization\"},\"image\":{\"@id\":\"https:\/\/evertonfc.cz\/index.php\/2019\/05\/02\/europa-gylfimu-nestaci\/#primaryimage\"},\"thumbnailUrl\":\"https:\/\/evertonfc.cz\/wp-content\/uploads\/2019\/05\/Sigurdsson-1-5-2019.jpg\",\"articleSection\":[\"Rozhovory\"],\"inLanguage\":\"cs\",\"potentialAction\":[{\"@type\":\"CommentAction\",\"name\":\"Comment\",\"target\":[\"https:\/\/evertonfc.cz\/index.php\/2019\/05\/02\/europa-gylfimu-nestaci\/#respond\"]}]},{\"@type\":\"WebPage\",\"@id\":\"https:\/\/evertonfc.cz\/index.php\/2019\/05\/02\/europa-gylfimu-nestaci\/\",\"url\":\"https:\/\/evertonfc.cz\/index.php\/2019\/05\/02\/europa-gylfimu-nestaci\/\",\"name\":\"Eur\u00f3pa Gylfimu nesta\u010d\u00ed - Official Czech &amp; Slovak Everton Supporters&#039; Club\",\"isPartOf\":{\"@id\":\"https:\/\/evertonfc.cz\/#website\"},\"primaryImageOfPage\":{\"@id\":\"https:\/\/evertonfc.cz\/index.php\/2019\/05\/02\/europa-gylfimu-nestaci\/#primaryimage\"},\"image\":{\"@id\":\"https:\/\/evertonfc.cz\/index.php\/2019\/05\/02\/europa-gylfimu-nestaci\/#primaryimage\"},\"thumbnailUrl\":\"https:\/\/evertonfc.cz\/wp-content\/uploads\/2019\/05\/Sigurdsson-1-5-2019.jpg\",\"datePublished\":\"2019-05-02T06:00:27+00:00\",\"dateModified\":\"2020-04-28T14:01:52+00:00\",\"breadcrumb\":{\"@id\":\"https:\/\/evertonfc.cz\/index.php\/2019\/05\/02\/europa-gylfimu-nestaci\/#breadcrumb\"},\"inLanguage\":\"cs\",\"potentialAction\":[{\"@type\":\"ReadAction\",\"target\":[\"https:\/\/evertonfc.cz\/index.php\/2019\/05\/02\/europa-gylfimu-nestaci\/\"]}]},{\"@type\":\"ImageObject\",\"inLanguage\":\"cs\",\"@id\":\"https:\/\/evertonfc.cz\/index.php\/2019\/05\/02\/europa-gylfimu-nestaci\/#primaryimage\",\"url\":\"https:\/\/evertonfc.cz\/wp-content\/uploads\/2019\/05\/Sigurdsson-1-5-2019.jpg\",\"contentUrl\":\"https:\/\/evertonfc.cz\/wp-content\/uploads\/2019\/05\/Sigurdsson-1-5-2019.jpg\",\"width\":720,\"height\":405},{\"@type\":\"BreadcrumbList\",\"@id\":\"https:\/\/evertonfc.cz\/index.php\/2019\/05\/02\/europa-gylfimu-nestaci\/#breadcrumb\",\"itemListElement\":[{\"@type\":\"ListItem\",\"position\":1,\"name\":\"Home\",\"item\":\"https:\/\/evertonfc.cz\/\"},{\"@type\":\"ListItem\",\"position\":2,\"name\":\"Eur\u00f3pa Gylfimu nesta\u010d\u00ed\"}]},{\"@type\":\"WebSite\",\"@id\":\"https:\/\/evertonfc.cz\/#website\",\"url\":\"https:\/\/evertonfc.cz\/\",\"name\":\"Official Czech &amp; Slovak Everton Supporters&#039; Club\",\"description\":\"\",\"publisher\":{\"@id\":\"https:\/\/evertonfc.cz\/#organization\"},\"potentialAction\":[{\"@type\":\"SearchAction\",\"target\":{\"@type\":\"EntryPoint\",\"urlTemplate\":\"https:\/\/evertonfc.cz\/?s={search_term_string}\"},\"query-input\":{\"@type\":\"PropertyValueSpecification\",\"valueRequired\":true,\"valueName\":\"search_term_string\"}}],\"inLanguage\":\"cs\"},{\"@type\":\"Organization\",\"@id\":\"https:\/\/evertonfc.cz\/#organization\",\"name\":\"Official Czech & Slovak Everton Supporters' Club\",\"url\":\"https:\/\/evertonfc.cz\/\",\"logo\":{\"@type\":\"ImageObject\",\"inLanguage\":\"cs\",\"@id\":\"https:\/\/evertonfc.cz\/#\/schema\/logo\/image\/\",\"url\":\"https:\/\/evertonfc.cz\/wp-content\/uploads\/2019\/05\/logo.png\",\"contentUrl\":\"https:\/\/evertonfc.cz\/wp-content\/uploads\/2019\/05\/logo.png\",\"width\":112,\"height\":112,\"caption\":\"Official Czech & Slovak Everton Supporters' Club\"},\"image\":{\"@id\":\"https:\/\/evertonfc.cz\/#\/schema\/logo\/image\/\"},\"sameAs\":[\"https:\/\/www.facebook.com\/everton.fans.cz.sk\"]},{\"@type\":\"Person\",\"@id\":\"https:\/\/evertonfc.cz\/#\/schema\/person\/d4493b8cbea51532597fbc4685698916\",\"name\":\"BlueBlooded\",\"url\":\"https:\/\/evertonfc.cz\/index.php\/author\/admin\/\"}]}<\/script>\n<!-- \/ Yoast SEO plugin. -->","yoast_head_json":{"title":"Eur\u00f3pa Gylfimu nesta\u010d\u00ed - Official Czech &amp; Slovak Everton Supporters&#039; Club","robots":{"index":"index","follow":"follow","max-snippet":"max-snippet:-1","max-image-preview":"max-image-preview:large","max-video-preview":"max-video-preview:-1"},"canonical":"https:\/\/evertonfc.cz\/index.php\/2019\/05\/02\/europa-gylfimu-nestaci\/","og_locale":"cs_CZ","og_type":"article","og_title":"Eur\u00f3pa Gylfimu nesta\u010d\u00ed - Official Czech &amp; Slovak Everton Supporters&#039; Club","og_description":"Pred posledn\u00fdm z\u00e1pasom tejto sez\u00f3ny v Goodison Parku prezradil Sigurdsson pre Sky Sports, \u017ee kvalifik\u00e1cia do kontinent\u00e1lnych s\u00fa\u0165a\u017e\u00ed neznamen\u00e1 \u00faspech.","og_url":"https:\/\/evertonfc.cz\/index.php\/2019\/05\/02\/europa-gylfimu-nestaci\/","og_site_name":"Official Czech &amp; Slovak Everton Supporters&#039; Club","article_publisher":"https:\/\/www.facebook.com\/everton.fans.cz.sk","article_published_time":"2019-05-02T06:00:27+00:00","article_modified_time":"2020-04-28T14:01:52+00:00","og_image":[{"width":720,"height":405,"url":"https:\/\/evertonfc.cz\/wp-content\/uploads\/2019\/05\/Sigurdsson-1-5-2019.jpg","type":"image\/jpeg"}],"author":"BlueBlooded","twitter_card":"summary_large_image","twitter_misc":{"Napsal(a)":"BlueBlooded","Odhadovan\u00e1 doba \u010dten\u00ed":"2 minuty"},"schema":{"@context":"https:\/\/schema.org","@graph":[{"@type":"Article","@id":"https:\/\/evertonfc.cz\/index.php\/2019\/05\/02\/europa-gylfimu-nestaci\/#article","isPartOf":{"@id":"https:\/\/evertonfc.cz\/index.php\/2019\/05\/02\/europa-gylfimu-nestaci\/"},"author":{"name":"BlueBlooded","@id":"https:\/\/evertonfc.cz\/#\/schema\/person\/d4493b8cbea51532597fbc4685698916"},"headline":"Eur\u00f3pa Gylfimu nesta\u010d\u00ed","datePublished":"2019-05-02T06:00:27+00:00","dateModified":"2020-04-28T14:01:52+00:00","mainEntityOfPage":{"@id":"https:\/\/evertonfc.cz\/index.php\/2019\/05\/02\/europa-gylfimu-nestaci\/"},"wordCount":482,"commentCount":0,"publisher":{"@id":"https:\/\/evertonfc.cz\/#organization"},"image":{"@id":"https:\/\/evertonfc.cz\/index.php\/2019\/05\/02\/europa-gylfimu-nestaci\/#primaryimage"},"thumbnailUrl":"https:\/\/evertonfc.cz\/wp-content\/uploads\/2019\/05\/Sigurdsson-1-5-2019.jpg","articleSection":["Rozhovory"],"inLanguage":"cs","potentialAction":[{"@type":"CommentAction","name":"Comment","target":["https:\/\/evertonfc.cz\/index.php\/2019\/05\/02\/europa-gylfimu-nestaci\/#respond"]}]},{"@type":"WebPage","@id":"https:\/\/evertonfc.cz\/index.php\/2019\/05\/02\/europa-gylfimu-nestaci\/","url":"https:\/\/evertonfc.cz\/index.php\/2019\/05\/02\/europa-gylfimu-nestaci\/","name":"Eur\u00f3pa Gylfimu nesta\u010d\u00ed - Official Czech &amp; Slovak Everton Supporters&#039; Club","isPartOf":{"@id":"https:\/\/evertonfc.cz\/#website"},"primaryImageOfPage":{"@id":"https:\/\/evertonfc.cz\/index.php\/2019\/05\/02\/europa-gylfimu-nestaci\/#primaryimage"},"image":{"@id":"https:\/\/evertonfc.cz\/index.php\/2019\/05\/02\/europa-gylfimu-nestaci\/#primaryimage"},"thumbnailUrl":"https:\/\/evertonfc.cz\/wp-content\/uploads\/2019\/05\/Sigurdsson-1-5-2019.jpg","datePublished":"2019-05-02T06:00:27+00:00","dateModified":"2020-04-28T14:01:52+00:00","breadcrumb":{"@id":"https:\/\/evertonfc.cz\/index.php\/2019\/05\/02\/europa-gylfimu-nestaci\/#breadcrumb"},"inLanguage":"cs","potentialAction":[{"@type":"ReadAction","target":["https:\/\/evertonfc.cz\/index.php\/2019\/05\/02\/europa-gylfimu-nestaci\/"]}]},{"@type":"ImageObject","inLanguage":"cs","@id":"https:\/\/evertonfc.cz\/index.php\/2019\/05\/02\/europa-gylfimu-nestaci\/#primaryimage","url":"https:\/\/evertonfc.cz\/wp-content\/uploads\/2019\/05\/Sigurdsson-1-5-2019.jpg","contentUrl":"https:\/\/evertonfc.cz\/wp-content\/uploads\/2019\/05\/Sigurdsson-1-5-2019.jpg","width":720,"height":405},{"@type":"BreadcrumbList","@id":"https:\/\/evertonfc.cz\/index.php\/2019\/05\/02\/europa-gylfimu-nestaci\/#breadcrumb","itemListElement":[{"@type":"ListItem","position":1,"name":"Home","item":"https:\/\/evertonfc.cz\/"},{"@type":"ListItem","position":2,"name":"Eur\u00f3pa Gylfimu nesta\u010d\u00ed"}]},{"@type":"WebSite","@id":"https:\/\/evertonfc.cz\/#website","url":"https:\/\/evertonfc.cz\/","name":"Official Czech &amp; Slovak Everton Supporters&#039; Club","description":"","publisher":{"@id":"https:\/\/evertonfc.cz\/#organization"},"potentialAction":[{"@type":"SearchAction","target":{"@type":"EntryPoint","urlTemplate":"https:\/\/evertonfc.cz\/?s={search_term_string}"},"query-input":{"@type":"PropertyValueSpecification","valueRequired":true,"valueName":"search_term_string"}}],"inLanguage":"cs"},{"@type":"Organization","@id":"https:\/\/evertonfc.cz\/#organization","name":"Official Czech & Slovak Everton Supporters' Club","url":"https:\/\/evertonfc.cz\/","logo":{"@type":"ImageObject","inLanguage":"cs","@id":"https:\/\/evertonfc.cz\/#\/schema\/logo\/image\/","url":"https:\/\/evertonfc.cz\/wp-content\/uploads\/2019\/05\/logo.png","contentUrl":"https:\/\/evertonfc.cz\/wp-content\/uploads\/2019\/05\/logo.png","width":112,"height":112,"caption":"Official Czech & Slovak Everton Supporters' Club"},"image":{"@id":"https:\/\/evertonfc.cz\/#\/schema\/logo\/image\/"},"sameAs":["https:\/\/www.facebook.com\/everton.fans.cz.sk"]},{"@type":"Person","@id":"https:\/\/evertonfc.cz\/#\/schema\/person\/d4493b8cbea51532597fbc4685698916","name":"BlueBlooded","url":"https:\/\/evertonfc.cz\/index.php\/author\/admin\/"}]}},"_links":{"self":[{"href":"https:\/\/evertonfc.cz\/index.php\/wp-json\/wp\/v2\/posts\/7655"}],"collection":[{"href":"https:\/\/evertonfc.cz\/index.php\/wp-json\/wp\/v2\/posts"}],"about":[{"href":"https:\/\/evertonfc.cz\/index.php\/wp-json\/wp\/v2\/types\/post"}],"author":[{"embeddable":true,"href":"https:\/\/evertonfc.cz\/index.php\/wp-json\/wp\/v2\/users\/1"}],"replies":[{"embeddable":true,"href":"https:\/\/evertonfc.cz\/index.php\/wp-json\/wp\/v2\/comments?post=7655"}],"version-history":[{"count":4,"href":"https:\/\/evertonfc.cz\/index.php\/wp-json\/wp\/v2\/posts\/7655\/revisions"}],"predecessor-version":[{"id":10618,"href":"https:\/\/evertonfc.cz\/index.php\/wp-json\/wp\/v2\/posts\/7655\/revisions\/10618"}],"wp:featuredmedia":[{"embeddable":true,"href":"https:\/\/evertonfc.cz\/index.php\/wp-json\/wp\/v2\/media\/7656"}],"wp:attachment":[{"href":"https:\/\/evertonfc.cz\/index.php\/wp-json\/wp\/v2\/media?parent=7655"}],"wp:term":[{"taxonomy":"category","embeddable":true,"href":"https:\/\/evertonfc.cz\/index.php\/wp-json\/wp\/v2\/categories?post=7655"},{"taxonomy":"post_tag","embeddable":true,"href":"https:\/\/evertonfc.cz\/index.php\/wp-json\/wp\/v2\/tags?post=7655"}],"curies":[{"name":"wp","href":"https:\/\/api.w.org\/{rel}","templated":true}]}}