{"id":7662,"date":"2019-05-03T11:38:56","date_gmt":"2019-05-03T09:38:56","guid":{"rendered":"https:\/\/evertonfc.cz\/?p=7662"},"modified":"2021-03-12T10:45:09","modified_gmt":"2021-03-12T09:45:09","slug":"preview-everton-burnley-3-5-2019","status":"publish","type":"post","link":"https:\/\/evertonfc.cz\/index.php\/2019\/05\/03\/preview-everton-burnley-3-5-2019\/","title":{"rendered":"Preview: Everton &#8211; Burnley"},"content":{"rendered":"<h4>P\u00e1te\u010dn\u00ed p\u0159edehr\u00e1vka posledn\u00edho kola znamen\u00e1 rozlou\u010den\u00ed t\u00fdmu s Goodison Parkem pro tuto sez\u00f3nu. M\u011blo by b\u00fdt v\u00edt\u011bzn\u00e9.<\/h4>\n<p>Everton v Selhurst Parku sice dominoval, ale po bezg\u00f3lov\u00e9 rem\u00edze ztratil dva body. Na sedm\u00e9 m\u00edsto p\u0159i dvou z\u00e1pasech do konce ztr\u00e1c\u00ed body \u010dty\u0159i, tak\u017ee na start v p\u0159edkole Evropsk\u00e9 ligy to nevypad\u00e1. Slu\u0161n\u011b ale vypad\u00e1 aspo\u0148 dom\u00e1c\u00ed forma, Arsenal, Man U a Chelsea odjeli s nepo\u0159\u00edzenou a nevst\u0159elenou. A do t\u00e9to situace p\u0159ij\u00ed\u017ed\u00ed patn\u00e1ct\u00e9 Burnley&#8230;<\/p>\n<p>Z\u00e1pas by to m\u011bl b\u00fdt p\u011bkn\u00fd a vyrovnan\u00fd, oba t\u00fdmy maj\u00ed z posledn\u00edch p\u011bti ligov\u00fdch z\u00e1pas\u016f bilanci 3-1-1, tak\u017ee 10 bod\u016f. Nav\u00edc prohra Clarets byla v minul\u00e9m kole s budouc\u00edm m\u00edstrem, tedy Manchesterem City. T\u00fdm se ji\u017e zachr\u00e1nil s p\u0159edstihem, v lize v\u011bt\u0161\u00ed ambice nem\u00e1 a skoro se mi chce napsat, \u017ee m\u00edt nem\u016f\u017ee. Burnley pat\u0159\u00ed mezi \u00fa\u010dastn\u00edky \u00fapln\u011b prvn\u00ed ligov\u00e9 sez\u00f3ny (stejn\u011b jako Toffees) a taky mezi p\u011btici klub\u016f, kter\u00e9 vyhr\u00e1ly v\u0161echny \u010dty\u0159i anglick\u00e9 profesion\u00e1ln\u00ed fotbalov\u00e9 ligy (mist\u0159i jsou z let 1921 a 1960). Sou\u010dasn\u00fd mana\u017eer Sean Dyche je na sv\u00e9 pozici od \u0159\u00edjna 2012. Pokud by Burnley sou\u010dasnou pozici udr\u017eelo, tak by \u0161lo o druh\u00e9 nejlep\u0161\u00ed um\u00edst\u011bn\u00ed jeho mana\u017eersk\u00e9 kari\u00e9ry (lo\u0148sk\u00e9 sedm\u00e9 m\u00edsto a hran\u00ed v EL je t\u011b\u017ek\u00e9 p\u0159ekonat).<\/p>\n<p>Po operaci slep\u00e9ho st\u0159eva se vrac\u00ed Crouch (exRS), stejn\u011b jako Brady, kter\u00fd minul\u00fd z\u00e1pas vynechal kv\u016fli narozen\u00ed sv\u00e9ho druh\u00e9ho d\u00edt\u011bte. Zran\u011bn\u00ed nohy vyl\u00e9\u010dil i obr\u00e1nce Bardsley, naopak se nep\u0159edstav\u00ed exToffee Lennon, kter\u00fd nen\u00ed fit po operaci kolene. Everton je zdrav\u00fd, jedin\u00fdm absent\u00e9rem je potrestan\u00fd Gomes, kter\u00fd si odkrout\u00ed posledn\u00ed \u010d\u00e1st sv\u00e9ho t\u0159\u00edzapasov\u00e9ho trestu. P\u0159itahova\u010d stehenn\u00edho svalu tedy vyl\u00e9\u010dil stoper Mina. A v hledi\u0161ti nebude chyb\u011bt slovensk\u00fd Evertonian a m\u00edstn\u00ed diskut\u00e9r godison.<\/p>\n<p>Utk\u00e1n\u00ed vys\u00edl\u00e1 p\u0159\u00edm\u00fdm p\u0159enosem stanice Digi sport 4.<\/p>\n<p><strong>Co:\u00a0<\/strong>Everton FC &#8211; Burnley FC, 37. kolo Premier League<br \/>\n<strong>Kdy:\u00a0<\/strong>3. 5. 2019 od 21:00<br \/>\n<strong>Kde:\u00a0<\/strong>Goodison Park, Liverpool<br \/>\n<strong>Rozhod\u010d\u00ed:\u00a0<\/strong>Chris Kavanagh<\/p>\n","protected":false},"excerpt":{"rendered":"<p>P\u00e1te\u010dn\u00ed p\u0159edehr\u00e1vka posledn\u00edho kola znamen\u00e1 rozlou\u010den\u00ed t\u00fdmu s Goodison Parkem pro tuto sez\u00f3nu. M\u011blo by b\u00fdt v\u00edt\u011bzn\u00e9.<\/p>\n","protected":false},"author":12,"featured_media":14586,"comment_status":"open","ping_status":"closed","sticky":false,"template":"","format":"standard","meta":{"_eb_attr":"","_monsterinsights_skip_tracking":false,"_monsterinsights_sitenote_active":false,"_monsterinsights_sitenote_note":"","_monsterinsights_sitenote_category":0,"footnotes":""},"categories":[4],"tags":[],"yoast_head":"<!-- This site is optimized with the Yoast SEO plugin v23.4 - https:\/\/yoast.com\/wordpress\/plugins\/seo\/ -->\n<title>Preview: Everton - Burnley - Official Czech &amp; Slovak Everton Supporters&#039; Club<\/title>\n<meta name=\"robots\" content=\"index, follow, max-snippet:-1, max-image-preview:large, max-video-preview:-1\" \/>\n<link rel=\"canonical\" href=\"https:\/\/evertonfc.cz\/index.php\/2019\/05\/03\/preview-everton-burnley-3-5-2019\/\" \/>\n<meta property=\"og:locale\" content=\"cs_CZ\" \/>\n<meta property=\"og:type\" content=\"article\" \/>\n<meta property=\"og:title\" content=\"Preview: Everton - Burnley - Official Czech &amp; Slovak Everton Supporters&#039; Club\" \/>\n<meta property=\"og:description\" content=\"P\u00e1te\u010dn\u00ed p\u0159edehr\u00e1vka posledn\u00edho kola znamen\u00e1 rozlou\u010den\u00ed t\u00fdmu s Goodison Parkem pro tuto sez\u00f3nu. M\u011blo by b\u00fdt v\u00edt\u011bzn\u00e9.\" \/>\n<meta property=\"og:url\" content=\"https:\/\/evertonfc.cz\/index.php\/2019\/05\/03\/preview-everton-burnley-3-5-2019\/\" \/>\n<meta property=\"og:site_name\" content=\"Official Czech &amp; Slovak Everton Supporters&#039; Club\" \/>\n<meta property=\"article:publisher\" content=\"https:\/\/www.facebook.com\/everton.fans.cz.sk\" \/>\n<meta property=\"article:published_time\" content=\"2019-05-03T09:38:56+00:00\" \/>\n<meta property=\"article:modified_time\" content=\"2021-03-12T09:45:09+00:00\" \/>\n<meta property=\"og:image\" content=\"https:\/\/evertonfc.cz\/wp-content\/uploads\/2021\/03\/Everton-VS-Burnley.jpg\" \/>\n\t<meta property=\"og:image:width\" content=\"720\" \/>\n\t<meta property=\"og:image:height\" content=\"405\" \/>\n\t<meta property=\"og:image:type\" content=\"image\/jpeg\" \/>\n<meta name=\"author\" content=\"Javor\" \/>\n<meta name=\"twitter:card\" content=\"summary_large_image\" \/>\n<meta name=\"twitter:creator\" content=\"@LoudinJan\" \/>\n<meta name=\"twitter:label1\" content=\"Napsal(a)\" \/>\n\t<meta name=\"twitter:data1\" content=\"Javor\" \/>\n\t<meta name=\"twitter:label2\" content=\"Odhadovan\u00e1 doba \u010dten\u00ed\" \/>\n\t<meta name=\"twitter:data2\" content=\"2 minuty\" \/>\n<script type=\"application\/ld+json\" class=\"yoast-schema-graph\">{\"@context\":\"https:\/\/schema.org\",\"@graph\":[{\"@type\":\"Article\",\"@id\":\"https:\/\/evertonfc.cz\/index.php\/2019\/05\/03\/preview-everton-burnley-3-5-2019\/#article\",\"isPartOf\":{\"@id\":\"https:\/\/evertonfc.cz\/index.php\/2019\/05\/03\/preview-everton-burnley-3-5-2019\/\"},\"author\":{\"name\":\"Javor\",\"@id\":\"https:\/\/evertonfc.cz\/#\/schema\/person\/b30daf6a5852f4811f8207a17ec1bf78\"},\"headline\":\"Preview: Everton &#8211; Burnley\",\"datePublished\":\"2019-05-03T09:38:56+00:00\",\"dateModified\":\"2021-03-12T09:45:09+00:00\",\"mainEntityOfPage\":{\"@id\":\"https:\/\/evertonfc.cz\/index.php\/2019\/05\/03\/preview-everton-burnley-3-5-2019\/\"},\"wordCount\":390,\"commentCount\":0,\"publisher\":{\"@id\":\"https:\/\/evertonfc.cz\/#organization\"},\"image\":{\"@id\":\"https:\/\/evertonfc.cz\/index.php\/2019\/05\/03\/preview-everton-burnley-3-5-2019\/#primaryimage\"},\"thumbnailUrl\":\"https:\/\/evertonfc.cz\/wp-content\/uploads\/2021\/03\/Everton-VS-Burnley.jpg\",\"articleSection\":[\"Z\u00e1pasy\"],\"inLanguage\":\"cs\",\"potentialAction\":[{\"@type\":\"CommentAction\",\"name\":\"Comment\",\"target\":[\"https:\/\/evertonfc.cz\/index.php\/2019\/05\/03\/preview-everton-burnley-3-5-2019\/#respond\"]}]},{\"@type\":\"WebPage\",\"@id\":\"https:\/\/evertonfc.cz\/index.php\/2019\/05\/03\/preview-everton-burnley-3-5-2019\/\",\"url\":\"https:\/\/evertonfc.cz\/index.php\/2019\/05\/03\/preview-everton-burnley-3-5-2019\/\",\"name\":\"Preview: Everton - Burnley - Official Czech &amp; Slovak Everton Supporters&#039; Club\",\"isPartOf\":{\"@id\":\"https:\/\/evertonfc.cz\/#website\"},\"primaryImageOfPage\":{\"@id\":\"https:\/\/evertonfc.cz\/index.php\/2019\/05\/03\/preview-everton-burnley-3-5-2019\/#primaryimage\"},\"image\":{\"@id\":\"https:\/\/evertonfc.cz\/index.php\/2019\/05\/03\/preview-everton-burnley-3-5-2019\/#primaryimage\"},\"thumbnailUrl\":\"https:\/\/evertonfc.cz\/wp-content\/uploads\/2021\/03\/Everton-VS-Burnley.jpg\",\"datePublished\":\"2019-05-03T09:38:56+00:00\",\"dateModified\":\"2021-03-12T09:45:09+00:00\",\"breadcrumb\":{\"@id\":\"https:\/\/evertonfc.cz\/index.php\/2019\/05\/03\/preview-everton-burnley-3-5-2019\/#breadcrumb\"},\"inLanguage\":\"cs\",\"potentialAction\":[{\"@type\":\"ReadAction\",\"target\":[\"https:\/\/evertonfc.cz\/index.php\/2019\/05\/03\/preview-everton-burnley-3-5-2019\/\"]}]},{\"@type\":\"ImageObject\",\"inLanguage\":\"cs\",\"@id\":\"https:\/\/evertonfc.cz\/index.php\/2019\/05\/03\/preview-everton-burnley-3-5-2019\/#primaryimage\",\"url\":\"https:\/\/evertonfc.cz\/wp-content\/uploads\/2021\/03\/Everton-VS-Burnley.jpg\",\"contentUrl\":\"https:\/\/evertonfc.cz\/wp-content\/uploads\/2021\/03\/Everton-VS-Burnley.jpg\",\"width\":720,\"height\":405},{\"@type\":\"BreadcrumbList\",\"@id\":\"https:\/\/evertonfc.cz\/index.php\/2019\/05\/03\/preview-everton-burnley-3-5-2019\/#breadcrumb\",\"itemListElement\":[{\"@type\":\"ListItem\",\"position\":1,\"name\":\"Home\",\"item\":\"https:\/\/evertonfc.cz\/\"},{\"@type\":\"ListItem\",\"position\":2,\"name\":\"Preview: Everton &#8211; Burnley\"}]},{\"@type\":\"WebSite\",\"@id\":\"https:\/\/evertonfc.cz\/#website\",\"url\":\"https:\/\/evertonfc.cz\/\",\"name\":\"Official Czech &amp; Slovak Everton Supporters&#039; Club\",\"description\":\"\",\"publisher\":{\"@id\":\"https:\/\/evertonfc.cz\/#organization\"},\"potentialAction\":[{\"@type\":\"SearchAction\",\"target\":{\"@type\":\"EntryPoint\",\"urlTemplate\":\"https:\/\/evertonfc.cz\/?s={search_term_string}\"},\"query-input\":{\"@type\":\"PropertyValueSpecification\",\"valueRequired\":true,\"valueName\":\"search_term_string\"}}],\"inLanguage\":\"cs\"},{\"@type\":\"Organization\",\"@id\":\"https:\/\/evertonfc.cz\/#organization\",\"name\":\"Official Czech & Slovak Everton Supporters' Club\",\"url\":\"https:\/\/evertonfc.cz\/\",\"logo\":{\"@type\":\"ImageObject\",\"inLanguage\":\"cs\",\"@id\":\"https:\/\/evertonfc.cz\/#\/schema\/logo\/image\/\",\"url\":\"https:\/\/evertonfc.cz\/wp-content\/uploads\/2019\/05\/logo.png\",\"contentUrl\":\"https:\/\/evertonfc.cz\/wp-content\/uploads\/2019\/05\/logo.png\",\"width\":112,\"height\":112,\"caption\":\"Official Czech & Slovak Everton Supporters' Club\"},\"image\":{\"@id\":\"https:\/\/evertonfc.cz\/#\/schema\/logo\/image\/\"},\"sameAs\":[\"https:\/\/www.facebook.com\/everton.fans.cz.sk\"]},{\"@type\":\"Person\",\"@id\":\"https:\/\/evertonfc.cz\/#\/schema\/person\/b30daf6a5852f4811f8207a17ec1bf78\",\"name\":\"Javor\",\"sameAs\":[\"https:\/\/x.com\/LoudinJan\"],\"url\":\"https:\/\/evertonfc.cz\/index.php\/author\/javor\/\"}]}<\/script>\n<!-- \/ Yoast SEO plugin. -->","yoast_head_json":{"title":"Preview: Everton - Burnley - Official Czech &amp; Slovak Everton Supporters&#039; Club","robots":{"index":"index","follow":"follow","max-snippet":"max-snippet:-1","max-image-preview":"max-image-preview:large","max-video-preview":"max-video-preview:-1"},"canonical":"https:\/\/evertonfc.cz\/index.php\/2019\/05\/03\/preview-everton-burnley-3-5-2019\/","og_locale":"cs_CZ","og_type":"article","og_title":"Preview: Everton - Burnley - Official Czech &amp; Slovak Everton Supporters&#039; Club","og_description":"P\u00e1te\u010dn\u00ed p\u0159edehr\u00e1vka posledn\u00edho kola znamen\u00e1 rozlou\u010den\u00ed t\u00fdmu s Goodison Parkem pro tuto sez\u00f3nu. M\u011blo by b\u00fdt v\u00edt\u011bzn\u00e9.","og_url":"https:\/\/evertonfc.cz\/index.php\/2019\/05\/03\/preview-everton-burnley-3-5-2019\/","og_site_name":"Official Czech &amp; Slovak Everton Supporters&#039; Club","article_publisher":"https:\/\/www.facebook.com\/everton.fans.cz.sk","article_published_time":"2019-05-03T09:38:56+00:00","article_modified_time":"2021-03-12T09:45:09+00:00","og_image":[{"width":720,"height":405,"url":"https:\/\/evertonfc.cz\/wp-content\/uploads\/2021\/03\/Everton-VS-Burnley.jpg","type":"image\/jpeg"}],"author":"Javor","twitter_card":"summary_large_image","twitter_creator":"@LoudinJan","twitter_misc":{"Napsal(a)":"Javor","Odhadovan\u00e1 doba \u010dten\u00ed":"2 minuty"},"schema":{"@context":"https:\/\/schema.org","@graph":[{"@type":"Article","@id":"https:\/\/evertonfc.cz\/index.php\/2019\/05\/03\/preview-everton-burnley-3-5-2019\/#article","isPartOf":{"@id":"https:\/\/evertonfc.cz\/index.php\/2019\/05\/03\/preview-everton-burnley-3-5-2019\/"},"author":{"name":"Javor","@id":"https:\/\/evertonfc.cz\/#\/schema\/person\/b30daf6a5852f4811f8207a17ec1bf78"},"headline":"Preview: Everton &#8211; Burnley","datePublished":"2019-05-03T09:38:56+00:00","dateModified":"2021-03-12T09:45:09+00:00","mainEntityOfPage":{"@id":"https:\/\/evertonfc.cz\/index.php\/2019\/05\/03\/preview-everton-burnley-3-5-2019\/"},"wordCount":390,"commentCount":0,"publisher":{"@id":"https:\/\/evertonfc.cz\/#organization"},"image":{"@id":"https:\/\/evertonfc.cz\/index.php\/2019\/05\/03\/preview-everton-burnley-3-5-2019\/#primaryimage"},"thumbnailUrl":"https:\/\/evertonfc.cz\/wp-content\/uploads\/2021\/03\/Everton-VS-Burnley.jpg","articleSection":["Z\u00e1pasy"],"inLanguage":"cs","potentialAction":[{"@type":"CommentAction","name":"Comment","target":["https:\/\/evertonfc.cz\/index.php\/2019\/05\/03\/preview-everton-burnley-3-5-2019\/#respond"]}]},{"@type":"WebPage","@id":"https:\/\/evertonfc.cz\/index.php\/2019\/05\/03\/preview-everton-burnley-3-5-2019\/","url":"https:\/\/evertonfc.cz\/index.php\/2019\/05\/03\/preview-everton-burnley-3-5-2019\/","name":"Preview: Everton - Burnley - Official Czech &amp; Slovak Everton Supporters&#039; Club","isPartOf":{"@id":"https:\/\/evertonfc.cz\/#website"},"primaryImageOfPage":{"@id":"https:\/\/evertonfc.cz\/index.php\/2019\/05\/03\/preview-everton-burnley-3-5-2019\/#primaryimage"},"image":{"@id":"https:\/\/evertonfc.cz\/index.php\/2019\/05\/03\/preview-everton-burnley-3-5-2019\/#primaryimage"},"thumbnailUrl":"https:\/\/evertonfc.cz\/wp-content\/uploads\/2021\/03\/Everton-VS-Burnley.jpg","datePublished":"2019-05-03T09:38:56+00:00","dateModified":"2021-03-12T09:45:09+00:00","breadcrumb":{"@id":"https:\/\/evertonfc.cz\/index.php\/2019\/05\/03\/preview-everton-burnley-3-5-2019\/#breadcrumb"},"inLanguage":"cs","potentialAction":[{"@type":"ReadAction","target":["https:\/\/evertonfc.cz\/index.php\/2019\/05\/03\/preview-everton-burnley-3-5-2019\/"]}]},{"@type":"ImageObject","inLanguage":"cs","@id":"https:\/\/evertonfc.cz\/index.php\/2019\/05\/03\/preview-everton-burnley-3-5-2019\/#primaryimage","url":"https:\/\/evertonfc.cz\/wp-content\/uploads\/2021\/03\/Everton-VS-Burnley.jpg","contentUrl":"https:\/\/evertonfc.cz\/wp-content\/uploads\/2021\/03\/Everton-VS-Burnley.jpg","width":720,"height":405},{"@type":"BreadcrumbList","@id":"https:\/\/evertonfc.cz\/index.php\/2019\/05\/03\/preview-everton-burnley-3-5-2019\/#breadcrumb","itemListElement":[{"@type":"ListItem","position":1,"name":"Home","item":"https:\/\/evertonfc.cz\/"},{"@type":"ListItem","position":2,"name":"Preview: Everton &#8211; Burnley"}]},{"@type":"WebSite","@id":"https:\/\/evertonfc.cz\/#website","url":"https:\/\/evertonfc.cz\/","name":"Official Czech &amp; Slovak Everton Supporters&#039; Club","description":"","publisher":{"@id":"https:\/\/evertonfc.cz\/#organization"},"potentialAction":[{"@type":"SearchAction","target":{"@type":"EntryPoint","urlTemplate":"https:\/\/evertonfc.cz\/?s={search_term_string}"},"query-input":{"@type":"PropertyValueSpecification","valueRequired":true,"valueName":"search_term_string"}}],"inLanguage":"cs"},{"@type":"Organization","@id":"https:\/\/evertonfc.cz\/#organization","name":"Official Czech & Slovak Everton Supporters' Club","url":"https:\/\/evertonfc.cz\/","logo":{"@type":"ImageObject","inLanguage":"cs","@id":"https:\/\/evertonfc.cz\/#\/schema\/logo\/image\/","url":"https:\/\/evertonfc.cz\/wp-content\/uploads\/2019\/05\/logo.png","contentUrl":"https:\/\/evertonfc.cz\/wp-content\/uploads\/2019\/05\/logo.png","width":112,"height":112,"caption":"Official Czech & Slovak Everton Supporters' Club"},"image":{"@id":"https:\/\/evertonfc.cz\/#\/schema\/logo\/image\/"},"sameAs":["https:\/\/www.facebook.com\/everton.fans.cz.sk"]},{"@type":"Person","@id":"https:\/\/evertonfc.cz\/#\/schema\/person\/b30daf6a5852f4811f8207a17ec1bf78","name":"Javor","sameAs":["https:\/\/x.com\/LoudinJan"],"url":"https:\/\/evertonfc.cz\/index.php\/author\/javor\/"}]}},"_links":{"self":[{"href":"https:\/\/evertonfc.cz\/index.php\/wp-json\/wp\/v2\/posts\/7662"}],"collection":[{"href":"https:\/\/evertonfc.cz\/index.php\/wp-json\/wp\/v2\/posts"}],"about":[{"href":"https:\/\/evertonfc.cz\/index.php\/wp-json\/wp\/v2\/types\/post"}],"author":[{"embeddable":true,"href":"https:\/\/evertonfc.cz\/index.php\/wp-json\/wp\/v2\/users\/12"}],"replies":[{"embeddable":true,"href":"https:\/\/evertonfc.cz\/index.php\/wp-json\/wp\/v2\/comments?post=7662"}],"version-history":[{"count":2,"href":"https:\/\/evertonfc.cz\/index.php\/wp-json\/wp\/v2\/posts\/7662\/revisions"}],"predecessor-version":[{"id":7664,"href":"https:\/\/evertonfc.cz\/index.php\/wp-json\/wp\/v2\/posts\/7662\/revisions\/7664"}],"wp:featuredmedia":[{"embeddable":true,"href":"https:\/\/evertonfc.cz\/index.php\/wp-json\/wp\/v2\/media\/14586"}],"wp:attachment":[{"href":"https:\/\/evertonfc.cz\/index.php\/wp-json\/wp\/v2\/media?parent=7662"}],"wp:term":[{"taxonomy":"category","embeddable":true,"href":"https:\/\/evertonfc.cz\/index.php\/wp-json\/wp\/v2\/categories?post=7662"},{"taxonomy":"post_tag","embeddable":true,"href":"https:\/\/evertonfc.cz\/index.php\/wp-json\/wp\/v2\/tags?post=7662"}],"curies":[{"name":"wp","href":"https:\/\/api.w.org\/{rel}","templated":true}]}}