{"id":7679,"date":"2019-05-03T23:12:26","date_gmt":"2019-05-03T21:12:26","guid":{"rendered":"https:\/\/evertonfc.cz\/?p=7679"},"modified":"2019-05-04T08:50:29","modified_gmt":"2019-05-04T06:50:29","slug":"everton-burnley-2-0","status":"publish","type":"post","link":"https:\/\/evertonfc.cz\/index.php\/2019\/05\/03\/everton-burnley-2-0\/","title":{"rendered":"Everton &#8211; Burnley 2:0"},"content":{"rendered":"<h4>Everton se nehodl\u00e1 vzd\u00e1t boje o mo\u017enou kvalifikaci do Evropsk\u00e9 ligy a s Goodison Parkem se p\u0159ed letn\u00ed p\u0159est\u00e1vkou rozlou\u010dil pohodln\u00fdm v\u00edt\u011bzstv\u00edm 2:0 nad Burnley.<\/h4>\n<p>Mana\u017eer Marco Silva pot\u0159et\u00ed ze sebou vyslal do utk\u00e1n\u00ed stejnou z\u00e1kladn\u00ed sestavu, oproti posledn\u00ed v\u00edkendu provedl pouze jednu zm\u011bnu na lavi\u010dce n\u00e1hradn\u00edk\u016f: Davies v \u00fater\u00fd podepsal nov\u00fd dlouhodob\u00fd kontrakt a dnes dostal p\u0159ednost p\u0159ed McCarthym.<\/p>\n<p>Dom\u00e1c\u00ed vstoupili do p\u0159edposledn\u00edho kola sez\u00f3ny velmi aktivn\u011b, soupe\u0159e uv\u011bznili p\u0159ed jeho br\u00e1nou a v\u00ed\u0159iv\u00fdmi kombinacemi si zajistili \u00favodn\u00ed p\u0159evahu, je\u017e vygradovala v 17. minut\u011b. Calvert-Lewin dob\u0159e st\u00e1hl dlouh\u00fd n\u00e1kop, oslovil Sigurdssona, kter\u00fd narazil Richarlisonovi. Brazilec bez rozm\u00fd\u0161len\u00ed nap\u0159\u00e1hl z d\u00e1lky a jeho te\u010dovan\u00e1 st\u0159ela zapadla za z\u00e1da bezmocn\u00e9ho brank\u00e1\u0159e Heatona &#8211; <strong>1:0<\/strong>. Branka byla nakonec p\u0159ips\u00e1na jako vlastn\u00ed Bena Mea, jeliko\u017e bez jeho z\u00e1sahu by st\u0159ela nesko\u010dila mezi t\u0159emi ty\u010demi. To v\u0161ak nezm\u011bnilo nic na faktu brzk\u00e9ho a zaslou\u017een\u00e9ho veden\u00ed Evertonu, kter\u00e9 se do\u010dkalo nav\u00fd\u0161en\u00ed ji\u017e za t\u0159i minuty. Digneho r\u00e1nu vyrazil Heaton jen p\u0159ed sebe a pohotov\u00fd Coleman hlavi\u010dkou uklidil m\u00ed\u010d do br\u00e1ny &#8211; <strong>2:0<\/strong>.<\/p>\n<p>Po nabyt\u00ed dvoubrankov\u00e9 v\u00fdhody Toffees logicky nepatrn\u011b polevili v aktivit\u011b a Burnley se poprv\u00e9 dostalo na dost\u0159el Pickforda. Branka Barnesa ale spr\u00e1vn\u011b neplatila pro ofsajd. N\u00e1sledn\u011b t\u011bsn\u011b p\u0159ed polo\u010dasovou p\u0159est\u00e1vkou p\u0159edvedl na druh\u00e9 stran\u011b h\u0159i\u0161t\u011b sv\u016fj cit pro balon \u0161ikovn\u00fd Bernard, po uvoln\u011bn\u00ed vysunul Sigurdssona, jeho\u017e pokus z \u00fahlu prol\u00e9tl nad b\u0159evnem.<\/p>\n<p>Everton kr\u00e1tce po za\u010d\u00e1tku druh\u00e9ho polo\u010dasu p\u0159i\u0161el o zran\u011bn\u00e9ho Richarlisona (op\u011btovn\u00e9 probl\u00e9my v oblasti \u017eeber), jeho m\u00edsto zaujal zku\u0161en\u00fd, le\u010d kvalitativn\u011b hor\u0161\u00ed Walcott. Mo\u017en\u00e1 i pr\u00e1v\u011b absence dob\u0159e hraj\u00edc\u00edho Richarlisona zap\u0159\u00ed\u010dinila, \u017ee Toffees po p\u0159est\u00e1vce trochu polevili na presinku a intenzit\u011b hry. Sp\u00ed\u0161e si ale hl\u00eddali dvoubrankov\u00fd n\u00e1skok, p\u0159eci jenom umn\u011b dr\u017eeli m\u00ed\u010d na kopa\u010dk\u00e1ch a Burnley si nevypracovalo \u017e\u00e1dnou vylo\u017eenou \u0161anci. Pouze p\u00e1rkr\u00e1t zahrozilo z proti\u00fatoku.<\/p>\n<p>Nejpoveden\u011bj\u0161\u00ed fotbalovou akc\u00ed druh\u00e9ho polo\u010dasu byla tak uk\u00e1zka talentu st\u0159\u00eddaj\u00edc\u00edho Lookmana v z\u00e1v\u011bru z\u00e1pasu, kdy si na metru hbitou kli\u010dkovou vytvo\u0159il palebnou pozici a zpoza v\u00e1pna oraz\u00edtkoval b\u0159evno. Mlad\u00fd Angli\u010dan je\u0161t\u011b n\u00e1sledn\u011b v nastaven\u00ed jako jeho spoluhr\u00e1\u010d Walcott nevyu\u017eil zmatek v obran\u011b Burnley a odm\u00edtl pe\u010detit v\u00fdhru.<\/p>\n<p>Posledn\u00ed minuty ale pat\u0159ili Jagielkovi. 36let\u00fd stoper a kapit\u00e1n vyb\u011bhl na h\u0159i\u0161t\u011b na posledn\u00ed minuty, co\u017e nazna\u010dilo, \u017ee se pravd\u011bpodobn\u011b nedo\u010dk\u00e1 prodlou\u017een\u00ed kon\u010d\u00edc\u00edho kontraktu, a tud\u00ed\u017e se s Toffees po 11 letech rozlou\u010d\u00ed.<\/p>\n<p>P\u0159ed rokem po posledn\u00edm kole na Goodison Parku byli hr\u00e1\u010di a realiza\u010dn\u00ed t\u00fdm Evertonu vyp\u00edsk\u00e1ni vlastn\u00edmi fanou\u0161ky. Letos, a\u010d se nach\u00e1z\u00ed na podobn\u00e9 pozici v tabulce, usly\u0161eli potlesk z tribun. Vyda\u0159en\u00fd z\u00e1v\u011br sez\u00f3ny (p\u011bt v\u00fdher a \u0161est \u010dist\u00fdch kont v posledn\u00edch sedmi z\u00e1pasech) toti\u017e d\u00e1v\u00e1 nad\u011bji do budouc\u00edch m\u011bs\u00edc\u016f. Sv\u011b\u0159enci Marca Silvy se i p\u0159es ob\u010dasn\u00e1 za\u0161kobrtnut\u00ed pomalu, ale jist\u011b zlep\u0161uj\u00ed.<\/p>\n<p><strong>Branky:<\/strong> 17. Ben Mee (vl.), 20. S\u00e9amus Coleman<\/p>\n<p><strong>\u017dK:<\/strong> 37. Ashley Westwood, 80. James Tarkowski<\/p>\n<p><strong>Everton:<\/strong> Jordan Pickford, S\u00e9amus Coleman, Kurt Zouma, Michael Keane, Lucas Digne, Morgan Schneiderlin, Idrissa Gueye, Gylfi Sigurdsson (90+1. Phil Jagielka), Bernard (73. Ademola Lookman), Dominic Calvert-Lewin, Richarlison (49. Theo Walcott)<\/p>\n<p><strong>Burnley:<\/strong> Tom Heaton, Matthew Lowton, James Tarkowski, Ben Mee, Charlie Taylor, Jack Cork, Ashley Westwood, Robbie Brady (80. Jeffrey Hendrick), J\u00f3hann Gudmundsson (69. Dwight McNeil), Ashley Barnes (72. Mat\u011bj Vydra), Chris Wood<\/p>\n<p><strong>Rozhod\u010d\u00ed:<\/strong> Chris Kavanagh<\/p>\n<p><strong>Div\u00e1ci:<\/strong> 39 303<\/p>\n<p><strong>Mu\u017e z\u00e1pasu:<\/strong> Lucas Digne (BBC) \/ Richarlison (Sky Sports) \/ Idrissa Gueye (autor \u010dl\u00e1nku)<\/p>\n","protected":false},"excerpt":{"rendered":"<p>Everton se nehodl\u00e1 vzd\u00e1t boje o mo\u017enou kvalifikaci do Evropsk\u00e9 ligy a s Goodison Parkem se p\u0159ed letn\u00ed p\u0159est\u00e1vkou rozlou\u010dil pohodln\u00fdm v\u00edt\u011bzstv\u00edm 2:0 nad Burnley.<\/p>\n","protected":false},"author":6,"featured_media":7680,"comment_status":"open","ping_status":"closed","sticky":false,"template":"","format":"standard","meta":{"_eb_attr":"","_monsterinsights_skip_tracking":false,"_monsterinsights_sitenote_active":false,"_monsterinsights_sitenote_note":"","_monsterinsights_sitenote_category":0,"footnotes":""},"categories":[4],"tags":[],"yoast_head":"<!-- This site is optimized with the Yoast SEO plugin v23.4 - https:\/\/yoast.com\/wordpress\/plugins\/seo\/ -->\n<title>Everton - Burnley 2:0 - Official Czech &amp; Slovak Everton Supporters&#039; Club<\/title>\n<meta name=\"robots\" content=\"index, follow, max-snippet:-1, max-image-preview:large, max-video-preview:-1\" \/>\n<link rel=\"canonical\" href=\"https:\/\/evertonfc.cz\/index.php\/2019\/05\/03\/everton-burnley-2-0\/\" \/>\n<meta property=\"og:locale\" content=\"cs_CZ\" \/>\n<meta property=\"og:type\" content=\"article\" \/>\n<meta property=\"og:title\" content=\"Everton - Burnley 2:0 - Official Czech &amp; Slovak Everton Supporters&#039; Club\" \/>\n<meta property=\"og:description\" content=\"Everton se nehodl\u00e1 vzd\u00e1t boje o mo\u017enou kvalifikaci do Evropsk\u00e9 ligy a s Goodison Parkem se p\u0159ed letn\u00ed p\u0159est\u00e1vkou rozlou\u010dil pohodln\u00fdm v\u00edt\u011bzstv\u00edm 2:0 nad Burnley.\" \/>\n<meta property=\"og:url\" content=\"https:\/\/evertonfc.cz\/index.php\/2019\/05\/03\/everton-burnley-2-0\/\" \/>\n<meta property=\"og:site_name\" content=\"Official Czech &amp; Slovak Everton Supporters&#039; Club\" \/>\n<meta property=\"article:publisher\" content=\"https:\/\/www.facebook.com\/everton.fans.cz.sk\" \/>\n<meta property=\"article:published_time\" content=\"2019-05-03T21:12:26+00:00\" \/>\n<meta property=\"article:modified_time\" content=\"2019-05-04T06:50:29+00:00\" \/>\n<meta property=\"og:image\" content=\"https:\/\/evertonfc.cz\/wp-content\/uploads\/2019\/05\/coleman_5_3_2019.jpg\" \/>\n\t<meta property=\"og:image:width\" content=\"720\" \/>\n\t<meta property=\"og:image:height\" content=\"405\" \/>\n\t<meta property=\"og:image:type\" content=\"image\/jpeg\" \/>\n<meta name=\"author\" content=\"Ri\u010di\" \/>\n<meta name=\"twitter:card\" content=\"summary_large_image\" \/>\n<meta name=\"twitter:creator\" content=\"@rbrejsa\" \/>\n<meta name=\"twitter:label1\" content=\"Napsal(a)\" \/>\n\t<meta name=\"twitter:data1\" content=\"Ri\u010di\" \/>\n\t<meta name=\"twitter:label2\" content=\"Odhadovan\u00e1 doba \u010dten\u00ed\" \/>\n\t<meta name=\"twitter:data2\" content=\"3 minuty\" \/>\n<script type=\"application\/ld+json\" class=\"yoast-schema-graph\">{\"@context\":\"https:\/\/schema.org\",\"@graph\":[{\"@type\":\"Article\",\"@id\":\"https:\/\/evertonfc.cz\/index.php\/2019\/05\/03\/everton-burnley-2-0\/#article\",\"isPartOf\":{\"@id\":\"https:\/\/evertonfc.cz\/index.php\/2019\/05\/03\/everton-burnley-2-0\/\"},\"author\":{\"name\":\"Ri\u010di\",\"@id\":\"https:\/\/evertonfc.cz\/#\/schema\/person\/f7a5daedb2ffee98480bc70e191aaef1\"},\"headline\":\"Everton &#8211; Burnley 2:0\",\"datePublished\":\"2019-05-03T21:12:26+00:00\",\"dateModified\":\"2019-05-04T06:50:29+00:00\",\"mainEntityOfPage\":{\"@id\":\"https:\/\/evertonfc.cz\/index.php\/2019\/05\/03\/everton-burnley-2-0\/\"},\"wordCount\":687,\"commentCount\":17,\"publisher\":{\"@id\":\"https:\/\/evertonfc.cz\/#organization\"},\"image\":{\"@id\":\"https:\/\/evertonfc.cz\/index.php\/2019\/05\/03\/everton-burnley-2-0\/#primaryimage\"},\"thumbnailUrl\":\"https:\/\/evertonfc.cz\/wp-content\/uploads\/2019\/05\/coleman_5_3_2019.jpg\",\"articleSection\":[\"Z\u00e1pasy\"],\"inLanguage\":\"cs\",\"potentialAction\":[{\"@type\":\"CommentAction\",\"name\":\"Comment\",\"target\":[\"https:\/\/evertonfc.cz\/index.php\/2019\/05\/03\/everton-burnley-2-0\/#respond\"]}]},{\"@type\":\"WebPage\",\"@id\":\"https:\/\/evertonfc.cz\/index.php\/2019\/05\/03\/everton-burnley-2-0\/\",\"url\":\"https:\/\/evertonfc.cz\/index.php\/2019\/05\/03\/everton-burnley-2-0\/\",\"name\":\"Everton - Burnley 2:0 - Official Czech &amp; Slovak Everton Supporters&#039; Club\",\"isPartOf\":{\"@id\":\"https:\/\/evertonfc.cz\/#website\"},\"primaryImageOfPage\":{\"@id\":\"https:\/\/evertonfc.cz\/index.php\/2019\/05\/03\/everton-burnley-2-0\/#primaryimage\"},\"image\":{\"@id\":\"https:\/\/evertonfc.cz\/index.php\/2019\/05\/03\/everton-burnley-2-0\/#primaryimage\"},\"thumbnailUrl\":\"https:\/\/evertonfc.cz\/wp-content\/uploads\/2019\/05\/coleman_5_3_2019.jpg\",\"datePublished\":\"2019-05-03T21:12:26+00:00\",\"dateModified\":\"2019-05-04T06:50:29+00:00\",\"breadcrumb\":{\"@id\":\"https:\/\/evertonfc.cz\/index.php\/2019\/05\/03\/everton-burnley-2-0\/#breadcrumb\"},\"inLanguage\":\"cs\",\"potentialAction\":[{\"@type\":\"ReadAction\",\"target\":[\"https:\/\/evertonfc.cz\/index.php\/2019\/05\/03\/everton-burnley-2-0\/\"]}]},{\"@type\":\"ImageObject\",\"inLanguage\":\"cs\",\"@id\":\"https:\/\/evertonfc.cz\/index.php\/2019\/05\/03\/everton-burnley-2-0\/#primaryimage\",\"url\":\"https:\/\/evertonfc.cz\/wp-content\/uploads\/2019\/05\/coleman_5_3_2019.jpg\",\"contentUrl\":\"https:\/\/evertonfc.cz\/wp-content\/uploads\/2019\/05\/coleman_5_3_2019.jpg\",\"width\":720,\"height\":405},{\"@type\":\"BreadcrumbList\",\"@id\":\"https:\/\/evertonfc.cz\/index.php\/2019\/05\/03\/everton-burnley-2-0\/#breadcrumb\",\"itemListElement\":[{\"@type\":\"ListItem\",\"position\":1,\"name\":\"Home\",\"item\":\"https:\/\/evertonfc.cz\/\"},{\"@type\":\"ListItem\",\"position\":2,\"name\":\"Everton &#8211; Burnley 2:0\"}]},{\"@type\":\"WebSite\",\"@id\":\"https:\/\/evertonfc.cz\/#website\",\"url\":\"https:\/\/evertonfc.cz\/\",\"name\":\"Official Czech &amp; Slovak Everton Supporters&#039; Club\",\"description\":\"\",\"publisher\":{\"@id\":\"https:\/\/evertonfc.cz\/#organization\"},\"potentialAction\":[{\"@type\":\"SearchAction\",\"target\":{\"@type\":\"EntryPoint\",\"urlTemplate\":\"https:\/\/evertonfc.cz\/?s={search_term_string}\"},\"query-input\":{\"@type\":\"PropertyValueSpecification\",\"valueRequired\":true,\"valueName\":\"search_term_string\"}}],\"inLanguage\":\"cs\"},{\"@type\":\"Organization\",\"@id\":\"https:\/\/evertonfc.cz\/#organization\",\"name\":\"Official Czech & Slovak Everton Supporters' Club\",\"url\":\"https:\/\/evertonfc.cz\/\",\"logo\":{\"@type\":\"ImageObject\",\"inLanguage\":\"cs\",\"@id\":\"https:\/\/evertonfc.cz\/#\/schema\/logo\/image\/\",\"url\":\"https:\/\/evertonfc.cz\/wp-content\/uploads\/2019\/05\/logo.png\",\"contentUrl\":\"https:\/\/evertonfc.cz\/wp-content\/uploads\/2019\/05\/logo.png\",\"width\":112,\"height\":112,\"caption\":\"Official Czech & Slovak Everton Supporters' Club\"},\"image\":{\"@id\":\"https:\/\/evertonfc.cz\/#\/schema\/logo\/image\/\"},\"sameAs\":[\"https:\/\/www.facebook.com\/everton.fans.cz.sk\"]},{\"@type\":\"Person\",\"@id\":\"https:\/\/evertonfc.cz\/#\/schema\/person\/f7a5daedb2ffee98480bc70e191aaef1\",\"name\":\"Ri\u010di\",\"sameAs\":[\"https:\/\/x.com\/rbrejsa\"],\"url\":\"https:\/\/evertonfc.cz\/index.php\/author\/rici\/\"}]}<\/script>\n<!-- \/ Yoast SEO plugin. -->","yoast_head_json":{"title":"Everton - Burnley 2:0 - Official Czech &amp; Slovak Everton Supporters&#039; Club","robots":{"index":"index","follow":"follow","max-snippet":"max-snippet:-1","max-image-preview":"max-image-preview:large","max-video-preview":"max-video-preview:-1"},"canonical":"https:\/\/evertonfc.cz\/index.php\/2019\/05\/03\/everton-burnley-2-0\/","og_locale":"cs_CZ","og_type":"article","og_title":"Everton - Burnley 2:0 - Official Czech &amp; Slovak Everton Supporters&#039; Club","og_description":"Everton se nehodl\u00e1 vzd\u00e1t boje o mo\u017enou kvalifikaci do Evropsk\u00e9 ligy a s Goodison Parkem se p\u0159ed letn\u00ed p\u0159est\u00e1vkou rozlou\u010dil pohodln\u00fdm v\u00edt\u011bzstv\u00edm 2:0 nad Burnley.","og_url":"https:\/\/evertonfc.cz\/index.php\/2019\/05\/03\/everton-burnley-2-0\/","og_site_name":"Official Czech &amp; Slovak Everton Supporters&#039; Club","article_publisher":"https:\/\/www.facebook.com\/everton.fans.cz.sk","article_published_time":"2019-05-03T21:12:26+00:00","article_modified_time":"2019-05-04T06:50:29+00:00","og_image":[{"width":720,"height":405,"url":"https:\/\/evertonfc.cz\/wp-content\/uploads\/2019\/05\/coleman_5_3_2019.jpg","type":"image\/jpeg"}],"author":"Ri\u010di","twitter_card":"summary_large_image","twitter_creator":"@rbrejsa","twitter_misc":{"Napsal(a)":"Ri\u010di","Odhadovan\u00e1 doba \u010dten\u00ed":"3 minuty"},"schema":{"@context":"https:\/\/schema.org","@graph":[{"@type":"Article","@id":"https:\/\/evertonfc.cz\/index.php\/2019\/05\/03\/everton-burnley-2-0\/#article","isPartOf":{"@id":"https:\/\/evertonfc.cz\/index.php\/2019\/05\/03\/everton-burnley-2-0\/"},"author":{"name":"Ri\u010di","@id":"https:\/\/evertonfc.cz\/#\/schema\/person\/f7a5daedb2ffee98480bc70e191aaef1"},"headline":"Everton &#8211; Burnley 2:0","datePublished":"2019-05-03T21:12:26+00:00","dateModified":"2019-05-04T06:50:29+00:00","mainEntityOfPage":{"@id":"https:\/\/evertonfc.cz\/index.php\/2019\/05\/03\/everton-burnley-2-0\/"},"wordCount":687,"commentCount":17,"publisher":{"@id":"https:\/\/evertonfc.cz\/#organization"},"image":{"@id":"https:\/\/evertonfc.cz\/index.php\/2019\/05\/03\/everton-burnley-2-0\/#primaryimage"},"thumbnailUrl":"https:\/\/evertonfc.cz\/wp-content\/uploads\/2019\/05\/coleman_5_3_2019.jpg","articleSection":["Z\u00e1pasy"],"inLanguage":"cs","potentialAction":[{"@type":"CommentAction","name":"Comment","target":["https:\/\/evertonfc.cz\/index.php\/2019\/05\/03\/everton-burnley-2-0\/#respond"]}]},{"@type":"WebPage","@id":"https:\/\/evertonfc.cz\/index.php\/2019\/05\/03\/everton-burnley-2-0\/","url":"https:\/\/evertonfc.cz\/index.php\/2019\/05\/03\/everton-burnley-2-0\/","name":"Everton - Burnley 2:0 - Official Czech &amp; Slovak Everton Supporters&#039; Club","isPartOf":{"@id":"https:\/\/evertonfc.cz\/#website"},"primaryImageOfPage":{"@id":"https:\/\/evertonfc.cz\/index.php\/2019\/05\/03\/everton-burnley-2-0\/#primaryimage"},"image":{"@id":"https:\/\/evertonfc.cz\/index.php\/2019\/05\/03\/everton-burnley-2-0\/#primaryimage"},"thumbnailUrl":"https:\/\/evertonfc.cz\/wp-content\/uploads\/2019\/05\/coleman_5_3_2019.jpg","datePublished":"2019-05-03T21:12:26+00:00","dateModified":"2019-05-04T06:50:29+00:00","breadcrumb":{"@id":"https:\/\/evertonfc.cz\/index.php\/2019\/05\/03\/everton-burnley-2-0\/#breadcrumb"},"inLanguage":"cs","potentialAction":[{"@type":"ReadAction","target":["https:\/\/evertonfc.cz\/index.php\/2019\/05\/03\/everton-burnley-2-0\/"]}]},{"@type":"ImageObject","inLanguage":"cs","@id":"https:\/\/evertonfc.cz\/index.php\/2019\/05\/03\/everton-burnley-2-0\/#primaryimage","url":"https:\/\/evertonfc.cz\/wp-content\/uploads\/2019\/05\/coleman_5_3_2019.jpg","contentUrl":"https:\/\/evertonfc.cz\/wp-content\/uploads\/2019\/05\/coleman_5_3_2019.jpg","width":720,"height":405},{"@type":"BreadcrumbList","@id":"https:\/\/evertonfc.cz\/index.php\/2019\/05\/03\/everton-burnley-2-0\/#breadcrumb","itemListElement":[{"@type":"ListItem","position":1,"name":"Home","item":"https:\/\/evertonfc.cz\/"},{"@type":"ListItem","position":2,"name":"Everton &#8211; Burnley 2:0"}]},{"@type":"WebSite","@id":"https:\/\/evertonfc.cz\/#website","url":"https:\/\/evertonfc.cz\/","name":"Official Czech &amp; Slovak Everton Supporters&#039; Club","description":"","publisher":{"@id":"https:\/\/evertonfc.cz\/#organization"},"potentialAction":[{"@type":"SearchAction","target":{"@type":"EntryPoint","urlTemplate":"https:\/\/evertonfc.cz\/?s={search_term_string}"},"query-input":{"@type":"PropertyValueSpecification","valueRequired":true,"valueName":"search_term_string"}}],"inLanguage":"cs"},{"@type":"Organization","@id":"https:\/\/evertonfc.cz\/#organization","name":"Official Czech & Slovak Everton Supporters' Club","url":"https:\/\/evertonfc.cz\/","logo":{"@type":"ImageObject","inLanguage":"cs","@id":"https:\/\/evertonfc.cz\/#\/schema\/logo\/image\/","url":"https:\/\/evertonfc.cz\/wp-content\/uploads\/2019\/05\/logo.png","contentUrl":"https:\/\/evertonfc.cz\/wp-content\/uploads\/2019\/05\/logo.png","width":112,"height":112,"caption":"Official Czech & Slovak Everton Supporters' Club"},"image":{"@id":"https:\/\/evertonfc.cz\/#\/schema\/logo\/image\/"},"sameAs":["https:\/\/www.facebook.com\/everton.fans.cz.sk"]},{"@type":"Person","@id":"https:\/\/evertonfc.cz\/#\/schema\/person\/f7a5daedb2ffee98480bc70e191aaef1","name":"Ri\u010di","sameAs":["https:\/\/x.com\/rbrejsa"],"url":"https:\/\/evertonfc.cz\/index.php\/author\/rici\/"}]}},"_links":{"self":[{"href":"https:\/\/evertonfc.cz\/index.php\/wp-json\/wp\/v2\/posts\/7679"}],"collection":[{"href":"https:\/\/evertonfc.cz\/index.php\/wp-json\/wp\/v2\/posts"}],"about":[{"href":"https:\/\/evertonfc.cz\/index.php\/wp-json\/wp\/v2\/types\/post"}],"author":[{"embeddable":true,"href":"https:\/\/evertonfc.cz\/index.php\/wp-json\/wp\/v2\/users\/6"}],"replies":[{"embeddable":true,"href":"https:\/\/evertonfc.cz\/index.php\/wp-json\/wp\/v2\/comments?post=7679"}],"version-history":[{"count":11,"href":"https:\/\/evertonfc.cz\/index.php\/wp-json\/wp\/v2\/posts\/7679\/revisions"}],"predecessor-version":[{"id":7693,"href":"https:\/\/evertonfc.cz\/index.php\/wp-json\/wp\/v2\/posts\/7679\/revisions\/7693"}],"wp:featuredmedia":[{"embeddable":true,"href":"https:\/\/evertonfc.cz\/index.php\/wp-json\/wp\/v2\/media\/7680"}],"wp:attachment":[{"href":"https:\/\/evertonfc.cz\/index.php\/wp-json\/wp\/v2\/media?parent=7679"}],"wp:term":[{"taxonomy":"category","embeddable":true,"href":"https:\/\/evertonfc.cz\/index.php\/wp-json\/wp\/v2\/categories?post=7679"},{"taxonomy":"post_tag","embeddable":true,"href":"https:\/\/evertonfc.cz\/index.php\/wp-json\/wp\/v2\/tags?post=7679"}],"curies":[{"name":"wp","href":"https:\/\/api.w.org\/{rel}","templated":true}]}}