{"id":7695,"date":"2019-05-04T14:34:44","date_gmt":"2019-05-04T12:34:44","guid":{"rendered":"https:\/\/evertonfc.cz\/?p=7695"},"modified":"2020-05-14T12:31:21","modified_gmt":"2020-05-14T10:31:21","slug":"budoucnost-jagielky-stale-nejista","status":"publish","type":"post","link":"https:\/\/evertonfc.cz\/index.php\/2019\/05\/04\/budoucnost-jagielky-stale-nejista\/","title":{"rendered":"Budoucnost Jagielky st\u00e1le nejist\u00e1"},"content":{"rendered":"<h4>Zat\u00edmco 34let\u00fd Leighton Baines se pravd\u011bpodobn\u011b do\u010dk\u00e1 nov\u00e9ho kontraktu, dal\u0161\u00ed setrv\u00e1n\u00ed jeho o dva roky star\u0161\u00edho spoluhr\u00e1\u010de v Evertonu nad\u00e1le z\u016fst\u00e1v\u00e1 ot\u00e1zkou.<\/h4>\n<p>Leighton Baines a Phil Jagielka jsou novodob\u00e9 ikony klubu. Oba p\u0159i\u0161li do Evertonu v roce 2007 za mana\u017eerov\u00e1n\u00ed Davida Moyese a od t\u00e9 doby oba odehr\u00e1li za klub p\u0159es 300 z\u00e1pas\u016f. Ob\u011bma po konci leto\u0161n\u00ed sez\u00f3ny vypr\u0161\u00ed smlouva.<\/p>\n<p>Baines je mnoh\u00fdmi pova\u017eov\u00e1n za nejlep\u0161\u00edho hr\u00e1\u010de Evertonu v tomto tis\u00edcilet\u00ed, Jagielka zase za nejlep\u0161\u00edho stopera Evertonu v tomto tis\u00edcilet\u00ed. Fotbalov\u00e1 kari\u00e9ra je ale kr\u00e1tk\u00e1 a u obou b\u00fdval\u00fdch anglick\u00fdch reprezentant\u016f pomalu sm\u011b\u0159uje ke sv\u00e9mu konci.<\/p>\n<p>Den\u00edk Liverpool Echo informoval minul\u00fd t\u00fdden o tom, \u017ee se o budoucnosti zku\u0161en\u00e9 dvojice rozhodne p\u0159ed utk\u00e1n\u00edm s Burnley. Fin\u00e1ln\u00ed verdikt se ale zat\u00edm odkl\u00e1d\u00e1, p\u0159esto lze podle n\u00e1znak\u016f odhadovat, jak se situace vyvine.<\/p>\n<p>Baines se po p\u0159\u00edchodu Lucase Digneho stal n\u00e1hradn\u00edkem, kter\u00fd nastupuje sporadicky, Silva si v\u0161ak nem\u016f\u017ee vynachv\u00e1lit jeho ka\u017edodenn\u00edho p\u0159\u00edstupu a p\u0159ipravenosti. Lze tak p\u0159edpokl\u00e1dat, \u017ee se lev\u00fd obr\u00e1nce do\u010dk\u00e1 jednoro\u010dn\u00edho prodlou\u017een\u00ed smlouvy, kter\u00e9 rovn\u011b\u017e umo\u017en\u00ed 21let\u00e9mu Antoneemu Robinsovi dal\u0161\u00ed, ji\u017e t\u0159et\u00ed, hostov\u00e1n\u00ed a sb\u00edr\u00e1n\u00ed cenn\u00fdch zku\u0161enost\u00ed, ne\u017e mana\u017eer Silva rozhodne, zda disponuje dostate\u010dn\u00fdmi kvalitami, aby pov\u00fd\u0161il do prvn\u00edho t\u00fdmu Evertonu. Robinson, reprezentant USA, u\u017e druhou sez\u00f3nu po sob\u011b nazna\u010duje sv\u016fj potenci\u00e1l v t\u00fdmu doln\u00ed poloviny druh\u00e9 ligy (nejprve Bolton, letos Wigan), jeho do\u010dasn\u00e9 anga\u017em\u00e1 v lep\u0161\u00edm t\u00fdmu v p\u0159\u00ed\u0161t\u00ed sez\u00f3n\u011b coby se tedy vylo\u017een\u011b nab\u00edz\u00ed.<\/p>\n<p>Ohledn\u011b Jagielky je v\u0161e trochu komplikovan\u011bj\u0161\u00ed. Silva ho ve v\u010derej\u0161\u00edm utk\u00e1n\u00ed s Burnley poslal na h\u0159i\u0161t\u011b na posledn\u00ed t\u0159i minuty. Aby se mohl rozlou\u010dit s fanou\u0161ky na hrac\u00ed plo\u0161e? Mana\u017eer to po z\u00e1pase odm\u00edtl potvrdit, rozhodnut\u00ed pr\u00fd bude u\u010din\u011bno v p\u0159\u00ed\u0161t\u00edch 10 dnech.<\/p>\n<p>Everton m\u016f\u017ee rozhodnut\u00ed oddalovat ze dvou hlavn\u00edch d\u016fvod\u016f: Prvn\u00edm je st\u00e1le mo\u017en\u00e1 kvalifikace do Evropsk\u00e9 ligy. Pokud by Toffees p\u0159eci jenom dos\u00e1hli na kone\u010dn\u00e9 sedm\u00e9 m\u00edsto a Manchester City by ve fin\u00e1le FA Cupu porazil Watford, letn\u00ed p\u0159est\u00e1vka by za\u010dala d\u0159\u00edve p\u0159edkolem Evropsk\u00e9 ligy. \u00da\u010dast v\u00a0evropsk\u00e9m poh\u00e1ru by znamenala nutnost \u0161ir\u0161\u00edho k\u00e1dru a tehdy by se zku\u0161enosti Jagielky n\u00e1ramn\u011b hodily.<\/p>\n<p>Druh\u00fdm d\u016fvodem je rovn\u011b\u017e nejasn\u00e1 budoucnost Kurta Zoumy. Jeho mate\u0159sk\u00fd klub Chelsea st\u00e1le \u010dek\u00e1 na rozhodnut\u00ed Mezin\u00e1rodn\u00ed fotbalov\u00e9 federace FIFA, zda jeho z\u00e1kaz p\u0159estup\u016f bude platit u\u017e od l\u00e9ta, \u010di a\u017e od jednoho z n\u00e1sleduj\u00edc\u00edch p\u0159estupov\u00fdch obdob\u00ed.<\/p>\n<p>Okam\u017eit\u00fd z\u00e1kaz p\u0159estup\u016f by zna\u010dn\u011b ohrozil mo\u017enost z\u00edskat Zoumu na trval\u00fd p\u0159estup, co\u017e je Silvovo z\u0159eteln\u00e9 p\u0159\u00e1n\u00ed.<\/p>\n<p>Obsazen\u00ed stoper\u016f ve slo\u017een\u00ed Zouma, Keane, Mina a z\u00a0hostov\u00e1n\u00ed vracej\u00edc\u00ed se Holgate by bylo dostate\u010dn\u00e9 pro sez\u00f3nu bez evropsk\u00fdch poh\u00e1r\u016f, zvl\u00e1\u0161\u0165 jestli\u017ee se o \u0161anci v\u00a0prvn\u00edm t\u00fdmu hl\u00e1s\u00ed rovn\u011b\u017e mlad\u00ed stope\u0159i z\u00a0klubov\u00e9 v\u00fdb\u011bru do 23 let Morgan Feeney a Lewis Gibson. V\u00a0tomto sc\u00e9n\u00e1\u0159i by nezbylo m\u00edsto pro Jagielku, kter\u00fd i v\u00a036 letech chce je\u0161t\u011b pokra\u010dovat v\u00a0hr\u00e1\u010dsk\u00e9 kari\u00e9\u0159e.<\/p>\n<p>Po propu\u0161t\u011bn\u00ed z Evertonu by Jagielka mohl zam\u00ed\u0159it do Sheffieldu United, v n\u011bm\u017e vstoupil do sv\u011bta velk\u00e9ho fotbalu a vyslou\u017eil si p\u0159estup do Evertonu. Blades nav\u00edc postoupili do Premier League, hr\u00e1\u010dem kvalit Jagielky by jen t\u011b\u017eko opovrhovali, zvl\u00e1\u0161t\u011b kdy\u017e by byl dostupn\u00fd zdarma.<\/p>\n<p>Mo\u017en\u00e9 sc\u00e9n\u00e1\u0159e dal\u0161\u00ed budoucnosti Phila Jagielky jsou z\u00e1visl\u00e9 na mnoha okolnostech, kone\u010dn\u00e9 roz\u0159e\u0161en\u00ed tak bude zn\u00e1mo a\u017e za dal\u0161\u00edch 10 dn\u00ed.<\/p>\n","protected":false},"excerpt":{"rendered":"<p>Zat\u00edmco 34let\u00fd Leighton Baines se pravd\u011bpodobn\u011b do\u010dk\u00e1 nov\u00e9ho kontraktu, dal\u0161\u00ed setrv\u00e1n\u00ed jeho o dva roky star\u0161\u00edho spoluhr\u00e1\u010de v Evertonu nad\u00e1le z\u016fst\u00e1v\u00e1 ot\u00e1zkou.<\/p>\n","protected":false},"author":6,"featured_media":7694,"comment_status":"open","ping_status":"closed","sticky":false,"template":"","format":"standard","meta":{"_eb_attr":"","_monsterinsights_skip_tracking":false,"_monsterinsights_sitenote_active":false,"_monsterinsights_sitenote_note":"","_monsterinsights_sitenote_category":0,"footnotes":""},"categories":[42],"tags":[],"yoast_head":"<!-- This site is optimized with the Yoast SEO plugin v23.4 - https:\/\/yoast.com\/wordpress\/plugins\/seo\/ -->\n<title>Budoucnost Jagielky st\u00e1le nejist\u00e1 - Official Czech &amp; Slovak Everton Supporters&#039; Club<\/title>\n<meta name=\"robots\" content=\"index, follow, max-snippet:-1, max-image-preview:large, max-video-preview:-1\" \/>\n<link rel=\"canonical\" href=\"https:\/\/evertonfc.cz\/index.php\/2019\/05\/04\/budoucnost-jagielky-stale-nejista\/\" \/>\n<meta property=\"og:locale\" content=\"cs_CZ\" \/>\n<meta property=\"og:type\" content=\"article\" \/>\n<meta property=\"og:title\" content=\"Budoucnost Jagielky st\u00e1le nejist\u00e1 - Official Czech &amp; Slovak Everton Supporters&#039; Club\" \/>\n<meta property=\"og:description\" content=\"Zat\u00edmco 34let\u00fd Leighton Baines se pravd\u011bpodobn\u011b do\u010dk\u00e1 nov\u00e9ho kontraktu, dal\u0161\u00ed setrv\u00e1n\u00ed jeho o dva roky star\u0161\u00edho spoluhr\u00e1\u010de v Evertonu nad\u00e1le z\u016fst\u00e1v\u00e1 ot\u00e1zkou.\" \/>\n<meta property=\"og:url\" content=\"https:\/\/evertonfc.cz\/index.php\/2019\/05\/04\/budoucnost-jagielky-stale-nejista\/\" \/>\n<meta property=\"og:site_name\" content=\"Official Czech &amp; Slovak Everton Supporters&#039; Club\" \/>\n<meta property=\"article:publisher\" content=\"https:\/\/www.facebook.com\/everton.fans.cz.sk\" \/>\n<meta property=\"article:published_time\" content=\"2019-05-04T12:34:44+00:00\" \/>\n<meta property=\"article:modified_time\" content=\"2020-05-14T10:31:21+00:00\" \/>\n<meta property=\"og:image\" content=\"https:\/\/evertonfc.cz\/wp-content\/uploads\/2019\/05\/jagielka_4_5_2019.jpg\" \/>\n\t<meta property=\"og:image:width\" content=\"720\" \/>\n\t<meta property=\"og:image:height\" content=\"405\" \/>\n\t<meta property=\"og:image:type\" content=\"image\/jpeg\" \/>\n<meta name=\"author\" content=\"Ri\u010di\" \/>\n<meta name=\"twitter:card\" content=\"summary_large_image\" \/>\n<meta name=\"twitter:creator\" content=\"@rbrejsa\" \/>\n<meta name=\"twitter:label1\" content=\"Napsal(a)\" \/>\n\t<meta name=\"twitter:data1\" content=\"Ri\u010di\" \/>\n\t<meta name=\"twitter:label2\" content=\"Odhadovan\u00e1 doba \u010dten\u00ed\" \/>\n\t<meta name=\"twitter:data2\" content=\"3 minuty\" \/>\n<script type=\"application\/ld+json\" class=\"yoast-schema-graph\">{\"@context\":\"https:\/\/schema.org\",\"@graph\":[{\"@type\":\"Article\",\"@id\":\"https:\/\/evertonfc.cz\/index.php\/2019\/05\/04\/budoucnost-jagielky-stale-nejista\/#article\",\"isPartOf\":{\"@id\":\"https:\/\/evertonfc.cz\/index.php\/2019\/05\/04\/budoucnost-jagielky-stale-nejista\/\"},\"author\":{\"name\":\"Ri\u010di\",\"@id\":\"https:\/\/evertonfc.cz\/#\/schema\/person\/f7a5daedb2ffee98480bc70e191aaef1\"},\"headline\":\"Budoucnost Jagielky st\u00e1le nejist\u00e1\",\"datePublished\":\"2019-05-04T12:34:44+00:00\",\"dateModified\":\"2020-05-14T10:31:21+00:00\",\"mainEntityOfPage\":{\"@id\":\"https:\/\/evertonfc.cz\/index.php\/2019\/05\/04\/budoucnost-jagielky-stale-nejista\/\"},\"wordCount\":704,\"commentCount\":2,\"publisher\":{\"@id\":\"https:\/\/evertonfc.cz\/#organization\"},\"image\":{\"@id\":\"https:\/\/evertonfc.cz\/index.php\/2019\/05\/04\/budoucnost-jagielky-stale-nejista\/#primaryimage\"},\"thumbnailUrl\":\"https:\/\/evertonfc.cz\/wp-content\/uploads\/2019\/05\/jagielka_4_5_2019.jpg\",\"articleSection\":[\"Aktuality\"],\"inLanguage\":\"cs\",\"potentialAction\":[{\"@type\":\"CommentAction\",\"name\":\"Comment\",\"target\":[\"https:\/\/evertonfc.cz\/index.php\/2019\/05\/04\/budoucnost-jagielky-stale-nejista\/#respond\"]}]},{\"@type\":\"WebPage\",\"@id\":\"https:\/\/evertonfc.cz\/index.php\/2019\/05\/04\/budoucnost-jagielky-stale-nejista\/\",\"url\":\"https:\/\/evertonfc.cz\/index.php\/2019\/05\/04\/budoucnost-jagielky-stale-nejista\/\",\"name\":\"Budoucnost Jagielky st\u00e1le nejist\u00e1 - Official Czech &amp; Slovak Everton Supporters&#039; Club\",\"isPartOf\":{\"@id\":\"https:\/\/evertonfc.cz\/#website\"},\"primaryImageOfPage\":{\"@id\":\"https:\/\/evertonfc.cz\/index.php\/2019\/05\/04\/budoucnost-jagielky-stale-nejista\/#primaryimage\"},\"image\":{\"@id\":\"https:\/\/evertonfc.cz\/index.php\/2019\/05\/04\/budoucnost-jagielky-stale-nejista\/#primaryimage\"},\"thumbnailUrl\":\"https:\/\/evertonfc.cz\/wp-content\/uploads\/2019\/05\/jagielka_4_5_2019.jpg\",\"datePublished\":\"2019-05-04T12:34:44+00:00\",\"dateModified\":\"2020-05-14T10:31:21+00:00\",\"breadcrumb\":{\"@id\":\"https:\/\/evertonfc.cz\/index.php\/2019\/05\/04\/budoucnost-jagielky-stale-nejista\/#breadcrumb\"},\"inLanguage\":\"cs\",\"potentialAction\":[{\"@type\":\"ReadAction\",\"target\":[\"https:\/\/evertonfc.cz\/index.php\/2019\/05\/04\/budoucnost-jagielky-stale-nejista\/\"]}]},{\"@type\":\"ImageObject\",\"inLanguage\":\"cs\",\"@id\":\"https:\/\/evertonfc.cz\/index.php\/2019\/05\/04\/budoucnost-jagielky-stale-nejista\/#primaryimage\",\"url\":\"https:\/\/evertonfc.cz\/wp-content\/uploads\/2019\/05\/jagielka_4_5_2019.jpg\",\"contentUrl\":\"https:\/\/evertonfc.cz\/wp-content\/uploads\/2019\/05\/jagielka_4_5_2019.jpg\",\"width\":720,\"height\":405},{\"@type\":\"BreadcrumbList\",\"@id\":\"https:\/\/evertonfc.cz\/index.php\/2019\/05\/04\/budoucnost-jagielky-stale-nejista\/#breadcrumb\",\"itemListElement\":[{\"@type\":\"ListItem\",\"position\":1,\"name\":\"Home\",\"item\":\"https:\/\/evertonfc.cz\/\"},{\"@type\":\"ListItem\",\"position\":2,\"name\":\"Budoucnost Jagielky st\u00e1le nejist\u00e1\"}]},{\"@type\":\"WebSite\",\"@id\":\"https:\/\/evertonfc.cz\/#website\",\"url\":\"https:\/\/evertonfc.cz\/\",\"name\":\"Official Czech &amp; Slovak Everton Supporters&#039; Club\",\"description\":\"\",\"publisher\":{\"@id\":\"https:\/\/evertonfc.cz\/#organization\"},\"potentialAction\":[{\"@type\":\"SearchAction\",\"target\":{\"@type\":\"EntryPoint\",\"urlTemplate\":\"https:\/\/evertonfc.cz\/?s={search_term_string}\"},\"query-input\":{\"@type\":\"PropertyValueSpecification\",\"valueRequired\":true,\"valueName\":\"search_term_string\"}}],\"inLanguage\":\"cs\"},{\"@type\":\"Organization\",\"@id\":\"https:\/\/evertonfc.cz\/#organization\",\"name\":\"Official Czech & Slovak Everton Supporters' Club\",\"url\":\"https:\/\/evertonfc.cz\/\",\"logo\":{\"@type\":\"ImageObject\",\"inLanguage\":\"cs\",\"@id\":\"https:\/\/evertonfc.cz\/#\/schema\/logo\/image\/\",\"url\":\"https:\/\/evertonfc.cz\/wp-content\/uploads\/2019\/05\/logo.png\",\"contentUrl\":\"https:\/\/evertonfc.cz\/wp-content\/uploads\/2019\/05\/logo.png\",\"width\":112,\"height\":112,\"caption\":\"Official Czech & Slovak Everton Supporters' Club\"},\"image\":{\"@id\":\"https:\/\/evertonfc.cz\/#\/schema\/logo\/image\/\"},\"sameAs\":[\"https:\/\/www.facebook.com\/everton.fans.cz.sk\"]},{\"@type\":\"Person\",\"@id\":\"https:\/\/evertonfc.cz\/#\/schema\/person\/f7a5daedb2ffee98480bc70e191aaef1\",\"name\":\"Ri\u010di\",\"sameAs\":[\"https:\/\/x.com\/rbrejsa\"],\"url\":\"https:\/\/evertonfc.cz\/index.php\/author\/rici\/\"}]}<\/script>\n<!-- \/ Yoast SEO plugin. -->","yoast_head_json":{"title":"Budoucnost Jagielky st\u00e1le nejist\u00e1 - Official Czech &amp; Slovak Everton Supporters&#039; Club","robots":{"index":"index","follow":"follow","max-snippet":"max-snippet:-1","max-image-preview":"max-image-preview:large","max-video-preview":"max-video-preview:-1"},"canonical":"https:\/\/evertonfc.cz\/index.php\/2019\/05\/04\/budoucnost-jagielky-stale-nejista\/","og_locale":"cs_CZ","og_type":"article","og_title":"Budoucnost Jagielky st\u00e1le nejist\u00e1 - Official Czech &amp; Slovak Everton Supporters&#039; Club","og_description":"Zat\u00edmco 34let\u00fd Leighton Baines se pravd\u011bpodobn\u011b do\u010dk\u00e1 nov\u00e9ho kontraktu, dal\u0161\u00ed setrv\u00e1n\u00ed jeho o dva roky star\u0161\u00edho spoluhr\u00e1\u010de v Evertonu nad\u00e1le z\u016fst\u00e1v\u00e1 ot\u00e1zkou.","og_url":"https:\/\/evertonfc.cz\/index.php\/2019\/05\/04\/budoucnost-jagielky-stale-nejista\/","og_site_name":"Official Czech &amp; Slovak Everton Supporters&#039; Club","article_publisher":"https:\/\/www.facebook.com\/everton.fans.cz.sk","article_published_time":"2019-05-04T12:34:44+00:00","article_modified_time":"2020-05-14T10:31:21+00:00","og_image":[{"width":720,"height":405,"url":"https:\/\/evertonfc.cz\/wp-content\/uploads\/2019\/05\/jagielka_4_5_2019.jpg","type":"image\/jpeg"}],"author":"Ri\u010di","twitter_card":"summary_large_image","twitter_creator":"@rbrejsa","twitter_misc":{"Napsal(a)":"Ri\u010di","Odhadovan\u00e1 doba \u010dten\u00ed":"3 minuty"},"schema":{"@context":"https:\/\/schema.org","@graph":[{"@type":"Article","@id":"https:\/\/evertonfc.cz\/index.php\/2019\/05\/04\/budoucnost-jagielky-stale-nejista\/#article","isPartOf":{"@id":"https:\/\/evertonfc.cz\/index.php\/2019\/05\/04\/budoucnost-jagielky-stale-nejista\/"},"author":{"name":"Ri\u010di","@id":"https:\/\/evertonfc.cz\/#\/schema\/person\/f7a5daedb2ffee98480bc70e191aaef1"},"headline":"Budoucnost Jagielky st\u00e1le nejist\u00e1","datePublished":"2019-05-04T12:34:44+00:00","dateModified":"2020-05-14T10:31:21+00:00","mainEntityOfPage":{"@id":"https:\/\/evertonfc.cz\/index.php\/2019\/05\/04\/budoucnost-jagielky-stale-nejista\/"},"wordCount":704,"commentCount":2,"publisher":{"@id":"https:\/\/evertonfc.cz\/#organization"},"image":{"@id":"https:\/\/evertonfc.cz\/index.php\/2019\/05\/04\/budoucnost-jagielky-stale-nejista\/#primaryimage"},"thumbnailUrl":"https:\/\/evertonfc.cz\/wp-content\/uploads\/2019\/05\/jagielka_4_5_2019.jpg","articleSection":["Aktuality"],"inLanguage":"cs","potentialAction":[{"@type":"CommentAction","name":"Comment","target":["https:\/\/evertonfc.cz\/index.php\/2019\/05\/04\/budoucnost-jagielky-stale-nejista\/#respond"]}]},{"@type":"WebPage","@id":"https:\/\/evertonfc.cz\/index.php\/2019\/05\/04\/budoucnost-jagielky-stale-nejista\/","url":"https:\/\/evertonfc.cz\/index.php\/2019\/05\/04\/budoucnost-jagielky-stale-nejista\/","name":"Budoucnost Jagielky st\u00e1le nejist\u00e1 - Official Czech &amp; Slovak Everton Supporters&#039; Club","isPartOf":{"@id":"https:\/\/evertonfc.cz\/#website"},"primaryImageOfPage":{"@id":"https:\/\/evertonfc.cz\/index.php\/2019\/05\/04\/budoucnost-jagielky-stale-nejista\/#primaryimage"},"image":{"@id":"https:\/\/evertonfc.cz\/index.php\/2019\/05\/04\/budoucnost-jagielky-stale-nejista\/#primaryimage"},"thumbnailUrl":"https:\/\/evertonfc.cz\/wp-content\/uploads\/2019\/05\/jagielka_4_5_2019.jpg","datePublished":"2019-05-04T12:34:44+00:00","dateModified":"2020-05-14T10:31:21+00:00","breadcrumb":{"@id":"https:\/\/evertonfc.cz\/index.php\/2019\/05\/04\/budoucnost-jagielky-stale-nejista\/#breadcrumb"},"inLanguage":"cs","potentialAction":[{"@type":"ReadAction","target":["https:\/\/evertonfc.cz\/index.php\/2019\/05\/04\/budoucnost-jagielky-stale-nejista\/"]}]},{"@type":"ImageObject","inLanguage":"cs","@id":"https:\/\/evertonfc.cz\/index.php\/2019\/05\/04\/budoucnost-jagielky-stale-nejista\/#primaryimage","url":"https:\/\/evertonfc.cz\/wp-content\/uploads\/2019\/05\/jagielka_4_5_2019.jpg","contentUrl":"https:\/\/evertonfc.cz\/wp-content\/uploads\/2019\/05\/jagielka_4_5_2019.jpg","width":720,"height":405},{"@type":"BreadcrumbList","@id":"https:\/\/evertonfc.cz\/index.php\/2019\/05\/04\/budoucnost-jagielky-stale-nejista\/#breadcrumb","itemListElement":[{"@type":"ListItem","position":1,"name":"Home","item":"https:\/\/evertonfc.cz\/"},{"@type":"ListItem","position":2,"name":"Budoucnost Jagielky st\u00e1le nejist\u00e1"}]},{"@type":"WebSite","@id":"https:\/\/evertonfc.cz\/#website","url":"https:\/\/evertonfc.cz\/","name":"Official Czech &amp; Slovak Everton Supporters&#039; Club","description":"","publisher":{"@id":"https:\/\/evertonfc.cz\/#organization"},"potentialAction":[{"@type":"SearchAction","target":{"@type":"EntryPoint","urlTemplate":"https:\/\/evertonfc.cz\/?s={search_term_string}"},"query-input":{"@type":"PropertyValueSpecification","valueRequired":true,"valueName":"search_term_string"}}],"inLanguage":"cs"},{"@type":"Organization","@id":"https:\/\/evertonfc.cz\/#organization","name":"Official Czech & Slovak Everton Supporters' Club","url":"https:\/\/evertonfc.cz\/","logo":{"@type":"ImageObject","inLanguage":"cs","@id":"https:\/\/evertonfc.cz\/#\/schema\/logo\/image\/","url":"https:\/\/evertonfc.cz\/wp-content\/uploads\/2019\/05\/logo.png","contentUrl":"https:\/\/evertonfc.cz\/wp-content\/uploads\/2019\/05\/logo.png","width":112,"height":112,"caption":"Official Czech & Slovak Everton Supporters' Club"},"image":{"@id":"https:\/\/evertonfc.cz\/#\/schema\/logo\/image\/"},"sameAs":["https:\/\/www.facebook.com\/everton.fans.cz.sk"]},{"@type":"Person","@id":"https:\/\/evertonfc.cz\/#\/schema\/person\/f7a5daedb2ffee98480bc70e191aaef1","name":"Ri\u010di","sameAs":["https:\/\/x.com\/rbrejsa"],"url":"https:\/\/evertonfc.cz\/index.php\/author\/rici\/"}]}},"_links":{"self":[{"href":"https:\/\/evertonfc.cz\/index.php\/wp-json\/wp\/v2\/posts\/7695"}],"collection":[{"href":"https:\/\/evertonfc.cz\/index.php\/wp-json\/wp\/v2\/posts"}],"about":[{"href":"https:\/\/evertonfc.cz\/index.php\/wp-json\/wp\/v2\/types\/post"}],"author":[{"embeddable":true,"href":"https:\/\/evertonfc.cz\/index.php\/wp-json\/wp\/v2\/users\/6"}],"replies":[{"embeddable":true,"href":"https:\/\/evertonfc.cz\/index.php\/wp-json\/wp\/v2\/comments?post=7695"}],"version-history":[{"count":11,"href":"https:\/\/evertonfc.cz\/index.php\/wp-json\/wp\/v2\/posts\/7695\/revisions"}],"predecessor-version":[{"id":7706,"href":"https:\/\/evertonfc.cz\/index.php\/wp-json\/wp\/v2\/posts\/7695\/revisions\/7706"}],"wp:featuredmedia":[{"embeddable":true,"href":"https:\/\/evertonfc.cz\/index.php\/wp-json\/wp\/v2\/media\/7694"}],"wp:attachment":[{"href":"https:\/\/evertonfc.cz\/index.php\/wp-json\/wp\/v2\/media?parent=7695"}],"wp:term":[{"taxonomy":"category","embeddable":true,"href":"https:\/\/evertonfc.cz\/index.php\/wp-json\/wp\/v2\/categories?post=7695"},{"taxonomy":"post_tag","embeddable":true,"href":"https:\/\/evertonfc.cz\/index.php\/wp-json\/wp\/v2\/tags?post=7695"}],"curies":[{"name":"wp","href":"https:\/\/api.w.org\/{rel}","templated":true}]}}