{"id":7712,"date":"2019-05-07T14:47:17","date_gmt":"2019-05-07T12:47:17","guid":{"rendered":"https:\/\/evertonfc.cz\/?p=7712"},"modified":"2019-05-07T14:57:38","modified_gmt":"2019-05-07T12:57:38","slug":"silva-doufa-v-gueyeho-setrvani","status":"publish","type":"post","link":"https:\/\/evertonfc.cz\/index.php\/2019\/05\/07\/silva-doufa-v-gueyeho-setrvani\/","title":{"rendered":"Silva douf\u00e1 v Gueyeho setrv\u00e1n\u00ed"},"content":{"rendered":"<h4>Mana\u017eer Marco Silva vysekl poklonu Idrissovi Gueyemu, kter\u00fd od lednov\u00e9ho neuskute\u010dn\u011bn\u00e9ho p\u0159estupu do francouzsk\u00e9ho velkoklubu Paris-Saint Germain pod\u00e1v\u00e1 skv\u011bl\u00e9 a komplexn\u011bj\u0161\u00ed v\u00fdkony.<\/h4>\n<p>Francouzsk\u00fd mistr se o 29let\u00e9ho z\u00e1lo\u017en\u00edka vehementn\u011b uch\u00e1zel ke konci zimn\u00edho p\u0159estupov\u00e9ho obdob\u00ed. Toffees ale p\u0159estup smetli ze stolu, a kdy\u017e posl\u00e9ze samotn\u00fd fotbalista vyj\u00e1d\u0159il zklam\u00e1n\u00ed nad neuskute\u010dn\u011bn\u00fdm p\u0159esunem, vyvst\u00e1valy pochybnosti o Gueyeho p\u0159\u00edstupu k jarn\u00edm z\u00e1pas\u016f v dresu Evertonu.<\/p>\n<p>Senegalec v\u0161ak naopak pozvedl sv\u00e9 v\u00fdkony je\u0161t\u011b na vy\u0161\u0161\u00ed v\u00fdkonnostn\u00ed \u00farove\u0148.<\/p>\n<p><em>\u201eNikdy jsem nepochyboval o jeho p\u0159\u00edstupu,\u201c <\/em>zah\u00e1jil Silva rozhovor pro den\u00edk Liverpool Echo,<em> \u201eostatn\u011b to jsem v\u00e1m n\u011bkolikr\u00e1t zopakoval u\u017e b\u011bhem lednov\u00e9ho hektick\u00e9ho obdob\u00ed.<\/em><\/p>\n<p><em>Dok\u00e1\u017ei pochopit hr\u00e1\u010dovu frustraci, tehdy v zim\u011b pro n\u011bj p\u0159estup mohl znamenat uskute\u010dn\u011bn\u00ed snu nebo n\u011bjakou podobnu v\u00fdzvu. Ne\u0161lo o lehk\u00e9 rozhodnut\u00ed, ale jako klub jsme zaujali jasn\u00fd postoj. Je rovn\u011b\u017e pravdou, \u017ee jsme n\u00e1sledn\u011b s Ganou vedli n\u011bkolik rozhovor\u016f.<\/em><\/p>\n<p><em>V jarn\u00ed \u010d\u00e1sti sez\u00f3ny Gana p\u0159esv\u011bd\u010dil o sv\u00e9 kvalit\u011b a uk\u00e1zal, jak\u00fdm je profesion\u00e1lem. Ke v\u0161em v Evertonu se chov\u00e1 s respektem. Nav\u00edc hraje l\u00e9pe ne\u017e d\u0159\u00edve. Pracujeme spolu u\u017e osm m\u011bs\u00edc\u016f a mohu s klidem \u0159\u00edct, \u017ee se neust\u00e1le zdokonaluje.\u201c<\/em><\/p>\n<p>Gueye zlep\u0161il zejm\u00e9na svou ofenzivn\u00ed str\u00e1nku hry. V z\u00e1pasech je \u010dast\u011bji k vid\u011bn\u00ed s m\u00ed\u010dem u nohy a tak\u00e9 se v\u00edce zapojuje do \u00fato\u010dn\u00fdch akc\u00edch. <em>\u201eGana je jednodu\u0161e skv\u011bl\u00fd v defenzivn\u00edm i ofenzivn\u00edm p\u0159echodu. P\u0159edstavuje trochu jin\u00fd typ z\u00e1lo\u017en\u00edka ne\u017e na\u0161i ostatn\u00ed st\u0159edopola\u0159i. Je hbit\u00fd, rychl\u00fd a agresivn\u00ed. Pokud se mu nevyda\u0159\u00ed z\u00e1pas, trp\u00ed cel\u00e9 mu\u017estvo.<\/em><\/p>\n<p><em>Jsem p\u0159esv\u011bd\u010den o schopnostech v\u0161ech na\u0161ich z\u00e1lo\u017en\u00edk\u016f. V\u00edm, co o\u010dek\u00e1vat od ka\u017ed\u00e9ho jednoho z nich. Gan\u016fv hr\u00e1\u010dsk\u00fd profil se odli\u0161uje od ostatn\u00edch.<\/em><\/p>\n<p><em>V m\u00e9m stylu hry je velmi d\u016fle\u017eit\u00e9, aby v\u0161ichni z\u00e1lo\u017en\u00edci hr\u00e1li sm\u011brem dop\u0159edu, byli schopni odhadnout dal\u0161\u00ed v\u00fdvoj akc\u00ed a z\u00e1sobovali na\u0161i \u00fato\u010dnou \u0159adu. M\u016f\u017eete snadno vid\u011bt, jak se Gana postupn\u011b zlep\u0161uje v pr\u00e1ci s m\u00ed\u010dem. V\u00edce si v\u011b\u0159\u00ed a neboj\u00ed si na sebe vz\u00edt odpov\u011bdnost p\u0159i zakl\u00e1d\u00e1n\u00ed \u00fato\u010dn\u00fdch akc\u00ed. Podle m\u011b hraje nejl\u00e9pe za cel\u00e9 sv\u00e9 anga\u017em\u00e1 v Evertonu,\u201c <\/em>prozradil portugalsk\u00fd strat\u00e9g.<\/p>\n<p>Senegalsk\u00fd reprezentant p\u016fsob\u00ed na Goodison Parku od l\u00e9ta 2017, kdy byl koupen za 7,1 milionu liber z Aston Villy. Jak se brzy uk\u00e1zalo, jednalo se velmi zda\u0159il\u00fd obchod.<\/p>\n<p>Gueye se v barv\u00e1ch Toffees okam\u017eit\u011b za\u0159adil mezi nejlep\u0161\u00ed defenzivn\u00ed z\u00e1lo\u017en\u00edky v Premier League, a tak nen\u00ed p\u0159ekvapen\u00edm, \u017ee jeho letn\u00ed odchod do v\u011bt\u0161\u00edho klubu bude op\u011bt v medi\u00edch sklo\u0148ovan\u00fdm t\u00e9matem. Silva p\u0159esto douf\u00e1 v jeho setrv\u00e1n\u00ed. <em>\u201eNep\u0159ekvapuje m\u011b z\u00e1jem jin\u00fdch t\u00fdm\u016f, v\u017edy\u0165 pro\u017e\u00edv\u00e1 fantastickou sez\u00f3nu. Nehodl\u00e1m reagovat na spekulace, m\u00fdm \u00fakolem je postarat se o to, aby se hr\u00e1\u010di neust\u00e1le zdokonalovali. Rozhodn\u011b bych ale r\u00e1d Ganu udr\u017eel v\u00a0t\u00fdmu. Mus\u00edme d\u011blat v\u0161e, co je v na\u0161ich sil\u00e1ch, aby na\u0161i nejlep\u0161\u00ed hr\u00e1\u010di neodch\u00e1zeli,\u201c <\/em>zakon\u010dil Silva rozhovor.<\/p>\n","protected":false},"excerpt":{"rendered":"<p>Mana\u017eer Marco Silva vysekl poklonu Idrissovi Gueyemu, kter\u00fd od lednov\u00e9ho neuskute\u010dn\u011bn\u00e9ho p\u0159estupu do francouzsk\u00e9ho velkoklubu Paris-Saint Germain pod\u00e1v\u00e1 skv\u011bl\u00e9 a komplexn\u011bj\u0161\u00ed v\u00fdkony.<\/p>\n","protected":false},"author":6,"featured_media":7711,"comment_status":"open","ping_status":"closed","sticky":false,"template":"","format":"standard","meta":{"_eb_attr":"","_monsterinsights_skip_tracking":false,"_monsterinsights_sitenote_active":false,"_monsterinsights_sitenote_note":"","_monsterinsights_sitenote_category":0,"footnotes":""},"categories":[1],"tags":[],"yoast_head":"<!-- This site is optimized with the Yoast SEO plugin v23.4 - https:\/\/yoast.com\/wordpress\/plugins\/seo\/ -->\n<title>Silva douf\u00e1 v Gueyeho setrv\u00e1n\u00ed - Official Czech &amp; Slovak Everton Supporters&#039; Club<\/title>\n<meta name=\"robots\" content=\"index, follow, max-snippet:-1, max-image-preview:large, max-video-preview:-1\" \/>\n<link rel=\"canonical\" href=\"https:\/\/evertonfc.cz\/index.php\/2019\/05\/07\/silva-doufa-v-gueyeho-setrvani\/\" \/>\n<meta property=\"og:locale\" content=\"cs_CZ\" \/>\n<meta property=\"og:type\" content=\"article\" \/>\n<meta property=\"og:title\" content=\"Silva douf\u00e1 v Gueyeho setrv\u00e1n\u00ed - Official Czech &amp; Slovak Everton Supporters&#039; Club\" \/>\n<meta property=\"og:description\" content=\"Mana\u017eer Marco Silva vysekl poklonu Idrissovi Gueyemu, kter\u00fd od lednov\u00e9ho neuskute\u010dn\u011bn\u00e9ho p\u0159estupu do francouzsk\u00e9ho velkoklubu Paris-Saint Germain pod\u00e1v\u00e1 skv\u011bl\u00e9 a komplexn\u011bj\u0161\u00ed v\u00fdkony.\" \/>\n<meta property=\"og:url\" content=\"https:\/\/evertonfc.cz\/index.php\/2019\/05\/07\/silva-doufa-v-gueyeho-setrvani\/\" \/>\n<meta property=\"og:site_name\" content=\"Official Czech &amp; Slovak Everton Supporters&#039; Club\" \/>\n<meta property=\"article:publisher\" content=\"https:\/\/www.facebook.com\/everton.fans.cz.sk\" \/>\n<meta property=\"article:published_time\" content=\"2019-05-07T12:47:17+00:00\" \/>\n<meta property=\"article:modified_time\" content=\"2019-05-07T12:57:38+00:00\" \/>\n<meta property=\"og:image\" content=\"https:\/\/evertonfc.cz\/wp-content\/uploads\/2019\/05\/gana_7_5_2019.jpg\" \/>\n\t<meta property=\"og:image:width\" content=\"720\" \/>\n\t<meta property=\"og:image:height\" content=\"405\" \/>\n\t<meta property=\"og:image:type\" content=\"image\/jpeg\" \/>\n<meta name=\"author\" content=\"Ri\u010di\" \/>\n<meta name=\"twitter:card\" content=\"summary_large_image\" \/>\n<meta name=\"twitter:creator\" content=\"@rbrejsa\" \/>\n<meta name=\"twitter:label1\" content=\"Napsal(a)\" \/>\n\t<meta name=\"twitter:data1\" content=\"Ri\u010di\" \/>\n\t<meta name=\"twitter:label2\" content=\"Odhadovan\u00e1 doba \u010dten\u00ed\" \/>\n\t<meta name=\"twitter:data2\" content=\"3 minuty\" \/>\n<script type=\"application\/ld+json\" class=\"yoast-schema-graph\">{\"@context\":\"https:\/\/schema.org\",\"@graph\":[{\"@type\":\"Article\",\"@id\":\"https:\/\/evertonfc.cz\/index.php\/2019\/05\/07\/silva-doufa-v-gueyeho-setrvani\/#article\",\"isPartOf\":{\"@id\":\"https:\/\/evertonfc.cz\/index.php\/2019\/05\/07\/silva-doufa-v-gueyeho-setrvani\/\"},\"author\":{\"name\":\"Ri\u010di\",\"@id\":\"https:\/\/evertonfc.cz\/#\/schema\/person\/f7a5daedb2ffee98480bc70e191aaef1\"},\"headline\":\"Silva douf\u00e1 v Gueyeho setrv\u00e1n\u00ed\",\"datePublished\":\"2019-05-07T12:47:17+00:00\",\"dateModified\":\"2019-05-07T12:57:38+00:00\",\"mainEntityOfPage\":{\"@id\":\"https:\/\/evertonfc.cz\/index.php\/2019\/05\/07\/silva-doufa-v-gueyeho-setrvani\/\"},\"wordCount\":623,\"commentCount\":0,\"publisher\":{\"@id\":\"https:\/\/evertonfc.cz\/#organization\"},\"image\":{\"@id\":\"https:\/\/evertonfc.cz\/index.php\/2019\/05\/07\/silva-doufa-v-gueyeho-setrvani\/#primaryimage\"},\"thumbnailUrl\":\"https:\/\/evertonfc.cz\/wp-content\/uploads\/2019\/05\/gana_7_5_2019.jpg\",\"articleSection\":[\"Rozhovory\"],\"inLanguage\":\"cs\",\"potentialAction\":[{\"@type\":\"CommentAction\",\"name\":\"Comment\",\"target\":[\"https:\/\/evertonfc.cz\/index.php\/2019\/05\/07\/silva-doufa-v-gueyeho-setrvani\/#respond\"]}]},{\"@type\":\"WebPage\",\"@id\":\"https:\/\/evertonfc.cz\/index.php\/2019\/05\/07\/silva-doufa-v-gueyeho-setrvani\/\",\"url\":\"https:\/\/evertonfc.cz\/index.php\/2019\/05\/07\/silva-doufa-v-gueyeho-setrvani\/\",\"name\":\"Silva douf\u00e1 v Gueyeho setrv\u00e1n\u00ed - Official Czech &amp; Slovak Everton Supporters&#039; Club\",\"isPartOf\":{\"@id\":\"https:\/\/evertonfc.cz\/#website\"},\"primaryImageOfPage\":{\"@id\":\"https:\/\/evertonfc.cz\/index.php\/2019\/05\/07\/silva-doufa-v-gueyeho-setrvani\/#primaryimage\"},\"image\":{\"@id\":\"https:\/\/evertonfc.cz\/index.php\/2019\/05\/07\/silva-doufa-v-gueyeho-setrvani\/#primaryimage\"},\"thumbnailUrl\":\"https:\/\/evertonfc.cz\/wp-content\/uploads\/2019\/05\/gana_7_5_2019.jpg\",\"datePublished\":\"2019-05-07T12:47:17+00:00\",\"dateModified\":\"2019-05-07T12:57:38+00:00\",\"breadcrumb\":{\"@id\":\"https:\/\/evertonfc.cz\/index.php\/2019\/05\/07\/silva-doufa-v-gueyeho-setrvani\/#breadcrumb\"},\"inLanguage\":\"cs\",\"potentialAction\":[{\"@type\":\"ReadAction\",\"target\":[\"https:\/\/evertonfc.cz\/index.php\/2019\/05\/07\/silva-doufa-v-gueyeho-setrvani\/\"]}]},{\"@type\":\"ImageObject\",\"inLanguage\":\"cs\",\"@id\":\"https:\/\/evertonfc.cz\/index.php\/2019\/05\/07\/silva-doufa-v-gueyeho-setrvani\/#primaryimage\",\"url\":\"https:\/\/evertonfc.cz\/wp-content\/uploads\/2019\/05\/gana_7_5_2019.jpg\",\"contentUrl\":\"https:\/\/evertonfc.cz\/wp-content\/uploads\/2019\/05\/gana_7_5_2019.jpg\",\"width\":720,\"height\":405},{\"@type\":\"BreadcrumbList\",\"@id\":\"https:\/\/evertonfc.cz\/index.php\/2019\/05\/07\/silva-doufa-v-gueyeho-setrvani\/#breadcrumb\",\"itemListElement\":[{\"@type\":\"ListItem\",\"position\":1,\"name\":\"Home\",\"item\":\"https:\/\/evertonfc.cz\/\"},{\"@type\":\"ListItem\",\"position\":2,\"name\":\"Silva douf\u00e1 v Gueyeho setrv\u00e1n\u00ed\"}]},{\"@type\":\"WebSite\",\"@id\":\"https:\/\/evertonfc.cz\/#website\",\"url\":\"https:\/\/evertonfc.cz\/\",\"name\":\"Official Czech &amp; Slovak Everton Supporters&#039; Club\",\"description\":\"\",\"publisher\":{\"@id\":\"https:\/\/evertonfc.cz\/#organization\"},\"potentialAction\":[{\"@type\":\"SearchAction\",\"target\":{\"@type\":\"EntryPoint\",\"urlTemplate\":\"https:\/\/evertonfc.cz\/?s={search_term_string}\"},\"query-input\":{\"@type\":\"PropertyValueSpecification\",\"valueRequired\":true,\"valueName\":\"search_term_string\"}}],\"inLanguage\":\"cs\"},{\"@type\":\"Organization\",\"@id\":\"https:\/\/evertonfc.cz\/#organization\",\"name\":\"Official Czech & Slovak Everton Supporters' Club\",\"url\":\"https:\/\/evertonfc.cz\/\",\"logo\":{\"@type\":\"ImageObject\",\"inLanguage\":\"cs\",\"@id\":\"https:\/\/evertonfc.cz\/#\/schema\/logo\/image\/\",\"url\":\"https:\/\/evertonfc.cz\/wp-content\/uploads\/2019\/05\/logo.png\",\"contentUrl\":\"https:\/\/evertonfc.cz\/wp-content\/uploads\/2019\/05\/logo.png\",\"width\":112,\"height\":112,\"caption\":\"Official Czech & Slovak Everton Supporters' Club\"},\"image\":{\"@id\":\"https:\/\/evertonfc.cz\/#\/schema\/logo\/image\/\"},\"sameAs\":[\"https:\/\/www.facebook.com\/everton.fans.cz.sk\"]},{\"@type\":\"Person\",\"@id\":\"https:\/\/evertonfc.cz\/#\/schema\/person\/f7a5daedb2ffee98480bc70e191aaef1\",\"name\":\"Ri\u010di\",\"sameAs\":[\"https:\/\/x.com\/rbrejsa\"],\"url\":\"https:\/\/evertonfc.cz\/index.php\/author\/rici\/\"}]}<\/script>\n<!-- \/ Yoast SEO plugin. -->","yoast_head_json":{"title":"Silva douf\u00e1 v Gueyeho setrv\u00e1n\u00ed - Official Czech &amp; Slovak Everton Supporters&#039; Club","robots":{"index":"index","follow":"follow","max-snippet":"max-snippet:-1","max-image-preview":"max-image-preview:large","max-video-preview":"max-video-preview:-1"},"canonical":"https:\/\/evertonfc.cz\/index.php\/2019\/05\/07\/silva-doufa-v-gueyeho-setrvani\/","og_locale":"cs_CZ","og_type":"article","og_title":"Silva douf\u00e1 v Gueyeho setrv\u00e1n\u00ed - Official Czech &amp; Slovak Everton Supporters&#039; Club","og_description":"Mana\u017eer Marco Silva vysekl poklonu Idrissovi Gueyemu, kter\u00fd od lednov\u00e9ho neuskute\u010dn\u011bn\u00e9ho p\u0159estupu do francouzsk\u00e9ho velkoklubu Paris-Saint Germain pod\u00e1v\u00e1 skv\u011bl\u00e9 a komplexn\u011bj\u0161\u00ed v\u00fdkony.","og_url":"https:\/\/evertonfc.cz\/index.php\/2019\/05\/07\/silva-doufa-v-gueyeho-setrvani\/","og_site_name":"Official Czech &amp; Slovak Everton Supporters&#039; Club","article_publisher":"https:\/\/www.facebook.com\/everton.fans.cz.sk","article_published_time":"2019-05-07T12:47:17+00:00","article_modified_time":"2019-05-07T12:57:38+00:00","og_image":[{"width":720,"height":405,"url":"https:\/\/evertonfc.cz\/wp-content\/uploads\/2019\/05\/gana_7_5_2019.jpg","type":"image\/jpeg"}],"author":"Ri\u010di","twitter_card":"summary_large_image","twitter_creator":"@rbrejsa","twitter_misc":{"Napsal(a)":"Ri\u010di","Odhadovan\u00e1 doba \u010dten\u00ed":"3 minuty"},"schema":{"@context":"https:\/\/schema.org","@graph":[{"@type":"Article","@id":"https:\/\/evertonfc.cz\/index.php\/2019\/05\/07\/silva-doufa-v-gueyeho-setrvani\/#article","isPartOf":{"@id":"https:\/\/evertonfc.cz\/index.php\/2019\/05\/07\/silva-doufa-v-gueyeho-setrvani\/"},"author":{"name":"Ri\u010di","@id":"https:\/\/evertonfc.cz\/#\/schema\/person\/f7a5daedb2ffee98480bc70e191aaef1"},"headline":"Silva douf\u00e1 v Gueyeho setrv\u00e1n\u00ed","datePublished":"2019-05-07T12:47:17+00:00","dateModified":"2019-05-07T12:57:38+00:00","mainEntityOfPage":{"@id":"https:\/\/evertonfc.cz\/index.php\/2019\/05\/07\/silva-doufa-v-gueyeho-setrvani\/"},"wordCount":623,"commentCount":0,"publisher":{"@id":"https:\/\/evertonfc.cz\/#organization"},"image":{"@id":"https:\/\/evertonfc.cz\/index.php\/2019\/05\/07\/silva-doufa-v-gueyeho-setrvani\/#primaryimage"},"thumbnailUrl":"https:\/\/evertonfc.cz\/wp-content\/uploads\/2019\/05\/gana_7_5_2019.jpg","articleSection":["Rozhovory"],"inLanguage":"cs","potentialAction":[{"@type":"CommentAction","name":"Comment","target":["https:\/\/evertonfc.cz\/index.php\/2019\/05\/07\/silva-doufa-v-gueyeho-setrvani\/#respond"]}]},{"@type":"WebPage","@id":"https:\/\/evertonfc.cz\/index.php\/2019\/05\/07\/silva-doufa-v-gueyeho-setrvani\/","url":"https:\/\/evertonfc.cz\/index.php\/2019\/05\/07\/silva-doufa-v-gueyeho-setrvani\/","name":"Silva douf\u00e1 v Gueyeho setrv\u00e1n\u00ed - Official Czech &amp; Slovak Everton Supporters&#039; Club","isPartOf":{"@id":"https:\/\/evertonfc.cz\/#website"},"primaryImageOfPage":{"@id":"https:\/\/evertonfc.cz\/index.php\/2019\/05\/07\/silva-doufa-v-gueyeho-setrvani\/#primaryimage"},"image":{"@id":"https:\/\/evertonfc.cz\/index.php\/2019\/05\/07\/silva-doufa-v-gueyeho-setrvani\/#primaryimage"},"thumbnailUrl":"https:\/\/evertonfc.cz\/wp-content\/uploads\/2019\/05\/gana_7_5_2019.jpg","datePublished":"2019-05-07T12:47:17+00:00","dateModified":"2019-05-07T12:57:38+00:00","breadcrumb":{"@id":"https:\/\/evertonfc.cz\/index.php\/2019\/05\/07\/silva-doufa-v-gueyeho-setrvani\/#breadcrumb"},"inLanguage":"cs","potentialAction":[{"@type":"ReadAction","target":["https:\/\/evertonfc.cz\/index.php\/2019\/05\/07\/silva-doufa-v-gueyeho-setrvani\/"]}]},{"@type":"ImageObject","inLanguage":"cs","@id":"https:\/\/evertonfc.cz\/index.php\/2019\/05\/07\/silva-doufa-v-gueyeho-setrvani\/#primaryimage","url":"https:\/\/evertonfc.cz\/wp-content\/uploads\/2019\/05\/gana_7_5_2019.jpg","contentUrl":"https:\/\/evertonfc.cz\/wp-content\/uploads\/2019\/05\/gana_7_5_2019.jpg","width":720,"height":405},{"@type":"BreadcrumbList","@id":"https:\/\/evertonfc.cz\/index.php\/2019\/05\/07\/silva-doufa-v-gueyeho-setrvani\/#breadcrumb","itemListElement":[{"@type":"ListItem","position":1,"name":"Home","item":"https:\/\/evertonfc.cz\/"},{"@type":"ListItem","position":2,"name":"Silva douf\u00e1 v Gueyeho setrv\u00e1n\u00ed"}]},{"@type":"WebSite","@id":"https:\/\/evertonfc.cz\/#website","url":"https:\/\/evertonfc.cz\/","name":"Official Czech &amp; Slovak Everton Supporters&#039; Club","description":"","publisher":{"@id":"https:\/\/evertonfc.cz\/#organization"},"potentialAction":[{"@type":"SearchAction","target":{"@type":"EntryPoint","urlTemplate":"https:\/\/evertonfc.cz\/?s={search_term_string}"},"query-input":{"@type":"PropertyValueSpecification","valueRequired":true,"valueName":"search_term_string"}}],"inLanguage":"cs"},{"@type":"Organization","@id":"https:\/\/evertonfc.cz\/#organization","name":"Official Czech & Slovak Everton Supporters' Club","url":"https:\/\/evertonfc.cz\/","logo":{"@type":"ImageObject","inLanguage":"cs","@id":"https:\/\/evertonfc.cz\/#\/schema\/logo\/image\/","url":"https:\/\/evertonfc.cz\/wp-content\/uploads\/2019\/05\/logo.png","contentUrl":"https:\/\/evertonfc.cz\/wp-content\/uploads\/2019\/05\/logo.png","width":112,"height":112,"caption":"Official Czech & Slovak Everton Supporters' Club"},"image":{"@id":"https:\/\/evertonfc.cz\/#\/schema\/logo\/image\/"},"sameAs":["https:\/\/www.facebook.com\/everton.fans.cz.sk"]},{"@type":"Person","@id":"https:\/\/evertonfc.cz\/#\/schema\/person\/f7a5daedb2ffee98480bc70e191aaef1","name":"Ri\u010di","sameAs":["https:\/\/x.com\/rbrejsa"],"url":"https:\/\/evertonfc.cz\/index.php\/author\/rici\/"}]}},"_links":{"self":[{"href":"https:\/\/evertonfc.cz\/index.php\/wp-json\/wp\/v2\/posts\/7712"}],"collection":[{"href":"https:\/\/evertonfc.cz\/index.php\/wp-json\/wp\/v2\/posts"}],"about":[{"href":"https:\/\/evertonfc.cz\/index.php\/wp-json\/wp\/v2\/types\/post"}],"author":[{"embeddable":true,"href":"https:\/\/evertonfc.cz\/index.php\/wp-json\/wp\/v2\/users\/6"}],"replies":[{"embeddable":true,"href":"https:\/\/evertonfc.cz\/index.php\/wp-json\/wp\/v2\/comments?post=7712"}],"version-history":[{"count":9,"href":"https:\/\/evertonfc.cz\/index.php\/wp-json\/wp\/v2\/posts\/7712\/revisions"}],"predecessor-version":[{"id":7721,"href":"https:\/\/evertonfc.cz\/index.php\/wp-json\/wp\/v2\/posts\/7712\/revisions\/7721"}],"wp:featuredmedia":[{"embeddable":true,"href":"https:\/\/evertonfc.cz\/index.php\/wp-json\/wp\/v2\/media\/7711"}],"wp:attachment":[{"href":"https:\/\/evertonfc.cz\/index.php\/wp-json\/wp\/v2\/media?parent=7712"}],"wp:term":[{"taxonomy":"category","embeddable":true,"href":"https:\/\/evertonfc.cz\/index.php\/wp-json\/wp\/v2\/categories?post=7712"},{"taxonomy":"post_tag","embeddable":true,"href":"https:\/\/evertonfc.cz\/index.php\/wp-json\/wp\/v2\/tags?post=7712"}],"curies":[{"name":"wp","href":"https:\/\/api.w.org\/{rel}","templated":true}]}}