{"id":7723,"date":"2019-05-08T09:17:38","date_gmt":"2019-05-08T07:17:38","guid":{"rendered":"https:\/\/evertonfc.cz\/?p=7723"},"modified":"2019-05-08T09:25:56","modified_gmt":"2019-05-08T07:25:56","slug":"mccarthy-musi-vyresit-svou-budoucnost","status":"publish","type":"post","link":"https:\/\/evertonfc.cz\/index.php\/2019\/05\/08\/mccarthy-musi-vyresit-svou-budoucnost\/","title":{"rendered":"McCarthy mus\u00ed vy\u0159e\u0161it svou budoucnost"},"content":{"rendered":"<h4>James McCarthy se nedo\u010dk\u00e1 pozv\u00e1nky k \u010dervnov\u00fdm z\u00e1pas\u016fm irsk\u00e9 reprezentace, jeliko\u017e si bezpodm\u00edne\u010dn\u011b mus\u00ed vy\u0159e\u0161it svou vlastn\u00ed hr\u00e1\u010dskou budoucnost, prozradil tren\u00e9r The Green Army Mick McCarthy.<\/h4>\n<p>28let\u00fd st\u0159edn\u00ed z\u00e1lo\u017en\u00edk se v lednu pln\u011b zotavil z hr\u016fzn\u00e9 dvojit\u00e9 zlomeniny nohy, kv\u016fli n\u00ed\u017e nehr\u00e1l fotbal cel\u00fd rok. O McCarthyho po uzdraven\u00ed st\u00e1lo n\u011bkolik celk\u016f (nejv\u011bt\u0161\u00ed z\u00e1jem jevil Crystal Palace), kter\u00e9 ho cht\u011bly p\u0159iv\u00e9st na hostov\u00e1n\u00ed do konce sez\u00f3ny. Everton v\u0161ak odm\u00edtl v\u0161echny nab\u00eddky.<\/p>\n<p>Nicm\u00e9n\u011b McCarthy n\u00e1sledn\u011b b\u011bhem jarn\u00ed \u010d\u00e1sti zas\u00e1hl pouze do jednoho utk\u00e1n\u00ed v modr\u00e9m dresu, kdy\u017e na konci dubna z lavi\u010dky n\u00e1hradn\u00edk\u016f nasko\u010dil na posledn\u00edch 15 minut duelu s Manchesterem United.<\/p>\n<p>B\u00fdval\u00e9mu hr\u00e1\u010di Wiganu kon\u010d\u00ed na Goodison Parku smlouva u\u017e po p\u0159\u00ed\u0161t\u00ed sez\u00f3n\u011b a rovn\u011b\u017e s ohledem na minim\u00e1ln\u00ed hern\u00ed vyt\u00ed\u017eenost je jeho dal\u0161\u00ed kari\u00e9ra v Evertonu velmi nejist\u00e1.<\/p>\n<p>Nejasn\u00e1 situace energick\u00e9ho st\u0159edopola\u0159e tr\u00e1p\u00ed tak\u00e9 tren\u00e9ra irsk\u00e9 reprezentace Micka MCarthyho, jen\u017e sv\u00e9ho jmenovce odm\u00edt\u00e1 nominovat do reprezentace, ne\u017e si vy\u0159e\u0161\u00ed svou budoucnost. <em>\u201eProst\u011b nehraje v klubu. Mluvil jsem s n\u00edm o tom, v l\u00e9t\u011b chce vy\u0159e\u0161it svou budoucnost. R\u00e1d by op\u011bt pravideln\u011b nastupoval.<\/em><\/p>\n<p><em>Bohu\u017eel v sou\u010dasn\u00e9 chv\u00edli ho nemohu nominovat, jestli\u017ee v klubu sed\u00ed na lavi\u010dce n\u00e1hradn\u00edk\u016f. M\u00e1m jin\u00e9 hr\u00e1\u010de, kte\u0159\u00ed hraj\u00ed ka\u017ed\u00fd v\u00edkend. <\/em><em>Pokud by byl James zdrav\u00fd v posledn\u00edch 12 m\u011bs\u00edc\u00edch, pravd\u011bpodobn\u011b bychom ho vid\u011bli v n\u00e1rodn\u00edm t\u00fdmu, proto\u017ee pat\u0159\u00ed mezi na\u0161e nejlep\u0161\u00ed hr\u00e1\u010de. <\/em><\/p>\n<p><em>Bezpodm\u00edne\u010dn\u011b mus\u00ed vy\u0159e\u0161it svou buducnost, jin\u00e1 mo\u017enost neexistuje,\u201c<\/em> prozradil Mick McCarthy, kter\u00e9ho s Irskem \u010dek\u00e1 p\u0159ipraven\u00fd kemp v Portugalsku a pot\u00e9 \u010dervnov\u00e9 d\u016fle\u017eit\u00e9 kvalifika\u010dn\u00ed z\u00e1pasy s D\u00e1nskem a Gibraltarem. Nicm\u00e9n\u011b bez \u00fa\u010dasti Jamese McCarthyho.<\/p>\n","protected":false},"excerpt":{"rendered":"<p>James McCarthy se nedo\u010dk\u00e1 pozv\u00e1nky k \u010dervnov\u00fdm z\u00e1pas\u016fm irsk\u00e9 reprezentace, jeliko\u017e si bezpodm\u00edne\u010dn\u011b mus\u00ed vy\u0159e\u0161it svou vlastn\u00ed hr\u00e1\u010dskou budoucnost, prozradil tren\u00e9r The Green Army Mick McCarthy.<\/p>\n","protected":false},"author":6,"featured_media":7722,"comment_status":"open","ping_status":"closed","sticky":false,"template":"","format":"standard","meta":{"_eb_attr":"","_monsterinsights_skip_tracking":false,"_monsterinsights_sitenote_active":false,"_monsterinsights_sitenote_note":"","_monsterinsights_sitenote_category":0,"footnotes":""},"categories":[42],"tags":[],"yoast_head":"<!-- This site is optimized with the Yoast SEO plugin v23.4 - https:\/\/yoast.com\/wordpress\/plugins\/seo\/ -->\n<title>McCarthy mus\u00ed vy\u0159e\u0161it svou budoucnost - Official Czech &amp; Slovak Everton Supporters&#039; Club<\/title>\n<meta name=\"robots\" content=\"index, follow, max-snippet:-1, max-image-preview:large, max-video-preview:-1\" \/>\n<link rel=\"canonical\" href=\"https:\/\/evertonfc.cz\/index.php\/2019\/05\/08\/mccarthy-musi-vyresit-svou-budoucnost\/\" \/>\n<meta property=\"og:locale\" content=\"cs_CZ\" \/>\n<meta property=\"og:type\" content=\"article\" \/>\n<meta property=\"og:title\" content=\"McCarthy mus\u00ed vy\u0159e\u0161it svou budoucnost - Official Czech &amp; Slovak Everton Supporters&#039; Club\" \/>\n<meta property=\"og:description\" content=\"James McCarthy se nedo\u010dk\u00e1 pozv\u00e1nky k \u010dervnov\u00fdm z\u00e1pas\u016fm irsk\u00e9 reprezentace, jeliko\u017e si bezpodm\u00edne\u010dn\u011b mus\u00ed vy\u0159e\u0161it svou vlastn\u00ed hr\u00e1\u010dskou budoucnost, prozradil tren\u00e9r The Green Army Mick McCarthy.\" \/>\n<meta property=\"og:url\" content=\"https:\/\/evertonfc.cz\/index.php\/2019\/05\/08\/mccarthy-musi-vyresit-svou-budoucnost\/\" \/>\n<meta property=\"og:site_name\" content=\"Official Czech &amp; Slovak Everton Supporters&#039; Club\" \/>\n<meta property=\"article:publisher\" content=\"https:\/\/www.facebook.com\/everton.fans.cz.sk\" \/>\n<meta property=\"article:published_time\" content=\"2019-05-08T07:17:38+00:00\" \/>\n<meta property=\"article:modified_time\" content=\"2019-05-08T07:25:56+00:00\" \/>\n<meta property=\"og:image\" content=\"https:\/\/evertonfc.cz\/wp-content\/uploads\/2019\/05\/mccarthy_8_5_2019.jpg\" \/>\n\t<meta property=\"og:image:width\" content=\"720\" \/>\n\t<meta property=\"og:image:height\" content=\"405\" \/>\n\t<meta property=\"og:image:type\" content=\"image\/jpeg\" \/>\n<meta name=\"author\" content=\"Ri\u010di\" \/>\n<meta name=\"twitter:card\" content=\"summary_large_image\" \/>\n<meta name=\"twitter:creator\" content=\"@rbrejsa\" \/>\n<meta name=\"twitter:label1\" content=\"Napsal(a)\" \/>\n\t<meta name=\"twitter:data1\" content=\"Ri\u010di\" \/>\n\t<meta name=\"twitter:label2\" content=\"Odhadovan\u00e1 doba \u010dten\u00ed\" \/>\n\t<meta name=\"twitter:data2\" content=\"2 minuty\" \/>\n<script type=\"application\/ld+json\" class=\"yoast-schema-graph\">{\"@context\":\"https:\/\/schema.org\",\"@graph\":[{\"@type\":\"Article\",\"@id\":\"https:\/\/evertonfc.cz\/index.php\/2019\/05\/08\/mccarthy-musi-vyresit-svou-budoucnost\/#article\",\"isPartOf\":{\"@id\":\"https:\/\/evertonfc.cz\/index.php\/2019\/05\/08\/mccarthy-musi-vyresit-svou-budoucnost\/\"},\"author\":{\"name\":\"Ri\u010di\",\"@id\":\"https:\/\/evertonfc.cz\/#\/schema\/person\/f7a5daedb2ffee98480bc70e191aaef1\"},\"headline\":\"McCarthy mus\u00ed vy\u0159e\u0161it svou budoucnost\",\"datePublished\":\"2019-05-08T07:17:38+00:00\",\"dateModified\":\"2019-05-08T07:25:56+00:00\",\"mainEntityOfPage\":{\"@id\":\"https:\/\/evertonfc.cz\/index.php\/2019\/05\/08\/mccarthy-musi-vyresit-svou-budoucnost\/\"},\"wordCount\":355,\"commentCount\":0,\"publisher\":{\"@id\":\"https:\/\/evertonfc.cz\/#organization\"},\"image\":{\"@id\":\"https:\/\/evertonfc.cz\/index.php\/2019\/05\/08\/mccarthy-musi-vyresit-svou-budoucnost\/#primaryimage\"},\"thumbnailUrl\":\"https:\/\/evertonfc.cz\/wp-content\/uploads\/2019\/05\/mccarthy_8_5_2019.jpg\",\"articleSection\":[\"Aktuality\"],\"inLanguage\":\"cs\",\"potentialAction\":[{\"@type\":\"CommentAction\",\"name\":\"Comment\",\"target\":[\"https:\/\/evertonfc.cz\/index.php\/2019\/05\/08\/mccarthy-musi-vyresit-svou-budoucnost\/#respond\"]}]},{\"@type\":\"WebPage\",\"@id\":\"https:\/\/evertonfc.cz\/index.php\/2019\/05\/08\/mccarthy-musi-vyresit-svou-budoucnost\/\",\"url\":\"https:\/\/evertonfc.cz\/index.php\/2019\/05\/08\/mccarthy-musi-vyresit-svou-budoucnost\/\",\"name\":\"McCarthy mus\u00ed vy\u0159e\u0161it svou budoucnost - Official Czech &amp; Slovak Everton Supporters&#039; Club\",\"isPartOf\":{\"@id\":\"https:\/\/evertonfc.cz\/#website\"},\"primaryImageOfPage\":{\"@id\":\"https:\/\/evertonfc.cz\/index.php\/2019\/05\/08\/mccarthy-musi-vyresit-svou-budoucnost\/#primaryimage\"},\"image\":{\"@id\":\"https:\/\/evertonfc.cz\/index.php\/2019\/05\/08\/mccarthy-musi-vyresit-svou-budoucnost\/#primaryimage\"},\"thumbnailUrl\":\"https:\/\/evertonfc.cz\/wp-content\/uploads\/2019\/05\/mccarthy_8_5_2019.jpg\",\"datePublished\":\"2019-05-08T07:17:38+00:00\",\"dateModified\":\"2019-05-08T07:25:56+00:00\",\"breadcrumb\":{\"@id\":\"https:\/\/evertonfc.cz\/index.php\/2019\/05\/08\/mccarthy-musi-vyresit-svou-budoucnost\/#breadcrumb\"},\"inLanguage\":\"cs\",\"potentialAction\":[{\"@type\":\"ReadAction\",\"target\":[\"https:\/\/evertonfc.cz\/index.php\/2019\/05\/08\/mccarthy-musi-vyresit-svou-budoucnost\/\"]}]},{\"@type\":\"ImageObject\",\"inLanguage\":\"cs\",\"@id\":\"https:\/\/evertonfc.cz\/index.php\/2019\/05\/08\/mccarthy-musi-vyresit-svou-budoucnost\/#primaryimage\",\"url\":\"https:\/\/evertonfc.cz\/wp-content\/uploads\/2019\/05\/mccarthy_8_5_2019.jpg\",\"contentUrl\":\"https:\/\/evertonfc.cz\/wp-content\/uploads\/2019\/05\/mccarthy_8_5_2019.jpg\",\"width\":720,\"height\":405},{\"@type\":\"BreadcrumbList\",\"@id\":\"https:\/\/evertonfc.cz\/index.php\/2019\/05\/08\/mccarthy-musi-vyresit-svou-budoucnost\/#breadcrumb\",\"itemListElement\":[{\"@type\":\"ListItem\",\"position\":1,\"name\":\"Home\",\"item\":\"https:\/\/evertonfc.cz\/\"},{\"@type\":\"ListItem\",\"position\":2,\"name\":\"McCarthy mus\u00ed vy\u0159e\u0161it svou budoucnost\"}]},{\"@type\":\"WebSite\",\"@id\":\"https:\/\/evertonfc.cz\/#website\",\"url\":\"https:\/\/evertonfc.cz\/\",\"name\":\"Official Czech &amp; Slovak Everton Supporters&#039; Club\",\"description\":\"\",\"publisher\":{\"@id\":\"https:\/\/evertonfc.cz\/#organization\"},\"potentialAction\":[{\"@type\":\"SearchAction\",\"target\":{\"@type\":\"EntryPoint\",\"urlTemplate\":\"https:\/\/evertonfc.cz\/?s={search_term_string}\"},\"query-input\":{\"@type\":\"PropertyValueSpecification\",\"valueRequired\":true,\"valueName\":\"search_term_string\"}}],\"inLanguage\":\"cs\"},{\"@type\":\"Organization\",\"@id\":\"https:\/\/evertonfc.cz\/#organization\",\"name\":\"Official Czech & Slovak Everton Supporters' Club\",\"url\":\"https:\/\/evertonfc.cz\/\",\"logo\":{\"@type\":\"ImageObject\",\"inLanguage\":\"cs\",\"@id\":\"https:\/\/evertonfc.cz\/#\/schema\/logo\/image\/\",\"url\":\"https:\/\/evertonfc.cz\/wp-content\/uploads\/2019\/05\/logo.png\",\"contentUrl\":\"https:\/\/evertonfc.cz\/wp-content\/uploads\/2019\/05\/logo.png\",\"width\":112,\"height\":112,\"caption\":\"Official Czech & Slovak Everton Supporters' Club\"},\"image\":{\"@id\":\"https:\/\/evertonfc.cz\/#\/schema\/logo\/image\/\"},\"sameAs\":[\"https:\/\/www.facebook.com\/everton.fans.cz.sk\"]},{\"@type\":\"Person\",\"@id\":\"https:\/\/evertonfc.cz\/#\/schema\/person\/f7a5daedb2ffee98480bc70e191aaef1\",\"name\":\"Ri\u010di\",\"sameAs\":[\"https:\/\/x.com\/rbrejsa\"],\"url\":\"https:\/\/evertonfc.cz\/index.php\/author\/rici\/\"}]}<\/script>\n<!-- \/ Yoast SEO plugin. -->","yoast_head_json":{"title":"McCarthy mus\u00ed vy\u0159e\u0161it svou budoucnost - Official Czech &amp; Slovak Everton Supporters&#039; Club","robots":{"index":"index","follow":"follow","max-snippet":"max-snippet:-1","max-image-preview":"max-image-preview:large","max-video-preview":"max-video-preview:-1"},"canonical":"https:\/\/evertonfc.cz\/index.php\/2019\/05\/08\/mccarthy-musi-vyresit-svou-budoucnost\/","og_locale":"cs_CZ","og_type":"article","og_title":"McCarthy mus\u00ed vy\u0159e\u0161it svou budoucnost - Official Czech &amp; Slovak Everton Supporters&#039; Club","og_description":"James McCarthy se nedo\u010dk\u00e1 pozv\u00e1nky k \u010dervnov\u00fdm z\u00e1pas\u016fm irsk\u00e9 reprezentace, jeliko\u017e si bezpodm\u00edne\u010dn\u011b mus\u00ed vy\u0159e\u0161it svou vlastn\u00ed hr\u00e1\u010dskou budoucnost, prozradil tren\u00e9r The Green Army Mick McCarthy.","og_url":"https:\/\/evertonfc.cz\/index.php\/2019\/05\/08\/mccarthy-musi-vyresit-svou-budoucnost\/","og_site_name":"Official Czech &amp; Slovak Everton Supporters&#039; Club","article_publisher":"https:\/\/www.facebook.com\/everton.fans.cz.sk","article_published_time":"2019-05-08T07:17:38+00:00","article_modified_time":"2019-05-08T07:25:56+00:00","og_image":[{"width":720,"height":405,"url":"https:\/\/evertonfc.cz\/wp-content\/uploads\/2019\/05\/mccarthy_8_5_2019.jpg","type":"image\/jpeg"}],"author":"Ri\u010di","twitter_card":"summary_large_image","twitter_creator":"@rbrejsa","twitter_misc":{"Napsal(a)":"Ri\u010di","Odhadovan\u00e1 doba \u010dten\u00ed":"2 minuty"},"schema":{"@context":"https:\/\/schema.org","@graph":[{"@type":"Article","@id":"https:\/\/evertonfc.cz\/index.php\/2019\/05\/08\/mccarthy-musi-vyresit-svou-budoucnost\/#article","isPartOf":{"@id":"https:\/\/evertonfc.cz\/index.php\/2019\/05\/08\/mccarthy-musi-vyresit-svou-budoucnost\/"},"author":{"name":"Ri\u010di","@id":"https:\/\/evertonfc.cz\/#\/schema\/person\/f7a5daedb2ffee98480bc70e191aaef1"},"headline":"McCarthy mus\u00ed vy\u0159e\u0161it svou budoucnost","datePublished":"2019-05-08T07:17:38+00:00","dateModified":"2019-05-08T07:25:56+00:00","mainEntityOfPage":{"@id":"https:\/\/evertonfc.cz\/index.php\/2019\/05\/08\/mccarthy-musi-vyresit-svou-budoucnost\/"},"wordCount":355,"commentCount":0,"publisher":{"@id":"https:\/\/evertonfc.cz\/#organization"},"image":{"@id":"https:\/\/evertonfc.cz\/index.php\/2019\/05\/08\/mccarthy-musi-vyresit-svou-budoucnost\/#primaryimage"},"thumbnailUrl":"https:\/\/evertonfc.cz\/wp-content\/uploads\/2019\/05\/mccarthy_8_5_2019.jpg","articleSection":["Aktuality"],"inLanguage":"cs","potentialAction":[{"@type":"CommentAction","name":"Comment","target":["https:\/\/evertonfc.cz\/index.php\/2019\/05\/08\/mccarthy-musi-vyresit-svou-budoucnost\/#respond"]}]},{"@type":"WebPage","@id":"https:\/\/evertonfc.cz\/index.php\/2019\/05\/08\/mccarthy-musi-vyresit-svou-budoucnost\/","url":"https:\/\/evertonfc.cz\/index.php\/2019\/05\/08\/mccarthy-musi-vyresit-svou-budoucnost\/","name":"McCarthy mus\u00ed vy\u0159e\u0161it svou budoucnost - Official Czech &amp; Slovak Everton Supporters&#039; Club","isPartOf":{"@id":"https:\/\/evertonfc.cz\/#website"},"primaryImageOfPage":{"@id":"https:\/\/evertonfc.cz\/index.php\/2019\/05\/08\/mccarthy-musi-vyresit-svou-budoucnost\/#primaryimage"},"image":{"@id":"https:\/\/evertonfc.cz\/index.php\/2019\/05\/08\/mccarthy-musi-vyresit-svou-budoucnost\/#primaryimage"},"thumbnailUrl":"https:\/\/evertonfc.cz\/wp-content\/uploads\/2019\/05\/mccarthy_8_5_2019.jpg","datePublished":"2019-05-08T07:17:38+00:00","dateModified":"2019-05-08T07:25:56+00:00","breadcrumb":{"@id":"https:\/\/evertonfc.cz\/index.php\/2019\/05\/08\/mccarthy-musi-vyresit-svou-budoucnost\/#breadcrumb"},"inLanguage":"cs","potentialAction":[{"@type":"ReadAction","target":["https:\/\/evertonfc.cz\/index.php\/2019\/05\/08\/mccarthy-musi-vyresit-svou-budoucnost\/"]}]},{"@type":"ImageObject","inLanguage":"cs","@id":"https:\/\/evertonfc.cz\/index.php\/2019\/05\/08\/mccarthy-musi-vyresit-svou-budoucnost\/#primaryimage","url":"https:\/\/evertonfc.cz\/wp-content\/uploads\/2019\/05\/mccarthy_8_5_2019.jpg","contentUrl":"https:\/\/evertonfc.cz\/wp-content\/uploads\/2019\/05\/mccarthy_8_5_2019.jpg","width":720,"height":405},{"@type":"BreadcrumbList","@id":"https:\/\/evertonfc.cz\/index.php\/2019\/05\/08\/mccarthy-musi-vyresit-svou-budoucnost\/#breadcrumb","itemListElement":[{"@type":"ListItem","position":1,"name":"Home","item":"https:\/\/evertonfc.cz\/"},{"@type":"ListItem","position":2,"name":"McCarthy mus\u00ed vy\u0159e\u0161it svou budoucnost"}]},{"@type":"WebSite","@id":"https:\/\/evertonfc.cz\/#website","url":"https:\/\/evertonfc.cz\/","name":"Official Czech &amp; Slovak Everton Supporters&#039; Club","description":"","publisher":{"@id":"https:\/\/evertonfc.cz\/#organization"},"potentialAction":[{"@type":"SearchAction","target":{"@type":"EntryPoint","urlTemplate":"https:\/\/evertonfc.cz\/?s={search_term_string}"},"query-input":{"@type":"PropertyValueSpecification","valueRequired":true,"valueName":"search_term_string"}}],"inLanguage":"cs"},{"@type":"Organization","@id":"https:\/\/evertonfc.cz\/#organization","name":"Official Czech & Slovak Everton Supporters' Club","url":"https:\/\/evertonfc.cz\/","logo":{"@type":"ImageObject","inLanguage":"cs","@id":"https:\/\/evertonfc.cz\/#\/schema\/logo\/image\/","url":"https:\/\/evertonfc.cz\/wp-content\/uploads\/2019\/05\/logo.png","contentUrl":"https:\/\/evertonfc.cz\/wp-content\/uploads\/2019\/05\/logo.png","width":112,"height":112,"caption":"Official Czech & Slovak Everton Supporters' Club"},"image":{"@id":"https:\/\/evertonfc.cz\/#\/schema\/logo\/image\/"},"sameAs":["https:\/\/www.facebook.com\/everton.fans.cz.sk"]},{"@type":"Person","@id":"https:\/\/evertonfc.cz\/#\/schema\/person\/f7a5daedb2ffee98480bc70e191aaef1","name":"Ri\u010di","sameAs":["https:\/\/x.com\/rbrejsa"],"url":"https:\/\/evertonfc.cz\/index.php\/author\/rici\/"}]}},"_links":{"self":[{"href":"https:\/\/evertonfc.cz\/index.php\/wp-json\/wp\/v2\/posts\/7723"}],"collection":[{"href":"https:\/\/evertonfc.cz\/index.php\/wp-json\/wp\/v2\/posts"}],"about":[{"href":"https:\/\/evertonfc.cz\/index.php\/wp-json\/wp\/v2\/types\/post"}],"author":[{"embeddable":true,"href":"https:\/\/evertonfc.cz\/index.php\/wp-json\/wp\/v2\/users\/6"}],"replies":[{"embeddable":true,"href":"https:\/\/evertonfc.cz\/index.php\/wp-json\/wp\/v2\/comments?post=7723"}],"version-history":[{"count":11,"href":"https:\/\/evertonfc.cz\/index.php\/wp-json\/wp\/v2\/posts\/7723\/revisions"}],"predecessor-version":[{"id":7734,"href":"https:\/\/evertonfc.cz\/index.php\/wp-json\/wp\/v2\/posts\/7723\/revisions\/7734"}],"wp:featuredmedia":[{"embeddable":true,"href":"https:\/\/evertonfc.cz\/index.php\/wp-json\/wp\/v2\/media\/7722"}],"wp:attachment":[{"href":"https:\/\/evertonfc.cz\/index.php\/wp-json\/wp\/v2\/media?parent=7723"}],"wp:term":[{"taxonomy":"category","embeddable":true,"href":"https:\/\/evertonfc.cz\/index.php\/wp-json\/wp\/v2\/categories?post=7723"},{"taxonomy":"post_tag","embeddable":true,"href":"https:\/\/evertonfc.cz\/index.php\/wp-json\/wp\/v2\/tags?post=7723"}],"curies":[{"name":"wp","href":"https:\/\/api.w.org\/{rel}","templated":true}]}}