{"id":7752,"date":"2019-05-10T11:07:39","date_gmt":"2019-05-10T09:07:39","guid":{"rendered":"https:\/\/evertonfc.cz\/?p=7752"},"modified":"2020-03-25T20:05:27","modified_gmt":"2020-03-25T19:05:27","slug":"simms-sa-zaviazal-evertonu","status":"publish","type":"post","link":"https:\/\/evertonfc.cz\/index.php\/2019\/05\/10\/simms-sa-zaviazal-evertonu\/","title":{"rendered":"Simms a spol. sa zaviazali Evertonu"},"content":{"rendered":"<h4>Nov\u00e1 a\u00a0d\u00fafajme \u00faspe\u0161n\u00e1 gener\u00e1cia hr\u00e1\u010dov spe\u010datila svoju najbli\u017e\u0161iu bud\u00facnos\u0165 s\u00a0liverpoolskym celkom. Od bud\u00facej sez\u00f3ny ich \u010dak\u00e1 pov\u00fd\u0161enie.<\/h4>\n<p>T\u00fato inform\u00e1ciu potvrdil David Unsworth spolu s t\u00fdm, \u017ee okrem sedemn\u00e1s\u0165ro\u010dnej n\u00e1deje, mlad\u00e9ho \u00fato\u010dn\u00edka v\u00fdberu do 18 rokov, Ellisa Simmsa, boli odmenen\u00ed aj Joe Anderson a Einar Iversen. Tento t\u00fd\u017ede\u0148 podp\u00edsali svoj prv\u00fd profesion\u00e1lny kontrakt.<\/p>\n<p>V\u0161etci traja s\u00fa veden\u00ed Paulom Taitom, s\u00a0ktor\u00fdm t\u00fato sez\u00f3nu zakon\u010dili na tre\u0165om mieste v tabu\u013eke Premier League U18. Len sedem bodov za Derby County a\u00a0Liverpoolom. Od bud\u00facej sez\u00f3ny v\u0161ak prest\u00fapia do vy\u0161\u0161ej vekovej kateg\u00f3rie. Tam ich bude ma\u0165 na starosti spom\u00ednan\u00fd Unsworth.<\/p>\n<p>Anderson je osemn\u00e1s\u0165ro\u010dn\u00fd rod\u00e1k z Merseyside, \u013eav\u00fd obranca alebo z\u00e1lo\u017en\u00edk, technicky nadan\u00fd, p\u00f4vodne z ml\u00e1de\u017en\u00edckej akad\u00e9mie Liverpoolu. Odtia\u013e na Finch Farm prest\u00fapil v lete 2016. V tejto sez\u00f3ne odohral dvadsa\u0165p\u00e4\u0165 z\u00e1pasov a prip\u00edsal si jeden g\u00f3l za celkov\u00fdch 2 280 min\u00fat str\u00e1ven\u00fdch na ihrisku.<\/p>\n<p>Iversen je o\u00a0rok mlad\u0161\u00ed a\u00a0do Evertonu prest\u00fapil zo svojej n\u00f3rskej domoviny. Konkr\u00e9tne z\u00a0klubu Stord IL. Hr\u00e1 na poz\u00edcii \u013eav\u00e9ho alebo stredn\u00e9ho z\u00e1lo\u017en\u00edka a\u00a0u\u017e reprezentoval na \u00farovni U15. V\u00a0tomto ro\u010dn\u00edku zasiahol do dvadsiatich z\u00e1pasov, rozdelen\u00fdch do 1 696 min\u00fat. Pri dvoch pr\u00edle\u017eitostiach si ho vysk\u00fa\u0161al v\u00a0star\u0161ej lige aj Unsworth. Na konte m\u00e1 jednu asistenciu.<\/p>\n<p>Simms, to je kateg\u00f3ria sama o\u00a0sebe. Osemn\u00e1s\u0165ro\u010dn\u00fd rod\u00e1k z\u00a0Oldhamu, ktor\u00e9ho Everton uchmatol z\u00a0akad\u00e9mie Manchesteru City v\u00a0roku 2017, sa strelecky pravidelne trh\u00e1 z\u00a0re\u0165aze. V\u00a0lige sa tento vysok\u00fd a\u00a0r\u00fdchly \u00fato\u010dn\u00edk dokonca podie\u013eal na polovici g\u00f3lov svojho mu\u017estva.<\/p>\n<p>Jeho celkov\u00e1 bilancia \u010din\u00ed dvadsa\u0165dev\u00e4\u0165 odohran\u00fdch z\u00e1pasov, v\u00a0ktor\u00fdch sk\u00f3roval tridsa\u0165sedem kr\u00e1t a\u00a0raz asistoval. A\u00a0to za 2 307 min\u00fat, \u010do \u010din\u00ed kadenciu ist\u00e9ho g\u00f3lu ka\u017ed\u00fdch \u0161es\u0165desiatdva min\u00fat. Vo v\u00fdbere do 23 rokov sa u\u017e ur\u010dite nevedia do\u010dka\u0165, preto\u017ee svoje schopnosti tam u\u017e preuk\u00e1zal v\u00a0troch dueloch t\u00fato sez\u00f3nu.<\/p>\n<p>A ke\u010f\u017ee bol v poslednom \u010dase sp\u00e1jan\u00fd s prestupom do Nemecka, klub musel kona\u0165 r\u00fdchlo. N\u00e1dej \u00fato\u010dn\u00e9ho z\u00e1prahu bud\u00facnosti, ktor\u00e1 m\u00f4\u017ee reprezentova\u0165 Anglicko, Jamajku alebo Po\u013esko, ste mohli vidie\u0165 aj v \u010ceskej republike. Pri pr\u00edle\u017eitosti CEE Cupu sa tam v\u00fdber Evertonu ocitol u\u017e dvakr\u00e1t.<\/p>\n<p>Pozri tie\u017e:<\/p>\n<ul>\n<li><a href=\"https:\/\/evertonfc.cz\/index.php\/2017\/07\/27\/finale-cee-cupu-burnley-everton-13\/\" target=\"_blank\" rel=\"noopener noreferrer\">CCE Cup 2017<\/a><\/li>\n<li><a href=\"https:\/\/evertonfc.cz\/index.php\/2018\/07\/17\/osmy-rocnik-cee-cupu-everton-prijizdi-obhajit-vitezstvi\/\" target=\"_blank\" rel=\"noopener noreferrer\">CCE Cup 2018<\/a><\/li>\n<\/ul>\n<p style=\"text-align: right;\"><em>(foto zdroj: evertonfc.com)<\/em><\/p>\n","protected":false},"excerpt":{"rendered":"<p>Nov\u00e1 a\u00a0d\u00fafajme \u00faspe\u0161n\u00e1 gener\u00e1cia hr\u00e1\u010dov spe\u010datila svoju najbli\u017e\u0161iu bud\u00facnos\u0165 s\u00a0liverpoolskym celkom. Od bud\u00facej sez\u00f3ny ich \u010dak\u00e1 pov\u00fd\u0161enie.<\/p>\n","protected":false},"author":1,"featured_media":7753,"comment_status":"open","ping_status":"closed","sticky":false,"template":"","format":"standard","meta":{"_eb_attr":"","_monsterinsights_skip_tracking":false,"_monsterinsights_sitenote_active":false,"_monsterinsights_sitenote_note":"","_monsterinsights_sitenote_category":0,"footnotes":""},"categories":[42],"tags":[],"yoast_head":"<!-- This site is optimized with the Yoast SEO plugin v23.4 - https:\/\/yoast.com\/wordpress\/plugins\/seo\/ -->\n<title>Simms a spol. sa zaviazali Evertonu - Official Czech &amp; Slovak Everton Supporters&#039; Club<\/title>\n<meta name=\"robots\" content=\"index, follow, max-snippet:-1, max-image-preview:large, max-video-preview:-1\" \/>\n<link rel=\"canonical\" href=\"https:\/\/evertonfc.cz\/index.php\/2019\/05\/10\/simms-sa-zaviazal-evertonu\/\" \/>\n<meta property=\"og:locale\" content=\"cs_CZ\" \/>\n<meta property=\"og:type\" content=\"article\" \/>\n<meta property=\"og:title\" content=\"Simms a spol. sa zaviazali Evertonu - Official Czech &amp; Slovak Everton Supporters&#039; Club\" \/>\n<meta property=\"og:description\" content=\"Nov\u00e1 a\u00a0d\u00fafajme \u00faspe\u0161n\u00e1 gener\u00e1cia hr\u00e1\u010dov spe\u010datila svoju najbli\u017e\u0161iu bud\u00facnos\u0165 s\u00a0liverpoolskym celkom. Od bud\u00facej sez\u00f3ny ich \u010dak\u00e1 pov\u00fd\u0161enie.\" \/>\n<meta property=\"og:url\" content=\"https:\/\/evertonfc.cz\/index.php\/2019\/05\/10\/simms-sa-zaviazal-evertonu\/\" \/>\n<meta property=\"og:site_name\" content=\"Official Czech &amp; Slovak Everton Supporters&#039; Club\" \/>\n<meta property=\"article:publisher\" content=\"https:\/\/www.facebook.com\/everton.fans.cz.sk\" \/>\n<meta property=\"article:published_time\" content=\"2019-05-10T09:07:39+00:00\" \/>\n<meta property=\"article:modified_time\" content=\"2020-03-25T19:05:27+00:00\" \/>\n<meta property=\"og:image\" content=\"https:\/\/evertonfc.cz\/wp-content\/uploads\/2019\/05\/simms-10-5-2019.jpg\" \/>\n\t<meta property=\"og:image:width\" content=\"720\" \/>\n\t<meta property=\"og:image:height\" content=\"405\" \/>\n\t<meta property=\"og:image:type\" content=\"image\/jpeg\" \/>\n<meta name=\"author\" content=\"BlueBlooded\" \/>\n<meta name=\"twitter:card\" content=\"summary_large_image\" \/>\n<meta name=\"twitter:label1\" content=\"Napsal(a)\" \/>\n\t<meta name=\"twitter:data1\" content=\"BlueBlooded\" \/>\n\t<meta name=\"twitter:label2\" content=\"Odhadovan\u00e1 doba \u010dten\u00ed\" \/>\n\t<meta name=\"twitter:data2\" content=\"2 minuty\" \/>\n<script type=\"application\/ld+json\" class=\"yoast-schema-graph\">{\"@context\":\"https:\/\/schema.org\",\"@graph\":[{\"@type\":\"Article\",\"@id\":\"https:\/\/evertonfc.cz\/index.php\/2019\/05\/10\/simms-sa-zaviazal-evertonu\/#article\",\"isPartOf\":{\"@id\":\"https:\/\/evertonfc.cz\/index.php\/2019\/05\/10\/simms-sa-zaviazal-evertonu\/\"},\"author\":{\"name\":\"BlueBlooded\",\"@id\":\"https:\/\/evertonfc.cz\/#\/schema\/person\/d4493b8cbea51532597fbc4685698916\"},\"headline\":\"Simms a spol. sa zaviazali Evertonu\",\"datePublished\":\"2019-05-10T09:07:39+00:00\",\"dateModified\":\"2020-03-25T19:05:27+00:00\",\"mainEntityOfPage\":{\"@id\":\"https:\/\/evertonfc.cz\/index.php\/2019\/05\/10\/simms-sa-zaviazal-evertonu\/\"},\"wordCount\":470,\"commentCount\":0,\"publisher\":{\"@id\":\"https:\/\/evertonfc.cz\/#organization\"},\"image\":{\"@id\":\"https:\/\/evertonfc.cz\/index.php\/2019\/05\/10\/simms-sa-zaviazal-evertonu\/#primaryimage\"},\"thumbnailUrl\":\"https:\/\/evertonfc.cz\/wp-content\/uploads\/2019\/05\/simms-10-5-2019.jpg\",\"articleSection\":[\"Aktuality\"],\"inLanguage\":\"cs\",\"potentialAction\":[{\"@type\":\"CommentAction\",\"name\":\"Comment\",\"target\":[\"https:\/\/evertonfc.cz\/index.php\/2019\/05\/10\/simms-sa-zaviazal-evertonu\/#respond\"]}]},{\"@type\":\"WebPage\",\"@id\":\"https:\/\/evertonfc.cz\/index.php\/2019\/05\/10\/simms-sa-zaviazal-evertonu\/\",\"url\":\"https:\/\/evertonfc.cz\/index.php\/2019\/05\/10\/simms-sa-zaviazal-evertonu\/\",\"name\":\"Simms a spol. sa zaviazali Evertonu - Official Czech &amp; Slovak Everton Supporters&#039; Club\",\"isPartOf\":{\"@id\":\"https:\/\/evertonfc.cz\/#website\"},\"primaryImageOfPage\":{\"@id\":\"https:\/\/evertonfc.cz\/index.php\/2019\/05\/10\/simms-sa-zaviazal-evertonu\/#primaryimage\"},\"image\":{\"@id\":\"https:\/\/evertonfc.cz\/index.php\/2019\/05\/10\/simms-sa-zaviazal-evertonu\/#primaryimage\"},\"thumbnailUrl\":\"https:\/\/evertonfc.cz\/wp-content\/uploads\/2019\/05\/simms-10-5-2019.jpg\",\"datePublished\":\"2019-05-10T09:07:39+00:00\",\"dateModified\":\"2020-03-25T19:05:27+00:00\",\"breadcrumb\":{\"@id\":\"https:\/\/evertonfc.cz\/index.php\/2019\/05\/10\/simms-sa-zaviazal-evertonu\/#breadcrumb\"},\"inLanguage\":\"cs\",\"potentialAction\":[{\"@type\":\"ReadAction\",\"target\":[\"https:\/\/evertonfc.cz\/index.php\/2019\/05\/10\/simms-sa-zaviazal-evertonu\/\"]}]},{\"@type\":\"ImageObject\",\"inLanguage\":\"cs\",\"@id\":\"https:\/\/evertonfc.cz\/index.php\/2019\/05\/10\/simms-sa-zaviazal-evertonu\/#primaryimage\",\"url\":\"https:\/\/evertonfc.cz\/wp-content\/uploads\/2019\/05\/simms-10-5-2019.jpg\",\"contentUrl\":\"https:\/\/evertonfc.cz\/wp-content\/uploads\/2019\/05\/simms-10-5-2019.jpg\",\"width\":720,\"height\":405},{\"@type\":\"BreadcrumbList\",\"@id\":\"https:\/\/evertonfc.cz\/index.php\/2019\/05\/10\/simms-sa-zaviazal-evertonu\/#breadcrumb\",\"itemListElement\":[{\"@type\":\"ListItem\",\"position\":1,\"name\":\"Home\",\"item\":\"https:\/\/evertonfc.cz\/\"},{\"@type\":\"ListItem\",\"position\":2,\"name\":\"Simms a spol. sa zaviazali Evertonu\"}]},{\"@type\":\"WebSite\",\"@id\":\"https:\/\/evertonfc.cz\/#website\",\"url\":\"https:\/\/evertonfc.cz\/\",\"name\":\"Official Czech &amp; Slovak Everton Supporters&#039; Club\",\"description\":\"\",\"publisher\":{\"@id\":\"https:\/\/evertonfc.cz\/#organization\"},\"potentialAction\":[{\"@type\":\"SearchAction\",\"target\":{\"@type\":\"EntryPoint\",\"urlTemplate\":\"https:\/\/evertonfc.cz\/?s={search_term_string}\"},\"query-input\":{\"@type\":\"PropertyValueSpecification\",\"valueRequired\":true,\"valueName\":\"search_term_string\"}}],\"inLanguage\":\"cs\"},{\"@type\":\"Organization\",\"@id\":\"https:\/\/evertonfc.cz\/#organization\",\"name\":\"Official Czech & Slovak Everton Supporters' Club\",\"url\":\"https:\/\/evertonfc.cz\/\",\"logo\":{\"@type\":\"ImageObject\",\"inLanguage\":\"cs\",\"@id\":\"https:\/\/evertonfc.cz\/#\/schema\/logo\/image\/\",\"url\":\"https:\/\/evertonfc.cz\/wp-content\/uploads\/2019\/05\/logo.png\",\"contentUrl\":\"https:\/\/evertonfc.cz\/wp-content\/uploads\/2019\/05\/logo.png\",\"width\":112,\"height\":112,\"caption\":\"Official Czech & Slovak Everton Supporters' Club\"},\"image\":{\"@id\":\"https:\/\/evertonfc.cz\/#\/schema\/logo\/image\/\"},\"sameAs\":[\"https:\/\/www.facebook.com\/everton.fans.cz.sk\"]},{\"@type\":\"Person\",\"@id\":\"https:\/\/evertonfc.cz\/#\/schema\/person\/d4493b8cbea51532597fbc4685698916\",\"name\":\"BlueBlooded\",\"url\":\"https:\/\/evertonfc.cz\/index.php\/author\/admin\/\"}]}<\/script>\n<!-- \/ Yoast SEO plugin. -->","yoast_head_json":{"title":"Simms a spol. sa zaviazali Evertonu - Official Czech &amp; Slovak Everton Supporters&#039; Club","robots":{"index":"index","follow":"follow","max-snippet":"max-snippet:-1","max-image-preview":"max-image-preview:large","max-video-preview":"max-video-preview:-1"},"canonical":"https:\/\/evertonfc.cz\/index.php\/2019\/05\/10\/simms-sa-zaviazal-evertonu\/","og_locale":"cs_CZ","og_type":"article","og_title":"Simms a spol. sa zaviazali Evertonu - Official Czech &amp; Slovak Everton Supporters&#039; Club","og_description":"Nov\u00e1 a\u00a0d\u00fafajme \u00faspe\u0161n\u00e1 gener\u00e1cia hr\u00e1\u010dov spe\u010datila svoju najbli\u017e\u0161iu bud\u00facnos\u0165 s\u00a0liverpoolskym celkom. Od bud\u00facej sez\u00f3ny ich \u010dak\u00e1 pov\u00fd\u0161enie.","og_url":"https:\/\/evertonfc.cz\/index.php\/2019\/05\/10\/simms-sa-zaviazal-evertonu\/","og_site_name":"Official Czech &amp; Slovak Everton Supporters&#039; Club","article_publisher":"https:\/\/www.facebook.com\/everton.fans.cz.sk","article_published_time":"2019-05-10T09:07:39+00:00","article_modified_time":"2020-03-25T19:05:27+00:00","og_image":[{"width":720,"height":405,"url":"https:\/\/evertonfc.cz\/wp-content\/uploads\/2019\/05\/simms-10-5-2019.jpg","type":"image\/jpeg"}],"author":"BlueBlooded","twitter_card":"summary_large_image","twitter_misc":{"Napsal(a)":"BlueBlooded","Odhadovan\u00e1 doba \u010dten\u00ed":"2 minuty"},"schema":{"@context":"https:\/\/schema.org","@graph":[{"@type":"Article","@id":"https:\/\/evertonfc.cz\/index.php\/2019\/05\/10\/simms-sa-zaviazal-evertonu\/#article","isPartOf":{"@id":"https:\/\/evertonfc.cz\/index.php\/2019\/05\/10\/simms-sa-zaviazal-evertonu\/"},"author":{"name":"BlueBlooded","@id":"https:\/\/evertonfc.cz\/#\/schema\/person\/d4493b8cbea51532597fbc4685698916"},"headline":"Simms a spol. sa zaviazali Evertonu","datePublished":"2019-05-10T09:07:39+00:00","dateModified":"2020-03-25T19:05:27+00:00","mainEntityOfPage":{"@id":"https:\/\/evertonfc.cz\/index.php\/2019\/05\/10\/simms-sa-zaviazal-evertonu\/"},"wordCount":470,"commentCount":0,"publisher":{"@id":"https:\/\/evertonfc.cz\/#organization"},"image":{"@id":"https:\/\/evertonfc.cz\/index.php\/2019\/05\/10\/simms-sa-zaviazal-evertonu\/#primaryimage"},"thumbnailUrl":"https:\/\/evertonfc.cz\/wp-content\/uploads\/2019\/05\/simms-10-5-2019.jpg","articleSection":["Aktuality"],"inLanguage":"cs","potentialAction":[{"@type":"CommentAction","name":"Comment","target":["https:\/\/evertonfc.cz\/index.php\/2019\/05\/10\/simms-sa-zaviazal-evertonu\/#respond"]}]},{"@type":"WebPage","@id":"https:\/\/evertonfc.cz\/index.php\/2019\/05\/10\/simms-sa-zaviazal-evertonu\/","url":"https:\/\/evertonfc.cz\/index.php\/2019\/05\/10\/simms-sa-zaviazal-evertonu\/","name":"Simms a spol. sa zaviazali Evertonu - Official Czech &amp; Slovak Everton Supporters&#039; Club","isPartOf":{"@id":"https:\/\/evertonfc.cz\/#website"},"primaryImageOfPage":{"@id":"https:\/\/evertonfc.cz\/index.php\/2019\/05\/10\/simms-sa-zaviazal-evertonu\/#primaryimage"},"image":{"@id":"https:\/\/evertonfc.cz\/index.php\/2019\/05\/10\/simms-sa-zaviazal-evertonu\/#primaryimage"},"thumbnailUrl":"https:\/\/evertonfc.cz\/wp-content\/uploads\/2019\/05\/simms-10-5-2019.jpg","datePublished":"2019-05-10T09:07:39+00:00","dateModified":"2020-03-25T19:05:27+00:00","breadcrumb":{"@id":"https:\/\/evertonfc.cz\/index.php\/2019\/05\/10\/simms-sa-zaviazal-evertonu\/#breadcrumb"},"inLanguage":"cs","potentialAction":[{"@type":"ReadAction","target":["https:\/\/evertonfc.cz\/index.php\/2019\/05\/10\/simms-sa-zaviazal-evertonu\/"]}]},{"@type":"ImageObject","inLanguage":"cs","@id":"https:\/\/evertonfc.cz\/index.php\/2019\/05\/10\/simms-sa-zaviazal-evertonu\/#primaryimage","url":"https:\/\/evertonfc.cz\/wp-content\/uploads\/2019\/05\/simms-10-5-2019.jpg","contentUrl":"https:\/\/evertonfc.cz\/wp-content\/uploads\/2019\/05\/simms-10-5-2019.jpg","width":720,"height":405},{"@type":"BreadcrumbList","@id":"https:\/\/evertonfc.cz\/index.php\/2019\/05\/10\/simms-sa-zaviazal-evertonu\/#breadcrumb","itemListElement":[{"@type":"ListItem","position":1,"name":"Home","item":"https:\/\/evertonfc.cz\/"},{"@type":"ListItem","position":2,"name":"Simms a spol. sa zaviazali Evertonu"}]},{"@type":"WebSite","@id":"https:\/\/evertonfc.cz\/#website","url":"https:\/\/evertonfc.cz\/","name":"Official Czech &amp; Slovak Everton Supporters&#039; Club","description":"","publisher":{"@id":"https:\/\/evertonfc.cz\/#organization"},"potentialAction":[{"@type":"SearchAction","target":{"@type":"EntryPoint","urlTemplate":"https:\/\/evertonfc.cz\/?s={search_term_string}"},"query-input":{"@type":"PropertyValueSpecification","valueRequired":true,"valueName":"search_term_string"}}],"inLanguage":"cs"},{"@type":"Organization","@id":"https:\/\/evertonfc.cz\/#organization","name":"Official Czech & Slovak Everton Supporters' Club","url":"https:\/\/evertonfc.cz\/","logo":{"@type":"ImageObject","inLanguage":"cs","@id":"https:\/\/evertonfc.cz\/#\/schema\/logo\/image\/","url":"https:\/\/evertonfc.cz\/wp-content\/uploads\/2019\/05\/logo.png","contentUrl":"https:\/\/evertonfc.cz\/wp-content\/uploads\/2019\/05\/logo.png","width":112,"height":112,"caption":"Official Czech & Slovak Everton Supporters' Club"},"image":{"@id":"https:\/\/evertonfc.cz\/#\/schema\/logo\/image\/"},"sameAs":["https:\/\/www.facebook.com\/everton.fans.cz.sk"]},{"@type":"Person","@id":"https:\/\/evertonfc.cz\/#\/schema\/person\/d4493b8cbea51532597fbc4685698916","name":"BlueBlooded","url":"https:\/\/evertonfc.cz\/index.php\/author\/admin\/"}]}},"_links":{"self":[{"href":"https:\/\/evertonfc.cz\/index.php\/wp-json\/wp\/v2\/posts\/7752"}],"collection":[{"href":"https:\/\/evertonfc.cz\/index.php\/wp-json\/wp\/v2\/posts"}],"about":[{"href":"https:\/\/evertonfc.cz\/index.php\/wp-json\/wp\/v2\/types\/post"}],"author":[{"embeddable":true,"href":"https:\/\/evertonfc.cz\/index.php\/wp-json\/wp\/v2\/users\/1"}],"replies":[{"embeddable":true,"href":"https:\/\/evertonfc.cz\/index.php\/wp-json\/wp\/v2\/comments?post=7752"}],"version-history":[{"count":6,"href":"https:\/\/evertonfc.cz\/index.php\/wp-json\/wp\/v2\/posts\/7752\/revisions"}],"predecessor-version":[{"id":10604,"href":"https:\/\/evertonfc.cz\/index.php\/wp-json\/wp\/v2\/posts\/7752\/revisions\/10604"}],"wp:featuredmedia":[{"embeddable":true,"href":"https:\/\/evertonfc.cz\/index.php\/wp-json\/wp\/v2\/media\/7753"}],"wp:attachment":[{"href":"https:\/\/evertonfc.cz\/index.php\/wp-json\/wp\/v2\/media?parent=7752"}],"wp:term":[{"taxonomy":"category","embeddable":true,"href":"https:\/\/evertonfc.cz\/index.php\/wp-json\/wp\/v2\/categories?post=7752"},{"taxonomy":"post_tag","embeddable":true,"href":"https:\/\/evertonfc.cz\/index.php\/wp-json\/wp\/v2\/tags?post=7752"}],"curies":[{"name":"wp","href":"https:\/\/api.w.org\/{rel}","templated":true}]}}