{"id":7759,"date":"2019-05-11T12:46:19","date_gmt":"2019-05-11T10:46:19","guid":{"rendered":"https:\/\/evertonfc.cz\/?p=7759"},"modified":"2021-11-06T22:42:07","modified_gmt":"2021-11-06T21:42:07","slug":"preview-tottenham-hotspur-everton-11-5-2019","status":"publish","type":"post","link":"https:\/\/evertonfc.cz\/index.php\/2019\/05\/11\/preview-tottenham-hotspur-everton-11-5-2019\/","title":{"rendered":"Preview: Tottenham Hotspur &#8211; Everton"},"content":{"rendered":"<h4>V ned\u011bli se kon\u00e1 posledn\u00ed zvon\u011bn\u00ed. Everton uzav\u00edr\u00e1 sez\u00f3nu na h\u0159i\u0161ti p\u0159ekvapiv\u00e9ho finalisty Ligy mistr\u016f.<\/h4>\n<p>Je to tak. Mnoz\u00ed fandov\u00e9 Spurs o n\u011b\u010dem takov\u00e9m cel\u00fd \u017eivot snili, nyn\u00ed se jim to m\u016f\u017ee 1. \u010dervna v Madridu splnit. Tottenham p\u0159ekvapiv\u011b oto\u010dil ve st\u0159edu z\u00e1pas na h\u0159i\u0161ti Ajaxu a po hattricku Lucase Moury a jeho brance ze \u0161est\u00e9 minuty nastaven\u00ed se m\u016f\u017ee t\u011b\u0161it na \u0161pan\u011blskou metropoli. Co\u017e o to, m\u011bsto je to p\u011bkn\u00e9, ale nejd\u0159\u00edv \u010dekaj\u00ed ligov\u00e9 povinnosti.<\/p>\n<p>Av minul\u00e9m kole se nezada\u0159ilo. Bournemouth doma prom\u011bnil p\u0159esilovku o dva mu\u017ee a branou Ak\u00e9ho z 91. minuty vyhr\u00e1l. Nab\u00eddnutou \u0161anci o den pozd\u011bji vyu\u017eila Chelsea, tak\u017ee z\u00edt\u0159ej\u0161\u00ed dom\u00e1c\u00ed jsou sice v souboji o t\u0159et\u00ed m\u00edsto, ale nemaj\u00ed ho ve vlastn\u00edch rukou. Na d\u00e1lku tak prob\u011bhnou ve stejn\u00fdch z\u00e1pasech dva souboje &#8211; ten druh\u00fd je o m\u00edsto osm\u00e9, kde je na tom Everton l\u00e9pe ne\u017e Leicester, bodov\u011b i g\u00f3lov\u011b. K udr\u017een\u00ed t\u00e9hle pozici by Karamelk\u00e1m pravd\u011bpodobn\u011b sta\u010dil bod.<\/p>\n<p>Tottenham bude m\u00edt na pap\u00ed\u0159e probl\u00e9m poskl\u00e1dat \u00fatok. Kane st\u00e1le marod\u00ed se zran\u011bn\u00fdm kotn\u00edkem, p\u0159i\u010dem\u017e toto zran\u011bn\u00ed si p\u0159ivodil s\u00e1m (i skluzy se mus\u00ed um\u011bt) a Son byl v minul\u00e9m z\u00e1pase vylou\u010den, tak\u017ee je v trestu, stejn\u011b jako Foyth. Ale Moura je hodn\u011b dobr\u00fd st\u0159elec a v\u011bd\u011bl bych v lize o hor\u0161\u00edch variant\u00e1ch B ne\u017e je Llorente. Winks bude chyb\u011bt kv\u016fli t\u0159\u00edslu a Davison Sanchez kv\u016fli stehnu. Rose a Wanyama jsou s otazn\u00edkem.<\/p>\n<p>Na stran\u011b Evertonu bude chyb\u011bt dvojice Calvert-Lewin a Richarlison, jeho\u017e absence kv\u016fli \u017eebr\u016fm nep\u0159ekvapuje a nejsp\u00ed\u0161 je sp\u00ed\u0161e preventivn\u00ed. Probl\u00e9m s t\u0159\u00edslem m\u00e1 Coleman, o jeho startu se rozhodne p\u0159ed z\u00e1pasem. Naopak se do sestavy vrac\u00ed Gomes, kter\u00fd si odpykal t\u0159\u00edz\u00e1pasov\u00fd trest. Bude zaj\u00edmav\u00e9 se dov\u011bd\u011bt, zda Richarlisona zastoup\u00ed Walcott nebo Lookman. N\u00e1hradou za Calverta-Lewina bude samoz\u0159ejm\u011b Tosun.<\/p>\n<p>Spurs je co vracet, Everton vyhr\u00e1l naposledy na jejich h\u0159i\u0161ti p\u0159ed 11 roky a dom\u00e1c\u00ed prohra 2:6 na zlatou ned\u011bli je asi nejhor\u0161\u00edm v\u00fdkonem t\u00e9hle sez\u00f3ny. A jak by mohla vypadat sestava? Nap\u0159\u00edklad takhle: \u00a0Pickford &#8211; Kenny, Keane, Zouma, Digne &#8211; Gana, Gomes &#8211; Bernard, Sigurdsson, Walcott, &#8211; Tosun.<\/p>\n<p>Utk\u00e1n\u00ed vys\u00edl\u00e1 stanice Digi sport 4 z\u00edtra ze z\u00e1znamu od 18:45.<\/p>\n<p><strong>Co:\u00a0<\/strong>Tottenham Hotspur FC &#8211; Everton FC, 38. kolo Premier League<br \/>\n<strong>Kdy:\u00a0<\/strong>12. 5. 2019 od 16:00<br \/>\n<strong>Kde:<\/strong> Tottenham Hotspur Stadium, Lond\u00fdn<br \/>\n<strong>Rozhod\u010d\u00ed:\u00a0<\/strong>Andre Marriner<\/p>\n","protected":false},"excerpt":{"rendered":"<p>V ned\u011bli se kon\u00e1 posledn\u00ed zvon\u011bn\u00ed. Everton uzav\u00edr\u00e1 sez\u00f3nu na h\u0159i\u0161ti p\u0159ekvapiv\u00e9ho finalisty Ligy mistr\u016f.<\/p>\n","protected":false},"author":12,"featured_media":11937,"comment_status":"open","ping_status":"closed","sticky":false,"template":"","format":"standard","meta":{"_eb_attr":"","_monsterinsights_skip_tracking":false,"_monsterinsights_sitenote_active":false,"_monsterinsights_sitenote_note":"","_monsterinsights_sitenote_category":0,"footnotes":""},"categories":[4],"tags":[],"yoast_head":"<!-- This site is optimized with the Yoast SEO plugin v23.4 - https:\/\/yoast.com\/wordpress\/plugins\/seo\/ -->\n<title>Preview: Tottenham Hotspur - Everton - Official Czech &amp; Slovak Everton Supporters&#039; Club<\/title>\n<meta name=\"robots\" content=\"index, follow, max-snippet:-1, max-image-preview:large, max-video-preview:-1\" \/>\n<link rel=\"canonical\" href=\"https:\/\/evertonfc.cz\/index.php\/2019\/05\/11\/preview-tottenham-hotspur-everton-11-5-2019\/\" \/>\n<meta property=\"og:locale\" content=\"cs_CZ\" \/>\n<meta property=\"og:type\" content=\"article\" \/>\n<meta property=\"og:title\" content=\"Preview: Tottenham Hotspur - Everton - Official Czech &amp; Slovak Everton Supporters&#039; Club\" \/>\n<meta property=\"og:description\" content=\"V ned\u011bli se kon\u00e1 posledn\u00ed zvon\u011bn\u00ed. Everton uzav\u00edr\u00e1 sez\u00f3nu na h\u0159i\u0161ti p\u0159ekvapiv\u00e9ho finalisty Ligy mistr\u016f.\" \/>\n<meta property=\"og:url\" content=\"https:\/\/evertonfc.cz\/index.php\/2019\/05\/11\/preview-tottenham-hotspur-everton-11-5-2019\/\" \/>\n<meta property=\"og:site_name\" content=\"Official Czech &amp; Slovak Everton Supporters&#039; Club\" \/>\n<meta property=\"article:publisher\" content=\"https:\/\/www.facebook.com\/everton.fans.cz.sk\" \/>\n<meta property=\"article:published_time\" content=\"2019-05-11T10:46:19+00:00\" \/>\n<meta property=\"article:modified_time\" content=\"2021-11-06T21:42:07+00:00\" \/>\n<meta property=\"og:image\" content=\"https:\/\/evertonfc.cz\/wp-content\/uploads\/2020\/09\/Tottenham-Hotspur-VS-Everton-12-9-2020.jpg\" \/>\n\t<meta property=\"og:image:width\" content=\"720\" \/>\n\t<meta property=\"og:image:height\" content=\"405\" \/>\n\t<meta property=\"og:image:type\" content=\"image\/jpeg\" \/>\n<meta name=\"author\" content=\"Javor\" \/>\n<meta name=\"twitter:card\" content=\"summary_large_image\" \/>\n<meta name=\"twitter:creator\" content=\"@LoudinJan\" \/>\n<meta name=\"twitter:label1\" content=\"Napsal(a)\" \/>\n\t<meta name=\"twitter:data1\" content=\"Javor\" \/>\n\t<meta name=\"twitter:label2\" content=\"Odhadovan\u00e1 doba \u010dten\u00ed\" \/>\n\t<meta name=\"twitter:data2\" content=\"2 minuty\" \/>\n<script type=\"application\/ld+json\" class=\"yoast-schema-graph\">{\"@context\":\"https:\/\/schema.org\",\"@graph\":[{\"@type\":\"Article\",\"@id\":\"https:\/\/evertonfc.cz\/index.php\/2019\/05\/11\/preview-tottenham-hotspur-everton-11-5-2019\/#article\",\"isPartOf\":{\"@id\":\"https:\/\/evertonfc.cz\/index.php\/2019\/05\/11\/preview-tottenham-hotspur-everton-11-5-2019\/\"},\"author\":{\"name\":\"Javor\",\"@id\":\"https:\/\/evertonfc.cz\/#\/schema\/person\/b30daf6a5852f4811f8207a17ec1bf78\"},\"headline\":\"Preview: Tottenham Hotspur &#8211; Everton\",\"datePublished\":\"2019-05-11T10:46:19+00:00\",\"dateModified\":\"2021-11-06T21:42:07+00:00\",\"mainEntityOfPage\":{\"@id\":\"https:\/\/evertonfc.cz\/index.php\/2019\/05\/11\/preview-tottenham-hotspur-everton-11-5-2019\/\"},\"wordCount\":476,\"commentCount\":1,\"publisher\":{\"@id\":\"https:\/\/evertonfc.cz\/#organization\"},\"image\":{\"@id\":\"https:\/\/evertonfc.cz\/index.php\/2019\/05\/11\/preview-tottenham-hotspur-everton-11-5-2019\/#primaryimage\"},\"thumbnailUrl\":\"https:\/\/evertonfc.cz\/wp-content\/uploads\/2020\/09\/Tottenham-Hotspur-VS-Everton-12-9-2020.jpg\",\"articleSection\":[\"Z\u00e1pasy\"],\"inLanguage\":\"cs\",\"potentialAction\":[{\"@type\":\"CommentAction\",\"name\":\"Comment\",\"target\":[\"https:\/\/evertonfc.cz\/index.php\/2019\/05\/11\/preview-tottenham-hotspur-everton-11-5-2019\/#respond\"]}]},{\"@type\":\"WebPage\",\"@id\":\"https:\/\/evertonfc.cz\/index.php\/2019\/05\/11\/preview-tottenham-hotspur-everton-11-5-2019\/\",\"url\":\"https:\/\/evertonfc.cz\/index.php\/2019\/05\/11\/preview-tottenham-hotspur-everton-11-5-2019\/\",\"name\":\"Preview: Tottenham Hotspur - Everton - Official Czech &amp; Slovak Everton Supporters&#039; Club\",\"isPartOf\":{\"@id\":\"https:\/\/evertonfc.cz\/#website\"},\"primaryImageOfPage\":{\"@id\":\"https:\/\/evertonfc.cz\/index.php\/2019\/05\/11\/preview-tottenham-hotspur-everton-11-5-2019\/#primaryimage\"},\"image\":{\"@id\":\"https:\/\/evertonfc.cz\/index.php\/2019\/05\/11\/preview-tottenham-hotspur-everton-11-5-2019\/#primaryimage\"},\"thumbnailUrl\":\"https:\/\/evertonfc.cz\/wp-content\/uploads\/2020\/09\/Tottenham-Hotspur-VS-Everton-12-9-2020.jpg\",\"datePublished\":\"2019-05-11T10:46:19+00:00\",\"dateModified\":\"2021-11-06T21:42:07+00:00\",\"breadcrumb\":{\"@id\":\"https:\/\/evertonfc.cz\/index.php\/2019\/05\/11\/preview-tottenham-hotspur-everton-11-5-2019\/#breadcrumb\"},\"inLanguage\":\"cs\",\"potentialAction\":[{\"@type\":\"ReadAction\",\"target\":[\"https:\/\/evertonfc.cz\/index.php\/2019\/05\/11\/preview-tottenham-hotspur-everton-11-5-2019\/\"]}]},{\"@type\":\"ImageObject\",\"inLanguage\":\"cs\",\"@id\":\"https:\/\/evertonfc.cz\/index.php\/2019\/05\/11\/preview-tottenham-hotspur-everton-11-5-2019\/#primaryimage\",\"url\":\"https:\/\/evertonfc.cz\/wp-content\/uploads\/2020\/09\/Tottenham-Hotspur-VS-Everton-12-9-2020.jpg\",\"contentUrl\":\"https:\/\/evertonfc.cz\/wp-content\/uploads\/2020\/09\/Tottenham-Hotspur-VS-Everton-12-9-2020.jpg\",\"width\":720,\"height\":405},{\"@type\":\"BreadcrumbList\",\"@id\":\"https:\/\/evertonfc.cz\/index.php\/2019\/05\/11\/preview-tottenham-hotspur-everton-11-5-2019\/#breadcrumb\",\"itemListElement\":[{\"@type\":\"ListItem\",\"position\":1,\"name\":\"Home\",\"item\":\"https:\/\/evertonfc.cz\/\"},{\"@type\":\"ListItem\",\"position\":2,\"name\":\"Preview: Tottenham Hotspur &#8211; Everton\"}]},{\"@type\":\"WebSite\",\"@id\":\"https:\/\/evertonfc.cz\/#website\",\"url\":\"https:\/\/evertonfc.cz\/\",\"name\":\"Official Czech &amp; Slovak Everton Supporters&#039; Club\",\"description\":\"\",\"publisher\":{\"@id\":\"https:\/\/evertonfc.cz\/#organization\"},\"potentialAction\":[{\"@type\":\"SearchAction\",\"target\":{\"@type\":\"EntryPoint\",\"urlTemplate\":\"https:\/\/evertonfc.cz\/?s={search_term_string}\"},\"query-input\":{\"@type\":\"PropertyValueSpecification\",\"valueRequired\":true,\"valueName\":\"search_term_string\"}}],\"inLanguage\":\"cs\"},{\"@type\":\"Organization\",\"@id\":\"https:\/\/evertonfc.cz\/#organization\",\"name\":\"Official Czech & Slovak Everton Supporters' Club\",\"url\":\"https:\/\/evertonfc.cz\/\",\"logo\":{\"@type\":\"ImageObject\",\"inLanguage\":\"cs\",\"@id\":\"https:\/\/evertonfc.cz\/#\/schema\/logo\/image\/\",\"url\":\"https:\/\/evertonfc.cz\/wp-content\/uploads\/2019\/05\/logo.png\",\"contentUrl\":\"https:\/\/evertonfc.cz\/wp-content\/uploads\/2019\/05\/logo.png\",\"width\":112,\"height\":112,\"caption\":\"Official Czech & Slovak Everton Supporters' Club\"},\"image\":{\"@id\":\"https:\/\/evertonfc.cz\/#\/schema\/logo\/image\/\"},\"sameAs\":[\"https:\/\/www.facebook.com\/everton.fans.cz.sk\"]},{\"@type\":\"Person\",\"@id\":\"https:\/\/evertonfc.cz\/#\/schema\/person\/b30daf6a5852f4811f8207a17ec1bf78\",\"name\":\"Javor\",\"sameAs\":[\"https:\/\/x.com\/LoudinJan\"],\"url\":\"https:\/\/evertonfc.cz\/index.php\/author\/javor\/\"}]}<\/script>\n<!-- \/ Yoast SEO plugin. -->","yoast_head_json":{"title":"Preview: Tottenham Hotspur - Everton - Official Czech &amp; Slovak Everton Supporters&#039; Club","robots":{"index":"index","follow":"follow","max-snippet":"max-snippet:-1","max-image-preview":"max-image-preview:large","max-video-preview":"max-video-preview:-1"},"canonical":"https:\/\/evertonfc.cz\/index.php\/2019\/05\/11\/preview-tottenham-hotspur-everton-11-5-2019\/","og_locale":"cs_CZ","og_type":"article","og_title":"Preview: Tottenham Hotspur - Everton - Official Czech &amp; Slovak Everton Supporters&#039; Club","og_description":"V ned\u011bli se kon\u00e1 posledn\u00ed zvon\u011bn\u00ed. Everton uzav\u00edr\u00e1 sez\u00f3nu na h\u0159i\u0161ti p\u0159ekvapiv\u00e9ho finalisty Ligy mistr\u016f.","og_url":"https:\/\/evertonfc.cz\/index.php\/2019\/05\/11\/preview-tottenham-hotspur-everton-11-5-2019\/","og_site_name":"Official Czech &amp; Slovak Everton Supporters&#039; Club","article_publisher":"https:\/\/www.facebook.com\/everton.fans.cz.sk","article_published_time":"2019-05-11T10:46:19+00:00","article_modified_time":"2021-11-06T21:42:07+00:00","og_image":[{"width":720,"height":405,"url":"https:\/\/evertonfc.cz\/wp-content\/uploads\/2020\/09\/Tottenham-Hotspur-VS-Everton-12-9-2020.jpg","type":"image\/jpeg"}],"author":"Javor","twitter_card":"summary_large_image","twitter_creator":"@LoudinJan","twitter_misc":{"Napsal(a)":"Javor","Odhadovan\u00e1 doba \u010dten\u00ed":"2 minuty"},"schema":{"@context":"https:\/\/schema.org","@graph":[{"@type":"Article","@id":"https:\/\/evertonfc.cz\/index.php\/2019\/05\/11\/preview-tottenham-hotspur-everton-11-5-2019\/#article","isPartOf":{"@id":"https:\/\/evertonfc.cz\/index.php\/2019\/05\/11\/preview-tottenham-hotspur-everton-11-5-2019\/"},"author":{"name":"Javor","@id":"https:\/\/evertonfc.cz\/#\/schema\/person\/b30daf6a5852f4811f8207a17ec1bf78"},"headline":"Preview: Tottenham Hotspur &#8211; Everton","datePublished":"2019-05-11T10:46:19+00:00","dateModified":"2021-11-06T21:42:07+00:00","mainEntityOfPage":{"@id":"https:\/\/evertonfc.cz\/index.php\/2019\/05\/11\/preview-tottenham-hotspur-everton-11-5-2019\/"},"wordCount":476,"commentCount":1,"publisher":{"@id":"https:\/\/evertonfc.cz\/#organization"},"image":{"@id":"https:\/\/evertonfc.cz\/index.php\/2019\/05\/11\/preview-tottenham-hotspur-everton-11-5-2019\/#primaryimage"},"thumbnailUrl":"https:\/\/evertonfc.cz\/wp-content\/uploads\/2020\/09\/Tottenham-Hotspur-VS-Everton-12-9-2020.jpg","articleSection":["Z\u00e1pasy"],"inLanguage":"cs","potentialAction":[{"@type":"CommentAction","name":"Comment","target":["https:\/\/evertonfc.cz\/index.php\/2019\/05\/11\/preview-tottenham-hotspur-everton-11-5-2019\/#respond"]}]},{"@type":"WebPage","@id":"https:\/\/evertonfc.cz\/index.php\/2019\/05\/11\/preview-tottenham-hotspur-everton-11-5-2019\/","url":"https:\/\/evertonfc.cz\/index.php\/2019\/05\/11\/preview-tottenham-hotspur-everton-11-5-2019\/","name":"Preview: Tottenham Hotspur - Everton - Official Czech &amp; Slovak Everton Supporters&#039; Club","isPartOf":{"@id":"https:\/\/evertonfc.cz\/#website"},"primaryImageOfPage":{"@id":"https:\/\/evertonfc.cz\/index.php\/2019\/05\/11\/preview-tottenham-hotspur-everton-11-5-2019\/#primaryimage"},"image":{"@id":"https:\/\/evertonfc.cz\/index.php\/2019\/05\/11\/preview-tottenham-hotspur-everton-11-5-2019\/#primaryimage"},"thumbnailUrl":"https:\/\/evertonfc.cz\/wp-content\/uploads\/2020\/09\/Tottenham-Hotspur-VS-Everton-12-9-2020.jpg","datePublished":"2019-05-11T10:46:19+00:00","dateModified":"2021-11-06T21:42:07+00:00","breadcrumb":{"@id":"https:\/\/evertonfc.cz\/index.php\/2019\/05\/11\/preview-tottenham-hotspur-everton-11-5-2019\/#breadcrumb"},"inLanguage":"cs","potentialAction":[{"@type":"ReadAction","target":["https:\/\/evertonfc.cz\/index.php\/2019\/05\/11\/preview-tottenham-hotspur-everton-11-5-2019\/"]}]},{"@type":"ImageObject","inLanguage":"cs","@id":"https:\/\/evertonfc.cz\/index.php\/2019\/05\/11\/preview-tottenham-hotspur-everton-11-5-2019\/#primaryimage","url":"https:\/\/evertonfc.cz\/wp-content\/uploads\/2020\/09\/Tottenham-Hotspur-VS-Everton-12-9-2020.jpg","contentUrl":"https:\/\/evertonfc.cz\/wp-content\/uploads\/2020\/09\/Tottenham-Hotspur-VS-Everton-12-9-2020.jpg","width":720,"height":405},{"@type":"BreadcrumbList","@id":"https:\/\/evertonfc.cz\/index.php\/2019\/05\/11\/preview-tottenham-hotspur-everton-11-5-2019\/#breadcrumb","itemListElement":[{"@type":"ListItem","position":1,"name":"Home","item":"https:\/\/evertonfc.cz\/"},{"@type":"ListItem","position":2,"name":"Preview: Tottenham Hotspur &#8211; Everton"}]},{"@type":"WebSite","@id":"https:\/\/evertonfc.cz\/#website","url":"https:\/\/evertonfc.cz\/","name":"Official Czech &amp; Slovak Everton Supporters&#039; Club","description":"","publisher":{"@id":"https:\/\/evertonfc.cz\/#organization"},"potentialAction":[{"@type":"SearchAction","target":{"@type":"EntryPoint","urlTemplate":"https:\/\/evertonfc.cz\/?s={search_term_string}"},"query-input":{"@type":"PropertyValueSpecification","valueRequired":true,"valueName":"search_term_string"}}],"inLanguage":"cs"},{"@type":"Organization","@id":"https:\/\/evertonfc.cz\/#organization","name":"Official Czech & Slovak Everton Supporters' Club","url":"https:\/\/evertonfc.cz\/","logo":{"@type":"ImageObject","inLanguage":"cs","@id":"https:\/\/evertonfc.cz\/#\/schema\/logo\/image\/","url":"https:\/\/evertonfc.cz\/wp-content\/uploads\/2019\/05\/logo.png","contentUrl":"https:\/\/evertonfc.cz\/wp-content\/uploads\/2019\/05\/logo.png","width":112,"height":112,"caption":"Official Czech & Slovak Everton Supporters' Club"},"image":{"@id":"https:\/\/evertonfc.cz\/#\/schema\/logo\/image\/"},"sameAs":["https:\/\/www.facebook.com\/everton.fans.cz.sk"]},{"@type":"Person","@id":"https:\/\/evertonfc.cz\/#\/schema\/person\/b30daf6a5852f4811f8207a17ec1bf78","name":"Javor","sameAs":["https:\/\/x.com\/LoudinJan"],"url":"https:\/\/evertonfc.cz\/index.php\/author\/javor\/"}]}},"_links":{"self":[{"href":"https:\/\/evertonfc.cz\/index.php\/wp-json\/wp\/v2\/posts\/7759"}],"collection":[{"href":"https:\/\/evertonfc.cz\/index.php\/wp-json\/wp\/v2\/posts"}],"about":[{"href":"https:\/\/evertonfc.cz\/index.php\/wp-json\/wp\/v2\/types\/post"}],"author":[{"embeddable":true,"href":"https:\/\/evertonfc.cz\/index.php\/wp-json\/wp\/v2\/users\/12"}],"replies":[{"embeddable":true,"href":"https:\/\/evertonfc.cz\/index.php\/wp-json\/wp\/v2\/comments?post=7759"}],"version-history":[{"count":4,"href":"https:\/\/evertonfc.cz\/index.php\/wp-json\/wp\/v2\/posts\/7759\/revisions"}],"predecessor-version":[{"id":7767,"href":"https:\/\/evertonfc.cz\/index.php\/wp-json\/wp\/v2\/posts\/7759\/revisions\/7767"}],"wp:featuredmedia":[{"embeddable":true,"href":"https:\/\/evertonfc.cz\/index.php\/wp-json\/wp\/v2\/media\/11937"}],"wp:attachment":[{"href":"https:\/\/evertonfc.cz\/index.php\/wp-json\/wp\/v2\/media?parent=7759"}],"wp:term":[{"taxonomy":"category","embeddable":true,"href":"https:\/\/evertonfc.cz\/index.php\/wp-json\/wp\/v2\/categories?post=7759"},{"taxonomy":"post_tag","embeddable":true,"href":"https:\/\/evertonfc.cz\/index.php\/wp-json\/wp\/v2\/tags?post=7759"}],"curies":[{"name":"wp","href":"https:\/\/api.w.org\/{rel}","templated":true}]}}