{"id":7773,"date":"2019-05-16T08:50:53","date_gmt":"2019-05-16T06:50:53","guid":{"rendered":"https:\/\/evertonfc.cz\/?p=7773"},"modified":"2019-05-16T08:54:15","modified_gmt":"2019-05-16T06:54:15","slug":"nejlepsi-letosni-strelci-a-nahravaci","status":"publish","type":"post","link":"https:\/\/evertonfc.cz\/index.php\/2019\/05\/16\/nejlepsi-letosni-strelci-a-nahravaci\/","title":{"rendered":"Nejlep\u0161\u00ed leto\u0161n\u00ed st\u0159elci a nahr\u00e1va\u010di"},"content":{"rendered":"<h4>O pozici nejlep\u0161\u00edho st\u0159elce Evertonu v pr\u00e1v\u011b skon\u010den\u00e9 sez\u00f3n\u011b 2018\/19 se d\u011bl\u00ed Gylfi Sigurdsson a Richarlison, p\u0159i\u010dem\u017e Islan\u010fan se rovn\u011b\u017e stal nejlep\u0161\u00edm nahr\u00e1va\u010dem.<\/h4>\n<h4><\/h4>\n<p><strong>Branky<\/strong><\/p>\n<table border=\"1\" width=\"100%\" frame=\"void\" cellpadding=\"3\" align=\"center\">\n<tbody>\n<tr>\n<td width=\"4%\"><\/td>\n<td width=\"24%\"><\/td>\n<td style=\"text-align: center;\" width=\"18%\"><strong>PL<\/strong><\/td>\n<td style=\"text-align: center;\" width=\"18%\"><strong>LP<\/strong><\/td>\n<td style=\"text-align: center;\" width=\"18%\"><strong>FAC<\/strong><\/td>\n<td style=\"text-align: center;\" width=\"18%\"><\/td>\n<\/tr>\n<tr>\n<td width=\"4%\">1.<\/td>\n<td width=\"24%\">Richarlison<\/td>\n<td style=\"text-align: center;\" width=\"18%\">13<\/td>\n<td style=\"text-align: center;\" width=\"18%\"><\/td>\n<td style=\"text-align: center;\" width=\"18%\">1<\/td>\n<td style=\"text-align: center;\" width=\"18%\"><strong>14<\/strong><\/td>\n<\/tr>\n<tr>\n<td width=\"4%\"><\/td>\n<td width=\"24%\">Sigurdsson<\/td>\n<td style=\"text-align: center;\" width=\"18%\">13<\/td>\n<td style=\"text-align: center;\" width=\"18%\">1<\/td>\n<td style=\"text-align: center;\" width=\"18%\"><\/td>\n<td style=\"text-align: center;\" width=\"18%\"><strong>14<\/strong><\/td>\n<\/tr>\n<tr>\n<td width=\"4%\">3.<\/td>\n<td width=\"24%\">Calvert-Lewin<\/td>\n<td style=\"text-align: center;\" width=\"18%\">6<\/td>\n<td style=\"text-align: center;\" width=\"18%\">2<\/td>\n<td style=\"text-align: center;\" width=\"18%\"><\/td>\n<td style=\"text-align: center;\" width=\"18%\"><strong>8<\/strong><\/td>\n<\/tr>\n<tr>\n<td width=\"4%\">4.<\/td>\n<td width=\"24%\">Walcott<\/td>\n<td style=\"text-align: center;\" width=\"18%\">5<\/td>\n<td style=\"text-align: center;\" width=\"18%\">1<\/td>\n<td style=\"text-align: center;\" width=\"18%\"><\/td>\n<td style=\"text-align: center;\" width=\"18%\"><strong>6<\/strong><\/td>\n<\/tr>\n<tr>\n<td width=\"4%\">5.<\/td>\n<td width=\"24%\">Digne<\/td>\n<td style=\"text-align: center;\" width=\"18%\">4<\/td>\n<td style=\"text-align: center;\" width=\"18%\"><\/td>\n<td style=\"text-align: center;\" width=\"18%\"><\/td>\n<td style=\"text-align: center;\" width=\"18%\"><strong>4<\/strong><\/td>\n<\/tr>\n<tr>\n<td width=\"4%\"><\/td>\n<td width=\"24%\">Tosun<\/td>\n<td style=\"text-align: center;\" width=\"18%\">3<\/td>\n<td style=\"text-align: center;\" width=\"18%\"><\/td>\n<td style=\"text-align: center;\" width=\"18%\">1<\/td>\n<td style=\"text-align: center;\" width=\"18%\"><strong>4<\/strong><\/td>\n<\/tr>\n<tr>\n<td width=\"4%\">7.<\/td>\n<td width=\"24%\">Bernard<\/td>\n<td style=\"text-align: center;\" width=\"18%\">1<\/td>\n<td style=\"text-align: center;\" width=\"18%\"><\/td>\n<td style=\"text-align: center;\" width=\"18%\">1<\/td>\n<td style=\"text-align: center;\" width=\"18%\"><strong>2<\/strong><\/td>\n<\/tr>\n<tr>\n<td width=\"4%\"><\/td>\n<td width=\"24%\">Coleman<\/td>\n<td style=\"text-align: center;\" width=\"18%\">2<\/td>\n<td style=\"text-align: center;\" width=\"18%\"><\/td>\n<td style=\"text-align: center;\" width=\"18%\"><\/td>\n<td style=\"text-align: center;\" width=\"18%\"><strong>2<\/strong><\/td>\n<\/tr>\n<tr>\n<td width=\"4%\"><\/td>\n<td width=\"24%\">Zouma<\/td>\n<td style=\"text-align: center;\" width=\"18%\">2<\/td>\n<td style=\"text-align: center;\" width=\"18%\"><\/td>\n<td style=\"text-align: center;\" width=\"18%\"><\/td>\n<td style=\"text-align: center;\" width=\"18%\"><strong>2<\/strong><\/td>\n<\/tr>\n<tr>\n<td width=\"4%\">10.<\/td>\n<td width=\"24%\">Gomes<\/td>\n<td style=\"text-align: center;\" width=\"18%\">1<\/td>\n<td style=\"text-align: center;\" width=\"18%\"><\/td>\n<td style=\"text-align: center;\" width=\"18%\"><\/td>\n<td style=\"text-align: center;\" width=\"18%\"><strong>1<\/strong><\/td>\n<\/tr>\n<tr>\n<td width=\"4%\"><\/td>\n<td width=\"24%\">Jagielka<\/td>\n<td style=\"text-align: center;\" width=\"18%\">1<\/td>\n<td style=\"text-align: center;\" width=\"18%\"><\/td>\n<td style=\"text-align: center;\" width=\"18%\"><\/td>\n<td style=\"text-align: center;\" width=\"18%\"><strong>1<\/strong><\/td>\n<\/tr>\n<tr>\n<td width=\"4%\"><\/td>\n<td width=\"24%\">Keane<\/td>\n<td style=\"text-align: center;\" width=\"18%\">1<\/td>\n<td style=\"text-align: center;\" width=\"18%\"><\/td>\n<td style=\"text-align: center;\" width=\"18%\"><\/td>\n<td style=\"text-align: center;\" width=\"18%\"><strong>1<\/strong><\/td>\n<\/tr>\n<tr>\n<td width=\"4%\"><\/td>\n<td width=\"24%\">Lookman<\/td>\n<td style=\"text-align: center;\" width=\"18%\"><\/td>\n<td style=\"text-align: center;\" width=\"18%\"><\/td>\n<td style=\"text-align: center;\" width=\"18%\">1<\/td>\n<td style=\"text-align: center;\" width=\"18%\"><strong>1<\/strong><\/td>\n<\/tr>\n<tr>\n<td width=\"4%\"><\/td>\n<td width=\"24%\">Mina<\/td>\n<td style=\"text-align: center;\" width=\"18%\">1<\/td>\n<td style=\"text-align: center;\" width=\"18%\"><\/td>\n<td style=\"text-align: center;\" width=\"18%\"><\/td>\n<td style=\"text-align: center;\" width=\"18%\"><strong>1<\/strong><\/td>\n<\/tr>\n<\/tbody>\n<\/table>\n<p>&nbsp;<\/p>\n<p><strong>Asistence<\/strong><\/p>\n<table border=\"1\" width=\"100%\" frame=\"void\" cellpadding=\"3\" align=\"center\">\n<tbody>\n<tr>\n<td width=\"4%\"><\/td>\n<td width=\"24%\"><\/td>\n<td style=\"text-align: center;\" width=\"18%\"><strong>PL<\/strong><\/td>\n<td style=\"text-align: center;\" width=\"18%\"><strong>LP<\/strong><\/td>\n<td style=\"text-align: center;\" width=\"18%\"><strong>FAC<\/strong><\/td>\n<td style=\"text-align: center;\" width=\"18%\"><\/td>\n<\/tr>\n<tr>\n<td width=\"4%\">1.<\/td>\n<td width=\"24%\">Sigurdsson<\/td>\n<td style=\"text-align: center;\" width=\"18%\">6<\/td>\n<td style=\"text-align: center;\" width=\"18%\"><\/td>\n<td style=\"text-align: center;\" width=\"18%\">1<\/td>\n<td style=\"text-align: center;\" width=\"18%\"><strong>7<\/strong><\/td>\n<\/tr>\n<tr>\n<td width=\"4%\">2.<\/td>\n<td width=\"24%\">Digne<\/td>\n<td style=\"text-align: center;\" width=\"18%\">4<\/td>\n<td style=\"text-align: center;\" width=\"18%\">1<\/td>\n<td style=\"text-align: center;\" width=\"18%\"><\/td>\n<td style=\"text-align: center;\" width=\"18%\"><strong>5<\/strong><\/td>\n<\/tr>\n<tr>\n<td width=\"4%\">3.<\/td>\n<td width=\"24%\">Bernard<\/td>\n<td style=\"text-align: center;\" width=\"18%\">3<\/td>\n<td style=\"text-align: center;\" width=\"18%\"><\/td>\n<td style=\"text-align: center;\" width=\"18%\"><\/td>\n<td style=\"text-align: center;\" width=\"18%\"><strong>3<\/strong><\/td>\n<\/tr>\n<tr>\n<td width=\"4%\"><\/td>\n<td width=\"24%\">Calvert-Lewin<\/td>\n<td style=\"text-align: center;\" width=\"18%\">2<\/td>\n<td style=\"text-align: center;\" width=\"18%\"><\/td>\n<td style=\"text-align: center;\" width=\"18%\">1<\/td>\n<td style=\"text-align: center;\" width=\"18%\"><strong>3<\/strong><\/td>\n<\/tr>\n<tr>\n<td width=\"4%\"><\/td>\n<td width=\"24%\">Tosun<\/td>\n<td style=\"text-align: center;\" width=\"18%\">3<\/td>\n<td style=\"text-align: center;\" width=\"18%\"><\/td>\n<td style=\"text-align: center;\" width=\"18%\"><\/td>\n<td style=\"text-align: center;\" width=\"18%\"><strong>3<\/strong><\/td>\n<\/tr>\n<tr>\n<td width=\"4%\">6.<\/td>\n<td width=\"24%\">Coleman<\/td>\n<td style=\"text-align: center;\" width=\"18%\">2<\/td>\n<td style=\"text-align: center;\" width=\"18%\"><\/td>\n<td style=\"text-align: center;\" width=\"18%\"><\/td>\n<td style=\"text-align: center;\" width=\"18%\"><strong>2<\/strong><\/td>\n<\/tr>\n<tr>\n<td width=\"4%\"><\/td>\n<td width=\"24%\">Gomes<\/td>\n<td style=\"text-align: center;\" width=\"18%\">1<\/td>\n<td style=\"text-align: center;\" width=\"18%\"><\/td>\n<td style=\"text-align: center;\" width=\"18%\">1<\/td>\n<td style=\"text-align: center;\" width=\"18%\"><strong>2<\/strong><\/td>\n<\/tr>\n<tr>\n<td width=\"4%\"><\/td>\n<td width=\"24%\">Gueye<\/td>\n<td style=\"text-align: center;\" width=\"18%\">2<\/td>\n<td style=\"text-align: center;\" width=\"18%\"><\/td>\n<td style=\"text-align: center;\" width=\"18%\"><\/td>\n<td style=\"text-align: center;\" width=\"18%\"><strong>2<\/strong><\/td>\n<\/tr>\n<tr>\n<td width=\"4%\"><\/td>\n<td width=\"24%\">Keane<\/td>\n<td style=\"text-align: center;\" width=\"18%\">2<\/td>\n<td style=\"text-align: center;\" width=\"18%\"><\/td>\n<td style=\"text-align: center;\" width=\"18%\"><\/td>\n<td style=\"text-align: center;\" width=\"18%\"><strong>2<\/strong><\/td>\n<\/tr>\n<tr>\n<td width=\"4%\"><\/td>\n<td width=\"24%\">Lookman<\/td>\n<td style=\"text-align: center;\" width=\"18%\">2<\/td>\n<td style=\"text-align: center;\" width=\"18%\"><\/td>\n<td style=\"text-align: center;\" width=\"18%\"><\/td>\n<td style=\"text-align: center;\" width=\"18%\"><strong>2<\/strong><\/td>\n<\/tr>\n<tr>\n<td width=\"4%\"><\/td>\n<td width=\"24%\">Walcott<\/td>\n<td style=\"text-align: center;\" width=\"18%\">2<\/td>\n<td style=\"text-align: center;\" width=\"18%\"><\/td>\n<td style=\"text-align: center;\" width=\"18%\"><\/td>\n<td style=\"text-align: center;\" width=\"18%\"><strong>2<\/strong><\/td>\n<\/tr>\n<tr>\n<td width=\"4%\"><\/td>\n<td width=\"24%\">Zouma<\/td>\n<td style=\"text-align: center;\" width=\"18%\">2<\/td>\n<td style=\"text-align: center;\" width=\"18%\"><\/td>\n<td style=\"text-align: center;\" width=\"18%\"><\/td>\n<td style=\"text-align: center;\" width=\"18%\"><strong>2<\/strong><\/td>\n<\/tr>\n<tr>\n<td width=\"4%\">13.<\/td>\n<td width=\"24%\">Baines<\/td>\n<td style=\"text-align: center;\" width=\"18%\"><\/td>\n<td style=\"text-align: center;\" width=\"18%\"><\/td>\n<td style=\"text-align: center;\" width=\"18%\">1<\/td>\n<td style=\"text-align: center;\" width=\"18%\"><strong>1<\/strong><\/td>\n<\/tr>\n<tr>\n<td width=\"4%\"><\/td>\n<td width=\"24%\">Davies<\/td>\n<td style=\"text-align: center;\" width=\"18%\"><\/td>\n<td style=\"text-align: center;\" width=\"18%\">1<\/td>\n<td style=\"text-align: center;\" width=\"18%\"><\/td>\n<td style=\"text-align: center;\" width=\"18%\"><strong>1<\/strong><\/td>\n<\/tr>\n<tr>\n<td width=\"4%\"><\/td>\n<td width=\"24%\">Kenny<\/td>\n<td style=\"text-align: center;\" width=\"18%\">1<\/td>\n<td style=\"text-align: center;\" width=\"18%\"><\/td>\n<td style=\"text-align: center;\" width=\"18%\"><\/td>\n<td style=\"text-align: center;\" width=\"18%\"><strong>1<\/strong><\/td>\n<\/tr>\n<tr>\n<td width=\"4%\"><\/td>\n<td width=\"24%\">Niasse<\/td>\n<td style=\"text-align: center;\" width=\"18%\"><\/td>\n<td style=\"text-align: center;\" width=\"18%\">1<\/td>\n<td style=\"text-align: center;\" width=\"18%\"><\/td>\n<td style=\"text-align: center;\" width=\"18%\"><strong>1<\/strong><\/td>\n<\/tr>\n<tr>\n<td width=\"4%\"><\/td>\n<td width=\"24%\">Richarlison<\/td>\n<td style=\"text-align: center;\" width=\"18%\">1<\/td>\n<td style=\"text-align: center;\" width=\"18%\"><\/td>\n<td style=\"text-align: center;\" width=\"18%\"><\/td>\n<td style=\"text-align: center;\" width=\"18%\"><strong>1<\/strong><\/td>\n<\/tr>\n<tr>\n<td width=\"4%\"><\/td>\n<td width=\"24%\">Sandro<\/td>\n<td style=\"text-align: center;\" width=\"18%\"><\/td>\n<td style=\"text-align: center;\" width=\"18%\">1<\/td>\n<td style=\"text-align: center;\" width=\"18%\"><\/td>\n<td style=\"text-align: center;\" width=\"18%\"><strong>1<\/strong><\/td>\n<\/tr>\n<tr>\n<td width=\"4%\"><\/td>\n<td width=\"24%\">Schneiderlin<\/td>\n<td style=\"text-align: center;\" width=\"18%\">1<\/td>\n<td style=\"text-align: center;\" width=\"18%\"><\/td>\n<td style=\"text-align: center;\" width=\"18%\"><\/td>\n<td style=\"text-align: center;\" width=\"18%\"><strong>1<\/strong><\/td>\n<\/tr>\n<\/tbody>\n<\/table>\n","protected":false},"excerpt":{"rendered":"<p>O pozici nejlep\u0161\u00edho st\u0159elce Evertonu v pr\u00e1v\u011b skon\u010den\u00e9 sez\u00f3n\u011b 2018\/19 se d\u011bl\u00ed Gylfi Sigurdsson a Richarlison, p\u0159i\u010dem\u017e Islan\u010fan se rovn\u011b\u017e stal nejlep\u0161\u00edm nahr\u00e1va\u010dem.<\/p>\n","protected":false},"author":6,"featured_media":7772,"comment_status":"open","ping_status":"closed","sticky":false,"template":"","format":"standard","meta":{"_eb_attr":"","_monsterinsights_skip_tracking":false,"_monsterinsights_sitenote_active":false,"_monsterinsights_sitenote_note":"","_monsterinsights_sitenote_category":0,"footnotes":""},"categories":[42],"tags":[],"yoast_head":"<!-- This site is optimized with the Yoast SEO plugin v23.4 - https:\/\/yoast.com\/wordpress\/plugins\/seo\/ -->\n<title>Nejlep\u0161\u00ed leto\u0161n\u00ed st\u0159elci a nahr\u00e1va\u010di - Official Czech &amp; Slovak Everton Supporters&#039; Club<\/title>\n<meta name=\"robots\" content=\"index, follow, max-snippet:-1, max-image-preview:large, max-video-preview:-1\" \/>\n<link rel=\"canonical\" href=\"https:\/\/evertonfc.cz\/index.php\/2019\/05\/16\/nejlepsi-letosni-strelci-a-nahravaci\/\" \/>\n<meta property=\"og:locale\" content=\"cs_CZ\" \/>\n<meta property=\"og:type\" content=\"article\" \/>\n<meta property=\"og:title\" content=\"Nejlep\u0161\u00ed leto\u0161n\u00ed st\u0159elci a nahr\u00e1va\u010di - Official Czech &amp; Slovak Everton Supporters&#039; Club\" \/>\n<meta property=\"og:description\" content=\"O pozici nejlep\u0161\u00edho st\u0159elce Evertonu v pr\u00e1v\u011b skon\u010den\u00e9 sez\u00f3n\u011b 2018\/19 se d\u011bl\u00ed Gylfi Sigurdsson a Richarlison, p\u0159i\u010dem\u017e Islan\u010fan se rovn\u011b\u017e stal nejlep\u0161\u00edm nahr\u00e1va\u010dem.\" \/>\n<meta property=\"og:url\" content=\"https:\/\/evertonfc.cz\/index.php\/2019\/05\/16\/nejlepsi-letosni-strelci-a-nahravaci\/\" \/>\n<meta property=\"og:site_name\" content=\"Official Czech &amp; Slovak Everton Supporters&#039; Club\" \/>\n<meta property=\"article:publisher\" content=\"https:\/\/www.facebook.com\/everton.fans.cz.sk\" \/>\n<meta property=\"article:published_time\" content=\"2019-05-16T06:50:53+00:00\" \/>\n<meta property=\"article:modified_time\" content=\"2019-05-16T06:54:15+00:00\" \/>\n<meta property=\"og:image\" content=\"https:\/\/evertonfc.cz\/wp-content\/uploads\/2019\/05\/sigurdsson_richarlison_15_5_2019.jpg\" \/>\n\t<meta property=\"og:image:width\" content=\"720\" \/>\n\t<meta property=\"og:image:height\" content=\"405\" \/>\n\t<meta property=\"og:image:type\" content=\"image\/jpeg\" \/>\n<meta name=\"author\" content=\"Ri\u010di\" \/>\n<meta name=\"twitter:card\" content=\"summary_large_image\" \/>\n<meta name=\"twitter:creator\" content=\"@rbrejsa\" \/>\n<meta name=\"twitter:label1\" content=\"Napsal(a)\" \/>\n\t<meta name=\"twitter:data1\" content=\"Ri\u010di\" \/>\n<script type=\"application\/ld+json\" class=\"yoast-schema-graph\">{\"@context\":\"https:\/\/schema.org\",\"@graph\":[{\"@type\":\"Article\",\"@id\":\"https:\/\/evertonfc.cz\/index.php\/2019\/05\/16\/nejlepsi-letosni-strelci-a-nahravaci\/#article\",\"isPartOf\":{\"@id\":\"https:\/\/evertonfc.cz\/index.php\/2019\/05\/16\/nejlepsi-letosni-strelci-a-nahravaci\/\"},\"author\":{\"name\":\"Ri\u010di\",\"@id\":\"https:\/\/evertonfc.cz\/#\/schema\/person\/f7a5daedb2ffee98480bc70e191aaef1\"},\"headline\":\"Nejlep\u0161\u00ed leto\u0161n\u00ed st\u0159elci a nahr\u00e1va\u010di\",\"datePublished\":\"2019-05-16T06:50:53+00:00\",\"dateModified\":\"2019-05-16T06:54:15+00:00\",\"mainEntityOfPage\":{\"@id\":\"https:\/\/evertonfc.cz\/index.php\/2019\/05\/16\/nejlepsi-letosni-strelci-a-nahravaci\/\"},\"wordCount\":85,\"commentCount\":1,\"publisher\":{\"@id\":\"https:\/\/evertonfc.cz\/#organization\"},\"image\":{\"@id\":\"https:\/\/evertonfc.cz\/index.php\/2019\/05\/16\/nejlepsi-letosni-strelci-a-nahravaci\/#primaryimage\"},\"thumbnailUrl\":\"https:\/\/evertonfc.cz\/wp-content\/uploads\/2019\/05\/sigurdsson_richarlison_15_5_2019.jpg\",\"articleSection\":[\"Aktuality\"],\"inLanguage\":\"cs\",\"potentialAction\":[{\"@type\":\"CommentAction\",\"name\":\"Comment\",\"target\":[\"https:\/\/evertonfc.cz\/index.php\/2019\/05\/16\/nejlepsi-letosni-strelci-a-nahravaci\/#respond\"]}]},{\"@type\":\"WebPage\",\"@id\":\"https:\/\/evertonfc.cz\/index.php\/2019\/05\/16\/nejlepsi-letosni-strelci-a-nahravaci\/\",\"url\":\"https:\/\/evertonfc.cz\/index.php\/2019\/05\/16\/nejlepsi-letosni-strelci-a-nahravaci\/\",\"name\":\"Nejlep\u0161\u00ed leto\u0161n\u00ed st\u0159elci a nahr\u00e1va\u010di - Official Czech &amp; Slovak Everton Supporters&#039; Club\",\"isPartOf\":{\"@id\":\"https:\/\/evertonfc.cz\/#website\"},\"primaryImageOfPage\":{\"@id\":\"https:\/\/evertonfc.cz\/index.php\/2019\/05\/16\/nejlepsi-letosni-strelci-a-nahravaci\/#primaryimage\"},\"image\":{\"@id\":\"https:\/\/evertonfc.cz\/index.php\/2019\/05\/16\/nejlepsi-letosni-strelci-a-nahravaci\/#primaryimage\"},\"thumbnailUrl\":\"https:\/\/evertonfc.cz\/wp-content\/uploads\/2019\/05\/sigurdsson_richarlison_15_5_2019.jpg\",\"datePublished\":\"2019-05-16T06:50:53+00:00\",\"dateModified\":\"2019-05-16T06:54:15+00:00\",\"breadcrumb\":{\"@id\":\"https:\/\/evertonfc.cz\/index.php\/2019\/05\/16\/nejlepsi-letosni-strelci-a-nahravaci\/#breadcrumb\"},\"inLanguage\":\"cs\",\"potentialAction\":[{\"@type\":\"ReadAction\",\"target\":[\"https:\/\/evertonfc.cz\/index.php\/2019\/05\/16\/nejlepsi-letosni-strelci-a-nahravaci\/\"]}]},{\"@type\":\"ImageObject\",\"inLanguage\":\"cs\",\"@id\":\"https:\/\/evertonfc.cz\/index.php\/2019\/05\/16\/nejlepsi-letosni-strelci-a-nahravaci\/#primaryimage\",\"url\":\"https:\/\/evertonfc.cz\/wp-content\/uploads\/2019\/05\/sigurdsson_richarlison_15_5_2019.jpg\",\"contentUrl\":\"https:\/\/evertonfc.cz\/wp-content\/uploads\/2019\/05\/sigurdsson_richarlison_15_5_2019.jpg\",\"width\":720,\"height\":405},{\"@type\":\"BreadcrumbList\",\"@id\":\"https:\/\/evertonfc.cz\/index.php\/2019\/05\/16\/nejlepsi-letosni-strelci-a-nahravaci\/#breadcrumb\",\"itemListElement\":[{\"@type\":\"ListItem\",\"position\":1,\"name\":\"Home\",\"item\":\"https:\/\/evertonfc.cz\/\"},{\"@type\":\"ListItem\",\"position\":2,\"name\":\"Nejlep\u0161\u00ed leto\u0161n\u00ed st\u0159elci a nahr\u00e1va\u010di\"}]},{\"@type\":\"WebSite\",\"@id\":\"https:\/\/evertonfc.cz\/#website\",\"url\":\"https:\/\/evertonfc.cz\/\",\"name\":\"Official Czech &amp; Slovak Everton Supporters&#039; Club\",\"description\":\"\",\"publisher\":{\"@id\":\"https:\/\/evertonfc.cz\/#organization\"},\"potentialAction\":[{\"@type\":\"SearchAction\",\"target\":{\"@type\":\"EntryPoint\",\"urlTemplate\":\"https:\/\/evertonfc.cz\/?s={search_term_string}\"},\"query-input\":{\"@type\":\"PropertyValueSpecification\",\"valueRequired\":true,\"valueName\":\"search_term_string\"}}],\"inLanguage\":\"cs\"},{\"@type\":\"Organization\",\"@id\":\"https:\/\/evertonfc.cz\/#organization\",\"name\":\"Official Czech & Slovak Everton Supporters' Club\",\"url\":\"https:\/\/evertonfc.cz\/\",\"logo\":{\"@type\":\"ImageObject\",\"inLanguage\":\"cs\",\"@id\":\"https:\/\/evertonfc.cz\/#\/schema\/logo\/image\/\",\"url\":\"https:\/\/evertonfc.cz\/wp-content\/uploads\/2019\/05\/logo.png\",\"contentUrl\":\"https:\/\/evertonfc.cz\/wp-content\/uploads\/2019\/05\/logo.png\",\"width\":112,\"height\":112,\"caption\":\"Official Czech & Slovak Everton Supporters' Club\"},\"image\":{\"@id\":\"https:\/\/evertonfc.cz\/#\/schema\/logo\/image\/\"},\"sameAs\":[\"https:\/\/www.facebook.com\/everton.fans.cz.sk\"]},{\"@type\":\"Person\",\"@id\":\"https:\/\/evertonfc.cz\/#\/schema\/person\/f7a5daedb2ffee98480bc70e191aaef1\",\"name\":\"Ri\u010di\",\"sameAs\":[\"https:\/\/x.com\/rbrejsa\"],\"url\":\"https:\/\/evertonfc.cz\/index.php\/author\/rici\/\"}]}<\/script>\n<!-- \/ Yoast SEO plugin. -->","yoast_head_json":{"title":"Nejlep\u0161\u00ed leto\u0161n\u00ed st\u0159elci a nahr\u00e1va\u010di - Official Czech &amp; Slovak Everton Supporters&#039; Club","robots":{"index":"index","follow":"follow","max-snippet":"max-snippet:-1","max-image-preview":"max-image-preview:large","max-video-preview":"max-video-preview:-1"},"canonical":"https:\/\/evertonfc.cz\/index.php\/2019\/05\/16\/nejlepsi-letosni-strelci-a-nahravaci\/","og_locale":"cs_CZ","og_type":"article","og_title":"Nejlep\u0161\u00ed leto\u0161n\u00ed st\u0159elci a nahr\u00e1va\u010di - Official Czech &amp; Slovak Everton Supporters&#039; Club","og_description":"O pozici nejlep\u0161\u00edho st\u0159elce Evertonu v pr\u00e1v\u011b skon\u010den\u00e9 sez\u00f3n\u011b 2018\/19 se d\u011bl\u00ed Gylfi Sigurdsson a Richarlison, p\u0159i\u010dem\u017e Islan\u010fan se rovn\u011b\u017e stal nejlep\u0161\u00edm nahr\u00e1va\u010dem.","og_url":"https:\/\/evertonfc.cz\/index.php\/2019\/05\/16\/nejlepsi-letosni-strelci-a-nahravaci\/","og_site_name":"Official Czech &amp; Slovak Everton Supporters&#039; Club","article_publisher":"https:\/\/www.facebook.com\/everton.fans.cz.sk","article_published_time":"2019-05-16T06:50:53+00:00","article_modified_time":"2019-05-16T06:54:15+00:00","og_image":[{"width":720,"height":405,"url":"https:\/\/evertonfc.cz\/wp-content\/uploads\/2019\/05\/sigurdsson_richarlison_15_5_2019.jpg","type":"image\/jpeg"}],"author":"Ri\u010di","twitter_card":"summary_large_image","twitter_creator":"@rbrejsa","twitter_misc":{"Napsal(a)":"Ri\u010di"},"schema":{"@context":"https:\/\/schema.org","@graph":[{"@type":"Article","@id":"https:\/\/evertonfc.cz\/index.php\/2019\/05\/16\/nejlepsi-letosni-strelci-a-nahravaci\/#article","isPartOf":{"@id":"https:\/\/evertonfc.cz\/index.php\/2019\/05\/16\/nejlepsi-letosni-strelci-a-nahravaci\/"},"author":{"name":"Ri\u010di","@id":"https:\/\/evertonfc.cz\/#\/schema\/person\/f7a5daedb2ffee98480bc70e191aaef1"},"headline":"Nejlep\u0161\u00ed leto\u0161n\u00ed st\u0159elci a nahr\u00e1va\u010di","datePublished":"2019-05-16T06:50:53+00:00","dateModified":"2019-05-16T06:54:15+00:00","mainEntityOfPage":{"@id":"https:\/\/evertonfc.cz\/index.php\/2019\/05\/16\/nejlepsi-letosni-strelci-a-nahravaci\/"},"wordCount":85,"commentCount":1,"publisher":{"@id":"https:\/\/evertonfc.cz\/#organization"},"image":{"@id":"https:\/\/evertonfc.cz\/index.php\/2019\/05\/16\/nejlepsi-letosni-strelci-a-nahravaci\/#primaryimage"},"thumbnailUrl":"https:\/\/evertonfc.cz\/wp-content\/uploads\/2019\/05\/sigurdsson_richarlison_15_5_2019.jpg","articleSection":["Aktuality"],"inLanguage":"cs","potentialAction":[{"@type":"CommentAction","name":"Comment","target":["https:\/\/evertonfc.cz\/index.php\/2019\/05\/16\/nejlepsi-letosni-strelci-a-nahravaci\/#respond"]}]},{"@type":"WebPage","@id":"https:\/\/evertonfc.cz\/index.php\/2019\/05\/16\/nejlepsi-letosni-strelci-a-nahravaci\/","url":"https:\/\/evertonfc.cz\/index.php\/2019\/05\/16\/nejlepsi-letosni-strelci-a-nahravaci\/","name":"Nejlep\u0161\u00ed leto\u0161n\u00ed st\u0159elci a nahr\u00e1va\u010di - Official Czech &amp; Slovak Everton Supporters&#039; Club","isPartOf":{"@id":"https:\/\/evertonfc.cz\/#website"},"primaryImageOfPage":{"@id":"https:\/\/evertonfc.cz\/index.php\/2019\/05\/16\/nejlepsi-letosni-strelci-a-nahravaci\/#primaryimage"},"image":{"@id":"https:\/\/evertonfc.cz\/index.php\/2019\/05\/16\/nejlepsi-letosni-strelci-a-nahravaci\/#primaryimage"},"thumbnailUrl":"https:\/\/evertonfc.cz\/wp-content\/uploads\/2019\/05\/sigurdsson_richarlison_15_5_2019.jpg","datePublished":"2019-05-16T06:50:53+00:00","dateModified":"2019-05-16T06:54:15+00:00","breadcrumb":{"@id":"https:\/\/evertonfc.cz\/index.php\/2019\/05\/16\/nejlepsi-letosni-strelci-a-nahravaci\/#breadcrumb"},"inLanguage":"cs","potentialAction":[{"@type":"ReadAction","target":["https:\/\/evertonfc.cz\/index.php\/2019\/05\/16\/nejlepsi-letosni-strelci-a-nahravaci\/"]}]},{"@type":"ImageObject","inLanguage":"cs","@id":"https:\/\/evertonfc.cz\/index.php\/2019\/05\/16\/nejlepsi-letosni-strelci-a-nahravaci\/#primaryimage","url":"https:\/\/evertonfc.cz\/wp-content\/uploads\/2019\/05\/sigurdsson_richarlison_15_5_2019.jpg","contentUrl":"https:\/\/evertonfc.cz\/wp-content\/uploads\/2019\/05\/sigurdsson_richarlison_15_5_2019.jpg","width":720,"height":405},{"@type":"BreadcrumbList","@id":"https:\/\/evertonfc.cz\/index.php\/2019\/05\/16\/nejlepsi-letosni-strelci-a-nahravaci\/#breadcrumb","itemListElement":[{"@type":"ListItem","position":1,"name":"Home","item":"https:\/\/evertonfc.cz\/"},{"@type":"ListItem","position":2,"name":"Nejlep\u0161\u00ed leto\u0161n\u00ed st\u0159elci a nahr\u00e1va\u010di"}]},{"@type":"WebSite","@id":"https:\/\/evertonfc.cz\/#website","url":"https:\/\/evertonfc.cz\/","name":"Official Czech &amp; Slovak Everton Supporters&#039; Club","description":"","publisher":{"@id":"https:\/\/evertonfc.cz\/#organization"},"potentialAction":[{"@type":"SearchAction","target":{"@type":"EntryPoint","urlTemplate":"https:\/\/evertonfc.cz\/?s={search_term_string}"},"query-input":{"@type":"PropertyValueSpecification","valueRequired":true,"valueName":"search_term_string"}}],"inLanguage":"cs"},{"@type":"Organization","@id":"https:\/\/evertonfc.cz\/#organization","name":"Official Czech & Slovak Everton Supporters' Club","url":"https:\/\/evertonfc.cz\/","logo":{"@type":"ImageObject","inLanguage":"cs","@id":"https:\/\/evertonfc.cz\/#\/schema\/logo\/image\/","url":"https:\/\/evertonfc.cz\/wp-content\/uploads\/2019\/05\/logo.png","contentUrl":"https:\/\/evertonfc.cz\/wp-content\/uploads\/2019\/05\/logo.png","width":112,"height":112,"caption":"Official Czech & Slovak Everton Supporters' Club"},"image":{"@id":"https:\/\/evertonfc.cz\/#\/schema\/logo\/image\/"},"sameAs":["https:\/\/www.facebook.com\/everton.fans.cz.sk"]},{"@type":"Person","@id":"https:\/\/evertonfc.cz\/#\/schema\/person\/f7a5daedb2ffee98480bc70e191aaef1","name":"Ri\u010di","sameAs":["https:\/\/x.com\/rbrejsa"],"url":"https:\/\/evertonfc.cz\/index.php\/author\/rici\/"}]}},"_links":{"self":[{"href":"https:\/\/evertonfc.cz\/index.php\/wp-json\/wp\/v2\/posts\/7773"}],"collection":[{"href":"https:\/\/evertonfc.cz\/index.php\/wp-json\/wp\/v2\/posts"}],"about":[{"href":"https:\/\/evertonfc.cz\/index.php\/wp-json\/wp\/v2\/types\/post"}],"author":[{"embeddable":true,"href":"https:\/\/evertonfc.cz\/index.php\/wp-json\/wp\/v2\/users\/6"}],"replies":[{"embeddable":true,"href":"https:\/\/evertonfc.cz\/index.php\/wp-json\/wp\/v2\/comments?post=7773"}],"version-history":[{"count":6,"href":"https:\/\/evertonfc.cz\/index.php\/wp-json\/wp\/v2\/posts\/7773\/revisions"}],"predecessor-version":[{"id":7795,"href":"https:\/\/evertonfc.cz\/index.php\/wp-json\/wp\/v2\/posts\/7773\/revisions\/7795"}],"wp:featuredmedia":[{"embeddable":true,"href":"https:\/\/evertonfc.cz\/index.php\/wp-json\/wp\/v2\/media\/7772"}],"wp:attachment":[{"href":"https:\/\/evertonfc.cz\/index.php\/wp-json\/wp\/v2\/media?parent=7773"}],"wp:term":[{"taxonomy":"category","embeddable":true,"href":"https:\/\/evertonfc.cz\/index.php\/wp-json\/wp\/v2\/categories?post=7773"},{"taxonomy":"post_tag","embeddable":true,"href":"https:\/\/evertonfc.cz\/index.php\/wp-json\/wp\/v2\/tags?post=7773"}],"curies":[{"name":"wp","href":"https:\/\/api.w.org\/{rel}","templated":true}]}}