{"id":7778,"date":"2019-05-13T23:01:59","date_gmt":"2019-05-13T21:01:59","guid":{"rendered":"https:\/\/evertonfc.cz\/?p=7778"},"modified":"2019-05-14T06:52:54","modified_gmt":"2019-05-14T04:52:54","slug":"tottenham-hotspur-everton-2-2","status":"publish","type":"post","link":"https:\/\/evertonfc.cz\/index.php\/2019\/05\/13\/tottenham-hotspur-everton-2-2\/","title":{"rendered":"Tottenham Hotspur \u2013  Everton 2:2"},"content":{"rendered":"<h4>Koniec sez\u00f3ny pre Karamelky predstavoval ospal\u00fd z\u00e1pas, v ktorom n\u00e1dielka \u0161tyroch g\u00f3lov p\u00f4sob\u00ed viac ako n\u00e1hoda, ne\u017e produkt v\u00fdkonu profesion\u00e1lnych \u0161portovcov.<\/h4>\n<p>Duel to veru nebol bohvieak\u00fd, Everton v sebe preb\u00fadzal \u0161tipky a\u0161pir\u00e1cie ve\u013emi dlho. Trpel na nepresnos\u0165 prihr\u00e1vok, dobrovo\u013ene ochabnut\u00fa, \u010di lep\u0161ie povedan\u00e9 ochrnut\u00fa prav\u00fa stranu a taktick\u00fa nevyzretos\u0165. Lebo dovol\u00edm si poveda\u0165, st\u00e1le sme nena\u0161li recept na diamantov\u00fa z\u00e1lohu s\u00fapera.<\/p>\n<p>Na letargick\u00fd za\u010diatok z\u00e1pasu doplatili hostia hne\u010f v tretej min\u00fate. Neskonsolidovan\u00e1 obrana, ktor\u00e1 sa do\u010dkala po t\u00fd\u017edni jednej vyn\u00fatenej zmeny, inkasovala po rohovom kope. Ani traja stredn\u00ed obrancovia, z toho Zouma hraj\u00faci na pravom kraji obrany a Mina na jeho mieste, nedok\u00e1zali zabr\u00e1ni\u0165 Dierovi v sk\u00f3rovan\u00ed.<\/p>\n<p>By\u0165 ambici\u00f3znej\u0161\u00edch Spurs v lep\u0161ej forme, respekt\u00edve bez ve\u013ekej mar\u00f3dky, kapitulova\u0165 sme mohli v prvom pol\u010dase po neuverite\u013enom mno\u017estve pre\u010d\u00edslovan\u00ed a jednoduch\u00fdch prechodov cez na\u0161u obranu. Asi len Silva vie, pre\u010do s tromi stop\u00e9rmi nehr\u00e1me ortodoxne, ale tv\u00e1rime sa, \u017ee sme univerz\u00e1lnos\u0165 vymysleli. A ke\u010f pri tom pochov\u00e1vame vlastn\u00fa ml\u00e1de\u017e, dobre, \u017ee kon\u010d\u00ed t\u00e1 sez\u00f3na.<\/p>\n<p>Po vy\u0161e hodine hracieho \u010dasu kone\u010dne pri\u0161lo vyrovnanie. Z kopa\u010dky najpovolanej\u0161ieho. S\u00faperovi zn\u00e1my Walcott profitoval z akcie, ktor\u00fa vytvoril Lookman. Ten potiahol loptu stredom, uvo\u013enil Sigurdssona a Islan\u010fan nahr\u00e1val Theovi u\u017e do v\u00e1pna. Tam to na\u0161a jeden\u00e1stka na drese zasekla dovn\u00fatra a v p\u00e1de vyp\u00e1lila k vzdialenej\u0161ej \u017erdi.<\/p>\n<p>O p\u00e1r min\u00fat bolo e\u0161te vesel\u0161ie. Sigurdssonov kop od rohovej z\u00e1stavky na\u0161iel Keana, no Lloris ho vychytal. Dor\u00e1\u017eka sa nepodarila ani Lookmanovi, tak\u017ee tam v sklze musel vletie\u0165 Tosun. Neuverite\u013en\u00fd obrat sk\u00f3re vy\u010daril viac ne\u017e n\u00e1dej na \u00fa\u017easn\u00e9 zakon\u010denie kampane s \u010fal\u0161\u00edm skalpom. Pokorenie finalistu Ligy majstrov sa v\u017edy po\u010d\u00edta.<\/p>\n<p>Len\u017ee \u00fa\u010das\u0165 v poslednom dejstve v Madride si lond\u00fdnski Koh\u00fati nezasl\u00fa\u017eili len tak. Po faule Gomesa na Lamelu sa priameho kopu ujal Eriksen a Pickforda v br\u00e1ne prekonal ne\u010dakanou strelou k vzdialenej\u0161ej ty\u010dke. \u0160koda, no tak\u00fdto z\u00e1ver by pred stretnut\u00edm odobril asi ka\u017ed\u00fd fan\u00fa\u0161ik. Len dve prehry v posledn\u00fdch jeden\u00e1stich z\u00e1pasoch.<\/p>\n<p>Minuloro\u010dn\u00e9 \u00f4sme miesto sme s\u00edce nezlep\u0161ili, ale predv\u00e1dzan\u00e1 hra sa p\u00e1\u010di a potvrdzuje to aj g\u00f3lov\u00fd rozdiel, ktor\u00fd sa polep\u0161il o cifru 22. Inkasovan\u00e9 g\u00f3ly zo \u0161tandardn\u00fdch situ\u00e1cii s\u00fa v\u0161ak stra\u0161iak st\u00e1le. Aj napriek tomu, \u017ee z\u00e1ver sez\u00f3ny potvrdil st\u00fapaj\u00facu defenz\u00edvnu soliditu, skon\u010dili sme v tejto \u0161tatistike najhor\u0161\u00ed. Marco Silva sa cez leto nudi\u0165 ur\u010dite nebude.<\/p>\n<p><a href=\"http:\/\/www.evertonfc.com\/evertontv\/archive\/2019\/05\/12\/tottenham-hotspur-22-everton-extended-highlights\" target=\"_blank\" rel=\"noopener noreferrer\"><em>Zostrih toho najlep\u0161ieho zo z\u00e1pasu n\u00e1jdete na ofici\u00e1lnej str\u00e1nke.<\/em><\/a><\/p>\n<hr \/>\n<p><strong>Mu\u017e z\u00e1pasu:<\/strong> Kyle Walker-Peters (Sky) Lucas Digne (BBC)<\/p>\n<p><strong>G\u00f3ly:<\/strong> 3\u00b4 Dier, 69\u00b4 Walcott, 72\u00b4 Tosun, 75\u00b4 Eriksen<\/p>\n<p><strong>\u017dlt\u00e9 karty:<\/strong> 71\u00b4 Schneiderlin, 90\u00b4 Digne<\/p>\n<p><strong>Tottenham Hotspur FC:<\/strong> Lloris \u2013 Walker-Pieters, Alderweireld, Dier, Davies \u2013 Sissoko, Eriksen, Alli (46\u00b4Wanyama), Lamela (77\u00b4Skipp) \u2013 Llorente (77\u00b4Janssen). Lucas<\/p>\n<p><strong>Everton FC:<\/strong> Pickford \u2013 Zouma, Keane, Mina, Digne \u2013 Schneiderlin, Gueye (65\u00b4Gomes) \u2013 Walcott, Sigurdsson, Bernard (65\u00b4Lookman) \u2013 Tosun<\/p>\n<p><strong>Rozhodca:<\/strong> Andre Marriner<\/p>\n<p><strong>Po\u010det div\u00e1kov:<\/strong> 60 124, Tottenham Hotspur Stadium (Lond\u00fdn)<\/p>\n","protected":false},"excerpt":{"rendered":"<p>Koniec sez\u00f3ny pre Karamelky predstavoval ospal\u00fd z\u00e1pas, v ktorom n\u00e1dielka \u0161tyroch g\u00f3lov p\u00f4sob\u00ed viac ako n\u00e1hoda, ne\u017e produkt v\u00fdkonu profesion\u00e1lnych \u0161portovcov.<\/p>\n","protected":false},"author":1,"featured_media":7779,"comment_status":"open","ping_status":"closed","sticky":false,"template":"","format":"standard","meta":{"_eb_attr":"","_monsterinsights_skip_tracking":false,"_monsterinsights_sitenote_active":false,"_monsterinsights_sitenote_note":"","_monsterinsights_sitenote_category":0,"footnotes":""},"categories":[4],"tags":[],"yoast_head":"<!-- This site is optimized with the Yoast SEO plugin v23.4 - https:\/\/yoast.com\/wordpress\/plugins\/seo\/ -->\n<title>Tottenham Hotspur \u2013 Everton 2:2 - Official Czech &amp; Slovak Everton Supporters&#039; Club<\/title>\n<meta name=\"robots\" content=\"index, follow, max-snippet:-1, max-image-preview:large, max-video-preview:-1\" \/>\n<link rel=\"canonical\" href=\"https:\/\/evertonfc.cz\/index.php\/2019\/05\/13\/tottenham-hotspur-everton-2-2\/\" \/>\n<meta property=\"og:locale\" content=\"cs_CZ\" \/>\n<meta property=\"og:type\" content=\"article\" \/>\n<meta property=\"og:title\" content=\"Tottenham Hotspur \u2013 Everton 2:2 - Official Czech &amp; Slovak Everton Supporters&#039; Club\" \/>\n<meta property=\"og:description\" content=\"Koniec sez\u00f3ny pre Karamelky predstavoval ospal\u00fd z\u00e1pas, v ktorom n\u00e1dielka \u0161tyroch g\u00f3lov p\u00f4sob\u00ed viac ako n\u00e1hoda, ne\u017e produkt v\u00fdkonu profesion\u00e1lnych \u0161portovcov.\" \/>\n<meta property=\"og:url\" content=\"https:\/\/evertonfc.cz\/index.php\/2019\/05\/13\/tottenham-hotspur-everton-2-2\/\" \/>\n<meta property=\"og:site_name\" content=\"Official Czech &amp; Slovak Everton Supporters&#039; Club\" \/>\n<meta property=\"article:publisher\" content=\"https:\/\/www.facebook.com\/everton.fans.cz.sk\" \/>\n<meta property=\"article:published_time\" content=\"2019-05-13T21:01:59+00:00\" \/>\n<meta property=\"article:modified_time\" content=\"2019-05-14T04:52:54+00:00\" \/>\n<meta property=\"og:image\" content=\"https:\/\/evertonfc.cz\/wp-content\/uploads\/2019\/05\/christian-eriksen-13-5-2019.jpg\" \/>\n\t<meta property=\"og:image:width\" content=\"720\" \/>\n\t<meta property=\"og:image:height\" content=\"405\" \/>\n\t<meta property=\"og:image:type\" content=\"image\/jpeg\" \/>\n<meta name=\"author\" content=\"BlueBlooded\" \/>\n<meta name=\"twitter:card\" content=\"summary_large_image\" \/>\n<meta name=\"twitter:label1\" content=\"Napsal(a)\" \/>\n\t<meta name=\"twitter:data1\" content=\"BlueBlooded\" \/>\n\t<meta name=\"twitter:label2\" content=\"Odhadovan\u00e1 doba \u010dten\u00ed\" \/>\n\t<meta name=\"twitter:data2\" content=\"3 minuty\" \/>\n<script type=\"application\/ld+json\" class=\"yoast-schema-graph\">{\"@context\":\"https:\/\/schema.org\",\"@graph\":[{\"@type\":\"Article\",\"@id\":\"https:\/\/evertonfc.cz\/index.php\/2019\/05\/13\/tottenham-hotspur-everton-2-2\/#article\",\"isPartOf\":{\"@id\":\"https:\/\/evertonfc.cz\/index.php\/2019\/05\/13\/tottenham-hotspur-everton-2-2\/\"},\"author\":{\"name\":\"BlueBlooded\",\"@id\":\"https:\/\/evertonfc.cz\/#\/schema\/person\/d4493b8cbea51532597fbc4685698916\"},\"headline\":\"Tottenham Hotspur \u2013 Everton 2:2\",\"datePublished\":\"2019-05-13T21:01:59+00:00\",\"dateModified\":\"2019-05-14T04:52:54+00:00\",\"mainEntityOfPage\":{\"@id\":\"https:\/\/evertonfc.cz\/index.php\/2019\/05\/13\/tottenham-hotspur-everton-2-2\/\"},\"wordCount\":565,\"commentCount\":2,\"publisher\":{\"@id\":\"https:\/\/evertonfc.cz\/#organization\"},\"image\":{\"@id\":\"https:\/\/evertonfc.cz\/index.php\/2019\/05\/13\/tottenham-hotspur-everton-2-2\/#primaryimage\"},\"thumbnailUrl\":\"https:\/\/evertonfc.cz\/wp-content\/uploads\/2019\/05\/christian-eriksen-13-5-2019.jpg\",\"articleSection\":[\"Z\u00e1pasy\"],\"inLanguage\":\"cs\",\"potentialAction\":[{\"@type\":\"CommentAction\",\"name\":\"Comment\",\"target\":[\"https:\/\/evertonfc.cz\/index.php\/2019\/05\/13\/tottenham-hotspur-everton-2-2\/#respond\"]}]},{\"@type\":\"WebPage\",\"@id\":\"https:\/\/evertonfc.cz\/index.php\/2019\/05\/13\/tottenham-hotspur-everton-2-2\/\",\"url\":\"https:\/\/evertonfc.cz\/index.php\/2019\/05\/13\/tottenham-hotspur-everton-2-2\/\",\"name\":\"Tottenham Hotspur \u2013 Everton 2:2 - Official Czech &amp; Slovak Everton Supporters&#039; Club\",\"isPartOf\":{\"@id\":\"https:\/\/evertonfc.cz\/#website\"},\"primaryImageOfPage\":{\"@id\":\"https:\/\/evertonfc.cz\/index.php\/2019\/05\/13\/tottenham-hotspur-everton-2-2\/#primaryimage\"},\"image\":{\"@id\":\"https:\/\/evertonfc.cz\/index.php\/2019\/05\/13\/tottenham-hotspur-everton-2-2\/#primaryimage\"},\"thumbnailUrl\":\"https:\/\/evertonfc.cz\/wp-content\/uploads\/2019\/05\/christian-eriksen-13-5-2019.jpg\",\"datePublished\":\"2019-05-13T21:01:59+00:00\",\"dateModified\":\"2019-05-14T04:52:54+00:00\",\"breadcrumb\":{\"@id\":\"https:\/\/evertonfc.cz\/index.php\/2019\/05\/13\/tottenham-hotspur-everton-2-2\/#breadcrumb\"},\"inLanguage\":\"cs\",\"potentialAction\":[{\"@type\":\"ReadAction\",\"target\":[\"https:\/\/evertonfc.cz\/index.php\/2019\/05\/13\/tottenham-hotspur-everton-2-2\/\"]}]},{\"@type\":\"ImageObject\",\"inLanguage\":\"cs\",\"@id\":\"https:\/\/evertonfc.cz\/index.php\/2019\/05\/13\/tottenham-hotspur-everton-2-2\/#primaryimage\",\"url\":\"https:\/\/evertonfc.cz\/wp-content\/uploads\/2019\/05\/christian-eriksen-13-5-2019.jpg\",\"contentUrl\":\"https:\/\/evertonfc.cz\/wp-content\/uploads\/2019\/05\/christian-eriksen-13-5-2019.jpg\",\"width\":720,\"height\":405},{\"@type\":\"BreadcrumbList\",\"@id\":\"https:\/\/evertonfc.cz\/index.php\/2019\/05\/13\/tottenham-hotspur-everton-2-2\/#breadcrumb\",\"itemListElement\":[{\"@type\":\"ListItem\",\"position\":1,\"name\":\"Home\",\"item\":\"https:\/\/evertonfc.cz\/\"},{\"@type\":\"ListItem\",\"position\":2,\"name\":\"Tottenham Hotspur \u2013 Everton 2:2\"}]},{\"@type\":\"WebSite\",\"@id\":\"https:\/\/evertonfc.cz\/#website\",\"url\":\"https:\/\/evertonfc.cz\/\",\"name\":\"Official Czech &amp; Slovak Everton Supporters&#039; Club\",\"description\":\"\",\"publisher\":{\"@id\":\"https:\/\/evertonfc.cz\/#organization\"},\"potentialAction\":[{\"@type\":\"SearchAction\",\"target\":{\"@type\":\"EntryPoint\",\"urlTemplate\":\"https:\/\/evertonfc.cz\/?s={search_term_string}\"},\"query-input\":{\"@type\":\"PropertyValueSpecification\",\"valueRequired\":true,\"valueName\":\"search_term_string\"}}],\"inLanguage\":\"cs\"},{\"@type\":\"Organization\",\"@id\":\"https:\/\/evertonfc.cz\/#organization\",\"name\":\"Official Czech & Slovak Everton Supporters' Club\",\"url\":\"https:\/\/evertonfc.cz\/\",\"logo\":{\"@type\":\"ImageObject\",\"inLanguage\":\"cs\",\"@id\":\"https:\/\/evertonfc.cz\/#\/schema\/logo\/image\/\",\"url\":\"https:\/\/evertonfc.cz\/wp-content\/uploads\/2019\/05\/logo.png\",\"contentUrl\":\"https:\/\/evertonfc.cz\/wp-content\/uploads\/2019\/05\/logo.png\",\"width\":112,\"height\":112,\"caption\":\"Official Czech & Slovak Everton Supporters' Club\"},\"image\":{\"@id\":\"https:\/\/evertonfc.cz\/#\/schema\/logo\/image\/\"},\"sameAs\":[\"https:\/\/www.facebook.com\/everton.fans.cz.sk\"]},{\"@type\":\"Person\",\"@id\":\"https:\/\/evertonfc.cz\/#\/schema\/person\/d4493b8cbea51532597fbc4685698916\",\"name\":\"BlueBlooded\",\"url\":\"https:\/\/evertonfc.cz\/index.php\/author\/admin\/\"}]}<\/script>\n<!-- \/ Yoast SEO plugin. -->","yoast_head_json":{"title":"Tottenham Hotspur \u2013 Everton 2:2 - Official Czech &amp; Slovak Everton Supporters&#039; Club","robots":{"index":"index","follow":"follow","max-snippet":"max-snippet:-1","max-image-preview":"max-image-preview:large","max-video-preview":"max-video-preview:-1"},"canonical":"https:\/\/evertonfc.cz\/index.php\/2019\/05\/13\/tottenham-hotspur-everton-2-2\/","og_locale":"cs_CZ","og_type":"article","og_title":"Tottenham Hotspur \u2013 Everton 2:2 - Official Czech &amp; Slovak Everton Supporters&#039; Club","og_description":"Koniec sez\u00f3ny pre Karamelky predstavoval ospal\u00fd z\u00e1pas, v ktorom n\u00e1dielka \u0161tyroch g\u00f3lov p\u00f4sob\u00ed viac ako n\u00e1hoda, ne\u017e produkt v\u00fdkonu profesion\u00e1lnych \u0161portovcov.","og_url":"https:\/\/evertonfc.cz\/index.php\/2019\/05\/13\/tottenham-hotspur-everton-2-2\/","og_site_name":"Official Czech &amp; Slovak Everton Supporters&#039; Club","article_publisher":"https:\/\/www.facebook.com\/everton.fans.cz.sk","article_published_time":"2019-05-13T21:01:59+00:00","article_modified_time":"2019-05-14T04:52:54+00:00","og_image":[{"width":720,"height":405,"url":"https:\/\/evertonfc.cz\/wp-content\/uploads\/2019\/05\/christian-eriksen-13-5-2019.jpg","type":"image\/jpeg"}],"author":"BlueBlooded","twitter_card":"summary_large_image","twitter_misc":{"Napsal(a)":"BlueBlooded","Odhadovan\u00e1 doba \u010dten\u00ed":"3 minuty"},"schema":{"@context":"https:\/\/schema.org","@graph":[{"@type":"Article","@id":"https:\/\/evertonfc.cz\/index.php\/2019\/05\/13\/tottenham-hotspur-everton-2-2\/#article","isPartOf":{"@id":"https:\/\/evertonfc.cz\/index.php\/2019\/05\/13\/tottenham-hotspur-everton-2-2\/"},"author":{"name":"BlueBlooded","@id":"https:\/\/evertonfc.cz\/#\/schema\/person\/d4493b8cbea51532597fbc4685698916"},"headline":"Tottenham Hotspur \u2013 Everton 2:2","datePublished":"2019-05-13T21:01:59+00:00","dateModified":"2019-05-14T04:52:54+00:00","mainEntityOfPage":{"@id":"https:\/\/evertonfc.cz\/index.php\/2019\/05\/13\/tottenham-hotspur-everton-2-2\/"},"wordCount":565,"commentCount":2,"publisher":{"@id":"https:\/\/evertonfc.cz\/#organization"},"image":{"@id":"https:\/\/evertonfc.cz\/index.php\/2019\/05\/13\/tottenham-hotspur-everton-2-2\/#primaryimage"},"thumbnailUrl":"https:\/\/evertonfc.cz\/wp-content\/uploads\/2019\/05\/christian-eriksen-13-5-2019.jpg","articleSection":["Z\u00e1pasy"],"inLanguage":"cs","potentialAction":[{"@type":"CommentAction","name":"Comment","target":["https:\/\/evertonfc.cz\/index.php\/2019\/05\/13\/tottenham-hotspur-everton-2-2\/#respond"]}]},{"@type":"WebPage","@id":"https:\/\/evertonfc.cz\/index.php\/2019\/05\/13\/tottenham-hotspur-everton-2-2\/","url":"https:\/\/evertonfc.cz\/index.php\/2019\/05\/13\/tottenham-hotspur-everton-2-2\/","name":"Tottenham Hotspur \u2013 Everton 2:2 - Official Czech &amp; Slovak Everton Supporters&#039; Club","isPartOf":{"@id":"https:\/\/evertonfc.cz\/#website"},"primaryImageOfPage":{"@id":"https:\/\/evertonfc.cz\/index.php\/2019\/05\/13\/tottenham-hotspur-everton-2-2\/#primaryimage"},"image":{"@id":"https:\/\/evertonfc.cz\/index.php\/2019\/05\/13\/tottenham-hotspur-everton-2-2\/#primaryimage"},"thumbnailUrl":"https:\/\/evertonfc.cz\/wp-content\/uploads\/2019\/05\/christian-eriksen-13-5-2019.jpg","datePublished":"2019-05-13T21:01:59+00:00","dateModified":"2019-05-14T04:52:54+00:00","breadcrumb":{"@id":"https:\/\/evertonfc.cz\/index.php\/2019\/05\/13\/tottenham-hotspur-everton-2-2\/#breadcrumb"},"inLanguage":"cs","potentialAction":[{"@type":"ReadAction","target":["https:\/\/evertonfc.cz\/index.php\/2019\/05\/13\/tottenham-hotspur-everton-2-2\/"]}]},{"@type":"ImageObject","inLanguage":"cs","@id":"https:\/\/evertonfc.cz\/index.php\/2019\/05\/13\/tottenham-hotspur-everton-2-2\/#primaryimage","url":"https:\/\/evertonfc.cz\/wp-content\/uploads\/2019\/05\/christian-eriksen-13-5-2019.jpg","contentUrl":"https:\/\/evertonfc.cz\/wp-content\/uploads\/2019\/05\/christian-eriksen-13-5-2019.jpg","width":720,"height":405},{"@type":"BreadcrumbList","@id":"https:\/\/evertonfc.cz\/index.php\/2019\/05\/13\/tottenham-hotspur-everton-2-2\/#breadcrumb","itemListElement":[{"@type":"ListItem","position":1,"name":"Home","item":"https:\/\/evertonfc.cz\/"},{"@type":"ListItem","position":2,"name":"Tottenham Hotspur \u2013 Everton 2:2"}]},{"@type":"WebSite","@id":"https:\/\/evertonfc.cz\/#website","url":"https:\/\/evertonfc.cz\/","name":"Official Czech &amp; Slovak Everton Supporters&#039; Club","description":"","publisher":{"@id":"https:\/\/evertonfc.cz\/#organization"},"potentialAction":[{"@type":"SearchAction","target":{"@type":"EntryPoint","urlTemplate":"https:\/\/evertonfc.cz\/?s={search_term_string}"},"query-input":{"@type":"PropertyValueSpecification","valueRequired":true,"valueName":"search_term_string"}}],"inLanguage":"cs"},{"@type":"Organization","@id":"https:\/\/evertonfc.cz\/#organization","name":"Official Czech & Slovak Everton Supporters' Club","url":"https:\/\/evertonfc.cz\/","logo":{"@type":"ImageObject","inLanguage":"cs","@id":"https:\/\/evertonfc.cz\/#\/schema\/logo\/image\/","url":"https:\/\/evertonfc.cz\/wp-content\/uploads\/2019\/05\/logo.png","contentUrl":"https:\/\/evertonfc.cz\/wp-content\/uploads\/2019\/05\/logo.png","width":112,"height":112,"caption":"Official Czech & Slovak Everton Supporters' Club"},"image":{"@id":"https:\/\/evertonfc.cz\/#\/schema\/logo\/image\/"},"sameAs":["https:\/\/www.facebook.com\/everton.fans.cz.sk"]},{"@type":"Person","@id":"https:\/\/evertonfc.cz\/#\/schema\/person\/d4493b8cbea51532597fbc4685698916","name":"BlueBlooded","url":"https:\/\/evertonfc.cz\/index.php\/author\/admin\/"}]}},"_links":{"self":[{"href":"https:\/\/evertonfc.cz\/index.php\/wp-json\/wp\/v2\/posts\/7778"}],"collection":[{"href":"https:\/\/evertonfc.cz\/index.php\/wp-json\/wp\/v2\/posts"}],"about":[{"href":"https:\/\/evertonfc.cz\/index.php\/wp-json\/wp\/v2\/types\/post"}],"author":[{"embeddable":true,"href":"https:\/\/evertonfc.cz\/index.php\/wp-json\/wp\/v2\/users\/1"}],"replies":[{"embeddable":true,"href":"https:\/\/evertonfc.cz\/index.php\/wp-json\/wp\/v2\/comments?post=7778"}],"version-history":[{"count":6,"href":"https:\/\/evertonfc.cz\/index.php\/wp-json\/wp\/v2\/posts\/7778\/revisions"}],"predecessor-version":[{"id":7786,"href":"https:\/\/evertonfc.cz\/index.php\/wp-json\/wp\/v2\/posts\/7778\/revisions\/7786"}],"wp:featuredmedia":[{"embeddable":true,"href":"https:\/\/evertonfc.cz\/index.php\/wp-json\/wp\/v2\/media\/7779"}],"wp:attachment":[{"href":"https:\/\/evertonfc.cz\/index.php\/wp-json\/wp\/v2\/media?parent=7778"}],"wp:term":[{"taxonomy":"category","embeddable":true,"href":"https:\/\/evertonfc.cz\/index.php\/wp-json\/wp\/v2\/categories?post=7778"},{"taxonomy":"post_tag","embeddable":true,"href":"https:\/\/evertonfc.cz\/index.php\/wp-json\/wp\/v2\/tags?post=7778"}],"curies":[{"name":"wp","href":"https:\/\/api.w.org\/{rel}","templated":true}]}}