{"id":7801,"date":"2019-05-23T12:01:00","date_gmt":"2019-05-23T10:01:00","guid":{"rendered":"https:\/\/evertonfc.cz\/?p=7801"},"modified":"2019-05-23T12:22:02","modified_gmt":"2019-05-23T10:22:02","slug":"zhodnoceni-sezony-2018-19","status":"publish","type":"post","link":"https:\/\/evertonfc.cz\/index.php\/2019\/05\/23\/zhodnoceni-sezony-2018-19\/","title":{"rendered":"Zhodnocen\u00ed sez\u00f3ny 2018\/19"},"content":{"rendered":"<h4>Na ot\u00e1zky redakce o sez\u00f3n\u011b 2018\/19 odpov\u00eddala trojice st\u00e1l\u00fdch diskut\u00e9r\u016f godison, Fip a Everton1878.<\/h4>\n<p><strong>Allardyce byl vyhozen hned po posledn\u00edm z\u00e1pase, Marco Silva byl jmenov\u00e1n mana\u017eerem Evertonu asi dva t\u00fddny pot\u00e9 (nov\u00fdm mu\u017eem byl i sportovn\u00ed \u0159editel Brands). Jak hodnot\u00edte celkov\u011b jeho premi\u00e9rovou sez\u00f3nu na Goodison Parku?<\/strong><\/p>\n<p><strong>godison:\u00a0<\/strong>Mus\u00edm sa prizna\u0165, \u017ee som mal ur\u010dit\u00e9 pochybnosti na za\u010diatku sez\u00f3ny. Predsa len, vypadol s Hull City (z\u00e1chrana toho t\u00edmu by sa rovnala z\u00e1zraku), n\u00e1sledne s Watfordom mal ve\u013emi \u0165a\u017ek\u00e9 obdobie, po ktorom bol vyhoden\u00ed a podobn\u00e9 obdobie mal aj u n\u00e1s. Tak\u017ee predsa boli ur\u010dit\u00e9 pochybnosti \u010di dok\u00e1\u017ee posun\u00fa\u0165 n\u00e1\u0161 t\u00edm dopredu. Celkovo by som p\u00f4sobenie Silvu hodnotil ve\u013emi pozit\u00edvne.<\/p>\n<p>\u010co ma v\u0161ak viac te\u0161\u00ed bol pr\u00edchod Brands. Toto by som nazval n\u00e1kupom sez\u00f3ny a game changerom cel\u00e9ho smerovania. Jeho vyst\u00fapenia, pr\u00edstup k nov\u00fdm ale aj star\u00fdm hr\u00e1\u010dom, zap\u00e1ja sa do obrovsk\u00e9ho mno\u017estva aktiv\u00edt v r\u00e1mci t\u00edmu at\u010f . Ak sa mu podar\u00ed dovies\u0165 Zoumu a Gomesa, nebudem ma\u0165 n\u00e1mietky.<\/p>\n<p><strong>Fip:\u00a0<\/strong>V\u00fdsledkov\u011b je to asi podle o\u010dek\u00e1v\u00e1n\u00ed. Silva nebyl moje prvn\u00ed volba i pro ten p\u00e1d Watfordu, ale hra se v\u00fdrazn\u011b zlep\u0161ila a v\u00fdchoz\u00ed situace nebyla jednoduch\u00e1. Hr\u00e1\u010di, ti sta\u0159\u00ed ale i ti nov\u00ed, se museli vypo\u0159\u00e1dat s velkou zm\u011bnou hern\u00edho stylu, v\u011bt\u0161ina zkou\u0161kou pro\u0161la a t\u00fdmu to prosp\u011blo. Progres je znateln\u00fd, nad\u011bji d\u00e1v\u00e1 \u00fasp\u011bch U23, pl\u00e1nuje se nov\u00fd domov. Z\u00edt\u0159ky vypadaj\u00ed l\u00e1kav\u011b. Te\u010f jich jen dos\u00e1hnout.<\/p>\n<p><strong>Everton1878:\u00a0<\/strong>Vystihuje ju pojem nekonzistentnos\u0165 (vo v\u00fdkonoch). S\u013eubn\u00fd za\u010diatok, ke\u010f n\u00e1m tesne a smole u\u0161lo e\u0161te viac bodov ako sme z\u00edskali, Richarlison hral skvele, sk\u00f3roval. Na konci novembra, pred derby 2.12. na Anfielde sme boli dokonca na 6. mieste, hrali atrakt\u00edvny \u00fato\u010dn\u00fd futbal. Potom pri\u0161la \u201edoba temna\u201c od derby po derby, kedy sme hrali mizern\u00fd futbal, osobitne bila do o\u010d\u00ed na\u0161a neschopnos\u0165 br\u00e1ni\u0165 \u0161tandardn\u00e9 situ\u00e1cie a hrub\u00e9 chyby v br\u00e1nen\u00ed celkovo, ale aj na\u0161e probl\u00e9my sk\u00f3rova\u0165. Richarlison prestal \u017eiari\u0165 a strie\u013ea\u0165 g\u00f3ly, ostatn\u00ed sa v tej dobe moc neprid\u00e1vali. Everton prehral v obdob\u00ed od derby po derby (od 2.12. do 3.3.) 9 ligov\u00fdch z\u00e1pasov (+ sme prehrali po hanebnom v\u00fdkone aj s druholigov\u00fdm Millwallom v FA Cupe), len 4 kr\u00e1t vyhral a 2 kr\u00e1t remizoval. Na\u0161a najhor\u0161ia \u0161n\u00fara v tom obdob\u00ed predstavovala 11 ligov\u00fdch z\u00e1pasov so 7 prehrami. Pohybovali sme sa niekde okolo 11. miesta.<\/p>\n<p>Potom spravil\u00a0 Marco Silva dobr\u00e9 zmeny (resp. napravil svoje dovtedaj\u0161ie chyby) v\u00a0r\u00e1mci poz\u00edci\u00ed,\u00a0\u00faloh pre hr\u00e1\u010dov a\u00a0v\u00a0malej miere aj taktike\/form\u00e1cii, \u010do sa prejavilo na v\u00fdraznom zlep\u0161en\u00ed na\u0161ej hry. \u010co sa t\u00fdka form\u00e1ci\u00ed, na jese\u0148 Marco Silva dos\u0165 experimentoval s\u00a0form\u00e1ciou a\u00a0zlep\u0161enia sa za\u010dali dostavova\u0165 a\u017e ke\u010f za\u010dal pou\u017e\u00edva\u0165 4-2-3-1. Svoju rolu mohlo zohra\u0165 aj z\u017e\u00edvanie sa hr\u00e1\u010dov zo z\u00f3nov\u00fdm br\u00e1nen\u00edm ako nov\u00fdm prvkom, ako aj v\u00fdpadok formy niektor\u00fdch d\u00f4le\u017eit\u00fdch hr\u00e1\u010dov.<\/p>\n<p>V\u00fdznamnej\u0161ie boli ale zmeny v stanoven\u00ed rol\u00ed hr\u00e1\u010dov. Marco Silva experimentoval so Siggim na viacer\u00fdch poz\u00edci\u00e1ch, ale dobr\u00e9 v\u00fdkony sa dostali a\u017e vtedy, ke\u010f ho nechal hra\u0165 na jeho ob\u013e\u00fabenej poz\u00edcii \u010d.10. Siggi m\u00e1 dobr\u00fd preh\u013ead a \u010d\u00edtanie hry, dobr\u00fa kopaciu techniku, ve\u013emi dobr\u00fd pohyb bez lopty at\u010f. Nakoniec sa spolu s Richarlisonom stal na\u0161im najprodukt\u00edvnej\u0161\u00edm hr\u00e1\u010dom a najlep\u0161\u00edm strelcom (spolu s Richarlisonom) so 14-timi g\u00f3lmi (13 ligov\u00fdch) a 6 asistenciami.<\/p>\n<p>Richarlison trpel podobne na stavanie mimo svojej prirodzenej poz\u00edcie na \u013eavom kr\u00eddle a\u00a0miesto toho hral neraz na hrote, ke\u010f\u017ee Everton trpel v\u00a0\u00fatoku na nedostatok kvality na hrote. Ak hral Richarlison na svojej prirodzenej poz\u00edcii, v\u00e4\u010d\u0161inou si Everton vytv\u00e1ral viac \u0161anc\u00ed a\u00a0hral vpredu lep\u0161ie.<\/p>\n<p>Nasledovalo ve\u013emi dobr\u00fdch z\u00e1vere\u010dn\u00fdch vy\u0161e 2,5 mesiaca \u2013 11 z\u00e1pasov, ktor\u00e9 za\u010dalo v\u00fdhrou nad Cardiffom, o\u010dividn\u00e9 zlep\u0161enie pri\u0161lo ale hlavne od dobre zvl\u00e1dnut\u00e9ho derby. Mimochodom, osobitne te\u0161\u00ed, \u017ee v z\u00e1pase s nami stratil Liverpool naposledy body, ak by bol nad nami vyhral, z\u00edskal by titul <img decoding=\"async\" class=\"emoji\" draggable=\"false\" src=\"https:\/\/s.w.org\/images\/core\/emoji\/12.0.0-1\/svg\/1f642.svg\" alt=\"?\" \/><\/p>\n<p>\u010co ma na Silvovi nepote\u0161ilo bolo jeho men\u0161ie zapracov\u00e1vanie mlad\u00fdch talentov do t\u00edmu, ne\u017e ak\u00e9 som \u010dakal na z\u00e1klade jeho predstavenia zo strany vedenia Evertonu (mlad\u00fd talentovan\u00fd mana\u017e\u00e9r ktor\u00fd bude zapracov\u00e1va\u0165 talenty). Iste, nevideli sme hr\u00e1\u010dov na tr\u00e9ningoch, ale viem vymenova\u0165 nejeden z\u00e1pas, kde na\u0161i odchovanci a mlad\u00e9 talenty mohli by\u0165 nasaden\u00ed min. v\u00a0r\u00e1mci aspo\u0148 \u010dasti z\u00e1pasu. Ale opakujem, nie sme na tr\u00e9ningoch, mo\u017eno fakt nemohol.<\/p>\n<p><strong>Na p\u0159estup p\u0159i\u0161li Richarlison, Digne, Bernard a Mina. Na ro\u010dn\u00ed hostov\u00e1n\u00ed Gomes a Zouma. Dobr\u00e1 pr\u00e1ce, resp. poveden\u00e9 letn\u00ed p\u0159estupov\u00e9 okno?<\/strong><\/p>\n<p><strong>g: <\/strong>Ako som u\u017e spomenul, v lete sme spravili vynikaj\u00face obchody. Nepodarilo sa n\u00e1m zbavi\u0165 v\u0161etk\u00fdch hr\u00e1\u010dov, ale t\u00ed \u010do pri\u0161li boli naozaj vydaren\u00e9 obchody. V porovnan\u00ed so sez\u00f3nou predt\u00fdm je to obrovsk\u00fd posun vpred. Hlavne \u010dlovek vid\u00ed filozofiu holandskej ligy a t\u00e1 sa mi ve\u013emi p\u00e1\u010di.<\/p>\n<p><strong>F:\u00a0<\/strong>P\u0159estupy vy\u0161ly n\u00e1ramn\u011b, k tot\u00e1ln\u00ed spokojenosti chyb\u011bly jen odchody posil z let p\u0159ede\u0161l\u00fdch. Ale nov\u00e9 tv\u00e1\u0159e, zd\u00e1 se, dob\u0159e zapadly ke kost\u0159e t\u00fdmu. Nebylo to levn\u00e9, ale po n\u011bjak\u00e9 dob\u011b nen\u00ed \u010deho litovat. Ale kdo v\u00ed, t\u0159eba se je\u0161t\u011b se o slovo p\u0159ihl\u00e1s\u00ed n\u00e1kupy z Walshovy \u00e9ry, mysl\u00edm ty mladistv\u00e9 &#8211; Bowler, Gibson ad.<\/p>\n<p><strong>E:\u00a0<\/strong>Najlep\u0161\u00edm n\u00e1kupom bol pod\u013ea m\u0148a L. Digne, hne\u010f v prvej sez\u00f3ne predv\u00e1dzal v\u00fdkony na \u00farovni Bainesa v najlep\u0161\u00edch rokoch (no, asi by som na\u0161iel 1-2 sez\u00f3ny, kde bol Baines e\u0161te lep\u0161\u00ed, ale nie mnoho). Ve\u013emi dobr\u00e9 pasy do v\u00e1pna, dobr\u00e9 vyn\u00e1\u0161anie lopty, dobr\u00e9 br\u00e1nenie, dobr\u00e1 kopacia technika\/priame kopy&#8230; Ak sa bud\u00facu sez\u00f3nu e\u0161te o trochu zlep\u0161\u00ed, bude to ve\u013emi kvalitn\u00fd LB\/LWB.<\/p>\n<p>Richarlison sa ukazuje na svoj mlad\u00fd vek ve\u013emi s\u013eubne, v\u00a021 rokoch n\u00e1\u0161 najlep\u0161\u00ed strelec a\u00a0druh\u00fd najprodukt\u00edvnej\u0161\u00ed hr\u00e1\u010d. Iste, mal nev\u00fdrazn\u00e9 dlh\u0161ie obdobia, ale mus\u00edme vzia\u0165 v\u00a0\u00favahu, \u017ee \u010das\u0165 z\u00a0toho ide na vrub jeho stavania mimo poz\u00edcie. Dobr\u00fd n\u00e1kup.<\/p>\n<p>Bernard potreboval p\u00e1r mesiacov na adapt\u00e1ciu, ale v poslednej cca tretine sez\u00f3ny za\u010dal hra\u0165 ve\u013emi \u0161ikovne, technicky skvele, s preh\u013eadom, viackr\u00e1t mu ch\u00fdbalo ku sk\u00f3rovaniu len trochu \u0161\u0165astia. Na to, \u017ee pri\u0161iel zadarmo, je to rozhodne dobr\u00fd \u0165ah. D\u00f4le\u017eit\u00e9 bude, \u010di sa dok\u00e1\u017ee zlep\u0161i\u0165 e\u0161te aj oproti z\u00e1veru tejto sez\u00f3ny. Ak \u00e1no, bude platn\u00fd.<\/p>\n<p>Jedin\u00e9, zatia\u013e mierne sklamanie je Mina. Nemal som ho napozeran\u00e9ho z\u00a0l\u00edg, ale na MS sa mi jeho hra p\u00e1\u010dila. \u017dia\u013e, vo svojej prvej sez\u00f3ne p\u00f4sobil \u010dasto dezorientovane, nemotorne, robil zar\u00e1\u017eaj\u00face chyby at\u010f. \u010ci zohrali \u00falohu aj zdravotn\u00e9 v\u00fdpadka, neviem, ale rozhodne to nie je k\u013e\u00fa\u010dov\u00fd faktor, zdrav\u00fd bol zna\u010dn\u00fa \u010das\u0165 sez\u00f3ny. Asi jedin\u00fd n\u00e1kup, ktor\u00fd zatia\u013e nevych\u00e1dza. Sn\u00e1\u010f sa chyt\u00ed bud\u00facu sez\u00f3nu.<\/p>\n<p><strong>Listopad zastihl Everton na \u0161est\u00e9m m\u00edst\u011b, prosinec a leden byl naopak jeden velk\u00fd horor, hlavn\u011b v obran\u011b. Viz nap\u0159. Pickfordovu asistenci na jedin\u00fd g\u00f3l derby \u010di neschopnost odkopnout m\u00ed\u010d p\u0159i jak\u00e9mkoliv centru do velk\u00e9ho v\u00e1pna. 2:6 doma se Spurs, vypadnut\u00ed na h\u0159i\u0161ti Millwallu ji\u017e ve \u010dtvrt\u00e9m kole Anglick\u00e9ho poh\u00e1ru. Pro\u010d tomu tak podle v\u00e1s bylo?<\/strong><\/p>\n<p><strong>g:\u00a0<\/strong>Toto obdobie bolo naozaj n\u00e1ro\u010dn\u00e9, nielen pre n\u00e1s. Ve\u013ek\u00e1 porcia z\u00e1pasov, nem\u00e1me tak \u0161irok\u00fd k\u00e1der (vyrovnan\u00fd) nemohli sme si dovoli\u0165 rotova\u0165 zostavu. V porovnan\u00ed s TOP4 skr\u00e1tka nem\u00e1me lavi\u010dku na tak\u00e9to z\u00e1pasy. Man City to zvl\u00e1da \u00fa\u017easne, hr\u00e1 v ka\u017edej s\u00fa\u0165a\u017ei tak\u017ee m\u00e1 obrovsk\u00fa porciu z\u00e1pasov a hr\u00e1\u010di sa teda nem\u00f4\u017eu s\u0165a\u017eova\u0165 na slab\u00e9 z\u00e1pasov\u00e9 vy\u0165a\u017eenie. Mysl\u00edm, \u017ee toto leto n\u00e1m pom\u00f4\u017ee privies\u0165 v\u00e4\u010d\u0161iu kvalitu na lavi\u010dku ako to, \u010do m\u00e1me moment\u00e1lne.<\/p>\n<p><strong>F:\u00a0<\/strong>T\u011b\u017eko \u0159\u00edct, v\u00fdpadek v derby mohl m\u00edt svou v\u00e1hu. Ale Richarlisona a Gomese postihl znateln\u00fd pokles formy, t\u00fdm a Silva dlouho hledal n\u011bjak\u00fd nov\u00fd pl\u00e1n. Taky se n\u011bjakou dobu \u010dekalo na ide\u00e1ln\u00ed slo\u017een\u00ed obrann\u00e9 dvojice. K zvednut\u00ed ducha t\u00fdmu pomohlo i trochu \u0161t\u011bst\u00ed.<\/p>\n<p><strong>E:\u00a0<\/strong>Na to som sa sna\u017eil odpoveda\u0165 v\u00a0r\u00e1mci prvej ot\u00e1zky. Z\u017e\u00edvanie sa nov\u00fdmi pokynmi a\u00a0sp\u00f4sobmi hry, pravdepodobne hlavne z\u00f3nov\u00fdm br\u00e1nen\u00edm, experimentovanie s\u00a0form\u00e1ciami\/rozostaven\u00edm (nie v\u017edy \u0161\u0165astn\u00e9), stavanie hr\u00e1\u010dov mimo prirodzen\u00e9 poz\u00edcie, v\u00fdpadok formy niektor\u00fdch hr\u00e1\u010dov.<\/p>\n<p style=\"text-align: center;\"><img loading=\"lazy\" decoding=\"async\" class=\"alignnone size-full wp-image-7810\" src=\"https:\/\/evertonfc.cz\/wp-content\/uploads\/2019\/05\/posily_23_5_2019.jpg\" alt=\"\" width=\"640\" height=\"406\" srcset=\"https:\/\/evertonfc.cz\/wp-content\/uploads\/2019\/05\/posily_23_5_2019.jpg 640w, https:\/\/evertonfc.cz\/wp-content\/uploads\/2019\/05\/posily_23_5_2019-300x190.jpg 300w\" sizes=\"(max-width: 640px) 100vw, 640px\" \/><\/p>\n<p><strong>V\u0161ichni v\u00edme, \u017ee Everton je \u010dasto Jekyll a Hyde. Od konce \u00fanora se na v\u00fdkony a v\u00fdsledky u\u017e dalo d\u00edvat, p\u0159i\u0161lo v\u00fdrazn\u00e9 zlep\u0161en\u00ed. Bylo podle V\u00e1s v\u00fdrazn\u00e9 v\u00edt\u011bzstv\u00ed 4:0 nad Manchesterem United nejlep\u0161\u00edm v\u00fdkonem v sez\u00f3n\u011b?<\/strong><\/p>\n<p><strong>g:\u00a0<\/strong>Ve\u013emi \u0165a\u017eko sa mi hodnot\u00ed najlep\u0161\u00ed v\u00fdkon sez\u00f3ny. Od febru\u00e1ra sme hrali hlavne doma naozaj skvel\u00fd futbal s mno\u017estvom \u0161anc\u00ed a potom aj g\u00f3lov. Ka\u017ed\u00fd dom\u00e1ci z\u00e1pas bol vynikaj\u00faci. V\u017edy ke\u010f hral Everton doma, r\u00e1d som sa pozeral na z\u00e1pas (nie ako pri Big Sam re\u017eime&#8230;). Tak\u017ee od febru\u00e1ra ka\u017ed\u00fd dom\u00e1ci z\u00e1pas bol v\u00fdkonom sez\u00f3ny \ud83d\ude42<\/p>\n<p><strong>F:\u00a0<\/strong>Nevid\u011bl jsem \u00fapln\u011b v\u0161echno, ale navzdory Garymu Nevilleovi, byl to z na\u0161\u00ed strany par\u00e1dn\u00ed z\u00e1pas. \u0160patn\u00fd v\u00fdkon na Goodison Parku p\u0159edvedl i Arsenal, ale Toffees se vybi\u010dovali k senza\u010dn\u00edmu v\u00fdkonu a\u017e proti skom\u00edraj\u00edc\u00edm Solskjaerovc\u016fm.<\/p>\n<p><strong>E:\u00a0<\/strong>Pod\u013ea toho ak\u00e9 indik\u00e1tory si vezmeme pre stanovenie najlep\u0161ieho v\u00fdkonu, \u010do vn\u00edmame a oce\u0148ujeme. Bola to najvy\u0161\u0161ia v\u00fdhra v sez\u00f3ne (spolu s Burnely) nad pomerne siln\u00fdm t\u00edmom, kde sme jasne dominovali. Ak v\u0161ak zoberieme v \u00favahu, \u017ee, pri v\u0161etkej \u00facte k v\u00fdkonu na\u0161ich chlapcov, Manchester United odohral proti n\u00e1m slab\u0161\u00ed z\u00e1pas (pod\u013ea viacer\u00fdch jeho priaznivcov, ktor\u00fdch pozn\u00e1m a futbalu rozumej\u00fa najslab\u0161\u00ed v sez\u00f3ne) a naopak vezmeme v \u00favahu, \u017ee Chelsea s nami hrala o dos\u0165 kvalitnej\u0161ie, tak je v\u00fdhra nad Chelsea doma 2:0 pod\u013ea m\u0148a lep\u0161\u00edm v\u00fdkonom a cennej\u0161\u00edm v\u00fdkonom.<\/p>\n<p><strong>Jak p\u00ed\u0161u ji\u017e v p\u0159edchoz\u00ed ot\u00e1zce &#8211; konec sez\u00f3ny vlil fand\u016fm klubu trochu optimismu do \u017eil. Souhlas\u00edte s t\u00edm, jak se chce v bl\u00edzk\u00e9 budoucnosti klub prezentovat, a\u0165 ji\u017e na h\u0159i\u0161ti \u010di mimo n\u011bj?<\/strong><\/p>\n<p><strong>g:\u00a0<\/strong>V\u017edy som bol stoto\u017enen\u00fd s filozofiou t\u00edmu a celkovo p\u00f4sobenia Evertonu. Za\u010dal som fandi\u0165 Evertonu, ke\u010f sme nehrali najlep\u0161\u00ed futbal, raz sme sko\u010dili lep\u0161ie raz hor\u0161ie. No naozajstn\u00fdm fan\u00fa\u0161ikom som sa stal pr\u00e1ve v\u010faka smerovaniu t\u00edmu a nielen t\u00edmu ale celkovo celej organiz\u00e1cie. Trochu som mal strach po pr\u00edchode Moshiriho, \u010di len nepotrebuje tov\u00e1re\u0148 na \u010fal\u0161ie peniaze, ale aj pri tejto zmene som naozaj r\u00e1d, \u017ee to dobre dopadlo.<\/p>\n<p><strong>F:\u00a0<\/strong>Byl bych r\u00e1d, kdybychom se zbavili n\u00e1lepky utr\u00e1cej\u00edc\u00edho klubu, kter\u00fd rozhazuje pen\u00edze za vyhasl\u00e9 hv\u011bzdy. To se trochu da\u0159\u00ed, hra se v\u00fdrazn\u011b zlep\u0161ila. Ale vzhledem k situaci v PL bude p\u0159\u00ed\u0161t\u00ed rok op\u011bt velmi n\u00e1ro\u010dn\u00e9 a klub by u\u017e pot\u0159eboval n\u011bjak\u00fd \u00fasp\u011bch. Nechci zn\u00edt jako gloryhunter, ale na trofej u\u017e \u010dek\u00e1me nejdel\u0161\u00ed dobu v historii, klub pot\u0159ebuje n\u011bjak\u00fd \u00fasp\u011bch. A t\u00edm nemysl\u00edm \u0161est\u00e9 m\u00edsto.<\/p>\n<p><strong>E:\u00a0<\/strong>\u010c\u00edtal som viacero vyjadren\u00ed klubu o tejto t\u00e9me, neviem ktor\u00e9 m\u00e1\u0161 na mysli. M\u00e1\u0161 na mysli slov\u00e1 Denise Barrett-Baxendale \u201eChampions League football isn&#8217;t a dream. I&#8217;m planning for it&#8216;? Pre\u010do by som s t\u00fdm nes\u00fahlasil \ud83d\ude42 Samozrejme, nehovorila u\u017e o bud\u00facej sez\u00f3ne a ani \u017eiaden fan\u00fa\u0161ik Evertonu to ne\u010dak\u00e1. Realisticky, od bud\u00facej sez\u00f3ny o\u010dak\u00e1vam mierne zlep\u0161enie oproti s\u00fa\u010dasnej, postup o 1 prie\u010dku (ak by niekto z top 6 ve\u013emi zvoral sez\u00f3nu a n\u00e1m sa darilo, tak mo\u017eno 6., ale to len sa \u0161pecifick\u00fdch okolnost\u00ed), atrakt\u00edvna \u00fato\u010dn\u00e1 hra tak ako posledn\u00e9 takmer 3 mesiace t\u00fato sez\u00f3nu, zlep\u0161enia viacer\u00fdch hr\u00e1\u010dov z\u00e1kladnej zostavy, viac dom\u00e1cich v\u00fdhier, o trochu viac bodov.<\/p>\n<p><strong>T\u0159i nejhor\u0161\u00ed hr\u00e1\u010di Evertonu?<\/strong><\/p>\n<p><strong>g: <\/strong>Troch najhor\u0161\u00edch hr\u00e1\u010dov? Ve\u013emi \u0165a\u017eko sa na to odpoved\u00e1&#8230;. T\u00fdmto asi nahnev\u00e1m p\u00e1r \u013eud\u00ed ale p\u00f4jdem takto: Lookman, Walcott a Kenny.<strong><br \/>\n<\/strong><\/p>\n<p><strong>F:\u00a0<\/strong>To po mn\u011b necht\u011bjte!<\/p>\n<p><strong>E:\u00a0<\/strong>Mysl\u00ed\u0161 t\u00fdch, ktor\u00ed hrali? Vysloven\u00e9 prepad\u00e1ky ako v minul\u00fdch sez\u00f3nach napr. Niasse sme nemali, ale sklaman\u00edm bol ur\u010dite Tosun (ide\u0161 mi basu piva Ri\u010di \ud83d\ude42 &#8211; dal len 3 ligov\u00e9 g\u00f3ly, 4 dohromady, nie 14 g\u00f3lov <img decoding=\"async\" class=\"emoji\" draggable=\"false\" src=\"https:\/\/s.w.org\/images\/core\/emoji\/12.0.0-1\/svg\/1f642.svg\" alt=\"?\" \/>). \u010ealej Walcott, Schneiderlin (aj ke\u010f ku koncu sa \u010diasto\u010dne chytil), a ak by som mohol \u0161tvrt\u00e9ho tak \u010diasto\u010dne aj Mina. Ale \u0161tvrt\u00e9ho nem\u00f4\u017eem, tak ako\u017ee som ho nespomenul.<\/p>\n<p><strong>A naopak t\u0159i nejlep\u0161\u00ed?<\/strong><\/p>\n<p><strong>g: <\/strong>Celkom jednoduch\u00e9 pre m\u0148a: Gana, Gomes, Richarlison.<\/p>\n<p><strong>F:\u00a0<\/strong>Gana, Digne, Zouma. Ale mohl bych jmenovat je\u0161t\u011b&#8230; 5 dal\u0161\u00edch hr\u00e1\u010d\u016f, se kter\u00fdmi jsem byl velmi spokojen. Gana se po zma\u0159en\u00e9m p\u0159estupu je\u0161t\u011b zlep\u0161il, p\u0159ihr\u00e1vka na DCL proti Cardiffu byla lah\u016fdkov\u00e1. Digne je podle mne nejlep\u0161\u00ed lev\u00fd bek sout\u011b\u017ee. Zouma bude p\u0159\u00ed\u0161t\u00ed sez\u00f3nu chyb\u011bt, tohle u\u017e mus\u00ed poznat i ty zabedn\u011bnci na Stamford Bridge.<\/p>\n<p><strong>E:\u00a0<\/strong>Digne, Sigurdsson, Gana Gueye (ak by som mohol uvies\u0165 aj druh\u00fa trojku, \u010do nem\u00f4\u017eem tak by som nap\u00edsal \u017ee Keane, Richarlison, Zouma).<\/p>\n<p><strong>Dopl\u0148te v\u011btu: G\u00f3l sez\u00f3ny vs\u00edtil &#8230;.. proti &#8230;.<\/strong><\/p>\n<p><strong>g: <\/strong>No bude to Gylfiho g\u00f3l, ke\u010f povymetal \u0161ibenicu. Pre tak\u00e9to g\u00f3ly ve\u013emi r\u00e1d sledujem futbal a mysl\u00edm, \u017ee aj mnoho in\u00fdch. COYB!<\/p>\n<p><strong>F:\u00a0<\/strong>Bylo jich spousta, na to si opravdu nelze st\u011b\u017eovat. Po chvilce v\u00e1h\u00e1n\u00ed z\u016fstanu p\u0159i ji\u017e vyhl\u00e1\u0161en\u00e9m Sigurdssonovi proti Leicesteru.<\/p>\n<p><strong>E:\u00a0<\/strong>Lucas Digne proti Manchesteru United (4\/2019).<\/p>\n","protected":false},"excerpt":{"rendered":"<p>Na ot\u00e1zky redakce o sez\u00f3n\u011b 2018\/19 odpov\u00eddala trojice st\u00e1l\u00fdch diskut\u00e9r\u016f godison, Fip a Everton1878.<\/p>\n","protected":false},"author":12,"featured_media":7800,"comment_status":"open","ping_status":"closed","sticky":false,"template":"","format":"standard","meta":{"_eb_attr":"","_monsterinsights_skip_tracking":false,"_monsterinsights_sitenote_active":false,"_monsterinsights_sitenote_note":"","_monsterinsights_sitenote_category":0,"footnotes":""},"categories":[1,15],"tags":[],"yoast_head":"<!-- This site is optimized with the Yoast SEO plugin v23.4 - https:\/\/yoast.com\/wordpress\/plugins\/seo\/ -->\n<title>Zhodnocen\u00ed sez\u00f3ny 2018\/19 - Official Czech &amp; Slovak Everton Supporters&#039; Club<\/title>\n<meta name=\"robots\" content=\"index, follow, max-snippet:-1, max-image-preview:large, max-video-preview:-1\" \/>\n<link rel=\"canonical\" href=\"https:\/\/evertonfc.cz\/index.php\/2019\/05\/23\/zhodnoceni-sezony-2018-19\/\" \/>\n<meta property=\"og:locale\" content=\"cs_CZ\" \/>\n<meta property=\"og:type\" content=\"article\" \/>\n<meta property=\"og:title\" content=\"Zhodnocen\u00ed sez\u00f3ny 2018\/19 - Official Czech &amp; Slovak Everton Supporters&#039; Club\" \/>\n<meta property=\"og:description\" content=\"Na ot\u00e1zky redakce o sez\u00f3n\u011b 2018\/19 odpov\u00eddala trojice st\u00e1l\u00fdch diskut\u00e9r\u016f godison, Fip a Everton1878.\" \/>\n<meta property=\"og:url\" content=\"https:\/\/evertonfc.cz\/index.php\/2019\/05\/23\/zhodnoceni-sezony-2018-19\/\" \/>\n<meta property=\"og:site_name\" content=\"Official Czech &amp; Slovak Everton Supporters&#039; Club\" \/>\n<meta property=\"article:publisher\" content=\"https:\/\/www.facebook.com\/everton.fans.cz.sk\" \/>\n<meta property=\"article:published_time\" content=\"2019-05-23T10:01:00+00:00\" \/>\n<meta property=\"article:modified_time\" content=\"2019-05-23T10:22:02+00:00\" \/>\n<meta property=\"og:image\" content=\"https:\/\/evertonfc.cz\/wp-content\/uploads\/2019\/05\/digne_22_5_2019.jpg\" \/>\n\t<meta property=\"og:image:width\" content=\"720\" \/>\n\t<meta property=\"og:image:height\" content=\"405\" \/>\n\t<meta property=\"og:image:type\" content=\"image\/jpeg\" \/>\n<meta name=\"author\" content=\"Javor\" \/>\n<meta name=\"twitter:card\" content=\"summary_large_image\" \/>\n<meta name=\"twitter:creator\" content=\"@LoudinJan\" \/>\n<meta name=\"twitter:label1\" content=\"Napsal(a)\" \/>\n\t<meta name=\"twitter:data1\" content=\"Javor\" \/>\n\t<meta name=\"twitter:label2\" content=\"Odhadovan\u00e1 doba \u010dten\u00ed\" \/>\n\t<meta name=\"twitter:data2\" content=\"13 minut\" \/>\n<script type=\"application\/ld+json\" class=\"yoast-schema-graph\">{\"@context\":\"https:\/\/schema.org\",\"@graph\":[{\"@type\":\"Article\",\"@id\":\"https:\/\/evertonfc.cz\/index.php\/2019\/05\/23\/zhodnoceni-sezony-2018-19\/#article\",\"isPartOf\":{\"@id\":\"https:\/\/evertonfc.cz\/index.php\/2019\/05\/23\/zhodnoceni-sezony-2018-19\/\"},\"author\":{\"name\":\"Javor\",\"@id\":\"https:\/\/evertonfc.cz\/#\/schema\/person\/b30daf6a5852f4811f8207a17ec1bf78\"},\"headline\":\"Zhodnocen\u00ed sez\u00f3ny 2018\/19\",\"datePublished\":\"2019-05-23T10:01:00+00:00\",\"dateModified\":\"2019-05-23T10:22:02+00:00\",\"mainEntityOfPage\":{\"@id\":\"https:\/\/evertonfc.cz\/index.php\/2019\/05\/23\/zhodnoceni-sezony-2018-19\/\"},\"wordCount\":2534,\"commentCount\":4,\"publisher\":{\"@id\":\"https:\/\/evertonfc.cz\/#organization\"},\"image\":{\"@id\":\"https:\/\/evertonfc.cz\/index.php\/2019\/05\/23\/zhodnoceni-sezony-2018-19\/#primaryimage\"},\"thumbnailUrl\":\"https:\/\/evertonfc.cz\/wp-content\/uploads\/2019\/05\/digne_22_5_2019.jpg\",\"articleSection\":[\"Rozhovory\",\"Zhodnocen\u00ed sez\u00f3n\"],\"inLanguage\":\"cs\",\"potentialAction\":[{\"@type\":\"CommentAction\",\"name\":\"Comment\",\"target\":[\"https:\/\/evertonfc.cz\/index.php\/2019\/05\/23\/zhodnoceni-sezony-2018-19\/#respond\"]}]},{\"@type\":\"WebPage\",\"@id\":\"https:\/\/evertonfc.cz\/index.php\/2019\/05\/23\/zhodnoceni-sezony-2018-19\/\",\"url\":\"https:\/\/evertonfc.cz\/index.php\/2019\/05\/23\/zhodnoceni-sezony-2018-19\/\",\"name\":\"Zhodnocen\u00ed sez\u00f3ny 2018\/19 - Official Czech &amp; Slovak Everton Supporters&#039; Club\",\"isPartOf\":{\"@id\":\"https:\/\/evertonfc.cz\/#website\"},\"primaryImageOfPage\":{\"@id\":\"https:\/\/evertonfc.cz\/index.php\/2019\/05\/23\/zhodnoceni-sezony-2018-19\/#primaryimage\"},\"image\":{\"@id\":\"https:\/\/evertonfc.cz\/index.php\/2019\/05\/23\/zhodnoceni-sezony-2018-19\/#primaryimage\"},\"thumbnailUrl\":\"https:\/\/evertonfc.cz\/wp-content\/uploads\/2019\/05\/digne_22_5_2019.jpg\",\"datePublished\":\"2019-05-23T10:01:00+00:00\",\"dateModified\":\"2019-05-23T10:22:02+00:00\",\"breadcrumb\":{\"@id\":\"https:\/\/evertonfc.cz\/index.php\/2019\/05\/23\/zhodnoceni-sezony-2018-19\/#breadcrumb\"},\"inLanguage\":\"cs\",\"potentialAction\":[{\"@type\":\"ReadAction\",\"target\":[\"https:\/\/evertonfc.cz\/index.php\/2019\/05\/23\/zhodnoceni-sezony-2018-19\/\"]}]},{\"@type\":\"ImageObject\",\"inLanguage\":\"cs\",\"@id\":\"https:\/\/evertonfc.cz\/index.php\/2019\/05\/23\/zhodnoceni-sezony-2018-19\/#primaryimage\",\"url\":\"https:\/\/evertonfc.cz\/wp-content\/uploads\/2019\/05\/digne_22_5_2019.jpg\",\"contentUrl\":\"https:\/\/evertonfc.cz\/wp-content\/uploads\/2019\/05\/digne_22_5_2019.jpg\",\"width\":720,\"height\":405},{\"@type\":\"BreadcrumbList\",\"@id\":\"https:\/\/evertonfc.cz\/index.php\/2019\/05\/23\/zhodnoceni-sezony-2018-19\/#breadcrumb\",\"itemListElement\":[{\"@type\":\"ListItem\",\"position\":1,\"name\":\"Home\",\"item\":\"https:\/\/evertonfc.cz\/\"},{\"@type\":\"ListItem\",\"position\":2,\"name\":\"Zhodnocen\u00ed sez\u00f3ny 2018\/19\"}]},{\"@type\":\"WebSite\",\"@id\":\"https:\/\/evertonfc.cz\/#website\",\"url\":\"https:\/\/evertonfc.cz\/\",\"name\":\"Official Czech &amp; Slovak Everton Supporters&#039; Club\",\"description\":\"\",\"publisher\":{\"@id\":\"https:\/\/evertonfc.cz\/#organization\"},\"potentialAction\":[{\"@type\":\"SearchAction\",\"target\":{\"@type\":\"EntryPoint\",\"urlTemplate\":\"https:\/\/evertonfc.cz\/?s={search_term_string}\"},\"query-input\":{\"@type\":\"PropertyValueSpecification\",\"valueRequired\":true,\"valueName\":\"search_term_string\"}}],\"inLanguage\":\"cs\"},{\"@type\":\"Organization\",\"@id\":\"https:\/\/evertonfc.cz\/#organization\",\"name\":\"Official Czech & Slovak Everton Supporters' Club\",\"url\":\"https:\/\/evertonfc.cz\/\",\"logo\":{\"@type\":\"ImageObject\",\"inLanguage\":\"cs\",\"@id\":\"https:\/\/evertonfc.cz\/#\/schema\/logo\/image\/\",\"url\":\"https:\/\/evertonfc.cz\/wp-content\/uploads\/2019\/05\/logo.png\",\"contentUrl\":\"https:\/\/evertonfc.cz\/wp-content\/uploads\/2019\/05\/logo.png\",\"width\":112,\"height\":112,\"caption\":\"Official Czech & Slovak Everton Supporters' Club\"},\"image\":{\"@id\":\"https:\/\/evertonfc.cz\/#\/schema\/logo\/image\/\"},\"sameAs\":[\"https:\/\/www.facebook.com\/everton.fans.cz.sk\"]},{\"@type\":\"Person\",\"@id\":\"https:\/\/evertonfc.cz\/#\/schema\/person\/b30daf6a5852f4811f8207a17ec1bf78\",\"name\":\"Javor\",\"sameAs\":[\"https:\/\/x.com\/LoudinJan\"],\"url\":\"https:\/\/evertonfc.cz\/index.php\/author\/javor\/\"}]}<\/script>\n<!-- \/ Yoast SEO plugin. -->","yoast_head_json":{"title":"Zhodnocen\u00ed sez\u00f3ny 2018\/19 - Official Czech &amp; Slovak Everton Supporters&#039; Club","robots":{"index":"index","follow":"follow","max-snippet":"max-snippet:-1","max-image-preview":"max-image-preview:large","max-video-preview":"max-video-preview:-1"},"canonical":"https:\/\/evertonfc.cz\/index.php\/2019\/05\/23\/zhodnoceni-sezony-2018-19\/","og_locale":"cs_CZ","og_type":"article","og_title":"Zhodnocen\u00ed sez\u00f3ny 2018\/19 - Official Czech &amp; Slovak Everton Supporters&#039; Club","og_description":"Na ot\u00e1zky redakce o sez\u00f3n\u011b 2018\/19 odpov\u00eddala trojice st\u00e1l\u00fdch diskut\u00e9r\u016f godison, Fip a Everton1878.","og_url":"https:\/\/evertonfc.cz\/index.php\/2019\/05\/23\/zhodnoceni-sezony-2018-19\/","og_site_name":"Official Czech &amp; Slovak Everton Supporters&#039; Club","article_publisher":"https:\/\/www.facebook.com\/everton.fans.cz.sk","article_published_time":"2019-05-23T10:01:00+00:00","article_modified_time":"2019-05-23T10:22:02+00:00","og_image":[{"width":720,"height":405,"url":"https:\/\/evertonfc.cz\/wp-content\/uploads\/2019\/05\/digne_22_5_2019.jpg","type":"image\/jpeg"}],"author":"Javor","twitter_card":"summary_large_image","twitter_creator":"@LoudinJan","twitter_misc":{"Napsal(a)":"Javor","Odhadovan\u00e1 doba \u010dten\u00ed":"13 minut"},"schema":{"@context":"https:\/\/schema.org","@graph":[{"@type":"Article","@id":"https:\/\/evertonfc.cz\/index.php\/2019\/05\/23\/zhodnoceni-sezony-2018-19\/#article","isPartOf":{"@id":"https:\/\/evertonfc.cz\/index.php\/2019\/05\/23\/zhodnoceni-sezony-2018-19\/"},"author":{"name":"Javor","@id":"https:\/\/evertonfc.cz\/#\/schema\/person\/b30daf6a5852f4811f8207a17ec1bf78"},"headline":"Zhodnocen\u00ed sez\u00f3ny 2018\/19","datePublished":"2019-05-23T10:01:00+00:00","dateModified":"2019-05-23T10:22:02+00:00","mainEntityOfPage":{"@id":"https:\/\/evertonfc.cz\/index.php\/2019\/05\/23\/zhodnoceni-sezony-2018-19\/"},"wordCount":2534,"commentCount":4,"publisher":{"@id":"https:\/\/evertonfc.cz\/#organization"},"image":{"@id":"https:\/\/evertonfc.cz\/index.php\/2019\/05\/23\/zhodnoceni-sezony-2018-19\/#primaryimage"},"thumbnailUrl":"https:\/\/evertonfc.cz\/wp-content\/uploads\/2019\/05\/digne_22_5_2019.jpg","articleSection":["Rozhovory","Zhodnocen\u00ed sez\u00f3n"],"inLanguage":"cs","potentialAction":[{"@type":"CommentAction","name":"Comment","target":["https:\/\/evertonfc.cz\/index.php\/2019\/05\/23\/zhodnoceni-sezony-2018-19\/#respond"]}]},{"@type":"WebPage","@id":"https:\/\/evertonfc.cz\/index.php\/2019\/05\/23\/zhodnoceni-sezony-2018-19\/","url":"https:\/\/evertonfc.cz\/index.php\/2019\/05\/23\/zhodnoceni-sezony-2018-19\/","name":"Zhodnocen\u00ed sez\u00f3ny 2018\/19 - Official Czech &amp; Slovak Everton Supporters&#039; Club","isPartOf":{"@id":"https:\/\/evertonfc.cz\/#website"},"primaryImageOfPage":{"@id":"https:\/\/evertonfc.cz\/index.php\/2019\/05\/23\/zhodnoceni-sezony-2018-19\/#primaryimage"},"image":{"@id":"https:\/\/evertonfc.cz\/index.php\/2019\/05\/23\/zhodnoceni-sezony-2018-19\/#primaryimage"},"thumbnailUrl":"https:\/\/evertonfc.cz\/wp-content\/uploads\/2019\/05\/digne_22_5_2019.jpg","datePublished":"2019-05-23T10:01:00+00:00","dateModified":"2019-05-23T10:22:02+00:00","breadcrumb":{"@id":"https:\/\/evertonfc.cz\/index.php\/2019\/05\/23\/zhodnoceni-sezony-2018-19\/#breadcrumb"},"inLanguage":"cs","potentialAction":[{"@type":"ReadAction","target":["https:\/\/evertonfc.cz\/index.php\/2019\/05\/23\/zhodnoceni-sezony-2018-19\/"]}]},{"@type":"ImageObject","inLanguage":"cs","@id":"https:\/\/evertonfc.cz\/index.php\/2019\/05\/23\/zhodnoceni-sezony-2018-19\/#primaryimage","url":"https:\/\/evertonfc.cz\/wp-content\/uploads\/2019\/05\/digne_22_5_2019.jpg","contentUrl":"https:\/\/evertonfc.cz\/wp-content\/uploads\/2019\/05\/digne_22_5_2019.jpg","width":720,"height":405},{"@type":"BreadcrumbList","@id":"https:\/\/evertonfc.cz\/index.php\/2019\/05\/23\/zhodnoceni-sezony-2018-19\/#breadcrumb","itemListElement":[{"@type":"ListItem","position":1,"name":"Home","item":"https:\/\/evertonfc.cz\/"},{"@type":"ListItem","position":2,"name":"Zhodnocen\u00ed sez\u00f3ny 2018\/19"}]},{"@type":"WebSite","@id":"https:\/\/evertonfc.cz\/#website","url":"https:\/\/evertonfc.cz\/","name":"Official Czech &amp; Slovak Everton Supporters&#039; Club","description":"","publisher":{"@id":"https:\/\/evertonfc.cz\/#organization"},"potentialAction":[{"@type":"SearchAction","target":{"@type":"EntryPoint","urlTemplate":"https:\/\/evertonfc.cz\/?s={search_term_string}"},"query-input":{"@type":"PropertyValueSpecification","valueRequired":true,"valueName":"search_term_string"}}],"inLanguage":"cs"},{"@type":"Organization","@id":"https:\/\/evertonfc.cz\/#organization","name":"Official Czech & Slovak Everton Supporters' Club","url":"https:\/\/evertonfc.cz\/","logo":{"@type":"ImageObject","inLanguage":"cs","@id":"https:\/\/evertonfc.cz\/#\/schema\/logo\/image\/","url":"https:\/\/evertonfc.cz\/wp-content\/uploads\/2019\/05\/logo.png","contentUrl":"https:\/\/evertonfc.cz\/wp-content\/uploads\/2019\/05\/logo.png","width":112,"height":112,"caption":"Official Czech & Slovak Everton Supporters' Club"},"image":{"@id":"https:\/\/evertonfc.cz\/#\/schema\/logo\/image\/"},"sameAs":["https:\/\/www.facebook.com\/everton.fans.cz.sk"]},{"@type":"Person","@id":"https:\/\/evertonfc.cz\/#\/schema\/person\/b30daf6a5852f4811f8207a17ec1bf78","name":"Javor","sameAs":["https:\/\/x.com\/LoudinJan"],"url":"https:\/\/evertonfc.cz\/index.php\/author\/javor\/"}]}},"_links":{"self":[{"href":"https:\/\/evertonfc.cz\/index.php\/wp-json\/wp\/v2\/posts\/7801"}],"collection":[{"href":"https:\/\/evertonfc.cz\/index.php\/wp-json\/wp\/v2\/posts"}],"about":[{"href":"https:\/\/evertonfc.cz\/index.php\/wp-json\/wp\/v2\/types\/post"}],"author":[{"embeddable":true,"href":"https:\/\/evertonfc.cz\/index.php\/wp-json\/wp\/v2\/users\/12"}],"replies":[{"embeddable":true,"href":"https:\/\/evertonfc.cz\/index.php\/wp-json\/wp\/v2\/comments?post=7801"}],"version-history":[{"count":10,"href":"https:\/\/evertonfc.cz\/index.php\/wp-json\/wp\/v2\/posts\/7801\/revisions"}],"predecessor-version":[{"id":7816,"href":"https:\/\/evertonfc.cz\/index.php\/wp-json\/wp\/v2\/posts\/7801\/revisions\/7816"}],"wp:featuredmedia":[{"embeddable":true,"href":"https:\/\/evertonfc.cz\/index.php\/wp-json\/wp\/v2\/media\/7800"}],"wp:attachment":[{"href":"https:\/\/evertonfc.cz\/index.php\/wp-json\/wp\/v2\/media?parent=7801"}],"wp:term":[{"taxonomy":"category","embeddable":true,"href":"https:\/\/evertonfc.cz\/index.php\/wp-json\/wp\/v2\/categories?post=7801"},{"taxonomy":"post_tag","embeddable":true,"href":"https:\/\/evertonfc.cz\/index.php\/wp-json\/wp\/v2\/tags?post=7801"}],"curies":[{"name":"wp","href":"https:\/\/api.w.org\/{rel}","templated":true}]}}