{"id":7819,"date":"2019-05-24T13:38:16","date_gmt":"2019-05-24T11:38:16","guid":{"rendered":"https:\/\/evertonfc.cz\/?p=7819"},"modified":"2020-05-14T12:30:56","modified_gmt":"2020-05-14T10:30:56","slug":"prvni-posila-leta-brankar-lossl","status":"publish","type":"post","link":"https:\/\/evertonfc.cz\/index.php\/2019\/05\/24\/prvni-posila-leta-brankar-lossl\/","title":{"rendered":"Prvn\u00ed posila l\u00e9ta: Brank\u00e1\u0159 L\u00f6ssl"},"content":{"rendered":"<h4>Everton ozn\u00e1mil prvn\u00ed posilu leto\u0161n\u00edho letn\u00edho p\u0159estupov\u00e9ho obdob\u00ed. Jako voln\u00fd hr\u00e1\u010d p\u0159ich\u00e1z\u00ed zku\u0161en\u00fd brank\u00e1\u0159 Jonas L\u00f6ssl.<\/h4>\n<p>30let\u00e9mu D\u00e1novi vypr\u0161\u00ed v n\u00e1sleduj\u00edc\u00edm m\u011bs\u00edci smlouva v Huddersfieldu Town. Od 1. \u010dervence se pot\u00e9 ofici\u00e1ln\u011b stane hr\u00e1\u010dem Evertonu, s n\u00edm\u017e uzav\u0159el p\u0159edb\u011b\u017enou dohodu na t\u0159\u00edlet\u00fd kontrakt.<\/p>\n<p>L\u00f6ssl by m\u011bl na Goodison Parku zastat roli konkurenceschopn\u00e9ho n\u00e1hradn\u00edka g\u00f3lmansk\u00e9 jedni\u010dky Jordana Pickforda. Budoucnost sou\u010dasn\u00e9 dvojky Maartena Stekelenburga, kter\u00fd m\u00e1 s Toffees platn\u00fd kontrakt je\u0161t\u011b na rok, je tak nyn\u00ed nejist\u00e1. V k\u00e1dru portugalsk\u00e9ho mana\u017eera Silvy je rovn\u011b\u017e jeho 19let\u00fd krajan Joao Virg\u00ednia, jen\u017e se ve sv\u00e9 premi\u00e9rov\u00e9 sez\u00f3n\u011b v Evertonu uvedl dobr\u00fdmi v\u00fdkony ve v\u00fdb\u011bru do 23 let a v p\u0159\u00ed\u0161t\u00ed sez\u00f3n\u011b by mohl zam\u00ed\u0159it na hostov\u00e1n\u00ed do jedn\u00e9 z ni\u017e\u0161\u00edch anglick\u00fdch sout\u011b\u017e\u00ed.<\/p>\n<p>L\u00f6ssl za\u010dal fotbalovou kari\u00e9ru v d\u00e1nsk\u00e9m klubu Midtjylland, odkud se po p\u011bti sez\u00f3n\u00e1ch p\u0159esunul v l\u00e9t\u011b 2014 do Guingampu. Ve francouzsk\u00e9 prvn\u00ed lize vydr\u017eel dva roky, ne\u017e zam\u00ed\u0159il do n\u011bmeck\u00e9ho Mainzu (Mohu\u010de).<\/p>\n<p>V Bundeslize ale vydr\u017eel jenom jeden ro\u010dn\u00edk. Na za\u010d\u00e1tku sez\u00f3ny 2017\/18 ho na hostov\u00e1n\u00ed z\u00edskal Huddersfield. V Premier League debutoval 10 \u010dist\u00fdmi konty, a tak Terries podle p\u0159edpoklad\u016f uplatnili opci na p\u0159estup. Tak\u00e9 v leto\u0161n\u00edm ro\u010dn\u00edku L\u00f6ssl h\u00e1jil post g\u00f3lmansk\u00e9 jedni\u010dky a v posledn\u00edm celku sout\u011b\u017ee pat\u0159il do skromn\u00e9ho okruhu hr\u00e1\u010d\u016f, kte\u0159\u00ed snesli p\u0159\u00edsn\u011bj\u0161\u00ed kritiku.<\/p>\n<p>L\u00f6ssl plat\u00ed za urostl\u00e9ho brank\u00e1\u0159e (195 cm, 89 kg), kter\u00fd si dob\u0159e rad\u00ed s centry. Z\u00e1rove\u0148 opl\u00fdv\u00e1 slu\u0161nou kopac\u00ed technickou, v distribuci dlouh\u00fdch m\u00ed\u010d\u016f byl v leto\u0161n\u00ed sez\u00f3n\u011b p\u0159esn\u011bj\u0161\u00ed ne\u017e Pickford. B\u011bhem sv\u00e9ho p\u016fsoben\u00ed v Anglii dokonce zaznamenal dv\u011b asistence &#8211; ob\u011b v z\u00e1pasech s Manchesterem United.<\/p>\n<p>Za d\u00e1nskou reprezentaci zat\u00edm odchytal jedin\u00fd z\u00e1pas, a to v roce 2016 jako st\u0159\u00eddaj\u00edc\u00ed hr\u00e1\u010d v utk\u00e1n\u00ed se Skotskem.<\/p>\n","protected":false},"excerpt":{"rendered":"<p>Everton ozn\u00e1mil prvn\u00ed posilu leto\u0161n\u00edho letn\u00edho p\u0159estupov\u00e9ho obdob\u00ed. Jako voln\u00fd hr\u00e1\u010d p\u0159ich\u00e1z\u00ed zku\u0161en\u00fd brank\u00e1\u0159 Jonas L\u00f6ssl.<\/p>\n","protected":false},"author":6,"featured_media":7818,"comment_status":"open","ping_status":"closed","sticky":false,"template":"","format":"standard","meta":{"_eb_attr":"","_monsterinsights_skip_tracking":false,"_monsterinsights_sitenote_active":false,"_monsterinsights_sitenote_note":"","_monsterinsights_sitenote_category":0,"footnotes":""},"categories":[41],"tags":[],"yoast_head":"<!-- This site is optimized with the Yoast SEO plugin v23.4 - https:\/\/yoast.com\/wordpress\/plugins\/seo\/ -->\n<title>Prvn\u00ed posila l\u00e9ta: Brank\u00e1\u0159 L\u00f6ssl - Official Czech &amp; Slovak Everton Supporters&#039; Club<\/title>\n<meta name=\"robots\" content=\"index, follow, max-snippet:-1, max-image-preview:large, max-video-preview:-1\" \/>\n<link rel=\"canonical\" href=\"https:\/\/evertonfc.cz\/index.php\/2019\/05\/24\/prvni-posila-leta-brankar-lossl\/\" \/>\n<meta property=\"og:locale\" content=\"cs_CZ\" \/>\n<meta property=\"og:type\" content=\"article\" \/>\n<meta property=\"og:title\" content=\"Prvn\u00ed posila l\u00e9ta: Brank\u00e1\u0159 L\u00f6ssl - Official Czech &amp; Slovak Everton Supporters&#039; Club\" \/>\n<meta property=\"og:description\" content=\"Everton ozn\u00e1mil prvn\u00ed posilu leto\u0161n\u00edho letn\u00edho p\u0159estupov\u00e9ho obdob\u00ed. Jako voln\u00fd hr\u00e1\u010d p\u0159ich\u00e1z\u00ed zku\u0161en\u00fd brank\u00e1\u0159 Jonas L\u00f6ssl.\" \/>\n<meta property=\"og:url\" content=\"https:\/\/evertonfc.cz\/index.php\/2019\/05\/24\/prvni-posila-leta-brankar-lossl\/\" \/>\n<meta property=\"og:site_name\" content=\"Official Czech &amp; Slovak Everton Supporters&#039; Club\" \/>\n<meta property=\"article:publisher\" content=\"https:\/\/www.facebook.com\/everton.fans.cz.sk\" \/>\n<meta property=\"article:published_time\" content=\"2019-05-24T11:38:16+00:00\" \/>\n<meta property=\"article:modified_time\" content=\"2020-05-14T10:30:56+00:00\" \/>\n<meta property=\"og:image\" content=\"https:\/\/evertonfc.cz\/wp-content\/uploads\/2019\/05\/lossl_24_5_2019.jpg\" \/>\n\t<meta property=\"og:image:width\" content=\"720\" \/>\n\t<meta property=\"og:image:height\" content=\"405\" \/>\n\t<meta property=\"og:image:type\" content=\"image\/jpeg\" \/>\n<meta name=\"author\" content=\"Ri\u010di\" \/>\n<meta name=\"twitter:card\" content=\"summary_large_image\" \/>\n<meta name=\"twitter:creator\" content=\"@rbrejsa\" \/>\n<meta name=\"twitter:label1\" content=\"Napsal(a)\" \/>\n\t<meta name=\"twitter:data1\" content=\"Ri\u010di\" \/>\n\t<meta name=\"twitter:label2\" content=\"Odhadovan\u00e1 doba \u010dten\u00ed\" \/>\n\t<meta name=\"twitter:data2\" content=\"2 minuty\" \/>\n<script type=\"application\/ld+json\" class=\"yoast-schema-graph\">{\"@context\":\"https:\/\/schema.org\",\"@graph\":[{\"@type\":\"Article\",\"@id\":\"https:\/\/evertonfc.cz\/index.php\/2019\/05\/24\/prvni-posila-leta-brankar-lossl\/#article\",\"isPartOf\":{\"@id\":\"https:\/\/evertonfc.cz\/index.php\/2019\/05\/24\/prvni-posila-leta-brankar-lossl\/\"},\"author\":{\"name\":\"Ri\u010di\",\"@id\":\"https:\/\/evertonfc.cz\/#\/schema\/person\/f7a5daedb2ffee98480bc70e191aaef1\"},\"headline\":\"Prvn\u00ed posila l\u00e9ta: Brank\u00e1\u0159 L\u00f6ssl\",\"datePublished\":\"2019-05-24T11:38:16+00:00\",\"dateModified\":\"2020-05-14T10:30:56+00:00\",\"mainEntityOfPage\":{\"@id\":\"https:\/\/evertonfc.cz\/index.php\/2019\/05\/24\/prvni-posila-leta-brankar-lossl\/\"},\"wordCount\":380,\"commentCount\":4,\"publisher\":{\"@id\":\"https:\/\/evertonfc.cz\/#organization\"},\"image\":{\"@id\":\"https:\/\/evertonfc.cz\/index.php\/2019\/05\/24\/prvni-posila-leta-brankar-lossl\/#primaryimage\"},\"thumbnailUrl\":\"https:\/\/evertonfc.cz\/wp-content\/uploads\/2019\/05\/lossl_24_5_2019.jpg\",\"articleSection\":[\"P\u0159estupy\"],\"inLanguage\":\"cs\",\"potentialAction\":[{\"@type\":\"CommentAction\",\"name\":\"Comment\",\"target\":[\"https:\/\/evertonfc.cz\/index.php\/2019\/05\/24\/prvni-posila-leta-brankar-lossl\/#respond\"]}]},{\"@type\":\"WebPage\",\"@id\":\"https:\/\/evertonfc.cz\/index.php\/2019\/05\/24\/prvni-posila-leta-brankar-lossl\/\",\"url\":\"https:\/\/evertonfc.cz\/index.php\/2019\/05\/24\/prvni-posila-leta-brankar-lossl\/\",\"name\":\"Prvn\u00ed posila l\u00e9ta: Brank\u00e1\u0159 L\u00f6ssl - Official Czech &amp; Slovak Everton Supporters&#039; Club\",\"isPartOf\":{\"@id\":\"https:\/\/evertonfc.cz\/#website\"},\"primaryImageOfPage\":{\"@id\":\"https:\/\/evertonfc.cz\/index.php\/2019\/05\/24\/prvni-posila-leta-brankar-lossl\/#primaryimage\"},\"image\":{\"@id\":\"https:\/\/evertonfc.cz\/index.php\/2019\/05\/24\/prvni-posila-leta-brankar-lossl\/#primaryimage\"},\"thumbnailUrl\":\"https:\/\/evertonfc.cz\/wp-content\/uploads\/2019\/05\/lossl_24_5_2019.jpg\",\"datePublished\":\"2019-05-24T11:38:16+00:00\",\"dateModified\":\"2020-05-14T10:30:56+00:00\",\"breadcrumb\":{\"@id\":\"https:\/\/evertonfc.cz\/index.php\/2019\/05\/24\/prvni-posila-leta-brankar-lossl\/#breadcrumb\"},\"inLanguage\":\"cs\",\"potentialAction\":[{\"@type\":\"ReadAction\",\"target\":[\"https:\/\/evertonfc.cz\/index.php\/2019\/05\/24\/prvni-posila-leta-brankar-lossl\/\"]}]},{\"@type\":\"ImageObject\",\"inLanguage\":\"cs\",\"@id\":\"https:\/\/evertonfc.cz\/index.php\/2019\/05\/24\/prvni-posila-leta-brankar-lossl\/#primaryimage\",\"url\":\"https:\/\/evertonfc.cz\/wp-content\/uploads\/2019\/05\/lossl_24_5_2019.jpg\",\"contentUrl\":\"https:\/\/evertonfc.cz\/wp-content\/uploads\/2019\/05\/lossl_24_5_2019.jpg\",\"width\":720,\"height\":405},{\"@type\":\"BreadcrumbList\",\"@id\":\"https:\/\/evertonfc.cz\/index.php\/2019\/05\/24\/prvni-posila-leta-brankar-lossl\/#breadcrumb\",\"itemListElement\":[{\"@type\":\"ListItem\",\"position\":1,\"name\":\"Home\",\"item\":\"https:\/\/evertonfc.cz\/\"},{\"@type\":\"ListItem\",\"position\":2,\"name\":\"Prvn\u00ed posila l\u00e9ta: Brank\u00e1\u0159 L\u00f6ssl\"}]},{\"@type\":\"WebSite\",\"@id\":\"https:\/\/evertonfc.cz\/#website\",\"url\":\"https:\/\/evertonfc.cz\/\",\"name\":\"Official Czech &amp; Slovak Everton Supporters&#039; Club\",\"description\":\"\",\"publisher\":{\"@id\":\"https:\/\/evertonfc.cz\/#organization\"},\"potentialAction\":[{\"@type\":\"SearchAction\",\"target\":{\"@type\":\"EntryPoint\",\"urlTemplate\":\"https:\/\/evertonfc.cz\/?s={search_term_string}\"},\"query-input\":{\"@type\":\"PropertyValueSpecification\",\"valueRequired\":true,\"valueName\":\"search_term_string\"}}],\"inLanguage\":\"cs\"},{\"@type\":\"Organization\",\"@id\":\"https:\/\/evertonfc.cz\/#organization\",\"name\":\"Official Czech & Slovak Everton Supporters' Club\",\"url\":\"https:\/\/evertonfc.cz\/\",\"logo\":{\"@type\":\"ImageObject\",\"inLanguage\":\"cs\",\"@id\":\"https:\/\/evertonfc.cz\/#\/schema\/logo\/image\/\",\"url\":\"https:\/\/evertonfc.cz\/wp-content\/uploads\/2019\/05\/logo.png\",\"contentUrl\":\"https:\/\/evertonfc.cz\/wp-content\/uploads\/2019\/05\/logo.png\",\"width\":112,\"height\":112,\"caption\":\"Official Czech & Slovak Everton Supporters' Club\"},\"image\":{\"@id\":\"https:\/\/evertonfc.cz\/#\/schema\/logo\/image\/\"},\"sameAs\":[\"https:\/\/www.facebook.com\/everton.fans.cz.sk\"]},{\"@type\":\"Person\",\"@id\":\"https:\/\/evertonfc.cz\/#\/schema\/person\/f7a5daedb2ffee98480bc70e191aaef1\",\"name\":\"Ri\u010di\",\"sameAs\":[\"https:\/\/x.com\/rbrejsa\"],\"url\":\"https:\/\/evertonfc.cz\/index.php\/author\/rici\/\"}]}<\/script>\n<!-- \/ Yoast SEO plugin. -->","yoast_head_json":{"title":"Prvn\u00ed posila l\u00e9ta: Brank\u00e1\u0159 L\u00f6ssl - Official Czech &amp; Slovak Everton Supporters&#039; Club","robots":{"index":"index","follow":"follow","max-snippet":"max-snippet:-1","max-image-preview":"max-image-preview:large","max-video-preview":"max-video-preview:-1"},"canonical":"https:\/\/evertonfc.cz\/index.php\/2019\/05\/24\/prvni-posila-leta-brankar-lossl\/","og_locale":"cs_CZ","og_type":"article","og_title":"Prvn\u00ed posila l\u00e9ta: Brank\u00e1\u0159 L\u00f6ssl - Official Czech &amp; Slovak Everton Supporters&#039; Club","og_description":"Everton ozn\u00e1mil prvn\u00ed posilu leto\u0161n\u00edho letn\u00edho p\u0159estupov\u00e9ho obdob\u00ed. Jako voln\u00fd hr\u00e1\u010d p\u0159ich\u00e1z\u00ed zku\u0161en\u00fd brank\u00e1\u0159 Jonas L\u00f6ssl.","og_url":"https:\/\/evertonfc.cz\/index.php\/2019\/05\/24\/prvni-posila-leta-brankar-lossl\/","og_site_name":"Official Czech &amp; Slovak Everton Supporters&#039; Club","article_publisher":"https:\/\/www.facebook.com\/everton.fans.cz.sk","article_published_time":"2019-05-24T11:38:16+00:00","article_modified_time":"2020-05-14T10:30:56+00:00","og_image":[{"width":720,"height":405,"url":"https:\/\/evertonfc.cz\/wp-content\/uploads\/2019\/05\/lossl_24_5_2019.jpg","type":"image\/jpeg"}],"author":"Ri\u010di","twitter_card":"summary_large_image","twitter_creator":"@rbrejsa","twitter_misc":{"Napsal(a)":"Ri\u010di","Odhadovan\u00e1 doba \u010dten\u00ed":"2 minuty"},"schema":{"@context":"https:\/\/schema.org","@graph":[{"@type":"Article","@id":"https:\/\/evertonfc.cz\/index.php\/2019\/05\/24\/prvni-posila-leta-brankar-lossl\/#article","isPartOf":{"@id":"https:\/\/evertonfc.cz\/index.php\/2019\/05\/24\/prvni-posila-leta-brankar-lossl\/"},"author":{"name":"Ri\u010di","@id":"https:\/\/evertonfc.cz\/#\/schema\/person\/f7a5daedb2ffee98480bc70e191aaef1"},"headline":"Prvn\u00ed posila l\u00e9ta: Brank\u00e1\u0159 L\u00f6ssl","datePublished":"2019-05-24T11:38:16+00:00","dateModified":"2020-05-14T10:30:56+00:00","mainEntityOfPage":{"@id":"https:\/\/evertonfc.cz\/index.php\/2019\/05\/24\/prvni-posila-leta-brankar-lossl\/"},"wordCount":380,"commentCount":4,"publisher":{"@id":"https:\/\/evertonfc.cz\/#organization"},"image":{"@id":"https:\/\/evertonfc.cz\/index.php\/2019\/05\/24\/prvni-posila-leta-brankar-lossl\/#primaryimage"},"thumbnailUrl":"https:\/\/evertonfc.cz\/wp-content\/uploads\/2019\/05\/lossl_24_5_2019.jpg","articleSection":["P\u0159estupy"],"inLanguage":"cs","potentialAction":[{"@type":"CommentAction","name":"Comment","target":["https:\/\/evertonfc.cz\/index.php\/2019\/05\/24\/prvni-posila-leta-brankar-lossl\/#respond"]}]},{"@type":"WebPage","@id":"https:\/\/evertonfc.cz\/index.php\/2019\/05\/24\/prvni-posila-leta-brankar-lossl\/","url":"https:\/\/evertonfc.cz\/index.php\/2019\/05\/24\/prvni-posila-leta-brankar-lossl\/","name":"Prvn\u00ed posila l\u00e9ta: Brank\u00e1\u0159 L\u00f6ssl - Official Czech &amp; Slovak Everton Supporters&#039; Club","isPartOf":{"@id":"https:\/\/evertonfc.cz\/#website"},"primaryImageOfPage":{"@id":"https:\/\/evertonfc.cz\/index.php\/2019\/05\/24\/prvni-posila-leta-brankar-lossl\/#primaryimage"},"image":{"@id":"https:\/\/evertonfc.cz\/index.php\/2019\/05\/24\/prvni-posila-leta-brankar-lossl\/#primaryimage"},"thumbnailUrl":"https:\/\/evertonfc.cz\/wp-content\/uploads\/2019\/05\/lossl_24_5_2019.jpg","datePublished":"2019-05-24T11:38:16+00:00","dateModified":"2020-05-14T10:30:56+00:00","breadcrumb":{"@id":"https:\/\/evertonfc.cz\/index.php\/2019\/05\/24\/prvni-posila-leta-brankar-lossl\/#breadcrumb"},"inLanguage":"cs","potentialAction":[{"@type":"ReadAction","target":["https:\/\/evertonfc.cz\/index.php\/2019\/05\/24\/prvni-posila-leta-brankar-lossl\/"]}]},{"@type":"ImageObject","inLanguage":"cs","@id":"https:\/\/evertonfc.cz\/index.php\/2019\/05\/24\/prvni-posila-leta-brankar-lossl\/#primaryimage","url":"https:\/\/evertonfc.cz\/wp-content\/uploads\/2019\/05\/lossl_24_5_2019.jpg","contentUrl":"https:\/\/evertonfc.cz\/wp-content\/uploads\/2019\/05\/lossl_24_5_2019.jpg","width":720,"height":405},{"@type":"BreadcrumbList","@id":"https:\/\/evertonfc.cz\/index.php\/2019\/05\/24\/prvni-posila-leta-brankar-lossl\/#breadcrumb","itemListElement":[{"@type":"ListItem","position":1,"name":"Home","item":"https:\/\/evertonfc.cz\/"},{"@type":"ListItem","position":2,"name":"Prvn\u00ed posila l\u00e9ta: Brank\u00e1\u0159 L\u00f6ssl"}]},{"@type":"WebSite","@id":"https:\/\/evertonfc.cz\/#website","url":"https:\/\/evertonfc.cz\/","name":"Official Czech &amp; Slovak Everton Supporters&#039; Club","description":"","publisher":{"@id":"https:\/\/evertonfc.cz\/#organization"},"potentialAction":[{"@type":"SearchAction","target":{"@type":"EntryPoint","urlTemplate":"https:\/\/evertonfc.cz\/?s={search_term_string}"},"query-input":{"@type":"PropertyValueSpecification","valueRequired":true,"valueName":"search_term_string"}}],"inLanguage":"cs"},{"@type":"Organization","@id":"https:\/\/evertonfc.cz\/#organization","name":"Official Czech & Slovak Everton Supporters' Club","url":"https:\/\/evertonfc.cz\/","logo":{"@type":"ImageObject","inLanguage":"cs","@id":"https:\/\/evertonfc.cz\/#\/schema\/logo\/image\/","url":"https:\/\/evertonfc.cz\/wp-content\/uploads\/2019\/05\/logo.png","contentUrl":"https:\/\/evertonfc.cz\/wp-content\/uploads\/2019\/05\/logo.png","width":112,"height":112,"caption":"Official Czech & Slovak Everton Supporters' Club"},"image":{"@id":"https:\/\/evertonfc.cz\/#\/schema\/logo\/image\/"},"sameAs":["https:\/\/www.facebook.com\/everton.fans.cz.sk"]},{"@type":"Person","@id":"https:\/\/evertonfc.cz\/#\/schema\/person\/f7a5daedb2ffee98480bc70e191aaef1","name":"Ri\u010di","sameAs":["https:\/\/x.com\/rbrejsa"],"url":"https:\/\/evertonfc.cz\/index.php\/author\/rici\/"}]}},"_links":{"self":[{"href":"https:\/\/evertonfc.cz\/index.php\/wp-json\/wp\/v2\/posts\/7819"}],"collection":[{"href":"https:\/\/evertonfc.cz\/index.php\/wp-json\/wp\/v2\/posts"}],"about":[{"href":"https:\/\/evertonfc.cz\/index.php\/wp-json\/wp\/v2\/types\/post"}],"author":[{"embeddable":true,"href":"https:\/\/evertonfc.cz\/index.php\/wp-json\/wp\/v2\/users\/6"}],"replies":[{"embeddable":true,"href":"https:\/\/evertonfc.cz\/index.php\/wp-json\/wp\/v2\/comments?post=7819"}],"version-history":[{"count":15,"href":"https:\/\/evertonfc.cz\/index.php\/wp-json\/wp\/v2\/posts\/7819\/revisions"}],"predecessor-version":[{"id":8659,"href":"https:\/\/evertonfc.cz\/index.php\/wp-json\/wp\/v2\/posts\/7819\/revisions\/8659"}],"wp:featuredmedia":[{"embeddable":true,"href":"https:\/\/evertonfc.cz\/index.php\/wp-json\/wp\/v2\/media\/7818"}],"wp:attachment":[{"href":"https:\/\/evertonfc.cz\/index.php\/wp-json\/wp\/v2\/media?parent=7819"}],"wp:term":[{"taxonomy":"category","embeddable":true,"href":"https:\/\/evertonfc.cz\/index.php\/wp-json\/wp\/v2\/categories?post=7819"},{"taxonomy":"post_tag","embeddable":true,"href":"https:\/\/evertonfc.cz\/index.php\/wp-json\/wp\/v2\/tags?post=7819"}],"curies":[{"name":"wp","href":"https:\/\/api.w.org\/{rel}","templated":true}]}}