{"id":788,"date":"2010-08-21T22:58:47","date_gmt":"2010-08-21T20:58:47","guid":{"rendered":"http:\/\/evertonfc.cz\/?p=788"},"modified":"2019-01-03T23:45:02","modified_gmt":"2019-01-03T22:45:02","slug":"pred-1-svetovou-valkou","status":"publish","type":"post","link":"https:\/\/evertonfc.cz\/index.php\/2010\/08\/21\/pred-1-svetovou-valkou\/","title":{"rendered":"P\u0159ed 1. sv\u011btovou v\u00e1lkou"},"content":{"rendered":"<h4>Samotn\u00fdm po\u010d\u00e1tkem dvac\u00e1t\u00e9ho stolet\u00ed se Everton poprv\u00e9 schoval do st\u00ednu sv\u00e9ho m\u011bstsk\u00e9ho rivala z Anfield Road. Ne v\u0161ak nadlouho, do vypuknut\u00ed 1. sv\u011btov\u00e9 v\u00e1lky sta\u010dil z\u00edskat ob\u011b hlavn\u00ed sout\u011b\u017en\u00ed trofeje.<\/h4>\n<p>Vskutku, p\u0159\u00edchod 20. stolet\u00ed se na Goodison Parku moc oslavovat nemohl. V sezon\u011b 1900\/01 klub skon\u010dil pouze na sedm\u00e9m m\u00edst\u011b, p\u0159i\u010dem\u017e Liverpool slavil sv\u016fj prvn\u00ed ligov\u00fd titul. \u00dat\u011bchu nep\u0159inesl ani Anglick\u00fd poh\u00e1r, kde t\u00fdm veden\u00fd Richardem Molyneuxem vypadl ji\u017e ve \u010dtrvrt\u00e9m kole. V\u0161eobecn\u011b st\u00e1l anglick\u00fd fotbal p\u0159elomem stolet\u00ed na pokraji men\u0161\u00ed krize. Men\u0161\u00edm klub\u016fm se toti\u017e nel\u00edbily \u010d\u00e1stky vypl\u00e1cen\u00e9 n\u011bkter\u00fdmi kluby sv\u00fdm hr\u00e1\u010d\u016fm, co\u017e vedlo Football Association k tomu, \u017ee stanovila maxim\u00e1ln\u00ed t\u00fddenn\u00ed hr\u00e1\u010dsk\u00fd plat b\u011bhem zimn\u00edch m\u011bs\u00edc\u016f na 4 libry, a omezen\u00ed podepisovat hr\u00e1\u010de za vy\u0161\u0161\u00ed \u010d\u00e1stky.\u00a0To se v\u011bt\u0161\u00edm klub\u016fm nezd\u00e1lo, a tak se pokusily nov\u00e9 na\u0159\u00edzen\u00ed odvolat. Nakonec ov\u0161em p\u0159ev\u00e1\u017eilo slovo men\u0161\u00edch t\u00fdm\u016f, a tak omezen\u00ed mohlo platit i nad\u00e1le.<\/p>\n<p>B\u011bhem l\u00e9ta 1901 do klubu i p\u0159es nov\u00e9 pravidlo dorazilo n\u011bkolik nov\u00fdch fotbalist\u016f. T\u00edm nejzn\u00e1m\u011bj\u0161\u00edm se stal Alex &#8222;Sandy&#8220; Young (nepl\u00e9st s\u00a0jin\u00fdm legend\u00e1rn\u00edm \u00fato\u010dn\u00edkem 60. let, Alexem Youngem, zn\u00e1m\u00fdm pod p\u0159ezd\u00edvkou\u00a0<em>Golden Vision<\/em>), vyhl\u00e1\u0161en\u00fd\u00a0\u00fato\u010dn\u00edk ze Skotska. Na Goodison Parku str\u00e1vil \u010dty\u0159i roky, a zaznamenal \u00factyhodn\u00fdch 110 branek. V historick\u00fdch tabulk\u00e1ch st\u0159elc\u016f Evertonu, je Young dokonce na \u010dtvrt\u00e9m m\u00edst\u011b, lep\u0161\u00ed byli u\u017e jen Dixie Dean, Graeme Sharp a Bob Latchford.<\/p>\n<p>Od nov\u00e9 sezony si Everton natrvalo osvojil tradi\u010dn\u00ed modrob\u00edlou kombinaci. S d\u0159\u00edv\u011bj\u0161\u00edm \u010dast\u00fdm st\u0159\u00edd\u00e1n\u00edm klubov\u00fdch barev tak\u00e9 souvisely prom\u011bny p\u0159ezd\u00edvek. B\u00edl\u00e9 tren\u00fdrky a modr\u00e1 ko\u0161ile se sice objevily ji\u017e d\u0159\u00edve, jen\u017ee d\u00edky tomu, \u017ee n\u011bkte\u0159\u00ed hr\u00e1\u010di nosili v\u00fdbavu ze sv\u00fdch d\u0159\u00edv\u011bj\u0161\u00edch klub\u016f, na znamen\u00ed jednotnosti se tedy zprvu rozhodlo, \u017ee hr\u00e1\u010di budou hr\u00e1vat v \u010dern\u00fdch ko\u0161il\u00edch, co\u017e mimojin\u00e9 tak\u00e9 u\u0161et\u0159ilo v\u00fddaje. B\u011bhem &#8222;\u010dern\u00e9ho&#8220; obdob\u00ed se klubu p\u0159ezd\u00edvalo p\u0159\u00edzna\u010dn\u011b\u00a0<em>The Black Watch<\/em>, a to podle\u00a0jednoho arm\u00e1dn\u00edho sboru.<\/p>\n<p>Rokem 1901, znovu v modrob\u00edl\u00e9 variant\u011b, se z\u00e1konit\u011b musela objevit nov\u00e1 p\u0159ezd\u00edvka. Ta origin\u00e1ln\u00ed\u00a0<em>The Blues<\/em>\u00a0z\u016fstala dodne\u0161ka, ov\u0161em i d\u00edky tomu, \u017ee Everton \u010dasto po\u0159\u00e1dal tr\u00e9ninky i pozd\u011b v noci, se t\u00fdmu za\u010dalo \u0159\u00edkat\u00a0<em>The Moonlight Dribblers<\/em>. Po p\u0159esunu na Goodison Park se poprv\u00e9 objevila p\u0159ezd\u00edvka, pod kterou je Everton zn\u00e1m nejv\u00edce &#8211;\u00a0<em>The Toffees,\u00a0<\/em>nebo\u00a0<em>The Toffeemen.<\/em><\/p>\n<p>Existuj\u00ed dv\u011b verze, jak klub ke sv\u00e9 slavn\u00e9 p\u0159ezd\u00edvce p\u0159i\u0161el. Ta d\u016fv\u011bryhodn\u011bj\u0161\u00ed a pravd\u011bpodobn\u011bj\u0161\u00ed \u0159\u00edk\u00e1, \u017ee nedaleko Goodison Parku provozovala jist\u00e1 pan\u00ed Noblett obchod s cukrov\u00edm pod n\u00e1zvem Mother Noblett\u00b4s Toffee Shop, a b\u011bhem hrac\u00edch dn\u00ed propagovala a prod\u00e1vala na stadionu svoje zbo\u017e\u00ed. Druhou mo\u017enost\u00ed je n\u00e1zev jednoho domu, nedaleko Queen\u00b4s Head Hotel, jen\u017e zn\u011bl\u00a0<em>Ye Anciente Everton Toffee House<\/em>. Slovo &#8222;toffee&#8220; tak\u00e9 m\u016f\u017ee odkazovat na po\u010detnou irskou populaci, kter\u00e1 se v Liverpoolu na p\u0159elomu stolet\u00ed rozrostla.<\/p>\n<p><a href=\"https:\/\/www.youtube.com\/watch?time_continue=4&amp;v=tbkHYaMLz8s\" target=\"_blank\" rel=\"noopener\"><b>Unik\u00e1tn\u00ed<\/b><strong>\u00a0z\u00e1b\u011bry z derby-z\u00e1pasu Everton &#8211; Liverpool 3:1 (30. z\u00e1\u0159\u00ed 1902)<\/strong><\/a><\/p>\n<p>Vra\u0165me se ale na h\u0159i\u0161t\u011b. Je\u0161t\u011b v 19. stolet\u00ed se Everton pod\u00edval do dvou fin\u00e1lov\u00fdch z\u00e1pas\u016f FA Cupu &#8211; v roce 1893, kdy podlehl Wolverhamptonu, a o \u010dty\u0159i roky pozd\u011bji,\u00a0tehdy nesta\u010dil na Aston Villu. Velk\u00e1 \u0161ance do t\u0159etice cennou trofej kone\u010dn\u011b z\u00edskat, p\u0159i\u0161la v roce 1906. Po v\u00fdhr\u00e1ch nad West Bromwichem, Chesterfieldem, Bradfordem a Sheffield Wednesday, se Toffees ocitli v semifin\u00e1le. To se stalo \u010dist\u011b liverpoolskou z\u00e1le\u017eitost\u00ed, p\u0159i\u010dem\u017e Everton se radoval po v\u00edt\u011bzstv\u00ed 2:0. Fin\u00e1le se hr\u00e1lo na Selhurst Parku, domovsk\u00e9m st\u00e1nku Crystal Palace. Everton nakonec do t\u0159etice mohl slavit zisk FA Cupu, Newcastle porazil\u00a0sice jen t\u011bsn\u011b 1:0, nicm\u00e9n\u011b v z\u00e1pase dominoval, a Alex Young zaznamenal branky dokonce dv\u011b, ta prvn\u00ed mu v\u0161ak nebyla d\u00edky ofsajdu uzn\u00e1na.<\/p>\n<p>Blues \u00fa\u010dast ve fin\u00e1le zopakovali i o rok pozd\u011bji, tentokr\u00e1t v\u0161ak nesta\u010dili na Sheffield Wednesday. Jedn\u00edm z hr\u00e1\u010d\u016f, kter\u00fd za Everton hr\u00e1l v obou fin\u00e1lov\u00fdch kl\u00e1n\u00edch, Harold Hardman, je velmi zaj\u00edmav\u00e1 postava. Mali\u010dk\u00fd fotbalista byl toti\u017e veden jako amat\u00e9r, a tak je pouze jedn\u00edm ze t\u0159\u00ed hr\u00e1\u010d\u016f, kte\u0159\u00ed se v 20. stolet\u00ed jako amat\u00e9\u0159i pod\u00edleli na zisku poh\u00e1ru (zbyl\u00ed dva jsou Ashworth z Manchesteru City a Hunt z Wolverhamptonu). Hardman jako neprofesion\u00e1l v\u0161ak dos\u00e1hl i jin\u00fdch velk\u00fdch \u00fasp\u011bch\u016f. S Angli\u00ed toti\u017e z\u00edskal na Olympijsk\u00fdch hr\u00e1ch 1908 zlato.<\/p>\n<p>Sezona 1908\/09 pomohla objevit dal\u0161\u00ed hr\u00e1\u010dskou senzaci. Stal se j\u00ed Bertie Freeman, kter\u00fd jako\u017eto \u00fato\u010dn\u00edk vytvo\u0159il nov\u00fd rekord v po\u010dtu vst\u0159elen\u00fdch branek za sezonu, kdy\u017e vs\u00edtil za Everton 36 g\u00f3l\u016f v 38 z\u00e1pasech. Jeho rekord \u010d\u00edn\u00ed cenn\u011bj\u0161\u00edm to, \u017ee v jeho dob\u011b platilo zcela jin\u00e9 ofsajdov\u00e9 pravidlo, ne\u017e je zn\u00e1me dnes. Mezi \u00fato\u010dn\u00edkem a brank\u00e1\u0159em toti\u017e museli v\u00a0okam\u017eiku p\u0159ihr\u00e1vky st\u00e1t hned t\u0159i hr\u00e1\u010di (jedn\u00edm z nich byl obvykle brank\u00e1\u0159). Novela pravidla p\u0159i\u0161la a\u017e roku 1925.<\/p>\n<p>Po n\u011bkolika frustruj\u00edc\u00edch sezon\u00e1ch, kdy se Everton tr\u00e1pil, a\u00a0ro\u010dn\u00edku 1914\/15, kdy tak tak zabr\u00e1nil p\u00e1du do druh\u00e9 ligy, p\u0159i\u0161el v sezon\u011b 1914\/15 obrat o 180 stup\u0148\u016f. Do Evertonu dorazil z Rangers v\u011bhlasn\u00fd stoper Jimmy Galt, jen\u017e byl hned jmenov\u00e1n nov\u00fdm kapit\u00e1nem a celkov\u011b v Evertonu za\u010d\u00ednal panovat optimismus. Ten v\u0161ak rychle vzal za sv\u00e9. V Sarajevu byl sp\u00e1ch\u00e1n atent\u00e1t na arciv\u00e9vodu Rakouska-Uherska, Franti\u0161ka Ferdinanda, a Evropa st\u00e1la na pokraji masov\u00e9ho v\u00e1le\u010dn\u00e9ho konfliktu. Football Association byla na v\u00e1\u017ek\u00e1ch, zda m\u00e1 v\u016fbec odstartovat novou sezonu, \u010di jej\u00ed start odlo\u017eit.\u00a0P\u0159evl\u00e1dal v\u0161ak n\u00e1zor, \u017ee\u00a0&#8222;do V\u00e1noc bude po v\u0161em,&#8220; a tak sezona za velk\u00e9 kritiky\u00a0z mnoha \u0159ad p\u0159ece jen za\u010dala.<\/p>\n<p>Toffees zabrali od samotn\u00e9ho za\u010d\u00e1tku, a tak se\u00a0i d\u00edky v\u00fdhr\u00e1m nad Newcastlem a Tottenhamem vy\u0161vihli do \u010dela tabulky.\u00a0Ostatn\u00ed t\u00fdmy, jakoby nedok\u00e1zaly hr\u00e1t s pocitem, \u017ee v Evrop\u011b um\u00edraj\u00ed miliony lid\u00ed, a \u010dasto nebyly schopn\u00e9 si udr\u017eet konzistentn\u00ed v\u00fdkonnost. Toho Everton vyu\u017eil a zejm\u00e9na ve fin\u00e1ln\u00ed f\u00e1zi sezony p\u0159edvedl v\u00edt\u011bznou s\u00e9rii, jakou neza\u017eil l\u00e9ta. Na ja\u0159e se Toffees o \u0161pici tabulky d\u011blili s Oldhamem. Rozhodovat se dokonce muselo a\u017e v posledn\u00edm kole. Oldham toti\u017e v p\u0159edposledn\u00edm z\u00e1pase podlehl\u00a0Liverpoolu, bodov\u00fd rozd\u00edl mezi ob\u011bma kluby tak z\u016fstal nulov\u00fd. V posledn\u00edm\u00a0utk\u00e1n\u00ed na Goodison Park dorazila Chelsea, a d\u00edky rem\u00edze 2:2 Everton z\u00edskal druh\u00fd ligov\u00fd<\/p>\n","protected":false},"excerpt":{"rendered":"<p>Samotn\u00fdm po\u010d\u00e1tkem dvac\u00e1t\u00e9ho stolet\u00ed se Everton poprv\u00e9 schoval do st\u00ednu sv\u00e9ho m\u011bstsk\u00e9ho rivala z Anfield Road. Ne v\u0161ak nadlouho, do&hellip;<\/p>\n","protected":false},"author":7,"featured_media":789,"comment_status":"open","ping_status":"closed","sticky":false,"template":"","format":"standard","meta":{"_eb_attr":"","_monsterinsights_skip_tracking":false,"_monsterinsights_sitenote_active":false,"_monsterinsights_sitenote_note":"","_monsterinsights_sitenote_category":0,"footnotes":""},"categories":[14],"tags":[],"yoast_head":"<!-- This site is optimized with the Yoast SEO plugin v23.4 - https:\/\/yoast.com\/wordpress\/plugins\/seo\/ -->\n<title>P\u0159ed 1. sv\u011btovou v\u00e1lkou - Official Czech &amp; Slovak Everton Supporters&#039; Club<\/title>\n<meta name=\"robots\" content=\"index, follow, max-snippet:-1, max-image-preview:large, max-video-preview:-1\" \/>\n<link rel=\"canonical\" href=\"https:\/\/evertonfc.cz\/index.php\/2010\/08\/21\/pred-1-svetovou-valkou\/\" \/>\n<meta property=\"og:locale\" content=\"cs_CZ\" \/>\n<meta property=\"og:type\" content=\"article\" \/>\n<meta property=\"og:title\" content=\"P\u0159ed 1. sv\u011btovou v\u00e1lkou - Official Czech &amp; Slovak Everton Supporters&#039; Club\" \/>\n<meta property=\"og:description\" content=\"Samotn\u00fdm po\u010d\u00e1tkem dvac\u00e1t\u00e9ho stolet\u00ed se Everton poprv\u00e9 schoval do st\u00ednu sv\u00e9ho m\u011bstsk\u00e9ho rivala z Anfield Road. Ne v\u0161ak nadlouho, do&hellip;\" \/>\n<meta property=\"og:url\" content=\"https:\/\/evertonfc.cz\/index.php\/2010\/08\/21\/pred-1-svetovou-valkou\/\" \/>\n<meta property=\"og:site_name\" content=\"Official Czech &amp; Slovak Everton Supporters&#039; Club\" \/>\n<meta property=\"article:publisher\" content=\"https:\/\/www.facebook.com\/everton.fans.cz.sk\" \/>\n<meta property=\"article:published_time\" content=\"2010-08-21T20:58:47+00:00\" \/>\n<meta property=\"article:modified_time\" content=\"2019-01-03T22:45:02+00:00\" \/>\n<meta property=\"og:image\" content=\"https:\/\/evertonfc.cz\/wp-content\/uploads\/2019\/01\/historie_VI.jpg\" \/>\n\t<meta property=\"og:image:width\" content=\"603\" \/>\n\t<meta property=\"og:image:height\" content=\"339\" \/>\n\t<meta property=\"og:image:type\" content=\"image\/jpeg\" \/>\n<meta name=\"author\" content=\"Me\u0148a\" \/>\n<meta name=\"twitter:card\" content=\"summary_large_image\" \/>\n<meta name=\"twitter:label1\" content=\"Napsal(a)\" \/>\n\t<meta name=\"twitter:data1\" content=\"Me\u0148a\" \/>\n\t<meta name=\"twitter:label2\" content=\"Odhadovan\u00e1 doba \u010dten\u00ed\" \/>\n\t<meta name=\"twitter:data2\" content=\"6 minut\" \/>\n<script type=\"application\/ld+json\" class=\"yoast-schema-graph\">{\"@context\":\"https:\/\/schema.org\",\"@graph\":[{\"@type\":\"Article\",\"@id\":\"https:\/\/evertonfc.cz\/index.php\/2010\/08\/21\/pred-1-svetovou-valkou\/#article\",\"isPartOf\":{\"@id\":\"https:\/\/evertonfc.cz\/index.php\/2010\/08\/21\/pred-1-svetovou-valkou\/\"},\"author\":{\"name\":\"Me\u0148a\",\"@id\":\"https:\/\/evertonfc.cz\/#\/schema\/person\/cd6328a75577de2add7793fd4b0930c3\"},\"headline\":\"P\u0159ed 1. sv\u011btovou v\u00e1lkou\",\"datePublished\":\"2010-08-21T20:58:47+00:00\",\"dateModified\":\"2019-01-03T22:45:02+00:00\",\"mainEntityOfPage\":{\"@id\":\"https:\/\/evertonfc.cz\/index.php\/2010\/08\/21\/pred-1-svetovou-valkou\/\"},\"wordCount\":1249,\"commentCount\":0,\"publisher\":{\"@id\":\"https:\/\/evertonfc.cz\/#organization\"},\"image\":{\"@id\":\"https:\/\/evertonfc.cz\/index.php\/2010\/08\/21\/pred-1-svetovou-valkou\/#primaryimage\"},\"thumbnailUrl\":\"https:\/\/evertonfc.cz\/wp-content\/uploads\/2019\/01\/historie_VI.jpg\",\"articleSection\":[\"Pohledy do historie\"],\"inLanguage\":\"cs\",\"potentialAction\":[{\"@type\":\"CommentAction\",\"name\":\"Comment\",\"target\":[\"https:\/\/evertonfc.cz\/index.php\/2010\/08\/21\/pred-1-svetovou-valkou\/#respond\"]}]},{\"@type\":\"WebPage\",\"@id\":\"https:\/\/evertonfc.cz\/index.php\/2010\/08\/21\/pred-1-svetovou-valkou\/\",\"url\":\"https:\/\/evertonfc.cz\/index.php\/2010\/08\/21\/pred-1-svetovou-valkou\/\",\"name\":\"P\u0159ed 1. sv\u011btovou v\u00e1lkou - Official Czech &amp; Slovak Everton Supporters&#039; Club\",\"isPartOf\":{\"@id\":\"https:\/\/evertonfc.cz\/#website\"},\"primaryImageOfPage\":{\"@id\":\"https:\/\/evertonfc.cz\/index.php\/2010\/08\/21\/pred-1-svetovou-valkou\/#primaryimage\"},\"image\":{\"@id\":\"https:\/\/evertonfc.cz\/index.php\/2010\/08\/21\/pred-1-svetovou-valkou\/#primaryimage\"},\"thumbnailUrl\":\"https:\/\/evertonfc.cz\/wp-content\/uploads\/2019\/01\/historie_VI.jpg\",\"datePublished\":\"2010-08-21T20:58:47+00:00\",\"dateModified\":\"2019-01-03T22:45:02+00:00\",\"breadcrumb\":{\"@id\":\"https:\/\/evertonfc.cz\/index.php\/2010\/08\/21\/pred-1-svetovou-valkou\/#breadcrumb\"},\"inLanguage\":\"cs\",\"potentialAction\":[{\"@type\":\"ReadAction\",\"target\":[\"https:\/\/evertonfc.cz\/index.php\/2010\/08\/21\/pred-1-svetovou-valkou\/\"]}]},{\"@type\":\"ImageObject\",\"inLanguage\":\"cs\",\"@id\":\"https:\/\/evertonfc.cz\/index.php\/2010\/08\/21\/pred-1-svetovou-valkou\/#primaryimage\",\"url\":\"https:\/\/evertonfc.cz\/wp-content\/uploads\/2019\/01\/historie_VI.jpg\",\"contentUrl\":\"https:\/\/evertonfc.cz\/wp-content\/uploads\/2019\/01\/historie_VI.jpg\",\"width\":603,\"height\":339},{\"@type\":\"BreadcrumbList\",\"@id\":\"https:\/\/evertonfc.cz\/index.php\/2010\/08\/21\/pred-1-svetovou-valkou\/#breadcrumb\",\"itemListElement\":[{\"@type\":\"ListItem\",\"position\":1,\"name\":\"Home\",\"item\":\"https:\/\/evertonfc.cz\/\"},{\"@type\":\"ListItem\",\"position\":2,\"name\":\"P\u0159ed 1. sv\u011btovou v\u00e1lkou\"}]},{\"@type\":\"WebSite\",\"@id\":\"https:\/\/evertonfc.cz\/#website\",\"url\":\"https:\/\/evertonfc.cz\/\",\"name\":\"Official Czech &amp; Slovak Everton Supporters&#039; Club\",\"description\":\"\",\"publisher\":{\"@id\":\"https:\/\/evertonfc.cz\/#organization\"},\"potentialAction\":[{\"@type\":\"SearchAction\",\"target\":{\"@type\":\"EntryPoint\",\"urlTemplate\":\"https:\/\/evertonfc.cz\/?s={search_term_string}\"},\"query-input\":{\"@type\":\"PropertyValueSpecification\",\"valueRequired\":true,\"valueName\":\"search_term_string\"}}],\"inLanguage\":\"cs\"},{\"@type\":\"Organization\",\"@id\":\"https:\/\/evertonfc.cz\/#organization\",\"name\":\"Official Czech & Slovak Everton Supporters' Club\",\"url\":\"https:\/\/evertonfc.cz\/\",\"logo\":{\"@type\":\"ImageObject\",\"inLanguage\":\"cs\",\"@id\":\"https:\/\/evertonfc.cz\/#\/schema\/logo\/image\/\",\"url\":\"https:\/\/evertonfc.cz\/wp-content\/uploads\/2019\/05\/logo.png\",\"contentUrl\":\"https:\/\/evertonfc.cz\/wp-content\/uploads\/2019\/05\/logo.png\",\"width\":112,\"height\":112,\"caption\":\"Official Czech & Slovak Everton Supporters' Club\"},\"image\":{\"@id\":\"https:\/\/evertonfc.cz\/#\/schema\/logo\/image\/\"},\"sameAs\":[\"https:\/\/www.facebook.com\/everton.fans.cz.sk\"]},{\"@type\":\"Person\",\"@id\":\"https:\/\/evertonfc.cz\/#\/schema\/person\/cd6328a75577de2add7793fd4b0930c3\",\"name\":\"Me\u0148a\",\"url\":\"https:\/\/evertonfc.cz\/index.php\/author\/mena\/\"}]}<\/script>\n<!-- \/ Yoast SEO plugin. -->","yoast_head_json":{"title":"P\u0159ed 1. sv\u011btovou v\u00e1lkou - Official Czech &amp; Slovak Everton Supporters&#039; Club","robots":{"index":"index","follow":"follow","max-snippet":"max-snippet:-1","max-image-preview":"max-image-preview:large","max-video-preview":"max-video-preview:-1"},"canonical":"https:\/\/evertonfc.cz\/index.php\/2010\/08\/21\/pred-1-svetovou-valkou\/","og_locale":"cs_CZ","og_type":"article","og_title":"P\u0159ed 1. sv\u011btovou v\u00e1lkou - Official Czech &amp; Slovak Everton Supporters&#039; Club","og_description":"Samotn\u00fdm po\u010d\u00e1tkem dvac\u00e1t\u00e9ho stolet\u00ed se Everton poprv\u00e9 schoval do st\u00ednu sv\u00e9ho m\u011bstsk\u00e9ho rivala z Anfield Road. Ne v\u0161ak nadlouho, do&hellip;","og_url":"https:\/\/evertonfc.cz\/index.php\/2010\/08\/21\/pred-1-svetovou-valkou\/","og_site_name":"Official Czech &amp; Slovak Everton Supporters&#039; Club","article_publisher":"https:\/\/www.facebook.com\/everton.fans.cz.sk","article_published_time":"2010-08-21T20:58:47+00:00","article_modified_time":"2019-01-03T22:45:02+00:00","og_image":[{"width":603,"height":339,"url":"https:\/\/evertonfc.cz\/wp-content\/uploads\/2019\/01\/historie_VI.jpg","type":"image\/jpeg"}],"author":"Me\u0148a","twitter_card":"summary_large_image","twitter_misc":{"Napsal(a)":"Me\u0148a","Odhadovan\u00e1 doba \u010dten\u00ed":"6 minut"},"schema":{"@context":"https:\/\/schema.org","@graph":[{"@type":"Article","@id":"https:\/\/evertonfc.cz\/index.php\/2010\/08\/21\/pred-1-svetovou-valkou\/#article","isPartOf":{"@id":"https:\/\/evertonfc.cz\/index.php\/2010\/08\/21\/pred-1-svetovou-valkou\/"},"author":{"name":"Me\u0148a","@id":"https:\/\/evertonfc.cz\/#\/schema\/person\/cd6328a75577de2add7793fd4b0930c3"},"headline":"P\u0159ed 1. sv\u011btovou v\u00e1lkou","datePublished":"2010-08-21T20:58:47+00:00","dateModified":"2019-01-03T22:45:02+00:00","mainEntityOfPage":{"@id":"https:\/\/evertonfc.cz\/index.php\/2010\/08\/21\/pred-1-svetovou-valkou\/"},"wordCount":1249,"commentCount":0,"publisher":{"@id":"https:\/\/evertonfc.cz\/#organization"},"image":{"@id":"https:\/\/evertonfc.cz\/index.php\/2010\/08\/21\/pred-1-svetovou-valkou\/#primaryimage"},"thumbnailUrl":"https:\/\/evertonfc.cz\/wp-content\/uploads\/2019\/01\/historie_VI.jpg","articleSection":["Pohledy do historie"],"inLanguage":"cs","potentialAction":[{"@type":"CommentAction","name":"Comment","target":["https:\/\/evertonfc.cz\/index.php\/2010\/08\/21\/pred-1-svetovou-valkou\/#respond"]}]},{"@type":"WebPage","@id":"https:\/\/evertonfc.cz\/index.php\/2010\/08\/21\/pred-1-svetovou-valkou\/","url":"https:\/\/evertonfc.cz\/index.php\/2010\/08\/21\/pred-1-svetovou-valkou\/","name":"P\u0159ed 1. sv\u011btovou v\u00e1lkou - Official Czech &amp; Slovak Everton Supporters&#039; Club","isPartOf":{"@id":"https:\/\/evertonfc.cz\/#website"},"primaryImageOfPage":{"@id":"https:\/\/evertonfc.cz\/index.php\/2010\/08\/21\/pred-1-svetovou-valkou\/#primaryimage"},"image":{"@id":"https:\/\/evertonfc.cz\/index.php\/2010\/08\/21\/pred-1-svetovou-valkou\/#primaryimage"},"thumbnailUrl":"https:\/\/evertonfc.cz\/wp-content\/uploads\/2019\/01\/historie_VI.jpg","datePublished":"2010-08-21T20:58:47+00:00","dateModified":"2019-01-03T22:45:02+00:00","breadcrumb":{"@id":"https:\/\/evertonfc.cz\/index.php\/2010\/08\/21\/pred-1-svetovou-valkou\/#breadcrumb"},"inLanguage":"cs","potentialAction":[{"@type":"ReadAction","target":["https:\/\/evertonfc.cz\/index.php\/2010\/08\/21\/pred-1-svetovou-valkou\/"]}]},{"@type":"ImageObject","inLanguage":"cs","@id":"https:\/\/evertonfc.cz\/index.php\/2010\/08\/21\/pred-1-svetovou-valkou\/#primaryimage","url":"https:\/\/evertonfc.cz\/wp-content\/uploads\/2019\/01\/historie_VI.jpg","contentUrl":"https:\/\/evertonfc.cz\/wp-content\/uploads\/2019\/01\/historie_VI.jpg","width":603,"height":339},{"@type":"BreadcrumbList","@id":"https:\/\/evertonfc.cz\/index.php\/2010\/08\/21\/pred-1-svetovou-valkou\/#breadcrumb","itemListElement":[{"@type":"ListItem","position":1,"name":"Home","item":"https:\/\/evertonfc.cz\/"},{"@type":"ListItem","position":2,"name":"P\u0159ed 1. sv\u011btovou v\u00e1lkou"}]},{"@type":"WebSite","@id":"https:\/\/evertonfc.cz\/#website","url":"https:\/\/evertonfc.cz\/","name":"Official Czech &amp; Slovak Everton Supporters&#039; Club","description":"","publisher":{"@id":"https:\/\/evertonfc.cz\/#organization"},"potentialAction":[{"@type":"SearchAction","target":{"@type":"EntryPoint","urlTemplate":"https:\/\/evertonfc.cz\/?s={search_term_string}"},"query-input":{"@type":"PropertyValueSpecification","valueRequired":true,"valueName":"search_term_string"}}],"inLanguage":"cs"},{"@type":"Organization","@id":"https:\/\/evertonfc.cz\/#organization","name":"Official Czech & Slovak Everton Supporters' Club","url":"https:\/\/evertonfc.cz\/","logo":{"@type":"ImageObject","inLanguage":"cs","@id":"https:\/\/evertonfc.cz\/#\/schema\/logo\/image\/","url":"https:\/\/evertonfc.cz\/wp-content\/uploads\/2019\/05\/logo.png","contentUrl":"https:\/\/evertonfc.cz\/wp-content\/uploads\/2019\/05\/logo.png","width":112,"height":112,"caption":"Official Czech & Slovak Everton Supporters' Club"},"image":{"@id":"https:\/\/evertonfc.cz\/#\/schema\/logo\/image\/"},"sameAs":["https:\/\/www.facebook.com\/everton.fans.cz.sk"]},{"@type":"Person","@id":"https:\/\/evertonfc.cz\/#\/schema\/person\/cd6328a75577de2add7793fd4b0930c3","name":"Me\u0148a","url":"https:\/\/evertonfc.cz\/index.php\/author\/mena\/"}]}},"_links":{"self":[{"href":"https:\/\/evertonfc.cz\/index.php\/wp-json\/wp\/v2\/posts\/788"}],"collection":[{"href":"https:\/\/evertonfc.cz\/index.php\/wp-json\/wp\/v2\/posts"}],"about":[{"href":"https:\/\/evertonfc.cz\/index.php\/wp-json\/wp\/v2\/types\/post"}],"author":[{"embeddable":true,"href":"https:\/\/evertonfc.cz\/index.php\/wp-json\/wp\/v2\/users\/7"}],"replies":[{"embeddable":true,"href":"https:\/\/evertonfc.cz\/index.php\/wp-json\/wp\/v2\/comments?post=788"}],"version-history":[{"count":1,"href":"https:\/\/evertonfc.cz\/index.php\/wp-json\/wp\/v2\/posts\/788\/revisions"}],"predecessor-version":[{"id":792,"href":"https:\/\/evertonfc.cz\/index.php\/wp-json\/wp\/v2\/posts\/788\/revisions\/792"}],"wp:featuredmedia":[{"embeddable":true,"href":"https:\/\/evertonfc.cz\/index.php\/wp-json\/wp\/v2\/media\/789"}],"wp:attachment":[{"href":"https:\/\/evertonfc.cz\/index.php\/wp-json\/wp\/v2\/media?parent=788"}],"wp:term":[{"taxonomy":"category","embeddable":true,"href":"https:\/\/evertonfc.cz\/index.php\/wp-json\/wp\/v2\/categories?post=788"},{"taxonomy":"post_tag","embeddable":true,"href":"https:\/\/evertonfc.cz\/index.php\/wp-json\/wp\/v2\/tags?post=788"}],"curies":[{"name":"wp","href":"https:\/\/api.w.org\/{rel}","templated":true}]}}