{"id":7904,"date":"2019-06-03T10:43:57","date_gmt":"2019-06-03T08:43:57","guid":{"rendered":"https:\/\/evertonfc.cz\/?p=7904"},"modified":"2020-04-28T15:41:22","modified_gmt":"2020-04-28T13:41:22","slug":"drazene-predmety-pre-charitu","status":"publish","type":"post","link":"https:\/\/evertonfc.cz\/index.php\/2019\/06\/03\/drazene-predmety-pre-charitu\/","title":{"rendered":"Dra\u017een\u00e9 predmety pre charitu"},"content":{"rendered":"<h4>V tomto \u010dl\u00e1nku n\u00e1jdete zoznam artiklov aj s fotodokument\u00e1ciou, ktor\u00e9 si m\u00f4\u017eete vydra\u017ei\u0165 v charitat\u00edvnej aukcii. Dra\u017eba prebieha v koment\u00e1roch pod \u010dl\u00e1nkom.<\/h4>\n<p>Ako sme v\u00e1s u\u017e informovali, u\u017e druh\u00fd rok po sebe dra\u017e\u00edme v\u00a0r\u00e1mci na\u0161ej \u010deskoslovenskej komunity predmety, ktor\u00e9 sa k\u00a0n\u00e1m dostali bu\u010f ako pozornosti od samotn\u00e9ho klubu, alebo ako dobrovo\u013en\u00e9 dary na\u0161ich \u010dlenov.<\/p>\n<p>Ak si niekto nie je ist\u00fd ako to vlastne funguje, v\u0161etko podstatn\u00e9 sa dozvie <a href=\"https:\/\/evertonfc.cz\/index.php\/2019\/05\/30\/drazba-na-dobrocinne-ucely\/\" target=\"_blank\" rel=\"noopener noreferrer\">v predch\u00e1dzaj\u00facom \u010dl\u00e1nku<\/a>. V \u0148om sme hlasovali za charitu, kam vyzbieran\u00e9 finan\u010dn\u00e9 prostriedky p\u00f4jdu a z piatich vybran\u00fdch zv\u00ed\u0165azila organiz\u00e1cia \u201c<a href=\"https:\/\/www.nadaceterezymaxove.cz\/o-nadaci\/nase-poslani\/\" target=\"_blank\" rel=\"noopener noreferrer\"><b>Nadace Terezy Maxov\u00e9<\/b><\/a>\u201d v po\u010dte hlasov p\u00e4\u0165.<\/p>\n<p>Dra\u017e\u00ed sa formou koment\u00e1rov pod t\u00fdmto \u010dl\u00e1nkom. Kto pon\u00fakne v koment\u00e1roch najvy\u0161\u0161iu sumu za dan\u00fd predmet, ho aj z\u00edska. Z\u00e1rove\u0148 k\u00a0danej sume m\u00f4\u017ee ka\u017ed\u00fd prispie\u0165 dobrovo\u013en\u00fdm pr\u00edspevkom, aby sme v\u00fdsledn\u00fa sumu e\u0161te nav\u00fd\u0161ili a\u00a0pomohli ako sa len d\u00e1. Ka\u017ed\u00fd dra\u017een\u00fd predmet m\u00e1 vlastn\u00e9 vl\u00e1kno. Tak\u017ee, pros\u00edm, ak chcete prihadzova\u0165 na objekt v\u00e1\u0161ho z\u00e1ujmu, odpovedajte v\u017edy na dan\u00e9 koment\u00e1rov\u00e9 vl\u00e1kno predmetu. Neza\u010d\u00ednajte nov\u00e9!<\/p>\n<p><strong>Dra\u017eba prebieha od zverejnenia tohto \u010dl\u00e1nku \u2013 3. j\u00fana \u2013 a kon\u010d\u00ed 16. j\u00fana 2019 23:00.<\/strong> Dra\u017een\u00e9 predmety s\u00fa nasledovn\u00e9:<\/p>\n<hr \/>\n<h4>1. Polovi\u010dn\u00fd \u0161\u00e1l : \u201eEverton \u2013 Standard Liege\u201c<\/h4>\n<ul>\n<li>Eur\u00f3pska Liga 2008\/09, nenosen\u00fd, 130cm = vyvol\u00e1vacia cena <strong>10\u20ac<\/strong><\/li>\n<\/ul>\n<p><img loading=\"lazy\" decoding=\"async\" class=\"alignnone size-full wp-image-7905\" src=\"https:\/\/evertonfc.cz\/wp-content\/uploads\/2019\/06\/Aukcia-6-1-6-2019.jpg\" alt=\"\" width=\"640\" height=\"882\" srcset=\"https:\/\/evertonfc.cz\/wp-content\/uploads\/2019\/06\/Aukcia-6-1-6-2019.jpg 640w, https:\/\/evertonfc.cz\/wp-content\/uploads\/2019\/06\/Aukcia-6-1-6-2019-218x300.jpg 218w\" sizes=\"(max-width: 640px) 100vw, 640px\" \/><\/p>\n<hr \/>\n<h4>2. Sada siedmych DVD<\/h4>\n<ul>\n<li><em>\u201eZhodnotenie sez\u00f3n\u201c 2002\/03 a\u017e 2008\/09 = vyvol\u00e1vacia cena <strong>15\u20ac<\/strong><\/em><\/li>\n<\/ul>\n<p><img loading=\"lazy\" decoding=\"async\" class=\"alignnone size-full wp-image-7906\" src=\"https:\/\/evertonfc.cz\/wp-content\/uploads\/2019\/06\/Aukcia-8-1-6-2019.jpg\" alt=\"\" width=\"640\" height=\"446\" srcset=\"https:\/\/evertonfc.cz\/wp-content\/uploads\/2019\/06\/Aukcia-8-1-6-2019.jpg 640w, https:\/\/evertonfc.cz\/wp-content\/uploads\/2019\/06\/Aukcia-8-1-6-2019-300x209.jpg 300w\" sizes=\"(max-width: 640px) 100vw, 640px\" \/><\/p>\n<hr \/>\n<h4>3. Dom\u00e1ci dres: Puma 2002\/03<\/h4>\n<ul>\n<li><em>100 rokov Evertonu v najvy\u0161\u0161ej s\u00fa\u0165a\u017ei, bez mena a \u010d\u00edsla, nosen\u00fd, ve\u013emi zachoval\u00fd, ve\u013ekos\u0165 L, dlh\u00fd ruk\u00e1v = vyvol\u00e1vacia cena <strong>30\u20ac<\/strong><\/em><\/li>\n<\/ul>\n<p><img loading=\"lazy\" decoding=\"async\" class=\"alignnone size-full wp-image-7907\" src=\"https:\/\/evertonfc.cz\/wp-content\/uploads\/2019\/06\/Aukcia-3-1-6-2019.jpg\" alt=\"\" width=\"640\" height=\"394\" srcset=\"https:\/\/evertonfc.cz\/wp-content\/uploads\/2019\/06\/Aukcia-3-1-6-2019.jpg 640w, https:\/\/evertonfc.cz\/wp-content\/uploads\/2019\/06\/Aukcia-3-1-6-2019-300x185.jpg 300w\" sizes=\"(max-width: 640px) 100vw, 640px\" \/><\/p>\n<hr \/>\n<h4>4. Dom\u00e1ci dres: Umbro 2018\/19<\/h4>\n<ul>\n<li><em>Bernard s \u010d\u00edslom 20, podp\u00edsan\u00fd, nov\u00fd, ve\u013ekos\u0165 L, kr\u00e1tky ruk\u00e1v = vyvol\u00e1vacia cena <strong>75\u20ac<\/strong><\/em><\/li>\n<\/ul>\n<p><img loading=\"lazy\" decoding=\"async\" class=\"alignnone size-full wp-image-7908\" src=\"https:\/\/evertonfc.cz\/wp-content\/uploads\/2019\/06\/Aukcia-2-1-6-2019.jpg\" alt=\"\" width=\"640\" height=\"303\" srcset=\"https:\/\/evertonfc.cz\/wp-content\/uploads\/2019\/06\/Aukcia-2-1-6-2019.jpg 640w, https:\/\/evertonfc.cz\/wp-content\/uploads\/2019\/06\/Aukcia-2-1-6-2019-300x142.jpg 300w\" sizes=\"(max-width: 640px) 100vw, 640px\" \/><\/p>\n","protected":false},"excerpt":{"rendered":"<p>V tomto \u010dl\u00e1nku n\u00e1jdete zoznam artiklov aj s fotodokument\u00e1ciou, ktor\u00e9 si m\u00f4\u017eete vydra\u017ei\u0165 v charitat\u00edvnej aukcii. Dra\u017eba prebieha v koment\u00e1roch pod \u010dl\u00e1nkom.<\/p>\n","protected":false},"author":1,"featured_media":7909,"comment_status":"open","ping_status":"closed","sticky":false,"template":"","format":"standard","meta":{"_eb_attr":"","_monsterinsights_skip_tracking":false,"_monsterinsights_sitenote_active":false,"_monsterinsights_sitenote_note":"","_monsterinsights_sitenote_category":0,"footnotes":""},"categories":[85],"tags":[],"yoast_head":"<!-- This site is optimized with the Yoast SEO plugin v23.4 - https:\/\/yoast.com\/wordpress\/plugins\/seo\/ -->\n<title>Dra\u017een\u00e9 predmety pre charitu - Official Czech &amp; Slovak Everton Supporters&#039; Club<\/title>\n<meta name=\"robots\" content=\"index, follow, max-snippet:-1, max-image-preview:large, max-video-preview:-1\" \/>\n<link rel=\"canonical\" href=\"https:\/\/evertonfc.cz\/index.php\/2019\/06\/03\/drazene-predmety-pre-charitu\/\" \/>\n<meta property=\"og:locale\" content=\"cs_CZ\" \/>\n<meta property=\"og:type\" content=\"article\" \/>\n<meta property=\"og:title\" content=\"Dra\u017een\u00e9 predmety pre charitu - Official Czech &amp; Slovak Everton Supporters&#039; Club\" \/>\n<meta property=\"og:description\" content=\"V tomto \u010dl\u00e1nku n\u00e1jdete zoznam artiklov aj s fotodokument\u00e1ciou, ktor\u00e9 si m\u00f4\u017eete vydra\u017ei\u0165 v charitat\u00edvnej aukcii. Dra\u017eba prebieha v koment\u00e1roch pod \u010dl\u00e1nkom.\" \/>\n<meta property=\"og:url\" content=\"https:\/\/evertonfc.cz\/index.php\/2019\/06\/03\/drazene-predmety-pre-charitu\/\" \/>\n<meta property=\"og:site_name\" content=\"Official Czech &amp; Slovak Everton Supporters&#039; Club\" \/>\n<meta property=\"article:publisher\" content=\"https:\/\/www.facebook.com\/everton.fans.cz.sk\" \/>\n<meta property=\"article:published_time\" content=\"2019-06-03T08:43:57+00:00\" \/>\n<meta property=\"article:modified_time\" content=\"2020-04-28T13:41:22+00:00\" \/>\n<meta property=\"og:image\" content=\"https:\/\/evertonfc.cz\/wp-content\/uploads\/2019\/06\/Bernard-dres-1-6-2019.jpg\" \/>\n\t<meta property=\"og:image:width\" content=\"720\" \/>\n\t<meta property=\"og:image:height\" content=\"405\" \/>\n\t<meta property=\"og:image:type\" content=\"image\/jpeg\" \/>\n<meta name=\"author\" content=\"BlueBlooded\" \/>\n<meta name=\"twitter:card\" content=\"summary_large_image\" \/>\n<meta name=\"twitter:label1\" content=\"Napsal(a)\" \/>\n\t<meta name=\"twitter:data1\" content=\"BlueBlooded\" \/>\n\t<meta name=\"twitter:label2\" content=\"Odhadovan\u00e1 doba \u010dten\u00ed\" \/>\n\t<meta name=\"twitter:data2\" content=\"2 minuty\" \/>\n<script type=\"application\/ld+json\" class=\"yoast-schema-graph\">{\"@context\":\"https:\/\/schema.org\",\"@graph\":[{\"@type\":\"Article\",\"@id\":\"https:\/\/evertonfc.cz\/index.php\/2019\/06\/03\/drazene-predmety-pre-charitu\/#article\",\"isPartOf\":{\"@id\":\"https:\/\/evertonfc.cz\/index.php\/2019\/06\/03\/drazene-predmety-pre-charitu\/\"},\"author\":{\"name\":\"BlueBlooded\",\"@id\":\"https:\/\/evertonfc.cz\/#\/schema\/person\/d4493b8cbea51532597fbc4685698916\"},\"headline\":\"Dra\u017een\u00e9 predmety pre charitu\",\"datePublished\":\"2019-06-03T08:43:57+00:00\",\"dateModified\":\"2020-04-28T13:41:22+00:00\",\"mainEntityOfPage\":{\"@id\":\"https:\/\/evertonfc.cz\/index.php\/2019\/06\/03\/drazene-predmety-pre-charitu\/\"},\"wordCount\":312,\"commentCount\":12,\"publisher\":{\"@id\":\"https:\/\/evertonfc.cz\/#organization\"},\"image\":{\"@id\":\"https:\/\/evertonfc.cz\/index.php\/2019\/06\/03\/drazene-predmety-pre-charitu\/#primaryimage\"},\"thumbnailUrl\":\"https:\/\/evertonfc.cz\/wp-content\/uploads\/2019\/06\/Bernard-dres-1-6-2019.jpg\",\"articleSection\":[\"Supporters' Club\"],\"inLanguage\":\"cs\",\"potentialAction\":[{\"@type\":\"CommentAction\",\"name\":\"Comment\",\"target\":[\"https:\/\/evertonfc.cz\/index.php\/2019\/06\/03\/drazene-predmety-pre-charitu\/#respond\"]}]},{\"@type\":\"WebPage\",\"@id\":\"https:\/\/evertonfc.cz\/index.php\/2019\/06\/03\/drazene-predmety-pre-charitu\/\",\"url\":\"https:\/\/evertonfc.cz\/index.php\/2019\/06\/03\/drazene-predmety-pre-charitu\/\",\"name\":\"Dra\u017een\u00e9 predmety pre charitu - Official Czech &amp; Slovak Everton Supporters&#039; Club\",\"isPartOf\":{\"@id\":\"https:\/\/evertonfc.cz\/#website\"},\"primaryImageOfPage\":{\"@id\":\"https:\/\/evertonfc.cz\/index.php\/2019\/06\/03\/drazene-predmety-pre-charitu\/#primaryimage\"},\"image\":{\"@id\":\"https:\/\/evertonfc.cz\/index.php\/2019\/06\/03\/drazene-predmety-pre-charitu\/#primaryimage\"},\"thumbnailUrl\":\"https:\/\/evertonfc.cz\/wp-content\/uploads\/2019\/06\/Bernard-dres-1-6-2019.jpg\",\"datePublished\":\"2019-06-03T08:43:57+00:00\",\"dateModified\":\"2020-04-28T13:41:22+00:00\",\"breadcrumb\":{\"@id\":\"https:\/\/evertonfc.cz\/index.php\/2019\/06\/03\/drazene-predmety-pre-charitu\/#breadcrumb\"},\"inLanguage\":\"cs\",\"potentialAction\":[{\"@type\":\"ReadAction\",\"target\":[\"https:\/\/evertonfc.cz\/index.php\/2019\/06\/03\/drazene-predmety-pre-charitu\/\"]}]},{\"@type\":\"ImageObject\",\"inLanguage\":\"cs\",\"@id\":\"https:\/\/evertonfc.cz\/index.php\/2019\/06\/03\/drazene-predmety-pre-charitu\/#primaryimage\",\"url\":\"https:\/\/evertonfc.cz\/wp-content\/uploads\/2019\/06\/Bernard-dres-1-6-2019.jpg\",\"contentUrl\":\"https:\/\/evertonfc.cz\/wp-content\/uploads\/2019\/06\/Bernard-dres-1-6-2019.jpg\",\"width\":720,\"height\":405},{\"@type\":\"BreadcrumbList\",\"@id\":\"https:\/\/evertonfc.cz\/index.php\/2019\/06\/03\/drazene-predmety-pre-charitu\/#breadcrumb\",\"itemListElement\":[{\"@type\":\"ListItem\",\"position\":1,\"name\":\"Home\",\"item\":\"https:\/\/evertonfc.cz\/\"},{\"@type\":\"ListItem\",\"position\":2,\"name\":\"Dra\u017een\u00e9 predmety pre charitu\"}]},{\"@type\":\"WebSite\",\"@id\":\"https:\/\/evertonfc.cz\/#website\",\"url\":\"https:\/\/evertonfc.cz\/\",\"name\":\"Official Czech &amp; Slovak Everton Supporters&#039; Club\",\"description\":\"\",\"publisher\":{\"@id\":\"https:\/\/evertonfc.cz\/#organization\"},\"potentialAction\":[{\"@type\":\"SearchAction\",\"target\":{\"@type\":\"EntryPoint\",\"urlTemplate\":\"https:\/\/evertonfc.cz\/?s={search_term_string}\"},\"query-input\":{\"@type\":\"PropertyValueSpecification\",\"valueRequired\":true,\"valueName\":\"search_term_string\"}}],\"inLanguage\":\"cs\"},{\"@type\":\"Organization\",\"@id\":\"https:\/\/evertonfc.cz\/#organization\",\"name\":\"Official Czech & Slovak Everton Supporters' Club\",\"url\":\"https:\/\/evertonfc.cz\/\",\"logo\":{\"@type\":\"ImageObject\",\"inLanguage\":\"cs\",\"@id\":\"https:\/\/evertonfc.cz\/#\/schema\/logo\/image\/\",\"url\":\"https:\/\/evertonfc.cz\/wp-content\/uploads\/2019\/05\/logo.png\",\"contentUrl\":\"https:\/\/evertonfc.cz\/wp-content\/uploads\/2019\/05\/logo.png\",\"width\":112,\"height\":112,\"caption\":\"Official Czech & Slovak Everton Supporters' Club\"},\"image\":{\"@id\":\"https:\/\/evertonfc.cz\/#\/schema\/logo\/image\/\"},\"sameAs\":[\"https:\/\/www.facebook.com\/everton.fans.cz.sk\"]},{\"@type\":\"Person\",\"@id\":\"https:\/\/evertonfc.cz\/#\/schema\/person\/d4493b8cbea51532597fbc4685698916\",\"name\":\"BlueBlooded\",\"url\":\"https:\/\/evertonfc.cz\/index.php\/author\/admin\/\"}]}<\/script>\n<!-- \/ Yoast SEO plugin. -->","yoast_head_json":{"title":"Dra\u017een\u00e9 predmety pre charitu - Official Czech &amp; Slovak Everton Supporters&#039; Club","robots":{"index":"index","follow":"follow","max-snippet":"max-snippet:-1","max-image-preview":"max-image-preview:large","max-video-preview":"max-video-preview:-1"},"canonical":"https:\/\/evertonfc.cz\/index.php\/2019\/06\/03\/drazene-predmety-pre-charitu\/","og_locale":"cs_CZ","og_type":"article","og_title":"Dra\u017een\u00e9 predmety pre charitu - Official Czech &amp; Slovak Everton Supporters&#039; Club","og_description":"V tomto \u010dl\u00e1nku n\u00e1jdete zoznam artiklov aj s fotodokument\u00e1ciou, ktor\u00e9 si m\u00f4\u017eete vydra\u017ei\u0165 v charitat\u00edvnej aukcii. Dra\u017eba prebieha v koment\u00e1roch pod \u010dl\u00e1nkom.","og_url":"https:\/\/evertonfc.cz\/index.php\/2019\/06\/03\/drazene-predmety-pre-charitu\/","og_site_name":"Official Czech &amp; Slovak Everton Supporters&#039; Club","article_publisher":"https:\/\/www.facebook.com\/everton.fans.cz.sk","article_published_time":"2019-06-03T08:43:57+00:00","article_modified_time":"2020-04-28T13:41:22+00:00","og_image":[{"width":720,"height":405,"url":"https:\/\/evertonfc.cz\/wp-content\/uploads\/2019\/06\/Bernard-dres-1-6-2019.jpg","type":"image\/jpeg"}],"author":"BlueBlooded","twitter_card":"summary_large_image","twitter_misc":{"Napsal(a)":"BlueBlooded","Odhadovan\u00e1 doba \u010dten\u00ed":"2 minuty"},"schema":{"@context":"https:\/\/schema.org","@graph":[{"@type":"Article","@id":"https:\/\/evertonfc.cz\/index.php\/2019\/06\/03\/drazene-predmety-pre-charitu\/#article","isPartOf":{"@id":"https:\/\/evertonfc.cz\/index.php\/2019\/06\/03\/drazene-predmety-pre-charitu\/"},"author":{"name":"BlueBlooded","@id":"https:\/\/evertonfc.cz\/#\/schema\/person\/d4493b8cbea51532597fbc4685698916"},"headline":"Dra\u017een\u00e9 predmety pre charitu","datePublished":"2019-06-03T08:43:57+00:00","dateModified":"2020-04-28T13:41:22+00:00","mainEntityOfPage":{"@id":"https:\/\/evertonfc.cz\/index.php\/2019\/06\/03\/drazene-predmety-pre-charitu\/"},"wordCount":312,"commentCount":12,"publisher":{"@id":"https:\/\/evertonfc.cz\/#organization"},"image":{"@id":"https:\/\/evertonfc.cz\/index.php\/2019\/06\/03\/drazene-predmety-pre-charitu\/#primaryimage"},"thumbnailUrl":"https:\/\/evertonfc.cz\/wp-content\/uploads\/2019\/06\/Bernard-dres-1-6-2019.jpg","articleSection":["Supporters' Club"],"inLanguage":"cs","potentialAction":[{"@type":"CommentAction","name":"Comment","target":["https:\/\/evertonfc.cz\/index.php\/2019\/06\/03\/drazene-predmety-pre-charitu\/#respond"]}]},{"@type":"WebPage","@id":"https:\/\/evertonfc.cz\/index.php\/2019\/06\/03\/drazene-predmety-pre-charitu\/","url":"https:\/\/evertonfc.cz\/index.php\/2019\/06\/03\/drazene-predmety-pre-charitu\/","name":"Dra\u017een\u00e9 predmety pre charitu - Official Czech &amp; Slovak Everton Supporters&#039; Club","isPartOf":{"@id":"https:\/\/evertonfc.cz\/#website"},"primaryImageOfPage":{"@id":"https:\/\/evertonfc.cz\/index.php\/2019\/06\/03\/drazene-predmety-pre-charitu\/#primaryimage"},"image":{"@id":"https:\/\/evertonfc.cz\/index.php\/2019\/06\/03\/drazene-predmety-pre-charitu\/#primaryimage"},"thumbnailUrl":"https:\/\/evertonfc.cz\/wp-content\/uploads\/2019\/06\/Bernard-dres-1-6-2019.jpg","datePublished":"2019-06-03T08:43:57+00:00","dateModified":"2020-04-28T13:41:22+00:00","breadcrumb":{"@id":"https:\/\/evertonfc.cz\/index.php\/2019\/06\/03\/drazene-predmety-pre-charitu\/#breadcrumb"},"inLanguage":"cs","potentialAction":[{"@type":"ReadAction","target":["https:\/\/evertonfc.cz\/index.php\/2019\/06\/03\/drazene-predmety-pre-charitu\/"]}]},{"@type":"ImageObject","inLanguage":"cs","@id":"https:\/\/evertonfc.cz\/index.php\/2019\/06\/03\/drazene-predmety-pre-charitu\/#primaryimage","url":"https:\/\/evertonfc.cz\/wp-content\/uploads\/2019\/06\/Bernard-dres-1-6-2019.jpg","contentUrl":"https:\/\/evertonfc.cz\/wp-content\/uploads\/2019\/06\/Bernard-dres-1-6-2019.jpg","width":720,"height":405},{"@type":"BreadcrumbList","@id":"https:\/\/evertonfc.cz\/index.php\/2019\/06\/03\/drazene-predmety-pre-charitu\/#breadcrumb","itemListElement":[{"@type":"ListItem","position":1,"name":"Home","item":"https:\/\/evertonfc.cz\/"},{"@type":"ListItem","position":2,"name":"Dra\u017een\u00e9 predmety pre charitu"}]},{"@type":"WebSite","@id":"https:\/\/evertonfc.cz\/#website","url":"https:\/\/evertonfc.cz\/","name":"Official Czech &amp; Slovak Everton Supporters&#039; Club","description":"","publisher":{"@id":"https:\/\/evertonfc.cz\/#organization"},"potentialAction":[{"@type":"SearchAction","target":{"@type":"EntryPoint","urlTemplate":"https:\/\/evertonfc.cz\/?s={search_term_string}"},"query-input":{"@type":"PropertyValueSpecification","valueRequired":true,"valueName":"search_term_string"}}],"inLanguage":"cs"},{"@type":"Organization","@id":"https:\/\/evertonfc.cz\/#organization","name":"Official Czech & Slovak Everton Supporters' Club","url":"https:\/\/evertonfc.cz\/","logo":{"@type":"ImageObject","inLanguage":"cs","@id":"https:\/\/evertonfc.cz\/#\/schema\/logo\/image\/","url":"https:\/\/evertonfc.cz\/wp-content\/uploads\/2019\/05\/logo.png","contentUrl":"https:\/\/evertonfc.cz\/wp-content\/uploads\/2019\/05\/logo.png","width":112,"height":112,"caption":"Official Czech & Slovak Everton Supporters' Club"},"image":{"@id":"https:\/\/evertonfc.cz\/#\/schema\/logo\/image\/"},"sameAs":["https:\/\/www.facebook.com\/everton.fans.cz.sk"]},{"@type":"Person","@id":"https:\/\/evertonfc.cz\/#\/schema\/person\/d4493b8cbea51532597fbc4685698916","name":"BlueBlooded","url":"https:\/\/evertonfc.cz\/index.php\/author\/admin\/"}]}},"_links":{"self":[{"href":"https:\/\/evertonfc.cz\/index.php\/wp-json\/wp\/v2\/posts\/7904"}],"collection":[{"href":"https:\/\/evertonfc.cz\/index.php\/wp-json\/wp\/v2\/posts"}],"about":[{"href":"https:\/\/evertonfc.cz\/index.php\/wp-json\/wp\/v2\/types\/post"}],"author":[{"embeddable":true,"href":"https:\/\/evertonfc.cz\/index.php\/wp-json\/wp\/v2\/users\/1"}],"replies":[{"embeddable":true,"href":"https:\/\/evertonfc.cz\/index.php\/wp-json\/wp\/v2\/comments?post=7904"}],"version-history":[{"count":7,"href":"https:\/\/evertonfc.cz\/index.php\/wp-json\/wp\/v2\/posts\/7904\/revisions"}],"predecessor-version":[{"id":7922,"href":"https:\/\/evertonfc.cz\/index.php\/wp-json\/wp\/v2\/posts\/7904\/revisions\/7922"}],"wp:featuredmedia":[{"embeddable":true,"href":"https:\/\/evertonfc.cz\/index.php\/wp-json\/wp\/v2\/media\/7909"}],"wp:attachment":[{"href":"https:\/\/evertonfc.cz\/index.php\/wp-json\/wp\/v2\/media?parent=7904"}],"wp:term":[{"taxonomy":"category","embeddable":true,"href":"https:\/\/evertonfc.cz\/index.php\/wp-json\/wp\/v2\/categories?post=7904"},{"taxonomy":"post_tag","embeddable":true,"href":"https:\/\/evertonfc.cz\/index.php\/wp-json\/wp\/v2\/tags?post=7904"}],"curies":[{"name":"wp","href":"https:\/\/api.w.org\/{rel}","templated":true}]}}